{"id":9995,"date":"2024-09-12T10:30:05","date_gmt":"2024-09-12T15:30:05","guid":{"rendered":"https:\/\/expressometro.mx\/?p=9995"},"modified":"2024-09-12T10:30:06","modified_gmt":"2024-09-12T15:30:06","slug":"llegan-las-caravanas-itinerantes-por-la-justicia-social-a-ixtlahuaca","status":"publish","type":"post","link":"https:\/\/expressometro.mx\/index.php\/2024\/09\/12\/llegan-las-caravanas-itinerantes-por-la-justicia-social-a-ixtlahuaca\/","title":{"rendered":"LLEGAN LAS CARAVANAS ITINERANTES POR LA JUSTICIA SOCIAL A IXTLAHUACA"},"content":{"rendered":"\n<ul class=\"wp-block-list\">\n<li>Acerca gobierno mexiquense m\u00e1s de 90 tr\u00e1mites y servicios jur\u00eddicos de 23 dependencias estatales y federales para combatir el rezago jur\u00eddico.<\/li>\n<\/ul>\n\n\n\n<p>Las Caravanas Itinerantes por la Justicia Social llegaron al municipio de Ixtlahuaca del 11 al 14 de septiembre en la Plaza Ray\u00f3n de la cabecera municipal, con el objetivo de reducir la brecha de marginaci\u00f3n jur\u00eddica de las familias que habitan las zonas m\u00e1s alejadas de los centros administrativos.<\/p>\n\n\n\n<p>En un horario de 9:00 a 15:00 horas, los asistentes podr\u00e1n acceder a m\u00e1s de 90 tr\u00e1mites y servicios gratuitos o con descuentos de hasta el 65 por ciento de instituciones municipales, estatales y federales, como obtener el acta de nacimiento, regularizaci\u00f3n de propiedades, asesor\u00eda jur\u00eddica en todas las materias del derecho, testamento, contraer matrimonio civil, entre otros servicios.<\/p>\n\n\n\n<p>En la inauguraci\u00f3n, el presidente municipal, Abuzeid Lozano, expres\u00f3 que esta iniciativa representa un esfuerzo coordinado entre los tres niveles de gobierno, a fin de eliminar barreras y facilitar el acceso a derechos que son fundamentales para todos.<\/p>\n\n\n\n<figure class=\"wp-block-image size-large\"><img decoding=\"async\" width=\"840\" height=\"446\" src=\"https:\/\/expressometro.mx\/wp-content\/uploads\/2024\/09\/WhatsApp-Image-2024-09-12-at-8.13.54-AM-1-1-840x446.jpeg\" alt=\"\" class=\"wp-image-9999\" srcset=\"https:\/\/expressometro.mx\/wp-content\/uploads\/2024\/09\/WhatsApp-Image-2024-09-12-at-8.13.54-AM-1-1-840x446.jpeg 840w, https:\/\/expressometro.mx\/wp-content\/uploads\/2024\/09\/WhatsApp-Image-2024-09-12-at-8.13.54-AM-1-1-660x350.jpeg 660w, https:\/\/expressometro.mx\/wp-content\/uploads\/2024\/09\/WhatsApp-Image-2024-09-12-at-8.13.54-AM-1-1-768x408.jpeg 768w, https:\/\/expressometro.mx\/wp-content\/uploads\/2024\/09\/WhatsApp-Image-2024-09-12-at-8.13.54-AM-1-1-1536x815.jpeg 1536w, https:\/\/expressometro.mx\/wp-content\/uploads\/2024\/09\/WhatsApp-Image-2024-09-12-at-8.13.54-AM-1-1.jpeg 1600w\" sizes=\"(max-width: 840px) 100vw, 840px\" \/><\/figure>\n\n\n\n<p>\u201cNormalmente la gente recibe con gusto la llegada de una nueva calle, de un nuevo alumbrado p\u00fablico, pero pocos valoran la importancia de estas acciones que representan un gran ahorro para las familias que a veces desisten de un tr\u00e1mite por la distancia, el gasto y lo engorroso del mismo\u201d, apunt\u00f3.<\/p>\n\n\n\n<p>Por ello, agreg\u00f3 el presidente municipal, \u201cme llena de satisfacci\u00f3n sumar a un proyecto a trav\u00e9s del cual el gobierno responde a las necesidades de la gente de manera directa, eficiente y colaborativa\u201d.<\/p>\n\n\n\n<p>Vale la pena destacar que el s\u00e1bado 14 de septiembre se realizar\u00e1n matrimonios civiles de manera gratuita, que representan un ahorro de 2 mil 500 pesos a los beneficiarios.<\/p>\n","protected":false},"excerpt":{"rendered":"<p>Las Caravanas Itinerantes por la Justicia Social llegaron al municipio de Ixtlahuaca del 11 al 14 de septiembre en la Plaza Ray\u00f3n de la cabecera municipal, con el objetivo de reducir la brecha de marginaci\u00f3n jur\u00eddica de las familias que habitan las zonas m\u00e1s alejadas de los centros administrativos.<\/p>\n","protected":false},"author":1,"featured_media":9997,"comment_status":"open","ping_status":"open","sticky":false,"template":"","format":"standard","meta":{"footnotes":""},"categories":[3,1,231,6],"tags":[425,1982,86,424],"class_list":["post-9995","post","type-post","status-publish","format-standard","has-post-thumbnail","hentry","category-gobierno","category-otros","category-politica","category-seguridad","tag-abuzeid-lozano","tag-edomex","tag-gem","tag-ixtlahuaca"],"yoast_head":"<!-- This site is optimized with the Yoast SEO plugin v27.5 - https:\/\/yoast.com\/product\/yoast-seo-wordpress\/ -->\n<title>LLEGAN LAS CARAVANAS ITINERANTES POR LA JUSTICIA SOCIAL A IXTLAHUACA - Expresso Metropolitano<\/title>\n<meta name=\"robots\" content=\"index, follow, max-snippet:-1, max-image-preview:large, max-video-preview:-1\" \/>\n<link rel=\"canonical\" href=\"https:\/\/expressometro.mx\/index.php\/2024\/09\/12\/llegan-las-caravanas-itinerantes-por-la-justicia-social-a-ixtlahuaca\/\" \/>\n<meta property=\"og:locale\" content=\"es_MX\" \/>\n<meta property=\"og:type\" content=\"article\" \/>\n<meta property=\"og:title\" content=\"LLEGAN LAS CARAVANAS ITINERANTES POR LA JUSTICIA SOCIAL A IXTLAHUACA - Expresso Metropolitano\" \/>\n<meta property=\"og:description\" content=\"Las Caravanas Itinerantes por la Justicia Social llegaron al municipio de Ixtlahuaca del 11 al 14 de septiembre en la Plaza Ray\u00f3n de la cabecera municipal, con el objetivo de reducir la brecha de marginaci\u00f3n jur\u00eddica de las familias que habitan las zonas m\u00e1s alejadas de los centros administrativos.\" \/>\n<meta property=\"og:url\" content=\"https:\/\/expressometro.mx\/index.php\/2024\/09\/12\/llegan-las-caravanas-itinerantes-por-la-justicia-social-a-ixtlahuaca\/\" \/>\n<meta property=\"og:site_name\" content=\"Expresso Metropolitano\" \/>\n<meta property=\"article:published_time\" content=\"2024-09-12T15:30:05+00:00\" \/>\n<meta property=\"article:modified_time\" content=\"2024-09-12T15:30:06+00:00\" \/>\n<meta property=\"og:image\" content=\"http:\/\/expressometro.mx\/wp-content\/uploads\/2024\/09\/WhatsApp-Image-2024-09-12-at-8.13.54-AM.jpeg\" \/>\n\t<meta property=\"og:image:width\" content=\"1600\" \/>\n\t<meta property=\"og:image:height\" content=\"1066\" \/>\n\t<meta property=\"og:image:type\" content=\"image\/jpeg\" \/>\n<meta name=\"author\" content=\"Expresso Metropolitano\" \/>\n<meta name=\"twitter:label1\" content=\"Escrito por\" \/>\n\t<meta name=\"twitter:data1\" content=\"Expresso Metropolitano\" \/>\n\t<meta name=\"twitter:label2\" content=\"Tiempo de lectura\" \/>\n\t<meta name=\"twitter:data2\" content=\"2 minutos\" \/>\n<script type=\"application\/ld+json\" class=\"yoast-schema-graph\">{\"@context\":\"https:\\\/\\\/schema.org\",\"@graph\":[{\"@type\":\"Article\",\"@id\":\"https:\\\/\\\/expressometro.mx\\\/index.php\\\/2024\\\/09\\\/12\\\/llegan-las-caravanas-itinerantes-por-la-justicia-social-a-ixtlahuaca\\\/#article\",\"isPartOf\":{\"@id\":\"https:\\\/\\\/expressometro.mx\\\/index.php\\\/2024\\\/09\\\/12\\\/llegan-las-caravanas-itinerantes-por-la-justicia-social-a-ixtlahuaca\\\/\"},\"author\":{\"name\":\"Expresso Metropolitano\",\"@id\":\"https:\\\/\\\/expressometro.mx\\\/#\\\/schema\\\/person\\\/efa971b4a0664db8ed5c22b1b0dd2f5d\"},\"headline\":\"LLEGAN LAS CARAVANAS ITINERANTES POR LA JUSTICIA SOCIAL A IXTLAHUACA\",\"datePublished\":\"2024-09-12T15:30:05+00:00\",\"dateModified\":\"2024-09-12T15:30:06+00:00\",\"mainEntityOfPage\":{\"@id\":\"https:\\\/\\\/expressometro.mx\\\/index.php\\\/2024\\\/09\\\/12\\\/llegan-las-caravanas-itinerantes-por-la-justicia-social-a-ixtlahuaca\\\/\"},\"wordCount\":300,\"commentCount\":0,\"publisher\":{\"@id\":\"https:\\\/\\\/expressometro.mx\\\/#organization\"},\"image\":{\"@id\":\"https:\\\/\\\/expressometro.mx\\\/index.php\\\/2024\\\/09\\\/12\\\/llegan-las-caravanas-itinerantes-por-la-justicia-social-a-ixtlahuaca\\\/#primaryimage\"},\"thumbnailUrl\":\"https:\\\/\\\/expressometro.mx\\\/wp-content\\\/uploads\\\/2024\\\/09\\\/WhatsApp-Image-2024-09-12-at-8.13.54-AM.jpeg\",\"keywords\":[\"Abuzeid Lozano\",\"Edomex\",\"GEM\",\"Ixtlahuaca\"],\"articleSection\":[\"Gobierno\",\"Otros\",\"Pol\u00edtica\",\"Seguridad\"],\"inLanguage\":\"es\",\"potentialAction\":[{\"@type\":\"CommentAction\",\"name\":\"Comment\",\"target\":[\"https:\\\/\\\/expressometro.mx\\\/index.php\\\/2024\\\/09\\\/12\\\/llegan-las-caravanas-itinerantes-por-la-justicia-social-a-ixtlahuaca\\\/#respond\"]}]},{\"@type\":\"WebPage\",\"@id\":\"https:\\\/\\\/expressometro.mx\\\/index.php\\\/2024\\\/09\\\/12\\\/llegan-las-caravanas-itinerantes-por-la-justicia-social-a-ixtlahuaca\\\/\",\"url\":\"https:\\\/\\\/expressometro.mx\\\/index.php\\\/2024\\\/09\\\/12\\\/llegan-las-caravanas-itinerantes-por-la-justicia-social-a-ixtlahuaca\\\/\",\"name\":\"LLEGAN LAS CARAVANAS ITINERANTES POR LA JUSTICIA SOCIAL A IXTLAHUACA - Expresso Metropolitano\",\"isPartOf\":{\"@id\":\"https:\\\/\\\/expressometro.mx\\\/#website\"},\"primaryImageOfPage\":{\"@id\":\"https:\\\/\\\/expressometro.mx\\\/index.php\\\/2024\\\/09\\\/12\\\/llegan-las-caravanas-itinerantes-por-la-justicia-social-a-ixtlahuaca\\\/#primaryimage\"},\"image\":{\"@id\":\"https:\\\/\\\/expressometro.mx\\\/index.php\\\/2024\\\/09\\\/12\\\/llegan-las-caravanas-itinerantes-por-la-justicia-social-a-ixtlahuaca\\\/#primaryimage\"},\"thumbnailUrl\":\"https:\\\/\\\/expressometro.mx\\\/wp-content\\\/uploads\\\/2024\\\/09\\\/WhatsApp-Image-2024-09-12-at-8.13.54-AM.jpeg\",\"datePublished\":\"2024-09-12T15:30:05+00:00\",\"dateModified\":\"2024-09-12T15:30:06+00:00\",\"breadcrumb\":{\"@id\":\"https:\\\/\\\/expressometro.mx\\\/index.php\\\/2024\\\/09\\\/12\\\/llegan-las-caravanas-itinerantes-por-la-justicia-social-a-ixtlahuaca\\\/#breadcrumb\"},\"inLanguage\":\"es\",\"potentialAction\":[{\"@type\":\"ReadAction\",\"target\":[\"https:\\\/\\\/expressometro.mx\\\/index.php\\\/2024\\\/09\\\/12\\\/llegan-las-caravanas-itinerantes-por-la-justicia-social-a-ixtlahuaca\\\/\"]}]},{\"@type\":\"ImageObject\",\"inLanguage\":\"es\",\"@id\":\"https:\\\/\\\/expressometro.mx\\\/index.php\\\/2024\\\/09\\\/12\\\/llegan-las-caravanas-itinerantes-por-la-justicia-social-a-ixtlahuaca\\\/#primaryimage\",\"url\":\"https:\\\/\\\/expressometro.mx\\\/wp-content\\\/uploads\\\/2024\\\/09\\\/WhatsApp-Image-2024-09-12-at-8.13.54-AM.jpeg\",\"contentUrl\":\"https:\\\/\\\/expressometro.mx\\\/wp-content\\\/uploads\\\/2024\\\/09\\\/WhatsApp-Image-2024-09-12-at-8.13.54-AM.jpeg\",\"width\":1600,\"height\":1066},{\"@type\":\"BreadcrumbList\",\"@id\":\"https:\\\/\\\/expressometro.mx\\\/index.php\\\/2024\\\/09\\\/12\\\/llegan-las-caravanas-itinerantes-por-la-justicia-social-a-ixtlahuaca\\\/#breadcrumb\",\"itemListElement\":[{\"@type\":\"ListItem\",\"position\":1,\"name\":\"Inicio\",\"item\":\"https:\\\/\\\/expressometro.mx\\\/\"},{\"@type\":\"ListItem\",\"position\":2,\"name\":\"LLEGAN LAS CARAVANAS ITINERANTES POR LA JUSTICIA SOCIAL A IXTLAHUACA\"}]},{\"@type\":\"WebSite\",\"@id\":\"https:\\\/\\\/expressometro.mx\\\/#website\",\"url\":\"https:\\\/\\\/expressometro.mx\\\/\",\"name\":\"Expresso Metropolitano\",\"description\":\"Periodismo comprometido, informaci\u00f3n, investigaci\u00f3n y an\u00e1lisis\",\"publisher\":{\"@id\":\"https:\\\/\\\/expressometro.mx\\\/#organization\"},\"potentialAction\":[{\"@type\":\"SearchAction\",\"target\":{\"@type\":\"EntryPoint\",\"urlTemplate\":\"https:\\\/\\\/expressometro.mx\\\/?s={search_term_string}\"},\"query-input\":{\"@type\":\"PropertyValueSpecification\",\"valueRequired\":true,\"valueName\":\"search_term_string\"}}],\"inLanguage\":\"es\"},{\"@type\":\"Organization\",\"@id\":\"https:\\\/\\\/expressometro.mx\\\/#organization\",\"name\":\"Expresso Metropolitano\",\"url\":\"https:\\\/\\\/expressometro.mx\\\/\",\"logo\":{\"@type\":\"ImageObject\",\"inLanguage\":\"es\",\"@id\":\"https:\\\/\\\/expressometro.mx\\\/#\\\/schema\\\/logo\\\/image\\\/\",\"url\":\"https:\\\/\\\/expressometro.mx\\\/wp-content\\\/uploads\\\/2019\\\/07\\\/cropped-Logo-Expresso-Metropolitano-1-1.jpeg\",\"contentUrl\":\"https:\\\/\\\/expressometro.mx\\\/wp-content\\\/uploads\\\/2019\\\/07\\\/cropped-Logo-Expresso-Metropolitano-1-1.jpeg\",\"width\":290,\"height\":73,\"caption\":\"Expresso Metropolitano\"},\"image\":{\"@id\":\"https:\\\/\\\/expressometro.mx\\\/#\\\/schema\\\/logo\\\/image\\\/\"}},{\"@type\":\"Person\",\"@id\":\"https:\\\/\\\/expressometro.mx\\\/#\\\/schema\\\/person\\\/efa971b4a0664db8ed5c22b1b0dd2f5d\",\"name\":\"Expresso Metropolitano\",\"image\":{\"@type\":\"ImageObject\",\"inLanguage\":\"es\",\"@id\":\"https:\\\/\\\/secure.gravatar.com\\\/avatar\\\/a89f802b8de18c6952f223c88d3d106e9e3679839f4e25a02f4a6cc2ae6ba3b3?s=96&d=mm&r=g\",\"url\":\"https:\\\/\\\/secure.gravatar.com\\\/avatar\\\/a89f802b8de18c6952f223c88d3d106e9e3679839f4e25a02f4a6cc2ae6ba3b3?s=96&d=mm&r=g\",\"contentUrl\":\"https:\\\/\\\/secure.gravatar.com\\\/avatar\\\/a89f802b8de18c6952f223c88d3d106e9e3679839f4e25a02f4a6cc2ae6ba3b3?s=96&d=mm&r=g\",\"caption\":\"Expresso Metropolitano\"},\"url\":\"https:\\\/\\\/expressometro.mx\\\/index.php\\\/author\\\/diego\\\/\"}]}<\/script>\n<!-- \/ Yoast SEO plugin. -->","yoast_head_json":{"title":"LLEGAN LAS CARAVANAS ITINERANTES POR LA JUSTICIA SOCIAL A IXTLAHUACA - Expresso Metropolitano","robots":{"index":"index","follow":"follow","max-snippet":"max-snippet:-1","max-image-preview":"max-image-preview:large","max-video-preview":"max-video-preview:-1"},"canonical":"https:\/\/expressometro.mx\/index.php\/2024\/09\/12\/llegan-las-caravanas-itinerantes-por-la-justicia-social-a-ixtlahuaca\/","og_locale":"es_MX","og_type":"article","og_title":"LLEGAN LAS CARAVANAS ITINERANTES POR LA JUSTICIA SOCIAL A IXTLAHUACA - Expresso Metropolitano","og_description":"Las Caravanas Itinerantes por la Justicia Social llegaron al municipio de Ixtlahuaca del 11 al 14 de septiembre en la Plaza Ray\u00f3n de la cabecera municipal, con el objetivo de reducir la brecha de marginaci\u00f3n jur\u00eddica de las familias que habitan las zonas m\u00e1s alejadas de los centros administrativos.","og_url":"https:\/\/expressometro.mx\/index.php\/2024\/09\/12\/llegan-las-caravanas-itinerantes-por-la-justicia-social-a-ixtlahuaca\/","og_site_name":"Expresso Metropolitano","article_published_time":"2024-09-12T15:30:05+00:00","article_modified_time":"2024-09-12T15:30:06+00:00","og_image":[{"width":1600,"height":1066,"url":"http:\/\/expressometro.mx\/wp-content\/uploads\/2024\/09\/WhatsApp-Image-2024-09-12-at-8.13.54-AM.jpeg","type":"image\/jpeg"}],"author":"Expresso Metropolitano","twitter_misc":{"Escrito por":"Expresso Metropolitano","Tiempo de lectura":"2 minutos"},"schema":{"@context":"https:\/\/schema.org","@graph":[{"@type":"Article","@id":"https:\/\/expressometro.mx\/index.php\/2024\/09\/12\/llegan-las-caravanas-itinerantes-por-la-justicia-social-a-ixtlahuaca\/#article","isPartOf":{"@id":"https:\/\/expressometro.mx\/index.php\/2024\/09\/12\/llegan-las-caravanas-itinerantes-por-la-justicia-social-a-ixtlahuaca\/"},"author":{"name":"Expresso Metropolitano","@id":"https:\/\/expressometro.mx\/#\/schema\/person\/efa971b4a0664db8ed5c22b1b0dd2f5d"},"headline":"LLEGAN LAS CARAVANAS ITINERANTES POR LA JUSTICIA SOCIAL A IXTLAHUACA","datePublished":"2024-09-12T15:30:05+00:00","dateModified":"2024-09-12T15:30:06+00:00","mainEntityOfPage":{"@id":"https:\/\/expressometro.mx\/index.php\/2024\/09\/12\/llegan-las-caravanas-itinerantes-por-la-justicia-social-a-ixtlahuaca\/"},"wordCount":300,"commentCount":0,"publisher":{"@id":"https:\/\/expressometro.mx\/#organization"},"image":{"@id":"https:\/\/expressometro.mx\/index.php\/2024\/09\/12\/llegan-las-caravanas-itinerantes-por-la-justicia-social-a-ixtlahuaca\/#primaryimage"},"thumbnailUrl":"https:\/\/expressometro.mx\/wp-content\/uploads\/2024\/09\/WhatsApp-Image-2024-09-12-at-8.13.54-AM.jpeg","keywords":["Abuzeid Lozano","Edomex","GEM","Ixtlahuaca"],"articleSection":["Gobierno","Otros","Pol\u00edtica","Seguridad"],"inLanguage":"es","potentialAction":[{"@type":"CommentAction","name":"Comment","target":["https:\/\/expressometro.mx\/index.php\/2024\/09\/12\/llegan-las-caravanas-itinerantes-por-la-justicia-social-a-ixtlahuaca\/#respond"]}]},{"@type":"WebPage","@id":"https:\/\/expressometro.mx\/index.php\/2024\/09\/12\/llegan-las-caravanas-itinerantes-por-la-justicia-social-a-ixtlahuaca\/","url":"https:\/\/expressometro.mx\/index.php\/2024\/09\/12\/llegan-las-caravanas-itinerantes-por-la-justicia-social-a-ixtlahuaca\/","name":"LLEGAN LAS CARAVANAS ITINERANTES POR LA JUSTICIA SOCIAL A IXTLAHUACA - Expresso Metropolitano","isPartOf":{"@id":"https:\/\/expressometro.mx\/#website"},"primaryImageOfPage":{"@id":"https:\/\/expressometro.mx\/index.php\/2024\/09\/12\/llegan-las-caravanas-itinerantes-por-la-justicia-social-a-ixtlahuaca\/#primaryimage"},"image":{"@id":"https:\/\/expressometro.mx\/index.php\/2024\/09\/12\/llegan-las-caravanas-itinerantes-por-la-justicia-social-a-ixtlahuaca\/#primaryimage"},"thumbnailUrl":"https:\/\/expressometro.mx\/wp-content\/uploads\/2024\/09\/WhatsApp-Image-2024-09-12-at-8.13.54-AM.jpeg","datePublished":"2024-09-12T15:30:05+00:00","dateModified":"2024-09-12T15:30:06+00:00","breadcrumb":{"@id":"https:\/\/expressometro.mx\/index.php\/2024\/09\/12\/llegan-las-caravanas-itinerantes-por-la-justicia-social-a-ixtlahuaca\/#breadcrumb"},"inLanguage":"es","potentialAction":[{"@type":"ReadAction","target":["https:\/\/expressometro.mx\/index.php\/2024\/09\/12\/llegan-las-caravanas-itinerantes-por-la-justicia-social-a-ixtlahuaca\/"]}]},{"@type":"ImageObject","inLanguage":"es","@id":"https:\/\/expressometro.mx\/index.php\/2024\/09\/12\/llegan-las-caravanas-itinerantes-por-la-justicia-social-a-ixtlahuaca\/#primaryimage","url":"https:\/\/expressometro.mx\/wp-content\/uploads\/2024\/09\/WhatsApp-Image-2024-09-12-at-8.13.54-AM.jpeg","contentUrl":"https:\/\/expressometro.mx\/wp-content\/uploads\/2024\/09\/WhatsApp-Image-2024-09-12-at-8.13.54-AM.jpeg","width":1600,"height":1066},{"@type":"BreadcrumbList","@id":"https:\/\/expressometro.mx\/index.php\/2024\/09\/12\/llegan-las-caravanas-itinerantes-por-la-justicia-social-a-ixtlahuaca\/#breadcrumb","itemListElement":[{"@type":"ListItem","position":1,"name":"Inicio","item":"https:\/\/expressometro.mx\/"},{"@type":"ListItem","position":2,"name":"LLEGAN LAS CARAVANAS ITINERANTES POR LA JUSTICIA SOCIAL A IXTLAHUACA"}]},{"@type":"WebSite","@id":"https:\/\/expressometro.mx\/#website","url":"https:\/\/expressometro.mx\/","name":"Expresso Metropolitano","description":"Periodismo comprometido, informaci\u00f3n, investigaci\u00f3n y an\u00e1lisis","publisher":{"@id":"https:\/\/expressometro.mx\/#organization"},"potentialAction":[{"@type":"SearchAction","target":{"@type":"EntryPoint","urlTemplate":"https:\/\/expressometro.mx\/?s={search_term_string}"},"query-input":{"@type":"PropertyValueSpecification","valueRequired":true,"valueName":"search_term_string"}}],"inLanguage":"es"},{"@type":"Organization","@id":"https:\/\/expressometro.mx\/#organization","name":"Expresso Metropolitano","url":"https:\/\/expressometro.mx\/","logo":{"@type":"ImageObject","inLanguage":"es","@id":"https:\/\/expressometro.mx\/#\/schema\/logo\/image\/","url":"https:\/\/expressometro.mx\/wp-content\/uploads\/2019\/07\/cropped-Logo-Expresso-Metropolitano-1-1.jpeg","contentUrl":"https:\/\/expressometro.mx\/wp-content\/uploads\/2019\/07\/cropped-Logo-Expresso-Metropolitano-1-1.jpeg","width":290,"height":73,"caption":"Expresso Metropolitano"},"image":{"@id":"https:\/\/expressometro.mx\/#\/schema\/logo\/image\/"}},{"@type":"Person","@id":"https:\/\/expressometro.mx\/#\/schema\/person\/efa971b4a0664db8ed5c22b1b0dd2f5d","name":"Expresso Metropolitano","image":{"@type":"ImageObject","inLanguage":"es","@id":"https:\/\/secure.gravatar.com\/avatar\/a89f802b8de18c6952f223c88d3d106e9e3679839f4e25a02f4a6cc2ae6ba3b3?s=96&d=mm&r=g","url":"https:\/\/secure.gravatar.com\/avatar\/a89f802b8de18c6952f223c88d3d106e9e3679839f4e25a02f4a6cc2ae6ba3b3?s=96&d=mm&r=g","contentUrl":"https:\/\/secure.gravatar.com\/avatar\/a89f802b8de18c6952f223c88d3d106e9e3679839f4e25a02f4a6cc2ae6ba3b3?s=96&d=mm&r=g","caption":"Expresso Metropolitano"},"url":"https:\/\/expressometro.mx\/index.php\/author\/diego\/"}]}},"amp_enabled":true,"_links":{"self":[{"href":"https:\/\/expressometro.mx\/index.php\/wp-json\/wp\/v2\/posts\/9995","targetHints":{"allow":["GET"]}}],"collection":[{"href":"https:\/\/expressometro.mx\/index.php\/wp-json\/wp\/v2\/posts"}],"about":[{"href":"https:\/\/expressometro.mx\/index.php\/wp-json\/wp\/v2\/types\/post"}],"author":[{"embeddable":true,"href":"https:\/\/expressometro.mx\/index.php\/wp-json\/wp\/v2\/users\/1"}],"replies":[{"embeddable":true,"href":"https:\/\/expressometro.mx\/index.php\/wp-json\/wp\/v2\/comments?post=9995"}],"version-history":[{"count":1,"href":"https:\/\/expressometro.mx\/index.php\/wp-json\/wp\/v2\/posts\/9995\/revisions"}],"predecessor-version":[{"id":10000,"href":"https:\/\/expressometro.mx\/index.php\/wp-json\/wp\/v2\/posts\/9995\/revisions\/10000"}],"wp:featuredmedia":[{"embeddable":true,"href":"https:\/\/expressometro.mx\/index.php\/wp-json\/wp\/v2\/media\/9997"}],"wp:attachment":[{"href":"https:\/\/expressometro.mx\/index.php\/wp-json\/wp\/v2\/media?parent=9995"}],"wp:term":[{"taxonomy":"category","embeddable":true,"href":"https:\/\/expressometro.mx\/index.php\/wp-json\/wp\/v2\/categories?post=9995"},{"taxonomy":"post_tag","embeddable":true,"href":"https:\/\/expressometro.mx\/index.php\/wp-json\/wp\/v2\/tags?post=9995"}],"curies":[{"name":"wp","href":"https:\/\/api.w.org\/{rel}","templated":true}]}}