{"id":9990,"date":"2024-09-10T10:26:20","date_gmt":"2024-09-10T15:26:20","guid":{"rendered":"https:\/\/expressometro.mx\/?p=9990"},"modified":"2024-09-10T10:26:20","modified_gmt":"2024-09-10T15:26:20","slug":"urgen-recursos-para-atencion-de-desastres-naturales-jorge-meade","status":"publish","type":"post","link":"https:\/\/expressometro.mx\/index.php\/2024\/09\/10\/urgen-recursos-para-atencion-de-desastres-naturales-jorge-meade\/","title":{"rendered":"URGEN RECURSOS PARA ATENCI\u00d3N DE DESASTRES NATURALES: JORGE MEADE"},"content":{"rendered":"\n<ul class=\"wp-block-list\">\n<li>El PRI pugnar\u00e1 por la reconstrucci\u00f3n de infraestructura que permita evitar inundaciones.<\/li>\n<\/ul>\n\n\n\n<p>Ante las inundaciones que padecen diversos municipios del Estado de M\u00e9xico es urgente atender de origen las causas que provocaron da\u00f1os graves al patrimonio de miles de familias mexiquenses, se\u00f1al\u00f3 el delegado del CEN del PRI, Jorge Meade Ocaranza, al informar que la senadora Cristina Ru\u00edz Sandoval trabaj\u00f3 un punto de acuerdo sobre esta problem\u00e1tica.<\/p>\n\n\n\n<p>En el documento se plantea que hay comunidades enteras sumergidas en la incertidumbre y el sufrimiento, debido a la p\u00e9rdida de sus pertenencias y a la dr\u00e1stica reducci\u00f3n de su calidad de vida, sostuvo el delegado del PRI en el Estado de M\u00e9xico.<br>&nbsp;<br>Por ello, el Senado de la Rep\u00fablica exhorta al Gobierno del Estado de M\u00e9xico a que remita un informe sobre las acciones que se han emprendido para mitigar las inundaciones en los municipios de Chalco y Naucalpan, as\u00ed como un plan integral de acci\u00f3n para abordar la crisis de inundaciones en el estado y prevenir futuras cat\u00e1strofes.<br>&nbsp;<br>Adem\u00e1s de que el Senado de la Rep\u00fablica exhorta al Ejecutivo Federal a que, a trav\u00e9s de la Secretar\u00eda de Hacienda y Cr\u00e9dito P\u00fablico, se destinen recursos adicionales al Fondo de Desastres Naturales (FONDEN) para enfrentar y mitigar los efectos de las inundaciones recientes en diversas regiones del pa\u00eds, asegurando la capacidad de respuesta inmediata y la implementaci\u00f3n de medidas de prevenci\u00f3n y recuperaci\u00f3n a largo plazo.<br>&nbsp;<br>Establece, asimismo, un exhorto a la Comisi\u00f3n de Presupuesto y Cuenta P\u00fablica de la C\u00e1mara de Diputados del Congreso de la Uni\u00f3n, a considerar la asignaci\u00f3n de mayores recursos al Estado de M\u00e9xico en el Presupuesto de Egresos de la Federaci\u00f3n del pr\u00f3ximo ejercicio fiscal, con el objetivo de atender de manera urgente y efectiva la situaci\u00f3n de desastre ocasionada por las lluvias e inundaciones en sus municipios, especialmente en Chalco y Naucalpan.<\/p>\n\n\n\n<p>En su momento, las diputadas federales Iv\u00f3n Ru\u00edz y Leticia Barrera refrendaron su compromiso de buscar en la agenda de trabajo legislativo un mayor presupuesto para el 2025 que atienda las necesidades del pa\u00eds y que se aporte m\u00e1s recursos para enfrentar el desastre que deja la administraci\u00f3n federal saliente.<\/p>\n","protected":false},"excerpt":{"rendered":"<p>Ante las inundaciones que padecen diversos municipios del Estado de M\u00e9xico es urgente atender de origen las causas que provocaron da\u00f1os graves al patrimonio de miles de familias mexiquenses, se\u00f1al\u00f3 el delegado del CEN del PRI, Jorge Meade Ocaranza, al informar que la senadora Cristina Ru\u00edz Sandoval trabaj\u00f3 un punto de acuerdo sobre esta problem\u00e1tica.<\/p>\n","protected":false},"author":1,"featured_media":9992,"comment_status":"open","ping_status":"open","sticky":false,"template":"","format":"standard","meta":{"footnotes":""},"categories":[3,1,231],"tags":[2281,1982,158],"class_list":["post-9990","post","type-post","status-publish","format-standard","has-post-thumbnail","hentry","category-gobierno","category-otros","category-politica","tag-ana-lilia-herrera-anzaldo","tag-edomex","tag-pri"],"yoast_head":"<!-- This site is optimized with the Yoast SEO plugin v27.4 - https:\/\/yoast.com\/product\/yoast-seo-wordpress\/ -->\n<title>URGEN RECURSOS PARA ATENCI\u00d3N DE DESASTRES NATURALES: JORGE MEADE - Expresso Metropolitano<\/title>\n<meta name=\"robots\" content=\"index, follow, max-snippet:-1, max-image-preview:large, max-video-preview:-1\" \/>\n<link rel=\"canonical\" href=\"https:\/\/expressometro.mx\/index.php\/2024\/09\/10\/urgen-recursos-para-atencion-de-desastres-naturales-jorge-meade\/\" \/>\n<meta property=\"og:locale\" content=\"es_MX\" \/>\n<meta property=\"og:type\" content=\"article\" \/>\n<meta property=\"og:title\" content=\"URGEN RECURSOS PARA ATENCI\u00d3N DE DESASTRES NATURALES: JORGE MEADE - Expresso Metropolitano\" \/>\n<meta property=\"og:description\" content=\"Ante las inundaciones que padecen diversos municipios del Estado de M\u00e9xico es urgente atender de origen las causas que provocaron da\u00f1os graves al patrimonio de miles de familias mexiquenses, se\u00f1al\u00f3 el delegado del CEN del PRI, Jorge Meade Ocaranza, al informar que la senadora Cristina Ru\u00edz Sandoval trabaj\u00f3 un punto de acuerdo sobre esta problem\u00e1tica.\" \/>\n<meta property=\"og:url\" content=\"https:\/\/expressometro.mx\/index.php\/2024\/09\/10\/urgen-recursos-para-atencion-de-desastres-naturales-jorge-meade\/\" \/>\n<meta property=\"og:site_name\" content=\"Expresso Metropolitano\" \/>\n<meta property=\"article:published_time\" content=\"2024-09-10T15:26:20+00:00\" \/>\n<meta property=\"og:image\" content=\"http:\/\/expressometro.mx\/wp-content\/uploads\/2024\/09\/WhatsApp-Image-2024-09-10-at-7.36.20-AM.jpeg\" \/>\n\t<meta property=\"og:image:width\" content=\"1280\" \/>\n\t<meta property=\"og:image:height\" content=\"848\" \/>\n\t<meta property=\"og:image:type\" content=\"image\/jpeg\" \/>\n<meta name=\"author\" content=\"Expresso Metropolitano\" \/>\n<meta name=\"twitter:label1\" content=\"Escrito por\" \/>\n\t<meta name=\"twitter:data1\" content=\"Expresso Metropolitano\" \/>\n\t<meta name=\"twitter:label2\" content=\"Tiempo de lectura\" \/>\n\t<meta name=\"twitter:data2\" content=\"2 minutos\" \/>\n<script type=\"application\/ld+json\" class=\"yoast-schema-graph\">{\"@context\":\"https:\\\/\\\/schema.org\",\"@graph\":[{\"@type\":\"Article\",\"@id\":\"https:\\\/\\\/expressometro.mx\\\/index.php\\\/2024\\\/09\\\/10\\\/urgen-recursos-para-atencion-de-desastres-naturales-jorge-meade\\\/#article\",\"isPartOf\":{\"@id\":\"https:\\\/\\\/expressometro.mx\\\/index.php\\\/2024\\\/09\\\/10\\\/urgen-recursos-para-atencion-de-desastres-naturales-jorge-meade\\\/\"},\"author\":{\"name\":\"Expresso Metropolitano\",\"@id\":\"https:\\\/\\\/expressometro.mx\\\/#\\\/schema\\\/person\\\/efa971b4a0664db8ed5c22b1b0dd2f5d\"},\"headline\":\"URGEN RECURSOS PARA ATENCI\u00d3N DE DESASTRES NATURALES: JORGE MEADE\",\"datePublished\":\"2024-09-10T15:26:20+00:00\",\"mainEntityOfPage\":{\"@id\":\"https:\\\/\\\/expressometro.mx\\\/index.php\\\/2024\\\/09\\\/10\\\/urgen-recursos-para-atencion-de-desastres-naturales-jorge-meade\\\/\"},\"wordCount\":407,\"commentCount\":0,\"publisher\":{\"@id\":\"https:\\\/\\\/expressometro.mx\\\/#organization\"},\"image\":{\"@id\":\"https:\\\/\\\/expressometro.mx\\\/index.php\\\/2024\\\/09\\\/10\\\/urgen-recursos-para-atencion-de-desastres-naturales-jorge-meade\\\/#primaryimage\"},\"thumbnailUrl\":\"https:\\\/\\\/expressometro.mx\\\/wp-content\\\/uploads\\\/2024\\\/09\\\/WhatsApp-Image-2024-09-10-at-7.36.20-AM.jpeg\",\"keywords\":[\"Ana Lilia Herrera Anzaldo\",\"Edomex\",\"PRI\"],\"articleSection\":[\"Gobierno\",\"Otros\",\"Pol\u00edtica\"],\"inLanguage\":\"es\",\"potentialAction\":[{\"@type\":\"CommentAction\",\"name\":\"Comment\",\"target\":[\"https:\\\/\\\/expressometro.mx\\\/index.php\\\/2024\\\/09\\\/10\\\/urgen-recursos-para-atencion-de-desastres-naturales-jorge-meade\\\/#respond\"]}]},{\"@type\":\"WebPage\",\"@id\":\"https:\\\/\\\/expressometro.mx\\\/index.php\\\/2024\\\/09\\\/10\\\/urgen-recursos-para-atencion-de-desastres-naturales-jorge-meade\\\/\",\"url\":\"https:\\\/\\\/expressometro.mx\\\/index.php\\\/2024\\\/09\\\/10\\\/urgen-recursos-para-atencion-de-desastres-naturales-jorge-meade\\\/\",\"name\":\"URGEN RECURSOS PARA ATENCI\u00d3N DE DESASTRES NATURALES: JORGE MEADE - Expresso Metropolitano\",\"isPartOf\":{\"@id\":\"https:\\\/\\\/expressometro.mx\\\/#website\"},\"primaryImageOfPage\":{\"@id\":\"https:\\\/\\\/expressometro.mx\\\/index.php\\\/2024\\\/09\\\/10\\\/urgen-recursos-para-atencion-de-desastres-naturales-jorge-meade\\\/#primaryimage\"},\"image\":{\"@id\":\"https:\\\/\\\/expressometro.mx\\\/index.php\\\/2024\\\/09\\\/10\\\/urgen-recursos-para-atencion-de-desastres-naturales-jorge-meade\\\/#primaryimage\"},\"thumbnailUrl\":\"https:\\\/\\\/expressometro.mx\\\/wp-content\\\/uploads\\\/2024\\\/09\\\/WhatsApp-Image-2024-09-10-at-7.36.20-AM.jpeg\",\"datePublished\":\"2024-09-10T15:26:20+00:00\",\"breadcrumb\":{\"@id\":\"https:\\\/\\\/expressometro.mx\\\/index.php\\\/2024\\\/09\\\/10\\\/urgen-recursos-para-atencion-de-desastres-naturales-jorge-meade\\\/#breadcrumb\"},\"inLanguage\":\"es\",\"potentialAction\":[{\"@type\":\"ReadAction\",\"target\":[\"https:\\\/\\\/expressometro.mx\\\/index.php\\\/2024\\\/09\\\/10\\\/urgen-recursos-para-atencion-de-desastres-naturales-jorge-meade\\\/\"]}]},{\"@type\":\"ImageObject\",\"inLanguage\":\"es\",\"@id\":\"https:\\\/\\\/expressometro.mx\\\/index.php\\\/2024\\\/09\\\/10\\\/urgen-recursos-para-atencion-de-desastres-naturales-jorge-meade\\\/#primaryimage\",\"url\":\"https:\\\/\\\/expressometro.mx\\\/wp-content\\\/uploads\\\/2024\\\/09\\\/WhatsApp-Image-2024-09-10-at-7.36.20-AM.jpeg\",\"contentUrl\":\"https:\\\/\\\/expressometro.mx\\\/wp-content\\\/uploads\\\/2024\\\/09\\\/WhatsApp-Image-2024-09-10-at-7.36.20-AM.jpeg\",\"width\":1280,\"height\":848},{\"@type\":\"BreadcrumbList\",\"@id\":\"https:\\\/\\\/expressometro.mx\\\/index.php\\\/2024\\\/09\\\/10\\\/urgen-recursos-para-atencion-de-desastres-naturales-jorge-meade\\\/#breadcrumb\",\"itemListElement\":[{\"@type\":\"ListItem\",\"position\":1,\"name\":\"Inicio\",\"item\":\"https:\\\/\\\/expressometro.mx\\\/\"},{\"@type\":\"ListItem\",\"position\":2,\"name\":\"URGEN RECURSOS PARA ATENCI\u00d3N DE DESASTRES NATURALES: JORGE MEADE\"}]},{\"@type\":\"WebSite\",\"@id\":\"https:\\\/\\\/expressometro.mx\\\/#website\",\"url\":\"https:\\\/\\\/expressometro.mx\\\/\",\"name\":\"Expresso Metropolitano\",\"description\":\"Periodismo comprometido, informaci\u00f3n, investigaci\u00f3n y an\u00e1lisis\",\"publisher\":{\"@id\":\"https:\\\/\\\/expressometro.mx\\\/#organization\"},\"potentialAction\":[{\"@type\":\"SearchAction\",\"target\":{\"@type\":\"EntryPoint\",\"urlTemplate\":\"https:\\\/\\\/expressometro.mx\\\/?s={search_term_string}\"},\"query-input\":{\"@type\":\"PropertyValueSpecification\",\"valueRequired\":true,\"valueName\":\"search_term_string\"}}],\"inLanguage\":\"es\"},{\"@type\":\"Organization\",\"@id\":\"https:\\\/\\\/expressometro.mx\\\/#organization\",\"name\":\"Expresso Metropolitano\",\"url\":\"https:\\\/\\\/expressometro.mx\\\/\",\"logo\":{\"@type\":\"ImageObject\",\"inLanguage\":\"es\",\"@id\":\"https:\\\/\\\/expressometro.mx\\\/#\\\/schema\\\/logo\\\/image\\\/\",\"url\":\"https:\\\/\\\/expressometro.mx\\\/wp-content\\\/uploads\\\/2019\\\/07\\\/cropped-Logo-Expresso-Metropolitano-1-1.jpeg\",\"contentUrl\":\"https:\\\/\\\/expressometro.mx\\\/wp-content\\\/uploads\\\/2019\\\/07\\\/cropped-Logo-Expresso-Metropolitano-1-1.jpeg\",\"width\":290,\"height\":73,\"caption\":\"Expresso Metropolitano\"},\"image\":{\"@id\":\"https:\\\/\\\/expressometro.mx\\\/#\\\/schema\\\/logo\\\/image\\\/\"}},{\"@type\":\"Person\",\"@id\":\"https:\\\/\\\/expressometro.mx\\\/#\\\/schema\\\/person\\\/efa971b4a0664db8ed5c22b1b0dd2f5d\",\"name\":\"Expresso Metropolitano\",\"image\":{\"@type\":\"ImageObject\",\"inLanguage\":\"es\",\"@id\":\"https:\\\/\\\/secure.gravatar.com\\\/avatar\\\/a89f802b8de18c6952f223c88d3d106e9e3679839f4e25a02f4a6cc2ae6ba3b3?s=96&d=mm&r=g\",\"url\":\"https:\\\/\\\/secure.gravatar.com\\\/avatar\\\/a89f802b8de18c6952f223c88d3d106e9e3679839f4e25a02f4a6cc2ae6ba3b3?s=96&d=mm&r=g\",\"contentUrl\":\"https:\\\/\\\/secure.gravatar.com\\\/avatar\\\/a89f802b8de18c6952f223c88d3d106e9e3679839f4e25a02f4a6cc2ae6ba3b3?s=96&d=mm&r=g\",\"caption\":\"Expresso Metropolitano\"},\"url\":\"https:\\\/\\\/expressometro.mx\\\/index.php\\\/author\\\/diego\\\/\"}]}<\/script>\n<!-- \/ Yoast SEO plugin. -->","yoast_head_json":{"title":"URGEN RECURSOS PARA ATENCI\u00d3N DE DESASTRES NATURALES: JORGE MEADE - Expresso Metropolitano","robots":{"index":"index","follow":"follow","max-snippet":"max-snippet:-1","max-image-preview":"max-image-preview:large","max-video-preview":"max-video-preview:-1"},"canonical":"https:\/\/expressometro.mx\/index.php\/2024\/09\/10\/urgen-recursos-para-atencion-de-desastres-naturales-jorge-meade\/","og_locale":"es_MX","og_type":"article","og_title":"URGEN RECURSOS PARA ATENCI\u00d3N DE DESASTRES NATURALES: JORGE MEADE - Expresso Metropolitano","og_description":"Ante las inundaciones que padecen diversos municipios del Estado de M\u00e9xico es urgente atender de origen las causas que provocaron da\u00f1os graves al patrimonio de miles de familias mexiquenses, se\u00f1al\u00f3 el delegado del CEN del PRI, Jorge Meade Ocaranza, al informar que la senadora Cristina Ru\u00edz Sandoval trabaj\u00f3 un punto de acuerdo sobre esta problem\u00e1tica.","og_url":"https:\/\/expressometro.mx\/index.php\/2024\/09\/10\/urgen-recursos-para-atencion-de-desastres-naturales-jorge-meade\/","og_site_name":"Expresso Metropolitano","article_published_time":"2024-09-10T15:26:20+00:00","og_image":[{"width":1280,"height":848,"url":"http:\/\/expressometro.mx\/wp-content\/uploads\/2024\/09\/WhatsApp-Image-2024-09-10-at-7.36.20-AM.jpeg","type":"image\/jpeg"}],"author":"Expresso Metropolitano","twitter_misc":{"Escrito por":"Expresso Metropolitano","Tiempo de lectura":"2 minutos"},"schema":{"@context":"https:\/\/schema.org","@graph":[{"@type":"Article","@id":"https:\/\/expressometro.mx\/index.php\/2024\/09\/10\/urgen-recursos-para-atencion-de-desastres-naturales-jorge-meade\/#article","isPartOf":{"@id":"https:\/\/expressometro.mx\/index.php\/2024\/09\/10\/urgen-recursos-para-atencion-de-desastres-naturales-jorge-meade\/"},"author":{"name":"Expresso Metropolitano","@id":"https:\/\/expressometro.mx\/#\/schema\/person\/efa971b4a0664db8ed5c22b1b0dd2f5d"},"headline":"URGEN RECURSOS PARA ATENCI\u00d3N DE DESASTRES NATURALES: JORGE MEADE","datePublished":"2024-09-10T15:26:20+00:00","mainEntityOfPage":{"@id":"https:\/\/expressometro.mx\/index.php\/2024\/09\/10\/urgen-recursos-para-atencion-de-desastres-naturales-jorge-meade\/"},"wordCount":407,"commentCount":0,"publisher":{"@id":"https:\/\/expressometro.mx\/#organization"},"image":{"@id":"https:\/\/expressometro.mx\/index.php\/2024\/09\/10\/urgen-recursos-para-atencion-de-desastres-naturales-jorge-meade\/#primaryimage"},"thumbnailUrl":"https:\/\/expressometro.mx\/wp-content\/uploads\/2024\/09\/WhatsApp-Image-2024-09-10-at-7.36.20-AM.jpeg","keywords":["Ana Lilia Herrera Anzaldo","Edomex","PRI"],"articleSection":["Gobierno","Otros","Pol\u00edtica"],"inLanguage":"es","potentialAction":[{"@type":"CommentAction","name":"Comment","target":["https:\/\/expressometro.mx\/index.php\/2024\/09\/10\/urgen-recursos-para-atencion-de-desastres-naturales-jorge-meade\/#respond"]}]},{"@type":"WebPage","@id":"https:\/\/expressometro.mx\/index.php\/2024\/09\/10\/urgen-recursos-para-atencion-de-desastres-naturales-jorge-meade\/","url":"https:\/\/expressometro.mx\/index.php\/2024\/09\/10\/urgen-recursos-para-atencion-de-desastres-naturales-jorge-meade\/","name":"URGEN RECURSOS PARA ATENCI\u00d3N DE DESASTRES NATURALES: JORGE MEADE - Expresso Metropolitano","isPartOf":{"@id":"https:\/\/expressometro.mx\/#website"},"primaryImageOfPage":{"@id":"https:\/\/expressometro.mx\/index.php\/2024\/09\/10\/urgen-recursos-para-atencion-de-desastres-naturales-jorge-meade\/#primaryimage"},"image":{"@id":"https:\/\/expressometro.mx\/index.php\/2024\/09\/10\/urgen-recursos-para-atencion-de-desastres-naturales-jorge-meade\/#primaryimage"},"thumbnailUrl":"https:\/\/expressometro.mx\/wp-content\/uploads\/2024\/09\/WhatsApp-Image-2024-09-10-at-7.36.20-AM.jpeg","datePublished":"2024-09-10T15:26:20+00:00","breadcrumb":{"@id":"https:\/\/expressometro.mx\/index.php\/2024\/09\/10\/urgen-recursos-para-atencion-de-desastres-naturales-jorge-meade\/#breadcrumb"},"inLanguage":"es","potentialAction":[{"@type":"ReadAction","target":["https:\/\/expressometro.mx\/index.php\/2024\/09\/10\/urgen-recursos-para-atencion-de-desastres-naturales-jorge-meade\/"]}]},{"@type":"ImageObject","inLanguage":"es","@id":"https:\/\/expressometro.mx\/index.php\/2024\/09\/10\/urgen-recursos-para-atencion-de-desastres-naturales-jorge-meade\/#primaryimage","url":"https:\/\/expressometro.mx\/wp-content\/uploads\/2024\/09\/WhatsApp-Image-2024-09-10-at-7.36.20-AM.jpeg","contentUrl":"https:\/\/expressometro.mx\/wp-content\/uploads\/2024\/09\/WhatsApp-Image-2024-09-10-at-7.36.20-AM.jpeg","width":1280,"height":848},{"@type":"BreadcrumbList","@id":"https:\/\/expressometro.mx\/index.php\/2024\/09\/10\/urgen-recursos-para-atencion-de-desastres-naturales-jorge-meade\/#breadcrumb","itemListElement":[{"@type":"ListItem","position":1,"name":"Inicio","item":"https:\/\/expressometro.mx\/"},{"@type":"ListItem","position":2,"name":"URGEN RECURSOS PARA ATENCI\u00d3N DE DESASTRES NATURALES: JORGE MEADE"}]},{"@type":"WebSite","@id":"https:\/\/expressometro.mx\/#website","url":"https:\/\/expressometro.mx\/","name":"Expresso Metropolitano","description":"Periodismo comprometido, informaci\u00f3n, investigaci\u00f3n y an\u00e1lisis","publisher":{"@id":"https:\/\/expressometro.mx\/#organization"},"potentialAction":[{"@type":"SearchAction","target":{"@type":"EntryPoint","urlTemplate":"https:\/\/expressometro.mx\/?s={search_term_string}"},"query-input":{"@type":"PropertyValueSpecification","valueRequired":true,"valueName":"search_term_string"}}],"inLanguage":"es"},{"@type":"Organization","@id":"https:\/\/expressometro.mx\/#organization","name":"Expresso Metropolitano","url":"https:\/\/expressometro.mx\/","logo":{"@type":"ImageObject","inLanguage":"es","@id":"https:\/\/expressometro.mx\/#\/schema\/logo\/image\/","url":"https:\/\/expressometro.mx\/wp-content\/uploads\/2019\/07\/cropped-Logo-Expresso-Metropolitano-1-1.jpeg","contentUrl":"https:\/\/expressometro.mx\/wp-content\/uploads\/2019\/07\/cropped-Logo-Expresso-Metropolitano-1-1.jpeg","width":290,"height":73,"caption":"Expresso Metropolitano"},"image":{"@id":"https:\/\/expressometro.mx\/#\/schema\/logo\/image\/"}},{"@type":"Person","@id":"https:\/\/expressometro.mx\/#\/schema\/person\/efa971b4a0664db8ed5c22b1b0dd2f5d","name":"Expresso Metropolitano","image":{"@type":"ImageObject","inLanguage":"es","@id":"https:\/\/secure.gravatar.com\/avatar\/a89f802b8de18c6952f223c88d3d106e9e3679839f4e25a02f4a6cc2ae6ba3b3?s=96&d=mm&r=g","url":"https:\/\/secure.gravatar.com\/avatar\/a89f802b8de18c6952f223c88d3d106e9e3679839f4e25a02f4a6cc2ae6ba3b3?s=96&d=mm&r=g","contentUrl":"https:\/\/secure.gravatar.com\/avatar\/a89f802b8de18c6952f223c88d3d106e9e3679839f4e25a02f4a6cc2ae6ba3b3?s=96&d=mm&r=g","caption":"Expresso Metropolitano"},"url":"https:\/\/expressometro.mx\/index.php\/author\/diego\/"}]}},"amp_enabled":true,"_links":{"self":[{"href":"https:\/\/expressometro.mx\/index.php\/wp-json\/wp\/v2\/posts\/9990","targetHints":{"allow":["GET"]}}],"collection":[{"href":"https:\/\/expressometro.mx\/index.php\/wp-json\/wp\/v2\/posts"}],"about":[{"href":"https:\/\/expressometro.mx\/index.php\/wp-json\/wp\/v2\/types\/post"}],"author":[{"embeddable":true,"href":"https:\/\/expressometro.mx\/index.php\/wp-json\/wp\/v2\/users\/1"}],"replies":[{"embeddable":true,"href":"https:\/\/expressometro.mx\/index.php\/wp-json\/wp\/v2\/comments?post=9990"}],"version-history":[{"count":1,"href":"https:\/\/expressometro.mx\/index.php\/wp-json\/wp\/v2\/posts\/9990\/revisions"}],"predecessor-version":[{"id":9993,"href":"https:\/\/expressometro.mx\/index.php\/wp-json\/wp\/v2\/posts\/9990\/revisions\/9993"}],"wp:featuredmedia":[{"embeddable":true,"href":"https:\/\/expressometro.mx\/index.php\/wp-json\/wp\/v2\/media\/9992"}],"wp:attachment":[{"href":"https:\/\/expressometro.mx\/index.php\/wp-json\/wp\/v2\/media?parent=9990"}],"wp:term":[{"taxonomy":"category","embeddable":true,"href":"https:\/\/expressometro.mx\/index.php\/wp-json\/wp\/v2\/categories?post=9990"},{"taxonomy":"post_tag","embeddable":true,"href":"https:\/\/expressometro.mx\/index.php\/wp-json\/wp\/v2\/tags?post=9990"}],"curies":[{"name":"wp","href":"https:\/\/api.w.org\/{rel}","templated":true}]}}