{"id":9958,"date":"2024-08-15T21:32:18","date_gmt":"2024-08-16T02:32:18","guid":{"rendered":"https:\/\/expressometro.mx\/?p=9958"},"modified":"2024-09-05T21:43:16","modified_gmt":"2024-09-06T02:43:16","slug":"en-el-marco-del-dia-internacional-de-la-juventud","status":"publish","type":"post","link":"https:\/\/expressometro.mx\/index.php\/2024\/08\/15\/en-el-marco-del-dia-internacional-de-la-juventud\/","title":{"rendered":"EN EL MARCO DEL D\u00cdA INTERNACIONAL DE LA JUVENTUD"},"content":{"rendered":"\n<p><\/p>\n\n\n\n<p>Esta ma\u00f1ana se llev\u00f3 a cabo la entrega del #PremioEstatal de la Juventud 2024, un reconocimiento que se otorga a j\u00f3venes mexiquenses que destacan en distintas categor\u00edas que impactan en la transformaci\u00f3n de la entidad.<\/p>\n\n\n\n<p>La presidenta Ruth Salazar, acompa\u00f1ada de la coordinadora del Instituto de la Juventud, asisti\u00f3 para apoyar a dos j\u00f3venes aurenses que resultaron galardonados en las siguientes categor\u00edas:<\/p>\n\n\n\n<p>&#8211; *Labor ind\u00edgena, categor\u00eda B:* Mar\u00eda del Carmen Mart\u00ednez Pascual, originaria de Santa Rosa de Lima.<\/p>\n\n\n\n<p>&#8211; *Categor\u00eda C:* Juan Manuel Reyes Castro, originario de la localidad de Adolfo L\u00f3pez Mateos.<\/p>\n\n\n\n<figure class=\"wp-block-image size-large\"><img decoding=\"async\" width=\"720\" height=\"480\" src=\"https:\/\/expressometro.mx\/wp-content\/uploads\/2024\/09\/WhatsApp-Image-2024-09-05-at-7.10.38-PM-720x480.jpeg\" alt=\"\" class=\"wp-image-9961\" srcset=\"https:\/\/expressometro.mx\/wp-content\/uploads\/2024\/09\/WhatsApp-Image-2024-09-05-at-7.10.38-PM-720x480.jpeg 720w, https:\/\/expressometro.mx\/wp-content\/uploads\/2024\/09\/WhatsApp-Image-2024-09-05-at-7.10.38-PM-548x365.jpeg 548w, https:\/\/expressometro.mx\/wp-content\/uploads\/2024\/09\/WhatsApp-Image-2024-09-05-at-7.10.38-PM-768x512.jpeg 768w, https:\/\/expressometro.mx\/wp-content\/uploads\/2024\/09\/WhatsApp-Image-2024-09-05-at-7.10.38-PM.jpeg 1080w\" sizes=\"(max-width: 720px) 100vw, 720px\" \/><\/figure>\n\n\n\n<p>Es un honor resaltar sus logros y acciones en beneficio de la juventud del municipio. Que estos j\u00f3venes aurenses sigan inspirando a otros a seguir sus pasos y a contribuir al progreso y bienestar de la juventud en su comunidad. \u00a1Enhorabuena a ambos ganadores y a todo el equipo involucrado en la entrega de este importante premio!<\/p>\n","protected":false},"excerpt":{"rendered":"<p>Esta ma\u00f1ana se llev\u00f3 a cabo la entrega del #PremioEstatal de la Juventud 2024, un reconocimiento que se otorga a j\u00f3venes mexiquenses que destacan en distintas categor\u00edas que impactan en la transformaci\u00f3n de la entidad. La presidenta Ruth Salazar, acompa\u00f1ada de la coordinadora del Instituto de la Juventud, asisti\u00f3 para apoyar a dos j\u00f3venes aurenses que resultaron galardonados en las siguientes categor\u00edas: &#8211; *Labor ind\u00edgena, categor\u00eda B:* Mar\u00eda del Carmen Mart\u00ednez Pascual, originaria de Santa Rosa de Lima. &#8211; *Categor\u00eda C:* Juan Manuel Reyes Castro, originario de la localidad de&hellip;<\/p>\n","protected":false},"author":1,"featured_media":9960,"comment_status":"open","ping_status":"open","sticky":false,"template":"","format":"standard","meta":{"footnotes":""},"categories":[11,3],"tags":[],"class_list":["post-9958","post","type-post","status-publish","format-standard","has-post-thumbnail","hentry","category-cultura","category-gobierno"],"yoast_head":"<!-- This site is optimized with the Yoast SEO plugin v27.5 - https:\/\/yoast.com\/product\/yoast-seo-wordpress\/ -->\n<title>EN EL MARCO DEL D\u00cdA INTERNACIONAL DE LA JUVENTUD - Expresso Metropolitano<\/title>\n<meta name=\"robots\" content=\"index, follow, max-snippet:-1, max-image-preview:large, max-video-preview:-1\" \/>\n<link rel=\"canonical\" href=\"https:\/\/expressometro.mx\/index.php\/2024\/08\/15\/en-el-marco-del-dia-internacional-de-la-juventud\/\" \/>\n<meta property=\"og:locale\" content=\"es_MX\" \/>\n<meta property=\"og:type\" content=\"article\" \/>\n<meta property=\"og:title\" content=\"EN EL MARCO DEL D\u00cdA INTERNACIONAL DE LA JUVENTUD - Expresso Metropolitano\" \/>\n<meta property=\"og:description\" content=\"Esta ma\u00f1ana se llev\u00f3 a cabo la entrega del #PremioEstatal de la Juventud 2024, un reconocimiento que se otorga a j\u00f3venes mexiquenses que destacan en distintas categor\u00edas que impactan en la transformaci\u00f3n de la entidad. La presidenta Ruth Salazar, acompa\u00f1ada de la coordinadora del Instituto de la Juventud, asisti\u00f3 para apoyar a dos j\u00f3venes aurenses que resultaron galardonados en las siguientes categor\u00edas: &#8211; *Labor ind\u00edgena, categor\u00eda B:* Mar\u00eda del Carmen Mart\u00ednez Pascual, originaria de Santa Rosa de Lima. &#8211; *Categor\u00eda C:* Juan Manuel Reyes Castro, originario de la localidad de&hellip;\" \/>\n<meta property=\"og:url\" content=\"https:\/\/expressometro.mx\/index.php\/2024\/08\/15\/en-el-marco-del-dia-internacional-de-la-juventud\/\" \/>\n<meta property=\"og:site_name\" content=\"Expresso Metropolitano\" \/>\n<meta property=\"article:published_time\" content=\"2024-08-16T02:32:18+00:00\" \/>\n<meta property=\"article:modified_time\" content=\"2024-09-06T02:43:16+00:00\" \/>\n<meta property=\"og:image\" content=\"http:\/\/expressometro.mx\/wp-content\/uploads\/2024\/09\/WhatsApp-Image-2024-09-05-at-7.10.39-PM.jpeg\" \/>\n\t<meta property=\"og:image:width\" content=\"1080\" \/>\n\t<meta property=\"og:image:height\" content=\"810\" \/>\n\t<meta property=\"og:image:type\" content=\"image\/jpeg\" \/>\n<meta name=\"author\" content=\"Expresso Metropolitano\" \/>\n<meta name=\"twitter:label1\" content=\"Escrito por\" \/>\n\t<meta name=\"twitter:data1\" content=\"Expresso Metropolitano\" \/>\n\t<meta name=\"twitter:label2\" content=\"Tiempo de lectura\" \/>\n\t<meta name=\"twitter:data2\" content=\"2 minutos\" \/>\n<script type=\"application\/ld+json\" class=\"yoast-schema-graph\">{\"@context\":\"https:\\\/\\\/schema.org\",\"@graph\":[{\"@type\":\"Article\",\"@id\":\"https:\\\/\\\/expressometro.mx\\\/index.php\\\/2024\\\/08\\\/15\\\/en-el-marco-del-dia-internacional-de-la-juventud\\\/#article\",\"isPartOf\":{\"@id\":\"https:\\\/\\\/expressometro.mx\\\/index.php\\\/2024\\\/08\\\/15\\\/en-el-marco-del-dia-internacional-de-la-juventud\\\/\"},\"author\":{\"name\":\"Expresso Metropolitano\",\"@id\":\"https:\\\/\\\/expressometro.mx\\\/#\\\/schema\\\/person\\\/efa971b4a0664db8ed5c22b1b0dd2f5d\"},\"headline\":\"EN EL MARCO DEL D\u00cdA INTERNACIONAL DE LA JUVENTUD\",\"datePublished\":\"2024-08-16T02:32:18+00:00\",\"dateModified\":\"2024-09-06T02:43:16+00:00\",\"mainEntityOfPage\":{\"@id\":\"https:\\\/\\\/expressometro.mx\\\/index.php\\\/2024\\\/08\\\/15\\\/en-el-marco-del-dia-internacional-de-la-juventud\\\/\"},\"wordCount\":173,\"commentCount\":0,\"publisher\":{\"@id\":\"https:\\\/\\\/expressometro.mx\\\/#organization\"},\"image\":{\"@id\":\"https:\\\/\\\/expressometro.mx\\\/index.php\\\/2024\\\/08\\\/15\\\/en-el-marco-del-dia-internacional-de-la-juventud\\\/#primaryimage\"},\"thumbnailUrl\":\"https:\\\/\\\/expressometro.mx\\\/wp-content\\\/uploads\\\/2024\\\/09\\\/WhatsApp-Image-2024-09-05-at-7.10.39-PM.jpeg\",\"articleSection\":[\"Cultura\",\"Gobierno\"],\"inLanguage\":\"es\",\"potentialAction\":[{\"@type\":\"CommentAction\",\"name\":\"Comment\",\"target\":[\"https:\\\/\\\/expressometro.mx\\\/index.php\\\/2024\\\/08\\\/15\\\/en-el-marco-del-dia-internacional-de-la-juventud\\\/#respond\"]}]},{\"@type\":\"WebPage\",\"@id\":\"https:\\\/\\\/expressometro.mx\\\/index.php\\\/2024\\\/08\\\/15\\\/en-el-marco-del-dia-internacional-de-la-juventud\\\/\",\"url\":\"https:\\\/\\\/expressometro.mx\\\/index.php\\\/2024\\\/08\\\/15\\\/en-el-marco-del-dia-internacional-de-la-juventud\\\/\",\"name\":\"EN EL MARCO DEL D\u00cdA INTERNACIONAL DE LA JUVENTUD - Expresso Metropolitano\",\"isPartOf\":{\"@id\":\"https:\\\/\\\/expressometro.mx\\\/#website\"},\"primaryImageOfPage\":{\"@id\":\"https:\\\/\\\/expressometro.mx\\\/index.php\\\/2024\\\/08\\\/15\\\/en-el-marco-del-dia-internacional-de-la-juventud\\\/#primaryimage\"},\"image\":{\"@id\":\"https:\\\/\\\/expressometro.mx\\\/index.php\\\/2024\\\/08\\\/15\\\/en-el-marco-del-dia-internacional-de-la-juventud\\\/#primaryimage\"},\"thumbnailUrl\":\"https:\\\/\\\/expressometro.mx\\\/wp-content\\\/uploads\\\/2024\\\/09\\\/WhatsApp-Image-2024-09-05-at-7.10.39-PM.jpeg\",\"datePublished\":\"2024-08-16T02:32:18+00:00\",\"dateModified\":\"2024-09-06T02:43:16+00:00\",\"breadcrumb\":{\"@id\":\"https:\\\/\\\/expressometro.mx\\\/index.php\\\/2024\\\/08\\\/15\\\/en-el-marco-del-dia-internacional-de-la-juventud\\\/#breadcrumb\"},\"inLanguage\":\"es\",\"potentialAction\":[{\"@type\":\"ReadAction\",\"target\":[\"https:\\\/\\\/expressometro.mx\\\/index.php\\\/2024\\\/08\\\/15\\\/en-el-marco-del-dia-internacional-de-la-juventud\\\/\"]}]},{\"@type\":\"ImageObject\",\"inLanguage\":\"es\",\"@id\":\"https:\\\/\\\/expressometro.mx\\\/index.php\\\/2024\\\/08\\\/15\\\/en-el-marco-del-dia-internacional-de-la-juventud\\\/#primaryimage\",\"url\":\"https:\\\/\\\/expressometro.mx\\\/wp-content\\\/uploads\\\/2024\\\/09\\\/WhatsApp-Image-2024-09-05-at-7.10.39-PM.jpeg\",\"contentUrl\":\"https:\\\/\\\/expressometro.mx\\\/wp-content\\\/uploads\\\/2024\\\/09\\\/WhatsApp-Image-2024-09-05-at-7.10.39-PM.jpeg\",\"width\":1080,\"height\":810},{\"@type\":\"BreadcrumbList\",\"@id\":\"https:\\\/\\\/expressometro.mx\\\/index.php\\\/2024\\\/08\\\/15\\\/en-el-marco-del-dia-internacional-de-la-juventud\\\/#breadcrumb\",\"itemListElement\":[{\"@type\":\"ListItem\",\"position\":1,\"name\":\"Inicio\",\"item\":\"https:\\\/\\\/expressometro.mx\\\/\"},{\"@type\":\"ListItem\",\"position\":2,\"name\":\"EN EL MARCO DEL D\u00cdA INTERNACIONAL DE LA JUVENTUD\"}]},{\"@type\":\"WebSite\",\"@id\":\"https:\\\/\\\/expressometro.mx\\\/#website\",\"url\":\"https:\\\/\\\/expressometro.mx\\\/\",\"name\":\"Expresso Metropolitano\",\"description\":\"Periodismo comprometido, informaci\u00f3n, investigaci\u00f3n y an\u00e1lisis\",\"publisher\":{\"@id\":\"https:\\\/\\\/expressometro.mx\\\/#organization\"},\"potentialAction\":[{\"@type\":\"SearchAction\",\"target\":{\"@type\":\"EntryPoint\",\"urlTemplate\":\"https:\\\/\\\/expressometro.mx\\\/?s={search_term_string}\"},\"query-input\":{\"@type\":\"PropertyValueSpecification\",\"valueRequired\":true,\"valueName\":\"search_term_string\"}}],\"inLanguage\":\"es\"},{\"@type\":\"Organization\",\"@id\":\"https:\\\/\\\/expressometro.mx\\\/#organization\",\"name\":\"Expresso Metropolitano\",\"url\":\"https:\\\/\\\/expressometro.mx\\\/\",\"logo\":{\"@type\":\"ImageObject\",\"inLanguage\":\"es\",\"@id\":\"https:\\\/\\\/expressometro.mx\\\/#\\\/schema\\\/logo\\\/image\\\/\",\"url\":\"https:\\\/\\\/expressometro.mx\\\/wp-content\\\/uploads\\\/2019\\\/07\\\/cropped-Logo-Expresso-Metropolitano-1-1.jpeg\",\"contentUrl\":\"https:\\\/\\\/expressometro.mx\\\/wp-content\\\/uploads\\\/2019\\\/07\\\/cropped-Logo-Expresso-Metropolitano-1-1.jpeg\",\"width\":290,\"height\":73,\"caption\":\"Expresso Metropolitano\"},\"image\":{\"@id\":\"https:\\\/\\\/expressometro.mx\\\/#\\\/schema\\\/logo\\\/image\\\/\"}},{\"@type\":\"Person\",\"@id\":\"https:\\\/\\\/expressometro.mx\\\/#\\\/schema\\\/person\\\/efa971b4a0664db8ed5c22b1b0dd2f5d\",\"name\":\"Expresso Metropolitano\",\"image\":{\"@type\":\"ImageObject\",\"inLanguage\":\"es\",\"@id\":\"https:\\\/\\\/secure.gravatar.com\\\/avatar\\\/a89f802b8de18c6952f223c88d3d106e9e3679839f4e25a02f4a6cc2ae6ba3b3?s=96&d=mm&r=g\",\"url\":\"https:\\\/\\\/secure.gravatar.com\\\/avatar\\\/a89f802b8de18c6952f223c88d3d106e9e3679839f4e25a02f4a6cc2ae6ba3b3?s=96&d=mm&r=g\",\"contentUrl\":\"https:\\\/\\\/secure.gravatar.com\\\/avatar\\\/a89f802b8de18c6952f223c88d3d106e9e3679839f4e25a02f4a6cc2ae6ba3b3?s=96&d=mm&r=g\",\"caption\":\"Expresso Metropolitano\"},\"url\":\"https:\\\/\\\/expressometro.mx\\\/index.php\\\/author\\\/diego\\\/\"}]}<\/script>\n<!-- \/ Yoast SEO plugin. -->","yoast_head_json":{"title":"EN EL MARCO DEL D\u00cdA INTERNACIONAL DE LA JUVENTUD - Expresso Metropolitano","robots":{"index":"index","follow":"follow","max-snippet":"max-snippet:-1","max-image-preview":"max-image-preview:large","max-video-preview":"max-video-preview:-1"},"canonical":"https:\/\/expressometro.mx\/index.php\/2024\/08\/15\/en-el-marco-del-dia-internacional-de-la-juventud\/","og_locale":"es_MX","og_type":"article","og_title":"EN EL MARCO DEL D\u00cdA INTERNACIONAL DE LA JUVENTUD - Expresso Metropolitano","og_description":"Esta ma\u00f1ana se llev\u00f3 a cabo la entrega del #PremioEstatal de la Juventud 2024, un reconocimiento que se otorga a j\u00f3venes mexiquenses que destacan en distintas categor\u00edas que impactan en la transformaci\u00f3n de la entidad. La presidenta Ruth Salazar, acompa\u00f1ada de la coordinadora del Instituto de la Juventud, asisti\u00f3 para apoyar a dos j\u00f3venes aurenses que resultaron galardonados en las siguientes categor\u00edas: &#8211; *Labor ind\u00edgena, categor\u00eda B:* Mar\u00eda del Carmen Mart\u00ednez Pascual, originaria de Santa Rosa de Lima. &#8211; *Categor\u00eda C:* Juan Manuel Reyes Castro, originario de la localidad de&hellip;","og_url":"https:\/\/expressometro.mx\/index.php\/2024\/08\/15\/en-el-marco-del-dia-internacional-de-la-juventud\/","og_site_name":"Expresso Metropolitano","article_published_time":"2024-08-16T02:32:18+00:00","article_modified_time":"2024-09-06T02:43:16+00:00","og_image":[{"width":1080,"height":810,"url":"http:\/\/expressometro.mx\/wp-content\/uploads\/2024\/09\/WhatsApp-Image-2024-09-05-at-7.10.39-PM.jpeg","type":"image\/jpeg"}],"author":"Expresso Metropolitano","twitter_misc":{"Escrito por":"Expresso Metropolitano","Tiempo de lectura":"2 minutos"},"schema":{"@context":"https:\/\/schema.org","@graph":[{"@type":"Article","@id":"https:\/\/expressometro.mx\/index.php\/2024\/08\/15\/en-el-marco-del-dia-internacional-de-la-juventud\/#article","isPartOf":{"@id":"https:\/\/expressometro.mx\/index.php\/2024\/08\/15\/en-el-marco-del-dia-internacional-de-la-juventud\/"},"author":{"name":"Expresso Metropolitano","@id":"https:\/\/expressometro.mx\/#\/schema\/person\/efa971b4a0664db8ed5c22b1b0dd2f5d"},"headline":"EN EL MARCO DEL D\u00cdA INTERNACIONAL DE LA JUVENTUD","datePublished":"2024-08-16T02:32:18+00:00","dateModified":"2024-09-06T02:43:16+00:00","mainEntityOfPage":{"@id":"https:\/\/expressometro.mx\/index.php\/2024\/08\/15\/en-el-marco-del-dia-internacional-de-la-juventud\/"},"wordCount":173,"commentCount":0,"publisher":{"@id":"https:\/\/expressometro.mx\/#organization"},"image":{"@id":"https:\/\/expressometro.mx\/index.php\/2024\/08\/15\/en-el-marco-del-dia-internacional-de-la-juventud\/#primaryimage"},"thumbnailUrl":"https:\/\/expressometro.mx\/wp-content\/uploads\/2024\/09\/WhatsApp-Image-2024-09-05-at-7.10.39-PM.jpeg","articleSection":["Cultura","Gobierno"],"inLanguage":"es","potentialAction":[{"@type":"CommentAction","name":"Comment","target":["https:\/\/expressometro.mx\/index.php\/2024\/08\/15\/en-el-marco-del-dia-internacional-de-la-juventud\/#respond"]}]},{"@type":"WebPage","@id":"https:\/\/expressometro.mx\/index.php\/2024\/08\/15\/en-el-marco-del-dia-internacional-de-la-juventud\/","url":"https:\/\/expressometro.mx\/index.php\/2024\/08\/15\/en-el-marco-del-dia-internacional-de-la-juventud\/","name":"EN EL MARCO DEL D\u00cdA INTERNACIONAL DE LA JUVENTUD - Expresso Metropolitano","isPartOf":{"@id":"https:\/\/expressometro.mx\/#website"},"primaryImageOfPage":{"@id":"https:\/\/expressometro.mx\/index.php\/2024\/08\/15\/en-el-marco-del-dia-internacional-de-la-juventud\/#primaryimage"},"image":{"@id":"https:\/\/expressometro.mx\/index.php\/2024\/08\/15\/en-el-marco-del-dia-internacional-de-la-juventud\/#primaryimage"},"thumbnailUrl":"https:\/\/expressometro.mx\/wp-content\/uploads\/2024\/09\/WhatsApp-Image-2024-09-05-at-7.10.39-PM.jpeg","datePublished":"2024-08-16T02:32:18+00:00","dateModified":"2024-09-06T02:43:16+00:00","breadcrumb":{"@id":"https:\/\/expressometro.mx\/index.php\/2024\/08\/15\/en-el-marco-del-dia-internacional-de-la-juventud\/#breadcrumb"},"inLanguage":"es","potentialAction":[{"@type":"ReadAction","target":["https:\/\/expressometro.mx\/index.php\/2024\/08\/15\/en-el-marco-del-dia-internacional-de-la-juventud\/"]}]},{"@type":"ImageObject","inLanguage":"es","@id":"https:\/\/expressometro.mx\/index.php\/2024\/08\/15\/en-el-marco-del-dia-internacional-de-la-juventud\/#primaryimage","url":"https:\/\/expressometro.mx\/wp-content\/uploads\/2024\/09\/WhatsApp-Image-2024-09-05-at-7.10.39-PM.jpeg","contentUrl":"https:\/\/expressometro.mx\/wp-content\/uploads\/2024\/09\/WhatsApp-Image-2024-09-05-at-7.10.39-PM.jpeg","width":1080,"height":810},{"@type":"BreadcrumbList","@id":"https:\/\/expressometro.mx\/index.php\/2024\/08\/15\/en-el-marco-del-dia-internacional-de-la-juventud\/#breadcrumb","itemListElement":[{"@type":"ListItem","position":1,"name":"Inicio","item":"https:\/\/expressometro.mx\/"},{"@type":"ListItem","position":2,"name":"EN EL MARCO DEL D\u00cdA INTERNACIONAL DE LA JUVENTUD"}]},{"@type":"WebSite","@id":"https:\/\/expressometro.mx\/#website","url":"https:\/\/expressometro.mx\/","name":"Expresso Metropolitano","description":"Periodismo comprometido, informaci\u00f3n, investigaci\u00f3n y an\u00e1lisis","publisher":{"@id":"https:\/\/expressometro.mx\/#organization"},"potentialAction":[{"@type":"SearchAction","target":{"@type":"EntryPoint","urlTemplate":"https:\/\/expressometro.mx\/?s={search_term_string}"},"query-input":{"@type":"PropertyValueSpecification","valueRequired":true,"valueName":"search_term_string"}}],"inLanguage":"es"},{"@type":"Organization","@id":"https:\/\/expressometro.mx\/#organization","name":"Expresso Metropolitano","url":"https:\/\/expressometro.mx\/","logo":{"@type":"ImageObject","inLanguage":"es","@id":"https:\/\/expressometro.mx\/#\/schema\/logo\/image\/","url":"https:\/\/expressometro.mx\/wp-content\/uploads\/2019\/07\/cropped-Logo-Expresso-Metropolitano-1-1.jpeg","contentUrl":"https:\/\/expressometro.mx\/wp-content\/uploads\/2019\/07\/cropped-Logo-Expresso-Metropolitano-1-1.jpeg","width":290,"height":73,"caption":"Expresso Metropolitano"},"image":{"@id":"https:\/\/expressometro.mx\/#\/schema\/logo\/image\/"}},{"@type":"Person","@id":"https:\/\/expressometro.mx\/#\/schema\/person\/efa971b4a0664db8ed5c22b1b0dd2f5d","name":"Expresso Metropolitano","image":{"@type":"ImageObject","inLanguage":"es","@id":"https:\/\/secure.gravatar.com\/avatar\/a89f802b8de18c6952f223c88d3d106e9e3679839f4e25a02f4a6cc2ae6ba3b3?s=96&d=mm&r=g","url":"https:\/\/secure.gravatar.com\/avatar\/a89f802b8de18c6952f223c88d3d106e9e3679839f4e25a02f4a6cc2ae6ba3b3?s=96&d=mm&r=g","contentUrl":"https:\/\/secure.gravatar.com\/avatar\/a89f802b8de18c6952f223c88d3d106e9e3679839f4e25a02f4a6cc2ae6ba3b3?s=96&d=mm&r=g","caption":"Expresso Metropolitano"},"url":"https:\/\/expressometro.mx\/index.php\/author\/diego\/"}]}},"amp_enabled":true,"_links":{"self":[{"href":"https:\/\/expressometro.mx\/index.php\/wp-json\/wp\/v2\/posts\/9958","targetHints":{"allow":["GET"]}}],"collection":[{"href":"https:\/\/expressometro.mx\/index.php\/wp-json\/wp\/v2\/posts"}],"about":[{"href":"https:\/\/expressometro.mx\/index.php\/wp-json\/wp\/v2\/types\/post"}],"author":[{"embeddable":true,"href":"https:\/\/expressometro.mx\/index.php\/wp-json\/wp\/v2\/users\/1"}],"replies":[{"embeddable":true,"href":"https:\/\/expressometro.mx\/index.php\/wp-json\/wp\/v2\/comments?post=9958"}],"version-history":[{"count":1,"href":"https:\/\/expressometro.mx\/index.php\/wp-json\/wp\/v2\/posts\/9958\/revisions"}],"predecessor-version":[{"id":9962,"href":"https:\/\/expressometro.mx\/index.php\/wp-json\/wp\/v2\/posts\/9958\/revisions\/9962"}],"wp:featuredmedia":[{"embeddable":true,"href":"https:\/\/expressometro.mx\/index.php\/wp-json\/wp\/v2\/media\/9960"}],"wp:attachment":[{"href":"https:\/\/expressometro.mx\/index.php\/wp-json\/wp\/v2\/media?parent=9958"}],"wp:term":[{"taxonomy":"category","embeddable":true,"href":"https:\/\/expressometro.mx\/index.php\/wp-json\/wp\/v2\/categories?post=9958"},{"taxonomy":"post_tag","embeddable":true,"href":"https:\/\/expressometro.mx\/index.php\/wp-json\/wp\/v2\/tags?post=9958"}],"curies":[{"name":"wp","href":"https:\/\/api.w.org\/{rel}","templated":true}]}}