{"id":9928,"date":"2024-09-03T15:04:57","date_gmt":"2024-09-03T20:04:57","guid":{"rendered":"https:\/\/expressometro.mx\/?p=9928"},"modified":"2024-09-03T15:04:58","modified_gmt":"2024-09-03T20:04:58","slug":"chucho-izquierdo-cierra-un-ciclo-en-la-legislatura-con-alta-productividad","status":"publish","type":"post","link":"https:\/\/expressometro.mx\/index.php\/2024\/09\/03\/chucho-izquierdo-cierra-un-ciclo-en-la-legislatura-con-alta-productividad\/","title":{"rendered":"CHUCHO IZQUIERDO CIERRA UN CICLO EN LA LEGISLATURA CON ALTA PRODUCTIVIDAD"},"content":{"rendered":"\n<p><\/p>\n\n\n\n<p>El diputado pri\u00edsta Jes\u00fas Izquierdo Rojas presidi\u00f3 la Declaratoria de Instalaci\u00f3n y Constituci\u00f3n de la Diputaci\u00f3n Permanente de la LXI Legislatura, en funciones de Comisi\u00f3n Instaladora de la \u201cLXII\u201d Legislatura del Estado de M\u00e9xico previstos para el 4 de septiembre.<\/p>\n\n\n\n<p>El legislador sostuvo que los cambios sociales y pol\u00edticos lo llevan a terminar con en este cargo de Diputado Local. \u201cMi desarrollo profesional, pol\u00edtico y administrativo de 34 a\u00f1os, me ha permitido servir a mi pa\u00eds, mi estado y mi municipio. Nuestro amor por Toluca y por su gente trasciende cargos y posiciones\u201d.<\/p>\n\n\n\n<p>En ese sentido, convoc\u00f3 a seguir construyendo y trabajando por Toluca. Agreg\u00f3 que el trabajo de un Diputado no solo es de escritorio, tambien es de territorio, \u201ccaminando sus calles, visitando las comunidades y realizando gestiones de todo tipo, por ello realizamos acciones en favor de la gente\u201d.<\/p>\n\n\n\n<p>Como diputado local, fui testigo de la importancia del trabajo realizado en la LXI Legislatura Mexiquense. Hoy como Presidente de la Diputaci\u00f3n Permanente nos toca encabezar los trabajos de la Comisi\u00f3n Instaladora de la LXII Legislatura mexiquense, previstos para el pr\u00f3ximo 4 de septiembre.<\/p>\n","protected":false},"excerpt":{"rendered":"<p>El diputado pri\u00edsta Jes\u00fas Izquierdo Rojas presidi\u00f3 la Declaratoria de Instalaci\u00f3n y Constituci\u00f3n de la Diputaci\u00f3n Permanente de la LXI Legislatura, en funciones de Comisi\u00f3n Instaladora de la \u201cLXII\u201d Legislatura del Estado de M\u00e9xico previstos para el 4 de septiembre.<\/p>\n","protected":false},"author":1,"featured_media":9930,"comment_status":"open","ping_status":"open","sticky":false,"template":"","format":"standard","meta":{"footnotes":""},"categories":[3,1,231],"tags":[1982,86,2372,158],"class_list":["post-9928","post","type-post","status-publish","format-standard","has-post-thumbnail","hentry","category-gobierno","category-otros","category-politica","tag-edomex","tag-gem","tag-jesus-izquierdo-rojas","tag-pri"],"yoast_head":"<!-- This site is optimized with the Yoast SEO plugin v27.4 - https:\/\/yoast.com\/product\/yoast-seo-wordpress\/ -->\n<title>CHUCHO IZQUIERDO CIERRA UN CICLO EN LA LEGISLATURA CON ALTA PRODUCTIVIDAD - Expresso Metropolitano<\/title>\n<meta name=\"robots\" content=\"index, follow, max-snippet:-1, max-image-preview:large, max-video-preview:-1\" \/>\n<link rel=\"canonical\" href=\"https:\/\/expressometro.mx\/index.php\/2024\/09\/03\/chucho-izquierdo-cierra-un-ciclo-en-la-legislatura-con-alta-productividad\/\" \/>\n<meta property=\"og:locale\" content=\"es_MX\" \/>\n<meta property=\"og:type\" content=\"article\" \/>\n<meta property=\"og:title\" content=\"CHUCHO IZQUIERDO CIERRA UN CICLO EN LA LEGISLATURA CON ALTA PRODUCTIVIDAD - Expresso Metropolitano\" \/>\n<meta property=\"og:description\" content=\"El diputado pri\u00edsta Jes\u00fas Izquierdo Rojas presidi\u00f3 la Declaratoria de Instalaci\u00f3n y Constituci\u00f3n de la Diputaci\u00f3n Permanente de la LXI Legislatura, en funciones de Comisi\u00f3n Instaladora de la \u201cLXII\u201d Legislatura del Estado de M\u00e9xico previstos para el 4 de septiembre.\" \/>\n<meta property=\"og:url\" content=\"https:\/\/expressometro.mx\/index.php\/2024\/09\/03\/chucho-izquierdo-cierra-un-ciclo-en-la-legislatura-con-alta-productividad\/\" \/>\n<meta property=\"og:site_name\" content=\"Expresso Metropolitano\" \/>\n<meta property=\"article:published_time\" content=\"2024-09-03T20:04:57+00:00\" \/>\n<meta property=\"article:modified_time\" content=\"2024-09-03T20:04:58+00:00\" \/>\n<meta property=\"og:image\" content=\"http:\/\/expressometro.mx\/wp-content\/uploads\/2024\/09\/WhatsApp-Image-2024-09-03-at-12.15.45-PM.jpeg\" \/>\n\t<meta property=\"og:image:width\" content=\"960\" \/>\n\t<meta property=\"og:image:height\" content=\"729\" \/>\n\t<meta property=\"og:image:type\" content=\"image\/jpeg\" \/>\n<meta name=\"author\" content=\"Expresso Metropolitano\" \/>\n<meta name=\"twitter:label1\" content=\"Escrito por\" \/>\n\t<meta name=\"twitter:data1\" content=\"Expresso Metropolitano\" \/>\n\t<meta name=\"twitter:label2\" content=\"Tiempo de lectura\" \/>\n\t<meta name=\"twitter:data2\" content=\"2 minutos\" \/>\n<script type=\"application\/ld+json\" class=\"yoast-schema-graph\">{\"@context\":\"https:\\\/\\\/schema.org\",\"@graph\":[{\"@type\":\"Article\",\"@id\":\"https:\\\/\\\/expressometro.mx\\\/index.php\\\/2024\\\/09\\\/03\\\/chucho-izquierdo-cierra-un-ciclo-en-la-legislatura-con-alta-productividad\\\/#article\",\"isPartOf\":{\"@id\":\"https:\\\/\\\/expressometro.mx\\\/index.php\\\/2024\\\/09\\\/03\\\/chucho-izquierdo-cierra-un-ciclo-en-la-legislatura-con-alta-productividad\\\/\"},\"author\":{\"name\":\"Expresso Metropolitano\",\"@id\":\"https:\\\/\\\/expressometro.mx\\\/#\\\/schema\\\/person\\\/efa971b4a0664db8ed5c22b1b0dd2f5d\"},\"headline\":\"CHUCHO IZQUIERDO CIERRA UN CICLO EN LA LEGISLATURA CON ALTA PRODUCTIVIDAD\",\"datePublished\":\"2024-09-03T20:04:57+00:00\",\"dateModified\":\"2024-09-03T20:04:58+00:00\",\"mainEntityOfPage\":{\"@id\":\"https:\\\/\\\/expressometro.mx\\\/index.php\\\/2024\\\/09\\\/03\\\/chucho-izquierdo-cierra-un-ciclo-en-la-legislatura-con-alta-productividad\\\/\"},\"wordCount\":207,\"commentCount\":0,\"publisher\":{\"@id\":\"https:\\\/\\\/expressometro.mx\\\/#organization\"},\"image\":{\"@id\":\"https:\\\/\\\/expressometro.mx\\\/index.php\\\/2024\\\/09\\\/03\\\/chucho-izquierdo-cierra-un-ciclo-en-la-legislatura-con-alta-productividad\\\/#primaryimage\"},\"thumbnailUrl\":\"https:\\\/\\\/expressometro.mx\\\/wp-content\\\/uploads\\\/2024\\\/09\\\/WhatsApp-Image-2024-09-03-at-12.15.45-PM.jpeg\",\"keywords\":[\"Edomex\",\"GEM\",\"Jes\u00fas Izquierdo Rojas\",\"PRI\"],\"articleSection\":[\"Gobierno\",\"Otros\",\"Pol\u00edtica\"],\"inLanguage\":\"es\",\"potentialAction\":[{\"@type\":\"CommentAction\",\"name\":\"Comment\",\"target\":[\"https:\\\/\\\/expressometro.mx\\\/index.php\\\/2024\\\/09\\\/03\\\/chucho-izquierdo-cierra-un-ciclo-en-la-legislatura-con-alta-productividad\\\/#respond\"]}]},{\"@type\":\"WebPage\",\"@id\":\"https:\\\/\\\/expressometro.mx\\\/index.php\\\/2024\\\/09\\\/03\\\/chucho-izquierdo-cierra-un-ciclo-en-la-legislatura-con-alta-productividad\\\/\",\"url\":\"https:\\\/\\\/expressometro.mx\\\/index.php\\\/2024\\\/09\\\/03\\\/chucho-izquierdo-cierra-un-ciclo-en-la-legislatura-con-alta-productividad\\\/\",\"name\":\"CHUCHO IZQUIERDO CIERRA UN CICLO EN LA LEGISLATURA CON ALTA PRODUCTIVIDAD - Expresso Metropolitano\",\"isPartOf\":{\"@id\":\"https:\\\/\\\/expressometro.mx\\\/#website\"},\"primaryImageOfPage\":{\"@id\":\"https:\\\/\\\/expressometro.mx\\\/index.php\\\/2024\\\/09\\\/03\\\/chucho-izquierdo-cierra-un-ciclo-en-la-legislatura-con-alta-productividad\\\/#primaryimage\"},\"image\":{\"@id\":\"https:\\\/\\\/expressometro.mx\\\/index.php\\\/2024\\\/09\\\/03\\\/chucho-izquierdo-cierra-un-ciclo-en-la-legislatura-con-alta-productividad\\\/#primaryimage\"},\"thumbnailUrl\":\"https:\\\/\\\/expressometro.mx\\\/wp-content\\\/uploads\\\/2024\\\/09\\\/WhatsApp-Image-2024-09-03-at-12.15.45-PM.jpeg\",\"datePublished\":\"2024-09-03T20:04:57+00:00\",\"dateModified\":\"2024-09-03T20:04:58+00:00\",\"breadcrumb\":{\"@id\":\"https:\\\/\\\/expressometro.mx\\\/index.php\\\/2024\\\/09\\\/03\\\/chucho-izquierdo-cierra-un-ciclo-en-la-legislatura-con-alta-productividad\\\/#breadcrumb\"},\"inLanguage\":\"es\",\"potentialAction\":[{\"@type\":\"ReadAction\",\"target\":[\"https:\\\/\\\/expressometro.mx\\\/index.php\\\/2024\\\/09\\\/03\\\/chucho-izquierdo-cierra-un-ciclo-en-la-legislatura-con-alta-productividad\\\/\"]}]},{\"@type\":\"ImageObject\",\"inLanguage\":\"es\",\"@id\":\"https:\\\/\\\/expressometro.mx\\\/index.php\\\/2024\\\/09\\\/03\\\/chucho-izquierdo-cierra-un-ciclo-en-la-legislatura-con-alta-productividad\\\/#primaryimage\",\"url\":\"https:\\\/\\\/expressometro.mx\\\/wp-content\\\/uploads\\\/2024\\\/09\\\/WhatsApp-Image-2024-09-03-at-12.15.45-PM.jpeg\",\"contentUrl\":\"https:\\\/\\\/expressometro.mx\\\/wp-content\\\/uploads\\\/2024\\\/09\\\/WhatsApp-Image-2024-09-03-at-12.15.45-PM.jpeg\",\"width\":960,\"height\":729},{\"@type\":\"BreadcrumbList\",\"@id\":\"https:\\\/\\\/expressometro.mx\\\/index.php\\\/2024\\\/09\\\/03\\\/chucho-izquierdo-cierra-un-ciclo-en-la-legislatura-con-alta-productividad\\\/#breadcrumb\",\"itemListElement\":[{\"@type\":\"ListItem\",\"position\":1,\"name\":\"Inicio\",\"item\":\"https:\\\/\\\/expressometro.mx\\\/\"},{\"@type\":\"ListItem\",\"position\":2,\"name\":\"CHUCHO IZQUIERDO CIERRA UN CICLO EN LA LEGISLATURA CON ALTA PRODUCTIVIDAD\"}]},{\"@type\":\"WebSite\",\"@id\":\"https:\\\/\\\/expressometro.mx\\\/#website\",\"url\":\"https:\\\/\\\/expressometro.mx\\\/\",\"name\":\"Expresso Metropolitano\",\"description\":\"Periodismo comprometido, informaci\u00f3n, investigaci\u00f3n y an\u00e1lisis\",\"publisher\":{\"@id\":\"https:\\\/\\\/expressometro.mx\\\/#organization\"},\"potentialAction\":[{\"@type\":\"SearchAction\",\"target\":{\"@type\":\"EntryPoint\",\"urlTemplate\":\"https:\\\/\\\/expressometro.mx\\\/?s={search_term_string}\"},\"query-input\":{\"@type\":\"PropertyValueSpecification\",\"valueRequired\":true,\"valueName\":\"search_term_string\"}}],\"inLanguage\":\"es\"},{\"@type\":\"Organization\",\"@id\":\"https:\\\/\\\/expressometro.mx\\\/#organization\",\"name\":\"Expresso Metropolitano\",\"url\":\"https:\\\/\\\/expressometro.mx\\\/\",\"logo\":{\"@type\":\"ImageObject\",\"inLanguage\":\"es\",\"@id\":\"https:\\\/\\\/expressometro.mx\\\/#\\\/schema\\\/logo\\\/image\\\/\",\"url\":\"https:\\\/\\\/expressometro.mx\\\/wp-content\\\/uploads\\\/2019\\\/07\\\/cropped-Logo-Expresso-Metropolitano-1-1.jpeg\",\"contentUrl\":\"https:\\\/\\\/expressometro.mx\\\/wp-content\\\/uploads\\\/2019\\\/07\\\/cropped-Logo-Expresso-Metropolitano-1-1.jpeg\",\"width\":290,\"height\":73,\"caption\":\"Expresso Metropolitano\"},\"image\":{\"@id\":\"https:\\\/\\\/expressometro.mx\\\/#\\\/schema\\\/logo\\\/image\\\/\"}},{\"@type\":\"Person\",\"@id\":\"https:\\\/\\\/expressometro.mx\\\/#\\\/schema\\\/person\\\/efa971b4a0664db8ed5c22b1b0dd2f5d\",\"name\":\"Expresso Metropolitano\",\"image\":{\"@type\":\"ImageObject\",\"inLanguage\":\"es\",\"@id\":\"https:\\\/\\\/secure.gravatar.com\\\/avatar\\\/a89f802b8de18c6952f223c88d3d106e9e3679839f4e25a02f4a6cc2ae6ba3b3?s=96&d=mm&r=g\",\"url\":\"https:\\\/\\\/secure.gravatar.com\\\/avatar\\\/a89f802b8de18c6952f223c88d3d106e9e3679839f4e25a02f4a6cc2ae6ba3b3?s=96&d=mm&r=g\",\"contentUrl\":\"https:\\\/\\\/secure.gravatar.com\\\/avatar\\\/a89f802b8de18c6952f223c88d3d106e9e3679839f4e25a02f4a6cc2ae6ba3b3?s=96&d=mm&r=g\",\"caption\":\"Expresso Metropolitano\"},\"url\":\"https:\\\/\\\/expressometro.mx\\\/index.php\\\/author\\\/diego\\\/\"}]}<\/script>\n<!-- \/ Yoast SEO plugin. -->","yoast_head_json":{"title":"CHUCHO IZQUIERDO CIERRA UN CICLO EN LA LEGISLATURA CON ALTA PRODUCTIVIDAD - Expresso Metropolitano","robots":{"index":"index","follow":"follow","max-snippet":"max-snippet:-1","max-image-preview":"max-image-preview:large","max-video-preview":"max-video-preview:-1"},"canonical":"https:\/\/expressometro.mx\/index.php\/2024\/09\/03\/chucho-izquierdo-cierra-un-ciclo-en-la-legislatura-con-alta-productividad\/","og_locale":"es_MX","og_type":"article","og_title":"CHUCHO IZQUIERDO CIERRA UN CICLO EN LA LEGISLATURA CON ALTA PRODUCTIVIDAD - Expresso Metropolitano","og_description":"El diputado pri\u00edsta Jes\u00fas Izquierdo Rojas presidi\u00f3 la Declaratoria de Instalaci\u00f3n y Constituci\u00f3n de la Diputaci\u00f3n Permanente de la LXI Legislatura, en funciones de Comisi\u00f3n Instaladora de la \u201cLXII\u201d Legislatura del Estado de M\u00e9xico previstos para el 4 de septiembre.","og_url":"https:\/\/expressometro.mx\/index.php\/2024\/09\/03\/chucho-izquierdo-cierra-un-ciclo-en-la-legislatura-con-alta-productividad\/","og_site_name":"Expresso Metropolitano","article_published_time":"2024-09-03T20:04:57+00:00","article_modified_time":"2024-09-03T20:04:58+00:00","og_image":[{"width":960,"height":729,"url":"http:\/\/expressometro.mx\/wp-content\/uploads\/2024\/09\/WhatsApp-Image-2024-09-03-at-12.15.45-PM.jpeg","type":"image\/jpeg"}],"author":"Expresso Metropolitano","twitter_misc":{"Escrito por":"Expresso Metropolitano","Tiempo de lectura":"2 minutos"},"schema":{"@context":"https:\/\/schema.org","@graph":[{"@type":"Article","@id":"https:\/\/expressometro.mx\/index.php\/2024\/09\/03\/chucho-izquierdo-cierra-un-ciclo-en-la-legislatura-con-alta-productividad\/#article","isPartOf":{"@id":"https:\/\/expressometro.mx\/index.php\/2024\/09\/03\/chucho-izquierdo-cierra-un-ciclo-en-la-legislatura-con-alta-productividad\/"},"author":{"name":"Expresso Metropolitano","@id":"https:\/\/expressometro.mx\/#\/schema\/person\/efa971b4a0664db8ed5c22b1b0dd2f5d"},"headline":"CHUCHO IZQUIERDO CIERRA UN CICLO EN LA LEGISLATURA CON ALTA PRODUCTIVIDAD","datePublished":"2024-09-03T20:04:57+00:00","dateModified":"2024-09-03T20:04:58+00:00","mainEntityOfPage":{"@id":"https:\/\/expressometro.mx\/index.php\/2024\/09\/03\/chucho-izquierdo-cierra-un-ciclo-en-la-legislatura-con-alta-productividad\/"},"wordCount":207,"commentCount":0,"publisher":{"@id":"https:\/\/expressometro.mx\/#organization"},"image":{"@id":"https:\/\/expressometro.mx\/index.php\/2024\/09\/03\/chucho-izquierdo-cierra-un-ciclo-en-la-legislatura-con-alta-productividad\/#primaryimage"},"thumbnailUrl":"https:\/\/expressometro.mx\/wp-content\/uploads\/2024\/09\/WhatsApp-Image-2024-09-03-at-12.15.45-PM.jpeg","keywords":["Edomex","GEM","Jes\u00fas Izquierdo Rojas","PRI"],"articleSection":["Gobierno","Otros","Pol\u00edtica"],"inLanguage":"es","potentialAction":[{"@type":"CommentAction","name":"Comment","target":["https:\/\/expressometro.mx\/index.php\/2024\/09\/03\/chucho-izquierdo-cierra-un-ciclo-en-la-legislatura-con-alta-productividad\/#respond"]}]},{"@type":"WebPage","@id":"https:\/\/expressometro.mx\/index.php\/2024\/09\/03\/chucho-izquierdo-cierra-un-ciclo-en-la-legislatura-con-alta-productividad\/","url":"https:\/\/expressometro.mx\/index.php\/2024\/09\/03\/chucho-izquierdo-cierra-un-ciclo-en-la-legislatura-con-alta-productividad\/","name":"CHUCHO IZQUIERDO CIERRA UN CICLO EN LA LEGISLATURA CON ALTA PRODUCTIVIDAD - Expresso Metropolitano","isPartOf":{"@id":"https:\/\/expressometro.mx\/#website"},"primaryImageOfPage":{"@id":"https:\/\/expressometro.mx\/index.php\/2024\/09\/03\/chucho-izquierdo-cierra-un-ciclo-en-la-legislatura-con-alta-productividad\/#primaryimage"},"image":{"@id":"https:\/\/expressometro.mx\/index.php\/2024\/09\/03\/chucho-izquierdo-cierra-un-ciclo-en-la-legislatura-con-alta-productividad\/#primaryimage"},"thumbnailUrl":"https:\/\/expressometro.mx\/wp-content\/uploads\/2024\/09\/WhatsApp-Image-2024-09-03-at-12.15.45-PM.jpeg","datePublished":"2024-09-03T20:04:57+00:00","dateModified":"2024-09-03T20:04:58+00:00","breadcrumb":{"@id":"https:\/\/expressometro.mx\/index.php\/2024\/09\/03\/chucho-izquierdo-cierra-un-ciclo-en-la-legislatura-con-alta-productividad\/#breadcrumb"},"inLanguage":"es","potentialAction":[{"@type":"ReadAction","target":["https:\/\/expressometro.mx\/index.php\/2024\/09\/03\/chucho-izquierdo-cierra-un-ciclo-en-la-legislatura-con-alta-productividad\/"]}]},{"@type":"ImageObject","inLanguage":"es","@id":"https:\/\/expressometro.mx\/index.php\/2024\/09\/03\/chucho-izquierdo-cierra-un-ciclo-en-la-legislatura-con-alta-productividad\/#primaryimage","url":"https:\/\/expressometro.mx\/wp-content\/uploads\/2024\/09\/WhatsApp-Image-2024-09-03-at-12.15.45-PM.jpeg","contentUrl":"https:\/\/expressometro.mx\/wp-content\/uploads\/2024\/09\/WhatsApp-Image-2024-09-03-at-12.15.45-PM.jpeg","width":960,"height":729},{"@type":"BreadcrumbList","@id":"https:\/\/expressometro.mx\/index.php\/2024\/09\/03\/chucho-izquierdo-cierra-un-ciclo-en-la-legislatura-con-alta-productividad\/#breadcrumb","itemListElement":[{"@type":"ListItem","position":1,"name":"Inicio","item":"https:\/\/expressometro.mx\/"},{"@type":"ListItem","position":2,"name":"CHUCHO IZQUIERDO CIERRA UN CICLO EN LA LEGISLATURA CON ALTA PRODUCTIVIDAD"}]},{"@type":"WebSite","@id":"https:\/\/expressometro.mx\/#website","url":"https:\/\/expressometro.mx\/","name":"Expresso Metropolitano","description":"Periodismo comprometido, informaci\u00f3n, investigaci\u00f3n y an\u00e1lisis","publisher":{"@id":"https:\/\/expressometro.mx\/#organization"},"potentialAction":[{"@type":"SearchAction","target":{"@type":"EntryPoint","urlTemplate":"https:\/\/expressometro.mx\/?s={search_term_string}"},"query-input":{"@type":"PropertyValueSpecification","valueRequired":true,"valueName":"search_term_string"}}],"inLanguage":"es"},{"@type":"Organization","@id":"https:\/\/expressometro.mx\/#organization","name":"Expresso Metropolitano","url":"https:\/\/expressometro.mx\/","logo":{"@type":"ImageObject","inLanguage":"es","@id":"https:\/\/expressometro.mx\/#\/schema\/logo\/image\/","url":"https:\/\/expressometro.mx\/wp-content\/uploads\/2019\/07\/cropped-Logo-Expresso-Metropolitano-1-1.jpeg","contentUrl":"https:\/\/expressometro.mx\/wp-content\/uploads\/2019\/07\/cropped-Logo-Expresso-Metropolitano-1-1.jpeg","width":290,"height":73,"caption":"Expresso Metropolitano"},"image":{"@id":"https:\/\/expressometro.mx\/#\/schema\/logo\/image\/"}},{"@type":"Person","@id":"https:\/\/expressometro.mx\/#\/schema\/person\/efa971b4a0664db8ed5c22b1b0dd2f5d","name":"Expresso Metropolitano","image":{"@type":"ImageObject","inLanguage":"es","@id":"https:\/\/secure.gravatar.com\/avatar\/a89f802b8de18c6952f223c88d3d106e9e3679839f4e25a02f4a6cc2ae6ba3b3?s=96&d=mm&r=g","url":"https:\/\/secure.gravatar.com\/avatar\/a89f802b8de18c6952f223c88d3d106e9e3679839f4e25a02f4a6cc2ae6ba3b3?s=96&d=mm&r=g","contentUrl":"https:\/\/secure.gravatar.com\/avatar\/a89f802b8de18c6952f223c88d3d106e9e3679839f4e25a02f4a6cc2ae6ba3b3?s=96&d=mm&r=g","caption":"Expresso Metropolitano"},"url":"https:\/\/expressometro.mx\/index.php\/author\/diego\/"}]}},"amp_enabled":true,"_links":{"self":[{"href":"https:\/\/expressometro.mx\/index.php\/wp-json\/wp\/v2\/posts\/9928","targetHints":{"allow":["GET"]}}],"collection":[{"href":"https:\/\/expressometro.mx\/index.php\/wp-json\/wp\/v2\/posts"}],"about":[{"href":"https:\/\/expressometro.mx\/index.php\/wp-json\/wp\/v2\/types\/post"}],"author":[{"embeddable":true,"href":"https:\/\/expressometro.mx\/index.php\/wp-json\/wp\/v2\/users\/1"}],"replies":[{"embeddable":true,"href":"https:\/\/expressometro.mx\/index.php\/wp-json\/wp\/v2\/comments?post=9928"}],"version-history":[{"count":1,"href":"https:\/\/expressometro.mx\/index.php\/wp-json\/wp\/v2\/posts\/9928\/revisions"}],"predecessor-version":[{"id":9931,"href":"https:\/\/expressometro.mx\/index.php\/wp-json\/wp\/v2\/posts\/9928\/revisions\/9931"}],"wp:featuredmedia":[{"embeddable":true,"href":"https:\/\/expressometro.mx\/index.php\/wp-json\/wp\/v2\/media\/9930"}],"wp:attachment":[{"href":"https:\/\/expressometro.mx\/index.php\/wp-json\/wp\/v2\/media?parent=9928"}],"wp:term":[{"taxonomy":"category","embeddable":true,"href":"https:\/\/expressometro.mx\/index.php\/wp-json\/wp\/v2\/categories?post=9928"},{"taxonomy":"post_tag","embeddable":true,"href":"https:\/\/expressometro.mx\/index.php\/wp-json\/wp\/v2\/tags?post=9928"}],"curies":[{"name":"wp","href":"https:\/\/api.w.org\/{rel}","templated":true}]}}