{"id":9908,"date":"2024-08-25T09:36:08","date_gmt":"2024-08-25T14:36:08","guid":{"rendered":"https:\/\/expressometro.mx\/?p=9908"},"modified":"2024-09-03T09:38:44","modified_gmt":"2024-09-03T14:38:44","slug":"refrenda-uaemex-su-compromiso-con-la-comunidad-universitaria-del-campus-el-cerrillo","status":"publish","type":"post","link":"https:\/\/expressometro.mx\/index.php\/2024\/08\/25\/refrenda-uaemex-su-compromiso-con-la-comunidad-universitaria-del-campus-el-cerrillo\/","title":{"rendered":"REFRENDA UAEM\u00e9x SU COMPROMISO CON LA COMUNIDAD UNIVERSITARIA DEL CAMPUS \u201cEL CERRILLO\u201d"},"content":{"rendered":"\n<p><\/p>\n\n\n\n<p>* El rector de la UAEM\u00e9x, Carlos Eduardo Barrera D\u00edaz, encabez\u00f3 la lectura del Primer Informe Anual de Actividades del director de la Facultad de Medicina Veterinaria y Zootecnia, Desiderio Rodr\u00edguez Vel\u00e1zquez.<\/p>\n\n\n\n<p>* Previo a la lectura del informe, Barrera D\u00edaz y el director del ISSEMYM, Ignacio Salgado Garc\u00eda, inauguraron el Consultorio M\u00e9dico UAEM\u00e9x \u201cEl Cerrillo\u201d ISSEMYM, que atender\u00e1 al personal administrativo y acad\u00e9mico afiliado a esta instituci\u00f3n de salud de las facultades que conforman a este campus.<\/p>\n\n\n\n<p>La Facultad de Medicina Veterinaria y Zootecnia forma profesionales capaces de generar mayor eficiencia en este sector, al cumplir con los est\u00e1ndares \u00e9ticos en el tratamiento y manejo de los animales y que contribuyen a la prevenci\u00f3n de enfermedades zoon\u00f3ticas, lo cual es vital para la salud p\u00fablica, asegur\u00f3 el rector de la Universidad Aut\u00f3noma del Estado de M\u00e9xico (UAEM\u00e9x), Carlos Eduardo Barrera D\u00edaz, durante la lectura del Primer Informe Anual de Actividades del director de este espacio acad\u00e9mico, Desiderio Rodr\u00edguez Vel\u00e1zquez.<\/p>\n\n\n\n<p>Previo a la lectura del informe, Barrera D\u00edaz y el director del Instituto de Seguridad Social del Estado de M\u00e9xico y Municipios (ISSEMYM), Ignacio Salgado Garc\u00eda, inauguraron el Consultorio M\u00e9dico UAEM\u00e9x \u201cEl Cerrillo\u201d ISSEMYM, que atender\u00e1 al personal administrativo y acad\u00e9mico afiliado a esta instituci\u00f3n de salud de los espacios universitarios que conforman este campus.<\/p>\n\n\n\n<p>Asimismo, Barrera D\u00edaz hizo entrega del reforzamiento estructural del Edificio \u201cB\u201d de la Facultad de Medicina Veterinaria y Zootecnia, el andador del acceso principal y cambio de luminarias del Hospital de Grandes Especies, la reparaci\u00f3n de techumbre en bodega de alimentos, 410 pupitres, ocho pantallas de proyecci\u00f3n el\u00e9ctricas, 25 computadoras de \u00faltima generaci\u00f3n y 25 sillas para personal administrativo, as\u00ed como dos cortasetos, dos desbrozadoras y una m\u00e1quina de anestesia para el \u00e1rea de tomograf\u00eda, en beneficio de su comunidad universitaria.<\/p>\n\n\n\n<p>En el auditorio M. en C. \u201cPomposo Fern\u00e1ndez Rosas\u201d, el rector de la UAEM\u00e9x entreg\u00f3 tres preseas al m\u00e9rito universitario \u201cIgnacio Manuel Altamirano Basilio\u201d 2024 y resalt\u00f3 la excelencia acad\u00e9mica de este espacio universitario, pues las especialidades en Producci\u00f3n Ovina, y en Medicina y Cirug\u00eda en Perros y Gatos, as\u00ed como los programas de Maestr\u00eda y Doctorado en Ciencias Agropecuarias y Recursos Naturales forman parte del Sistema Nacional de Posgrados del Consejo Nacional de Humanidades, Ciencias y Tecnolog\u00edas (CONAHCYT).<\/p>\n\n\n\n<p>En este sentido, asever\u00f3 que la Facultad de Medicina Veterinaria y Zootecnia cumple activamente con su responsabilidad social mediante el Programa de Esterilizaci\u00f3n de Perros y Gatos, pues a 10 a\u00f1os de su creaci\u00f3n ya registra m\u00e1s de 41 mil tratamientos de cirug\u00eda en estas especies, realizando m\u00e1s de 15 mil a lo largo de la Administraci\u00f3n Universitaria 2021-2025.<\/p>\n\n\n\n<p>Barrera D\u00edaz explic\u00f3 que una parte elemental de este desarrollo acad\u00e9mico son sus 59 profesores y profesoras de tiempo completo, de los cuales, 31 pertenecen al Sistema Nacional de Investigadoras e Investigadores (SNII), pues su comunidad docente ha contribuido al conocimiento en esta rama de estudio mediante 22 productos de investigaci\u00f3n y m\u00e1s de 50 art\u00edculos cient\u00edficos.<\/p>\n\n\n\n<p>En este ejercicio de transparencia, Rodr\u00edguez Vel\u00e1zquez destac\u00f3 que durante su primer a\u00f1o de gesti\u00f3n, la Facultad de Medicina Veterinaria y Zootecnia registr\u00f3 una matr\u00edcula de 791 estudiantes, de los cuales, 63.3 por ciento son mujeres y 36.7 por ciento son hombres, quienes en su totalidad cuentan con el Programa Institucional de Tutor\u00eda Acad\u00e9mica.<\/p>\n\n\n\n<p>Al acto asistieron la secretaria de Administraci\u00f3n, Er\u00e9ndira Fierro Moreno; la secretaria de Planeaci\u00f3n y Desarrollo Institucional, Mar\u00eda Esther Aurora Contreras Lara Vega; el profesor consejero universitario, Rafael Cano Torres; la alumna consejera universitaria, Mariana Valeria Carbajal Carbajal; ex directoras y ex directores de la Facultad de Medicina Veterinaria y Zootecnia, invitados del sector p\u00fablico y zootecnista en los \u00e1mbitos federal y estatal, directores de los espacios acad\u00e9micos del campus, integrantes del Gabinete Universitario y del Colegio de Directores, as\u00ed como la comunidad universitaria.<\/p>\n","protected":false},"excerpt":{"rendered":"<p>El rector de la UAEM\u00e9x, Carlos Eduardo Barrera D\u00edaz, encabez\u00f3 la lectura del Primer Informe Anual de Actividades del director de la Facultad de Medicina Veterinaria y Zootecnia, Desiderio Rodr\u00edguez Vel\u00e1zquez.<\/p>\n","protected":false},"author":1,"featured_media":9910,"comment_status":"open","ping_status":"open","sticky":false,"template":"","format":"standard","meta":{"footnotes":""},"categories":[3,1,231],"tags":[313,1982,82],"class_list":["post-9908","post","type-post","status-publish","format-standard","has-post-thumbnail","hentry","category-gobierno","category-otros","category-politica","tag-carlos-eduardo-barrera-diaz","tag-edomex","tag-uaemex"],"yoast_head":"<!-- This site is optimized with the Yoast SEO plugin v27.4 - https:\/\/yoast.com\/product\/yoast-seo-wordpress\/ -->\n<title>REFRENDA UAEM\u00e9x SU COMPROMISO CON LA COMUNIDAD UNIVERSITARIA DEL CAMPUS \u201cEL CERRILLO\u201d - Expresso Metropolitano<\/title>\n<meta name=\"robots\" content=\"index, follow, max-snippet:-1, max-image-preview:large, max-video-preview:-1\" \/>\n<link rel=\"canonical\" href=\"https:\/\/expressometro.mx\/index.php\/2024\/08\/25\/refrenda-uaemex-su-compromiso-con-la-comunidad-universitaria-del-campus-el-cerrillo\/\" \/>\n<meta property=\"og:locale\" content=\"es_MX\" \/>\n<meta property=\"og:type\" content=\"article\" \/>\n<meta property=\"og:title\" content=\"REFRENDA UAEM\u00e9x SU COMPROMISO CON LA COMUNIDAD UNIVERSITARIA DEL CAMPUS \u201cEL CERRILLO\u201d - Expresso Metropolitano\" \/>\n<meta property=\"og:description\" content=\"El rector de la UAEM\u00e9x, Carlos Eduardo Barrera D\u00edaz, encabez\u00f3 la lectura del Primer Informe Anual de Actividades del director de la Facultad de Medicina Veterinaria y Zootecnia, Desiderio Rodr\u00edguez Vel\u00e1zquez.\" \/>\n<meta property=\"og:url\" content=\"https:\/\/expressometro.mx\/index.php\/2024\/08\/25\/refrenda-uaemex-su-compromiso-con-la-comunidad-universitaria-del-campus-el-cerrillo\/\" \/>\n<meta property=\"og:site_name\" content=\"Expresso Metropolitano\" \/>\n<meta property=\"article:published_time\" content=\"2024-08-25T14:36:08+00:00\" \/>\n<meta property=\"article:modified_time\" content=\"2024-09-03T14:38:44+00:00\" \/>\n<meta property=\"og:image\" content=\"http:\/\/expressometro.mx\/wp-content\/uploads\/2024\/09\/WhatsApp-Image-2024-09-03-at-8.37.50-AM.jpeg\" \/>\n\t<meta property=\"og:image:width\" content=\"800\" \/>\n\t<meta property=\"og:image:height\" content=\"535\" \/>\n\t<meta property=\"og:image:type\" content=\"image\/jpeg\" \/>\n<meta name=\"author\" content=\"Expresso Metropolitano\" \/>\n<meta name=\"twitter:label1\" content=\"Escrito por\" \/>\n\t<meta name=\"twitter:data1\" content=\"Expresso Metropolitano\" \/>\n\t<meta name=\"twitter:label2\" content=\"Tiempo de lectura\" \/>\n\t<meta name=\"twitter:data2\" content=\"4 minutos\" \/>\n<script type=\"application\/ld+json\" class=\"yoast-schema-graph\">{\"@context\":\"https:\\\/\\\/schema.org\",\"@graph\":[{\"@type\":\"Article\",\"@id\":\"https:\\\/\\\/expressometro.mx\\\/index.php\\\/2024\\\/08\\\/25\\\/refrenda-uaemex-su-compromiso-con-la-comunidad-universitaria-del-campus-el-cerrillo\\\/#article\",\"isPartOf\":{\"@id\":\"https:\\\/\\\/expressometro.mx\\\/index.php\\\/2024\\\/08\\\/25\\\/refrenda-uaemex-su-compromiso-con-la-comunidad-universitaria-del-campus-el-cerrillo\\\/\"},\"author\":{\"name\":\"Expresso Metropolitano\",\"@id\":\"https:\\\/\\\/expressometro.mx\\\/#\\\/schema\\\/person\\\/efa971b4a0664db8ed5c22b1b0dd2f5d\"},\"headline\":\"REFRENDA UAEM\u00e9x SU COMPROMISO CON LA COMUNIDAD UNIVERSITARIA DEL CAMPUS \u201cEL CERRILLO\u201d\",\"datePublished\":\"2024-08-25T14:36:08+00:00\",\"dateModified\":\"2024-09-03T14:38:44+00:00\",\"mainEntityOfPage\":{\"@id\":\"https:\\\/\\\/expressometro.mx\\\/index.php\\\/2024\\\/08\\\/25\\\/refrenda-uaemex-su-compromiso-con-la-comunidad-universitaria-del-campus-el-cerrillo\\\/\"},\"wordCount\":695,\"commentCount\":0,\"publisher\":{\"@id\":\"https:\\\/\\\/expressometro.mx\\\/#organization\"},\"image\":{\"@id\":\"https:\\\/\\\/expressometro.mx\\\/index.php\\\/2024\\\/08\\\/25\\\/refrenda-uaemex-su-compromiso-con-la-comunidad-universitaria-del-campus-el-cerrillo\\\/#primaryimage\"},\"thumbnailUrl\":\"https:\\\/\\\/expressometro.mx\\\/wp-content\\\/uploads\\\/2024\\\/09\\\/WhatsApp-Image-2024-09-03-at-8.37.50-AM.jpeg\",\"keywords\":[\"Carlos Eduardo Barrera D\u00edaz\",\"Edomex\",\"UAEMex\"],\"articleSection\":[\"Gobierno\",\"Otros\",\"Pol\u00edtica\"],\"inLanguage\":\"es\",\"potentialAction\":[{\"@type\":\"CommentAction\",\"name\":\"Comment\",\"target\":[\"https:\\\/\\\/expressometro.mx\\\/index.php\\\/2024\\\/08\\\/25\\\/refrenda-uaemex-su-compromiso-con-la-comunidad-universitaria-del-campus-el-cerrillo\\\/#respond\"]}]},{\"@type\":\"WebPage\",\"@id\":\"https:\\\/\\\/expressometro.mx\\\/index.php\\\/2024\\\/08\\\/25\\\/refrenda-uaemex-su-compromiso-con-la-comunidad-universitaria-del-campus-el-cerrillo\\\/\",\"url\":\"https:\\\/\\\/expressometro.mx\\\/index.php\\\/2024\\\/08\\\/25\\\/refrenda-uaemex-su-compromiso-con-la-comunidad-universitaria-del-campus-el-cerrillo\\\/\",\"name\":\"REFRENDA UAEM\u00e9x SU COMPROMISO CON LA COMUNIDAD UNIVERSITARIA DEL CAMPUS \u201cEL CERRILLO\u201d - Expresso Metropolitano\",\"isPartOf\":{\"@id\":\"https:\\\/\\\/expressometro.mx\\\/#website\"},\"primaryImageOfPage\":{\"@id\":\"https:\\\/\\\/expressometro.mx\\\/index.php\\\/2024\\\/08\\\/25\\\/refrenda-uaemex-su-compromiso-con-la-comunidad-universitaria-del-campus-el-cerrillo\\\/#primaryimage\"},\"image\":{\"@id\":\"https:\\\/\\\/expressometro.mx\\\/index.php\\\/2024\\\/08\\\/25\\\/refrenda-uaemex-su-compromiso-con-la-comunidad-universitaria-del-campus-el-cerrillo\\\/#primaryimage\"},\"thumbnailUrl\":\"https:\\\/\\\/expressometro.mx\\\/wp-content\\\/uploads\\\/2024\\\/09\\\/WhatsApp-Image-2024-09-03-at-8.37.50-AM.jpeg\",\"datePublished\":\"2024-08-25T14:36:08+00:00\",\"dateModified\":\"2024-09-03T14:38:44+00:00\",\"breadcrumb\":{\"@id\":\"https:\\\/\\\/expressometro.mx\\\/index.php\\\/2024\\\/08\\\/25\\\/refrenda-uaemex-su-compromiso-con-la-comunidad-universitaria-del-campus-el-cerrillo\\\/#breadcrumb\"},\"inLanguage\":\"es\",\"potentialAction\":[{\"@type\":\"ReadAction\",\"target\":[\"https:\\\/\\\/expressometro.mx\\\/index.php\\\/2024\\\/08\\\/25\\\/refrenda-uaemex-su-compromiso-con-la-comunidad-universitaria-del-campus-el-cerrillo\\\/\"]}]},{\"@type\":\"ImageObject\",\"inLanguage\":\"es\",\"@id\":\"https:\\\/\\\/expressometro.mx\\\/index.php\\\/2024\\\/08\\\/25\\\/refrenda-uaemex-su-compromiso-con-la-comunidad-universitaria-del-campus-el-cerrillo\\\/#primaryimage\",\"url\":\"https:\\\/\\\/expressometro.mx\\\/wp-content\\\/uploads\\\/2024\\\/09\\\/WhatsApp-Image-2024-09-03-at-8.37.50-AM.jpeg\",\"contentUrl\":\"https:\\\/\\\/expressometro.mx\\\/wp-content\\\/uploads\\\/2024\\\/09\\\/WhatsApp-Image-2024-09-03-at-8.37.50-AM.jpeg\",\"width\":800,\"height\":535},{\"@type\":\"BreadcrumbList\",\"@id\":\"https:\\\/\\\/expressometro.mx\\\/index.php\\\/2024\\\/08\\\/25\\\/refrenda-uaemex-su-compromiso-con-la-comunidad-universitaria-del-campus-el-cerrillo\\\/#breadcrumb\",\"itemListElement\":[{\"@type\":\"ListItem\",\"position\":1,\"name\":\"Inicio\",\"item\":\"https:\\\/\\\/expressometro.mx\\\/\"},{\"@type\":\"ListItem\",\"position\":2,\"name\":\"REFRENDA UAEM\u00e9x SU COMPROMISO CON LA COMUNIDAD UNIVERSITARIA DEL CAMPUS \u201cEL CERRILLO\u201d\"}]},{\"@type\":\"WebSite\",\"@id\":\"https:\\\/\\\/expressometro.mx\\\/#website\",\"url\":\"https:\\\/\\\/expressometro.mx\\\/\",\"name\":\"Expresso Metropolitano\",\"description\":\"Periodismo comprometido, informaci\u00f3n, investigaci\u00f3n y an\u00e1lisis\",\"publisher\":{\"@id\":\"https:\\\/\\\/expressometro.mx\\\/#organization\"},\"potentialAction\":[{\"@type\":\"SearchAction\",\"target\":{\"@type\":\"EntryPoint\",\"urlTemplate\":\"https:\\\/\\\/expressometro.mx\\\/?s={search_term_string}\"},\"query-input\":{\"@type\":\"PropertyValueSpecification\",\"valueRequired\":true,\"valueName\":\"search_term_string\"}}],\"inLanguage\":\"es\"},{\"@type\":\"Organization\",\"@id\":\"https:\\\/\\\/expressometro.mx\\\/#organization\",\"name\":\"Expresso Metropolitano\",\"url\":\"https:\\\/\\\/expressometro.mx\\\/\",\"logo\":{\"@type\":\"ImageObject\",\"inLanguage\":\"es\",\"@id\":\"https:\\\/\\\/expressometro.mx\\\/#\\\/schema\\\/logo\\\/image\\\/\",\"url\":\"https:\\\/\\\/expressometro.mx\\\/wp-content\\\/uploads\\\/2019\\\/07\\\/cropped-Logo-Expresso-Metropolitano-1-1.jpeg\",\"contentUrl\":\"https:\\\/\\\/expressometro.mx\\\/wp-content\\\/uploads\\\/2019\\\/07\\\/cropped-Logo-Expresso-Metropolitano-1-1.jpeg\",\"width\":290,\"height\":73,\"caption\":\"Expresso Metropolitano\"},\"image\":{\"@id\":\"https:\\\/\\\/expressometro.mx\\\/#\\\/schema\\\/logo\\\/image\\\/\"}},{\"@type\":\"Person\",\"@id\":\"https:\\\/\\\/expressometro.mx\\\/#\\\/schema\\\/person\\\/efa971b4a0664db8ed5c22b1b0dd2f5d\",\"name\":\"Expresso Metropolitano\",\"image\":{\"@type\":\"ImageObject\",\"inLanguage\":\"es\",\"@id\":\"https:\\\/\\\/secure.gravatar.com\\\/avatar\\\/a89f802b8de18c6952f223c88d3d106e9e3679839f4e25a02f4a6cc2ae6ba3b3?s=96&d=mm&r=g\",\"url\":\"https:\\\/\\\/secure.gravatar.com\\\/avatar\\\/a89f802b8de18c6952f223c88d3d106e9e3679839f4e25a02f4a6cc2ae6ba3b3?s=96&d=mm&r=g\",\"contentUrl\":\"https:\\\/\\\/secure.gravatar.com\\\/avatar\\\/a89f802b8de18c6952f223c88d3d106e9e3679839f4e25a02f4a6cc2ae6ba3b3?s=96&d=mm&r=g\",\"caption\":\"Expresso Metropolitano\"},\"url\":\"https:\\\/\\\/expressometro.mx\\\/index.php\\\/author\\\/diego\\\/\"}]}<\/script>\n<!-- \/ Yoast SEO plugin. -->","yoast_head_json":{"title":"REFRENDA UAEM\u00e9x SU COMPROMISO CON LA COMUNIDAD UNIVERSITARIA DEL CAMPUS \u201cEL CERRILLO\u201d - Expresso Metropolitano","robots":{"index":"index","follow":"follow","max-snippet":"max-snippet:-1","max-image-preview":"max-image-preview:large","max-video-preview":"max-video-preview:-1"},"canonical":"https:\/\/expressometro.mx\/index.php\/2024\/08\/25\/refrenda-uaemex-su-compromiso-con-la-comunidad-universitaria-del-campus-el-cerrillo\/","og_locale":"es_MX","og_type":"article","og_title":"REFRENDA UAEM\u00e9x SU COMPROMISO CON LA COMUNIDAD UNIVERSITARIA DEL CAMPUS \u201cEL CERRILLO\u201d - Expresso Metropolitano","og_description":"El rector de la UAEM\u00e9x, Carlos Eduardo Barrera D\u00edaz, encabez\u00f3 la lectura del Primer Informe Anual de Actividades del director de la Facultad de Medicina Veterinaria y Zootecnia, Desiderio Rodr\u00edguez Vel\u00e1zquez.","og_url":"https:\/\/expressometro.mx\/index.php\/2024\/08\/25\/refrenda-uaemex-su-compromiso-con-la-comunidad-universitaria-del-campus-el-cerrillo\/","og_site_name":"Expresso Metropolitano","article_published_time":"2024-08-25T14:36:08+00:00","article_modified_time":"2024-09-03T14:38:44+00:00","og_image":[{"width":800,"height":535,"url":"http:\/\/expressometro.mx\/wp-content\/uploads\/2024\/09\/WhatsApp-Image-2024-09-03-at-8.37.50-AM.jpeg","type":"image\/jpeg"}],"author":"Expresso Metropolitano","twitter_misc":{"Escrito por":"Expresso Metropolitano","Tiempo de lectura":"4 minutos"},"schema":{"@context":"https:\/\/schema.org","@graph":[{"@type":"Article","@id":"https:\/\/expressometro.mx\/index.php\/2024\/08\/25\/refrenda-uaemex-su-compromiso-con-la-comunidad-universitaria-del-campus-el-cerrillo\/#article","isPartOf":{"@id":"https:\/\/expressometro.mx\/index.php\/2024\/08\/25\/refrenda-uaemex-su-compromiso-con-la-comunidad-universitaria-del-campus-el-cerrillo\/"},"author":{"name":"Expresso Metropolitano","@id":"https:\/\/expressometro.mx\/#\/schema\/person\/efa971b4a0664db8ed5c22b1b0dd2f5d"},"headline":"REFRENDA UAEM\u00e9x SU COMPROMISO CON LA COMUNIDAD UNIVERSITARIA DEL CAMPUS \u201cEL CERRILLO\u201d","datePublished":"2024-08-25T14:36:08+00:00","dateModified":"2024-09-03T14:38:44+00:00","mainEntityOfPage":{"@id":"https:\/\/expressometro.mx\/index.php\/2024\/08\/25\/refrenda-uaemex-su-compromiso-con-la-comunidad-universitaria-del-campus-el-cerrillo\/"},"wordCount":695,"commentCount":0,"publisher":{"@id":"https:\/\/expressometro.mx\/#organization"},"image":{"@id":"https:\/\/expressometro.mx\/index.php\/2024\/08\/25\/refrenda-uaemex-su-compromiso-con-la-comunidad-universitaria-del-campus-el-cerrillo\/#primaryimage"},"thumbnailUrl":"https:\/\/expressometro.mx\/wp-content\/uploads\/2024\/09\/WhatsApp-Image-2024-09-03-at-8.37.50-AM.jpeg","keywords":["Carlos Eduardo Barrera D\u00edaz","Edomex","UAEMex"],"articleSection":["Gobierno","Otros","Pol\u00edtica"],"inLanguage":"es","potentialAction":[{"@type":"CommentAction","name":"Comment","target":["https:\/\/expressometro.mx\/index.php\/2024\/08\/25\/refrenda-uaemex-su-compromiso-con-la-comunidad-universitaria-del-campus-el-cerrillo\/#respond"]}]},{"@type":"WebPage","@id":"https:\/\/expressometro.mx\/index.php\/2024\/08\/25\/refrenda-uaemex-su-compromiso-con-la-comunidad-universitaria-del-campus-el-cerrillo\/","url":"https:\/\/expressometro.mx\/index.php\/2024\/08\/25\/refrenda-uaemex-su-compromiso-con-la-comunidad-universitaria-del-campus-el-cerrillo\/","name":"REFRENDA UAEM\u00e9x SU COMPROMISO CON LA COMUNIDAD UNIVERSITARIA DEL CAMPUS \u201cEL CERRILLO\u201d - Expresso Metropolitano","isPartOf":{"@id":"https:\/\/expressometro.mx\/#website"},"primaryImageOfPage":{"@id":"https:\/\/expressometro.mx\/index.php\/2024\/08\/25\/refrenda-uaemex-su-compromiso-con-la-comunidad-universitaria-del-campus-el-cerrillo\/#primaryimage"},"image":{"@id":"https:\/\/expressometro.mx\/index.php\/2024\/08\/25\/refrenda-uaemex-su-compromiso-con-la-comunidad-universitaria-del-campus-el-cerrillo\/#primaryimage"},"thumbnailUrl":"https:\/\/expressometro.mx\/wp-content\/uploads\/2024\/09\/WhatsApp-Image-2024-09-03-at-8.37.50-AM.jpeg","datePublished":"2024-08-25T14:36:08+00:00","dateModified":"2024-09-03T14:38:44+00:00","breadcrumb":{"@id":"https:\/\/expressometro.mx\/index.php\/2024\/08\/25\/refrenda-uaemex-su-compromiso-con-la-comunidad-universitaria-del-campus-el-cerrillo\/#breadcrumb"},"inLanguage":"es","potentialAction":[{"@type":"ReadAction","target":["https:\/\/expressometro.mx\/index.php\/2024\/08\/25\/refrenda-uaemex-su-compromiso-con-la-comunidad-universitaria-del-campus-el-cerrillo\/"]}]},{"@type":"ImageObject","inLanguage":"es","@id":"https:\/\/expressometro.mx\/index.php\/2024\/08\/25\/refrenda-uaemex-su-compromiso-con-la-comunidad-universitaria-del-campus-el-cerrillo\/#primaryimage","url":"https:\/\/expressometro.mx\/wp-content\/uploads\/2024\/09\/WhatsApp-Image-2024-09-03-at-8.37.50-AM.jpeg","contentUrl":"https:\/\/expressometro.mx\/wp-content\/uploads\/2024\/09\/WhatsApp-Image-2024-09-03-at-8.37.50-AM.jpeg","width":800,"height":535},{"@type":"BreadcrumbList","@id":"https:\/\/expressometro.mx\/index.php\/2024\/08\/25\/refrenda-uaemex-su-compromiso-con-la-comunidad-universitaria-del-campus-el-cerrillo\/#breadcrumb","itemListElement":[{"@type":"ListItem","position":1,"name":"Inicio","item":"https:\/\/expressometro.mx\/"},{"@type":"ListItem","position":2,"name":"REFRENDA UAEM\u00e9x SU COMPROMISO CON LA COMUNIDAD UNIVERSITARIA DEL CAMPUS \u201cEL CERRILLO\u201d"}]},{"@type":"WebSite","@id":"https:\/\/expressometro.mx\/#website","url":"https:\/\/expressometro.mx\/","name":"Expresso Metropolitano","description":"Periodismo comprometido, informaci\u00f3n, investigaci\u00f3n y an\u00e1lisis","publisher":{"@id":"https:\/\/expressometro.mx\/#organization"},"potentialAction":[{"@type":"SearchAction","target":{"@type":"EntryPoint","urlTemplate":"https:\/\/expressometro.mx\/?s={search_term_string}"},"query-input":{"@type":"PropertyValueSpecification","valueRequired":true,"valueName":"search_term_string"}}],"inLanguage":"es"},{"@type":"Organization","@id":"https:\/\/expressometro.mx\/#organization","name":"Expresso Metropolitano","url":"https:\/\/expressometro.mx\/","logo":{"@type":"ImageObject","inLanguage":"es","@id":"https:\/\/expressometro.mx\/#\/schema\/logo\/image\/","url":"https:\/\/expressometro.mx\/wp-content\/uploads\/2019\/07\/cropped-Logo-Expresso-Metropolitano-1-1.jpeg","contentUrl":"https:\/\/expressometro.mx\/wp-content\/uploads\/2019\/07\/cropped-Logo-Expresso-Metropolitano-1-1.jpeg","width":290,"height":73,"caption":"Expresso Metropolitano"},"image":{"@id":"https:\/\/expressometro.mx\/#\/schema\/logo\/image\/"}},{"@type":"Person","@id":"https:\/\/expressometro.mx\/#\/schema\/person\/efa971b4a0664db8ed5c22b1b0dd2f5d","name":"Expresso Metropolitano","image":{"@type":"ImageObject","inLanguage":"es","@id":"https:\/\/secure.gravatar.com\/avatar\/a89f802b8de18c6952f223c88d3d106e9e3679839f4e25a02f4a6cc2ae6ba3b3?s=96&d=mm&r=g","url":"https:\/\/secure.gravatar.com\/avatar\/a89f802b8de18c6952f223c88d3d106e9e3679839f4e25a02f4a6cc2ae6ba3b3?s=96&d=mm&r=g","contentUrl":"https:\/\/secure.gravatar.com\/avatar\/a89f802b8de18c6952f223c88d3d106e9e3679839f4e25a02f4a6cc2ae6ba3b3?s=96&d=mm&r=g","caption":"Expresso Metropolitano"},"url":"https:\/\/expressometro.mx\/index.php\/author\/diego\/"}]}},"amp_enabled":true,"_links":{"self":[{"href":"https:\/\/expressometro.mx\/index.php\/wp-json\/wp\/v2\/posts\/9908","targetHints":{"allow":["GET"]}}],"collection":[{"href":"https:\/\/expressometro.mx\/index.php\/wp-json\/wp\/v2\/posts"}],"about":[{"href":"https:\/\/expressometro.mx\/index.php\/wp-json\/wp\/v2\/types\/post"}],"author":[{"embeddable":true,"href":"https:\/\/expressometro.mx\/index.php\/wp-json\/wp\/v2\/users\/1"}],"replies":[{"embeddable":true,"href":"https:\/\/expressometro.mx\/index.php\/wp-json\/wp\/v2\/comments?post=9908"}],"version-history":[{"count":1,"href":"https:\/\/expressometro.mx\/index.php\/wp-json\/wp\/v2\/posts\/9908\/revisions"}],"predecessor-version":[{"id":9911,"href":"https:\/\/expressometro.mx\/index.php\/wp-json\/wp\/v2\/posts\/9908\/revisions\/9911"}],"wp:featuredmedia":[{"embeddable":true,"href":"https:\/\/expressometro.mx\/index.php\/wp-json\/wp\/v2\/media\/9910"}],"wp:attachment":[{"href":"https:\/\/expressometro.mx\/index.php\/wp-json\/wp\/v2\/media?parent=9908"}],"wp:term":[{"taxonomy":"category","embeddable":true,"href":"https:\/\/expressometro.mx\/index.php\/wp-json\/wp\/v2\/categories?post=9908"},{"taxonomy":"post_tag","embeddable":true,"href":"https:\/\/expressometro.mx\/index.php\/wp-json\/wp\/v2\/tags?post=9908"}],"curies":[{"name":"wp","href":"https:\/\/api.w.org\/{rel}","templated":true}]}}