{"id":9903,"date":"2024-08-21T09:30:51","date_gmt":"2024-08-21T14:30:51","guid":{"rendered":"https:\/\/expressometro.mx\/?p=9903"},"modified":"2024-09-03T09:33:47","modified_gmt":"2024-09-03T14:33:47","slug":"contribuye-uaemex-a-la-creacion-de-condiciones-laborales-dignas-entre-su-comunidad-administrativa","status":"publish","type":"post","link":"https:\/\/expressometro.mx\/index.php\/2024\/08\/21\/contribuye-uaemex-a-la-creacion-de-condiciones-laborales-dignas-entre-su-comunidad-administrativa\/","title":{"rendered":"CONTRIBUYE UAEM\u00e9x A LA CREACI\u00d3N DE CONDICIONES LABORALES DIGNAS ENTRE SU COMUNIDAD ADMINISTRATIVA"},"content":{"rendered":"\n<p><\/p>\n\n\n\n<p>* El rector de la UAEM\u00e9x, Carlos Eduardo Barrera D\u00edaz, recalc\u00f3 que, gracias a una sana relaci\u00f3n de colaboraci\u00f3n con el SUTESUAEM, la Aut\u00f3noma Mexiquense ha invertido, a lo largo de la Administraci\u00f3n Universitaria 2021-2025, casi 27 millones de pesos en beneficio del personal sindicalizado.<\/p>\n\n\n\n<p>Con el fin de garantizar la seguridad del personal administrativo y promover un correcto desarrollo de sus labores, el rector de la Universidad Aut\u00f3noma del Estado de M\u00e9xico (UAEM\u00e9x), Carlos Eduardo Barrera D\u00edaz encabez\u00f3 la ceremonia de Entrega Simb\u00f3lica de Implementos 2024 para el personal adscrito al Sindicato \u00danico de Trabajadores y Empleados (SUTESUAEM) al servicio de la Aut\u00f3noma Mexiquense.<\/p>\n\n\n\n<p>Acompa\u00f1ado del secretario general del SUTESUAEM, Pedro Rodr\u00edguez Magallanes, Barrera D\u00edaz hizo entrega simb\u00f3lica de tres paquetes de implementos de un total de dos mil 186 para el personal administrativo sindicalizado, quienes desempe\u00f1an una labor elemental en su d\u00eda a d\u00eda que contribuye al correcto funcionamiento de las actividades universitarias.<\/p>\n\n\n\n<p>Barrera D\u00edaz recalc\u00f3 que, gracias a una sana relaci\u00f3n de colaboraci\u00f3n con el SUTESUAEM, la Aut\u00f3noma Mexiquense ha entregado, durante este a\u00f1o, un total de 22 mil 425 implementos de trabajo por un valor de aproximadamente ocho millones de pesos, invirtiendo a lo largo de la Administraci\u00f3n Universitaria 2021-2025, casi 27 millones de pesos en beneficio del personal sindicalizado.<\/p>\n\n\n\n<p>Asimismo, el rector de la M\u00e1xima Casa de Estudios Mexiquense explic\u00f3 que se hizo entrega de 44 distintas clases de implementos que garantizar\u00e1n su seguridad laboral y permitir\u00e1n la construcci\u00f3n de una universidad de excelencia.<\/p>\n\n\n\n<p>En su intervenci\u00f3n, Rodr\u00edguez Magallanes resalt\u00f3 que los paquetes de implementos entregados no solo representan un beneficio tangible para cada una de las personas beneficiadas, sino que son un reflejo del esfuerzo conjunto y sinergia positiva entre ambas instituciones.<\/p>\n\n\n\n<p>En este sentido, agradeci\u00f3 a la UAEM\u00e9x por el respeto y la valoraci\u00f3n que tiene hacia sus trabajadores y trabajadoras, el cual se sigue fortaleciendo con estas acciones que se suman a otras entregas en beneficio de su comunidad administrativa, como las sillas secretariales y soportes lumbares que contribuyen a la creaci\u00f3n de condiciones laborales dignas para todas y todos.<\/p>\n\n\n\n<p>Al acto asistieron la secretaria de Administraci\u00f3n, Er\u00e9ndira Fierro Moreno; el secretario del Exterior del SUTESUAEM, Roberto Guzm\u00e1n Garc\u00eda; la representante de las y los trabajadores que reciben implementos, Gema F\u00e9lix Maupom\u00e9; integrantes del Gabinete Universitario e invitados del SUTESUAEM, as\u00ed como la comunidad universitaria.<\/p>\n","protected":false},"excerpt":{"rendered":"<p>Con el fin de garantizar la seguridad del personal administrativo y promover un correcto desarrollo de sus labores, el rector de la Universidad Aut\u00f3noma del Estado de M\u00e9xico (UAEM\u00e9x), Carlos Eduardo Barrera D\u00edaz encabez\u00f3 la ceremonia de Entrega Simb\u00f3lica de Implementos 2024 para el personal adscrito al Sindicato \u00danico de Trabajadores y Empleados (SUTESUAEM) al servicio de la Aut\u00f3noma Mexiquense.<\/p>\n","protected":false},"author":1,"featured_media":9905,"comment_status":"open","ping_status":"open","sticky":false,"template":"","format":"standard","meta":{"footnotes":""},"categories":[3,1,231],"tags":[313,1982,82],"class_list":["post-9903","post","type-post","status-publish","format-standard","has-post-thumbnail","hentry","category-gobierno","category-otros","category-politica","tag-carlos-eduardo-barrera-diaz","tag-edomex","tag-uaemex"],"yoast_head":"<!-- This site is optimized with the Yoast SEO plugin v27.5 - https:\/\/yoast.com\/product\/yoast-seo-wordpress\/ -->\n<title>CONTRIBUYE UAEM\u00e9x A LA CREACI\u00d3N DE CONDICIONES LABORALES DIGNAS ENTRE SU COMUNIDAD ADMINISTRATIVA - Expresso Metropolitano<\/title>\n<meta name=\"robots\" content=\"index, follow, max-snippet:-1, max-image-preview:large, max-video-preview:-1\" \/>\n<link rel=\"canonical\" href=\"https:\/\/expressometro.mx\/index.php\/2024\/08\/21\/contribuye-uaemex-a-la-creacion-de-condiciones-laborales-dignas-entre-su-comunidad-administrativa\/\" \/>\n<meta property=\"og:locale\" content=\"es_MX\" \/>\n<meta property=\"og:type\" content=\"article\" \/>\n<meta property=\"og:title\" content=\"CONTRIBUYE UAEM\u00e9x A LA CREACI\u00d3N DE CONDICIONES LABORALES DIGNAS ENTRE SU COMUNIDAD ADMINISTRATIVA - Expresso Metropolitano\" \/>\n<meta property=\"og:description\" content=\"Con el fin de garantizar la seguridad del personal administrativo y promover un correcto desarrollo de sus labores, el rector de la Universidad Aut\u00f3noma del Estado de M\u00e9xico (UAEM\u00e9x), Carlos Eduardo Barrera D\u00edaz encabez\u00f3 la ceremonia de Entrega Simb\u00f3lica de Implementos 2024 para el personal adscrito al Sindicato \u00danico de Trabajadores y Empleados (SUTESUAEM) al servicio de la Aut\u00f3noma Mexiquense.\" \/>\n<meta property=\"og:url\" content=\"https:\/\/expressometro.mx\/index.php\/2024\/08\/21\/contribuye-uaemex-a-la-creacion-de-condiciones-laborales-dignas-entre-su-comunidad-administrativa\/\" \/>\n<meta property=\"og:site_name\" content=\"Expresso Metropolitano\" \/>\n<meta property=\"article:published_time\" content=\"2024-08-21T14:30:51+00:00\" \/>\n<meta property=\"article:modified_time\" content=\"2024-09-03T14:33:47+00:00\" \/>\n<meta property=\"og:image\" content=\"http:\/\/expressometro.mx\/wp-content\/uploads\/2024\/09\/WhatsApp-Image-2024-09-03-at-8.33.10-AM.jpeg\" \/>\n\t<meta property=\"og:image:width\" content=\"1024\" \/>\n\t<meta property=\"og:image:height\" content=\"682\" \/>\n\t<meta property=\"og:image:type\" content=\"image\/jpeg\" \/>\n<meta name=\"author\" content=\"Expresso Metropolitano\" \/>\n<meta name=\"twitter:label1\" content=\"Escrito por\" \/>\n\t<meta name=\"twitter:data1\" content=\"Expresso Metropolitano\" \/>\n\t<meta name=\"twitter:label2\" content=\"Tiempo de lectura\" \/>\n\t<meta name=\"twitter:data2\" content=\"3 minutos\" \/>\n<script type=\"application\/ld+json\" class=\"yoast-schema-graph\">{\"@context\":\"https:\\\/\\\/schema.org\",\"@graph\":[{\"@type\":\"Article\",\"@id\":\"https:\\\/\\\/expressometro.mx\\\/index.php\\\/2024\\\/08\\\/21\\\/contribuye-uaemex-a-la-creacion-de-condiciones-laborales-dignas-entre-su-comunidad-administrativa\\\/#article\",\"isPartOf\":{\"@id\":\"https:\\\/\\\/expressometro.mx\\\/index.php\\\/2024\\\/08\\\/21\\\/contribuye-uaemex-a-la-creacion-de-condiciones-laborales-dignas-entre-su-comunidad-administrativa\\\/\"},\"author\":{\"name\":\"Expresso Metropolitano\",\"@id\":\"https:\\\/\\\/expressometro.mx\\\/#\\\/schema\\\/person\\\/efa971b4a0664db8ed5c22b1b0dd2f5d\"},\"headline\":\"CONTRIBUYE UAEM\u00e9x A LA CREACI\u00d3N DE CONDICIONES LABORALES DIGNAS ENTRE SU COMUNIDAD ADMINISTRATIVA\",\"datePublished\":\"2024-08-21T14:30:51+00:00\",\"dateModified\":\"2024-09-03T14:33:47+00:00\",\"mainEntityOfPage\":{\"@id\":\"https:\\\/\\\/expressometro.mx\\\/index.php\\\/2024\\\/08\\\/21\\\/contribuye-uaemex-a-la-creacion-de-condiciones-laborales-dignas-entre-su-comunidad-administrativa\\\/\"},\"wordCount\":439,\"commentCount\":0,\"publisher\":{\"@id\":\"https:\\\/\\\/expressometro.mx\\\/#organization\"},\"image\":{\"@id\":\"https:\\\/\\\/expressometro.mx\\\/index.php\\\/2024\\\/08\\\/21\\\/contribuye-uaemex-a-la-creacion-de-condiciones-laborales-dignas-entre-su-comunidad-administrativa\\\/#primaryimage\"},\"thumbnailUrl\":\"https:\\\/\\\/expressometro.mx\\\/wp-content\\\/uploads\\\/2024\\\/09\\\/WhatsApp-Image-2024-09-03-at-8.33.10-AM.jpeg\",\"keywords\":[\"Carlos Eduardo Barrera D\u00edaz\",\"Edomex\",\"UAEMex\"],\"articleSection\":[\"Gobierno\",\"Otros\",\"Pol\u00edtica\"],\"inLanguage\":\"es\",\"potentialAction\":[{\"@type\":\"CommentAction\",\"name\":\"Comment\",\"target\":[\"https:\\\/\\\/expressometro.mx\\\/index.php\\\/2024\\\/08\\\/21\\\/contribuye-uaemex-a-la-creacion-de-condiciones-laborales-dignas-entre-su-comunidad-administrativa\\\/#respond\"]}]},{\"@type\":\"WebPage\",\"@id\":\"https:\\\/\\\/expressometro.mx\\\/index.php\\\/2024\\\/08\\\/21\\\/contribuye-uaemex-a-la-creacion-de-condiciones-laborales-dignas-entre-su-comunidad-administrativa\\\/\",\"url\":\"https:\\\/\\\/expressometro.mx\\\/index.php\\\/2024\\\/08\\\/21\\\/contribuye-uaemex-a-la-creacion-de-condiciones-laborales-dignas-entre-su-comunidad-administrativa\\\/\",\"name\":\"CONTRIBUYE UAEM\u00e9x A LA CREACI\u00d3N DE CONDICIONES LABORALES DIGNAS ENTRE SU COMUNIDAD ADMINISTRATIVA - Expresso Metropolitano\",\"isPartOf\":{\"@id\":\"https:\\\/\\\/expressometro.mx\\\/#website\"},\"primaryImageOfPage\":{\"@id\":\"https:\\\/\\\/expressometro.mx\\\/index.php\\\/2024\\\/08\\\/21\\\/contribuye-uaemex-a-la-creacion-de-condiciones-laborales-dignas-entre-su-comunidad-administrativa\\\/#primaryimage\"},\"image\":{\"@id\":\"https:\\\/\\\/expressometro.mx\\\/index.php\\\/2024\\\/08\\\/21\\\/contribuye-uaemex-a-la-creacion-de-condiciones-laborales-dignas-entre-su-comunidad-administrativa\\\/#primaryimage\"},\"thumbnailUrl\":\"https:\\\/\\\/expressometro.mx\\\/wp-content\\\/uploads\\\/2024\\\/09\\\/WhatsApp-Image-2024-09-03-at-8.33.10-AM.jpeg\",\"datePublished\":\"2024-08-21T14:30:51+00:00\",\"dateModified\":\"2024-09-03T14:33:47+00:00\",\"breadcrumb\":{\"@id\":\"https:\\\/\\\/expressometro.mx\\\/index.php\\\/2024\\\/08\\\/21\\\/contribuye-uaemex-a-la-creacion-de-condiciones-laborales-dignas-entre-su-comunidad-administrativa\\\/#breadcrumb\"},\"inLanguage\":\"es\",\"potentialAction\":[{\"@type\":\"ReadAction\",\"target\":[\"https:\\\/\\\/expressometro.mx\\\/index.php\\\/2024\\\/08\\\/21\\\/contribuye-uaemex-a-la-creacion-de-condiciones-laborales-dignas-entre-su-comunidad-administrativa\\\/\"]}]},{\"@type\":\"ImageObject\",\"inLanguage\":\"es\",\"@id\":\"https:\\\/\\\/expressometro.mx\\\/index.php\\\/2024\\\/08\\\/21\\\/contribuye-uaemex-a-la-creacion-de-condiciones-laborales-dignas-entre-su-comunidad-administrativa\\\/#primaryimage\",\"url\":\"https:\\\/\\\/expressometro.mx\\\/wp-content\\\/uploads\\\/2024\\\/09\\\/WhatsApp-Image-2024-09-03-at-8.33.10-AM.jpeg\",\"contentUrl\":\"https:\\\/\\\/expressometro.mx\\\/wp-content\\\/uploads\\\/2024\\\/09\\\/WhatsApp-Image-2024-09-03-at-8.33.10-AM.jpeg\",\"width\":1024,\"height\":682},{\"@type\":\"BreadcrumbList\",\"@id\":\"https:\\\/\\\/expressometro.mx\\\/index.php\\\/2024\\\/08\\\/21\\\/contribuye-uaemex-a-la-creacion-de-condiciones-laborales-dignas-entre-su-comunidad-administrativa\\\/#breadcrumb\",\"itemListElement\":[{\"@type\":\"ListItem\",\"position\":1,\"name\":\"Inicio\",\"item\":\"https:\\\/\\\/expressometro.mx\\\/\"},{\"@type\":\"ListItem\",\"position\":2,\"name\":\"CONTRIBUYE UAEM\u00e9x A LA CREACI\u00d3N DE CONDICIONES LABORALES DIGNAS ENTRE SU COMUNIDAD ADMINISTRATIVA\"}]},{\"@type\":\"WebSite\",\"@id\":\"https:\\\/\\\/expressometro.mx\\\/#website\",\"url\":\"https:\\\/\\\/expressometro.mx\\\/\",\"name\":\"Expresso Metropolitano\",\"description\":\"Periodismo comprometido, informaci\u00f3n, investigaci\u00f3n y an\u00e1lisis\",\"publisher\":{\"@id\":\"https:\\\/\\\/expressometro.mx\\\/#organization\"},\"potentialAction\":[{\"@type\":\"SearchAction\",\"target\":{\"@type\":\"EntryPoint\",\"urlTemplate\":\"https:\\\/\\\/expressometro.mx\\\/?s={search_term_string}\"},\"query-input\":{\"@type\":\"PropertyValueSpecification\",\"valueRequired\":true,\"valueName\":\"search_term_string\"}}],\"inLanguage\":\"es\"},{\"@type\":\"Organization\",\"@id\":\"https:\\\/\\\/expressometro.mx\\\/#organization\",\"name\":\"Expresso Metropolitano\",\"url\":\"https:\\\/\\\/expressometro.mx\\\/\",\"logo\":{\"@type\":\"ImageObject\",\"inLanguage\":\"es\",\"@id\":\"https:\\\/\\\/expressometro.mx\\\/#\\\/schema\\\/logo\\\/image\\\/\",\"url\":\"https:\\\/\\\/expressometro.mx\\\/wp-content\\\/uploads\\\/2019\\\/07\\\/cropped-Logo-Expresso-Metropolitano-1-1.jpeg\",\"contentUrl\":\"https:\\\/\\\/expressometro.mx\\\/wp-content\\\/uploads\\\/2019\\\/07\\\/cropped-Logo-Expresso-Metropolitano-1-1.jpeg\",\"width\":290,\"height\":73,\"caption\":\"Expresso Metropolitano\"},\"image\":{\"@id\":\"https:\\\/\\\/expressometro.mx\\\/#\\\/schema\\\/logo\\\/image\\\/\"}},{\"@type\":\"Person\",\"@id\":\"https:\\\/\\\/expressometro.mx\\\/#\\\/schema\\\/person\\\/efa971b4a0664db8ed5c22b1b0dd2f5d\",\"name\":\"Expresso Metropolitano\",\"image\":{\"@type\":\"ImageObject\",\"inLanguage\":\"es\",\"@id\":\"https:\\\/\\\/secure.gravatar.com\\\/avatar\\\/a89f802b8de18c6952f223c88d3d106e9e3679839f4e25a02f4a6cc2ae6ba3b3?s=96&d=mm&r=g\",\"url\":\"https:\\\/\\\/secure.gravatar.com\\\/avatar\\\/a89f802b8de18c6952f223c88d3d106e9e3679839f4e25a02f4a6cc2ae6ba3b3?s=96&d=mm&r=g\",\"contentUrl\":\"https:\\\/\\\/secure.gravatar.com\\\/avatar\\\/a89f802b8de18c6952f223c88d3d106e9e3679839f4e25a02f4a6cc2ae6ba3b3?s=96&d=mm&r=g\",\"caption\":\"Expresso Metropolitano\"},\"url\":\"https:\\\/\\\/expressometro.mx\\\/index.php\\\/author\\\/diego\\\/\"}]}<\/script>\n<!-- \/ Yoast SEO plugin. -->","yoast_head_json":{"title":"CONTRIBUYE UAEM\u00e9x A LA CREACI\u00d3N DE CONDICIONES LABORALES DIGNAS ENTRE SU COMUNIDAD ADMINISTRATIVA - Expresso Metropolitano","robots":{"index":"index","follow":"follow","max-snippet":"max-snippet:-1","max-image-preview":"max-image-preview:large","max-video-preview":"max-video-preview:-1"},"canonical":"https:\/\/expressometro.mx\/index.php\/2024\/08\/21\/contribuye-uaemex-a-la-creacion-de-condiciones-laborales-dignas-entre-su-comunidad-administrativa\/","og_locale":"es_MX","og_type":"article","og_title":"CONTRIBUYE UAEM\u00e9x A LA CREACI\u00d3N DE CONDICIONES LABORALES DIGNAS ENTRE SU COMUNIDAD ADMINISTRATIVA - Expresso Metropolitano","og_description":"Con el fin de garantizar la seguridad del personal administrativo y promover un correcto desarrollo de sus labores, el rector de la Universidad Aut\u00f3noma del Estado de M\u00e9xico (UAEM\u00e9x), Carlos Eduardo Barrera D\u00edaz encabez\u00f3 la ceremonia de Entrega Simb\u00f3lica de Implementos 2024 para el personal adscrito al Sindicato \u00danico de Trabajadores y Empleados (SUTESUAEM) al servicio de la Aut\u00f3noma Mexiquense.","og_url":"https:\/\/expressometro.mx\/index.php\/2024\/08\/21\/contribuye-uaemex-a-la-creacion-de-condiciones-laborales-dignas-entre-su-comunidad-administrativa\/","og_site_name":"Expresso Metropolitano","article_published_time":"2024-08-21T14:30:51+00:00","article_modified_time":"2024-09-03T14:33:47+00:00","og_image":[{"width":1024,"height":682,"url":"http:\/\/expressometro.mx\/wp-content\/uploads\/2024\/09\/WhatsApp-Image-2024-09-03-at-8.33.10-AM.jpeg","type":"image\/jpeg"}],"author":"Expresso Metropolitano","twitter_misc":{"Escrito por":"Expresso Metropolitano","Tiempo de lectura":"3 minutos"},"schema":{"@context":"https:\/\/schema.org","@graph":[{"@type":"Article","@id":"https:\/\/expressometro.mx\/index.php\/2024\/08\/21\/contribuye-uaemex-a-la-creacion-de-condiciones-laborales-dignas-entre-su-comunidad-administrativa\/#article","isPartOf":{"@id":"https:\/\/expressometro.mx\/index.php\/2024\/08\/21\/contribuye-uaemex-a-la-creacion-de-condiciones-laborales-dignas-entre-su-comunidad-administrativa\/"},"author":{"name":"Expresso Metropolitano","@id":"https:\/\/expressometro.mx\/#\/schema\/person\/efa971b4a0664db8ed5c22b1b0dd2f5d"},"headline":"CONTRIBUYE UAEM\u00e9x A LA CREACI\u00d3N DE CONDICIONES LABORALES DIGNAS ENTRE SU COMUNIDAD ADMINISTRATIVA","datePublished":"2024-08-21T14:30:51+00:00","dateModified":"2024-09-03T14:33:47+00:00","mainEntityOfPage":{"@id":"https:\/\/expressometro.mx\/index.php\/2024\/08\/21\/contribuye-uaemex-a-la-creacion-de-condiciones-laborales-dignas-entre-su-comunidad-administrativa\/"},"wordCount":439,"commentCount":0,"publisher":{"@id":"https:\/\/expressometro.mx\/#organization"},"image":{"@id":"https:\/\/expressometro.mx\/index.php\/2024\/08\/21\/contribuye-uaemex-a-la-creacion-de-condiciones-laborales-dignas-entre-su-comunidad-administrativa\/#primaryimage"},"thumbnailUrl":"https:\/\/expressometro.mx\/wp-content\/uploads\/2024\/09\/WhatsApp-Image-2024-09-03-at-8.33.10-AM.jpeg","keywords":["Carlos Eduardo Barrera D\u00edaz","Edomex","UAEMex"],"articleSection":["Gobierno","Otros","Pol\u00edtica"],"inLanguage":"es","potentialAction":[{"@type":"CommentAction","name":"Comment","target":["https:\/\/expressometro.mx\/index.php\/2024\/08\/21\/contribuye-uaemex-a-la-creacion-de-condiciones-laborales-dignas-entre-su-comunidad-administrativa\/#respond"]}]},{"@type":"WebPage","@id":"https:\/\/expressometro.mx\/index.php\/2024\/08\/21\/contribuye-uaemex-a-la-creacion-de-condiciones-laborales-dignas-entre-su-comunidad-administrativa\/","url":"https:\/\/expressometro.mx\/index.php\/2024\/08\/21\/contribuye-uaemex-a-la-creacion-de-condiciones-laborales-dignas-entre-su-comunidad-administrativa\/","name":"CONTRIBUYE UAEM\u00e9x A LA CREACI\u00d3N DE CONDICIONES LABORALES DIGNAS ENTRE SU COMUNIDAD ADMINISTRATIVA - Expresso Metropolitano","isPartOf":{"@id":"https:\/\/expressometro.mx\/#website"},"primaryImageOfPage":{"@id":"https:\/\/expressometro.mx\/index.php\/2024\/08\/21\/contribuye-uaemex-a-la-creacion-de-condiciones-laborales-dignas-entre-su-comunidad-administrativa\/#primaryimage"},"image":{"@id":"https:\/\/expressometro.mx\/index.php\/2024\/08\/21\/contribuye-uaemex-a-la-creacion-de-condiciones-laborales-dignas-entre-su-comunidad-administrativa\/#primaryimage"},"thumbnailUrl":"https:\/\/expressometro.mx\/wp-content\/uploads\/2024\/09\/WhatsApp-Image-2024-09-03-at-8.33.10-AM.jpeg","datePublished":"2024-08-21T14:30:51+00:00","dateModified":"2024-09-03T14:33:47+00:00","breadcrumb":{"@id":"https:\/\/expressometro.mx\/index.php\/2024\/08\/21\/contribuye-uaemex-a-la-creacion-de-condiciones-laborales-dignas-entre-su-comunidad-administrativa\/#breadcrumb"},"inLanguage":"es","potentialAction":[{"@type":"ReadAction","target":["https:\/\/expressometro.mx\/index.php\/2024\/08\/21\/contribuye-uaemex-a-la-creacion-de-condiciones-laborales-dignas-entre-su-comunidad-administrativa\/"]}]},{"@type":"ImageObject","inLanguage":"es","@id":"https:\/\/expressometro.mx\/index.php\/2024\/08\/21\/contribuye-uaemex-a-la-creacion-de-condiciones-laborales-dignas-entre-su-comunidad-administrativa\/#primaryimage","url":"https:\/\/expressometro.mx\/wp-content\/uploads\/2024\/09\/WhatsApp-Image-2024-09-03-at-8.33.10-AM.jpeg","contentUrl":"https:\/\/expressometro.mx\/wp-content\/uploads\/2024\/09\/WhatsApp-Image-2024-09-03-at-8.33.10-AM.jpeg","width":1024,"height":682},{"@type":"BreadcrumbList","@id":"https:\/\/expressometro.mx\/index.php\/2024\/08\/21\/contribuye-uaemex-a-la-creacion-de-condiciones-laborales-dignas-entre-su-comunidad-administrativa\/#breadcrumb","itemListElement":[{"@type":"ListItem","position":1,"name":"Inicio","item":"https:\/\/expressometro.mx\/"},{"@type":"ListItem","position":2,"name":"CONTRIBUYE UAEM\u00e9x A LA CREACI\u00d3N DE CONDICIONES LABORALES DIGNAS ENTRE SU COMUNIDAD ADMINISTRATIVA"}]},{"@type":"WebSite","@id":"https:\/\/expressometro.mx\/#website","url":"https:\/\/expressometro.mx\/","name":"Expresso Metropolitano","description":"Periodismo comprometido, informaci\u00f3n, investigaci\u00f3n y an\u00e1lisis","publisher":{"@id":"https:\/\/expressometro.mx\/#organization"},"potentialAction":[{"@type":"SearchAction","target":{"@type":"EntryPoint","urlTemplate":"https:\/\/expressometro.mx\/?s={search_term_string}"},"query-input":{"@type":"PropertyValueSpecification","valueRequired":true,"valueName":"search_term_string"}}],"inLanguage":"es"},{"@type":"Organization","@id":"https:\/\/expressometro.mx\/#organization","name":"Expresso Metropolitano","url":"https:\/\/expressometro.mx\/","logo":{"@type":"ImageObject","inLanguage":"es","@id":"https:\/\/expressometro.mx\/#\/schema\/logo\/image\/","url":"https:\/\/expressometro.mx\/wp-content\/uploads\/2019\/07\/cropped-Logo-Expresso-Metropolitano-1-1.jpeg","contentUrl":"https:\/\/expressometro.mx\/wp-content\/uploads\/2019\/07\/cropped-Logo-Expresso-Metropolitano-1-1.jpeg","width":290,"height":73,"caption":"Expresso Metropolitano"},"image":{"@id":"https:\/\/expressometro.mx\/#\/schema\/logo\/image\/"}},{"@type":"Person","@id":"https:\/\/expressometro.mx\/#\/schema\/person\/efa971b4a0664db8ed5c22b1b0dd2f5d","name":"Expresso Metropolitano","image":{"@type":"ImageObject","inLanguage":"es","@id":"https:\/\/secure.gravatar.com\/avatar\/a89f802b8de18c6952f223c88d3d106e9e3679839f4e25a02f4a6cc2ae6ba3b3?s=96&d=mm&r=g","url":"https:\/\/secure.gravatar.com\/avatar\/a89f802b8de18c6952f223c88d3d106e9e3679839f4e25a02f4a6cc2ae6ba3b3?s=96&d=mm&r=g","contentUrl":"https:\/\/secure.gravatar.com\/avatar\/a89f802b8de18c6952f223c88d3d106e9e3679839f4e25a02f4a6cc2ae6ba3b3?s=96&d=mm&r=g","caption":"Expresso Metropolitano"},"url":"https:\/\/expressometro.mx\/index.php\/author\/diego\/"}]}},"amp_enabled":true,"_links":{"self":[{"href":"https:\/\/expressometro.mx\/index.php\/wp-json\/wp\/v2\/posts\/9903","targetHints":{"allow":["GET"]}}],"collection":[{"href":"https:\/\/expressometro.mx\/index.php\/wp-json\/wp\/v2\/posts"}],"about":[{"href":"https:\/\/expressometro.mx\/index.php\/wp-json\/wp\/v2\/types\/post"}],"author":[{"embeddable":true,"href":"https:\/\/expressometro.mx\/index.php\/wp-json\/wp\/v2\/users\/1"}],"replies":[{"embeddable":true,"href":"https:\/\/expressometro.mx\/index.php\/wp-json\/wp\/v2\/comments?post=9903"}],"version-history":[{"count":1,"href":"https:\/\/expressometro.mx\/index.php\/wp-json\/wp\/v2\/posts\/9903\/revisions"}],"predecessor-version":[{"id":9906,"href":"https:\/\/expressometro.mx\/index.php\/wp-json\/wp\/v2\/posts\/9903\/revisions\/9906"}],"wp:featuredmedia":[{"embeddable":true,"href":"https:\/\/expressometro.mx\/index.php\/wp-json\/wp\/v2\/media\/9905"}],"wp:attachment":[{"href":"https:\/\/expressometro.mx\/index.php\/wp-json\/wp\/v2\/media?parent=9903"}],"wp:term":[{"taxonomy":"category","embeddable":true,"href":"https:\/\/expressometro.mx\/index.php\/wp-json\/wp\/v2\/categories?post=9903"},{"taxonomy":"post_tag","embeddable":true,"href":"https:\/\/expressometro.mx\/index.php\/wp-json\/wp\/v2\/tags?post=9903"}],"curies":[{"name":"wp","href":"https:\/\/api.w.org\/{rel}","templated":true}]}}