{"id":9888,"date":"2024-08-16T09:09:04","date_gmt":"2024-08-16T14:09:04","guid":{"rendered":"https:\/\/expressometro.mx\/?p=9888"},"modified":"2024-09-03T09:11:25","modified_gmt":"2024-09-03T14:11:25","slug":"uaemex-y-gem-inauguran-feria-de-empleo-universitaria-2024","status":"publish","type":"post","link":"https:\/\/expressometro.mx\/index.php\/2024\/08\/16\/uaemex-y-gem-inauguran-feria-de-empleo-universitaria-2024\/","title":{"rendered":"UAEM\u00e9x Y GEM INAUGURAN FERIA DE EMPLEO UNIVERSITARIA 2024"},"content":{"rendered":"\n<p><\/p>\n\n\n\n<p>* La Feria de Empleo Universitaria 2024 tiene como prop\u00f3sito vincular a las y los universitarios con el sector empresarial del Estado de M\u00e9xico.<\/p>\n\n\n\n<p>Impulsar el acceso de las juventudes universitarias a la obtenci\u00f3n de su primer empleo es fundamental para el desarrollo de la entidad mexiquense, coincidieron el secretario del Trabajo del Gobierno del Estado de M\u00e9xico, Norberto Morales Poblete, y el rector de la Universidad Aut\u00f3noma del Estado de M\u00e9xico (UAEM\u00e9x), Carlos Eduardo Barrera D\u00edaz, al inaugurar la Feria de Empleo Universitaria&nbsp; 2024.<\/p>\n\n\n\n<p>Acompa\u00f1ados del jefe de la Unidad del Servicio Nacional de Empleo de la Secretar\u00eda del Trabajo y Previsi\u00f3n Social del Gobierno de M\u00e9xico, Donaciano Dom\u00ednguez Espinosa, y el presidente municipal de Toluca, Juan Maccise Naime,&nbsp; Barrera D\u00edaz destac\u00f3 que el objetivo principal de esta feria es acortar la brecha que separa al mundo acad\u00e9mico del laboral, facilitando el encuentro entre el alumnado y egresadas y egresados de programas de estudios profesionales y avanzados de la Aut\u00f3noma mexiquense con el sector empresarial.<\/p>\n\n\n\n<p>\u201cAgradezco a la Secretar\u00eda del Trabajo y al sector empresarial que le brinden oportunidades a las y los universitarios. Deseo que sea el inicio de una fruct\u00edfera relaci\u00f3n de trabajo entre nuestros sectores\u201d, apunt\u00f3.<\/p>\n\n\n\n<p>En este mismo sentido, Morales Poblete afirm\u00f3 que la realizaci\u00f3n de la Feria de Empleo Universitaria 2024 es una muestra clara de colaboraci\u00f3n entre instituciones para generar oportunidades para que el estudiantado se vincule con el sector productivo desde una perspectiva de equidad, inclusi\u00f3n y crecimiento sostenible.&nbsp;<\/p>\n\n\n\n<p>\u201cLa formaci\u00f3n acad\u00e9mica es, sin duda, una de las principales herramientas para transformar las vidas y construir un futuro pr\u00f3spero para las sociedades. El d\u00eda de hoy se est\u00e1n impulsando empleos de calidad para las y los j\u00f3venes de manera digna\u201d, se\u00f1al\u00f3.<\/p>\n\n\n\n<p>Durante su intervenci\u00f3n, Dom\u00ednguez Espinosa reconoci\u00f3 al sector productivo del Estado de M\u00e9xico por su compromiso con las y los j\u00f3venes en el acceso a su primer empleo y se\u00f1al\u00f3 que espacios como este favorecen la empleabilidad a nivel nacional.&nbsp;&nbsp;&nbsp;&nbsp;<\/p>\n\n\n\n<p>Por su parte, Maccise Naime afirm\u00f3 que esta feria es un esfuerzo conjunto entre instituciones municipales, estatales, federales y la Aut\u00f3noma mexiquense para abrir puertas, crear oportunidades y fortalecer la conexi\u00f3n entre la academia y el mercado laboral para las juventudes mexiquenses.<\/p>\n\n\n\n<p>Finalmente, el encargado de la Direcci\u00f3n General de Empleo y Productividad de la Secretar\u00eda del Trabajo del Gobierno del Estado de M\u00e9xico, Jos\u00e9 Francisco Cabrera Anaya, mencion\u00f3 que con esta acci\u00f3n se busca responder a las necesidades que las juventudes demandan para incorporarse al mercado laboral por primera vez.&nbsp;&nbsp;<\/p>\n\n\n\n<p>Al acto acudieron el subsecretario general de Gobierno, Alejandro Viedma Vel\u00e1zquez; Dayra Vergara Vargas, delegada Federal de INFONAVIT en el Estado de M\u00e9xico; el presidente del Consejo Coordinador Empresarial del Estado de M\u00e9xico, Germ\u00e1n Miguel Jalil Hern\u00e1ndez. Por parte de la UAEM\u00e9x, la secretar\u00eda de Administraci\u00f3n, Er\u00e9ndira Fierro Moreno; el secretario de Extensi\u00f3n y Vinculaci\u00f3n, Francisco Zepeda Mondrag\u00f3n, integrantes del gabinete universitario y estudiantado de la instituci\u00f3n.<\/p>\n","protected":false},"excerpt":{"rendered":"<p>Impulsar el acceso de las juventudes universitarias a la obtenci\u00f3n de su primer empleo es fundamental para el desarrollo de la entidad mexiquense, coincidieron el secretario del Trabajo del Gobierno del Estado de M\u00e9xico, Norberto Morales Poblete, y el rector de la Universidad Aut\u00f3noma del Estado de M\u00e9xico (UAEM\u00e9x), Carlos Eduardo Barrera D\u00edaz, al inaugurar la Feria de Empleo Universitaria\u00a0 2024.<\/p>\n","protected":false},"author":1,"featured_media":9890,"comment_status":"open","ping_status":"open","sticky":false,"template":"","format":"standard","meta":{"footnotes":""},"categories":[3,1,231],"tags":[313,1982,82],"class_list":["post-9888","post","type-post","status-publish","format-standard","has-post-thumbnail","hentry","category-gobierno","category-otros","category-politica","tag-carlos-eduardo-barrera-diaz","tag-edomex","tag-uaemex"],"yoast_head":"<!-- This site is optimized with the Yoast SEO plugin v27.4 - https:\/\/yoast.com\/product\/yoast-seo-wordpress\/ -->\n<title>UAEM\u00e9x Y GEM INAUGURAN FERIA DE EMPLEO UNIVERSITARIA 2024 - Expresso Metropolitano<\/title>\n<meta name=\"robots\" content=\"index, follow, max-snippet:-1, max-image-preview:large, max-video-preview:-1\" \/>\n<link rel=\"canonical\" href=\"https:\/\/expressometro.mx\/index.php\/2024\/08\/16\/uaemex-y-gem-inauguran-feria-de-empleo-universitaria-2024\/\" \/>\n<meta property=\"og:locale\" content=\"es_MX\" \/>\n<meta property=\"og:type\" content=\"article\" \/>\n<meta property=\"og:title\" content=\"UAEM\u00e9x Y GEM INAUGURAN FERIA DE EMPLEO UNIVERSITARIA 2024 - Expresso Metropolitano\" \/>\n<meta property=\"og:description\" content=\"Impulsar el acceso de las juventudes universitarias a la obtenci\u00f3n de su primer empleo es fundamental para el desarrollo de la entidad mexiquense, coincidieron el secretario del Trabajo del Gobierno del Estado de M\u00e9xico, Norberto Morales Poblete, y el rector de la Universidad Aut\u00f3noma del Estado de M\u00e9xico (UAEM\u00e9x), Carlos Eduardo Barrera D\u00edaz, al inaugurar la Feria de Empleo Universitaria\u00a0 2024.\" \/>\n<meta property=\"og:url\" content=\"https:\/\/expressometro.mx\/index.php\/2024\/08\/16\/uaemex-y-gem-inauguran-feria-de-empleo-universitaria-2024\/\" \/>\n<meta property=\"og:site_name\" content=\"Expresso Metropolitano\" \/>\n<meta property=\"article:published_time\" content=\"2024-08-16T14:09:04+00:00\" \/>\n<meta property=\"article:modified_time\" content=\"2024-09-03T14:11:25+00:00\" \/>\n<meta property=\"og:image\" content=\"http:\/\/expressometro.mx\/wp-content\/uploads\/2024\/09\/WhatsApp-Image-2024-09-03-at-8.10.09-AM.jpeg\" \/>\n\t<meta property=\"og:image:width\" content=\"1024\" \/>\n\t<meta property=\"og:image:height\" content=\"682\" \/>\n\t<meta property=\"og:image:type\" content=\"image\/jpeg\" \/>\n<meta name=\"author\" content=\"Expresso Metropolitano\" \/>\n<meta name=\"twitter:label1\" content=\"Escrito por\" \/>\n\t<meta name=\"twitter:data1\" content=\"Expresso Metropolitano\" \/>\n\t<meta name=\"twitter:label2\" content=\"Tiempo de lectura\" \/>\n\t<meta name=\"twitter:data2\" content=\"3 minutos\" \/>\n<script type=\"application\/ld+json\" class=\"yoast-schema-graph\">{\"@context\":\"https:\\\/\\\/schema.org\",\"@graph\":[{\"@type\":\"Article\",\"@id\":\"https:\\\/\\\/expressometro.mx\\\/index.php\\\/2024\\\/08\\\/16\\\/uaemex-y-gem-inauguran-feria-de-empleo-universitaria-2024\\\/#article\",\"isPartOf\":{\"@id\":\"https:\\\/\\\/expressometro.mx\\\/index.php\\\/2024\\\/08\\\/16\\\/uaemex-y-gem-inauguran-feria-de-empleo-universitaria-2024\\\/\"},\"author\":{\"name\":\"Expresso Metropolitano\",\"@id\":\"https:\\\/\\\/expressometro.mx\\\/#\\\/schema\\\/person\\\/efa971b4a0664db8ed5c22b1b0dd2f5d\"},\"headline\":\"UAEM\u00e9x Y GEM INAUGURAN FERIA DE EMPLEO UNIVERSITARIA 2024\",\"datePublished\":\"2024-08-16T14:09:04+00:00\",\"dateModified\":\"2024-09-03T14:11:25+00:00\",\"mainEntityOfPage\":{\"@id\":\"https:\\\/\\\/expressometro.mx\\\/index.php\\\/2024\\\/08\\\/16\\\/uaemex-y-gem-inauguran-feria-de-empleo-universitaria-2024\\\/\"},\"wordCount\":554,\"commentCount\":0,\"publisher\":{\"@id\":\"https:\\\/\\\/expressometro.mx\\\/#organization\"},\"image\":{\"@id\":\"https:\\\/\\\/expressometro.mx\\\/index.php\\\/2024\\\/08\\\/16\\\/uaemex-y-gem-inauguran-feria-de-empleo-universitaria-2024\\\/#primaryimage\"},\"thumbnailUrl\":\"https:\\\/\\\/expressometro.mx\\\/wp-content\\\/uploads\\\/2024\\\/09\\\/WhatsApp-Image-2024-09-03-at-8.10.09-AM.jpeg\",\"keywords\":[\"Carlos Eduardo Barrera D\u00edaz\",\"Edomex\",\"UAEMex\"],\"articleSection\":[\"Gobierno\",\"Otros\",\"Pol\u00edtica\"],\"inLanguage\":\"es\",\"potentialAction\":[{\"@type\":\"CommentAction\",\"name\":\"Comment\",\"target\":[\"https:\\\/\\\/expressometro.mx\\\/index.php\\\/2024\\\/08\\\/16\\\/uaemex-y-gem-inauguran-feria-de-empleo-universitaria-2024\\\/#respond\"]}]},{\"@type\":\"WebPage\",\"@id\":\"https:\\\/\\\/expressometro.mx\\\/index.php\\\/2024\\\/08\\\/16\\\/uaemex-y-gem-inauguran-feria-de-empleo-universitaria-2024\\\/\",\"url\":\"https:\\\/\\\/expressometro.mx\\\/index.php\\\/2024\\\/08\\\/16\\\/uaemex-y-gem-inauguran-feria-de-empleo-universitaria-2024\\\/\",\"name\":\"UAEM\u00e9x Y GEM INAUGURAN FERIA DE EMPLEO UNIVERSITARIA 2024 - Expresso Metropolitano\",\"isPartOf\":{\"@id\":\"https:\\\/\\\/expressometro.mx\\\/#website\"},\"primaryImageOfPage\":{\"@id\":\"https:\\\/\\\/expressometro.mx\\\/index.php\\\/2024\\\/08\\\/16\\\/uaemex-y-gem-inauguran-feria-de-empleo-universitaria-2024\\\/#primaryimage\"},\"image\":{\"@id\":\"https:\\\/\\\/expressometro.mx\\\/index.php\\\/2024\\\/08\\\/16\\\/uaemex-y-gem-inauguran-feria-de-empleo-universitaria-2024\\\/#primaryimage\"},\"thumbnailUrl\":\"https:\\\/\\\/expressometro.mx\\\/wp-content\\\/uploads\\\/2024\\\/09\\\/WhatsApp-Image-2024-09-03-at-8.10.09-AM.jpeg\",\"datePublished\":\"2024-08-16T14:09:04+00:00\",\"dateModified\":\"2024-09-03T14:11:25+00:00\",\"breadcrumb\":{\"@id\":\"https:\\\/\\\/expressometro.mx\\\/index.php\\\/2024\\\/08\\\/16\\\/uaemex-y-gem-inauguran-feria-de-empleo-universitaria-2024\\\/#breadcrumb\"},\"inLanguage\":\"es\",\"potentialAction\":[{\"@type\":\"ReadAction\",\"target\":[\"https:\\\/\\\/expressometro.mx\\\/index.php\\\/2024\\\/08\\\/16\\\/uaemex-y-gem-inauguran-feria-de-empleo-universitaria-2024\\\/\"]}]},{\"@type\":\"ImageObject\",\"inLanguage\":\"es\",\"@id\":\"https:\\\/\\\/expressometro.mx\\\/index.php\\\/2024\\\/08\\\/16\\\/uaemex-y-gem-inauguran-feria-de-empleo-universitaria-2024\\\/#primaryimage\",\"url\":\"https:\\\/\\\/expressometro.mx\\\/wp-content\\\/uploads\\\/2024\\\/09\\\/WhatsApp-Image-2024-09-03-at-8.10.09-AM.jpeg\",\"contentUrl\":\"https:\\\/\\\/expressometro.mx\\\/wp-content\\\/uploads\\\/2024\\\/09\\\/WhatsApp-Image-2024-09-03-at-8.10.09-AM.jpeg\",\"width\":1024,\"height\":682},{\"@type\":\"BreadcrumbList\",\"@id\":\"https:\\\/\\\/expressometro.mx\\\/index.php\\\/2024\\\/08\\\/16\\\/uaemex-y-gem-inauguran-feria-de-empleo-universitaria-2024\\\/#breadcrumb\",\"itemListElement\":[{\"@type\":\"ListItem\",\"position\":1,\"name\":\"Inicio\",\"item\":\"https:\\\/\\\/expressometro.mx\\\/\"},{\"@type\":\"ListItem\",\"position\":2,\"name\":\"UAEM\u00e9x Y GEM INAUGURAN FERIA DE EMPLEO UNIVERSITARIA 2024\"}]},{\"@type\":\"WebSite\",\"@id\":\"https:\\\/\\\/expressometro.mx\\\/#website\",\"url\":\"https:\\\/\\\/expressometro.mx\\\/\",\"name\":\"Expresso Metropolitano\",\"description\":\"Periodismo comprometido, informaci\u00f3n, investigaci\u00f3n y an\u00e1lisis\",\"publisher\":{\"@id\":\"https:\\\/\\\/expressometro.mx\\\/#organization\"},\"potentialAction\":[{\"@type\":\"SearchAction\",\"target\":{\"@type\":\"EntryPoint\",\"urlTemplate\":\"https:\\\/\\\/expressometro.mx\\\/?s={search_term_string}\"},\"query-input\":{\"@type\":\"PropertyValueSpecification\",\"valueRequired\":true,\"valueName\":\"search_term_string\"}}],\"inLanguage\":\"es\"},{\"@type\":\"Organization\",\"@id\":\"https:\\\/\\\/expressometro.mx\\\/#organization\",\"name\":\"Expresso Metropolitano\",\"url\":\"https:\\\/\\\/expressometro.mx\\\/\",\"logo\":{\"@type\":\"ImageObject\",\"inLanguage\":\"es\",\"@id\":\"https:\\\/\\\/expressometro.mx\\\/#\\\/schema\\\/logo\\\/image\\\/\",\"url\":\"https:\\\/\\\/expressometro.mx\\\/wp-content\\\/uploads\\\/2019\\\/07\\\/cropped-Logo-Expresso-Metropolitano-1-1.jpeg\",\"contentUrl\":\"https:\\\/\\\/expressometro.mx\\\/wp-content\\\/uploads\\\/2019\\\/07\\\/cropped-Logo-Expresso-Metropolitano-1-1.jpeg\",\"width\":290,\"height\":73,\"caption\":\"Expresso Metropolitano\"},\"image\":{\"@id\":\"https:\\\/\\\/expressometro.mx\\\/#\\\/schema\\\/logo\\\/image\\\/\"}},{\"@type\":\"Person\",\"@id\":\"https:\\\/\\\/expressometro.mx\\\/#\\\/schema\\\/person\\\/efa971b4a0664db8ed5c22b1b0dd2f5d\",\"name\":\"Expresso Metropolitano\",\"image\":{\"@type\":\"ImageObject\",\"inLanguage\":\"es\",\"@id\":\"https:\\\/\\\/secure.gravatar.com\\\/avatar\\\/a89f802b8de18c6952f223c88d3d106e9e3679839f4e25a02f4a6cc2ae6ba3b3?s=96&d=mm&r=g\",\"url\":\"https:\\\/\\\/secure.gravatar.com\\\/avatar\\\/a89f802b8de18c6952f223c88d3d106e9e3679839f4e25a02f4a6cc2ae6ba3b3?s=96&d=mm&r=g\",\"contentUrl\":\"https:\\\/\\\/secure.gravatar.com\\\/avatar\\\/a89f802b8de18c6952f223c88d3d106e9e3679839f4e25a02f4a6cc2ae6ba3b3?s=96&d=mm&r=g\",\"caption\":\"Expresso Metropolitano\"},\"url\":\"https:\\\/\\\/expressometro.mx\\\/index.php\\\/author\\\/diego\\\/\"}]}<\/script>\n<!-- \/ Yoast SEO plugin. -->","yoast_head_json":{"title":"UAEM\u00e9x Y GEM INAUGURAN FERIA DE EMPLEO UNIVERSITARIA 2024 - Expresso Metropolitano","robots":{"index":"index","follow":"follow","max-snippet":"max-snippet:-1","max-image-preview":"max-image-preview:large","max-video-preview":"max-video-preview:-1"},"canonical":"https:\/\/expressometro.mx\/index.php\/2024\/08\/16\/uaemex-y-gem-inauguran-feria-de-empleo-universitaria-2024\/","og_locale":"es_MX","og_type":"article","og_title":"UAEM\u00e9x Y GEM INAUGURAN FERIA DE EMPLEO UNIVERSITARIA 2024 - Expresso Metropolitano","og_description":"Impulsar el acceso de las juventudes universitarias a la obtenci\u00f3n de su primer empleo es fundamental para el desarrollo de la entidad mexiquense, coincidieron el secretario del Trabajo del Gobierno del Estado de M\u00e9xico, Norberto Morales Poblete, y el rector de la Universidad Aut\u00f3noma del Estado de M\u00e9xico (UAEM\u00e9x), Carlos Eduardo Barrera D\u00edaz, al inaugurar la Feria de Empleo Universitaria\u00a0 2024.","og_url":"https:\/\/expressometro.mx\/index.php\/2024\/08\/16\/uaemex-y-gem-inauguran-feria-de-empleo-universitaria-2024\/","og_site_name":"Expresso Metropolitano","article_published_time":"2024-08-16T14:09:04+00:00","article_modified_time":"2024-09-03T14:11:25+00:00","og_image":[{"width":1024,"height":682,"url":"http:\/\/expressometro.mx\/wp-content\/uploads\/2024\/09\/WhatsApp-Image-2024-09-03-at-8.10.09-AM.jpeg","type":"image\/jpeg"}],"author":"Expresso Metropolitano","twitter_misc":{"Escrito por":"Expresso Metropolitano","Tiempo de lectura":"3 minutos"},"schema":{"@context":"https:\/\/schema.org","@graph":[{"@type":"Article","@id":"https:\/\/expressometro.mx\/index.php\/2024\/08\/16\/uaemex-y-gem-inauguran-feria-de-empleo-universitaria-2024\/#article","isPartOf":{"@id":"https:\/\/expressometro.mx\/index.php\/2024\/08\/16\/uaemex-y-gem-inauguran-feria-de-empleo-universitaria-2024\/"},"author":{"name":"Expresso Metropolitano","@id":"https:\/\/expressometro.mx\/#\/schema\/person\/efa971b4a0664db8ed5c22b1b0dd2f5d"},"headline":"UAEM\u00e9x Y GEM INAUGURAN FERIA DE EMPLEO UNIVERSITARIA 2024","datePublished":"2024-08-16T14:09:04+00:00","dateModified":"2024-09-03T14:11:25+00:00","mainEntityOfPage":{"@id":"https:\/\/expressometro.mx\/index.php\/2024\/08\/16\/uaemex-y-gem-inauguran-feria-de-empleo-universitaria-2024\/"},"wordCount":554,"commentCount":0,"publisher":{"@id":"https:\/\/expressometro.mx\/#organization"},"image":{"@id":"https:\/\/expressometro.mx\/index.php\/2024\/08\/16\/uaemex-y-gem-inauguran-feria-de-empleo-universitaria-2024\/#primaryimage"},"thumbnailUrl":"https:\/\/expressometro.mx\/wp-content\/uploads\/2024\/09\/WhatsApp-Image-2024-09-03-at-8.10.09-AM.jpeg","keywords":["Carlos Eduardo Barrera D\u00edaz","Edomex","UAEMex"],"articleSection":["Gobierno","Otros","Pol\u00edtica"],"inLanguage":"es","potentialAction":[{"@type":"CommentAction","name":"Comment","target":["https:\/\/expressometro.mx\/index.php\/2024\/08\/16\/uaemex-y-gem-inauguran-feria-de-empleo-universitaria-2024\/#respond"]}]},{"@type":"WebPage","@id":"https:\/\/expressometro.mx\/index.php\/2024\/08\/16\/uaemex-y-gem-inauguran-feria-de-empleo-universitaria-2024\/","url":"https:\/\/expressometro.mx\/index.php\/2024\/08\/16\/uaemex-y-gem-inauguran-feria-de-empleo-universitaria-2024\/","name":"UAEM\u00e9x Y GEM INAUGURAN FERIA DE EMPLEO UNIVERSITARIA 2024 - Expresso Metropolitano","isPartOf":{"@id":"https:\/\/expressometro.mx\/#website"},"primaryImageOfPage":{"@id":"https:\/\/expressometro.mx\/index.php\/2024\/08\/16\/uaemex-y-gem-inauguran-feria-de-empleo-universitaria-2024\/#primaryimage"},"image":{"@id":"https:\/\/expressometro.mx\/index.php\/2024\/08\/16\/uaemex-y-gem-inauguran-feria-de-empleo-universitaria-2024\/#primaryimage"},"thumbnailUrl":"https:\/\/expressometro.mx\/wp-content\/uploads\/2024\/09\/WhatsApp-Image-2024-09-03-at-8.10.09-AM.jpeg","datePublished":"2024-08-16T14:09:04+00:00","dateModified":"2024-09-03T14:11:25+00:00","breadcrumb":{"@id":"https:\/\/expressometro.mx\/index.php\/2024\/08\/16\/uaemex-y-gem-inauguran-feria-de-empleo-universitaria-2024\/#breadcrumb"},"inLanguage":"es","potentialAction":[{"@type":"ReadAction","target":["https:\/\/expressometro.mx\/index.php\/2024\/08\/16\/uaemex-y-gem-inauguran-feria-de-empleo-universitaria-2024\/"]}]},{"@type":"ImageObject","inLanguage":"es","@id":"https:\/\/expressometro.mx\/index.php\/2024\/08\/16\/uaemex-y-gem-inauguran-feria-de-empleo-universitaria-2024\/#primaryimage","url":"https:\/\/expressometro.mx\/wp-content\/uploads\/2024\/09\/WhatsApp-Image-2024-09-03-at-8.10.09-AM.jpeg","contentUrl":"https:\/\/expressometro.mx\/wp-content\/uploads\/2024\/09\/WhatsApp-Image-2024-09-03-at-8.10.09-AM.jpeg","width":1024,"height":682},{"@type":"BreadcrumbList","@id":"https:\/\/expressometro.mx\/index.php\/2024\/08\/16\/uaemex-y-gem-inauguran-feria-de-empleo-universitaria-2024\/#breadcrumb","itemListElement":[{"@type":"ListItem","position":1,"name":"Inicio","item":"https:\/\/expressometro.mx\/"},{"@type":"ListItem","position":2,"name":"UAEM\u00e9x Y GEM INAUGURAN FERIA DE EMPLEO UNIVERSITARIA 2024"}]},{"@type":"WebSite","@id":"https:\/\/expressometro.mx\/#website","url":"https:\/\/expressometro.mx\/","name":"Expresso Metropolitano","description":"Periodismo comprometido, informaci\u00f3n, investigaci\u00f3n y an\u00e1lisis","publisher":{"@id":"https:\/\/expressometro.mx\/#organization"},"potentialAction":[{"@type":"SearchAction","target":{"@type":"EntryPoint","urlTemplate":"https:\/\/expressometro.mx\/?s={search_term_string}"},"query-input":{"@type":"PropertyValueSpecification","valueRequired":true,"valueName":"search_term_string"}}],"inLanguage":"es"},{"@type":"Organization","@id":"https:\/\/expressometro.mx\/#organization","name":"Expresso Metropolitano","url":"https:\/\/expressometro.mx\/","logo":{"@type":"ImageObject","inLanguage":"es","@id":"https:\/\/expressometro.mx\/#\/schema\/logo\/image\/","url":"https:\/\/expressometro.mx\/wp-content\/uploads\/2019\/07\/cropped-Logo-Expresso-Metropolitano-1-1.jpeg","contentUrl":"https:\/\/expressometro.mx\/wp-content\/uploads\/2019\/07\/cropped-Logo-Expresso-Metropolitano-1-1.jpeg","width":290,"height":73,"caption":"Expresso Metropolitano"},"image":{"@id":"https:\/\/expressometro.mx\/#\/schema\/logo\/image\/"}},{"@type":"Person","@id":"https:\/\/expressometro.mx\/#\/schema\/person\/efa971b4a0664db8ed5c22b1b0dd2f5d","name":"Expresso Metropolitano","image":{"@type":"ImageObject","inLanguage":"es","@id":"https:\/\/secure.gravatar.com\/avatar\/a89f802b8de18c6952f223c88d3d106e9e3679839f4e25a02f4a6cc2ae6ba3b3?s=96&d=mm&r=g","url":"https:\/\/secure.gravatar.com\/avatar\/a89f802b8de18c6952f223c88d3d106e9e3679839f4e25a02f4a6cc2ae6ba3b3?s=96&d=mm&r=g","contentUrl":"https:\/\/secure.gravatar.com\/avatar\/a89f802b8de18c6952f223c88d3d106e9e3679839f4e25a02f4a6cc2ae6ba3b3?s=96&d=mm&r=g","caption":"Expresso Metropolitano"},"url":"https:\/\/expressometro.mx\/index.php\/author\/diego\/"}]}},"amp_enabled":true,"_links":{"self":[{"href":"https:\/\/expressometro.mx\/index.php\/wp-json\/wp\/v2\/posts\/9888","targetHints":{"allow":["GET"]}}],"collection":[{"href":"https:\/\/expressometro.mx\/index.php\/wp-json\/wp\/v2\/posts"}],"about":[{"href":"https:\/\/expressometro.mx\/index.php\/wp-json\/wp\/v2\/types\/post"}],"author":[{"embeddable":true,"href":"https:\/\/expressometro.mx\/index.php\/wp-json\/wp\/v2\/users\/1"}],"replies":[{"embeddable":true,"href":"https:\/\/expressometro.mx\/index.php\/wp-json\/wp\/v2\/comments?post=9888"}],"version-history":[{"count":1,"href":"https:\/\/expressometro.mx\/index.php\/wp-json\/wp\/v2\/posts\/9888\/revisions"}],"predecessor-version":[{"id":9891,"href":"https:\/\/expressometro.mx\/index.php\/wp-json\/wp\/v2\/posts\/9888\/revisions\/9891"}],"wp:featuredmedia":[{"embeddable":true,"href":"https:\/\/expressometro.mx\/index.php\/wp-json\/wp\/v2\/media\/9890"}],"wp:attachment":[{"href":"https:\/\/expressometro.mx\/index.php\/wp-json\/wp\/v2\/media?parent=9888"}],"wp:term":[{"taxonomy":"category","embeddable":true,"href":"https:\/\/expressometro.mx\/index.php\/wp-json\/wp\/v2\/categories?post=9888"},{"taxonomy":"post_tag","embeddable":true,"href":"https:\/\/expressometro.mx\/index.php\/wp-json\/wp\/v2\/tags?post=9888"}],"curies":[{"name":"wp","href":"https:\/\/api.w.org\/{rel}","templated":true}]}}