{"id":9868,"date":"2024-08-12T08:46:28","date_gmt":"2024-08-12T13:46:28","guid":{"rendered":"https:\/\/expressometro.mx\/?p=9868"},"modified":"2024-09-03T08:49:46","modified_gmt":"2024-09-03T13:49:46","slug":"con-escultura-uaemex-rinde-homenaje-a-ignacio-ramirez-calzada","status":"publish","type":"post","link":"https:\/\/expressometro.mx\/index.php\/2024\/08\/12\/con-escultura-uaemex-rinde-homenaje-a-ignacio-ramirez-calzada\/","title":{"rendered":"CON ESCULTURA, UAEM\u00c9X RINDE HOMENAJE A IGNACIO RAM\u00cdREZ CALZADA"},"content":{"rendered":"\n<p><\/p>\n\n\n\n<p>* El rector Carlos Eduardo Barrera D\u00edaz y el escultor V\u00edctor Guti\u00e9rrez develaron, en el frontispicio del Edificio de Rector\u00eda de la Aut\u00f3noma mexiquense, el monumento a Ignacio Ram\u00edrez Calzada, \u201cEl Nigromante\u201d.\u00a0<\/p>\n\n\n\n<p>En reconocimiento a su quehacer como catedr\u00e1tico en el Instituto Literario -antecedente de la Universidad Aut\u00f3noma del Estado de M\u00e9xico (UAEM\u00e9x)-, como impulsor de la educaci\u00f3n p\u00fablica en nuestro pa\u00eds, defensor de las ideas progresistas y de las reformas liberales, cuyas contribuciones quedaron plasmadas en la Constituci\u00f3n de 1857, el rector Carlos Eduardo Barrera D\u00edaz devel\u00f3, en el frontispicio del Edificio de Rector\u00eda de la instituci\u00f3n, el monumento a Ignacio Ram\u00edrez Calzada (1818-1879).&nbsp;<\/p>\n\n\n\n<p>Acompa\u00f1ado del escultor de la obra, V\u00edctor Guti\u00e9rrez, el rector devel\u00f3 la estatua de a quien el propio artista pl\u00e1stico reconoci\u00f3 como uno de los grandes hombres de la Reforma.<\/p>\n\n\n\n<p>V\u00edctor Guti\u00e9rrez, escultor mexicano autor de m\u00e1s de dos mil obras p\u00fablicas y de caballete, agradeci\u00f3 a las autoridades de la UAEM\u00e9x \u201cla oportunidad de realizar esta escultura, ya que soy un gran admirador de Ignacio Ram\u00edrez Calzada, \u2018El Nigromante\u2019, maestro de los hombres de la Reforma, de los primeros mexicanos\u201d.<\/p>\n\n\n\n<p>Durante la ceremonia, la secretaria de Difusi\u00f3n Cultural de la Aut\u00f3noma mexiquense, Mercedes Portillo Luja, resalt\u00f3 que mediante esta escultura se rinde homenaje a qui\u00e9n con su pensamiento, logr\u00f3 grandes cambios en nuestra naci\u00f3n e instituci\u00f3n.<\/p>\n\n\n\n<p>Al citar a Inocente Pe\u00f1aloza Garc\u00eda, quien fuera cronista universitario, refiri\u00f3 que, \u201cde los a\u00f1os de vida de Ignacio Ram\u00edrez Calzada, seis de ellos transcurrieron en Toluca. Su domicilio estuvo ubicado en el Callej\u00f3n de Los Gallos, a escasos 50 metros de los portales. En la actualidad, el estrecho Callej\u00f3n de Los Gallos es una calle que se llama El Nigromante\u201d.<\/p>\n\n\n\n<p>Refiri\u00f3 que durante su estancia en Toluca, Ram\u00edrez Calzada obtuvo el t\u00edtulo de abogado, ejerci\u00f3 la profesi\u00f3n, fue servidor p\u00fablico, combati\u00f3 al ej\u00e9rcito norteamericano, form\u00f3 una familia y fue catedr\u00e1tico del Instituto Literario.<\/p>\n\n\n\n<p>\u201cEl paso de Ram\u00edrez Calzada por las aulas de nuestro instituto corresponde a la tercera \u00e9poca de la historia institucional, iniciada con su segunda y definitiva reapertura en Toluca. Fundado en Tlalpan en 1828, el antiguo instituto form\u00f3 parte de un ambicioso proyecto para extender la educaci\u00f3n superior a todo el territorio nacional\u201d, dijo.<\/p>\n\n\n\n<p>La incorporaci\u00f3n de Ignacio Ram\u00edrez Calzada al cuerpo acad\u00e9mico del Instituto Literario fue todo un acontecimiento, pues lleg\u00f3 precedido de la fama que a sus 32 a\u00f1os de edad hab\u00eda ganado en las p\u00e1ginas de los diarios y en sus eruditas disertaciones acad\u00e9micas y hoy, por cultivar mentes, corazones y sue\u00f1os, nos reunimos para reconocer con este monumento, su trascendencia en la historia de nuestro pa\u00eds.<\/p>\n\n\n\n<p>En su oportunidad, la directora de Patrimonio Cultural de la UAEM\u00e9x, Yuriko Rojas Moriyama, destac\u00f3 a Ignacio Ram\u00edrez Calzada como un institutense de esp\u00edritu f\u00e9rreo, que a trav\u00e9s de los siglos ha quedado cautivo en la belleza del bronce.<\/p>\n\n\n\n<p>\u201cExpuesto a todas las miradas y todos los p\u00fablicos, con su elocuente silencio ser\u00e1 testigo de m\u00faltiples e importantes generaciones de universitarios. Este monumento modifica el paisaje urbano de la Calle Instituto Literario, ya que simb\u00f3licamente, el mentor y su disc\u00edpulo \u2013Ignacio Manuel Altamirano Basilio, custodiar\u00e1n este preciado edificio, lleno de valores humanos, culturales y art\u00edsticos\u201d, concluy\u00f3.<\/p>\n","protected":false},"excerpt":{"rendered":"<p>El rector Carlos Eduardo Barrera D\u00edaz y el escultor V\u00edctor Guti\u00e9rrez develaron, en el frontispicio del Edificio de Rector\u00eda de la Aut\u00f3noma mexiquense, el monumento a Ignacio Ram\u00edrez Calzada, \u201cEl Nigromante\u201d.\u00a0<\/p>\n","protected":false},"author":1,"featured_media":9870,"comment_status":"open","ping_status":"open","sticky":false,"template":"","format":"standard","meta":{"footnotes":""},"categories":[3,1,231],"tags":[313,1982,82],"class_list":["post-9868","post","type-post","status-publish","format-standard","has-post-thumbnail","hentry","category-gobierno","category-otros","category-politica","tag-carlos-eduardo-barrera-diaz","tag-edomex","tag-uaemex"],"yoast_head":"<!-- This site is optimized with the Yoast SEO plugin v27.5 - https:\/\/yoast.com\/product\/yoast-seo-wordpress\/ -->\n<title>CON ESCULTURA, UAEM\u00c9X RINDE HOMENAJE A IGNACIO RAM\u00cdREZ CALZADA - Expresso Metropolitano<\/title>\n<meta name=\"robots\" content=\"index, follow, max-snippet:-1, max-image-preview:large, max-video-preview:-1\" \/>\n<link rel=\"canonical\" href=\"https:\/\/expressometro.mx\/index.php\/2024\/08\/12\/con-escultura-uaemex-rinde-homenaje-a-ignacio-ramirez-calzada\/\" \/>\n<meta property=\"og:locale\" content=\"es_MX\" \/>\n<meta property=\"og:type\" content=\"article\" \/>\n<meta property=\"og:title\" content=\"CON ESCULTURA, UAEM\u00c9X RINDE HOMENAJE A IGNACIO RAM\u00cdREZ CALZADA - Expresso Metropolitano\" \/>\n<meta property=\"og:description\" content=\"El rector Carlos Eduardo Barrera D\u00edaz y el escultor V\u00edctor Guti\u00e9rrez develaron, en el frontispicio del Edificio de Rector\u00eda de la Aut\u00f3noma mexiquense, el monumento a Ignacio Ram\u00edrez Calzada, \u201cEl Nigromante\u201d.\u00a0\" \/>\n<meta property=\"og:url\" content=\"https:\/\/expressometro.mx\/index.php\/2024\/08\/12\/con-escultura-uaemex-rinde-homenaje-a-ignacio-ramirez-calzada\/\" \/>\n<meta property=\"og:site_name\" content=\"Expresso Metropolitano\" \/>\n<meta property=\"article:published_time\" content=\"2024-08-12T13:46:28+00:00\" \/>\n<meta property=\"article:modified_time\" content=\"2024-09-03T13:49:46+00:00\" \/>\n<meta property=\"og:image\" content=\"http:\/\/expressometro.mx\/wp-content\/uploads\/2024\/09\/WhatsApp-Image-2024-09-03-at-7.47.58-AM.jpeg\" \/>\n\t<meta property=\"og:image:width\" content=\"1024\" \/>\n\t<meta property=\"og:image:height\" content=\"682\" \/>\n\t<meta property=\"og:image:type\" content=\"image\/jpeg\" \/>\n<meta name=\"author\" content=\"Expresso Metropolitano\" \/>\n<meta name=\"twitter:label1\" content=\"Escrito por\" \/>\n\t<meta name=\"twitter:data1\" content=\"Expresso Metropolitano\" \/>\n\t<meta name=\"twitter:label2\" content=\"Tiempo de lectura\" \/>\n\t<meta name=\"twitter:data2\" content=\"3 minutos\" \/>\n<script type=\"application\/ld+json\" class=\"yoast-schema-graph\">{\"@context\":\"https:\\\/\\\/schema.org\",\"@graph\":[{\"@type\":\"Article\",\"@id\":\"https:\\\/\\\/expressometro.mx\\\/index.php\\\/2024\\\/08\\\/12\\\/con-escultura-uaemex-rinde-homenaje-a-ignacio-ramirez-calzada\\\/#article\",\"isPartOf\":{\"@id\":\"https:\\\/\\\/expressometro.mx\\\/index.php\\\/2024\\\/08\\\/12\\\/con-escultura-uaemex-rinde-homenaje-a-ignacio-ramirez-calzada\\\/\"},\"author\":{\"name\":\"Expresso Metropolitano\",\"@id\":\"https:\\\/\\\/expressometro.mx\\\/#\\\/schema\\\/person\\\/efa971b4a0664db8ed5c22b1b0dd2f5d\"},\"headline\":\"CON ESCULTURA, UAEM\u00c9X RINDE HOMENAJE A IGNACIO RAM\u00cdREZ CALZADA\",\"datePublished\":\"2024-08-12T13:46:28+00:00\",\"dateModified\":\"2024-09-03T13:49:46+00:00\",\"mainEntityOfPage\":{\"@id\":\"https:\\\/\\\/expressometro.mx\\\/index.php\\\/2024\\\/08\\\/12\\\/con-escultura-uaemex-rinde-homenaje-a-ignacio-ramirez-calzada\\\/\"},\"wordCount\":607,\"commentCount\":0,\"publisher\":{\"@id\":\"https:\\\/\\\/expressometro.mx\\\/#organization\"},\"image\":{\"@id\":\"https:\\\/\\\/expressometro.mx\\\/index.php\\\/2024\\\/08\\\/12\\\/con-escultura-uaemex-rinde-homenaje-a-ignacio-ramirez-calzada\\\/#primaryimage\"},\"thumbnailUrl\":\"https:\\\/\\\/expressometro.mx\\\/wp-content\\\/uploads\\\/2024\\\/09\\\/WhatsApp-Image-2024-09-03-at-7.47.58-AM.jpeg\",\"keywords\":[\"Carlos Eduardo Barrera D\u00edaz\",\"Edomex\",\"UAEMex\"],\"articleSection\":[\"Gobierno\",\"Otros\",\"Pol\u00edtica\"],\"inLanguage\":\"es\",\"potentialAction\":[{\"@type\":\"CommentAction\",\"name\":\"Comment\",\"target\":[\"https:\\\/\\\/expressometro.mx\\\/index.php\\\/2024\\\/08\\\/12\\\/con-escultura-uaemex-rinde-homenaje-a-ignacio-ramirez-calzada\\\/#respond\"]}]},{\"@type\":\"WebPage\",\"@id\":\"https:\\\/\\\/expressometro.mx\\\/index.php\\\/2024\\\/08\\\/12\\\/con-escultura-uaemex-rinde-homenaje-a-ignacio-ramirez-calzada\\\/\",\"url\":\"https:\\\/\\\/expressometro.mx\\\/index.php\\\/2024\\\/08\\\/12\\\/con-escultura-uaemex-rinde-homenaje-a-ignacio-ramirez-calzada\\\/\",\"name\":\"CON ESCULTURA, UAEM\u00c9X RINDE HOMENAJE A IGNACIO RAM\u00cdREZ CALZADA - Expresso Metropolitano\",\"isPartOf\":{\"@id\":\"https:\\\/\\\/expressometro.mx\\\/#website\"},\"primaryImageOfPage\":{\"@id\":\"https:\\\/\\\/expressometro.mx\\\/index.php\\\/2024\\\/08\\\/12\\\/con-escultura-uaemex-rinde-homenaje-a-ignacio-ramirez-calzada\\\/#primaryimage\"},\"image\":{\"@id\":\"https:\\\/\\\/expressometro.mx\\\/index.php\\\/2024\\\/08\\\/12\\\/con-escultura-uaemex-rinde-homenaje-a-ignacio-ramirez-calzada\\\/#primaryimage\"},\"thumbnailUrl\":\"https:\\\/\\\/expressometro.mx\\\/wp-content\\\/uploads\\\/2024\\\/09\\\/WhatsApp-Image-2024-09-03-at-7.47.58-AM.jpeg\",\"datePublished\":\"2024-08-12T13:46:28+00:00\",\"dateModified\":\"2024-09-03T13:49:46+00:00\",\"breadcrumb\":{\"@id\":\"https:\\\/\\\/expressometro.mx\\\/index.php\\\/2024\\\/08\\\/12\\\/con-escultura-uaemex-rinde-homenaje-a-ignacio-ramirez-calzada\\\/#breadcrumb\"},\"inLanguage\":\"es\",\"potentialAction\":[{\"@type\":\"ReadAction\",\"target\":[\"https:\\\/\\\/expressometro.mx\\\/index.php\\\/2024\\\/08\\\/12\\\/con-escultura-uaemex-rinde-homenaje-a-ignacio-ramirez-calzada\\\/\"]}]},{\"@type\":\"ImageObject\",\"inLanguage\":\"es\",\"@id\":\"https:\\\/\\\/expressometro.mx\\\/index.php\\\/2024\\\/08\\\/12\\\/con-escultura-uaemex-rinde-homenaje-a-ignacio-ramirez-calzada\\\/#primaryimage\",\"url\":\"https:\\\/\\\/expressometro.mx\\\/wp-content\\\/uploads\\\/2024\\\/09\\\/WhatsApp-Image-2024-09-03-at-7.47.58-AM.jpeg\",\"contentUrl\":\"https:\\\/\\\/expressometro.mx\\\/wp-content\\\/uploads\\\/2024\\\/09\\\/WhatsApp-Image-2024-09-03-at-7.47.58-AM.jpeg\",\"width\":1024,\"height\":682},{\"@type\":\"BreadcrumbList\",\"@id\":\"https:\\\/\\\/expressometro.mx\\\/index.php\\\/2024\\\/08\\\/12\\\/con-escultura-uaemex-rinde-homenaje-a-ignacio-ramirez-calzada\\\/#breadcrumb\",\"itemListElement\":[{\"@type\":\"ListItem\",\"position\":1,\"name\":\"Inicio\",\"item\":\"https:\\\/\\\/expressometro.mx\\\/\"},{\"@type\":\"ListItem\",\"position\":2,\"name\":\"CON ESCULTURA, UAEM\u00c9X RINDE HOMENAJE A IGNACIO RAM\u00cdREZ CALZADA\"}]},{\"@type\":\"WebSite\",\"@id\":\"https:\\\/\\\/expressometro.mx\\\/#website\",\"url\":\"https:\\\/\\\/expressometro.mx\\\/\",\"name\":\"Expresso Metropolitano\",\"description\":\"Periodismo comprometido, informaci\u00f3n, investigaci\u00f3n y an\u00e1lisis\",\"publisher\":{\"@id\":\"https:\\\/\\\/expressometro.mx\\\/#organization\"},\"potentialAction\":[{\"@type\":\"SearchAction\",\"target\":{\"@type\":\"EntryPoint\",\"urlTemplate\":\"https:\\\/\\\/expressometro.mx\\\/?s={search_term_string}\"},\"query-input\":{\"@type\":\"PropertyValueSpecification\",\"valueRequired\":true,\"valueName\":\"search_term_string\"}}],\"inLanguage\":\"es\"},{\"@type\":\"Organization\",\"@id\":\"https:\\\/\\\/expressometro.mx\\\/#organization\",\"name\":\"Expresso Metropolitano\",\"url\":\"https:\\\/\\\/expressometro.mx\\\/\",\"logo\":{\"@type\":\"ImageObject\",\"inLanguage\":\"es\",\"@id\":\"https:\\\/\\\/expressometro.mx\\\/#\\\/schema\\\/logo\\\/image\\\/\",\"url\":\"https:\\\/\\\/expressometro.mx\\\/wp-content\\\/uploads\\\/2019\\\/07\\\/cropped-Logo-Expresso-Metropolitano-1-1.jpeg\",\"contentUrl\":\"https:\\\/\\\/expressometro.mx\\\/wp-content\\\/uploads\\\/2019\\\/07\\\/cropped-Logo-Expresso-Metropolitano-1-1.jpeg\",\"width\":290,\"height\":73,\"caption\":\"Expresso Metropolitano\"},\"image\":{\"@id\":\"https:\\\/\\\/expressometro.mx\\\/#\\\/schema\\\/logo\\\/image\\\/\"}},{\"@type\":\"Person\",\"@id\":\"https:\\\/\\\/expressometro.mx\\\/#\\\/schema\\\/person\\\/efa971b4a0664db8ed5c22b1b0dd2f5d\",\"name\":\"Expresso Metropolitano\",\"image\":{\"@type\":\"ImageObject\",\"inLanguage\":\"es\",\"@id\":\"https:\\\/\\\/secure.gravatar.com\\\/avatar\\\/a89f802b8de18c6952f223c88d3d106e9e3679839f4e25a02f4a6cc2ae6ba3b3?s=96&d=mm&r=g\",\"url\":\"https:\\\/\\\/secure.gravatar.com\\\/avatar\\\/a89f802b8de18c6952f223c88d3d106e9e3679839f4e25a02f4a6cc2ae6ba3b3?s=96&d=mm&r=g\",\"contentUrl\":\"https:\\\/\\\/secure.gravatar.com\\\/avatar\\\/a89f802b8de18c6952f223c88d3d106e9e3679839f4e25a02f4a6cc2ae6ba3b3?s=96&d=mm&r=g\",\"caption\":\"Expresso Metropolitano\"},\"url\":\"https:\\\/\\\/expressometro.mx\\\/index.php\\\/author\\\/diego\\\/\"}]}<\/script>\n<!-- \/ Yoast SEO plugin. -->","yoast_head_json":{"title":"CON ESCULTURA, UAEM\u00c9X RINDE HOMENAJE A IGNACIO RAM\u00cdREZ CALZADA - Expresso Metropolitano","robots":{"index":"index","follow":"follow","max-snippet":"max-snippet:-1","max-image-preview":"max-image-preview:large","max-video-preview":"max-video-preview:-1"},"canonical":"https:\/\/expressometro.mx\/index.php\/2024\/08\/12\/con-escultura-uaemex-rinde-homenaje-a-ignacio-ramirez-calzada\/","og_locale":"es_MX","og_type":"article","og_title":"CON ESCULTURA, UAEM\u00c9X RINDE HOMENAJE A IGNACIO RAM\u00cdREZ CALZADA - Expresso Metropolitano","og_description":"El rector Carlos Eduardo Barrera D\u00edaz y el escultor V\u00edctor Guti\u00e9rrez develaron, en el frontispicio del Edificio de Rector\u00eda de la Aut\u00f3noma mexiquense, el monumento a Ignacio Ram\u00edrez Calzada, \u201cEl Nigromante\u201d.\u00a0","og_url":"https:\/\/expressometro.mx\/index.php\/2024\/08\/12\/con-escultura-uaemex-rinde-homenaje-a-ignacio-ramirez-calzada\/","og_site_name":"Expresso Metropolitano","article_published_time":"2024-08-12T13:46:28+00:00","article_modified_time":"2024-09-03T13:49:46+00:00","og_image":[{"width":1024,"height":682,"url":"http:\/\/expressometro.mx\/wp-content\/uploads\/2024\/09\/WhatsApp-Image-2024-09-03-at-7.47.58-AM.jpeg","type":"image\/jpeg"}],"author":"Expresso Metropolitano","twitter_misc":{"Escrito por":"Expresso Metropolitano","Tiempo de lectura":"3 minutos"},"schema":{"@context":"https:\/\/schema.org","@graph":[{"@type":"Article","@id":"https:\/\/expressometro.mx\/index.php\/2024\/08\/12\/con-escultura-uaemex-rinde-homenaje-a-ignacio-ramirez-calzada\/#article","isPartOf":{"@id":"https:\/\/expressometro.mx\/index.php\/2024\/08\/12\/con-escultura-uaemex-rinde-homenaje-a-ignacio-ramirez-calzada\/"},"author":{"name":"Expresso Metropolitano","@id":"https:\/\/expressometro.mx\/#\/schema\/person\/efa971b4a0664db8ed5c22b1b0dd2f5d"},"headline":"CON ESCULTURA, UAEM\u00c9X RINDE HOMENAJE A IGNACIO RAM\u00cdREZ CALZADA","datePublished":"2024-08-12T13:46:28+00:00","dateModified":"2024-09-03T13:49:46+00:00","mainEntityOfPage":{"@id":"https:\/\/expressometro.mx\/index.php\/2024\/08\/12\/con-escultura-uaemex-rinde-homenaje-a-ignacio-ramirez-calzada\/"},"wordCount":607,"commentCount":0,"publisher":{"@id":"https:\/\/expressometro.mx\/#organization"},"image":{"@id":"https:\/\/expressometro.mx\/index.php\/2024\/08\/12\/con-escultura-uaemex-rinde-homenaje-a-ignacio-ramirez-calzada\/#primaryimage"},"thumbnailUrl":"https:\/\/expressometro.mx\/wp-content\/uploads\/2024\/09\/WhatsApp-Image-2024-09-03-at-7.47.58-AM.jpeg","keywords":["Carlos Eduardo Barrera D\u00edaz","Edomex","UAEMex"],"articleSection":["Gobierno","Otros","Pol\u00edtica"],"inLanguage":"es","potentialAction":[{"@type":"CommentAction","name":"Comment","target":["https:\/\/expressometro.mx\/index.php\/2024\/08\/12\/con-escultura-uaemex-rinde-homenaje-a-ignacio-ramirez-calzada\/#respond"]}]},{"@type":"WebPage","@id":"https:\/\/expressometro.mx\/index.php\/2024\/08\/12\/con-escultura-uaemex-rinde-homenaje-a-ignacio-ramirez-calzada\/","url":"https:\/\/expressometro.mx\/index.php\/2024\/08\/12\/con-escultura-uaemex-rinde-homenaje-a-ignacio-ramirez-calzada\/","name":"CON ESCULTURA, UAEM\u00c9X RINDE HOMENAJE A IGNACIO RAM\u00cdREZ CALZADA - Expresso Metropolitano","isPartOf":{"@id":"https:\/\/expressometro.mx\/#website"},"primaryImageOfPage":{"@id":"https:\/\/expressometro.mx\/index.php\/2024\/08\/12\/con-escultura-uaemex-rinde-homenaje-a-ignacio-ramirez-calzada\/#primaryimage"},"image":{"@id":"https:\/\/expressometro.mx\/index.php\/2024\/08\/12\/con-escultura-uaemex-rinde-homenaje-a-ignacio-ramirez-calzada\/#primaryimage"},"thumbnailUrl":"https:\/\/expressometro.mx\/wp-content\/uploads\/2024\/09\/WhatsApp-Image-2024-09-03-at-7.47.58-AM.jpeg","datePublished":"2024-08-12T13:46:28+00:00","dateModified":"2024-09-03T13:49:46+00:00","breadcrumb":{"@id":"https:\/\/expressometro.mx\/index.php\/2024\/08\/12\/con-escultura-uaemex-rinde-homenaje-a-ignacio-ramirez-calzada\/#breadcrumb"},"inLanguage":"es","potentialAction":[{"@type":"ReadAction","target":["https:\/\/expressometro.mx\/index.php\/2024\/08\/12\/con-escultura-uaemex-rinde-homenaje-a-ignacio-ramirez-calzada\/"]}]},{"@type":"ImageObject","inLanguage":"es","@id":"https:\/\/expressometro.mx\/index.php\/2024\/08\/12\/con-escultura-uaemex-rinde-homenaje-a-ignacio-ramirez-calzada\/#primaryimage","url":"https:\/\/expressometro.mx\/wp-content\/uploads\/2024\/09\/WhatsApp-Image-2024-09-03-at-7.47.58-AM.jpeg","contentUrl":"https:\/\/expressometro.mx\/wp-content\/uploads\/2024\/09\/WhatsApp-Image-2024-09-03-at-7.47.58-AM.jpeg","width":1024,"height":682},{"@type":"BreadcrumbList","@id":"https:\/\/expressometro.mx\/index.php\/2024\/08\/12\/con-escultura-uaemex-rinde-homenaje-a-ignacio-ramirez-calzada\/#breadcrumb","itemListElement":[{"@type":"ListItem","position":1,"name":"Inicio","item":"https:\/\/expressometro.mx\/"},{"@type":"ListItem","position":2,"name":"CON ESCULTURA, UAEM\u00c9X RINDE HOMENAJE A IGNACIO RAM\u00cdREZ CALZADA"}]},{"@type":"WebSite","@id":"https:\/\/expressometro.mx\/#website","url":"https:\/\/expressometro.mx\/","name":"Expresso Metropolitano","description":"Periodismo comprometido, informaci\u00f3n, investigaci\u00f3n y an\u00e1lisis","publisher":{"@id":"https:\/\/expressometro.mx\/#organization"},"potentialAction":[{"@type":"SearchAction","target":{"@type":"EntryPoint","urlTemplate":"https:\/\/expressometro.mx\/?s={search_term_string}"},"query-input":{"@type":"PropertyValueSpecification","valueRequired":true,"valueName":"search_term_string"}}],"inLanguage":"es"},{"@type":"Organization","@id":"https:\/\/expressometro.mx\/#organization","name":"Expresso Metropolitano","url":"https:\/\/expressometro.mx\/","logo":{"@type":"ImageObject","inLanguage":"es","@id":"https:\/\/expressometro.mx\/#\/schema\/logo\/image\/","url":"https:\/\/expressometro.mx\/wp-content\/uploads\/2019\/07\/cropped-Logo-Expresso-Metropolitano-1-1.jpeg","contentUrl":"https:\/\/expressometro.mx\/wp-content\/uploads\/2019\/07\/cropped-Logo-Expresso-Metropolitano-1-1.jpeg","width":290,"height":73,"caption":"Expresso Metropolitano"},"image":{"@id":"https:\/\/expressometro.mx\/#\/schema\/logo\/image\/"}},{"@type":"Person","@id":"https:\/\/expressometro.mx\/#\/schema\/person\/efa971b4a0664db8ed5c22b1b0dd2f5d","name":"Expresso Metropolitano","image":{"@type":"ImageObject","inLanguage":"es","@id":"https:\/\/secure.gravatar.com\/avatar\/a89f802b8de18c6952f223c88d3d106e9e3679839f4e25a02f4a6cc2ae6ba3b3?s=96&d=mm&r=g","url":"https:\/\/secure.gravatar.com\/avatar\/a89f802b8de18c6952f223c88d3d106e9e3679839f4e25a02f4a6cc2ae6ba3b3?s=96&d=mm&r=g","contentUrl":"https:\/\/secure.gravatar.com\/avatar\/a89f802b8de18c6952f223c88d3d106e9e3679839f4e25a02f4a6cc2ae6ba3b3?s=96&d=mm&r=g","caption":"Expresso Metropolitano"},"url":"https:\/\/expressometro.mx\/index.php\/author\/diego\/"}]}},"amp_enabled":true,"_links":{"self":[{"href":"https:\/\/expressometro.mx\/index.php\/wp-json\/wp\/v2\/posts\/9868","targetHints":{"allow":["GET"]}}],"collection":[{"href":"https:\/\/expressometro.mx\/index.php\/wp-json\/wp\/v2\/posts"}],"about":[{"href":"https:\/\/expressometro.mx\/index.php\/wp-json\/wp\/v2\/types\/post"}],"author":[{"embeddable":true,"href":"https:\/\/expressometro.mx\/index.php\/wp-json\/wp\/v2\/users\/1"}],"replies":[{"embeddable":true,"href":"https:\/\/expressometro.mx\/index.php\/wp-json\/wp\/v2\/comments?post=9868"}],"version-history":[{"count":1,"href":"https:\/\/expressometro.mx\/index.php\/wp-json\/wp\/v2\/posts\/9868\/revisions"}],"predecessor-version":[{"id":9871,"href":"https:\/\/expressometro.mx\/index.php\/wp-json\/wp\/v2\/posts\/9868\/revisions\/9871"}],"wp:featuredmedia":[{"embeddable":true,"href":"https:\/\/expressometro.mx\/index.php\/wp-json\/wp\/v2\/media\/9870"}],"wp:attachment":[{"href":"https:\/\/expressometro.mx\/index.php\/wp-json\/wp\/v2\/media?parent=9868"}],"wp:term":[{"taxonomy":"category","embeddable":true,"href":"https:\/\/expressometro.mx\/index.php\/wp-json\/wp\/v2\/categories?post=9868"},{"taxonomy":"post_tag","embeddable":true,"href":"https:\/\/expressometro.mx\/index.php\/wp-json\/wp\/v2\/tags?post=9868"}],"curies":[{"name":"wp","href":"https:\/\/api.w.org\/{rel}","templated":true}]}}