{"id":9835,"date":"2024-08-26T19:36:25","date_gmt":"2024-08-27T00:36:25","guid":{"rendered":"https:\/\/expressometro.mx\/?p=9835"},"modified":"2024-08-26T21:14:11","modified_gmt":"2024-08-27T02:14:11","slug":"destacan-municipios-priistas-en-premio-nacional-al-buen-gobierno","status":"publish","type":"post","link":"https:\/\/expressometro.mx\/index.php\/2024\/08\/26\/destacan-municipios-priistas-en-premio-nacional-al-buen-gobierno\/","title":{"rendered":"DESTACAN MUNICIPIOS PRIISTAS EN PREMIO NACIONAL AL BUEN GOBIERNO"},"content":{"rendered":"\n<p><\/p>\n\n\n\n<p>\u2022 El priismo mexiquense est\u00e1 orgulloso de la gente buena del partido que s\u00ed resuelve y sabe gobernar.&nbsp;<\/p>\n\n\n\n<p>El Comit\u00e9 Directivo Estatal (CDE) del PRI reconoce la labor de sus compa\u00f1eros de partido que fueron galardonados con el Premio Nacional al Buen Gobierno Municipal 2024. Fueron seis los municipios con gobernantes priistas que recibieron este reconocimiento.&nbsp;<\/p>\n\n\n\n<p>Por San Mateo Atenco, Ana Mu\u00f1iz Neyra recibi\u00f3 el premio de Seguridad y Cultura de la Paz, mientras que por Lerma se otorg\u00f3 a Miguel Ram\u00edrez Ponce un reconocimiento especial por la implementaci\u00f3n de Proyectos Innovadores en la tem\u00e1tica de Planeaci\u00f3n Estrat\u00e9gica Urbana.&nbsp;<\/p>\n\n\n\n<p>De igual forma, el presidente municipal de Ixtlahuaca, Abuzeid Lozano Casta\u00f1eda, recibi\u00f3 el premio por la implementaci\u00f3n de proyectos innovadores en la tem\u00e1tica de Ciudad Inteligente. El municipio de Jilotepec fue galardonado por Ciudad Pr\u00f3spera.&nbsp;&nbsp;<\/p>\n\n\n\n<p>El presidente municipal de Ray\u00f3n, Erick Cedillo, recibi\u00f3 el premio en la categor\u00eda de Ciudad Incluyente; y por Chapultepec, su presidenta Laura Amalia Gonz\u00e1lez logr\u00f3 la distinci\u00f3n en la categor\u00eda de Municipio Saludable.<\/p>\n\n\n\n<p>Luego de recibir el reconocimiento de Municipio Seguro y Cultura de Paz, Ana Mu\u00f1iz destac\u00f3 las acciones emprendidas en esta materia de manera coordinada entre el Gobierno Municipal de San Mateo Atenco, el DIF municipal, la ciudadan\u00eda y los gobiernos estatal y federal.<\/p>\n\n\n\n<p>Ixtlahuaca destac\u00f3 en su categor\u00eda gracias a su proyecto &#8220;Somos Ixtlahuaca&#8221;, una aplicaci\u00f3n m\u00f3vil dise\u00f1ada para agilizar los tiempos de respuesta en emergencias y facilitar el acceso a servicios municipales.<\/p>\n\n\n\n<p>El premio fue otorgado por el Instituto Buen Gobierno, el Instituto Nacional de Administraci\u00f3n P\u00fablica A.C. (INAP), la Federaci\u00f3n Nacional de Municipios de M\u00e9xico (FENAMM), la Conferencia Nacional de Municipios de M\u00e9xico (CONAMM), la Asociaci\u00f3n de Autoridades Locales de M\u00e9xico A.C. (AALMAC), la Federaci\u00f3n Latinoamericana de Ciudades, Municipios y Asociaciones de Gobiernos Locales (FLACMA) y la organizaci\u00f3n Ciudades y Gobiernos Locales Unidos Latinoam\u00e9rica (CGLU).<\/p>\n","protected":false},"excerpt":{"rendered":"<p>El Comit\u00e9 Directivo Estatal (CDE) del PRI reconoce la labor de sus compa\u00f1eros de partido que fueron galardonados con el Premio Nacional al Buen Gobierno Municipal 2024. Fueron seis los municipios con gobernantes priistas que recibieron este reconocimiento.\u00a0<\/p>\n","protected":false},"author":1,"featured_media":9837,"comment_status":"open","ping_status":"open","sticky":false,"template":"","format":"standard","meta":{"footnotes":""},"categories":[3,1,231],"tags":[2371,1982,86,424,264,158,386,2367],"class_list":["post-9835","post","type-post","status-publish","format-standard","has-post-thumbnail","hentry","category-gobierno","category-otros","category-politica","tag-chapultepec","tag-edomex","tag-gem","tag-ixtlahuaca","tag-jilotepec","tag-pri","tag-san-mateo-atenco","tag-santa-maria-rayon"],"yoast_head":"<!-- This site is optimized with the Yoast SEO plugin v27.5 - https:\/\/yoast.com\/product\/yoast-seo-wordpress\/ -->\n<title>DESTACAN MUNICIPIOS PRIISTAS EN PREMIO NACIONAL AL BUEN GOBIERNO - Expresso Metropolitano<\/title>\n<meta name=\"robots\" content=\"index, follow, max-snippet:-1, max-image-preview:large, max-video-preview:-1\" \/>\n<link rel=\"canonical\" href=\"https:\/\/expressometro.mx\/index.php\/2024\/08\/26\/destacan-municipios-priistas-en-premio-nacional-al-buen-gobierno\/\" \/>\n<meta property=\"og:locale\" content=\"es_MX\" \/>\n<meta property=\"og:type\" content=\"article\" \/>\n<meta property=\"og:title\" content=\"DESTACAN MUNICIPIOS PRIISTAS EN PREMIO NACIONAL AL BUEN GOBIERNO - Expresso Metropolitano\" \/>\n<meta property=\"og:description\" content=\"El Comit\u00e9 Directivo Estatal (CDE) del PRI reconoce la labor de sus compa\u00f1eros de partido que fueron galardonados con el Premio Nacional al Buen Gobierno Municipal 2024. Fueron seis los municipios con gobernantes priistas que recibieron este reconocimiento.\u00a0\" \/>\n<meta property=\"og:url\" content=\"https:\/\/expressometro.mx\/index.php\/2024\/08\/26\/destacan-municipios-priistas-en-premio-nacional-al-buen-gobierno\/\" \/>\n<meta property=\"og:site_name\" content=\"Expresso Metropolitano\" \/>\n<meta property=\"article:published_time\" content=\"2024-08-27T00:36:25+00:00\" \/>\n<meta property=\"article:modified_time\" content=\"2024-08-27T02:14:11+00:00\" \/>\n<meta property=\"og:image\" content=\"http:\/\/expressometro.mx\/wp-content\/uploads\/2024\/08\/WhatsApp-Image-2024-08-26-at-5.03.57-PM-2.jpeg\" \/>\n\t<meta property=\"og:image:width\" content=\"960\" \/>\n\t<meta property=\"og:image:height\" content=\"960\" \/>\n\t<meta property=\"og:image:type\" content=\"image\/jpeg\" \/>\n<meta name=\"author\" content=\"Expresso Metropolitano\" \/>\n<meta name=\"twitter:label1\" content=\"Escrito por\" \/>\n\t<meta name=\"twitter:data1\" content=\"Expresso Metropolitano\" \/>\n\t<meta name=\"twitter:label2\" content=\"Tiempo de lectura\" \/>\n\t<meta name=\"twitter:data2\" content=\"2 minutos\" \/>\n<script type=\"application\/ld+json\" class=\"yoast-schema-graph\">{\"@context\":\"https:\\\/\\\/schema.org\",\"@graph\":[{\"@type\":\"Article\",\"@id\":\"https:\\\/\\\/expressometro.mx\\\/index.php\\\/2024\\\/08\\\/26\\\/destacan-municipios-priistas-en-premio-nacional-al-buen-gobierno\\\/#article\",\"isPartOf\":{\"@id\":\"https:\\\/\\\/expressometro.mx\\\/index.php\\\/2024\\\/08\\\/26\\\/destacan-municipios-priistas-en-premio-nacional-al-buen-gobierno\\\/\"},\"author\":{\"name\":\"Expresso Metropolitano\",\"@id\":\"https:\\\/\\\/expressometro.mx\\\/#\\\/schema\\\/person\\\/efa971b4a0664db8ed5c22b1b0dd2f5d\"},\"headline\":\"DESTACAN MUNICIPIOS PRIISTAS EN PREMIO NACIONAL AL BUEN GOBIERNO\",\"datePublished\":\"2024-08-27T00:36:25+00:00\",\"dateModified\":\"2024-08-27T02:14:11+00:00\",\"mainEntityOfPage\":{\"@id\":\"https:\\\/\\\/expressometro.mx\\\/index.php\\\/2024\\\/08\\\/26\\\/destacan-municipios-priistas-en-premio-nacional-al-buen-gobierno\\\/\"},\"wordCount\":350,\"commentCount\":0,\"publisher\":{\"@id\":\"https:\\\/\\\/expressometro.mx\\\/#organization\"},\"image\":{\"@id\":\"https:\\\/\\\/expressometro.mx\\\/index.php\\\/2024\\\/08\\\/26\\\/destacan-municipios-priistas-en-premio-nacional-al-buen-gobierno\\\/#primaryimage\"},\"thumbnailUrl\":\"https:\\\/\\\/expressometro.mx\\\/wp-content\\\/uploads\\\/2024\\\/08\\\/WhatsApp-Image-2024-08-26-at-5.03.57-PM-2.jpeg\",\"keywords\":[\"Chapultepec\",\"Edomex\",\"GEM\",\"Ixtlahuaca\",\"Jilotepec\",\"PRI\",\"San Mateo Atenco\",\"Santa Mar\u00eda Ray\u00f3n\"],\"articleSection\":[\"Gobierno\",\"Otros\",\"Pol\u00edtica\"],\"inLanguage\":\"es\",\"potentialAction\":[{\"@type\":\"CommentAction\",\"name\":\"Comment\",\"target\":[\"https:\\\/\\\/expressometro.mx\\\/index.php\\\/2024\\\/08\\\/26\\\/destacan-municipios-priistas-en-premio-nacional-al-buen-gobierno\\\/#respond\"]}]},{\"@type\":\"WebPage\",\"@id\":\"https:\\\/\\\/expressometro.mx\\\/index.php\\\/2024\\\/08\\\/26\\\/destacan-municipios-priistas-en-premio-nacional-al-buen-gobierno\\\/\",\"url\":\"https:\\\/\\\/expressometro.mx\\\/index.php\\\/2024\\\/08\\\/26\\\/destacan-municipios-priistas-en-premio-nacional-al-buen-gobierno\\\/\",\"name\":\"DESTACAN MUNICIPIOS PRIISTAS EN PREMIO NACIONAL AL BUEN GOBIERNO - Expresso Metropolitano\",\"isPartOf\":{\"@id\":\"https:\\\/\\\/expressometro.mx\\\/#website\"},\"primaryImageOfPage\":{\"@id\":\"https:\\\/\\\/expressometro.mx\\\/index.php\\\/2024\\\/08\\\/26\\\/destacan-municipios-priistas-en-premio-nacional-al-buen-gobierno\\\/#primaryimage\"},\"image\":{\"@id\":\"https:\\\/\\\/expressometro.mx\\\/index.php\\\/2024\\\/08\\\/26\\\/destacan-municipios-priistas-en-premio-nacional-al-buen-gobierno\\\/#primaryimage\"},\"thumbnailUrl\":\"https:\\\/\\\/expressometro.mx\\\/wp-content\\\/uploads\\\/2024\\\/08\\\/WhatsApp-Image-2024-08-26-at-5.03.57-PM-2.jpeg\",\"datePublished\":\"2024-08-27T00:36:25+00:00\",\"dateModified\":\"2024-08-27T02:14:11+00:00\",\"breadcrumb\":{\"@id\":\"https:\\\/\\\/expressometro.mx\\\/index.php\\\/2024\\\/08\\\/26\\\/destacan-municipios-priistas-en-premio-nacional-al-buen-gobierno\\\/#breadcrumb\"},\"inLanguage\":\"es\",\"potentialAction\":[{\"@type\":\"ReadAction\",\"target\":[\"https:\\\/\\\/expressometro.mx\\\/index.php\\\/2024\\\/08\\\/26\\\/destacan-municipios-priistas-en-premio-nacional-al-buen-gobierno\\\/\"]}]},{\"@type\":\"ImageObject\",\"inLanguage\":\"es\",\"@id\":\"https:\\\/\\\/expressometro.mx\\\/index.php\\\/2024\\\/08\\\/26\\\/destacan-municipios-priistas-en-premio-nacional-al-buen-gobierno\\\/#primaryimage\",\"url\":\"https:\\\/\\\/expressometro.mx\\\/wp-content\\\/uploads\\\/2024\\\/08\\\/WhatsApp-Image-2024-08-26-at-5.03.57-PM-2.jpeg\",\"contentUrl\":\"https:\\\/\\\/expressometro.mx\\\/wp-content\\\/uploads\\\/2024\\\/08\\\/WhatsApp-Image-2024-08-26-at-5.03.57-PM-2.jpeg\",\"width\":960,\"height\":960},{\"@type\":\"BreadcrumbList\",\"@id\":\"https:\\\/\\\/expressometro.mx\\\/index.php\\\/2024\\\/08\\\/26\\\/destacan-municipios-priistas-en-premio-nacional-al-buen-gobierno\\\/#breadcrumb\",\"itemListElement\":[{\"@type\":\"ListItem\",\"position\":1,\"name\":\"Inicio\",\"item\":\"https:\\\/\\\/expressometro.mx\\\/\"},{\"@type\":\"ListItem\",\"position\":2,\"name\":\"DESTACAN MUNICIPIOS PRIISTAS EN PREMIO NACIONAL AL BUEN GOBIERNO\"}]},{\"@type\":\"WebSite\",\"@id\":\"https:\\\/\\\/expressometro.mx\\\/#website\",\"url\":\"https:\\\/\\\/expressometro.mx\\\/\",\"name\":\"Expresso Metropolitano\",\"description\":\"Periodismo comprometido, informaci\u00f3n, investigaci\u00f3n y an\u00e1lisis\",\"publisher\":{\"@id\":\"https:\\\/\\\/expressometro.mx\\\/#organization\"},\"potentialAction\":[{\"@type\":\"SearchAction\",\"target\":{\"@type\":\"EntryPoint\",\"urlTemplate\":\"https:\\\/\\\/expressometro.mx\\\/?s={search_term_string}\"},\"query-input\":{\"@type\":\"PropertyValueSpecification\",\"valueRequired\":true,\"valueName\":\"search_term_string\"}}],\"inLanguage\":\"es\"},{\"@type\":\"Organization\",\"@id\":\"https:\\\/\\\/expressometro.mx\\\/#organization\",\"name\":\"Expresso Metropolitano\",\"url\":\"https:\\\/\\\/expressometro.mx\\\/\",\"logo\":{\"@type\":\"ImageObject\",\"inLanguage\":\"es\",\"@id\":\"https:\\\/\\\/expressometro.mx\\\/#\\\/schema\\\/logo\\\/image\\\/\",\"url\":\"https:\\\/\\\/expressometro.mx\\\/wp-content\\\/uploads\\\/2019\\\/07\\\/cropped-Logo-Expresso-Metropolitano-1-1.jpeg\",\"contentUrl\":\"https:\\\/\\\/expressometro.mx\\\/wp-content\\\/uploads\\\/2019\\\/07\\\/cropped-Logo-Expresso-Metropolitano-1-1.jpeg\",\"width\":290,\"height\":73,\"caption\":\"Expresso Metropolitano\"},\"image\":{\"@id\":\"https:\\\/\\\/expressometro.mx\\\/#\\\/schema\\\/logo\\\/image\\\/\"}},{\"@type\":\"Person\",\"@id\":\"https:\\\/\\\/expressometro.mx\\\/#\\\/schema\\\/person\\\/efa971b4a0664db8ed5c22b1b0dd2f5d\",\"name\":\"Expresso Metropolitano\",\"image\":{\"@type\":\"ImageObject\",\"inLanguage\":\"es\",\"@id\":\"https:\\\/\\\/secure.gravatar.com\\\/avatar\\\/a89f802b8de18c6952f223c88d3d106e9e3679839f4e25a02f4a6cc2ae6ba3b3?s=96&d=mm&r=g\",\"url\":\"https:\\\/\\\/secure.gravatar.com\\\/avatar\\\/a89f802b8de18c6952f223c88d3d106e9e3679839f4e25a02f4a6cc2ae6ba3b3?s=96&d=mm&r=g\",\"contentUrl\":\"https:\\\/\\\/secure.gravatar.com\\\/avatar\\\/a89f802b8de18c6952f223c88d3d106e9e3679839f4e25a02f4a6cc2ae6ba3b3?s=96&d=mm&r=g\",\"caption\":\"Expresso Metropolitano\"},\"url\":\"https:\\\/\\\/expressometro.mx\\\/index.php\\\/author\\\/diego\\\/\"}]}<\/script>\n<!-- \/ Yoast SEO plugin. -->","yoast_head_json":{"title":"DESTACAN MUNICIPIOS PRIISTAS EN PREMIO NACIONAL AL BUEN GOBIERNO - Expresso Metropolitano","robots":{"index":"index","follow":"follow","max-snippet":"max-snippet:-1","max-image-preview":"max-image-preview:large","max-video-preview":"max-video-preview:-1"},"canonical":"https:\/\/expressometro.mx\/index.php\/2024\/08\/26\/destacan-municipios-priistas-en-premio-nacional-al-buen-gobierno\/","og_locale":"es_MX","og_type":"article","og_title":"DESTACAN MUNICIPIOS PRIISTAS EN PREMIO NACIONAL AL BUEN GOBIERNO - Expresso Metropolitano","og_description":"El Comit\u00e9 Directivo Estatal (CDE) del PRI reconoce la labor de sus compa\u00f1eros de partido que fueron galardonados con el Premio Nacional al Buen Gobierno Municipal 2024. Fueron seis los municipios con gobernantes priistas que recibieron este reconocimiento.\u00a0","og_url":"https:\/\/expressometro.mx\/index.php\/2024\/08\/26\/destacan-municipios-priistas-en-premio-nacional-al-buen-gobierno\/","og_site_name":"Expresso Metropolitano","article_published_time":"2024-08-27T00:36:25+00:00","article_modified_time":"2024-08-27T02:14:11+00:00","og_image":[{"width":960,"height":960,"url":"http:\/\/expressometro.mx\/wp-content\/uploads\/2024\/08\/WhatsApp-Image-2024-08-26-at-5.03.57-PM-2.jpeg","type":"image\/jpeg"}],"author":"Expresso Metropolitano","twitter_misc":{"Escrito por":"Expresso Metropolitano","Tiempo de lectura":"2 minutos"},"schema":{"@context":"https:\/\/schema.org","@graph":[{"@type":"Article","@id":"https:\/\/expressometro.mx\/index.php\/2024\/08\/26\/destacan-municipios-priistas-en-premio-nacional-al-buen-gobierno\/#article","isPartOf":{"@id":"https:\/\/expressometro.mx\/index.php\/2024\/08\/26\/destacan-municipios-priistas-en-premio-nacional-al-buen-gobierno\/"},"author":{"name":"Expresso Metropolitano","@id":"https:\/\/expressometro.mx\/#\/schema\/person\/efa971b4a0664db8ed5c22b1b0dd2f5d"},"headline":"DESTACAN MUNICIPIOS PRIISTAS EN PREMIO NACIONAL AL BUEN GOBIERNO","datePublished":"2024-08-27T00:36:25+00:00","dateModified":"2024-08-27T02:14:11+00:00","mainEntityOfPage":{"@id":"https:\/\/expressometro.mx\/index.php\/2024\/08\/26\/destacan-municipios-priistas-en-premio-nacional-al-buen-gobierno\/"},"wordCount":350,"commentCount":0,"publisher":{"@id":"https:\/\/expressometro.mx\/#organization"},"image":{"@id":"https:\/\/expressometro.mx\/index.php\/2024\/08\/26\/destacan-municipios-priistas-en-premio-nacional-al-buen-gobierno\/#primaryimage"},"thumbnailUrl":"https:\/\/expressometro.mx\/wp-content\/uploads\/2024\/08\/WhatsApp-Image-2024-08-26-at-5.03.57-PM-2.jpeg","keywords":["Chapultepec","Edomex","GEM","Ixtlahuaca","Jilotepec","PRI","San Mateo Atenco","Santa Mar\u00eda Ray\u00f3n"],"articleSection":["Gobierno","Otros","Pol\u00edtica"],"inLanguage":"es","potentialAction":[{"@type":"CommentAction","name":"Comment","target":["https:\/\/expressometro.mx\/index.php\/2024\/08\/26\/destacan-municipios-priistas-en-premio-nacional-al-buen-gobierno\/#respond"]}]},{"@type":"WebPage","@id":"https:\/\/expressometro.mx\/index.php\/2024\/08\/26\/destacan-municipios-priistas-en-premio-nacional-al-buen-gobierno\/","url":"https:\/\/expressometro.mx\/index.php\/2024\/08\/26\/destacan-municipios-priistas-en-premio-nacional-al-buen-gobierno\/","name":"DESTACAN MUNICIPIOS PRIISTAS EN PREMIO NACIONAL AL BUEN GOBIERNO - Expresso Metropolitano","isPartOf":{"@id":"https:\/\/expressometro.mx\/#website"},"primaryImageOfPage":{"@id":"https:\/\/expressometro.mx\/index.php\/2024\/08\/26\/destacan-municipios-priistas-en-premio-nacional-al-buen-gobierno\/#primaryimage"},"image":{"@id":"https:\/\/expressometro.mx\/index.php\/2024\/08\/26\/destacan-municipios-priistas-en-premio-nacional-al-buen-gobierno\/#primaryimage"},"thumbnailUrl":"https:\/\/expressometro.mx\/wp-content\/uploads\/2024\/08\/WhatsApp-Image-2024-08-26-at-5.03.57-PM-2.jpeg","datePublished":"2024-08-27T00:36:25+00:00","dateModified":"2024-08-27T02:14:11+00:00","breadcrumb":{"@id":"https:\/\/expressometro.mx\/index.php\/2024\/08\/26\/destacan-municipios-priistas-en-premio-nacional-al-buen-gobierno\/#breadcrumb"},"inLanguage":"es","potentialAction":[{"@type":"ReadAction","target":["https:\/\/expressometro.mx\/index.php\/2024\/08\/26\/destacan-municipios-priistas-en-premio-nacional-al-buen-gobierno\/"]}]},{"@type":"ImageObject","inLanguage":"es","@id":"https:\/\/expressometro.mx\/index.php\/2024\/08\/26\/destacan-municipios-priistas-en-premio-nacional-al-buen-gobierno\/#primaryimage","url":"https:\/\/expressometro.mx\/wp-content\/uploads\/2024\/08\/WhatsApp-Image-2024-08-26-at-5.03.57-PM-2.jpeg","contentUrl":"https:\/\/expressometro.mx\/wp-content\/uploads\/2024\/08\/WhatsApp-Image-2024-08-26-at-5.03.57-PM-2.jpeg","width":960,"height":960},{"@type":"BreadcrumbList","@id":"https:\/\/expressometro.mx\/index.php\/2024\/08\/26\/destacan-municipios-priistas-en-premio-nacional-al-buen-gobierno\/#breadcrumb","itemListElement":[{"@type":"ListItem","position":1,"name":"Inicio","item":"https:\/\/expressometro.mx\/"},{"@type":"ListItem","position":2,"name":"DESTACAN MUNICIPIOS PRIISTAS EN PREMIO NACIONAL AL BUEN GOBIERNO"}]},{"@type":"WebSite","@id":"https:\/\/expressometro.mx\/#website","url":"https:\/\/expressometro.mx\/","name":"Expresso Metropolitano","description":"Periodismo comprometido, informaci\u00f3n, investigaci\u00f3n y an\u00e1lisis","publisher":{"@id":"https:\/\/expressometro.mx\/#organization"},"potentialAction":[{"@type":"SearchAction","target":{"@type":"EntryPoint","urlTemplate":"https:\/\/expressometro.mx\/?s={search_term_string}"},"query-input":{"@type":"PropertyValueSpecification","valueRequired":true,"valueName":"search_term_string"}}],"inLanguage":"es"},{"@type":"Organization","@id":"https:\/\/expressometro.mx\/#organization","name":"Expresso Metropolitano","url":"https:\/\/expressometro.mx\/","logo":{"@type":"ImageObject","inLanguage":"es","@id":"https:\/\/expressometro.mx\/#\/schema\/logo\/image\/","url":"https:\/\/expressometro.mx\/wp-content\/uploads\/2019\/07\/cropped-Logo-Expresso-Metropolitano-1-1.jpeg","contentUrl":"https:\/\/expressometro.mx\/wp-content\/uploads\/2019\/07\/cropped-Logo-Expresso-Metropolitano-1-1.jpeg","width":290,"height":73,"caption":"Expresso Metropolitano"},"image":{"@id":"https:\/\/expressometro.mx\/#\/schema\/logo\/image\/"}},{"@type":"Person","@id":"https:\/\/expressometro.mx\/#\/schema\/person\/efa971b4a0664db8ed5c22b1b0dd2f5d","name":"Expresso Metropolitano","image":{"@type":"ImageObject","inLanguage":"es","@id":"https:\/\/secure.gravatar.com\/avatar\/a89f802b8de18c6952f223c88d3d106e9e3679839f4e25a02f4a6cc2ae6ba3b3?s=96&d=mm&r=g","url":"https:\/\/secure.gravatar.com\/avatar\/a89f802b8de18c6952f223c88d3d106e9e3679839f4e25a02f4a6cc2ae6ba3b3?s=96&d=mm&r=g","contentUrl":"https:\/\/secure.gravatar.com\/avatar\/a89f802b8de18c6952f223c88d3d106e9e3679839f4e25a02f4a6cc2ae6ba3b3?s=96&d=mm&r=g","caption":"Expresso Metropolitano"},"url":"https:\/\/expressometro.mx\/index.php\/author\/diego\/"}]}},"amp_enabled":true,"_links":{"self":[{"href":"https:\/\/expressometro.mx\/index.php\/wp-json\/wp\/v2\/posts\/9835","targetHints":{"allow":["GET"]}}],"collection":[{"href":"https:\/\/expressometro.mx\/index.php\/wp-json\/wp\/v2\/posts"}],"about":[{"href":"https:\/\/expressometro.mx\/index.php\/wp-json\/wp\/v2\/types\/post"}],"author":[{"embeddable":true,"href":"https:\/\/expressometro.mx\/index.php\/wp-json\/wp\/v2\/users\/1"}],"replies":[{"embeddable":true,"href":"https:\/\/expressometro.mx\/index.php\/wp-json\/wp\/v2\/comments?post=9835"}],"version-history":[{"count":2,"href":"https:\/\/expressometro.mx\/index.php\/wp-json\/wp\/v2\/posts\/9835\/revisions"}],"predecessor-version":[{"id":9841,"href":"https:\/\/expressometro.mx\/index.php\/wp-json\/wp\/v2\/posts\/9835\/revisions\/9841"}],"wp:featuredmedia":[{"embeddable":true,"href":"https:\/\/expressometro.mx\/index.php\/wp-json\/wp\/v2\/media\/9837"}],"wp:attachment":[{"href":"https:\/\/expressometro.mx\/index.php\/wp-json\/wp\/v2\/media?parent=9835"}],"wp:term":[{"taxonomy":"category","embeddable":true,"href":"https:\/\/expressometro.mx\/index.php\/wp-json\/wp\/v2\/categories?post=9835"},{"taxonomy":"post_tag","embeddable":true,"href":"https:\/\/expressometro.mx\/index.php\/wp-json\/wp\/v2\/tags?post=9835"}],"curies":[{"name":"wp","href":"https:\/\/api.w.org\/{rel}","templated":true}]}}