{"id":9830,"date":"2024-08-26T19:07:38","date_gmt":"2024-08-27T00:07:38","guid":{"rendered":"https:\/\/expressometro.mx\/?p=9830"},"modified":"2024-08-26T19:07:39","modified_gmt":"2024-08-27T00:07:39","slug":"recibe-abuzeid-lozano-premio-nacional-al-buen-gobierno-municipal-2024","status":"publish","type":"post","link":"https:\/\/expressometro.mx\/index.php\/2024\/08\/26\/recibe-abuzeid-lozano-premio-nacional-al-buen-gobierno-municipal-2024\/","title":{"rendered":"RECIBE ABUZEID LOZANO PREMIO NACIONAL AL BUEN GOBIERNO MUNICIPAL 2024"},"content":{"rendered":"\n<p><\/p>\n\n\n\n<p>\u00b7 Ixtlahuaca se posiciona como referente en la implementaci\u00f3n de proyectos innovadores y tecnol\u00f3gicos al servicio de la ciudadan\u00eda.<\/p>\n\n\n\n<p>El Gobierno de Ixtlahuaca, encabezado por el presidente municipal Abuzeid Lozano Casta\u00f1eda, ha sido distinguido con el Premio Nacional al Buen Gobierno Municipal 2024, un galard\u00f3n que destaca las mejores pr\u00e1cticas en la gesti\u00f3n p\u00fablica municipal en M\u00e9xico.<\/p>\n\n\n\n<p>Este reconocimiento, otorgado por las principales asociaciones del municipalismo en el pa\u00eds, subraya los logros de Ixtlahuaca en la implementaci\u00f3n de proyectos innovadores y replicables a nivel nacional.<\/p>\n\n\n\n<p>El premio fue otorgado por el Instituto Buen Gobierno, el Instituto Nacional de Administraci\u00f3n P\u00fablica A.C. (INAP), la Federaci\u00f3n Nacional de Municipios de M\u00e9xico (FENAMM), la Conferencia Nacional de Municipios de M\u00e9xico (CONAMM), la Asociaci\u00f3n de Autoridades Locales de M\u00e9xico A.C. (AALMAC), la Federaci\u00f3n Latinoamericana de Ciudades, Municipios y Asociaciones de Gobiernos Locales (FLACMA) y la organizaci\u00f3n Ciudades y Gobiernos Locales Unidos Latinoam\u00e9rica (CGLU).<\/p>\n\n\n\n<p>Ixtlahuaca destac\u00f3 en la categor\u00eda de Reconocimiento Especial por la Implementaci\u00f3n de Proyectos Innovadores en la Tem\u00e1tica de Ciudad Inteligente gracias a su proyecto &#8220;Somos Ixtlahuaca&#8221;, una aplicaci\u00f3n m\u00f3vil dise\u00f1ada para agilizar los tiempos de respuesta en emergencias y facilitar el acceso a servicios municipales.<\/p>\n\n\n\n<p>Este proyecto integra un bot\u00f3n de emergencia para situaciones de riesgo, mejora la gesti\u00f3n de servicios y tr\u00e1mites digitales, y promueve la transparencia a trav\u00e9s de la informaci\u00f3n gubernamental accesible para todos los ciudadanos. La soluci\u00f3n ha demostrado ser un modelo eficaz que puede replicarse en otros municipios.<\/p>\n\n\n\n<p>La ceremonia de premiaci\u00f3n se llev\u00f3 a cabo en la sede del INAP, en la Ciudad de M\u00e9xico, donde, adem\u00e1s de Ixtlahuaca, fueron reconocidos otros municipios del Estado de M\u00e9xico, como Atizap\u00e1n de Zaragoza, Huixquilucan, Jilotepec, Metepec, San Mateo Atenco y Toluca.<\/p>\n\n\n\n<p>El presidente municipal, Abuzeid Lozano Casta\u00f1eda, se\u00f1al\u00f3 que este galard\u00f3n es un testimonio del compromiso de su administraci\u00f3n con la innovaci\u00f3n y la mejora continua en la calidad de vida de los habitantes de Ixtlahuaca.<\/p>\n\n\n\n<p>Los municipios galardonados no solo recibir\u00e1n un reconocimiento simb\u00f3lico, sino que tambi\u00e9n acceder\u00e1n a varios est\u00edmulos, entre ellos la difusi\u00f3n de sus proyectos a nivel nacional e internacional, la vinculaci\u00f3n con agencias de cooperaci\u00f3n y la posibilidad de generar alianzas estrat\u00e9gicas que fortalezcan su capacidad de gesti\u00f3n y desarrollo.<\/p>\n\n\n\n<p>Con este premio, el Gobierno de Ixtlahuaca reafirma su liderazgo en la implementaci\u00f3n de soluciones tecnol\u00f3gicas para el beneficio de su poblaci\u00f3n y se posiciona como un referente en el \u00e1mbito municipal a nivel nacional.<\/p>\n","protected":false},"excerpt":{"rendered":"<p>El Gobierno de Ixtlahuaca, encabezado por el presidente municipal Abuzeid Lozano Casta\u00f1eda, ha sido distinguido con el Premio Nacional al Buen Gobierno Municipal 2024, un galard\u00f3n que destaca las mejores pr\u00e1cticas en la gesti\u00f3n p\u00fablica municipal en M\u00e9xico.<\/p>\n","protected":false},"author":1,"featured_media":9832,"comment_status":"open","ping_status":"open","sticky":false,"template":"","format":"standard","meta":{"footnotes":""},"categories":[3,1,231],"tags":[425,1982,86,424,158],"class_list":["post-9830","post","type-post","status-publish","format-standard","has-post-thumbnail","hentry","category-gobierno","category-otros","category-politica","tag-abuzeid-lozano","tag-edomex","tag-gem","tag-ixtlahuaca","tag-pri"],"yoast_head":"<!-- This site is optimized with the Yoast SEO plugin v27.5 - https:\/\/yoast.com\/product\/yoast-seo-wordpress\/ -->\n<title>RECIBE ABUZEID LOZANO PREMIO NACIONAL AL BUEN GOBIERNO MUNICIPAL 2024 - Expresso Metropolitano<\/title>\n<meta name=\"robots\" content=\"index, follow, max-snippet:-1, max-image-preview:large, max-video-preview:-1\" \/>\n<link rel=\"canonical\" href=\"https:\/\/expressometro.mx\/index.php\/2024\/08\/26\/recibe-abuzeid-lozano-premio-nacional-al-buen-gobierno-municipal-2024\/\" \/>\n<meta property=\"og:locale\" content=\"es_MX\" \/>\n<meta property=\"og:type\" content=\"article\" \/>\n<meta property=\"og:title\" content=\"RECIBE ABUZEID LOZANO PREMIO NACIONAL AL BUEN GOBIERNO MUNICIPAL 2024 - Expresso Metropolitano\" \/>\n<meta property=\"og:description\" content=\"El Gobierno de Ixtlahuaca, encabezado por el presidente municipal Abuzeid Lozano Casta\u00f1eda, ha sido distinguido con el Premio Nacional al Buen Gobierno Municipal 2024, un galard\u00f3n que destaca las mejores pr\u00e1cticas en la gesti\u00f3n p\u00fablica municipal en M\u00e9xico.\" \/>\n<meta property=\"og:url\" content=\"https:\/\/expressometro.mx\/index.php\/2024\/08\/26\/recibe-abuzeid-lozano-premio-nacional-al-buen-gobierno-municipal-2024\/\" \/>\n<meta property=\"og:site_name\" content=\"Expresso Metropolitano\" \/>\n<meta property=\"article:published_time\" content=\"2024-08-27T00:07:38+00:00\" \/>\n<meta property=\"article:modified_time\" content=\"2024-08-27T00:07:39+00:00\" \/>\n<meta property=\"og:image\" content=\"http:\/\/expressometro.mx\/wp-content\/uploads\/2024\/08\/WhatsApp-Image-2024-08-26-at-3.27.54-PM-2.jpeg\" \/>\n\t<meta property=\"og:image:width\" content=\"1032\" \/>\n\t<meta property=\"og:image:height\" content=\"892\" \/>\n\t<meta property=\"og:image:type\" content=\"image\/jpeg\" \/>\n<meta name=\"author\" content=\"Expresso Metropolitano\" \/>\n<meta name=\"twitter:label1\" content=\"Escrito por\" \/>\n\t<meta name=\"twitter:data1\" content=\"Expresso Metropolitano\" \/>\n\t<meta name=\"twitter:label2\" content=\"Tiempo de lectura\" \/>\n\t<meta name=\"twitter:data2\" content=\"3 minutos\" \/>\n<script type=\"application\/ld+json\" class=\"yoast-schema-graph\">{\"@context\":\"https:\\\/\\\/schema.org\",\"@graph\":[{\"@type\":\"Article\",\"@id\":\"https:\\\/\\\/expressometro.mx\\\/index.php\\\/2024\\\/08\\\/26\\\/recibe-abuzeid-lozano-premio-nacional-al-buen-gobierno-municipal-2024\\\/#article\",\"isPartOf\":{\"@id\":\"https:\\\/\\\/expressometro.mx\\\/index.php\\\/2024\\\/08\\\/26\\\/recibe-abuzeid-lozano-premio-nacional-al-buen-gobierno-municipal-2024\\\/\"},\"author\":{\"name\":\"Expresso Metropolitano\",\"@id\":\"https:\\\/\\\/expressometro.mx\\\/#\\\/schema\\\/person\\\/efa971b4a0664db8ed5c22b1b0dd2f5d\"},\"headline\":\"RECIBE ABUZEID LOZANO PREMIO NACIONAL AL BUEN GOBIERNO MUNICIPAL 2024\",\"datePublished\":\"2024-08-27T00:07:38+00:00\",\"dateModified\":\"2024-08-27T00:07:39+00:00\",\"mainEntityOfPage\":{\"@id\":\"https:\\\/\\\/expressometro.mx\\\/index.php\\\/2024\\\/08\\\/26\\\/recibe-abuzeid-lozano-premio-nacional-al-buen-gobierno-municipal-2024\\\/\"},\"wordCount\":468,\"commentCount\":0,\"publisher\":{\"@id\":\"https:\\\/\\\/expressometro.mx\\\/#organization\"},\"image\":{\"@id\":\"https:\\\/\\\/expressometro.mx\\\/index.php\\\/2024\\\/08\\\/26\\\/recibe-abuzeid-lozano-premio-nacional-al-buen-gobierno-municipal-2024\\\/#primaryimage\"},\"thumbnailUrl\":\"https:\\\/\\\/expressometro.mx\\\/wp-content\\\/uploads\\\/2024\\\/08\\\/WhatsApp-Image-2024-08-26-at-3.27.54-PM-2.jpeg\",\"keywords\":[\"Abuzeid Lozano\",\"Edomex\",\"GEM\",\"Ixtlahuaca\",\"PRI\"],\"articleSection\":[\"Gobierno\",\"Otros\",\"Pol\u00edtica\"],\"inLanguage\":\"es\",\"potentialAction\":[{\"@type\":\"CommentAction\",\"name\":\"Comment\",\"target\":[\"https:\\\/\\\/expressometro.mx\\\/index.php\\\/2024\\\/08\\\/26\\\/recibe-abuzeid-lozano-premio-nacional-al-buen-gobierno-municipal-2024\\\/#respond\"]}]},{\"@type\":\"WebPage\",\"@id\":\"https:\\\/\\\/expressometro.mx\\\/index.php\\\/2024\\\/08\\\/26\\\/recibe-abuzeid-lozano-premio-nacional-al-buen-gobierno-municipal-2024\\\/\",\"url\":\"https:\\\/\\\/expressometro.mx\\\/index.php\\\/2024\\\/08\\\/26\\\/recibe-abuzeid-lozano-premio-nacional-al-buen-gobierno-municipal-2024\\\/\",\"name\":\"RECIBE ABUZEID LOZANO PREMIO NACIONAL AL BUEN GOBIERNO MUNICIPAL 2024 - Expresso Metropolitano\",\"isPartOf\":{\"@id\":\"https:\\\/\\\/expressometro.mx\\\/#website\"},\"primaryImageOfPage\":{\"@id\":\"https:\\\/\\\/expressometro.mx\\\/index.php\\\/2024\\\/08\\\/26\\\/recibe-abuzeid-lozano-premio-nacional-al-buen-gobierno-municipal-2024\\\/#primaryimage\"},\"image\":{\"@id\":\"https:\\\/\\\/expressometro.mx\\\/index.php\\\/2024\\\/08\\\/26\\\/recibe-abuzeid-lozano-premio-nacional-al-buen-gobierno-municipal-2024\\\/#primaryimage\"},\"thumbnailUrl\":\"https:\\\/\\\/expressometro.mx\\\/wp-content\\\/uploads\\\/2024\\\/08\\\/WhatsApp-Image-2024-08-26-at-3.27.54-PM-2.jpeg\",\"datePublished\":\"2024-08-27T00:07:38+00:00\",\"dateModified\":\"2024-08-27T00:07:39+00:00\",\"breadcrumb\":{\"@id\":\"https:\\\/\\\/expressometro.mx\\\/index.php\\\/2024\\\/08\\\/26\\\/recibe-abuzeid-lozano-premio-nacional-al-buen-gobierno-municipal-2024\\\/#breadcrumb\"},\"inLanguage\":\"es\",\"potentialAction\":[{\"@type\":\"ReadAction\",\"target\":[\"https:\\\/\\\/expressometro.mx\\\/index.php\\\/2024\\\/08\\\/26\\\/recibe-abuzeid-lozano-premio-nacional-al-buen-gobierno-municipal-2024\\\/\"]}]},{\"@type\":\"ImageObject\",\"inLanguage\":\"es\",\"@id\":\"https:\\\/\\\/expressometro.mx\\\/index.php\\\/2024\\\/08\\\/26\\\/recibe-abuzeid-lozano-premio-nacional-al-buen-gobierno-municipal-2024\\\/#primaryimage\",\"url\":\"https:\\\/\\\/expressometro.mx\\\/wp-content\\\/uploads\\\/2024\\\/08\\\/WhatsApp-Image-2024-08-26-at-3.27.54-PM-2.jpeg\",\"contentUrl\":\"https:\\\/\\\/expressometro.mx\\\/wp-content\\\/uploads\\\/2024\\\/08\\\/WhatsApp-Image-2024-08-26-at-3.27.54-PM-2.jpeg\",\"width\":1032,\"height\":892},{\"@type\":\"BreadcrumbList\",\"@id\":\"https:\\\/\\\/expressometro.mx\\\/index.php\\\/2024\\\/08\\\/26\\\/recibe-abuzeid-lozano-premio-nacional-al-buen-gobierno-municipal-2024\\\/#breadcrumb\",\"itemListElement\":[{\"@type\":\"ListItem\",\"position\":1,\"name\":\"Inicio\",\"item\":\"https:\\\/\\\/expressometro.mx\\\/\"},{\"@type\":\"ListItem\",\"position\":2,\"name\":\"RECIBE ABUZEID LOZANO PREMIO NACIONAL AL BUEN GOBIERNO MUNICIPAL 2024\"}]},{\"@type\":\"WebSite\",\"@id\":\"https:\\\/\\\/expressometro.mx\\\/#website\",\"url\":\"https:\\\/\\\/expressometro.mx\\\/\",\"name\":\"Expresso Metropolitano\",\"description\":\"Periodismo comprometido, informaci\u00f3n, investigaci\u00f3n y an\u00e1lisis\",\"publisher\":{\"@id\":\"https:\\\/\\\/expressometro.mx\\\/#organization\"},\"potentialAction\":[{\"@type\":\"SearchAction\",\"target\":{\"@type\":\"EntryPoint\",\"urlTemplate\":\"https:\\\/\\\/expressometro.mx\\\/?s={search_term_string}\"},\"query-input\":{\"@type\":\"PropertyValueSpecification\",\"valueRequired\":true,\"valueName\":\"search_term_string\"}}],\"inLanguage\":\"es\"},{\"@type\":\"Organization\",\"@id\":\"https:\\\/\\\/expressometro.mx\\\/#organization\",\"name\":\"Expresso Metropolitano\",\"url\":\"https:\\\/\\\/expressometro.mx\\\/\",\"logo\":{\"@type\":\"ImageObject\",\"inLanguage\":\"es\",\"@id\":\"https:\\\/\\\/expressometro.mx\\\/#\\\/schema\\\/logo\\\/image\\\/\",\"url\":\"https:\\\/\\\/expressometro.mx\\\/wp-content\\\/uploads\\\/2019\\\/07\\\/cropped-Logo-Expresso-Metropolitano-1-1.jpeg\",\"contentUrl\":\"https:\\\/\\\/expressometro.mx\\\/wp-content\\\/uploads\\\/2019\\\/07\\\/cropped-Logo-Expresso-Metropolitano-1-1.jpeg\",\"width\":290,\"height\":73,\"caption\":\"Expresso Metropolitano\"},\"image\":{\"@id\":\"https:\\\/\\\/expressometro.mx\\\/#\\\/schema\\\/logo\\\/image\\\/\"}},{\"@type\":\"Person\",\"@id\":\"https:\\\/\\\/expressometro.mx\\\/#\\\/schema\\\/person\\\/efa971b4a0664db8ed5c22b1b0dd2f5d\",\"name\":\"Expresso Metropolitano\",\"image\":{\"@type\":\"ImageObject\",\"inLanguage\":\"es\",\"@id\":\"https:\\\/\\\/secure.gravatar.com\\\/avatar\\\/a89f802b8de18c6952f223c88d3d106e9e3679839f4e25a02f4a6cc2ae6ba3b3?s=96&d=mm&r=g\",\"url\":\"https:\\\/\\\/secure.gravatar.com\\\/avatar\\\/a89f802b8de18c6952f223c88d3d106e9e3679839f4e25a02f4a6cc2ae6ba3b3?s=96&d=mm&r=g\",\"contentUrl\":\"https:\\\/\\\/secure.gravatar.com\\\/avatar\\\/a89f802b8de18c6952f223c88d3d106e9e3679839f4e25a02f4a6cc2ae6ba3b3?s=96&d=mm&r=g\",\"caption\":\"Expresso Metropolitano\"},\"url\":\"https:\\\/\\\/expressometro.mx\\\/index.php\\\/author\\\/diego\\\/\"}]}<\/script>\n<!-- \/ Yoast SEO plugin. -->","yoast_head_json":{"title":"RECIBE ABUZEID LOZANO PREMIO NACIONAL AL BUEN GOBIERNO MUNICIPAL 2024 - Expresso Metropolitano","robots":{"index":"index","follow":"follow","max-snippet":"max-snippet:-1","max-image-preview":"max-image-preview:large","max-video-preview":"max-video-preview:-1"},"canonical":"https:\/\/expressometro.mx\/index.php\/2024\/08\/26\/recibe-abuzeid-lozano-premio-nacional-al-buen-gobierno-municipal-2024\/","og_locale":"es_MX","og_type":"article","og_title":"RECIBE ABUZEID LOZANO PREMIO NACIONAL AL BUEN GOBIERNO MUNICIPAL 2024 - Expresso Metropolitano","og_description":"El Gobierno de Ixtlahuaca, encabezado por el presidente municipal Abuzeid Lozano Casta\u00f1eda, ha sido distinguido con el Premio Nacional al Buen Gobierno Municipal 2024, un galard\u00f3n que destaca las mejores pr\u00e1cticas en la gesti\u00f3n p\u00fablica municipal en M\u00e9xico.","og_url":"https:\/\/expressometro.mx\/index.php\/2024\/08\/26\/recibe-abuzeid-lozano-premio-nacional-al-buen-gobierno-municipal-2024\/","og_site_name":"Expresso Metropolitano","article_published_time":"2024-08-27T00:07:38+00:00","article_modified_time":"2024-08-27T00:07:39+00:00","og_image":[{"width":1032,"height":892,"url":"http:\/\/expressometro.mx\/wp-content\/uploads\/2024\/08\/WhatsApp-Image-2024-08-26-at-3.27.54-PM-2.jpeg","type":"image\/jpeg"}],"author":"Expresso Metropolitano","twitter_misc":{"Escrito por":"Expresso Metropolitano","Tiempo de lectura":"3 minutos"},"schema":{"@context":"https:\/\/schema.org","@graph":[{"@type":"Article","@id":"https:\/\/expressometro.mx\/index.php\/2024\/08\/26\/recibe-abuzeid-lozano-premio-nacional-al-buen-gobierno-municipal-2024\/#article","isPartOf":{"@id":"https:\/\/expressometro.mx\/index.php\/2024\/08\/26\/recibe-abuzeid-lozano-premio-nacional-al-buen-gobierno-municipal-2024\/"},"author":{"name":"Expresso Metropolitano","@id":"https:\/\/expressometro.mx\/#\/schema\/person\/efa971b4a0664db8ed5c22b1b0dd2f5d"},"headline":"RECIBE ABUZEID LOZANO PREMIO NACIONAL AL BUEN GOBIERNO MUNICIPAL 2024","datePublished":"2024-08-27T00:07:38+00:00","dateModified":"2024-08-27T00:07:39+00:00","mainEntityOfPage":{"@id":"https:\/\/expressometro.mx\/index.php\/2024\/08\/26\/recibe-abuzeid-lozano-premio-nacional-al-buen-gobierno-municipal-2024\/"},"wordCount":468,"commentCount":0,"publisher":{"@id":"https:\/\/expressometro.mx\/#organization"},"image":{"@id":"https:\/\/expressometro.mx\/index.php\/2024\/08\/26\/recibe-abuzeid-lozano-premio-nacional-al-buen-gobierno-municipal-2024\/#primaryimage"},"thumbnailUrl":"https:\/\/expressometro.mx\/wp-content\/uploads\/2024\/08\/WhatsApp-Image-2024-08-26-at-3.27.54-PM-2.jpeg","keywords":["Abuzeid Lozano","Edomex","GEM","Ixtlahuaca","PRI"],"articleSection":["Gobierno","Otros","Pol\u00edtica"],"inLanguage":"es","potentialAction":[{"@type":"CommentAction","name":"Comment","target":["https:\/\/expressometro.mx\/index.php\/2024\/08\/26\/recibe-abuzeid-lozano-premio-nacional-al-buen-gobierno-municipal-2024\/#respond"]}]},{"@type":"WebPage","@id":"https:\/\/expressometro.mx\/index.php\/2024\/08\/26\/recibe-abuzeid-lozano-premio-nacional-al-buen-gobierno-municipal-2024\/","url":"https:\/\/expressometro.mx\/index.php\/2024\/08\/26\/recibe-abuzeid-lozano-premio-nacional-al-buen-gobierno-municipal-2024\/","name":"RECIBE ABUZEID LOZANO PREMIO NACIONAL AL BUEN GOBIERNO MUNICIPAL 2024 - Expresso Metropolitano","isPartOf":{"@id":"https:\/\/expressometro.mx\/#website"},"primaryImageOfPage":{"@id":"https:\/\/expressometro.mx\/index.php\/2024\/08\/26\/recibe-abuzeid-lozano-premio-nacional-al-buen-gobierno-municipal-2024\/#primaryimage"},"image":{"@id":"https:\/\/expressometro.mx\/index.php\/2024\/08\/26\/recibe-abuzeid-lozano-premio-nacional-al-buen-gobierno-municipal-2024\/#primaryimage"},"thumbnailUrl":"https:\/\/expressometro.mx\/wp-content\/uploads\/2024\/08\/WhatsApp-Image-2024-08-26-at-3.27.54-PM-2.jpeg","datePublished":"2024-08-27T00:07:38+00:00","dateModified":"2024-08-27T00:07:39+00:00","breadcrumb":{"@id":"https:\/\/expressometro.mx\/index.php\/2024\/08\/26\/recibe-abuzeid-lozano-premio-nacional-al-buen-gobierno-municipal-2024\/#breadcrumb"},"inLanguage":"es","potentialAction":[{"@type":"ReadAction","target":["https:\/\/expressometro.mx\/index.php\/2024\/08\/26\/recibe-abuzeid-lozano-premio-nacional-al-buen-gobierno-municipal-2024\/"]}]},{"@type":"ImageObject","inLanguage":"es","@id":"https:\/\/expressometro.mx\/index.php\/2024\/08\/26\/recibe-abuzeid-lozano-premio-nacional-al-buen-gobierno-municipal-2024\/#primaryimage","url":"https:\/\/expressometro.mx\/wp-content\/uploads\/2024\/08\/WhatsApp-Image-2024-08-26-at-3.27.54-PM-2.jpeg","contentUrl":"https:\/\/expressometro.mx\/wp-content\/uploads\/2024\/08\/WhatsApp-Image-2024-08-26-at-3.27.54-PM-2.jpeg","width":1032,"height":892},{"@type":"BreadcrumbList","@id":"https:\/\/expressometro.mx\/index.php\/2024\/08\/26\/recibe-abuzeid-lozano-premio-nacional-al-buen-gobierno-municipal-2024\/#breadcrumb","itemListElement":[{"@type":"ListItem","position":1,"name":"Inicio","item":"https:\/\/expressometro.mx\/"},{"@type":"ListItem","position":2,"name":"RECIBE ABUZEID LOZANO PREMIO NACIONAL AL BUEN GOBIERNO MUNICIPAL 2024"}]},{"@type":"WebSite","@id":"https:\/\/expressometro.mx\/#website","url":"https:\/\/expressometro.mx\/","name":"Expresso Metropolitano","description":"Periodismo comprometido, informaci\u00f3n, investigaci\u00f3n y an\u00e1lisis","publisher":{"@id":"https:\/\/expressometro.mx\/#organization"},"potentialAction":[{"@type":"SearchAction","target":{"@type":"EntryPoint","urlTemplate":"https:\/\/expressometro.mx\/?s={search_term_string}"},"query-input":{"@type":"PropertyValueSpecification","valueRequired":true,"valueName":"search_term_string"}}],"inLanguage":"es"},{"@type":"Organization","@id":"https:\/\/expressometro.mx\/#organization","name":"Expresso Metropolitano","url":"https:\/\/expressometro.mx\/","logo":{"@type":"ImageObject","inLanguage":"es","@id":"https:\/\/expressometro.mx\/#\/schema\/logo\/image\/","url":"https:\/\/expressometro.mx\/wp-content\/uploads\/2019\/07\/cropped-Logo-Expresso-Metropolitano-1-1.jpeg","contentUrl":"https:\/\/expressometro.mx\/wp-content\/uploads\/2019\/07\/cropped-Logo-Expresso-Metropolitano-1-1.jpeg","width":290,"height":73,"caption":"Expresso Metropolitano"},"image":{"@id":"https:\/\/expressometro.mx\/#\/schema\/logo\/image\/"}},{"@type":"Person","@id":"https:\/\/expressometro.mx\/#\/schema\/person\/efa971b4a0664db8ed5c22b1b0dd2f5d","name":"Expresso Metropolitano","image":{"@type":"ImageObject","inLanguage":"es","@id":"https:\/\/secure.gravatar.com\/avatar\/a89f802b8de18c6952f223c88d3d106e9e3679839f4e25a02f4a6cc2ae6ba3b3?s=96&d=mm&r=g","url":"https:\/\/secure.gravatar.com\/avatar\/a89f802b8de18c6952f223c88d3d106e9e3679839f4e25a02f4a6cc2ae6ba3b3?s=96&d=mm&r=g","contentUrl":"https:\/\/secure.gravatar.com\/avatar\/a89f802b8de18c6952f223c88d3d106e9e3679839f4e25a02f4a6cc2ae6ba3b3?s=96&d=mm&r=g","caption":"Expresso Metropolitano"},"url":"https:\/\/expressometro.mx\/index.php\/author\/diego\/"}]}},"amp_enabled":true,"_links":{"self":[{"href":"https:\/\/expressometro.mx\/index.php\/wp-json\/wp\/v2\/posts\/9830","targetHints":{"allow":["GET"]}}],"collection":[{"href":"https:\/\/expressometro.mx\/index.php\/wp-json\/wp\/v2\/posts"}],"about":[{"href":"https:\/\/expressometro.mx\/index.php\/wp-json\/wp\/v2\/types\/post"}],"author":[{"embeddable":true,"href":"https:\/\/expressometro.mx\/index.php\/wp-json\/wp\/v2\/users\/1"}],"replies":[{"embeddable":true,"href":"https:\/\/expressometro.mx\/index.php\/wp-json\/wp\/v2\/comments?post=9830"}],"version-history":[{"count":1,"href":"https:\/\/expressometro.mx\/index.php\/wp-json\/wp\/v2\/posts\/9830\/revisions"}],"predecessor-version":[{"id":9833,"href":"https:\/\/expressometro.mx\/index.php\/wp-json\/wp\/v2\/posts\/9830\/revisions\/9833"}],"wp:featuredmedia":[{"embeddable":true,"href":"https:\/\/expressometro.mx\/index.php\/wp-json\/wp\/v2\/media\/9832"}],"wp:attachment":[{"href":"https:\/\/expressometro.mx\/index.php\/wp-json\/wp\/v2\/media?parent=9830"}],"wp:term":[{"taxonomy":"category","embeddable":true,"href":"https:\/\/expressometro.mx\/index.php\/wp-json\/wp\/v2\/categories?post=9830"},{"taxonomy":"post_tag","embeddable":true,"href":"https:\/\/expressometro.mx\/index.php\/wp-json\/wp\/v2\/tags?post=9830"}],"curies":[{"name":"wp","href":"https:\/\/api.w.org\/{rel}","templated":true}]}}