{"id":9824,"date":"2024-08-22T12:49:25","date_gmt":"2024-08-22T17:49:25","guid":{"rendered":"https:\/\/expressometro.mx\/?p=9824"},"modified":"2024-08-26T12:52:20","modified_gmt":"2024-08-26T17:52:20","slug":"afianza-ayuntamiento-de-atlacomulco-su-labor-con-la-comunidad","status":"publish","type":"post","link":"https:\/\/expressometro.mx\/index.php\/2024\/08\/22\/afianza-ayuntamiento-de-atlacomulco-su-labor-con-la-comunidad\/","title":{"rendered":"AFIANZA AYUNTAMIENTO DE ATLACOMULCO SU LABOR CON LA COMUNIDAD"},"content":{"rendered":"\n<p><\/p>\n\n\n\n<p>El ayuntamiento de Atlacomulco llev\u00f3 a cabo la Sesi\u00f3n de Cabildo Juvenil, con el fin de promover la participaci\u00f3n de los j\u00f3venes en las actividades gubernamentales.<\/p>\n\n\n\n<p>Se trata de escuchar las diferentes propuestas y puntos de vista de la juventud atlacomulquense.<\/p>\n\n\n\n<p>Por otra parte felicit\u00f3 al equipo de Bomberos Atlacomulco por siempre salvaguardar la integridad de las y los vecinos en lo que puedan necesitar.<\/p>\n\n\n\n<figure class=\"wp-block-image size-large\"><img decoding=\"async\" width=\"797\" height=\"480\" src=\"https:\/\/expressometro.mx\/wp-content\/uploads\/2024\/08\/WhatsApp-Image-2024-08-26-at-11.33.27-AM-797x480.jpeg\" alt=\"\" class=\"wp-image-9827\" srcset=\"https:\/\/expressometro.mx\/wp-content\/uploads\/2024\/08\/WhatsApp-Image-2024-08-26-at-11.33.27-AM-797x480.jpeg 797w, https:\/\/expressometro.mx\/wp-content\/uploads\/2024\/08\/WhatsApp-Image-2024-08-26-at-11.33.27-AM-606x365.jpeg 606w, https:\/\/expressometro.mx\/wp-content\/uploads\/2024\/08\/WhatsApp-Image-2024-08-26-at-11.33.27-AM-768x462.jpeg 768w, https:\/\/expressometro.mx\/wp-content\/uploads\/2024\/08\/WhatsApp-Image-2024-08-26-at-11.33.27-AM.jpeg 960w\" sizes=\"(max-width: 797px) 100vw, 797px\" \/><\/figure>\n\n\n\n<p>Finalmente, Para garantizar la sana alimentaci\u00f3n en las personas con vulnerabilidad de nuestro municipio, se llev\u00f3 a cabo la entrega de la Canasta Alimentaria del Bienestar.<\/p>\n","protected":false},"excerpt":{"rendered":"<p>El ayuntamiento de Atlacomulco llev\u00f3 a cabo la Sesi\u00f3n de Cabildo Juvenil, con el fin de promover la participaci\u00f3n de los j\u00f3venes en las actividades gubernamentales.<\/p>\n","protected":false},"author":1,"featured_media":9826,"comment_status":"open","ping_status":"open","sticky":false,"template":"","format":"standard","meta":{"footnotes":""},"categories":[3,1,231],"tags":[389,1982,86,2277],"class_list":["post-9824","post","type-post","status-publish","format-standard","has-post-thumbnail","hentry","category-gobierno","category-otros","category-politica","tag-atlacomulco","tag-edomex","tag-gem","tag-marisol-arias-flores"],"yoast_head":"<!-- This site is optimized with the Yoast SEO plugin v27.5 - https:\/\/yoast.com\/product\/yoast-seo-wordpress\/ -->\n<title>AFIANZA AYUNTAMIENTO DE ATLACOMULCO SU LABOR CON LA COMUNIDAD - Expresso Metropolitano<\/title>\n<meta name=\"robots\" content=\"index, follow, max-snippet:-1, max-image-preview:large, max-video-preview:-1\" \/>\n<link rel=\"canonical\" href=\"https:\/\/expressometro.mx\/index.php\/2024\/08\/22\/afianza-ayuntamiento-de-atlacomulco-su-labor-con-la-comunidad\/\" \/>\n<meta property=\"og:locale\" content=\"es_MX\" \/>\n<meta property=\"og:type\" content=\"article\" \/>\n<meta property=\"og:title\" content=\"AFIANZA AYUNTAMIENTO DE ATLACOMULCO SU LABOR CON LA COMUNIDAD - Expresso Metropolitano\" \/>\n<meta property=\"og:description\" content=\"El ayuntamiento de Atlacomulco llev\u00f3 a cabo la Sesi\u00f3n de Cabildo Juvenil, con el fin de promover la participaci\u00f3n de los j\u00f3venes en las actividades gubernamentales.\" \/>\n<meta property=\"og:url\" content=\"https:\/\/expressometro.mx\/index.php\/2024\/08\/22\/afianza-ayuntamiento-de-atlacomulco-su-labor-con-la-comunidad\/\" \/>\n<meta property=\"og:site_name\" content=\"Expresso Metropolitano\" \/>\n<meta property=\"article:published_time\" content=\"2024-08-22T17:49:25+00:00\" \/>\n<meta property=\"article:modified_time\" content=\"2024-08-26T17:52:20+00:00\" \/>\n<meta property=\"og:image\" content=\"http:\/\/expressometro.mx\/wp-content\/uploads\/2024\/08\/WhatsApp-Image-2024-08-26-at-11.33.25-AM.jpeg\" \/>\n\t<meta property=\"og:image:width\" content=\"960\" \/>\n\t<meta property=\"og:image:height\" content=\"534\" \/>\n\t<meta property=\"og:image:type\" content=\"image\/jpeg\" \/>\n<meta name=\"author\" content=\"Expresso Metropolitano\" \/>\n<meta name=\"twitter:label1\" content=\"Escrito por\" \/>\n\t<meta name=\"twitter:data1\" content=\"Expresso Metropolitano\" \/>\n\t<meta name=\"twitter:label2\" content=\"Tiempo de lectura\" \/>\n\t<meta name=\"twitter:data2\" content=\"1 minuto\" \/>\n<script type=\"application\/ld+json\" class=\"yoast-schema-graph\">{\"@context\":\"https:\\\/\\\/schema.org\",\"@graph\":[{\"@type\":\"Article\",\"@id\":\"https:\\\/\\\/expressometro.mx\\\/index.php\\\/2024\\\/08\\\/22\\\/afianza-ayuntamiento-de-atlacomulco-su-labor-con-la-comunidad\\\/#article\",\"isPartOf\":{\"@id\":\"https:\\\/\\\/expressometro.mx\\\/index.php\\\/2024\\\/08\\\/22\\\/afianza-ayuntamiento-de-atlacomulco-su-labor-con-la-comunidad\\\/\"},\"author\":{\"name\":\"Expresso Metropolitano\",\"@id\":\"https:\\\/\\\/expressometro.mx\\\/#\\\/schema\\\/person\\\/efa971b4a0664db8ed5c22b1b0dd2f5d\"},\"headline\":\"AFIANZA AYUNTAMIENTO DE ATLACOMULCO SU LABOR CON LA COMUNIDAD\",\"datePublished\":\"2024-08-22T17:49:25+00:00\",\"dateModified\":\"2024-08-26T17:52:20+00:00\",\"mainEntityOfPage\":{\"@id\":\"https:\\\/\\\/expressometro.mx\\\/index.php\\\/2024\\\/08\\\/22\\\/afianza-ayuntamiento-de-atlacomulco-su-labor-con-la-comunidad\\\/\"},\"wordCount\":104,\"commentCount\":0,\"publisher\":{\"@id\":\"https:\\\/\\\/expressometro.mx\\\/#organization\"},\"image\":{\"@id\":\"https:\\\/\\\/expressometro.mx\\\/index.php\\\/2024\\\/08\\\/22\\\/afianza-ayuntamiento-de-atlacomulco-su-labor-con-la-comunidad\\\/#primaryimage\"},\"thumbnailUrl\":\"https:\\\/\\\/expressometro.mx\\\/wp-content\\\/uploads\\\/2024\\\/08\\\/WhatsApp-Image-2024-08-26-at-11.33.25-AM.jpeg\",\"keywords\":[\"Atlacomulco\",\"Edomex\",\"GEM\",\"Marisol Arias Flores\"],\"articleSection\":[\"Gobierno\",\"Otros\",\"Pol\u00edtica\"],\"inLanguage\":\"es\",\"potentialAction\":[{\"@type\":\"CommentAction\",\"name\":\"Comment\",\"target\":[\"https:\\\/\\\/expressometro.mx\\\/index.php\\\/2024\\\/08\\\/22\\\/afianza-ayuntamiento-de-atlacomulco-su-labor-con-la-comunidad\\\/#respond\"]}]},{\"@type\":\"WebPage\",\"@id\":\"https:\\\/\\\/expressometro.mx\\\/index.php\\\/2024\\\/08\\\/22\\\/afianza-ayuntamiento-de-atlacomulco-su-labor-con-la-comunidad\\\/\",\"url\":\"https:\\\/\\\/expressometro.mx\\\/index.php\\\/2024\\\/08\\\/22\\\/afianza-ayuntamiento-de-atlacomulco-su-labor-con-la-comunidad\\\/\",\"name\":\"AFIANZA AYUNTAMIENTO DE ATLACOMULCO SU LABOR CON LA COMUNIDAD - Expresso Metropolitano\",\"isPartOf\":{\"@id\":\"https:\\\/\\\/expressometro.mx\\\/#website\"},\"primaryImageOfPage\":{\"@id\":\"https:\\\/\\\/expressometro.mx\\\/index.php\\\/2024\\\/08\\\/22\\\/afianza-ayuntamiento-de-atlacomulco-su-labor-con-la-comunidad\\\/#primaryimage\"},\"image\":{\"@id\":\"https:\\\/\\\/expressometro.mx\\\/index.php\\\/2024\\\/08\\\/22\\\/afianza-ayuntamiento-de-atlacomulco-su-labor-con-la-comunidad\\\/#primaryimage\"},\"thumbnailUrl\":\"https:\\\/\\\/expressometro.mx\\\/wp-content\\\/uploads\\\/2024\\\/08\\\/WhatsApp-Image-2024-08-26-at-11.33.25-AM.jpeg\",\"datePublished\":\"2024-08-22T17:49:25+00:00\",\"dateModified\":\"2024-08-26T17:52:20+00:00\",\"breadcrumb\":{\"@id\":\"https:\\\/\\\/expressometro.mx\\\/index.php\\\/2024\\\/08\\\/22\\\/afianza-ayuntamiento-de-atlacomulco-su-labor-con-la-comunidad\\\/#breadcrumb\"},\"inLanguage\":\"es\",\"potentialAction\":[{\"@type\":\"ReadAction\",\"target\":[\"https:\\\/\\\/expressometro.mx\\\/index.php\\\/2024\\\/08\\\/22\\\/afianza-ayuntamiento-de-atlacomulco-su-labor-con-la-comunidad\\\/\"]}]},{\"@type\":\"ImageObject\",\"inLanguage\":\"es\",\"@id\":\"https:\\\/\\\/expressometro.mx\\\/index.php\\\/2024\\\/08\\\/22\\\/afianza-ayuntamiento-de-atlacomulco-su-labor-con-la-comunidad\\\/#primaryimage\",\"url\":\"https:\\\/\\\/expressometro.mx\\\/wp-content\\\/uploads\\\/2024\\\/08\\\/WhatsApp-Image-2024-08-26-at-11.33.25-AM.jpeg\",\"contentUrl\":\"https:\\\/\\\/expressometro.mx\\\/wp-content\\\/uploads\\\/2024\\\/08\\\/WhatsApp-Image-2024-08-26-at-11.33.25-AM.jpeg\",\"width\":960,\"height\":534},{\"@type\":\"BreadcrumbList\",\"@id\":\"https:\\\/\\\/expressometro.mx\\\/index.php\\\/2024\\\/08\\\/22\\\/afianza-ayuntamiento-de-atlacomulco-su-labor-con-la-comunidad\\\/#breadcrumb\",\"itemListElement\":[{\"@type\":\"ListItem\",\"position\":1,\"name\":\"Inicio\",\"item\":\"https:\\\/\\\/expressometro.mx\\\/\"},{\"@type\":\"ListItem\",\"position\":2,\"name\":\"AFIANZA AYUNTAMIENTO DE ATLACOMULCO SU LABOR CON LA COMUNIDAD\"}]},{\"@type\":\"WebSite\",\"@id\":\"https:\\\/\\\/expressometro.mx\\\/#website\",\"url\":\"https:\\\/\\\/expressometro.mx\\\/\",\"name\":\"Expresso Metropolitano\",\"description\":\"Periodismo comprometido, informaci\u00f3n, investigaci\u00f3n y an\u00e1lisis\",\"publisher\":{\"@id\":\"https:\\\/\\\/expressometro.mx\\\/#organization\"},\"potentialAction\":[{\"@type\":\"SearchAction\",\"target\":{\"@type\":\"EntryPoint\",\"urlTemplate\":\"https:\\\/\\\/expressometro.mx\\\/?s={search_term_string}\"},\"query-input\":{\"@type\":\"PropertyValueSpecification\",\"valueRequired\":true,\"valueName\":\"search_term_string\"}}],\"inLanguage\":\"es\"},{\"@type\":\"Organization\",\"@id\":\"https:\\\/\\\/expressometro.mx\\\/#organization\",\"name\":\"Expresso Metropolitano\",\"url\":\"https:\\\/\\\/expressometro.mx\\\/\",\"logo\":{\"@type\":\"ImageObject\",\"inLanguage\":\"es\",\"@id\":\"https:\\\/\\\/expressometro.mx\\\/#\\\/schema\\\/logo\\\/image\\\/\",\"url\":\"https:\\\/\\\/expressometro.mx\\\/wp-content\\\/uploads\\\/2019\\\/07\\\/cropped-Logo-Expresso-Metropolitano-1-1.jpeg\",\"contentUrl\":\"https:\\\/\\\/expressometro.mx\\\/wp-content\\\/uploads\\\/2019\\\/07\\\/cropped-Logo-Expresso-Metropolitano-1-1.jpeg\",\"width\":290,\"height\":73,\"caption\":\"Expresso Metropolitano\"},\"image\":{\"@id\":\"https:\\\/\\\/expressometro.mx\\\/#\\\/schema\\\/logo\\\/image\\\/\"}},{\"@type\":\"Person\",\"@id\":\"https:\\\/\\\/expressometro.mx\\\/#\\\/schema\\\/person\\\/efa971b4a0664db8ed5c22b1b0dd2f5d\",\"name\":\"Expresso Metropolitano\",\"image\":{\"@type\":\"ImageObject\",\"inLanguage\":\"es\",\"@id\":\"https:\\\/\\\/secure.gravatar.com\\\/avatar\\\/a89f802b8de18c6952f223c88d3d106e9e3679839f4e25a02f4a6cc2ae6ba3b3?s=96&d=mm&r=g\",\"url\":\"https:\\\/\\\/secure.gravatar.com\\\/avatar\\\/a89f802b8de18c6952f223c88d3d106e9e3679839f4e25a02f4a6cc2ae6ba3b3?s=96&d=mm&r=g\",\"contentUrl\":\"https:\\\/\\\/secure.gravatar.com\\\/avatar\\\/a89f802b8de18c6952f223c88d3d106e9e3679839f4e25a02f4a6cc2ae6ba3b3?s=96&d=mm&r=g\",\"caption\":\"Expresso Metropolitano\"},\"url\":\"https:\\\/\\\/expressometro.mx\\\/index.php\\\/author\\\/diego\\\/\"}]}<\/script>\n<!-- \/ Yoast SEO plugin. -->","yoast_head_json":{"title":"AFIANZA AYUNTAMIENTO DE ATLACOMULCO SU LABOR CON LA COMUNIDAD - Expresso Metropolitano","robots":{"index":"index","follow":"follow","max-snippet":"max-snippet:-1","max-image-preview":"max-image-preview:large","max-video-preview":"max-video-preview:-1"},"canonical":"https:\/\/expressometro.mx\/index.php\/2024\/08\/22\/afianza-ayuntamiento-de-atlacomulco-su-labor-con-la-comunidad\/","og_locale":"es_MX","og_type":"article","og_title":"AFIANZA AYUNTAMIENTO DE ATLACOMULCO SU LABOR CON LA COMUNIDAD - Expresso Metropolitano","og_description":"El ayuntamiento de Atlacomulco llev\u00f3 a cabo la Sesi\u00f3n de Cabildo Juvenil, con el fin de promover la participaci\u00f3n de los j\u00f3venes en las actividades gubernamentales.","og_url":"https:\/\/expressometro.mx\/index.php\/2024\/08\/22\/afianza-ayuntamiento-de-atlacomulco-su-labor-con-la-comunidad\/","og_site_name":"Expresso Metropolitano","article_published_time":"2024-08-22T17:49:25+00:00","article_modified_time":"2024-08-26T17:52:20+00:00","og_image":[{"width":960,"height":534,"url":"http:\/\/expressometro.mx\/wp-content\/uploads\/2024\/08\/WhatsApp-Image-2024-08-26-at-11.33.25-AM.jpeg","type":"image\/jpeg"}],"author":"Expresso Metropolitano","twitter_misc":{"Escrito por":"Expresso Metropolitano","Tiempo de lectura":"1 minuto"},"schema":{"@context":"https:\/\/schema.org","@graph":[{"@type":"Article","@id":"https:\/\/expressometro.mx\/index.php\/2024\/08\/22\/afianza-ayuntamiento-de-atlacomulco-su-labor-con-la-comunidad\/#article","isPartOf":{"@id":"https:\/\/expressometro.mx\/index.php\/2024\/08\/22\/afianza-ayuntamiento-de-atlacomulco-su-labor-con-la-comunidad\/"},"author":{"name":"Expresso Metropolitano","@id":"https:\/\/expressometro.mx\/#\/schema\/person\/efa971b4a0664db8ed5c22b1b0dd2f5d"},"headline":"AFIANZA AYUNTAMIENTO DE ATLACOMULCO SU LABOR CON LA COMUNIDAD","datePublished":"2024-08-22T17:49:25+00:00","dateModified":"2024-08-26T17:52:20+00:00","mainEntityOfPage":{"@id":"https:\/\/expressometro.mx\/index.php\/2024\/08\/22\/afianza-ayuntamiento-de-atlacomulco-su-labor-con-la-comunidad\/"},"wordCount":104,"commentCount":0,"publisher":{"@id":"https:\/\/expressometro.mx\/#organization"},"image":{"@id":"https:\/\/expressometro.mx\/index.php\/2024\/08\/22\/afianza-ayuntamiento-de-atlacomulco-su-labor-con-la-comunidad\/#primaryimage"},"thumbnailUrl":"https:\/\/expressometro.mx\/wp-content\/uploads\/2024\/08\/WhatsApp-Image-2024-08-26-at-11.33.25-AM.jpeg","keywords":["Atlacomulco","Edomex","GEM","Marisol Arias Flores"],"articleSection":["Gobierno","Otros","Pol\u00edtica"],"inLanguage":"es","potentialAction":[{"@type":"CommentAction","name":"Comment","target":["https:\/\/expressometro.mx\/index.php\/2024\/08\/22\/afianza-ayuntamiento-de-atlacomulco-su-labor-con-la-comunidad\/#respond"]}]},{"@type":"WebPage","@id":"https:\/\/expressometro.mx\/index.php\/2024\/08\/22\/afianza-ayuntamiento-de-atlacomulco-su-labor-con-la-comunidad\/","url":"https:\/\/expressometro.mx\/index.php\/2024\/08\/22\/afianza-ayuntamiento-de-atlacomulco-su-labor-con-la-comunidad\/","name":"AFIANZA AYUNTAMIENTO DE ATLACOMULCO SU LABOR CON LA COMUNIDAD - Expresso Metropolitano","isPartOf":{"@id":"https:\/\/expressometro.mx\/#website"},"primaryImageOfPage":{"@id":"https:\/\/expressometro.mx\/index.php\/2024\/08\/22\/afianza-ayuntamiento-de-atlacomulco-su-labor-con-la-comunidad\/#primaryimage"},"image":{"@id":"https:\/\/expressometro.mx\/index.php\/2024\/08\/22\/afianza-ayuntamiento-de-atlacomulco-su-labor-con-la-comunidad\/#primaryimage"},"thumbnailUrl":"https:\/\/expressometro.mx\/wp-content\/uploads\/2024\/08\/WhatsApp-Image-2024-08-26-at-11.33.25-AM.jpeg","datePublished":"2024-08-22T17:49:25+00:00","dateModified":"2024-08-26T17:52:20+00:00","breadcrumb":{"@id":"https:\/\/expressometro.mx\/index.php\/2024\/08\/22\/afianza-ayuntamiento-de-atlacomulco-su-labor-con-la-comunidad\/#breadcrumb"},"inLanguage":"es","potentialAction":[{"@type":"ReadAction","target":["https:\/\/expressometro.mx\/index.php\/2024\/08\/22\/afianza-ayuntamiento-de-atlacomulco-su-labor-con-la-comunidad\/"]}]},{"@type":"ImageObject","inLanguage":"es","@id":"https:\/\/expressometro.mx\/index.php\/2024\/08\/22\/afianza-ayuntamiento-de-atlacomulco-su-labor-con-la-comunidad\/#primaryimage","url":"https:\/\/expressometro.mx\/wp-content\/uploads\/2024\/08\/WhatsApp-Image-2024-08-26-at-11.33.25-AM.jpeg","contentUrl":"https:\/\/expressometro.mx\/wp-content\/uploads\/2024\/08\/WhatsApp-Image-2024-08-26-at-11.33.25-AM.jpeg","width":960,"height":534},{"@type":"BreadcrumbList","@id":"https:\/\/expressometro.mx\/index.php\/2024\/08\/22\/afianza-ayuntamiento-de-atlacomulco-su-labor-con-la-comunidad\/#breadcrumb","itemListElement":[{"@type":"ListItem","position":1,"name":"Inicio","item":"https:\/\/expressometro.mx\/"},{"@type":"ListItem","position":2,"name":"AFIANZA AYUNTAMIENTO DE ATLACOMULCO SU LABOR CON LA COMUNIDAD"}]},{"@type":"WebSite","@id":"https:\/\/expressometro.mx\/#website","url":"https:\/\/expressometro.mx\/","name":"Expresso Metropolitano","description":"Periodismo comprometido, informaci\u00f3n, investigaci\u00f3n y an\u00e1lisis","publisher":{"@id":"https:\/\/expressometro.mx\/#organization"},"potentialAction":[{"@type":"SearchAction","target":{"@type":"EntryPoint","urlTemplate":"https:\/\/expressometro.mx\/?s={search_term_string}"},"query-input":{"@type":"PropertyValueSpecification","valueRequired":true,"valueName":"search_term_string"}}],"inLanguage":"es"},{"@type":"Organization","@id":"https:\/\/expressometro.mx\/#organization","name":"Expresso Metropolitano","url":"https:\/\/expressometro.mx\/","logo":{"@type":"ImageObject","inLanguage":"es","@id":"https:\/\/expressometro.mx\/#\/schema\/logo\/image\/","url":"https:\/\/expressometro.mx\/wp-content\/uploads\/2019\/07\/cropped-Logo-Expresso-Metropolitano-1-1.jpeg","contentUrl":"https:\/\/expressometro.mx\/wp-content\/uploads\/2019\/07\/cropped-Logo-Expresso-Metropolitano-1-1.jpeg","width":290,"height":73,"caption":"Expresso Metropolitano"},"image":{"@id":"https:\/\/expressometro.mx\/#\/schema\/logo\/image\/"}},{"@type":"Person","@id":"https:\/\/expressometro.mx\/#\/schema\/person\/efa971b4a0664db8ed5c22b1b0dd2f5d","name":"Expresso Metropolitano","image":{"@type":"ImageObject","inLanguage":"es","@id":"https:\/\/secure.gravatar.com\/avatar\/a89f802b8de18c6952f223c88d3d106e9e3679839f4e25a02f4a6cc2ae6ba3b3?s=96&d=mm&r=g","url":"https:\/\/secure.gravatar.com\/avatar\/a89f802b8de18c6952f223c88d3d106e9e3679839f4e25a02f4a6cc2ae6ba3b3?s=96&d=mm&r=g","contentUrl":"https:\/\/secure.gravatar.com\/avatar\/a89f802b8de18c6952f223c88d3d106e9e3679839f4e25a02f4a6cc2ae6ba3b3?s=96&d=mm&r=g","caption":"Expresso Metropolitano"},"url":"https:\/\/expressometro.mx\/index.php\/author\/diego\/"}]}},"amp_enabled":true,"_links":{"self":[{"href":"https:\/\/expressometro.mx\/index.php\/wp-json\/wp\/v2\/posts\/9824","targetHints":{"allow":["GET"]}}],"collection":[{"href":"https:\/\/expressometro.mx\/index.php\/wp-json\/wp\/v2\/posts"}],"about":[{"href":"https:\/\/expressometro.mx\/index.php\/wp-json\/wp\/v2\/types\/post"}],"author":[{"embeddable":true,"href":"https:\/\/expressometro.mx\/index.php\/wp-json\/wp\/v2\/users\/1"}],"replies":[{"embeddable":true,"href":"https:\/\/expressometro.mx\/index.php\/wp-json\/wp\/v2\/comments?post=9824"}],"version-history":[{"count":1,"href":"https:\/\/expressometro.mx\/index.php\/wp-json\/wp\/v2\/posts\/9824\/revisions"}],"predecessor-version":[{"id":9828,"href":"https:\/\/expressometro.mx\/index.php\/wp-json\/wp\/v2\/posts\/9824\/revisions\/9828"}],"wp:featuredmedia":[{"embeddable":true,"href":"https:\/\/expressometro.mx\/index.php\/wp-json\/wp\/v2\/media\/9826"}],"wp:attachment":[{"href":"https:\/\/expressometro.mx\/index.php\/wp-json\/wp\/v2\/media?parent=9824"}],"wp:term":[{"taxonomy":"category","embeddable":true,"href":"https:\/\/expressometro.mx\/index.php\/wp-json\/wp\/v2\/categories?post=9824"},{"taxonomy":"post_tag","embeddable":true,"href":"https:\/\/expressometro.mx\/index.php\/wp-json\/wp\/v2\/tags?post=9824"}],"curies":[{"name":"wp","href":"https:\/\/api.w.org\/{rel}","templated":true}]}}