{"id":9819,"date":"2024-08-05T12:47:03","date_gmt":"2024-08-05T17:47:03","guid":{"rendered":"https:\/\/expressometro.mx\/?p=9819"},"modified":"2024-08-26T12:48:46","modified_gmt":"2024-08-26T17:48:46","slug":"celebra-atlacomulco-200-anos-de-fundacion","status":"publish","type":"post","link":"https:\/\/expressometro.mx\/index.php\/2024\/08\/05\/celebra-atlacomulco-200-anos-de-fundacion\/","title":{"rendered":"CELEBRA ATLACOMULCO 200 A\u00d1OS DE FUNDACI\u00d3N"},"content":{"rendered":"\n<p><\/p>\n\n\n\n<p>La presidenta municipal Marisol Arias Flores encabez\u00f3 los festejos de los 200 a\u00f1os de fundaci\u00f3n de Atlacomulco.\u00a0 Ha osado un bicentenario desde que se firm\u00f3 la primera acta de cabildo de la que se tenga registro.<\/p>\n\n\n\n<p>Acompa\u00f1ada del ex gobernador Arturo Montiel y del diputado federal Gustavo C\u00e1rdenas agradeci\u00f3 la presencia de todos a la ceremonia conmemorativa y felicit\u00f3 a los galardonados que recibieron la Presea Isidro Fabela.&nbsp;&nbsp;<\/p>\n\n\n\n<p>En este acto protocolario refrend\u00f3 su institucionalidad con las autoridades estatales para coadyuvar en todo aquello que beneficie a los habitantes en sus diferentes rubros.<\/p>\n\n\n\n<p>En la Plaza C\u00edvica &#8220;Isidro Fabela Alfaro&#8221; donde se dieron cita representantes de las diferentes comunidades, barrios y colonias dejo en claro que han sido 200 a\u00f1os de trabajo, de vida institucional que se ven materializados en el Atlacomulco contempor\u00e1neo, que d\u00eda tras d\u00eda trabaja en la construcci\u00f3n de una instituci\u00f3n que garantiza la protecci\u00f3n de la calidad humana.&nbsp;<\/p>\n\n\n\n<p>Adem\u00e1s, hizo entrega de la Presea &#8220;Isidro Fabela&#8221; a destacados hombres y mujeres que han contribuido o destacados por poner en alto el nombre de Atlacomulco en sus diferentes rubros.<\/p>\n","protected":false},"excerpt":{"rendered":"<p>La presidenta municipal Marisol Arias Flores encabez\u00f3 los festejos de los 200 a\u00f1os de fundaci\u00f3n de Atlacomulco.\u00a0 Ha osado un bicentenario desde que se firm\u00f3 la primera acta de cabildo de la que se tenga registro.<\/p>\n","protected":false},"author":1,"featured_media":9820,"comment_status":"open","ping_status":"open","sticky":false,"template":"","format":"standard","meta":{"footnotes":""},"categories":[3,1,231],"tags":[389,1982,86,2277],"class_list":["post-9819","post","type-post","status-publish","format-standard","has-post-thumbnail","hentry","category-gobierno","category-otros","category-politica","tag-atlacomulco","tag-edomex","tag-gem","tag-marisol-arias-flores"],"yoast_head":"<!-- This site is optimized with the Yoast SEO plugin v27.5 - https:\/\/yoast.com\/product\/yoast-seo-wordpress\/ -->\n<title>CELEBRA ATLACOMULCO 200 A\u00d1OS DE FUNDACI\u00d3N - Expresso Metropolitano<\/title>\n<meta name=\"robots\" content=\"index, follow, max-snippet:-1, max-image-preview:large, max-video-preview:-1\" \/>\n<link rel=\"canonical\" href=\"https:\/\/expressometro.mx\/index.php\/2024\/08\/05\/celebra-atlacomulco-200-anos-de-fundacion\/\" \/>\n<meta property=\"og:locale\" content=\"es_MX\" \/>\n<meta property=\"og:type\" content=\"article\" \/>\n<meta property=\"og:title\" content=\"CELEBRA ATLACOMULCO 200 A\u00d1OS DE FUNDACI\u00d3N - Expresso Metropolitano\" \/>\n<meta property=\"og:description\" content=\"La presidenta municipal Marisol Arias Flores encabez\u00f3 los festejos de los 200 a\u00f1os de fundaci\u00f3n de Atlacomulco.\u00a0 Ha osado un bicentenario desde que se firm\u00f3 la primera acta de cabildo de la que se tenga registro.\" \/>\n<meta property=\"og:url\" content=\"https:\/\/expressometro.mx\/index.php\/2024\/08\/05\/celebra-atlacomulco-200-anos-de-fundacion\/\" \/>\n<meta property=\"og:site_name\" content=\"Expresso Metropolitano\" \/>\n<meta property=\"article:published_time\" content=\"2024-08-05T17:47:03+00:00\" \/>\n<meta property=\"article:modified_time\" content=\"2024-08-26T17:48:46+00:00\" \/>\n<meta property=\"og:image\" content=\"http:\/\/expressometro.mx\/wp-content\/uploads\/2024\/08\/WhatsApp-Image-2024-08-26-at-11.11.56-AM-1.jpeg\" \/>\n\t<meta property=\"og:image:width\" content=\"1440\" \/>\n\t<meta property=\"og:image:height\" content=\"822\" \/>\n\t<meta property=\"og:image:type\" content=\"image\/jpeg\" \/>\n<meta name=\"author\" content=\"Expresso Metropolitano\" \/>\n<meta name=\"twitter:label1\" content=\"Escrito por\" \/>\n\t<meta name=\"twitter:data1\" content=\"Expresso Metropolitano\" \/>\n\t<meta name=\"twitter:label2\" content=\"Tiempo de lectura\" \/>\n\t<meta name=\"twitter:data2\" content=\"2 minutos\" \/>\n<script type=\"application\/ld+json\" class=\"yoast-schema-graph\">{\"@context\":\"https:\\\/\\\/schema.org\",\"@graph\":[{\"@type\":\"Article\",\"@id\":\"https:\\\/\\\/expressometro.mx\\\/index.php\\\/2024\\\/08\\\/05\\\/celebra-atlacomulco-200-anos-de-fundacion\\\/#article\",\"isPartOf\":{\"@id\":\"https:\\\/\\\/expressometro.mx\\\/index.php\\\/2024\\\/08\\\/05\\\/celebra-atlacomulco-200-anos-de-fundacion\\\/\"},\"author\":{\"name\":\"Expresso Metropolitano\",\"@id\":\"https:\\\/\\\/expressometro.mx\\\/#\\\/schema\\\/person\\\/efa971b4a0664db8ed5c22b1b0dd2f5d\"},\"headline\":\"CELEBRA ATLACOMULCO 200 A\u00d1OS DE FUNDACI\u00d3N\",\"datePublished\":\"2024-08-05T17:47:03+00:00\",\"dateModified\":\"2024-08-26T17:48:46+00:00\",\"mainEntityOfPage\":{\"@id\":\"https:\\\/\\\/expressometro.mx\\\/index.php\\\/2024\\\/08\\\/05\\\/celebra-atlacomulco-200-anos-de-fundacion\\\/\"},\"wordCount\":203,\"commentCount\":0,\"publisher\":{\"@id\":\"https:\\\/\\\/expressometro.mx\\\/#organization\"},\"image\":{\"@id\":\"https:\\\/\\\/expressometro.mx\\\/index.php\\\/2024\\\/08\\\/05\\\/celebra-atlacomulco-200-anos-de-fundacion\\\/#primaryimage\"},\"thumbnailUrl\":\"https:\\\/\\\/expressometro.mx\\\/wp-content\\\/uploads\\\/2024\\\/08\\\/WhatsApp-Image-2024-08-26-at-11.11.56-AM-1.jpeg\",\"keywords\":[\"Atlacomulco\",\"Edomex\",\"GEM\",\"Marisol Arias Flores\"],\"articleSection\":[\"Gobierno\",\"Otros\",\"Pol\u00edtica\"],\"inLanguage\":\"es\",\"potentialAction\":[{\"@type\":\"CommentAction\",\"name\":\"Comment\",\"target\":[\"https:\\\/\\\/expressometro.mx\\\/index.php\\\/2024\\\/08\\\/05\\\/celebra-atlacomulco-200-anos-de-fundacion\\\/#respond\"]}]},{\"@type\":\"WebPage\",\"@id\":\"https:\\\/\\\/expressometro.mx\\\/index.php\\\/2024\\\/08\\\/05\\\/celebra-atlacomulco-200-anos-de-fundacion\\\/\",\"url\":\"https:\\\/\\\/expressometro.mx\\\/index.php\\\/2024\\\/08\\\/05\\\/celebra-atlacomulco-200-anos-de-fundacion\\\/\",\"name\":\"CELEBRA ATLACOMULCO 200 A\u00d1OS DE FUNDACI\u00d3N - Expresso Metropolitano\",\"isPartOf\":{\"@id\":\"https:\\\/\\\/expressometro.mx\\\/#website\"},\"primaryImageOfPage\":{\"@id\":\"https:\\\/\\\/expressometro.mx\\\/index.php\\\/2024\\\/08\\\/05\\\/celebra-atlacomulco-200-anos-de-fundacion\\\/#primaryimage\"},\"image\":{\"@id\":\"https:\\\/\\\/expressometro.mx\\\/index.php\\\/2024\\\/08\\\/05\\\/celebra-atlacomulco-200-anos-de-fundacion\\\/#primaryimage\"},\"thumbnailUrl\":\"https:\\\/\\\/expressometro.mx\\\/wp-content\\\/uploads\\\/2024\\\/08\\\/WhatsApp-Image-2024-08-26-at-11.11.56-AM-1.jpeg\",\"datePublished\":\"2024-08-05T17:47:03+00:00\",\"dateModified\":\"2024-08-26T17:48:46+00:00\",\"breadcrumb\":{\"@id\":\"https:\\\/\\\/expressometro.mx\\\/index.php\\\/2024\\\/08\\\/05\\\/celebra-atlacomulco-200-anos-de-fundacion\\\/#breadcrumb\"},\"inLanguage\":\"es\",\"potentialAction\":[{\"@type\":\"ReadAction\",\"target\":[\"https:\\\/\\\/expressometro.mx\\\/index.php\\\/2024\\\/08\\\/05\\\/celebra-atlacomulco-200-anos-de-fundacion\\\/\"]}]},{\"@type\":\"ImageObject\",\"inLanguage\":\"es\",\"@id\":\"https:\\\/\\\/expressometro.mx\\\/index.php\\\/2024\\\/08\\\/05\\\/celebra-atlacomulco-200-anos-de-fundacion\\\/#primaryimage\",\"url\":\"https:\\\/\\\/expressometro.mx\\\/wp-content\\\/uploads\\\/2024\\\/08\\\/WhatsApp-Image-2024-08-26-at-11.11.56-AM-1.jpeg\",\"contentUrl\":\"https:\\\/\\\/expressometro.mx\\\/wp-content\\\/uploads\\\/2024\\\/08\\\/WhatsApp-Image-2024-08-26-at-11.11.56-AM-1.jpeg\",\"width\":1440,\"height\":822},{\"@type\":\"BreadcrumbList\",\"@id\":\"https:\\\/\\\/expressometro.mx\\\/index.php\\\/2024\\\/08\\\/05\\\/celebra-atlacomulco-200-anos-de-fundacion\\\/#breadcrumb\",\"itemListElement\":[{\"@type\":\"ListItem\",\"position\":1,\"name\":\"Inicio\",\"item\":\"https:\\\/\\\/expressometro.mx\\\/\"},{\"@type\":\"ListItem\",\"position\":2,\"name\":\"CELEBRA ATLACOMULCO 200 A\u00d1OS DE FUNDACI\u00d3N\"}]},{\"@type\":\"WebSite\",\"@id\":\"https:\\\/\\\/expressometro.mx\\\/#website\",\"url\":\"https:\\\/\\\/expressometro.mx\\\/\",\"name\":\"Expresso Metropolitano\",\"description\":\"Periodismo comprometido, informaci\u00f3n, investigaci\u00f3n y an\u00e1lisis\",\"publisher\":{\"@id\":\"https:\\\/\\\/expressometro.mx\\\/#organization\"},\"potentialAction\":[{\"@type\":\"SearchAction\",\"target\":{\"@type\":\"EntryPoint\",\"urlTemplate\":\"https:\\\/\\\/expressometro.mx\\\/?s={search_term_string}\"},\"query-input\":{\"@type\":\"PropertyValueSpecification\",\"valueRequired\":true,\"valueName\":\"search_term_string\"}}],\"inLanguage\":\"es\"},{\"@type\":\"Organization\",\"@id\":\"https:\\\/\\\/expressometro.mx\\\/#organization\",\"name\":\"Expresso Metropolitano\",\"url\":\"https:\\\/\\\/expressometro.mx\\\/\",\"logo\":{\"@type\":\"ImageObject\",\"inLanguage\":\"es\",\"@id\":\"https:\\\/\\\/expressometro.mx\\\/#\\\/schema\\\/logo\\\/image\\\/\",\"url\":\"https:\\\/\\\/expressometro.mx\\\/wp-content\\\/uploads\\\/2019\\\/07\\\/cropped-Logo-Expresso-Metropolitano-1-1.jpeg\",\"contentUrl\":\"https:\\\/\\\/expressometro.mx\\\/wp-content\\\/uploads\\\/2019\\\/07\\\/cropped-Logo-Expresso-Metropolitano-1-1.jpeg\",\"width\":290,\"height\":73,\"caption\":\"Expresso Metropolitano\"},\"image\":{\"@id\":\"https:\\\/\\\/expressometro.mx\\\/#\\\/schema\\\/logo\\\/image\\\/\"}},{\"@type\":\"Person\",\"@id\":\"https:\\\/\\\/expressometro.mx\\\/#\\\/schema\\\/person\\\/efa971b4a0664db8ed5c22b1b0dd2f5d\",\"name\":\"Expresso Metropolitano\",\"image\":{\"@type\":\"ImageObject\",\"inLanguage\":\"es\",\"@id\":\"https:\\\/\\\/secure.gravatar.com\\\/avatar\\\/a89f802b8de18c6952f223c88d3d106e9e3679839f4e25a02f4a6cc2ae6ba3b3?s=96&d=mm&r=g\",\"url\":\"https:\\\/\\\/secure.gravatar.com\\\/avatar\\\/a89f802b8de18c6952f223c88d3d106e9e3679839f4e25a02f4a6cc2ae6ba3b3?s=96&d=mm&r=g\",\"contentUrl\":\"https:\\\/\\\/secure.gravatar.com\\\/avatar\\\/a89f802b8de18c6952f223c88d3d106e9e3679839f4e25a02f4a6cc2ae6ba3b3?s=96&d=mm&r=g\",\"caption\":\"Expresso Metropolitano\"},\"url\":\"https:\\\/\\\/expressometro.mx\\\/index.php\\\/author\\\/diego\\\/\"}]}<\/script>\n<!-- \/ Yoast SEO plugin. -->","yoast_head_json":{"title":"CELEBRA ATLACOMULCO 200 A\u00d1OS DE FUNDACI\u00d3N - Expresso Metropolitano","robots":{"index":"index","follow":"follow","max-snippet":"max-snippet:-1","max-image-preview":"max-image-preview:large","max-video-preview":"max-video-preview:-1"},"canonical":"https:\/\/expressometro.mx\/index.php\/2024\/08\/05\/celebra-atlacomulco-200-anos-de-fundacion\/","og_locale":"es_MX","og_type":"article","og_title":"CELEBRA ATLACOMULCO 200 A\u00d1OS DE FUNDACI\u00d3N - Expresso Metropolitano","og_description":"La presidenta municipal Marisol Arias Flores encabez\u00f3 los festejos de los 200 a\u00f1os de fundaci\u00f3n de Atlacomulco.\u00a0 Ha osado un bicentenario desde que se firm\u00f3 la primera acta de cabildo de la que se tenga registro.","og_url":"https:\/\/expressometro.mx\/index.php\/2024\/08\/05\/celebra-atlacomulco-200-anos-de-fundacion\/","og_site_name":"Expresso Metropolitano","article_published_time":"2024-08-05T17:47:03+00:00","article_modified_time":"2024-08-26T17:48:46+00:00","og_image":[{"width":1440,"height":822,"url":"http:\/\/expressometro.mx\/wp-content\/uploads\/2024\/08\/WhatsApp-Image-2024-08-26-at-11.11.56-AM-1.jpeg","type":"image\/jpeg"}],"author":"Expresso Metropolitano","twitter_misc":{"Escrito por":"Expresso Metropolitano","Tiempo de lectura":"2 minutos"},"schema":{"@context":"https:\/\/schema.org","@graph":[{"@type":"Article","@id":"https:\/\/expressometro.mx\/index.php\/2024\/08\/05\/celebra-atlacomulco-200-anos-de-fundacion\/#article","isPartOf":{"@id":"https:\/\/expressometro.mx\/index.php\/2024\/08\/05\/celebra-atlacomulco-200-anos-de-fundacion\/"},"author":{"name":"Expresso Metropolitano","@id":"https:\/\/expressometro.mx\/#\/schema\/person\/efa971b4a0664db8ed5c22b1b0dd2f5d"},"headline":"CELEBRA ATLACOMULCO 200 A\u00d1OS DE FUNDACI\u00d3N","datePublished":"2024-08-05T17:47:03+00:00","dateModified":"2024-08-26T17:48:46+00:00","mainEntityOfPage":{"@id":"https:\/\/expressometro.mx\/index.php\/2024\/08\/05\/celebra-atlacomulco-200-anos-de-fundacion\/"},"wordCount":203,"commentCount":0,"publisher":{"@id":"https:\/\/expressometro.mx\/#organization"},"image":{"@id":"https:\/\/expressometro.mx\/index.php\/2024\/08\/05\/celebra-atlacomulco-200-anos-de-fundacion\/#primaryimage"},"thumbnailUrl":"https:\/\/expressometro.mx\/wp-content\/uploads\/2024\/08\/WhatsApp-Image-2024-08-26-at-11.11.56-AM-1.jpeg","keywords":["Atlacomulco","Edomex","GEM","Marisol Arias Flores"],"articleSection":["Gobierno","Otros","Pol\u00edtica"],"inLanguage":"es","potentialAction":[{"@type":"CommentAction","name":"Comment","target":["https:\/\/expressometro.mx\/index.php\/2024\/08\/05\/celebra-atlacomulco-200-anos-de-fundacion\/#respond"]}]},{"@type":"WebPage","@id":"https:\/\/expressometro.mx\/index.php\/2024\/08\/05\/celebra-atlacomulco-200-anos-de-fundacion\/","url":"https:\/\/expressometro.mx\/index.php\/2024\/08\/05\/celebra-atlacomulco-200-anos-de-fundacion\/","name":"CELEBRA ATLACOMULCO 200 A\u00d1OS DE FUNDACI\u00d3N - Expresso Metropolitano","isPartOf":{"@id":"https:\/\/expressometro.mx\/#website"},"primaryImageOfPage":{"@id":"https:\/\/expressometro.mx\/index.php\/2024\/08\/05\/celebra-atlacomulco-200-anos-de-fundacion\/#primaryimage"},"image":{"@id":"https:\/\/expressometro.mx\/index.php\/2024\/08\/05\/celebra-atlacomulco-200-anos-de-fundacion\/#primaryimage"},"thumbnailUrl":"https:\/\/expressometro.mx\/wp-content\/uploads\/2024\/08\/WhatsApp-Image-2024-08-26-at-11.11.56-AM-1.jpeg","datePublished":"2024-08-05T17:47:03+00:00","dateModified":"2024-08-26T17:48:46+00:00","breadcrumb":{"@id":"https:\/\/expressometro.mx\/index.php\/2024\/08\/05\/celebra-atlacomulco-200-anos-de-fundacion\/#breadcrumb"},"inLanguage":"es","potentialAction":[{"@type":"ReadAction","target":["https:\/\/expressometro.mx\/index.php\/2024\/08\/05\/celebra-atlacomulco-200-anos-de-fundacion\/"]}]},{"@type":"ImageObject","inLanguage":"es","@id":"https:\/\/expressometro.mx\/index.php\/2024\/08\/05\/celebra-atlacomulco-200-anos-de-fundacion\/#primaryimage","url":"https:\/\/expressometro.mx\/wp-content\/uploads\/2024\/08\/WhatsApp-Image-2024-08-26-at-11.11.56-AM-1.jpeg","contentUrl":"https:\/\/expressometro.mx\/wp-content\/uploads\/2024\/08\/WhatsApp-Image-2024-08-26-at-11.11.56-AM-1.jpeg","width":1440,"height":822},{"@type":"BreadcrumbList","@id":"https:\/\/expressometro.mx\/index.php\/2024\/08\/05\/celebra-atlacomulco-200-anos-de-fundacion\/#breadcrumb","itemListElement":[{"@type":"ListItem","position":1,"name":"Inicio","item":"https:\/\/expressometro.mx\/"},{"@type":"ListItem","position":2,"name":"CELEBRA ATLACOMULCO 200 A\u00d1OS DE FUNDACI\u00d3N"}]},{"@type":"WebSite","@id":"https:\/\/expressometro.mx\/#website","url":"https:\/\/expressometro.mx\/","name":"Expresso Metropolitano","description":"Periodismo comprometido, informaci\u00f3n, investigaci\u00f3n y an\u00e1lisis","publisher":{"@id":"https:\/\/expressometro.mx\/#organization"},"potentialAction":[{"@type":"SearchAction","target":{"@type":"EntryPoint","urlTemplate":"https:\/\/expressometro.mx\/?s={search_term_string}"},"query-input":{"@type":"PropertyValueSpecification","valueRequired":true,"valueName":"search_term_string"}}],"inLanguage":"es"},{"@type":"Organization","@id":"https:\/\/expressometro.mx\/#organization","name":"Expresso Metropolitano","url":"https:\/\/expressometro.mx\/","logo":{"@type":"ImageObject","inLanguage":"es","@id":"https:\/\/expressometro.mx\/#\/schema\/logo\/image\/","url":"https:\/\/expressometro.mx\/wp-content\/uploads\/2019\/07\/cropped-Logo-Expresso-Metropolitano-1-1.jpeg","contentUrl":"https:\/\/expressometro.mx\/wp-content\/uploads\/2019\/07\/cropped-Logo-Expresso-Metropolitano-1-1.jpeg","width":290,"height":73,"caption":"Expresso Metropolitano"},"image":{"@id":"https:\/\/expressometro.mx\/#\/schema\/logo\/image\/"}},{"@type":"Person","@id":"https:\/\/expressometro.mx\/#\/schema\/person\/efa971b4a0664db8ed5c22b1b0dd2f5d","name":"Expresso Metropolitano","image":{"@type":"ImageObject","inLanguage":"es","@id":"https:\/\/secure.gravatar.com\/avatar\/a89f802b8de18c6952f223c88d3d106e9e3679839f4e25a02f4a6cc2ae6ba3b3?s=96&d=mm&r=g","url":"https:\/\/secure.gravatar.com\/avatar\/a89f802b8de18c6952f223c88d3d106e9e3679839f4e25a02f4a6cc2ae6ba3b3?s=96&d=mm&r=g","contentUrl":"https:\/\/secure.gravatar.com\/avatar\/a89f802b8de18c6952f223c88d3d106e9e3679839f4e25a02f4a6cc2ae6ba3b3?s=96&d=mm&r=g","caption":"Expresso Metropolitano"},"url":"https:\/\/expressometro.mx\/index.php\/author\/diego\/"}]}},"amp_enabled":true,"_links":{"self":[{"href":"https:\/\/expressometro.mx\/index.php\/wp-json\/wp\/v2\/posts\/9819","targetHints":{"allow":["GET"]}}],"collection":[{"href":"https:\/\/expressometro.mx\/index.php\/wp-json\/wp\/v2\/posts"}],"about":[{"href":"https:\/\/expressometro.mx\/index.php\/wp-json\/wp\/v2\/types\/post"}],"author":[{"embeddable":true,"href":"https:\/\/expressometro.mx\/index.php\/wp-json\/wp\/v2\/users\/1"}],"replies":[{"embeddable":true,"href":"https:\/\/expressometro.mx\/index.php\/wp-json\/wp\/v2\/comments?post=9819"}],"version-history":[{"count":1,"href":"https:\/\/expressometro.mx\/index.php\/wp-json\/wp\/v2\/posts\/9819\/revisions"}],"predecessor-version":[{"id":9822,"href":"https:\/\/expressometro.mx\/index.php\/wp-json\/wp\/v2\/posts\/9819\/revisions\/9822"}],"wp:featuredmedia":[{"embeddable":true,"href":"https:\/\/expressometro.mx\/index.php\/wp-json\/wp\/v2\/media\/9820"}],"wp:attachment":[{"href":"https:\/\/expressometro.mx\/index.php\/wp-json\/wp\/v2\/media?parent=9819"}],"wp:term":[{"taxonomy":"category","embeddable":true,"href":"https:\/\/expressometro.mx\/index.php\/wp-json\/wp\/v2\/categories?post=9819"},{"taxonomy":"post_tag","embeddable":true,"href":"https:\/\/expressometro.mx\/index.php\/wp-json\/wp\/v2\/tags?post=9819"}],"curies":[{"name":"wp","href":"https:\/\/api.w.org\/{rel}","templated":true}]}}