{"id":9800,"date":"2024-08-22T12:13:31","date_gmt":"2024-08-22T17:13:31","guid":{"rendered":"https:\/\/expressometro.mx\/?p=9800"},"modified":"2024-08-23T12:16:38","modified_gmt":"2024-08-23T17:16:38","slug":"dialogo-abierto-en-jocotitlan","status":"publish","type":"post","link":"https:\/\/expressometro.mx\/index.php\/2024\/08\/22\/dialogo-abierto-en-jocotitlan\/","title":{"rendered":"DI\u00c1LOGO ABIERTO EN JOCOTITLAN"},"content":{"rendered":"\n<p><\/p>\n\n\n\n<p>El Presidente Municipal Jes\u00fas Cedillo Gonz\u00e1lez realiz\u00f3 una visita a la Comunidad de Mavoro, en donde intercambi\u00f3 un di\u00e1logo fraterno con los vecinos de esta zona.<\/p>\n\n\n\n<p>Asimismo en el marco del D\u00eda del Bombero, el Presidente Jes\u00fas Cedillo Gonz\u00e1lez hizo entrega de uniformes a los elementos de la Coordinaci\u00f3n de Protecci\u00f3n Civil y Bomberos de Jocotitl\u00e1n, quienes siempre est\u00e1n al pendiente para salvaguardar la integridad de los Jocotitlenses.<\/p>\n\n\n\n<p>Cedillo Gonz\u00e1lez e integrantes del Cabildo llevaron a cabo la Tercera Sesi\u00f3n del Cabildo Juvenil en donde participaron J\u00f3venes Jocotitlenses con temas actuales de relevancia que ser\u00e1n implementados en acciones que permitan el desarrollo del Municipio.<\/p>\n\n\n\n<figure class=\"wp-block-image size-large\"><img decoding=\"async\" width=\"720\" height=\"480\" src=\"https:\/\/expressometro.mx\/wp-content\/uploads\/2024\/08\/WhatsApp-Image-2024-08-23-at-11.01.46-AM-2-720x480.jpeg\" alt=\"\" class=\"wp-image-9803\" srcset=\"https:\/\/expressometro.mx\/wp-content\/uploads\/2024\/08\/WhatsApp-Image-2024-08-23-at-11.01.46-AM-2-720x480.jpeg 720w, https:\/\/expressometro.mx\/wp-content\/uploads\/2024\/08\/WhatsApp-Image-2024-08-23-at-11.01.46-AM-2-548x365.jpeg 548w, https:\/\/expressometro.mx\/wp-content\/uploads\/2024\/08\/WhatsApp-Image-2024-08-23-at-11.01.46-AM-2-768x512.jpeg 768w, https:\/\/expressometro.mx\/wp-content\/uploads\/2024\/08\/WhatsApp-Image-2024-08-23-at-11.01.46-AM-2.jpeg 960w\" sizes=\"(max-width: 720px) 100vw, 720px\" \/><\/figure>\n\n\n\n<p>El Presidente Municipal Jes\u00fas Cedillo Gonz\u00e1lez est\u00e1 comprometido con la ciudadan\u00eda para entregar los resultados que permitan mejorar la calidad de vida de todas y todos.<\/p>\n\n\n\n<p>El Gobierno que siempre cumple acerca m\u00e1s servicios a tu comunidad, si tienes problemas de huesos o articulaciones como rodillas, manos y cadera real\u00edzate los estudios m\u00e9dicos en la unidad m\u00f3vil, consulta las pr\u00f3ximas fechas.<\/p>\n","protected":false},"excerpt":{"rendered":"<p>El Presidente Municipal Jes\u00fas Cedillo Gonz\u00e1lez realiz\u00f3 una visita a la Comunidad de Mavoro, en donde intercambi\u00f3 un di\u00e1logo fraterno con los vecinos de esta zona. Asimismo en el marco del D\u00eda del Bombero, el Presidente Jes\u00fas Cedillo Gonz\u00e1lez hizo entrega de uniformes a los elementos de la Coordinaci\u00f3n de Protecci\u00f3n Civil y Bomberos de Jocotitl\u00e1n, quienes siempre est\u00e1n al pendiente para salvaguardar la integridad de los Jocotitlenses. Cedillo Gonz\u00e1lez e integrantes del Cabildo llevaron a cabo la Tercera Sesi\u00f3n del Cabildo Juvenil en donde participaron J\u00f3venes Jocotitlenses con temas&hellip;<\/p>\n","protected":false},"author":1,"featured_media":9802,"comment_status":"open","ping_status":"open","sticky":false,"template":"","format":"standard","meta":{"footnotes":""},"categories":[3,1,231],"tags":[1982,86,1790,324],"class_list":["post-9800","post","type-post","status-publish","format-standard","has-post-thumbnail","hentry","category-gobierno","category-otros","category-politica","tag-edomex","tag-gem","tag-jesus-cedillo-gonzalez","tag-jocotitlan"],"yoast_head":"<!-- This site is optimized with the Yoast SEO plugin v27.4 - https:\/\/yoast.com\/product\/yoast-seo-wordpress\/ -->\n<title>DI\u00c1LOGO ABIERTO EN JOCOTITLAN - Expresso Metropolitano<\/title>\n<meta name=\"robots\" content=\"index, follow, max-snippet:-1, max-image-preview:large, max-video-preview:-1\" \/>\n<link rel=\"canonical\" href=\"https:\/\/expressometro.mx\/index.php\/2024\/08\/22\/dialogo-abierto-en-jocotitlan\/\" \/>\n<meta property=\"og:locale\" content=\"es_MX\" \/>\n<meta property=\"og:type\" content=\"article\" \/>\n<meta property=\"og:title\" content=\"DI\u00c1LOGO ABIERTO EN JOCOTITLAN - Expresso Metropolitano\" \/>\n<meta property=\"og:description\" content=\"El Presidente Municipal Jes\u00fas Cedillo Gonz\u00e1lez realiz\u00f3 una visita a la Comunidad de Mavoro, en donde intercambi\u00f3 un di\u00e1logo fraterno con los vecinos de esta zona. Asimismo en el marco del D\u00eda del Bombero, el Presidente Jes\u00fas Cedillo Gonz\u00e1lez hizo entrega de uniformes a los elementos de la Coordinaci\u00f3n de Protecci\u00f3n Civil y Bomberos de Jocotitl\u00e1n, quienes siempre est\u00e1n al pendiente para salvaguardar la integridad de los Jocotitlenses. Cedillo Gonz\u00e1lez e integrantes del Cabildo llevaron a cabo la Tercera Sesi\u00f3n del Cabildo Juvenil en donde participaron J\u00f3venes Jocotitlenses con temas&hellip;\" \/>\n<meta property=\"og:url\" content=\"https:\/\/expressometro.mx\/index.php\/2024\/08\/22\/dialogo-abierto-en-jocotitlan\/\" \/>\n<meta property=\"og:site_name\" content=\"Expresso Metropolitano\" \/>\n<meta property=\"article:published_time\" content=\"2024-08-22T17:13:31+00:00\" \/>\n<meta property=\"article:modified_time\" content=\"2024-08-23T17:16:38+00:00\" \/>\n<meta property=\"og:image\" content=\"http:\/\/expressometro.mx\/wp-content\/uploads\/2024\/08\/WhatsApp-Image-2024-08-23-at-11.01.46-AM-1.jpeg\" \/>\n\t<meta property=\"og:image:width\" content=\"960\" \/>\n\t<meta property=\"og:image:height\" content=\"640\" \/>\n\t<meta property=\"og:image:type\" content=\"image\/jpeg\" \/>\n<meta name=\"author\" content=\"Expresso Metropolitano\" \/>\n<meta name=\"twitter:label1\" content=\"Escrito por\" \/>\n\t<meta name=\"twitter:data1\" content=\"Expresso Metropolitano\" \/>\n\t<meta name=\"twitter:label2\" content=\"Tiempo de lectura\" \/>\n\t<meta name=\"twitter:data2\" content=\"2 minutos\" \/>\n<script type=\"application\/ld+json\" class=\"yoast-schema-graph\">{\"@context\":\"https:\\\/\\\/schema.org\",\"@graph\":[{\"@type\":\"Article\",\"@id\":\"https:\\\/\\\/expressometro.mx\\\/index.php\\\/2024\\\/08\\\/22\\\/dialogo-abierto-en-jocotitlan\\\/#article\",\"isPartOf\":{\"@id\":\"https:\\\/\\\/expressometro.mx\\\/index.php\\\/2024\\\/08\\\/22\\\/dialogo-abierto-en-jocotitlan\\\/\"},\"author\":{\"name\":\"Expresso Metropolitano\",\"@id\":\"https:\\\/\\\/expressometro.mx\\\/#\\\/schema\\\/person\\\/efa971b4a0664db8ed5c22b1b0dd2f5d\"},\"headline\":\"DI\u00c1LOGO ABIERTO EN JOCOTITLAN\",\"datePublished\":\"2024-08-22T17:13:31+00:00\",\"dateModified\":\"2024-08-23T17:16:38+00:00\",\"mainEntityOfPage\":{\"@id\":\"https:\\\/\\\/expressometro.mx\\\/index.php\\\/2024\\\/08\\\/22\\\/dialogo-abierto-en-jocotitlan\\\/\"},\"wordCount\":192,\"commentCount\":0,\"publisher\":{\"@id\":\"https:\\\/\\\/expressometro.mx\\\/#organization\"},\"image\":{\"@id\":\"https:\\\/\\\/expressometro.mx\\\/index.php\\\/2024\\\/08\\\/22\\\/dialogo-abierto-en-jocotitlan\\\/#primaryimage\"},\"thumbnailUrl\":\"https:\\\/\\\/expressometro.mx\\\/wp-content\\\/uploads\\\/2024\\\/08\\\/WhatsApp-Image-2024-08-23-at-11.01.46-AM-1.jpeg\",\"keywords\":[\"Edomex\",\"GEM\",\"Jes\u00fas Cedillo Gonz\u00e1lez\",\"Jocotitl\u00e1n\"],\"articleSection\":[\"Gobierno\",\"Otros\",\"Pol\u00edtica\"],\"inLanguage\":\"es\",\"potentialAction\":[{\"@type\":\"CommentAction\",\"name\":\"Comment\",\"target\":[\"https:\\\/\\\/expressometro.mx\\\/index.php\\\/2024\\\/08\\\/22\\\/dialogo-abierto-en-jocotitlan\\\/#respond\"]}]},{\"@type\":\"WebPage\",\"@id\":\"https:\\\/\\\/expressometro.mx\\\/index.php\\\/2024\\\/08\\\/22\\\/dialogo-abierto-en-jocotitlan\\\/\",\"url\":\"https:\\\/\\\/expressometro.mx\\\/index.php\\\/2024\\\/08\\\/22\\\/dialogo-abierto-en-jocotitlan\\\/\",\"name\":\"DI\u00c1LOGO ABIERTO EN JOCOTITLAN - Expresso Metropolitano\",\"isPartOf\":{\"@id\":\"https:\\\/\\\/expressometro.mx\\\/#website\"},\"primaryImageOfPage\":{\"@id\":\"https:\\\/\\\/expressometro.mx\\\/index.php\\\/2024\\\/08\\\/22\\\/dialogo-abierto-en-jocotitlan\\\/#primaryimage\"},\"image\":{\"@id\":\"https:\\\/\\\/expressometro.mx\\\/index.php\\\/2024\\\/08\\\/22\\\/dialogo-abierto-en-jocotitlan\\\/#primaryimage\"},\"thumbnailUrl\":\"https:\\\/\\\/expressometro.mx\\\/wp-content\\\/uploads\\\/2024\\\/08\\\/WhatsApp-Image-2024-08-23-at-11.01.46-AM-1.jpeg\",\"datePublished\":\"2024-08-22T17:13:31+00:00\",\"dateModified\":\"2024-08-23T17:16:38+00:00\",\"breadcrumb\":{\"@id\":\"https:\\\/\\\/expressometro.mx\\\/index.php\\\/2024\\\/08\\\/22\\\/dialogo-abierto-en-jocotitlan\\\/#breadcrumb\"},\"inLanguage\":\"es\",\"potentialAction\":[{\"@type\":\"ReadAction\",\"target\":[\"https:\\\/\\\/expressometro.mx\\\/index.php\\\/2024\\\/08\\\/22\\\/dialogo-abierto-en-jocotitlan\\\/\"]}]},{\"@type\":\"ImageObject\",\"inLanguage\":\"es\",\"@id\":\"https:\\\/\\\/expressometro.mx\\\/index.php\\\/2024\\\/08\\\/22\\\/dialogo-abierto-en-jocotitlan\\\/#primaryimage\",\"url\":\"https:\\\/\\\/expressometro.mx\\\/wp-content\\\/uploads\\\/2024\\\/08\\\/WhatsApp-Image-2024-08-23-at-11.01.46-AM-1.jpeg\",\"contentUrl\":\"https:\\\/\\\/expressometro.mx\\\/wp-content\\\/uploads\\\/2024\\\/08\\\/WhatsApp-Image-2024-08-23-at-11.01.46-AM-1.jpeg\",\"width\":960,\"height\":640},{\"@type\":\"BreadcrumbList\",\"@id\":\"https:\\\/\\\/expressometro.mx\\\/index.php\\\/2024\\\/08\\\/22\\\/dialogo-abierto-en-jocotitlan\\\/#breadcrumb\",\"itemListElement\":[{\"@type\":\"ListItem\",\"position\":1,\"name\":\"Inicio\",\"item\":\"https:\\\/\\\/expressometro.mx\\\/\"},{\"@type\":\"ListItem\",\"position\":2,\"name\":\"DI\u00c1LOGO ABIERTO EN JOCOTITLAN\"}]},{\"@type\":\"WebSite\",\"@id\":\"https:\\\/\\\/expressometro.mx\\\/#website\",\"url\":\"https:\\\/\\\/expressometro.mx\\\/\",\"name\":\"Expresso Metropolitano\",\"description\":\"Periodismo comprometido, informaci\u00f3n, investigaci\u00f3n y an\u00e1lisis\",\"publisher\":{\"@id\":\"https:\\\/\\\/expressometro.mx\\\/#organization\"},\"potentialAction\":[{\"@type\":\"SearchAction\",\"target\":{\"@type\":\"EntryPoint\",\"urlTemplate\":\"https:\\\/\\\/expressometro.mx\\\/?s={search_term_string}\"},\"query-input\":{\"@type\":\"PropertyValueSpecification\",\"valueRequired\":true,\"valueName\":\"search_term_string\"}}],\"inLanguage\":\"es\"},{\"@type\":\"Organization\",\"@id\":\"https:\\\/\\\/expressometro.mx\\\/#organization\",\"name\":\"Expresso Metropolitano\",\"url\":\"https:\\\/\\\/expressometro.mx\\\/\",\"logo\":{\"@type\":\"ImageObject\",\"inLanguage\":\"es\",\"@id\":\"https:\\\/\\\/expressometro.mx\\\/#\\\/schema\\\/logo\\\/image\\\/\",\"url\":\"https:\\\/\\\/expressometro.mx\\\/wp-content\\\/uploads\\\/2019\\\/07\\\/cropped-Logo-Expresso-Metropolitano-1-1.jpeg\",\"contentUrl\":\"https:\\\/\\\/expressometro.mx\\\/wp-content\\\/uploads\\\/2019\\\/07\\\/cropped-Logo-Expresso-Metropolitano-1-1.jpeg\",\"width\":290,\"height\":73,\"caption\":\"Expresso Metropolitano\"},\"image\":{\"@id\":\"https:\\\/\\\/expressometro.mx\\\/#\\\/schema\\\/logo\\\/image\\\/\"}},{\"@type\":\"Person\",\"@id\":\"https:\\\/\\\/expressometro.mx\\\/#\\\/schema\\\/person\\\/efa971b4a0664db8ed5c22b1b0dd2f5d\",\"name\":\"Expresso Metropolitano\",\"image\":{\"@type\":\"ImageObject\",\"inLanguage\":\"es\",\"@id\":\"https:\\\/\\\/secure.gravatar.com\\\/avatar\\\/a89f802b8de18c6952f223c88d3d106e9e3679839f4e25a02f4a6cc2ae6ba3b3?s=96&d=mm&r=g\",\"url\":\"https:\\\/\\\/secure.gravatar.com\\\/avatar\\\/a89f802b8de18c6952f223c88d3d106e9e3679839f4e25a02f4a6cc2ae6ba3b3?s=96&d=mm&r=g\",\"contentUrl\":\"https:\\\/\\\/secure.gravatar.com\\\/avatar\\\/a89f802b8de18c6952f223c88d3d106e9e3679839f4e25a02f4a6cc2ae6ba3b3?s=96&d=mm&r=g\",\"caption\":\"Expresso Metropolitano\"},\"url\":\"https:\\\/\\\/expressometro.mx\\\/index.php\\\/author\\\/diego\\\/\"}]}<\/script>\n<!-- \/ Yoast SEO plugin. -->","yoast_head_json":{"title":"DI\u00c1LOGO ABIERTO EN JOCOTITLAN - Expresso Metropolitano","robots":{"index":"index","follow":"follow","max-snippet":"max-snippet:-1","max-image-preview":"max-image-preview:large","max-video-preview":"max-video-preview:-1"},"canonical":"https:\/\/expressometro.mx\/index.php\/2024\/08\/22\/dialogo-abierto-en-jocotitlan\/","og_locale":"es_MX","og_type":"article","og_title":"DI\u00c1LOGO ABIERTO EN JOCOTITLAN - Expresso Metropolitano","og_description":"El Presidente Municipal Jes\u00fas Cedillo Gonz\u00e1lez realiz\u00f3 una visita a la Comunidad de Mavoro, en donde intercambi\u00f3 un di\u00e1logo fraterno con los vecinos de esta zona. Asimismo en el marco del D\u00eda del Bombero, el Presidente Jes\u00fas Cedillo Gonz\u00e1lez hizo entrega de uniformes a los elementos de la Coordinaci\u00f3n de Protecci\u00f3n Civil y Bomberos de Jocotitl\u00e1n, quienes siempre est\u00e1n al pendiente para salvaguardar la integridad de los Jocotitlenses. Cedillo Gonz\u00e1lez e integrantes del Cabildo llevaron a cabo la Tercera Sesi\u00f3n del Cabildo Juvenil en donde participaron J\u00f3venes Jocotitlenses con temas&hellip;","og_url":"https:\/\/expressometro.mx\/index.php\/2024\/08\/22\/dialogo-abierto-en-jocotitlan\/","og_site_name":"Expresso Metropolitano","article_published_time":"2024-08-22T17:13:31+00:00","article_modified_time":"2024-08-23T17:16:38+00:00","og_image":[{"width":960,"height":640,"url":"http:\/\/expressometro.mx\/wp-content\/uploads\/2024\/08\/WhatsApp-Image-2024-08-23-at-11.01.46-AM-1.jpeg","type":"image\/jpeg"}],"author":"Expresso Metropolitano","twitter_misc":{"Escrito por":"Expresso Metropolitano","Tiempo de lectura":"2 minutos"},"schema":{"@context":"https:\/\/schema.org","@graph":[{"@type":"Article","@id":"https:\/\/expressometro.mx\/index.php\/2024\/08\/22\/dialogo-abierto-en-jocotitlan\/#article","isPartOf":{"@id":"https:\/\/expressometro.mx\/index.php\/2024\/08\/22\/dialogo-abierto-en-jocotitlan\/"},"author":{"name":"Expresso Metropolitano","@id":"https:\/\/expressometro.mx\/#\/schema\/person\/efa971b4a0664db8ed5c22b1b0dd2f5d"},"headline":"DI\u00c1LOGO ABIERTO EN JOCOTITLAN","datePublished":"2024-08-22T17:13:31+00:00","dateModified":"2024-08-23T17:16:38+00:00","mainEntityOfPage":{"@id":"https:\/\/expressometro.mx\/index.php\/2024\/08\/22\/dialogo-abierto-en-jocotitlan\/"},"wordCount":192,"commentCount":0,"publisher":{"@id":"https:\/\/expressometro.mx\/#organization"},"image":{"@id":"https:\/\/expressometro.mx\/index.php\/2024\/08\/22\/dialogo-abierto-en-jocotitlan\/#primaryimage"},"thumbnailUrl":"https:\/\/expressometro.mx\/wp-content\/uploads\/2024\/08\/WhatsApp-Image-2024-08-23-at-11.01.46-AM-1.jpeg","keywords":["Edomex","GEM","Jes\u00fas Cedillo Gonz\u00e1lez","Jocotitl\u00e1n"],"articleSection":["Gobierno","Otros","Pol\u00edtica"],"inLanguage":"es","potentialAction":[{"@type":"CommentAction","name":"Comment","target":["https:\/\/expressometro.mx\/index.php\/2024\/08\/22\/dialogo-abierto-en-jocotitlan\/#respond"]}]},{"@type":"WebPage","@id":"https:\/\/expressometro.mx\/index.php\/2024\/08\/22\/dialogo-abierto-en-jocotitlan\/","url":"https:\/\/expressometro.mx\/index.php\/2024\/08\/22\/dialogo-abierto-en-jocotitlan\/","name":"DI\u00c1LOGO ABIERTO EN JOCOTITLAN - Expresso Metropolitano","isPartOf":{"@id":"https:\/\/expressometro.mx\/#website"},"primaryImageOfPage":{"@id":"https:\/\/expressometro.mx\/index.php\/2024\/08\/22\/dialogo-abierto-en-jocotitlan\/#primaryimage"},"image":{"@id":"https:\/\/expressometro.mx\/index.php\/2024\/08\/22\/dialogo-abierto-en-jocotitlan\/#primaryimage"},"thumbnailUrl":"https:\/\/expressometro.mx\/wp-content\/uploads\/2024\/08\/WhatsApp-Image-2024-08-23-at-11.01.46-AM-1.jpeg","datePublished":"2024-08-22T17:13:31+00:00","dateModified":"2024-08-23T17:16:38+00:00","breadcrumb":{"@id":"https:\/\/expressometro.mx\/index.php\/2024\/08\/22\/dialogo-abierto-en-jocotitlan\/#breadcrumb"},"inLanguage":"es","potentialAction":[{"@type":"ReadAction","target":["https:\/\/expressometro.mx\/index.php\/2024\/08\/22\/dialogo-abierto-en-jocotitlan\/"]}]},{"@type":"ImageObject","inLanguage":"es","@id":"https:\/\/expressometro.mx\/index.php\/2024\/08\/22\/dialogo-abierto-en-jocotitlan\/#primaryimage","url":"https:\/\/expressometro.mx\/wp-content\/uploads\/2024\/08\/WhatsApp-Image-2024-08-23-at-11.01.46-AM-1.jpeg","contentUrl":"https:\/\/expressometro.mx\/wp-content\/uploads\/2024\/08\/WhatsApp-Image-2024-08-23-at-11.01.46-AM-1.jpeg","width":960,"height":640},{"@type":"BreadcrumbList","@id":"https:\/\/expressometro.mx\/index.php\/2024\/08\/22\/dialogo-abierto-en-jocotitlan\/#breadcrumb","itemListElement":[{"@type":"ListItem","position":1,"name":"Inicio","item":"https:\/\/expressometro.mx\/"},{"@type":"ListItem","position":2,"name":"DI\u00c1LOGO ABIERTO EN JOCOTITLAN"}]},{"@type":"WebSite","@id":"https:\/\/expressometro.mx\/#website","url":"https:\/\/expressometro.mx\/","name":"Expresso Metropolitano","description":"Periodismo comprometido, informaci\u00f3n, investigaci\u00f3n y an\u00e1lisis","publisher":{"@id":"https:\/\/expressometro.mx\/#organization"},"potentialAction":[{"@type":"SearchAction","target":{"@type":"EntryPoint","urlTemplate":"https:\/\/expressometro.mx\/?s={search_term_string}"},"query-input":{"@type":"PropertyValueSpecification","valueRequired":true,"valueName":"search_term_string"}}],"inLanguage":"es"},{"@type":"Organization","@id":"https:\/\/expressometro.mx\/#organization","name":"Expresso Metropolitano","url":"https:\/\/expressometro.mx\/","logo":{"@type":"ImageObject","inLanguage":"es","@id":"https:\/\/expressometro.mx\/#\/schema\/logo\/image\/","url":"https:\/\/expressometro.mx\/wp-content\/uploads\/2019\/07\/cropped-Logo-Expresso-Metropolitano-1-1.jpeg","contentUrl":"https:\/\/expressometro.mx\/wp-content\/uploads\/2019\/07\/cropped-Logo-Expresso-Metropolitano-1-1.jpeg","width":290,"height":73,"caption":"Expresso Metropolitano"},"image":{"@id":"https:\/\/expressometro.mx\/#\/schema\/logo\/image\/"}},{"@type":"Person","@id":"https:\/\/expressometro.mx\/#\/schema\/person\/efa971b4a0664db8ed5c22b1b0dd2f5d","name":"Expresso Metropolitano","image":{"@type":"ImageObject","inLanguage":"es","@id":"https:\/\/secure.gravatar.com\/avatar\/a89f802b8de18c6952f223c88d3d106e9e3679839f4e25a02f4a6cc2ae6ba3b3?s=96&d=mm&r=g","url":"https:\/\/secure.gravatar.com\/avatar\/a89f802b8de18c6952f223c88d3d106e9e3679839f4e25a02f4a6cc2ae6ba3b3?s=96&d=mm&r=g","contentUrl":"https:\/\/secure.gravatar.com\/avatar\/a89f802b8de18c6952f223c88d3d106e9e3679839f4e25a02f4a6cc2ae6ba3b3?s=96&d=mm&r=g","caption":"Expresso Metropolitano"},"url":"https:\/\/expressometro.mx\/index.php\/author\/diego\/"}]}},"amp_enabled":true,"_links":{"self":[{"href":"https:\/\/expressometro.mx\/index.php\/wp-json\/wp\/v2\/posts\/9800","targetHints":{"allow":["GET"]}}],"collection":[{"href":"https:\/\/expressometro.mx\/index.php\/wp-json\/wp\/v2\/posts"}],"about":[{"href":"https:\/\/expressometro.mx\/index.php\/wp-json\/wp\/v2\/types\/post"}],"author":[{"embeddable":true,"href":"https:\/\/expressometro.mx\/index.php\/wp-json\/wp\/v2\/users\/1"}],"replies":[{"embeddable":true,"href":"https:\/\/expressometro.mx\/index.php\/wp-json\/wp\/v2\/comments?post=9800"}],"version-history":[{"count":1,"href":"https:\/\/expressometro.mx\/index.php\/wp-json\/wp\/v2\/posts\/9800\/revisions"}],"predecessor-version":[{"id":9804,"href":"https:\/\/expressometro.mx\/index.php\/wp-json\/wp\/v2\/posts\/9800\/revisions\/9804"}],"wp:featuredmedia":[{"embeddable":true,"href":"https:\/\/expressometro.mx\/index.php\/wp-json\/wp\/v2\/media\/9802"}],"wp:attachment":[{"href":"https:\/\/expressometro.mx\/index.php\/wp-json\/wp\/v2\/media?parent=9800"}],"wp:term":[{"taxonomy":"category","embeddable":true,"href":"https:\/\/expressometro.mx\/index.php\/wp-json\/wp\/v2\/categories?post=9800"},{"taxonomy":"post_tag","embeddable":true,"href":"https:\/\/expressometro.mx\/index.php\/wp-json\/wp\/v2\/tags?post=9800"}],"curies":[{"name":"wp","href":"https:\/\/api.w.org\/{rel}","templated":true}]}}