{"id":9744,"date":"2024-07-17T08:22:28","date_gmt":"2024-07-17T13:22:28","guid":{"rendered":"https:\/\/expressometro.mx\/?p=9744"},"modified":"2024-08-07T08:27:43","modified_gmt":"2024-08-07T13:27:43","slug":"facultad-de-humanidades-nodo-de-investigacion-en-favor-de-los-objetivos-de-desarrollo-sostenible","status":"publish","type":"post","link":"https:\/\/expressometro.mx\/index.php\/2024\/07\/17\/facultad-de-humanidades-nodo-de-investigacion-en-favor-de-los-objetivos-de-desarrollo-sostenible\/","title":{"rendered":"FACULTAD DE HUMANIDADES, NODO DE INVESTIGACI\u00d3N EN FAVOR DE LOS OBJETIVOS DE DESARROLLO SOSTENIBLE"},"content":{"rendered":"\n<p><\/p>\n\n\n\n<p>* Destaca la realizaci\u00f3n de 75 productos acad\u00e9micos y de investigaci\u00f3n, entre art\u00edculos cient\u00edficos en revistas, incluidas en \u00edndices internacionales de prestigio.\u00a0<\/p>\n\n\n\n<p>La Facultad de Humanidades de la Universidad Aut\u00f3noma del Estado de M\u00e9xico (UAEM\u00e9x)&nbsp; es un nodo de docencia, investigaci\u00f3n y difusi\u00f3n de conocimiento human\u00edstico, que se caracteriza por su amplia producci\u00f3n cient\u00edfica asociados a las tem\u00e1ticas de educaci\u00f3n de calidad y igualdad de g\u00e9nero, que forman parte de los Objetivos de Desarrollo Sostenible (ODS), destac\u00f3 el rector, Carlos Eduardo Barrera D\u00edaz, al encabezar el segundo informe de actividades de la directora de este organismo acad\u00e9mico, Beatriz Adriana Gonz\u00e1lez Dur\u00e1n.&nbsp;<\/p>\n\n\n\n<p>Ante los miembros de los consejos acad\u00e9mico y de gobierno de la Facultad, integrantes del gabinete universitario, ex directores, invitados especiales, as\u00ed como estudiantes, docentes y trabajadores administrativos, Barrera D\u00edaz enfatiz\u00f3 que el 50 por ciento de sus cuerpos acad\u00e9micos se encuentran en el m\u00e1ximo nivel al estar consolidados. Adem\u00e1s, se realizaron 75 productos acad\u00e9micos y de investigaci\u00f3n entre tesis de licenciatura, posgrado, art\u00edculos cient\u00edficos en revistas incluidas en \u00edndices internacionales de prestigio.<\/p>\n\n\n\n<p>\u201cReconozco el trabajo de publicaci\u00f3n del estudiantado al registrar m\u00e1s de 10 trabajos en la Revista Digital Tlamatini. De igual forma, felicit\u00f3 tambi\u00e9n a las y los estudiantes que participan en la brigada multidisciplinaria de promoci\u00f3n de la lectura y las brigadas universitarias multidisciplinarias\u201d, abund\u00f3.<\/p>\n\n\n\n<p>Asimismo, destac\u00f3 que la comunidad estudiantil tambi\u00e9n aprende innovando cuando ponen en escena obras de autores renacentistas, modernos y contempor\u00e1neos en montajes que representan a nuestra universidad en los encuentros de talento art\u00edstico estudiantil, entre otros foros extramuros.<\/p>\n\n\n\n<p>Previo al informe, el rector de la Aut\u00f3noma mexiquense hizo entrega de 150 pupitres para el estudiantado, 20 computadoras y 15 sillas para el personal administrativo y 15 computadoras m\u00e1s para mejorar las actividades del laboratorio digital de idiomas. Adem\u00e1s, se inaugur\u00f3 la Sala de Lectura del Programa Nacional de Salas de Lectura en conjunto con el Gobierno del Estado de M\u00e9xico.<\/p>\n\n\n\n<p>Asimismo, se entregaron 13 reconocimientos al personal docente fundador del posgrado en Humanidades por su compromiso educativo con la comunidad universitaria de este espacio.&nbsp;<\/p>\n\n\n\n<p>Por su parte, Beatriz Adriana Gonz\u00e1lez Dur\u00e1n destac\u00f3 que el trabajo de investigaci\u00f3n de este espacio acad\u00e9mico incide en la realidad inmediata, prueba de ello es el trabajo colegiado de las y los investigadores, en los 12 cuerpos acad\u00e9micos y las siete redes de colaboraci\u00f3n nacional y dos internacionales.<\/p>\n\n\n\n<p>Adem\u00e1s, el trabajo del Comit\u00e9 de G\u00e9nero promovi\u00f3 charlas y capacitaciones que contaron con m\u00e1s de cien integrantes de este espacio para ense\u00f1arles sobre las implicaciones de la violencia, la riqueza de la diversidad sexo-gen\u00e9rica, inclusi\u00f3n e interculturalidad.&nbsp;<\/p>\n\n\n\n<p>Al acto, acudieron la secretaria de Planeaci\u00f3n y Desarrollo Institucional, Mar\u00eda Esther Aurora Lara Vega; la secretaria de Administraci\u00f3n, Er\u00e9ndira Fierro Moreno; la directora general de Comunicaci\u00f3n Universitaria, Ginarely Valencia Alc\u00e1ntara; la Coordinadora Institucional de Equidad de G\u00e9nero, Alejandra Carmona Casta\u00f1eda; la Subdirectora de Atenci\u00f3n a la Discriminaci\u00f3n de la Comisi\u00f3n de Derechos Humanos del Estado de M\u00e9xico (CODHEM), Bel\u00e9n Benhumea Bahena; el jefe de Salas de Lectura del Estado de M\u00e9xico, \u00c9rik Dan Mart\u00ednez Rodr\u00edguez; ex directores de este espacio e invitados especiales.<\/p>\n","protected":false},"excerpt":{"rendered":"<p>La Facultad de Humanidades de la Universidad Aut\u00f3noma del Estado de M\u00e9xico (UAEM\u00e9x)\u00a0 es un nodo de docencia, investigaci\u00f3n y difusi\u00f3n de conocimiento human\u00edstico, que se caracteriza por su amplia producci\u00f3n cient\u00edfica asociados a las tem\u00e1ticas de educaci\u00f3n de calidad y igualdad de g\u00e9nero.<\/p>\n","protected":false},"author":1,"featured_media":9746,"comment_status":"open","ping_status":"open","sticky":false,"template":"","format":"standard","meta":{"footnotes":""},"categories":[108,3,1],"tags":[313,1982,86,82],"class_list":["post-9744","post","type-post","status-publish","format-standard","has-post-thumbnail","hentry","category-educacion","category-gobierno","category-otros","tag-carlos-eduardo-barrera-diaz","tag-edomex","tag-gem","tag-uaemex"],"yoast_head":"<!-- This site is optimized with the Yoast SEO plugin v27.4 - https:\/\/yoast.com\/product\/yoast-seo-wordpress\/ -->\n<title>FACULTAD DE HUMANIDADES, NODO DE INVESTIGACI\u00d3N EN FAVOR DE LOS OBJETIVOS DE DESARROLLO SOSTENIBLE - Expresso Metropolitano<\/title>\n<meta name=\"robots\" content=\"index, follow, max-snippet:-1, max-image-preview:large, max-video-preview:-1\" \/>\n<link rel=\"canonical\" href=\"https:\/\/expressometro.mx\/index.php\/2024\/07\/17\/facultad-de-humanidades-nodo-de-investigacion-en-favor-de-los-objetivos-de-desarrollo-sostenible\/\" \/>\n<meta property=\"og:locale\" content=\"es_MX\" \/>\n<meta property=\"og:type\" content=\"article\" \/>\n<meta property=\"og:title\" content=\"FACULTAD DE HUMANIDADES, NODO DE INVESTIGACI\u00d3N EN FAVOR DE LOS OBJETIVOS DE DESARROLLO SOSTENIBLE - Expresso Metropolitano\" \/>\n<meta property=\"og:description\" content=\"La Facultad de Humanidades de la Universidad Aut\u00f3noma del Estado de M\u00e9xico (UAEM\u00e9x)\u00a0 es un nodo de docencia, investigaci\u00f3n y difusi\u00f3n de conocimiento human\u00edstico, que se caracteriza por su amplia producci\u00f3n cient\u00edfica asociados a las tem\u00e1ticas de educaci\u00f3n de calidad y igualdad de g\u00e9nero.\" \/>\n<meta property=\"og:url\" content=\"https:\/\/expressometro.mx\/index.php\/2024\/07\/17\/facultad-de-humanidades-nodo-de-investigacion-en-favor-de-los-objetivos-de-desarrollo-sostenible\/\" \/>\n<meta property=\"og:site_name\" content=\"Expresso Metropolitano\" \/>\n<meta property=\"article:published_time\" content=\"2024-07-17T13:22:28+00:00\" \/>\n<meta property=\"article:modified_time\" content=\"2024-08-07T13:27:43+00:00\" \/>\n<meta property=\"og:image\" content=\"http:\/\/expressometro.mx\/wp-content\/uploads\/2024\/08\/WhatsApp-Image-2024-08-07-at-7.25.56-AM.jpeg\" \/>\n\t<meta property=\"og:image:width\" content=\"1024\" \/>\n\t<meta property=\"og:image:height\" content=\"682\" \/>\n\t<meta property=\"og:image:type\" content=\"image\/jpeg\" \/>\n<meta name=\"author\" content=\"Expresso Metropolitano\" \/>\n<meta name=\"twitter:label1\" content=\"Escrito por\" \/>\n\t<meta name=\"twitter:data1\" content=\"Expresso Metropolitano\" \/>\n\t<meta name=\"twitter:label2\" content=\"Tiempo de lectura\" \/>\n\t<meta name=\"twitter:data2\" content=\"3 minutos\" \/>\n<script type=\"application\/ld+json\" class=\"yoast-schema-graph\">{\"@context\":\"https:\\\/\\\/schema.org\",\"@graph\":[{\"@type\":\"Article\",\"@id\":\"https:\\\/\\\/expressometro.mx\\\/index.php\\\/2024\\\/07\\\/17\\\/facultad-de-humanidades-nodo-de-investigacion-en-favor-de-los-objetivos-de-desarrollo-sostenible\\\/#article\",\"isPartOf\":{\"@id\":\"https:\\\/\\\/expressometro.mx\\\/index.php\\\/2024\\\/07\\\/17\\\/facultad-de-humanidades-nodo-de-investigacion-en-favor-de-los-objetivos-de-desarrollo-sostenible\\\/\"},\"author\":{\"name\":\"Expresso Metropolitano\",\"@id\":\"https:\\\/\\\/expressometro.mx\\\/#\\\/schema\\\/person\\\/efa971b4a0664db8ed5c22b1b0dd2f5d\"},\"headline\":\"FACULTAD DE HUMANIDADES, NODO DE INVESTIGACI\u00d3N EN FAVOR DE LOS OBJETIVOS DE DESARROLLO SOSTENIBLE\",\"datePublished\":\"2024-07-17T13:22:28+00:00\",\"dateModified\":\"2024-08-07T13:27:43+00:00\",\"mainEntityOfPage\":{\"@id\":\"https:\\\/\\\/expressometro.mx\\\/index.php\\\/2024\\\/07\\\/17\\\/facultad-de-humanidades-nodo-de-investigacion-en-favor-de-los-objetivos-de-desarrollo-sostenible\\\/\"},\"wordCount\":590,\"commentCount\":0,\"publisher\":{\"@id\":\"https:\\\/\\\/expressometro.mx\\\/#organization\"},\"image\":{\"@id\":\"https:\\\/\\\/expressometro.mx\\\/index.php\\\/2024\\\/07\\\/17\\\/facultad-de-humanidades-nodo-de-investigacion-en-favor-de-los-objetivos-de-desarrollo-sostenible\\\/#primaryimage\"},\"thumbnailUrl\":\"https:\\\/\\\/expressometro.mx\\\/wp-content\\\/uploads\\\/2024\\\/08\\\/WhatsApp-Image-2024-08-07-at-7.25.56-AM.jpeg\",\"keywords\":[\"Carlos Eduardo Barrera D\u00edaz\",\"Edomex\",\"GEM\",\"UAEMex\"],\"articleSection\":[\"Educaci\u00f3n\",\"Gobierno\",\"Otros\"],\"inLanguage\":\"es\",\"potentialAction\":[{\"@type\":\"CommentAction\",\"name\":\"Comment\",\"target\":[\"https:\\\/\\\/expressometro.mx\\\/index.php\\\/2024\\\/07\\\/17\\\/facultad-de-humanidades-nodo-de-investigacion-en-favor-de-los-objetivos-de-desarrollo-sostenible\\\/#respond\"]}]},{\"@type\":\"WebPage\",\"@id\":\"https:\\\/\\\/expressometro.mx\\\/index.php\\\/2024\\\/07\\\/17\\\/facultad-de-humanidades-nodo-de-investigacion-en-favor-de-los-objetivos-de-desarrollo-sostenible\\\/\",\"url\":\"https:\\\/\\\/expressometro.mx\\\/index.php\\\/2024\\\/07\\\/17\\\/facultad-de-humanidades-nodo-de-investigacion-en-favor-de-los-objetivos-de-desarrollo-sostenible\\\/\",\"name\":\"FACULTAD DE HUMANIDADES, NODO DE INVESTIGACI\u00d3N EN FAVOR DE LOS OBJETIVOS DE DESARROLLO SOSTENIBLE - Expresso Metropolitano\",\"isPartOf\":{\"@id\":\"https:\\\/\\\/expressometro.mx\\\/#website\"},\"primaryImageOfPage\":{\"@id\":\"https:\\\/\\\/expressometro.mx\\\/index.php\\\/2024\\\/07\\\/17\\\/facultad-de-humanidades-nodo-de-investigacion-en-favor-de-los-objetivos-de-desarrollo-sostenible\\\/#primaryimage\"},\"image\":{\"@id\":\"https:\\\/\\\/expressometro.mx\\\/index.php\\\/2024\\\/07\\\/17\\\/facultad-de-humanidades-nodo-de-investigacion-en-favor-de-los-objetivos-de-desarrollo-sostenible\\\/#primaryimage\"},\"thumbnailUrl\":\"https:\\\/\\\/expressometro.mx\\\/wp-content\\\/uploads\\\/2024\\\/08\\\/WhatsApp-Image-2024-08-07-at-7.25.56-AM.jpeg\",\"datePublished\":\"2024-07-17T13:22:28+00:00\",\"dateModified\":\"2024-08-07T13:27:43+00:00\",\"breadcrumb\":{\"@id\":\"https:\\\/\\\/expressometro.mx\\\/index.php\\\/2024\\\/07\\\/17\\\/facultad-de-humanidades-nodo-de-investigacion-en-favor-de-los-objetivos-de-desarrollo-sostenible\\\/#breadcrumb\"},\"inLanguage\":\"es\",\"potentialAction\":[{\"@type\":\"ReadAction\",\"target\":[\"https:\\\/\\\/expressometro.mx\\\/index.php\\\/2024\\\/07\\\/17\\\/facultad-de-humanidades-nodo-de-investigacion-en-favor-de-los-objetivos-de-desarrollo-sostenible\\\/\"]}]},{\"@type\":\"ImageObject\",\"inLanguage\":\"es\",\"@id\":\"https:\\\/\\\/expressometro.mx\\\/index.php\\\/2024\\\/07\\\/17\\\/facultad-de-humanidades-nodo-de-investigacion-en-favor-de-los-objetivos-de-desarrollo-sostenible\\\/#primaryimage\",\"url\":\"https:\\\/\\\/expressometro.mx\\\/wp-content\\\/uploads\\\/2024\\\/08\\\/WhatsApp-Image-2024-08-07-at-7.25.56-AM.jpeg\",\"contentUrl\":\"https:\\\/\\\/expressometro.mx\\\/wp-content\\\/uploads\\\/2024\\\/08\\\/WhatsApp-Image-2024-08-07-at-7.25.56-AM.jpeg\",\"width\":1024,\"height\":682},{\"@type\":\"BreadcrumbList\",\"@id\":\"https:\\\/\\\/expressometro.mx\\\/index.php\\\/2024\\\/07\\\/17\\\/facultad-de-humanidades-nodo-de-investigacion-en-favor-de-los-objetivos-de-desarrollo-sostenible\\\/#breadcrumb\",\"itemListElement\":[{\"@type\":\"ListItem\",\"position\":1,\"name\":\"Inicio\",\"item\":\"https:\\\/\\\/expressometro.mx\\\/\"},{\"@type\":\"ListItem\",\"position\":2,\"name\":\"FACULTAD DE HUMANIDADES, NODO DE INVESTIGACI\u00d3N EN FAVOR DE LOS OBJETIVOS DE DESARROLLO SOSTENIBLE\"}]},{\"@type\":\"WebSite\",\"@id\":\"https:\\\/\\\/expressometro.mx\\\/#website\",\"url\":\"https:\\\/\\\/expressometro.mx\\\/\",\"name\":\"Expresso Metropolitano\",\"description\":\"Periodismo comprometido, informaci\u00f3n, investigaci\u00f3n y an\u00e1lisis\",\"publisher\":{\"@id\":\"https:\\\/\\\/expressometro.mx\\\/#organization\"},\"potentialAction\":[{\"@type\":\"SearchAction\",\"target\":{\"@type\":\"EntryPoint\",\"urlTemplate\":\"https:\\\/\\\/expressometro.mx\\\/?s={search_term_string}\"},\"query-input\":{\"@type\":\"PropertyValueSpecification\",\"valueRequired\":true,\"valueName\":\"search_term_string\"}}],\"inLanguage\":\"es\"},{\"@type\":\"Organization\",\"@id\":\"https:\\\/\\\/expressometro.mx\\\/#organization\",\"name\":\"Expresso Metropolitano\",\"url\":\"https:\\\/\\\/expressometro.mx\\\/\",\"logo\":{\"@type\":\"ImageObject\",\"inLanguage\":\"es\",\"@id\":\"https:\\\/\\\/expressometro.mx\\\/#\\\/schema\\\/logo\\\/image\\\/\",\"url\":\"https:\\\/\\\/expressometro.mx\\\/wp-content\\\/uploads\\\/2019\\\/07\\\/cropped-Logo-Expresso-Metropolitano-1-1.jpeg\",\"contentUrl\":\"https:\\\/\\\/expressometro.mx\\\/wp-content\\\/uploads\\\/2019\\\/07\\\/cropped-Logo-Expresso-Metropolitano-1-1.jpeg\",\"width\":290,\"height\":73,\"caption\":\"Expresso Metropolitano\"},\"image\":{\"@id\":\"https:\\\/\\\/expressometro.mx\\\/#\\\/schema\\\/logo\\\/image\\\/\"}},{\"@type\":\"Person\",\"@id\":\"https:\\\/\\\/expressometro.mx\\\/#\\\/schema\\\/person\\\/efa971b4a0664db8ed5c22b1b0dd2f5d\",\"name\":\"Expresso Metropolitano\",\"image\":{\"@type\":\"ImageObject\",\"inLanguage\":\"es\",\"@id\":\"https:\\\/\\\/secure.gravatar.com\\\/avatar\\\/a89f802b8de18c6952f223c88d3d106e9e3679839f4e25a02f4a6cc2ae6ba3b3?s=96&d=mm&r=g\",\"url\":\"https:\\\/\\\/secure.gravatar.com\\\/avatar\\\/a89f802b8de18c6952f223c88d3d106e9e3679839f4e25a02f4a6cc2ae6ba3b3?s=96&d=mm&r=g\",\"contentUrl\":\"https:\\\/\\\/secure.gravatar.com\\\/avatar\\\/a89f802b8de18c6952f223c88d3d106e9e3679839f4e25a02f4a6cc2ae6ba3b3?s=96&d=mm&r=g\",\"caption\":\"Expresso Metropolitano\"},\"url\":\"https:\\\/\\\/expressometro.mx\\\/index.php\\\/author\\\/diego\\\/\"}]}<\/script>\n<!-- \/ Yoast SEO plugin. -->","yoast_head_json":{"title":"FACULTAD DE HUMANIDADES, NODO DE INVESTIGACI\u00d3N EN FAVOR DE LOS OBJETIVOS DE DESARROLLO SOSTENIBLE - Expresso Metropolitano","robots":{"index":"index","follow":"follow","max-snippet":"max-snippet:-1","max-image-preview":"max-image-preview:large","max-video-preview":"max-video-preview:-1"},"canonical":"https:\/\/expressometro.mx\/index.php\/2024\/07\/17\/facultad-de-humanidades-nodo-de-investigacion-en-favor-de-los-objetivos-de-desarrollo-sostenible\/","og_locale":"es_MX","og_type":"article","og_title":"FACULTAD DE HUMANIDADES, NODO DE INVESTIGACI\u00d3N EN FAVOR DE LOS OBJETIVOS DE DESARROLLO SOSTENIBLE - Expresso Metropolitano","og_description":"La Facultad de Humanidades de la Universidad Aut\u00f3noma del Estado de M\u00e9xico (UAEM\u00e9x)\u00a0 es un nodo de docencia, investigaci\u00f3n y difusi\u00f3n de conocimiento human\u00edstico, que se caracteriza por su amplia producci\u00f3n cient\u00edfica asociados a las tem\u00e1ticas de educaci\u00f3n de calidad y igualdad de g\u00e9nero.","og_url":"https:\/\/expressometro.mx\/index.php\/2024\/07\/17\/facultad-de-humanidades-nodo-de-investigacion-en-favor-de-los-objetivos-de-desarrollo-sostenible\/","og_site_name":"Expresso Metropolitano","article_published_time":"2024-07-17T13:22:28+00:00","article_modified_time":"2024-08-07T13:27:43+00:00","og_image":[{"width":1024,"height":682,"url":"http:\/\/expressometro.mx\/wp-content\/uploads\/2024\/08\/WhatsApp-Image-2024-08-07-at-7.25.56-AM.jpeg","type":"image\/jpeg"}],"author":"Expresso Metropolitano","twitter_misc":{"Escrito por":"Expresso Metropolitano","Tiempo de lectura":"3 minutos"},"schema":{"@context":"https:\/\/schema.org","@graph":[{"@type":"Article","@id":"https:\/\/expressometro.mx\/index.php\/2024\/07\/17\/facultad-de-humanidades-nodo-de-investigacion-en-favor-de-los-objetivos-de-desarrollo-sostenible\/#article","isPartOf":{"@id":"https:\/\/expressometro.mx\/index.php\/2024\/07\/17\/facultad-de-humanidades-nodo-de-investigacion-en-favor-de-los-objetivos-de-desarrollo-sostenible\/"},"author":{"name":"Expresso Metropolitano","@id":"https:\/\/expressometro.mx\/#\/schema\/person\/efa971b4a0664db8ed5c22b1b0dd2f5d"},"headline":"FACULTAD DE HUMANIDADES, NODO DE INVESTIGACI\u00d3N EN FAVOR DE LOS OBJETIVOS DE DESARROLLO SOSTENIBLE","datePublished":"2024-07-17T13:22:28+00:00","dateModified":"2024-08-07T13:27:43+00:00","mainEntityOfPage":{"@id":"https:\/\/expressometro.mx\/index.php\/2024\/07\/17\/facultad-de-humanidades-nodo-de-investigacion-en-favor-de-los-objetivos-de-desarrollo-sostenible\/"},"wordCount":590,"commentCount":0,"publisher":{"@id":"https:\/\/expressometro.mx\/#organization"},"image":{"@id":"https:\/\/expressometro.mx\/index.php\/2024\/07\/17\/facultad-de-humanidades-nodo-de-investigacion-en-favor-de-los-objetivos-de-desarrollo-sostenible\/#primaryimage"},"thumbnailUrl":"https:\/\/expressometro.mx\/wp-content\/uploads\/2024\/08\/WhatsApp-Image-2024-08-07-at-7.25.56-AM.jpeg","keywords":["Carlos Eduardo Barrera D\u00edaz","Edomex","GEM","UAEMex"],"articleSection":["Educaci\u00f3n","Gobierno","Otros"],"inLanguage":"es","potentialAction":[{"@type":"CommentAction","name":"Comment","target":["https:\/\/expressometro.mx\/index.php\/2024\/07\/17\/facultad-de-humanidades-nodo-de-investigacion-en-favor-de-los-objetivos-de-desarrollo-sostenible\/#respond"]}]},{"@type":"WebPage","@id":"https:\/\/expressometro.mx\/index.php\/2024\/07\/17\/facultad-de-humanidades-nodo-de-investigacion-en-favor-de-los-objetivos-de-desarrollo-sostenible\/","url":"https:\/\/expressometro.mx\/index.php\/2024\/07\/17\/facultad-de-humanidades-nodo-de-investigacion-en-favor-de-los-objetivos-de-desarrollo-sostenible\/","name":"FACULTAD DE HUMANIDADES, NODO DE INVESTIGACI\u00d3N EN FAVOR DE LOS OBJETIVOS DE DESARROLLO SOSTENIBLE - Expresso Metropolitano","isPartOf":{"@id":"https:\/\/expressometro.mx\/#website"},"primaryImageOfPage":{"@id":"https:\/\/expressometro.mx\/index.php\/2024\/07\/17\/facultad-de-humanidades-nodo-de-investigacion-en-favor-de-los-objetivos-de-desarrollo-sostenible\/#primaryimage"},"image":{"@id":"https:\/\/expressometro.mx\/index.php\/2024\/07\/17\/facultad-de-humanidades-nodo-de-investigacion-en-favor-de-los-objetivos-de-desarrollo-sostenible\/#primaryimage"},"thumbnailUrl":"https:\/\/expressometro.mx\/wp-content\/uploads\/2024\/08\/WhatsApp-Image-2024-08-07-at-7.25.56-AM.jpeg","datePublished":"2024-07-17T13:22:28+00:00","dateModified":"2024-08-07T13:27:43+00:00","breadcrumb":{"@id":"https:\/\/expressometro.mx\/index.php\/2024\/07\/17\/facultad-de-humanidades-nodo-de-investigacion-en-favor-de-los-objetivos-de-desarrollo-sostenible\/#breadcrumb"},"inLanguage":"es","potentialAction":[{"@type":"ReadAction","target":["https:\/\/expressometro.mx\/index.php\/2024\/07\/17\/facultad-de-humanidades-nodo-de-investigacion-en-favor-de-los-objetivos-de-desarrollo-sostenible\/"]}]},{"@type":"ImageObject","inLanguage":"es","@id":"https:\/\/expressometro.mx\/index.php\/2024\/07\/17\/facultad-de-humanidades-nodo-de-investigacion-en-favor-de-los-objetivos-de-desarrollo-sostenible\/#primaryimage","url":"https:\/\/expressometro.mx\/wp-content\/uploads\/2024\/08\/WhatsApp-Image-2024-08-07-at-7.25.56-AM.jpeg","contentUrl":"https:\/\/expressometro.mx\/wp-content\/uploads\/2024\/08\/WhatsApp-Image-2024-08-07-at-7.25.56-AM.jpeg","width":1024,"height":682},{"@type":"BreadcrumbList","@id":"https:\/\/expressometro.mx\/index.php\/2024\/07\/17\/facultad-de-humanidades-nodo-de-investigacion-en-favor-de-los-objetivos-de-desarrollo-sostenible\/#breadcrumb","itemListElement":[{"@type":"ListItem","position":1,"name":"Inicio","item":"https:\/\/expressometro.mx\/"},{"@type":"ListItem","position":2,"name":"FACULTAD DE HUMANIDADES, NODO DE INVESTIGACI\u00d3N EN FAVOR DE LOS OBJETIVOS DE DESARROLLO SOSTENIBLE"}]},{"@type":"WebSite","@id":"https:\/\/expressometro.mx\/#website","url":"https:\/\/expressometro.mx\/","name":"Expresso Metropolitano","description":"Periodismo comprometido, informaci\u00f3n, investigaci\u00f3n y an\u00e1lisis","publisher":{"@id":"https:\/\/expressometro.mx\/#organization"},"potentialAction":[{"@type":"SearchAction","target":{"@type":"EntryPoint","urlTemplate":"https:\/\/expressometro.mx\/?s={search_term_string}"},"query-input":{"@type":"PropertyValueSpecification","valueRequired":true,"valueName":"search_term_string"}}],"inLanguage":"es"},{"@type":"Organization","@id":"https:\/\/expressometro.mx\/#organization","name":"Expresso Metropolitano","url":"https:\/\/expressometro.mx\/","logo":{"@type":"ImageObject","inLanguage":"es","@id":"https:\/\/expressometro.mx\/#\/schema\/logo\/image\/","url":"https:\/\/expressometro.mx\/wp-content\/uploads\/2019\/07\/cropped-Logo-Expresso-Metropolitano-1-1.jpeg","contentUrl":"https:\/\/expressometro.mx\/wp-content\/uploads\/2019\/07\/cropped-Logo-Expresso-Metropolitano-1-1.jpeg","width":290,"height":73,"caption":"Expresso Metropolitano"},"image":{"@id":"https:\/\/expressometro.mx\/#\/schema\/logo\/image\/"}},{"@type":"Person","@id":"https:\/\/expressometro.mx\/#\/schema\/person\/efa971b4a0664db8ed5c22b1b0dd2f5d","name":"Expresso Metropolitano","image":{"@type":"ImageObject","inLanguage":"es","@id":"https:\/\/secure.gravatar.com\/avatar\/a89f802b8de18c6952f223c88d3d106e9e3679839f4e25a02f4a6cc2ae6ba3b3?s=96&d=mm&r=g","url":"https:\/\/secure.gravatar.com\/avatar\/a89f802b8de18c6952f223c88d3d106e9e3679839f4e25a02f4a6cc2ae6ba3b3?s=96&d=mm&r=g","contentUrl":"https:\/\/secure.gravatar.com\/avatar\/a89f802b8de18c6952f223c88d3d106e9e3679839f4e25a02f4a6cc2ae6ba3b3?s=96&d=mm&r=g","caption":"Expresso Metropolitano"},"url":"https:\/\/expressometro.mx\/index.php\/author\/diego\/"}]}},"amp_enabled":true,"_links":{"self":[{"href":"https:\/\/expressometro.mx\/index.php\/wp-json\/wp\/v2\/posts\/9744","targetHints":{"allow":["GET"]}}],"collection":[{"href":"https:\/\/expressometro.mx\/index.php\/wp-json\/wp\/v2\/posts"}],"about":[{"href":"https:\/\/expressometro.mx\/index.php\/wp-json\/wp\/v2\/types\/post"}],"author":[{"embeddable":true,"href":"https:\/\/expressometro.mx\/index.php\/wp-json\/wp\/v2\/users\/1"}],"replies":[{"embeddable":true,"href":"https:\/\/expressometro.mx\/index.php\/wp-json\/wp\/v2\/comments?post=9744"}],"version-history":[{"count":1,"href":"https:\/\/expressometro.mx\/index.php\/wp-json\/wp\/v2\/posts\/9744\/revisions"}],"predecessor-version":[{"id":9747,"href":"https:\/\/expressometro.mx\/index.php\/wp-json\/wp\/v2\/posts\/9744\/revisions\/9747"}],"wp:featuredmedia":[{"embeddable":true,"href":"https:\/\/expressometro.mx\/index.php\/wp-json\/wp\/v2\/media\/9746"}],"wp:attachment":[{"href":"https:\/\/expressometro.mx\/index.php\/wp-json\/wp\/v2\/media?parent=9744"}],"wp:term":[{"taxonomy":"category","embeddable":true,"href":"https:\/\/expressometro.mx\/index.php\/wp-json\/wp\/v2\/categories?post=9744"},{"taxonomy":"post_tag","embeddable":true,"href":"https:\/\/expressometro.mx\/index.php\/wp-json\/wp\/v2\/tags?post=9744"}],"curies":[{"name":"wp","href":"https:\/\/api.w.org\/{rel}","templated":true}]}}