{"id":971,"date":"2019-10-24T14:28:08","date_gmt":"2019-10-24T19:28:08","guid":{"rendered":"http:\/\/expressometro.mx\/?p=971"},"modified":"2019-10-29T14:29:49","modified_gmt":"2019-10-29T20:29:49","slug":"recibe-universidad-intercultural-certificacion-nivel-oro-en-igualdad-laboral-y-no-discriminacion","status":"publish","type":"post","link":"https:\/\/expressometro.mx\/index.php\/2019\/10\/24\/recibe-universidad-intercultural-certificacion-nivel-oro-en-igualdad-laboral-y-no-discriminacion\/","title":{"rendered":"RECIBE UNIVERSIDAD INTERCULTURAL CERTIFICACI\u00d3N NIVEL ORO EN IGUALDAD LABORAL Y NO DISCRIMINACI\u00d3N"},"content":{"rendered":"\n<p>La Universidad Intercultural del Estado de M\u00e9xico (UIEM) obtuvo la certificaci\u00f3n Nivel Oro que legitima la Igualdad Laboral y No Discriminaci\u00f3n en las instituciones, misma que es otorgada por el Centro de Normalizaci\u00f3n y Certificaci\u00f3n de Productos, AC.<\/p>\n\n\n\n<p>Con esta acci\u00f3n, el Gobernador Alfredo Del Mazo Maza, a trav\u00e9s de la Secretar\u00eda de Educaci\u00f3n que encabeza Alejandro Fern\u00e1ndez Campillo, cumple con la pol\u00edtica de ejercer pr\u00e1cticas de igualdad laboral y no discriminaci\u00f3n, adem\u00e1s de garantizar la igualdad de oportunidades para cada persona, armonizada con lo que establece el art\u00edculo 1\u00ba, fracci\u00f3n III de la Ley Federal para Prevenir y Eliminar la Discriminaci\u00f3n.<\/p>\n\n\n\n<p>Cabe mencionar que la certificaci\u00f3n en la Norma Mexicana NMX-R-025-SCFI-2015 est\u00e1 dirigida a todos los centros de trabajo, p\u00fablicos, privados y sociales establecidos en la Rep\u00fablica mexicana, de cualquier tama\u00f1o, sector o actividad, que cuentan con pr\u00e1cticas en materia de igualdad laboral y no discriminaci\u00f3n, para favorecer el desarrollo integral de las y los trabajadores.<\/p>\n\n\n\n<p>Para obtenerla, los centros de trabajo deben recibir una auditor\u00eda de tercera parte, para verificar que sus pol\u00edticas y pr\u00e1cticas cumplen con los requisitos de igualdad laboral y no discriminaci\u00f3n.<\/p>\n\n\n\n<p>En el caso de la Universidad Intercultural se reconoci\u00f3 la oportunidad y libertad que ejercen las mujeres para desarrollar sus habilidades personales y hacer elecciones sin estar limitadas por estereotipos.<\/p>\n\n\n\n<p>Asimismo, es de referir que, en la instituci\u00f3n, las necesidades de mujeres y hombres son tomadas de la misma manera y se reconocen los mismos principios y derechos para ambos, sin importar origen \u00e9tnico, color de piel, sexo, cultura g\u00e9nero, edad, discapacidades, condici\u00f3n social, econ\u00f3mica, embarazo o lengua materna.<\/p>\n\n\n\n<p>Entre las pol\u00edticas de Igualdad de G\u00e9nero que se practican en la UIEM est\u00e1n la incorporaci\u00f3n de perspectiva de g\u00e9nero y no discriminaci\u00f3n en los procesos de reclutamiento, selecci\u00f3n, movilidad y capacitaci\u00f3n; se garantiza la igualdad salarial, implementa acciones para prevenir y atender la violencia laboral, adem\u00e1s realiza acciones de corresponsabilidad entre la vida laboral, familiar y personal de sus trabajadoras, con igualdad de trato y de oportunidades.<\/p>\n\n\n\n<p>La Universidad Intercultural brinda servicios educativos a mil 643 estudiantes, de los cuales, el 70 por ciento de su matr\u00edcula y el 60 por ciento de su personal administrativo son mujeres, cifras que certifican que la UIEM es un espacio en el que la mujer tiene un lugar privilegiado para su desarrollo.<\/p>\n","protected":false},"excerpt":{"rendered":"<p>La Universidad Intercultural del Estado de M\u00e9xico (UIEM) obtuvo la certificaci\u00f3n Nivel Oro que legitima la Igualdad Laboral y No Discriminaci\u00f3n en las instituciones, misma que es otorgada por el Centro de Normalizaci\u00f3n y Certificaci\u00f3n de Productos, AC. Con esta acci\u00f3n, el Gobernador Alfredo Del Mazo Maza, a trav\u00e9s de la Secretar\u00eda de Educaci\u00f3n que encabeza Alejandro Fern\u00e1ndez Campillo, cumple con la pol\u00edtica de ejercer pr\u00e1cticas de igualdad laboral y no discriminaci\u00f3n, adem\u00e1s de garantizar la igualdad de oportunidades para cada persona, armonizada con lo que establece el art\u00edculo 1\u00ba,&hellip;<\/p>\n","protected":false},"author":1,"featured_media":972,"comment_status":"open","ping_status":"open","sticky":false,"template":"","format":"standard","meta":{"footnotes":""},"categories":[1],"tags":[],"class_list":["post-971","post","type-post","status-publish","format-standard","has-post-thumbnail","hentry","category-otros"],"yoast_head":"<!-- This site is optimized with the Yoast SEO plugin v27.5 - https:\/\/yoast.com\/product\/yoast-seo-wordpress\/ -->\n<title>RECIBE UNIVERSIDAD INTERCULTURAL CERTIFICACI\u00d3N NIVEL ORO EN IGUALDAD LABORAL Y NO DISCRIMINACI\u00d3N - Expresso Metropolitano<\/title>\n<meta name=\"robots\" content=\"index, follow, max-snippet:-1, max-image-preview:large, max-video-preview:-1\" \/>\n<link rel=\"canonical\" href=\"https:\/\/expressometro.mx\/index.php\/2019\/10\/24\/recibe-universidad-intercultural-certificacion-nivel-oro-en-igualdad-laboral-y-no-discriminacion\/\" \/>\n<meta property=\"og:locale\" content=\"es_MX\" \/>\n<meta property=\"og:type\" content=\"article\" \/>\n<meta property=\"og:title\" content=\"RECIBE UNIVERSIDAD INTERCULTURAL CERTIFICACI\u00d3N NIVEL ORO EN IGUALDAD LABORAL Y NO DISCRIMINACI\u00d3N - Expresso Metropolitano\" \/>\n<meta property=\"og:description\" content=\"La Universidad Intercultural del Estado de M\u00e9xico (UIEM) obtuvo la certificaci\u00f3n Nivel Oro que legitima la Igualdad Laboral y No Discriminaci\u00f3n en las instituciones, misma que es otorgada por el Centro de Normalizaci\u00f3n y Certificaci\u00f3n de Productos, AC. Con esta acci\u00f3n, el Gobernador Alfredo Del Mazo Maza, a trav\u00e9s de la Secretar\u00eda de Educaci\u00f3n que encabeza Alejandro Fern\u00e1ndez Campillo, cumple con la pol\u00edtica de ejercer pr\u00e1cticas de igualdad laboral y no discriminaci\u00f3n, adem\u00e1s de garantizar la igualdad de oportunidades para cada persona, armonizada con lo que establece el art\u00edculo 1\u00ba,&hellip;\" \/>\n<meta property=\"og:url\" content=\"https:\/\/expressometro.mx\/index.php\/2019\/10\/24\/recibe-universidad-intercultural-certificacion-nivel-oro-en-igualdad-laboral-y-no-discriminacion\/\" \/>\n<meta property=\"og:site_name\" content=\"Expresso Metropolitano\" \/>\n<meta property=\"article:published_time\" content=\"2019-10-24T19:28:08+00:00\" \/>\n<meta property=\"article:modified_time\" content=\"2019-10-29T20:29:49+00:00\" \/>\n<meta property=\"og:image\" content=\"https:\/\/expressometro.mx\/wp-content\/uploads\/2019\/10\/w2_10089_1.jpg\" \/>\n\t<meta property=\"og:image:width\" content=\"1154\" \/>\n\t<meta property=\"og:image:height\" content=\"1772\" \/>\n\t<meta property=\"og:image:type\" content=\"image\/jpeg\" \/>\n<meta name=\"author\" content=\"Expresso Metropolitano\" \/>\n<meta name=\"twitter:label1\" content=\"Escrito por\" \/>\n\t<meta name=\"twitter:data1\" content=\"Expresso Metropolitano\" \/>\n\t<meta name=\"twitter:label2\" content=\"Tiempo de lectura\" \/>\n\t<meta name=\"twitter:data2\" content=\"2 minutos\" \/>\n<script type=\"application\/ld+json\" class=\"yoast-schema-graph\">{\"@context\":\"https:\\\/\\\/schema.org\",\"@graph\":[{\"@type\":\"Article\",\"@id\":\"https:\\\/\\\/expressometro.mx\\\/index.php\\\/2019\\\/10\\\/24\\\/recibe-universidad-intercultural-certificacion-nivel-oro-en-igualdad-laboral-y-no-discriminacion\\\/#article\",\"isPartOf\":{\"@id\":\"https:\\\/\\\/expressometro.mx\\\/index.php\\\/2019\\\/10\\\/24\\\/recibe-universidad-intercultural-certificacion-nivel-oro-en-igualdad-laboral-y-no-discriminacion\\\/\"},\"author\":{\"name\":\"Expresso Metropolitano\",\"@id\":\"https:\\\/\\\/expressometro.mx\\\/#\\\/schema\\\/person\\\/efa971b4a0664db8ed5c22b1b0dd2f5d\"},\"headline\":\"RECIBE UNIVERSIDAD INTERCULTURAL CERTIFICACI\u00d3N NIVEL ORO EN IGUALDAD LABORAL Y NO DISCRIMINACI\u00d3N\",\"datePublished\":\"2019-10-24T19:28:08+00:00\",\"dateModified\":\"2019-10-29T20:29:49+00:00\",\"mainEntityOfPage\":{\"@id\":\"https:\\\/\\\/expressometro.mx\\\/index.php\\\/2019\\\/10\\\/24\\\/recibe-universidad-intercultural-certificacion-nivel-oro-en-igualdad-laboral-y-no-discriminacion\\\/\"},\"wordCount\":438,\"commentCount\":0,\"publisher\":{\"@id\":\"https:\\\/\\\/expressometro.mx\\\/#organization\"},\"image\":{\"@id\":\"https:\\\/\\\/expressometro.mx\\\/index.php\\\/2019\\\/10\\\/24\\\/recibe-universidad-intercultural-certificacion-nivel-oro-en-igualdad-laboral-y-no-discriminacion\\\/#primaryimage\"},\"thumbnailUrl\":\"https:\\\/\\\/expressometro.mx\\\/wp-content\\\/uploads\\\/2019\\\/10\\\/w2_10089_1.jpg\",\"articleSection\":[\"Otros\"],\"inLanguage\":\"es\",\"potentialAction\":[{\"@type\":\"CommentAction\",\"name\":\"Comment\",\"target\":[\"https:\\\/\\\/expressometro.mx\\\/index.php\\\/2019\\\/10\\\/24\\\/recibe-universidad-intercultural-certificacion-nivel-oro-en-igualdad-laboral-y-no-discriminacion\\\/#respond\"]}]},{\"@type\":\"WebPage\",\"@id\":\"https:\\\/\\\/expressometro.mx\\\/index.php\\\/2019\\\/10\\\/24\\\/recibe-universidad-intercultural-certificacion-nivel-oro-en-igualdad-laboral-y-no-discriminacion\\\/\",\"url\":\"https:\\\/\\\/expressometro.mx\\\/index.php\\\/2019\\\/10\\\/24\\\/recibe-universidad-intercultural-certificacion-nivel-oro-en-igualdad-laboral-y-no-discriminacion\\\/\",\"name\":\"RECIBE UNIVERSIDAD INTERCULTURAL CERTIFICACI\u00d3N NIVEL ORO EN IGUALDAD LABORAL Y NO DISCRIMINACI\u00d3N - Expresso Metropolitano\",\"isPartOf\":{\"@id\":\"https:\\\/\\\/expressometro.mx\\\/#website\"},\"primaryImageOfPage\":{\"@id\":\"https:\\\/\\\/expressometro.mx\\\/index.php\\\/2019\\\/10\\\/24\\\/recibe-universidad-intercultural-certificacion-nivel-oro-en-igualdad-laboral-y-no-discriminacion\\\/#primaryimage\"},\"image\":{\"@id\":\"https:\\\/\\\/expressometro.mx\\\/index.php\\\/2019\\\/10\\\/24\\\/recibe-universidad-intercultural-certificacion-nivel-oro-en-igualdad-laboral-y-no-discriminacion\\\/#primaryimage\"},\"thumbnailUrl\":\"https:\\\/\\\/expressometro.mx\\\/wp-content\\\/uploads\\\/2019\\\/10\\\/w2_10089_1.jpg\",\"datePublished\":\"2019-10-24T19:28:08+00:00\",\"dateModified\":\"2019-10-29T20:29:49+00:00\",\"breadcrumb\":{\"@id\":\"https:\\\/\\\/expressometro.mx\\\/index.php\\\/2019\\\/10\\\/24\\\/recibe-universidad-intercultural-certificacion-nivel-oro-en-igualdad-laboral-y-no-discriminacion\\\/#breadcrumb\"},\"inLanguage\":\"es\",\"potentialAction\":[{\"@type\":\"ReadAction\",\"target\":[\"https:\\\/\\\/expressometro.mx\\\/index.php\\\/2019\\\/10\\\/24\\\/recibe-universidad-intercultural-certificacion-nivel-oro-en-igualdad-laboral-y-no-discriminacion\\\/\"]}]},{\"@type\":\"ImageObject\",\"inLanguage\":\"es\",\"@id\":\"https:\\\/\\\/expressometro.mx\\\/index.php\\\/2019\\\/10\\\/24\\\/recibe-universidad-intercultural-certificacion-nivel-oro-en-igualdad-laboral-y-no-discriminacion\\\/#primaryimage\",\"url\":\"https:\\\/\\\/expressometro.mx\\\/wp-content\\\/uploads\\\/2019\\\/10\\\/w2_10089_1.jpg\",\"contentUrl\":\"https:\\\/\\\/expressometro.mx\\\/wp-content\\\/uploads\\\/2019\\\/10\\\/w2_10089_1.jpg\",\"width\":1154,\"height\":1772},{\"@type\":\"BreadcrumbList\",\"@id\":\"https:\\\/\\\/expressometro.mx\\\/index.php\\\/2019\\\/10\\\/24\\\/recibe-universidad-intercultural-certificacion-nivel-oro-en-igualdad-laboral-y-no-discriminacion\\\/#breadcrumb\",\"itemListElement\":[{\"@type\":\"ListItem\",\"position\":1,\"name\":\"Inicio\",\"item\":\"https:\\\/\\\/expressometro.mx\\\/\"},{\"@type\":\"ListItem\",\"position\":2,\"name\":\"RECIBE UNIVERSIDAD INTERCULTURAL CERTIFICACI\u00d3N NIVEL ORO EN IGUALDAD LABORAL Y NO DISCRIMINACI\u00d3N\"}]},{\"@type\":\"WebSite\",\"@id\":\"https:\\\/\\\/expressometro.mx\\\/#website\",\"url\":\"https:\\\/\\\/expressometro.mx\\\/\",\"name\":\"Expresso Metropolitano\",\"description\":\"Periodismo comprometido, informaci\u00f3n, investigaci\u00f3n y an\u00e1lisis\",\"publisher\":{\"@id\":\"https:\\\/\\\/expressometro.mx\\\/#organization\"},\"potentialAction\":[{\"@type\":\"SearchAction\",\"target\":{\"@type\":\"EntryPoint\",\"urlTemplate\":\"https:\\\/\\\/expressometro.mx\\\/?s={search_term_string}\"},\"query-input\":{\"@type\":\"PropertyValueSpecification\",\"valueRequired\":true,\"valueName\":\"search_term_string\"}}],\"inLanguage\":\"es\"},{\"@type\":\"Organization\",\"@id\":\"https:\\\/\\\/expressometro.mx\\\/#organization\",\"name\":\"Expresso Metropolitano\",\"url\":\"https:\\\/\\\/expressometro.mx\\\/\",\"logo\":{\"@type\":\"ImageObject\",\"inLanguage\":\"es\",\"@id\":\"https:\\\/\\\/expressometro.mx\\\/#\\\/schema\\\/logo\\\/image\\\/\",\"url\":\"https:\\\/\\\/expressometro.mx\\\/wp-content\\\/uploads\\\/2019\\\/07\\\/cropped-Logo-Expresso-Metropolitano-1-1.jpeg\",\"contentUrl\":\"https:\\\/\\\/expressometro.mx\\\/wp-content\\\/uploads\\\/2019\\\/07\\\/cropped-Logo-Expresso-Metropolitano-1-1.jpeg\",\"width\":290,\"height\":73,\"caption\":\"Expresso Metropolitano\"},\"image\":{\"@id\":\"https:\\\/\\\/expressometro.mx\\\/#\\\/schema\\\/logo\\\/image\\\/\"}},{\"@type\":\"Person\",\"@id\":\"https:\\\/\\\/expressometro.mx\\\/#\\\/schema\\\/person\\\/efa971b4a0664db8ed5c22b1b0dd2f5d\",\"name\":\"Expresso Metropolitano\",\"image\":{\"@type\":\"ImageObject\",\"inLanguage\":\"es\",\"@id\":\"https:\\\/\\\/secure.gravatar.com\\\/avatar\\\/a89f802b8de18c6952f223c88d3d106e9e3679839f4e25a02f4a6cc2ae6ba3b3?s=96&d=mm&r=g\",\"url\":\"https:\\\/\\\/secure.gravatar.com\\\/avatar\\\/a89f802b8de18c6952f223c88d3d106e9e3679839f4e25a02f4a6cc2ae6ba3b3?s=96&d=mm&r=g\",\"contentUrl\":\"https:\\\/\\\/secure.gravatar.com\\\/avatar\\\/a89f802b8de18c6952f223c88d3d106e9e3679839f4e25a02f4a6cc2ae6ba3b3?s=96&d=mm&r=g\",\"caption\":\"Expresso Metropolitano\"},\"url\":\"https:\\\/\\\/expressometro.mx\\\/index.php\\\/author\\\/diego\\\/\"}]}<\/script>\n<!-- \/ Yoast SEO plugin. -->","yoast_head_json":{"title":"RECIBE UNIVERSIDAD INTERCULTURAL CERTIFICACI\u00d3N NIVEL ORO EN IGUALDAD LABORAL Y NO DISCRIMINACI\u00d3N - Expresso Metropolitano","robots":{"index":"index","follow":"follow","max-snippet":"max-snippet:-1","max-image-preview":"max-image-preview:large","max-video-preview":"max-video-preview:-1"},"canonical":"https:\/\/expressometro.mx\/index.php\/2019\/10\/24\/recibe-universidad-intercultural-certificacion-nivel-oro-en-igualdad-laboral-y-no-discriminacion\/","og_locale":"es_MX","og_type":"article","og_title":"RECIBE UNIVERSIDAD INTERCULTURAL CERTIFICACI\u00d3N NIVEL ORO EN IGUALDAD LABORAL Y NO DISCRIMINACI\u00d3N - Expresso Metropolitano","og_description":"La Universidad Intercultural del Estado de M\u00e9xico (UIEM) obtuvo la certificaci\u00f3n Nivel Oro que legitima la Igualdad Laboral y No Discriminaci\u00f3n en las instituciones, misma que es otorgada por el Centro de Normalizaci\u00f3n y Certificaci\u00f3n de Productos, AC. Con esta acci\u00f3n, el Gobernador Alfredo Del Mazo Maza, a trav\u00e9s de la Secretar\u00eda de Educaci\u00f3n que encabeza Alejandro Fern\u00e1ndez Campillo, cumple con la pol\u00edtica de ejercer pr\u00e1cticas de igualdad laboral y no discriminaci\u00f3n, adem\u00e1s de garantizar la igualdad de oportunidades para cada persona, armonizada con lo que establece el art\u00edculo 1\u00ba,&hellip;","og_url":"https:\/\/expressometro.mx\/index.php\/2019\/10\/24\/recibe-universidad-intercultural-certificacion-nivel-oro-en-igualdad-laboral-y-no-discriminacion\/","og_site_name":"Expresso Metropolitano","article_published_time":"2019-10-24T19:28:08+00:00","article_modified_time":"2019-10-29T20:29:49+00:00","og_image":[{"width":1154,"height":1772,"url":"https:\/\/expressometro.mx\/wp-content\/uploads\/2019\/10\/w2_10089_1.jpg","type":"image\/jpeg"}],"author":"Expresso Metropolitano","twitter_misc":{"Escrito por":"Expresso Metropolitano","Tiempo de lectura":"2 minutos"},"schema":{"@context":"https:\/\/schema.org","@graph":[{"@type":"Article","@id":"https:\/\/expressometro.mx\/index.php\/2019\/10\/24\/recibe-universidad-intercultural-certificacion-nivel-oro-en-igualdad-laboral-y-no-discriminacion\/#article","isPartOf":{"@id":"https:\/\/expressometro.mx\/index.php\/2019\/10\/24\/recibe-universidad-intercultural-certificacion-nivel-oro-en-igualdad-laboral-y-no-discriminacion\/"},"author":{"name":"Expresso Metropolitano","@id":"https:\/\/expressometro.mx\/#\/schema\/person\/efa971b4a0664db8ed5c22b1b0dd2f5d"},"headline":"RECIBE UNIVERSIDAD INTERCULTURAL CERTIFICACI\u00d3N NIVEL ORO EN IGUALDAD LABORAL Y NO DISCRIMINACI\u00d3N","datePublished":"2019-10-24T19:28:08+00:00","dateModified":"2019-10-29T20:29:49+00:00","mainEntityOfPage":{"@id":"https:\/\/expressometro.mx\/index.php\/2019\/10\/24\/recibe-universidad-intercultural-certificacion-nivel-oro-en-igualdad-laboral-y-no-discriminacion\/"},"wordCount":438,"commentCount":0,"publisher":{"@id":"https:\/\/expressometro.mx\/#organization"},"image":{"@id":"https:\/\/expressometro.mx\/index.php\/2019\/10\/24\/recibe-universidad-intercultural-certificacion-nivel-oro-en-igualdad-laboral-y-no-discriminacion\/#primaryimage"},"thumbnailUrl":"https:\/\/expressometro.mx\/wp-content\/uploads\/2019\/10\/w2_10089_1.jpg","articleSection":["Otros"],"inLanguage":"es","potentialAction":[{"@type":"CommentAction","name":"Comment","target":["https:\/\/expressometro.mx\/index.php\/2019\/10\/24\/recibe-universidad-intercultural-certificacion-nivel-oro-en-igualdad-laboral-y-no-discriminacion\/#respond"]}]},{"@type":"WebPage","@id":"https:\/\/expressometro.mx\/index.php\/2019\/10\/24\/recibe-universidad-intercultural-certificacion-nivel-oro-en-igualdad-laboral-y-no-discriminacion\/","url":"https:\/\/expressometro.mx\/index.php\/2019\/10\/24\/recibe-universidad-intercultural-certificacion-nivel-oro-en-igualdad-laboral-y-no-discriminacion\/","name":"RECIBE UNIVERSIDAD INTERCULTURAL CERTIFICACI\u00d3N NIVEL ORO EN IGUALDAD LABORAL Y NO DISCRIMINACI\u00d3N - Expresso Metropolitano","isPartOf":{"@id":"https:\/\/expressometro.mx\/#website"},"primaryImageOfPage":{"@id":"https:\/\/expressometro.mx\/index.php\/2019\/10\/24\/recibe-universidad-intercultural-certificacion-nivel-oro-en-igualdad-laboral-y-no-discriminacion\/#primaryimage"},"image":{"@id":"https:\/\/expressometro.mx\/index.php\/2019\/10\/24\/recibe-universidad-intercultural-certificacion-nivel-oro-en-igualdad-laboral-y-no-discriminacion\/#primaryimage"},"thumbnailUrl":"https:\/\/expressometro.mx\/wp-content\/uploads\/2019\/10\/w2_10089_1.jpg","datePublished":"2019-10-24T19:28:08+00:00","dateModified":"2019-10-29T20:29:49+00:00","breadcrumb":{"@id":"https:\/\/expressometro.mx\/index.php\/2019\/10\/24\/recibe-universidad-intercultural-certificacion-nivel-oro-en-igualdad-laboral-y-no-discriminacion\/#breadcrumb"},"inLanguage":"es","potentialAction":[{"@type":"ReadAction","target":["https:\/\/expressometro.mx\/index.php\/2019\/10\/24\/recibe-universidad-intercultural-certificacion-nivel-oro-en-igualdad-laboral-y-no-discriminacion\/"]}]},{"@type":"ImageObject","inLanguage":"es","@id":"https:\/\/expressometro.mx\/index.php\/2019\/10\/24\/recibe-universidad-intercultural-certificacion-nivel-oro-en-igualdad-laboral-y-no-discriminacion\/#primaryimage","url":"https:\/\/expressometro.mx\/wp-content\/uploads\/2019\/10\/w2_10089_1.jpg","contentUrl":"https:\/\/expressometro.mx\/wp-content\/uploads\/2019\/10\/w2_10089_1.jpg","width":1154,"height":1772},{"@type":"BreadcrumbList","@id":"https:\/\/expressometro.mx\/index.php\/2019\/10\/24\/recibe-universidad-intercultural-certificacion-nivel-oro-en-igualdad-laboral-y-no-discriminacion\/#breadcrumb","itemListElement":[{"@type":"ListItem","position":1,"name":"Inicio","item":"https:\/\/expressometro.mx\/"},{"@type":"ListItem","position":2,"name":"RECIBE UNIVERSIDAD INTERCULTURAL CERTIFICACI\u00d3N NIVEL ORO EN IGUALDAD LABORAL Y NO DISCRIMINACI\u00d3N"}]},{"@type":"WebSite","@id":"https:\/\/expressometro.mx\/#website","url":"https:\/\/expressometro.mx\/","name":"Expresso Metropolitano","description":"Periodismo comprometido, informaci\u00f3n, investigaci\u00f3n y an\u00e1lisis","publisher":{"@id":"https:\/\/expressometro.mx\/#organization"},"potentialAction":[{"@type":"SearchAction","target":{"@type":"EntryPoint","urlTemplate":"https:\/\/expressometro.mx\/?s={search_term_string}"},"query-input":{"@type":"PropertyValueSpecification","valueRequired":true,"valueName":"search_term_string"}}],"inLanguage":"es"},{"@type":"Organization","@id":"https:\/\/expressometro.mx\/#organization","name":"Expresso Metropolitano","url":"https:\/\/expressometro.mx\/","logo":{"@type":"ImageObject","inLanguage":"es","@id":"https:\/\/expressometro.mx\/#\/schema\/logo\/image\/","url":"https:\/\/expressometro.mx\/wp-content\/uploads\/2019\/07\/cropped-Logo-Expresso-Metropolitano-1-1.jpeg","contentUrl":"https:\/\/expressometro.mx\/wp-content\/uploads\/2019\/07\/cropped-Logo-Expresso-Metropolitano-1-1.jpeg","width":290,"height":73,"caption":"Expresso Metropolitano"},"image":{"@id":"https:\/\/expressometro.mx\/#\/schema\/logo\/image\/"}},{"@type":"Person","@id":"https:\/\/expressometro.mx\/#\/schema\/person\/efa971b4a0664db8ed5c22b1b0dd2f5d","name":"Expresso Metropolitano","image":{"@type":"ImageObject","inLanguage":"es","@id":"https:\/\/secure.gravatar.com\/avatar\/a89f802b8de18c6952f223c88d3d106e9e3679839f4e25a02f4a6cc2ae6ba3b3?s=96&d=mm&r=g","url":"https:\/\/secure.gravatar.com\/avatar\/a89f802b8de18c6952f223c88d3d106e9e3679839f4e25a02f4a6cc2ae6ba3b3?s=96&d=mm&r=g","contentUrl":"https:\/\/secure.gravatar.com\/avatar\/a89f802b8de18c6952f223c88d3d106e9e3679839f4e25a02f4a6cc2ae6ba3b3?s=96&d=mm&r=g","caption":"Expresso Metropolitano"},"url":"https:\/\/expressometro.mx\/index.php\/author\/diego\/"}]}},"amp_enabled":true,"_links":{"self":[{"href":"https:\/\/expressometro.mx\/index.php\/wp-json\/wp\/v2\/posts\/971","targetHints":{"allow":["GET"]}}],"collection":[{"href":"https:\/\/expressometro.mx\/index.php\/wp-json\/wp\/v2\/posts"}],"about":[{"href":"https:\/\/expressometro.mx\/index.php\/wp-json\/wp\/v2\/types\/post"}],"author":[{"embeddable":true,"href":"https:\/\/expressometro.mx\/index.php\/wp-json\/wp\/v2\/users\/1"}],"replies":[{"embeddable":true,"href":"https:\/\/expressometro.mx\/index.php\/wp-json\/wp\/v2\/comments?post=971"}],"version-history":[{"count":1,"href":"https:\/\/expressometro.mx\/index.php\/wp-json\/wp\/v2\/posts\/971\/revisions"}],"predecessor-version":[{"id":973,"href":"https:\/\/expressometro.mx\/index.php\/wp-json\/wp\/v2\/posts\/971\/revisions\/973"}],"wp:featuredmedia":[{"embeddable":true,"href":"https:\/\/expressometro.mx\/index.php\/wp-json\/wp\/v2\/media\/972"}],"wp:attachment":[{"href":"https:\/\/expressometro.mx\/index.php\/wp-json\/wp\/v2\/media?parent=971"}],"wp:term":[{"taxonomy":"category","embeddable":true,"href":"https:\/\/expressometro.mx\/index.php\/wp-json\/wp\/v2\/categories?post=971"},{"taxonomy":"post_tag","embeddable":true,"href":"https:\/\/expressometro.mx\/index.php\/wp-json\/wp\/v2\/tags?post=971"}],"curies":[{"name":"wp","href":"https:\/\/api.w.org\/{rel}","templated":true}]}}