{"id":968,"date":"2019-10-24T14:26:29","date_gmt":"2019-10-24T19:26:29","guid":{"rendered":"http:\/\/expressometro.mx\/?p=968"},"modified":"2019-10-29T14:27:45","modified_gmt":"2019-10-29T20:27:45","slug":"celebran-congreso-internacional-para-mejorar-atencion-integral-a-victimas","status":"publish","type":"post","link":"https:\/\/expressometro.mx\/index.php\/2019\/10\/24\/celebran-congreso-internacional-para-mejorar-atencion-integral-a-victimas\/","title":{"rendered":"CELEBRAN CONGRESO INTERNACIONAL PARA MEJORAR ATENCI\u00d3N INTEGRAL A V\u00cdCTIMAS"},"content":{"rendered":"\n<p>El Secretario de Justicia y Derechos Humanos del Estado de M\u00e9xico, Rodrigo Espeleta Aladro, asegur\u00f3 que los elementos fundamentales de la justicia transicional son una verdadera reparaci\u00f3n del da\u00f1o, el acceso a la justicia y primordialmente, la no repetici\u00f3n del hecho victimizante.<\/p>\n\n\n\n<p>Durante la inauguraci\u00f3n del Primer Congreso Internacional de \u201cLa atenci\u00f3n victimal como mecanismo de justicia transicional\u201d, Espeleta Aladro manifest\u00f3 que se deben centrar los esfuerzos en la prevenci\u00f3n para resolver temas como violencia de g\u00e9nero, feminicidio y desaparici\u00f3n, entre otros, as\u00ed como generar nuevas masculinidades y que los hombres dejen de ser agresores.<\/p>\n\n\n\n<p>Destac\u00f3 el trabajo del Gobierno de M\u00e9xico y el apoyo de los colectivos de familiares de v\u00edctimas de violencia de g\u00e9nero y desaparici\u00f3n, para garantizar la verdad, la justicia, la reparaci\u00f3n y la paz.<\/p>\n\n\n\n<p>\u201cTrabajemos por supuesto la atenci\u00f3n de las v\u00edctimas, pero tambi\u00e9n empecemos a reflexionar, a platicar, a debatir en torno a medidas de prevenci\u00f3n efectivas, la soluci\u00f3n a mediano y largo plazo, es eliminar las causas que colocan a personas en condiciones de v\u00edctimas.<\/p>\n\n\n\n<p>\u201cYo estoy seguro que este Congreso Internacional, insisto el tema es interesante y que invita por supuesto la reflexi\u00f3n y al debate, nos dar\u00e1 pues muchos elementos para seguir construyendo pol\u00edticas p\u00fablicas para la atenci\u00f3n a v\u00edctimas, pero insisto empecemos a debatir en torno a temas de prevenci\u00f3n, es decir evitemos llegar a la situaci\u00f3n de atender a v\u00edctimas\u201d, afirm\u00f3 el titular de la SJyDH.<\/p>\n\n\n\n<p>Por su parte, el Subsecretario de Derechos Humanos, Poblaci\u00f3n y Migraci\u00f3n de la Secretar\u00eda de Gobernaci\u00f3n, Alejandro Encinas, adelant\u00f3 que se implementar\u00e1 un programa de robustecimiento de las Comisiones Estatales de Atenci\u00f3n a V\u00edctimas, las cuales realizan un trabajo importante a pesar de las adversidades.<\/p>\n\n\n\n<p>Inform\u00f3 que, en corto plazo, se fortalecer\u00e1n sus facultades y competencias, adem\u00e1s de recursos que les permitan desarrollar capacidades institucionales para una atenci\u00f3n victimal digna y con resultados efectivos.<\/p>\n\n\n\n<p>Tambi\u00e9n Alejandro Encinas reconoci\u00f3 las estrategias que implementa el Gobierno del Estado de M\u00e9xico en atenci\u00f3n a las v\u00edctimas y ofendidos del delito.<\/p>\n\n\n\n<p>\u201cEstamos trabajando de manera muy cercana con el Estado de M\u00e9xico, yo quiero refrendar en esta oportunidad nuestro compromiso, para que todos los temas vinculados con el ejercicio pleno de las facultades del Estado Mexicano para garantizar los derechos humanos, su protecci\u00f3n y garant\u00eda y podamos ir haci\u00e9ndolo de manera conjunta, al igual refrendar nuestro compromiso con las v\u00edctimas y los colectivos que lo representan\u201d, manifest\u00f3.<\/p>\n\n\n\n<p>El Fiscal General de Justicia estatal, Alejandro G\u00f3mez S\u00e1nchez, explic\u00f3 que la dependencia a su cargo ha entendido que las v\u00edctimas y sus familias son el centro de la funci\u00f3n de procuraci\u00f3n de justicia, a quienes se debe atender con sensibilidad y verdadera vocaci\u00f3n de servicio.<\/p>\n\n\n\n<p>En tanto, la Comisionada Ejecutiva de Atenci\u00f3n a V\u00edctimas del Estado de M\u00e9xico, Isabel S\u00e1nchez Holgu\u00edn, dijo que este Congreso es un espacio para la discusi\u00f3n sobre la atenci\u00f3n, procuraci\u00f3n y administraci\u00f3n de justicia como parte de los procesos de paz y reconciliaci\u00f3n.<\/p>\n\n\n\n<p>El Secretario Rodrigo Espeleta subray\u00f3 la importancia del trabajo realizado por la Comisi\u00f3n&nbsp; Ejecutiva de Atenci\u00f3n a V\u00edctimas, del Consejo Estatal de la Mujer y Bienestar Social y por la Fiscal\u00eda Central para la Atenci\u00f3n de Delitos Vinculados a la Violencia de G\u00e9nero.<\/p>\n\n\n\n<p>Participaron miembros de las sociedades civiles organizadas y dirigentes de colectivos de b\u00fasqueda como Leticia Mora Nieto, Gabriela S\u00e1nchez, Nancy Rosete, Beatriz Mej\u00eda D\u00edaz, Arcadia Hern\u00e1ndez, Araceli Rodr\u00edguez, Valentina Peralta Puga, Irinea Buend\u00eda Cort\u00e9s, Ver\u00f3nica Rosas Valenzuela y Rosa Mar\u00eda Reyes Mart\u00ednez.<\/p>\n\n\n\n<p>El Congreso se dividi\u00f3 en cuatro ejes tem\u00e1ticos: Derecho a la verdad como parte de la reparaci\u00f3n integral, Acceso a la justicia como garant\u00eda de la dignidad humana, Reparaci\u00f3n integral del da\u00f1o: responsabilidad pendiente del estado y Justicia transicional como mecanismo de construcci\u00f3n de paz.<\/p>\n","protected":false},"excerpt":{"rendered":"<p>El Secretario de Justicia y Derechos Humanos del Estado de M\u00e9xico, Rodrigo Espeleta Aladro, asegur\u00f3 que los elementos fundamentales de la justicia transicional son una verdadera reparaci\u00f3n del da\u00f1o, el acceso a la justicia y primordialmente, la no repetici\u00f3n del hecho victimizante. Durante la inauguraci\u00f3n del Primer Congreso Internacional de \u201cLa atenci\u00f3n victimal como mecanismo de justicia transicional\u201d, Espeleta Aladro manifest\u00f3 que se deben centrar los esfuerzos en la prevenci\u00f3n para resolver temas como violencia de g\u00e9nero, feminicidio y desaparici\u00f3n, entre otros, as\u00ed como generar nuevas masculinidades y que los&hellip;<\/p>\n","protected":false},"author":1,"featured_media":969,"comment_status":"open","ping_status":"open","sticky":false,"template":"","format":"standard","meta":{"footnotes":""},"categories":[3],"tags":[],"class_list":["post-968","post","type-post","status-publish","format-standard","has-post-thumbnail","hentry","category-gobierno"],"yoast_head":"<!-- This site is optimized with the Yoast SEO plugin v27.5 - https:\/\/yoast.com\/product\/yoast-seo-wordpress\/ -->\n<title>CELEBRAN CONGRESO INTERNACIONAL PARA MEJORAR ATENCI\u00d3N INTEGRAL A V\u00cdCTIMAS - Expresso Metropolitano<\/title>\n<meta name=\"robots\" content=\"index, follow, max-snippet:-1, max-image-preview:large, max-video-preview:-1\" \/>\n<link rel=\"canonical\" href=\"https:\/\/expressometro.mx\/index.php\/2019\/10\/24\/celebran-congreso-internacional-para-mejorar-atencion-integral-a-victimas\/\" \/>\n<meta property=\"og:locale\" content=\"es_MX\" \/>\n<meta property=\"og:type\" content=\"article\" \/>\n<meta property=\"og:title\" content=\"CELEBRAN CONGRESO INTERNACIONAL PARA MEJORAR ATENCI\u00d3N INTEGRAL A V\u00cdCTIMAS - Expresso Metropolitano\" \/>\n<meta property=\"og:description\" content=\"El Secretario de Justicia y Derechos Humanos del Estado de M\u00e9xico, Rodrigo Espeleta Aladro, asegur\u00f3 que los elementos fundamentales de la justicia transicional son una verdadera reparaci\u00f3n del da\u00f1o, el acceso a la justicia y primordialmente, la no repetici\u00f3n del hecho victimizante. Durante la inauguraci\u00f3n del Primer Congreso Internacional de \u201cLa atenci\u00f3n victimal como mecanismo de justicia transicional\u201d, Espeleta Aladro manifest\u00f3 que se deben centrar los esfuerzos en la prevenci\u00f3n para resolver temas como violencia de g\u00e9nero, feminicidio y desaparici\u00f3n, entre otros, as\u00ed como generar nuevas masculinidades y que los&hellip;\" \/>\n<meta property=\"og:url\" content=\"https:\/\/expressometro.mx\/index.php\/2019\/10\/24\/celebran-congreso-internacional-para-mejorar-atencion-integral-a-victimas\/\" \/>\n<meta property=\"og:site_name\" content=\"Expresso Metropolitano\" \/>\n<meta property=\"article:published_time\" content=\"2019-10-24T19:26:29+00:00\" \/>\n<meta property=\"article:modified_time\" content=\"2019-10-29T20:27:45+00:00\" \/>\n<meta property=\"og:image\" content=\"https:\/\/expressometro.mx\/wp-content\/uploads\/2019\/10\/w2_10091_1.jpg\" \/>\n\t<meta property=\"og:image:width\" content=\"1300\" \/>\n\t<meta property=\"og:image:height\" content=\"866\" \/>\n\t<meta property=\"og:image:type\" content=\"image\/jpeg\" \/>\n<meta name=\"author\" content=\"Expresso Metropolitano\" \/>\n<meta name=\"twitter:label1\" content=\"Escrito por\" \/>\n\t<meta name=\"twitter:data1\" content=\"Expresso Metropolitano\" \/>\n\t<meta name=\"twitter:label2\" content=\"Tiempo de lectura\" \/>\n\t<meta name=\"twitter:data2\" content=\"4 minutos\" \/>\n<script type=\"application\/ld+json\" class=\"yoast-schema-graph\">{\"@context\":\"https:\\\/\\\/schema.org\",\"@graph\":[{\"@type\":\"Article\",\"@id\":\"https:\\\/\\\/expressometro.mx\\\/index.php\\\/2019\\\/10\\\/24\\\/celebran-congreso-internacional-para-mejorar-atencion-integral-a-victimas\\\/#article\",\"isPartOf\":{\"@id\":\"https:\\\/\\\/expressometro.mx\\\/index.php\\\/2019\\\/10\\\/24\\\/celebran-congreso-internacional-para-mejorar-atencion-integral-a-victimas\\\/\"},\"author\":{\"name\":\"Expresso Metropolitano\",\"@id\":\"https:\\\/\\\/expressometro.mx\\\/#\\\/schema\\\/person\\\/efa971b4a0664db8ed5c22b1b0dd2f5d\"},\"headline\":\"CELEBRAN CONGRESO INTERNACIONAL PARA MEJORAR ATENCI\u00d3N INTEGRAL A V\u00cdCTIMAS\",\"datePublished\":\"2019-10-24T19:26:29+00:00\",\"dateModified\":\"2019-10-29T20:27:45+00:00\",\"mainEntityOfPage\":{\"@id\":\"https:\\\/\\\/expressometro.mx\\\/index.php\\\/2019\\\/10\\\/24\\\/celebran-congreso-internacional-para-mejorar-atencion-integral-a-victimas\\\/\"},\"wordCount\":716,\"commentCount\":0,\"publisher\":{\"@id\":\"https:\\\/\\\/expressometro.mx\\\/#organization\"},\"image\":{\"@id\":\"https:\\\/\\\/expressometro.mx\\\/index.php\\\/2019\\\/10\\\/24\\\/celebran-congreso-internacional-para-mejorar-atencion-integral-a-victimas\\\/#primaryimage\"},\"thumbnailUrl\":\"https:\\\/\\\/expressometro.mx\\\/wp-content\\\/uploads\\\/2019\\\/10\\\/w2_10091_1.jpg\",\"articleSection\":[\"Gobierno\"],\"inLanguage\":\"es\",\"potentialAction\":[{\"@type\":\"CommentAction\",\"name\":\"Comment\",\"target\":[\"https:\\\/\\\/expressometro.mx\\\/index.php\\\/2019\\\/10\\\/24\\\/celebran-congreso-internacional-para-mejorar-atencion-integral-a-victimas\\\/#respond\"]}]},{\"@type\":\"WebPage\",\"@id\":\"https:\\\/\\\/expressometro.mx\\\/index.php\\\/2019\\\/10\\\/24\\\/celebran-congreso-internacional-para-mejorar-atencion-integral-a-victimas\\\/\",\"url\":\"https:\\\/\\\/expressometro.mx\\\/index.php\\\/2019\\\/10\\\/24\\\/celebran-congreso-internacional-para-mejorar-atencion-integral-a-victimas\\\/\",\"name\":\"CELEBRAN CONGRESO INTERNACIONAL PARA MEJORAR ATENCI\u00d3N INTEGRAL A V\u00cdCTIMAS - Expresso Metropolitano\",\"isPartOf\":{\"@id\":\"https:\\\/\\\/expressometro.mx\\\/#website\"},\"primaryImageOfPage\":{\"@id\":\"https:\\\/\\\/expressometro.mx\\\/index.php\\\/2019\\\/10\\\/24\\\/celebran-congreso-internacional-para-mejorar-atencion-integral-a-victimas\\\/#primaryimage\"},\"image\":{\"@id\":\"https:\\\/\\\/expressometro.mx\\\/index.php\\\/2019\\\/10\\\/24\\\/celebran-congreso-internacional-para-mejorar-atencion-integral-a-victimas\\\/#primaryimage\"},\"thumbnailUrl\":\"https:\\\/\\\/expressometro.mx\\\/wp-content\\\/uploads\\\/2019\\\/10\\\/w2_10091_1.jpg\",\"datePublished\":\"2019-10-24T19:26:29+00:00\",\"dateModified\":\"2019-10-29T20:27:45+00:00\",\"breadcrumb\":{\"@id\":\"https:\\\/\\\/expressometro.mx\\\/index.php\\\/2019\\\/10\\\/24\\\/celebran-congreso-internacional-para-mejorar-atencion-integral-a-victimas\\\/#breadcrumb\"},\"inLanguage\":\"es\",\"potentialAction\":[{\"@type\":\"ReadAction\",\"target\":[\"https:\\\/\\\/expressometro.mx\\\/index.php\\\/2019\\\/10\\\/24\\\/celebran-congreso-internacional-para-mejorar-atencion-integral-a-victimas\\\/\"]}]},{\"@type\":\"ImageObject\",\"inLanguage\":\"es\",\"@id\":\"https:\\\/\\\/expressometro.mx\\\/index.php\\\/2019\\\/10\\\/24\\\/celebran-congreso-internacional-para-mejorar-atencion-integral-a-victimas\\\/#primaryimage\",\"url\":\"https:\\\/\\\/expressometro.mx\\\/wp-content\\\/uploads\\\/2019\\\/10\\\/w2_10091_1.jpg\",\"contentUrl\":\"https:\\\/\\\/expressometro.mx\\\/wp-content\\\/uploads\\\/2019\\\/10\\\/w2_10091_1.jpg\",\"width\":1300,\"height\":866},{\"@type\":\"BreadcrumbList\",\"@id\":\"https:\\\/\\\/expressometro.mx\\\/index.php\\\/2019\\\/10\\\/24\\\/celebran-congreso-internacional-para-mejorar-atencion-integral-a-victimas\\\/#breadcrumb\",\"itemListElement\":[{\"@type\":\"ListItem\",\"position\":1,\"name\":\"Inicio\",\"item\":\"https:\\\/\\\/expressometro.mx\\\/\"},{\"@type\":\"ListItem\",\"position\":2,\"name\":\"CELEBRAN CONGRESO INTERNACIONAL PARA MEJORAR ATENCI\u00d3N INTEGRAL A V\u00cdCTIMAS\"}]},{\"@type\":\"WebSite\",\"@id\":\"https:\\\/\\\/expressometro.mx\\\/#website\",\"url\":\"https:\\\/\\\/expressometro.mx\\\/\",\"name\":\"Expresso Metropolitano\",\"description\":\"Periodismo comprometido, informaci\u00f3n, investigaci\u00f3n y an\u00e1lisis\",\"publisher\":{\"@id\":\"https:\\\/\\\/expressometro.mx\\\/#organization\"},\"potentialAction\":[{\"@type\":\"SearchAction\",\"target\":{\"@type\":\"EntryPoint\",\"urlTemplate\":\"https:\\\/\\\/expressometro.mx\\\/?s={search_term_string}\"},\"query-input\":{\"@type\":\"PropertyValueSpecification\",\"valueRequired\":true,\"valueName\":\"search_term_string\"}}],\"inLanguage\":\"es\"},{\"@type\":\"Organization\",\"@id\":\"https:\\\/\\\/expressometro.mx\\\/#organization\",\"name\":\"Expresso Metropolitano\",\"url\":\"https:\\\/\\\/expressometro.mx\\\/\",\"logo\":{\"@type\":\"ImageObject\",\"inLanguage\":\"es\",\"@id\":\"https:\\\/\\\/expressometro.mx\\\/#\\\/schema\\\/logo\\\/image\\\/\",\"url\":\"https:\\\/\\\/expressometro.mx\\\/wp-content\\\/uploads\\\/2019\\\/07\\\/cropped-Logo-Expresso-Metropolitano-1-1.jpeg\",\"contentUrl\":\"https:\\\/\\\/expressometro.mx\\\/wp-content\\\/uploads\\\/2019\\\/07\\\/cropped-Logo-Expresso-Metropolitano-1-1.jpeg\",\"width\":290,\"height\":73,\"caption\":\"Expresso Metropolitano\"},\"image\":{\"@id\":\"https:\\\/\\\/expressometro.mx\\\/#\\\/schema\\\/logo\\\/image\\\/\"}},{\"@type\":\"Person\",\"@id\":\"https:\\\/\\\/expressometro.mx\\\/#\\\/schema\\\/person\\\/efa971b4a0664db8ed5c22b1b0dd2f5d\",\"name\":\"Expresso Metropolitano\",\"image\":{\"@type\":\"ImageObject\",\"inLanguage\":\"es\",\"@id\":\"https:\\\/\\\/secure.gravatar.com\\\/avatar\\\/a89f802b8de18c6952f223c88d3d106e9e3679839f4e25a02f4a6cc2ae6ba3b3?s=96&d=mm&r=g\",\"url\":\"https:\\\/\\\/secure.gravatar.com\\\/avatar\\\/a89f802b8de18c6952f223c88d3d106e9e3679839f4e25a02f4a6cc2ae6ba3b3?s=96&d=mm&r=g\",\"contentUrl\":\"https:\\\/\\\/secure.gravatar.com\\\/avatar\\\/a89f802b8de18c6952f223c88d3d106e9e3679839f4e25a02f4a6cc2ae6ba3b3?s=96&d=mm&r=g\",\"caption\":\"Expresso Metropolitano\"},\"url\":\"https:\\\/\\\/expressometro.mx\\\/index.php\\\/author\\\/diego\\\/\"}]}<\/script>\n<!-- \/ Yoast SEO plugin. -->","yoast_head_json":{"title":"CELEBRAN CONGRESO INTERNACIONAL PARA MEJORAR ATENCI\u00d3N INTEGRAL A V\u00cdCTIMAS - Expresso Metropolitano","robots":{"index":"index","follow":"follow","max-snippet":"max-snippet:-1","max-image-preview":"max-image-preview:large","max-video-preview":"max-video-preview:-1"},"canonical":"https:\/\/expressometro.mx\/index.php\/2019\/10\/24\/celebran-congreso-internacional-para-mejorar-atencion-integral-a-victimas\/","og_locale":"es_MX","og_type":"article","og_title":"CELEBRAN CONGRESO INTERNACIONAL PARA MEJORAR ATENCI\u00d3N INTEGRAL A V\u00cdCTIMAS - Expresso Metropolitano","og_description":"El Secretario de Justicia y Derechos Humanos del Estado de M\u00e9xico, Rodrigo Espeleta Aladro, asegur\u00f3 que los elementos fundamentales de la justicia transicional son una verdadera reparaci\u00f3n del da\u00f1o, el acceso a la justicia y primordialmente, la no repetici\u00f3n del hecho victimizante. Durante la inauguraci\u00f3n del Primer Congreso Internacional de \u201cLa atenci\u00f3n victimal como mecanismo de justicia transicional\u201d, Espeleta Aladro manifest\u00f3 que se deben centrar los esfuerzos en la prevenci\u00f3n para resolver temas como violencia de g\u00e9nero, feminicidio y desaparici\u00f3n, entre otros, as\u00ed como generar nuevas masculinidades y que los&hellip;","og_url":"https:\/\/expressometro.mx\/index.php\/2019\/10\/24\/celebran-congreso-internacional-para-mejorar-atencion-integral-a-victimas\/","og_site_name":"Expresso Metropolitano","article_published_time":"2019-10-24T19:26:29+00:00","article_modified_time":"2019-10-29T20:27:45+00:00","og_image":[{"width":1300,"height":866,"url":"https:\/\/expressometro.mx\/wp-content\/uploads\/2019\/10\/w2_10091_1.jpg","type":"image\/jpeg"}],"author":"Expresso Metropolitano","twitter_misc":{"Escrito por":"Expresso Metropolitano","Tiempo de lectura":"4 minutos"},"schema":{"@context":"https:\/\/schema.org","@graph":[{"@type":"Article","@id":"https:\/\/expressometro.mx\/index.php\/2019\/10\/24\/celebran-congreso-internacional-para-mejorar-atencion-integral-a-victimas\/#article","isPartOf":{"@id":"https:\/\/expressometro.mx\/index.php\/2019\/10\/24\/celebran-congreso-internacional-para-mejorar-atencion-integral-a-victimas\/"},"author":{"name":"Expresso Metropolitano","@id":"https:\/\/expressometro.mx\/#\/schema\/person\/efa971b4a0664db8ed5c22b1b0dd2f5d"},"headline":"CELEBRAN CONGRESO INTERNACIONAL PARA MEJORAR ATENCI\u00d3N INTEGRAL A V\u00cdCTIMAS","datePublished":"2019-10-24T19:26:29+00:00","dateModified":"2019-10-29T20:27:45+00:00","mainEntityOfPage":{"@id":"https:\/\/expressometro.mx\/index.php\/2019\/10\/24\/celebran-congreso-internacional-para-mejorar-atencion-integral-a-victimas\/"},"wordCount":716,"commentCount":0,"publisher":{"@id":"https:\/\/expressometro.mx\/#organization"},"image":{"@id":"https:\/\/expressometro.mx\/index.php\/2019\/10\/24\/celebran-congreso-internacional-para-mejorar-atencion-integral-a-victimas\/#primaryimage"},"thumbnailUrl":"https:\/\/expressometro.mx\/wp-content\/uploads\/2019\/10\/w2_10091_1.jpg","articleSection":["Gobierno"],"inLanguage":"es","potentialAction":[{"@type":"CommentAction","name":"Comment","target":["https:\/\/expressometro.mx\/index.php\/2019\/10\/24\/celebran-congreso-internacional-para-mejorar-atencion-integral-a-victimas\/#respond"]}]},{"@type":"WebPage","@id":"https:\/\/expressometro.mx\/index.php\/2019\/10\/24\/celebran-congreso-internacional-para-mejorar-atencion-integral-a-victimas\/","url":"https:\/\/expressometro.mx\/index.php\/2019\/10\/24\/celebran-congreso-internacional-para-mejorar-atencion-integral-a-victimas\/","name":"CELEBRAN CONGRESO INTERNACIONAL PARA MEJORAR ATENCI\u00d3N INTEGRAL A V\u00cdCTIMAS - Expresso Metropolitano","isPartOf":{"@id":"https:\/\/expressometro.mx\/#website"},"primaryImageOfPage":{"@id":"https:\/\/expressometro.mx\/index.php\/2019\/10\/24\/celebran-congreso-internacional-para-mejorar-atencion-integral-a-victimas\/#primaryimage"},"image":{"@id":"https:\/\/expressometro.mx\/index.php\/2019\/10\/24\/celebran-congreso-internacional-para-mejorar-atencion-integral-a-victimas\/#primaryimage"},"thumbnailUrl":"https:\/\/expressometro.mx\/wp-content\/uploads\/2019\/10\/w2_10091_1.jpg","datePublished":"2019-10-24T19:26:29+00:00","dateModified":"2019-10-29T20:27:45+00:00","breadcrumb":{"@id":"https:\/\/expressometro.mx\/index.php\/2019\/10\/24\/celebran-congreso-internacional-para-mejorar-atencion-integral-a-victimas\/#breadcrumb"},"inLanguage":"es","potentialAction":[{"@type":"ReadAction","target":["https:\/\/expressometro.mx\/index.php\/2019\/10\/24\/celebran-congreso-internacional-para-mejorar-atencion-integral-a-victimas\/"]}]},{"@type":"ImageObject","inLanguage":"es","@id":"https:\/\/expressometro.mx\/index.php\/2019\/10\/24\/celebran-congreso-internacional-para-mejorar-atencion-integral-a-victimas\/#primaryimage","url":"https:\/\/expressometro.mx\/wp-content\/uploads\/2019\/10\/w2_10091_1.jpg","contentUrl":"https:\/\/expressometro.mx\/wp-content\/uploads\/2019\/10\/w2_10091_1.jpg","width":1300,"height":866},{"@type":"BreadcrumbList","@id":"https:\/\/expressometro.mx\/index.php\/2019\/10\/24\/celebran-congreso-internacional-para-mejorar-atencion-integral-a-victimas\/#breadcrumb","itemListElement":[{"@type":"ListItem","position":1,"name":"Inicio","item":"https:\/\/expressometro.mx\/"},{"@type":"ListItem","position":2,"name":"CELEBRAN CONGRESO INTERNACIONAL PARA MEJORAR ATENCI\u00d3N INTEGRAL A V\u00cdCTIMAS"}]},{"@type":"WebSite","@id":"https:\/\/expressometro.mx\/#website","url":"https:\/\/expressometro.mx\/","name":"Expresso Metropolitano","description":"Periodismo comprometido, informaci\u00f3n, investigaci\u00f3n y an\u00e1lisis","publisher":{"@id":"https:\/\/expressometro.mx\/#organization"},"potentialAction":[{"@type":"SearchAction","target":{"@type":"EntryPoint","urlTemplate":"https:\/\/expressometro.mx\/?s={search_term_string}"},"query-input":{"@type":"PropertyValueSpecification","valueRequired":true,"valueName":"search_term_string"}}],"inLanguage":"es"},{"@type":"Organization","@id":"https:\/\/expressometro.mx\/#organization","name":"Expresso Metropolitano","url":"https:\/\/expressometro.mx\/","logo":{"@type":"ImageObject","inLanguage":"es","@id":"https:\/\/expressometro.mx\/#\/schema\/logo\/image\/","url":"https:\/\/expressometro.mx\/wp-content\/uploads\/2019\/07\/cropped-Logo-Expresso-Metropolitano-1-1.jpeg","contentUrl":"https:\/\/expressometro.mx\/wp-content\/uploads\/2019\/07\/cropped-Logo-Expresso-Metropolitano-1-1.jpeg","width":290,"height":73,"caption":"Expresso Metropolitano"},"image":{"@id":"https:\/\/expressometro.mx\/#\/schema\/logo\/image\/"}},{"@type":"Person","@id":"https:\/\/expressometro.mx\/#\/schema\/person\/efa971b4a0664db8ed5c22b1b0dd2f5d","name":"Expresso Metropolitano","image":{"@type":"ImageObject","inLanguage":"es","@id":"https:\/\/secure.gravatar.com\/avatar\/a89f802b8de18c6952f223c88d3d106e9e3679839f4e25a02f4a6cc2ae6ba3b3?s=96&d=mm&r=g","url":"https:\/\/secure.gravatar.com\/avatar\/a89f802b8de18c6952f223c88d3d106e9e3679839f4e25a02f4a6cc2ae6ba3b3?s=96&d=mm&r=g","contentUrl":"https:\/\/secure.gravatar.com\/avatar\/a89f802b8de18c6952f223c88d3d106e9e3679839f4e25a02f4a6cc2ae6ba3b3?s=96&d=mm&r=g","caption":"Expresso Metropolitano"},"url":"https:\/\/expressometro.mx\/index.php\/author\/diego\/"}]}},"amp_enabled":true,"_links":{"self":[{"href":"https:\/\/expressometro.mx\/index.php\/wp-json\/wp\/v2\/posts\/968","targetHints":{"allow":["GET"]}}],"collection":[{"href":"https:\/\/expressometro.mx\/index.php\/wp-json\/wp\/v2\/posts"}],"about":[{"href":"https:\/\/expressometro.mx\/index.php\/wp-json\/wp\/v2\/types\/post"}],"author":[{"embeddable":true,"href":"https:\/\/expressometro.mx\/index.php\/wp-json\/wp\/v2\/users\/1"}],"replies":[{"embeddable":true,"href":"https:\/\/expressometro.mx\/index.php\/wp-json\/wp\/v2\/comments?post=968"}],"version-history":[{"count":1,"href":"https:\/\/expressometro.mx\/index.php\/wp-json\/wp\/v2\/posts\/968\/revisions"}],"predecessor-version":[{"id":970,"href":"https:\/\/expressometro.mx\/index.php\/wp-json\/wp\/v2\/posts\/968\/revisions\/970"}],"wp:featuredmedia":[{"embeddable":true,"href":"https:\/\/expressometro.mx\/index.php\/wp-json\/wp\/v2\/media\/969"}],"wp:attachment":[{"href":"https:\/\/expressometro.mx\/index.php\/wp-json\/wp\/v2\/media?parent=968"}],"wp:term":[{"taxonomy":"category","embeddable":true,"href":"https:\/\/expressometro.mx\/index.php\/wp-json\/wp\/v2\/categories?post=968"},{"taxonomy":"post_tag","embeddable":true,"href":"https:\/\/expressometro.mx\/index.php\/wp-json\/wp\/v2\/tags?post=968"}],"curies":[{"name":"wp","href":"https:\/\/api.w.org\/{rel}","templated":true}]}}