{"id":9640,"date":"2024-06-15T00:21:14","date_gmt":"2024-06-15T05:21:14","guid":{"rendered":"https:\/\/expressometro.mx\/?p=9640"},"modified":"2024-07-18T00:24:04","modified_gmt":"2024-07-18T05:24:04","slug":"sesiona-consejo-municipal-de-seguridad-publica","status":"publish","type":"post","link":"https:\/\/expressometro.mx\/index.php\/2024\/06\/15\/sesiona-consejo-municipal-de-seguridad-publica\/","title":{"rendered":"SESIONA CONSEJO MUNICIPAL DE SEGURIDAD P\u00daBLICA"},"content":{"rendered":"\n<p><\/p>\n\n\n\n<p>En el municipio de El Oro se llev\u00f3 a cabo la decimoquinta sesi\u00f3n del Consejo Municipal de Seguridad P\u00fablica, en la que cont\u00f3 con la participaci\u00f3n de integrantes del Cabildo, el coordinador regional del Secretariado Ejecutivo Estatal, funcionarios de diferentes dependencias de gobierno y autoridades auxiliares de las comunidades.<\/p>\n\n\n\n<p>Estas sesiones son de suma importancia, ya que su objetivo principal es promover el di\u00e1logo y la colaboraci\u00f3n entre los delegados y funcionarios presentes.<\/p>\n\n\n\n<p>A trav\u00e9s de este intercambio de ideas y experiencias, se busca alcanzar acuerdos y tomar medidas efectivas relacionadas con la seguridad en el municipio.<\/p>\n\n\n\n<p>La presidenta municipal Ruth Salazar Garc\u00eda conmin\u00f3 a avanzar en materia de<br>Seguridad Publica, Proteccion Civil y Bomberos para dar soluci\u00f3n permanente a las demandas ciudadanas.<\/p>\n","protected":false},"excerpt":{"rendered":"<p>En el municipio de El Oro se llev\u00f3 a cabo la decimoquinta sesi\u00f3n del Consejo Municipal de Seguridad P\u00fablica, en la que cont\u00f3 con la participaci\u00f3n de integrantes del Cabildo, el coordinador regional del Secretariado Ejecutivo Estatal, funcionarios de diferentes dependencias de gobierno y autoridades auxiliares de las comunidades.<\/p>\n","protected":false},"author":1,"featured_media":9631,"comment_status":"open","ping_status":"open","sticky":false,"template":"","format":"standard","meta":{"footnotes":""},"categories":[3,1,231,6],"tags":[1982,485,86,484],"class_list":["post-9640","post","type-post","status-publish","format-standard","has-post-thumbnail","hentry","category-gobierno","category-otros","category-politica","category-seguridad","tag-edomex","tag-el-oro","tag-gem","tag-ruth-salazar"],"yoast_head":"<!-- This site is optimized with the Yoast SEO plugin v27.5 - https:\/\/yoast.com\/product\/yoast-seo-wordpress\/ -->\n<title>SESIONA CONSEJO MUNICIPAL DE SEGURIDAD P\u00daBLICA - Expresso Metropolitano<\/title>\n<meta name=\"robots\" content=\"index, follow, max-snippet:-1, max-image-preview:large, max-video-preview:-1\" \/>\n<link rel=\"canonical\" href=\"https:\/\/expressometro.mx\/index.php\/2024\/06\/15\/sesiona-consejo-municipal-de-seguridad-publica\/\" \/>\n<meta property=\"og:locale\" content=\"es_MX\" \/>\n<meta property=\"og:type\" content=\"article\" \/>\n<meta property=\"og:title\" content=\"SESIONA CONSEJO MUNICIPAL DE SEGURIDAD P\u00daBLICA - Expresso Metropolitano\" \/>\n<meta property=\"og:description\" content=\"En el municipio de El Oro se llev\u00f3 a cabo la decimoquinta sesi\u00f3n del Consejo Municipal de Seguridad P\u00fablica, en la que cont\u00f3 con la participaci\u00f3n de integrantes del Cabildo, el coordinador regional del Secretariado Ejecutivo Estatal, funcionarios de diferentes dependencias de gobierno y autoridades auxiliares de las comunidades.\" \/>\n<meta property=\"og:url\" content=\"https:\/\/expressometro.mx\/index.php\/2024\/06\/15\/sesiona-consejo-municipal-de-seguridad-publica\/\" \/>\n<meta property=\"og:site_name\" content=\"Expresso Metropolitano\" \/>\n<meta property=\"article:published_time\" content=\"2024-06-15T05:21:14+00:00\" \/>\n<meta property=\"article:modified_time\" content=\"2024-07-18T05:24:04+00:00\" \/>\n<meta property=\"og:image\" content=\"http:\/\/expressometro.mx\/wp-content\/uploads\/2024\/07\/WhatsApp-Image-2024-07-17-at-6.00.58-PM-1.jpeg\" \/>\n\t<meta property=\"og:image:width\" content=\"1080\" \/>\n\t<meta property=\"og:image:height\" content=\"720\" \/>\n\t<meta property=\"og:image:type\" content=\"image\/jpeg\" \/>\n<meta name=\"author\" content=\"Expresso Metropolitano\" \/>\n<meta name=\"twitter:label1\" content=\"Escrito por\" \/>\n\t<meta name=\"twitter:data1\" content=\"Expresso Metropolitano\" \/>\n\t<meta name=\"twitter:label2\" content=\"Tiempo de lectura\" \/>\n\t<meta name=\"twitter:data2\" content=\"1 minuto\" \/>\n<script type=\"application\/ld+json\" class=\"yoast-schema-graph\">{\"@context\":\"https:\\\/\\\/schema.org\",\"@graph\":[{\"@type\":\"Article\",\"@id\":\"https:\\\/\\\/expressometro.mx\\\/index.php\\\/2024\\\/06\\\/15\\\/sesiona-consejo-municipal-de-seguridad-publica\\\/#article\",\"isPartOf\":{\"@id\":\"https:\\\/\\\/expressometro.mx\\\/index.php\\\/2024\\\/06\\\/15\\\/sesiona-consejo-municipal-de-seguridad-publica\\\/\"},\"author\":{\"name\":\"Expresso Metropolitano\",\"@id\":\"https:\\\/\\\/expressometro.mx\\\/#\\\/schema\\\/person\\\/efa971b4a0664db8ed5c22b1b0dd2f5d\"},\"headline\":\"SESIONA CONSEJO MUNICIPAL DE SEGURIDAD P\u00daBLICA\",\"datePublished\":\"2024-06-15T05:21:14+00:00\",\"dateModified\":\"2024-07-18T05:24:04+00:00\",\"mainEntityOfPage\":{\"@id\":\"https:\\\/\\\/expressometro.mx\\\/index.php\\\/2024\\\/06\\\/15\\\/sesiona-consejo-municipal-de-seguridad-publica\\\/\"},\"wordCount\":137,\"commentCount\":0,\"publisher\":{\"@id\":\"https:\\\/\\\/expressometro.mx\\\/#organization\"},\"image\":{\"@id\":\"https:\\\/\\\/expressometro.mx\\\/index.php\\\/2024\\\/06\\\/15\\\/sesiona-consejo-municipal-de-seguridad-publica\\\/#primaryimage\"},\"thumbnailUrl\":\"https:\\\/\\\/expressometro.mx\\\/wp-content\\\/uploads\\\/2024\\\/07\\\/WhatsApp-Image-2024-07-17-at-6.00.58-PM-1.jpeg\",\"keywords\":[\"Edomex\",\"El Oro\",\"GEM\",\"Ruth Salazar\"],\"articleSection\":[\"Gobierno\",\"Otros\",\"Pol\u00edtica\",\"Seguridad\"],\"inLanguage\":\"es\",\"potentialAction\":[{\"@type\":\"CommentAction\",\"name\":\"Comment\",\"target\":[\"https:\\\/\\\/expressometro.mx\\\/index.php\\\/2024\\\/06\\\/15\\\/sesiona-consejo-municipal-de-seguridad-publica\\\/#respond\"]}]},{\"@type\":\"WebPage\",\"@id\":\"https:\\\/\\\/expressometro.mx\\\/index.php\\\/2024\\\/06\\\/15\\\/sesiona-consejo-municipal-de-seguridad-publica\\\/\",\"url\":\"https:\\\/\\\/expressometro.mx\\\/index.php\\\/2024\\\/06\\\/15\\\/sesiona-consejo-municipal-de-seguridad-publica\\\/\",\"name\":\"SESIONA CONSEJO MUNICIPAL DE SEGURIDAD P\u00daBLICA - Expresso Metropolitano\",\"isPartOf\":{\"@id\":\"https:\\\/\\\/expressometro.mx\\\/#website\"},\"primaryImageOfPage\":{\"@id\":\"https:\\\/\\\/expressometro.mx\\\/index.php\\\/2024\\\/06\\\/15\\\/sesiona-consejo-municipal-de-seguridad-publica\\\/#primaryimage\"},\"image\":{\"@id\":\"https:\\\/\\\/expressometro.mx\\\/index.php\\\/2024\\\/06\\\/15\\\/sesiona-consejo-municipal-de-seguridad-publica\\\/#primaryimage\"},\"thumbnailUrl\":\"https:\\\/\\\/expressometro.mx\\\/wp-content\\\/uploads\\\/2024\\\/07\\\/WhatsApp-Image-2024-07-17-at-6.00.58-PM-1.jpeg\",\"datePublished\":\"2024-06-15T05:21:14+00:00\",\"dateModified\":\"2024-07-18T05:24:04+00:00\",\"breadcrumb\":{\"@id\":\"https:\\\/\\\/expressometro.mx\\\/index.php\\\/2024\\\/06\\\/15\\\/sesiona-consejo-municipal-de-seguridad-publica\\\/#breadcrumb\"},\"inLanguage\":\"es\",\"potentialAction\":[{\"@type\":\"ReadAction\",\"target\":[\"https:\\\/\\\/expressometro.mx\\\/index.php\\\/2024\\\/06\\\/15\\\/sesiona-consejo-municipal-de-seguridad-publica\\\/\"]}]},{\"@type\":\"ImageObject\",\"inLanguage\":\"es\",\"@id\":\"https:\\\/\\\/expressometro.mx\\\/index.php\\\/2024\\\/06\\\/15\\\/sesiona-consejo-municipal-de-seguridad-publica\\\/#primaryimage\",\"url\":\"https:\\\/\\\/expressometro.mx\\\/wp-content\\\/uploads\\\/2024\\\/07\\\/WhatsApp-Image-2024-07-17-at-6.00.58-PM-1.jpeg\",\"contentUrl\":\"https:\\\/\\\/expressometro.mx\\\/wp-content\\\/uploads\\\/2024\\\/07\\\/WhatsApp-Image-2024-07-17-at-6.00.58-PM-1.jpeg\",\"width\":1080,\"height\":720},{\"@type\":\"BreadcrumbList\",\"@id\":\"https:\\\/\\\/expressometro.mx\\\/index.php\\\/2024\\\/06\\\/15\\\/sesiona-consejo-municipal-de-seguridad-publica\\\/#breadcrumb\",\"itemListElement\":[{\"@type\":\"ListItem\",\"position\":1,\"name\":\"Inicio\",\"item\":\"https:\\\/\\\/expressometro.mx\\\/\"},{\"@type\":\"ListItem\",\"position\":2,\"name\":\"SESIONA CONSEJO MUNICIPAL DE SEGURIDAD P\u00daBLICA\"}]},{\"@type\":\"WebSite\",\"@id\":\"https:\\\/\\\/expressometro.mx\\\/#website\",\"url\":\"https:\\\/\\\/expressometro.mx\\\/\",\"name\":\"Expresso Metropolitano\",\"description\":\"Periodismo comprometido, informaci\u00f3n, investigaci\u00f3n y an\u00e1lisis\",\"publisher\":{\"@id\":\"https:\\\/\\\/expressometro.mx\\\/#organization\"},\"potentialAction\":[{\"@type\":\"SearchAction\",\"target\":{\"@type\":\"EntryPoint\",\"urlTemplate\":\"https:\\\/\\\/expressometro.mx\\\/?s={search_term_string}\"},\"query-input\":{\"@type\":\"PropertyValueSpecification\",\"valueRequired\":true,\"valueName\":\"search_term_string\"}}],\"inLanguage\":\"es\"},{\"@type\":\"Organization\",\"@id\":\"https:\\\/\\\/expressometro.mx\\\/#organization\",\"name\":\"Expresso Metropolitano\",\"url\":\"https:\\\/\\\/expressometro.mx\\\/\",\"logo\":{\"@type\":\"ImageObject\",\"inLanguage\":\"es\",\"@id\":\"https:\\\/\\\/expressometro.mx\\\/#\\\/schema\\\/logo\\\/image\\\/\",\"url\":\"https:\\\/\\\/expressometro.mx\\\/wp-content\\\/uploads\\\/2019\\\/07\\\/cropped-Logo-Expresso-Metropolitano-1-1.jpeg\",\"contentUrl\":\"https:\\\/\\\/expressometro.mx\\\/wp-content\\\/uploads\\\/2019\\\/07\\\/cropped-Logo-Expresso-Metropolitano-1-1.jpeg\",\"width\":290,\"height\":73,\"caption\":\"Expresso Metropolitano\"},\"image\":{\"@id\":\"https:\\\/\\\/expressometro.mx\\\/#\\\/schema\\\/logo\\\/image\\\/\"}},{\"@type\":\"Person\",\"@id\":\"https:\\\/\\\/expressometro.mx\\\/#\\\/schema\\\/person\\\/efa971b4a0664db8ed5c22b1b0dd2f5d\",\"name\":\"Expresso Metropolitano\",\"image\":{\"@type\":\"ImageObject\",\"inLanguage\":\"es\",\"@id\":\"https:\\\/\\\/secure.gravatar.com\\\/avatar\\\/a89f802b8de18c6952f223c88d3d106e9e3679839f4e25a02f4a6cc2ae6ba3b3?s=96&d=mm&r=g\",\"url\":\"https:\\\/\\\/secure.gravatar.com\\\/avatar\\\/a89f802b8de18c6952f223c88d3d106e9e3679839f4e25a02f4a6cc2ae6ba3b3?s=96&d=mm&r=g\",\"contentUrl\":\"https:\\\/\\\/secure.gravatar.com\\\/avatar\\\/a89f802b8de18c6952f223c88d3d106e9e3679839f4e25a02f4a6cc2ae6ba3b3?s=96&d=mm&r=g\",\"caption\":\"Expresso Metropolitano\"},\"url\":\"https:\\\/\\\/expressometro.mx\\\/index.php\\\/author\\\/diego\\\/\"}]}<\/script>\n<!-- \/ Yoast SEO plugin. -->","yoast_head_json":{"title":"SESIONA CONSEJO MUNICIPAL DE SEGURIDAD P\u00daBLICA - Expresso Metropolitano","robots":{"index":"index","follow":"follow","max-snippet":"max-snippet:-1","max-image-preview":"max-image-preview:large","max-video-preview":"max-video-preview:-1"},"canonical":"https:\/\/expressometro.mx\/index.php\/2024\/06\/15\/sesiona-consejo-municipal-de-seguridad-publica\/","og_locale":"es_MX","og_type":"article","og_title":"SESIONA CONSEJO MUNICIPAL DE SEGURIDAD P\u00daBLICA - Expresso Metropolitano","og_description":"En el municipio de El Oro se llev\u00f3 a cabo la decimoquinta sesi\u00f3n del Consejo Municipal de Seguridad P\u00fablica, en la que cont\u00f3 con la participaci\u00f3n de integrantes del Cabildo, el coordinador regional del Secretariado Ejecutivo Estatal, funcionarios de diferentes dependencias de gobierno y autoridades auxiliares de las comunidades.","og_url":"https:\/\/expressometro.mx\/index.php\/2024\/06\/15\/sesiona-consejo-municipal-de-seguridad-publica\/","og_site_name":"Expresso Metropolitano","article_published_time":"2024-06-15T05:21:14+00:00","article_modified_time":"2024-07-18T05:24:04+00:00","og_image":[{"width":1080,"height":720,"url":"http:\/\/expressometro.mx\/wp-content\/uploads\/2024\/07\/WhatsApp-Image-2024-07-17-at-6.00.58-PM-1.jpeg","type":"image\/jpeg"}],"author":"Expresso Metropolitano","twitter_misc":{"Escrito por":"Expresso Metropolitano","Tiempo de lectura":"1 minuto"},"schema":{"@context":"https:\/\/schema.org","@graph":[{"@type":"Article","@id":"https:\/\/expressometro.mx\/index.php\/2024\/06\/15\/sesiona-consejo-municipal-de-seguridad-publica\/#article","isPartOf":{"@id":"https:\/\/expressometro.mx\/index.php\/2024\/06\/15\/sesiona-consejo-municipal-de-seguridad-publica\/"},"author":{"name":"Expresso Metropolitano","@id":"https:\/\/expressometro.mx\/#\/schema\/person\/efa971b4a0664db8ed5c22b1b0dd2f5d"},"headline":"SESIONA CONSEJO MUNICIPAL DE SEGURIDAD P\u00daBLICA","datePublished":"2024-06-15T05:21:14+00:00","dateModified":"2024-07-18T05:24:04+00:00","mainEntityOfPage":{"@id":"https:\/\/expressometro.mx\/index.php\/2024\/06\/15\/sesiona-consejo-municipal-de-seguridad-publica\/"},"wordCount":137,"commentCount":0,"publisher":{"@id":"https:\/\/expressometro.mx\/#organization"},"image":{"@id":"https:\/\/expressometro.mx\/index.php\/2024\/06\/15\/sesiona-consejo-municipal-de-seguridad-publica\/#primaryimage"},"thumbnailUrl":"https:\/\/expressometro.mx\/wp-content\/uploads\/2024\/07\/WhatsApp-Image-2024-07-17-at-6.00.58-PM-1.jpeg","keywords":["Edomex","El Oro","GEM","Ruth Salazar"],"articleSection":["Gobierno","Otros","Pol\u00edtica","Seguridad"],"inLanguage":"es","potentialAction":[{"@type":"CommentAction","name":"Comment","target":["https:\/\/expressometro.mx\/index.php\/2024\/06\/15\/sesiona-consejo-municipal-de-seguridad-publica\/#respond"]}]},{"@type":"WebPage","@id":"https:\/\/expressometro.mx\/index.php\/2024\/06\/15\/sesiona-consejo-municipal-de-seguridad-publica\/","url":"https:\/\/expressometro.mx\/index.php\/2024\/06\/15\/sesiona-consejo-municipal-de-seguridad-publica\/","name":"SESIONA CONSEJO MUNICIPAL DE SEGURIDAD P\u00daBLICA - Expresso Metropolitano","isPartOf":{"@id":"https:\/\/expressometro.mx\/#website"},"primaryImageOfPage":{"@id":"https:\/\/expressometro.mx\/index.php\/2024\/06\/15\/sesiona-consejo-municipal-de-seguridad-publica\/#primaryimage"},"image":{"@id":"https:\/\/expressometro.mx\/index.php\/2024\/06\/15\/sesiona-consejo-municipal-de-seguridad-publica\/#primaryimage"},"thumbnailUrl":"https:\/\/expressometro.mx\/wp-content\/uploads\/2024\/07\/WhatsApp-Image-2024-07-17-at-6.00.58-PM-1.jpeg","datePublished":"2024-06-15T05:21:14+00:00","dateModified":"2024-07-18T05:24:04+00:00","breadcrumb":{"@id":"https:\/\/expressometro.mx\/index.php\/2024\/06\/15\/sesiona-consejo-municipal-de-seguridad-publica\/#breadcrumb"},"inLanguage":"es","potentialAction":[{"@type":"ReadAction","target":["https:\/\/expressometro.mx\/index.php\/2024\/06\/15\/sesiona-consejo-municipal-de-seguridad-publica\/"]}]},{"@type":"ImageObject","inLanguage":"es","@id":"https:\/\/expressometro.mx\/index.php\/2024\/06\/15\/sesiona-consejo-municipal-de-seguridad-publica\/#primaryimage","url":"https:\/\/expressometro.mx\/wp-content\/uploads\/2024\/07\/WhatsApp-Image-2024-07-17-at-6.00.58-PM-1.jpeg","contentUrl":"https:\/\/expressometro.mx\/wp-content\/uploads\/2024\/07\/WhatsApp-Image-2024-07-17-at-6.00.58-PM-1.jpeg","width":1080,"height":720},{"@type":"BreadcrumbList","@id":"https:\/\/expressometro.mx\/index.php\/2024\/06\/15\/sesiona-consejo-municipal-de-seguridad-publica\/#breadcrumb","itemListElement":[{"@type":"ListItem","position":1,"name":"Inicio","item":"https:\/\/expressometro.mx\/"},{"@type":"ListItem","position":2,"name":"SESIONA CONSEJO MUNICIPAL DE SEGURIDAD P\u00daBLICA"}]},{"@type":"WebSite","@id":"https:\/\/expressometro.mx\/#website","url":"https:\/\/expressometro.mx\/","name":"Expresso Metropolitano","description":"Periodismo comprometido, informaci\u00f3n, investigaci\u00f3n y an\u00e1lisis","publisher":{"@id":"https:\/\/expressometro.mx\/#organization"},"potentialAction":[{"@type":"SearchAction","target":{"@type":"EntryPoint","urlTemplate":"https:\/\/expressometro.mx\/?s={search_term_string}"},"query-input":{"@type":"PropertyValueSpecification","valueRequired":true,"valueName":"search_term_string"}}],"inLanguage":"es"},{"@type":"Organization","@id":"https:\/\/expressometro.mx\/#organization","name":"Expresso Metropolitano","url":"https:\/\/expressometro.mx\/","logo":{"@type":"ImageObject","inLanguage":"es","@id":"https:\/\/expressometro.mx\/#\/schema\/logo\/image\/","url":"https:\/\/expressometro.mx\/wp-content\/uploads\/2019\/07\/cropped-Logo-Expresso-Metropolitano-1-1.jpeg","contentUrl":"https:\/\/expressometro.mx\/wp-content\/uploads\/2019\/07\/cropped-Logo-Expresso-Metropolitano-1-1.jpeg","width":290,"height":73,"caption":"Expresso Metropolitano"},"image":{"@id":"https:\/\/expressometro.mx\/#\/schema\/logo\/image\/"}},{"@type":"Person","@id":"https:\/\/expressometro.mx\/#\/schema\/person\/efa971b4a0664db8ed5c22b1b0dd2f5d","name":"Expresso Metropolitano","image":{"@type":"ImageObject","inLanguage":"es","@id":"https:\/\/secure.gravatar.com\/avatar\/a89f802b8de18c6952f223c88d3d106e9e3679839f4e25a02f4a6cc2ae6ba3b3?s=96&d=mm&r=g","url":"https:\/\/secure.gravatar.com\/avatar\/a89f802b8de18c6952f223c88d3d106e9e3679839f4e25a02f4a6cc2ae6ba3b3?s=96&d=mm&r=g","contentUrl":"https:\/\/secure.gravatar.com\/avatar\/a89f802b8de18c6952f223c88d3d106e9e3679839f4e25a02f4a6cc2ae6ba3b3?s=96&d=mm&r=g","caption":"Expresso Metropolitano"},"url":"https:\/\/expressometro.mx\/index.php\/author\/diego\/"}]}},"amp_enabled":true,"_links":{"self":[{"href":"https:\/\/expressometro.mx\/index.php\/wp-json\/wp\/v2\/posts\/9640","targetHints":{"allow":["GET"]}}],"collection":[{"href":"https:\/\/expressometro.mx\/index.php\/wp-json\/wp\/v2\/posts"}],"about":[{"href":"https:\/\/expressometro.mx\/index.php\/wp-json\/wp\/v2\/types\/post"}],"author":[{"embeddable":true,"href":"https:\/\/expressometro.mx\/index.php\/wp-json\/wp\/v2\/users\/1"}],"replies":[{"embeddable":true,"href":"https:\/\/expressometro.mx\/index.php\/wp-json\/wp\/v2\/comments?post=9640"}],"version-history":[{"count":1,"href":"https:\/\/expressometro.mx\/index.php\/wp-json\/wp\/v2\/posts\/9640\/revisions"}],"predecessor-version":[{"id":9642,"href":"https:\/\/expressometro.mx\/index.php\/wp-json\/wp\/v2\/posts\/9640\/revisions\/9642"}],"wp:featuredmedia":[{"embeddable":true,"href":"https:\/\/expressometro.mx\/index.php\/wp-json\/wp\/v2\/media\/9631"}],"wp:attachment":[{"href":"https:\/\/expressometro.mx\/index.php\/wp-json\/wp\/v2\/media?parent=9640"}],"wp:term":[{"taxonomy":"category","embeddable":true,"href":"https:\/\/expressometro.mx\/index.php\/wp-json\/wp\/v2\/categories?post=9640"},{"taxonomy":"post_tag","embeddable":true,"href":"https:\/\/expressometro.mx\/index.php\/wp-json\/wp\/v2\/tags?post=9640"}],"curies":[{"name":"wp","href":"https:\/\/api.w.org\/{rel}","templated":true}]}}