{"id":9602,"date":"2024-06-27T11:20:55","date_gmt":"2024-06-27T16:20:55","guid":{"rendered":"https:\/\/expressometro.mx\/?p=9602"},"modified":"2024-07-05T11:27:28","modified_gmt":"2024-07-05T16:27:28","slug":"realiza-gobierno-de-ixtlahuaca-jornada-de-vacunacion-antirrabica-canina-y-felina","status":"publish","type":"post","link":"https:\/\/expressometro.mx\/index.php\/2024\/06\/27\/realiza-gobierno-de-ixtlahuaca-jornada-de-vacunacion-antirrabica-canina-y-felina\/","title":{"rendered":"REALIZA GOBIERNO DE IXTLAHUACA JORNADA DE VACUNACI\u00d3N ANTIRR\u00c1BICA CANINA Y FELINA"},"content":{"rendered":"\n<p>Ixtlahuaca, M\u00e9xico; 27 de junio de 2024. Desde el pasado 24 de junio, el Gobierno Municipal de Ixtlahuaca lleva a cabo una jornada de vacunaci\u00f3n antirr\u00e1bica canina y felina sin costo.<\/p>\n\n\n\n<p>Esta iniciativa, que se extender\u00e1 hasta el 28 de junio, se realiza en coordinaci\u00f3n con el Instituto de Salud del Estado de M\u00e9xico (ISEM) y busca atender a m\u00e1s de mil mascotas en tres ubicaciones de la cabecera municipal: la Plaza Estado de M\u00e9xico, el Parque Mario Moreno y el Jard\u00edn Ju\u00e1rez, en un horario de 10:00 a 15:00 horas.<\/p>\n\n\n\n<p>La vacunaci\u00f3n antirr\u00e1bica es una medida crucial para controlar y prevenir la rabia, una enfermedad mortal que afecta tanto a los animales como a los humanos.<\/p>\n\n\n\n<p>En M\u00e9xico, desde 1995 se han establecido campa\u00f1as masivas de vacunaci\u00f3n para prevenir la transmisi\u00f3n de la rabia, y el pa\u00eds fue declarado por la OMS libre de rabia humana transmitida por perros en 2019.<\/p>\n\n\n\n<p>Sin embargo, la aparici\u00f3n de casos recientes en varios estados ha resaltado la importancia continua de estas campa\u00f1as.<\/p>\n\n\n\n<p>\u201cLa salud y el cuidado de nuestros animales de compa\u00f1\u00eda es una prioridad. Con estas acciones, buscamos fomentar una cultura de responsabilidad y respeto hacia los animales\u201d, indic\u00f3 Abuzeid Lozano Casta\u00f1eda, presidente municipal de Ixtlahuaca.<\/p>\n\n\n\n<p>Adem\u00e1s de la jornada de vacunaci\u00f3n, el Gobierno Municipal est\u00e1 avanzando en los trabajos del proyecto ejecutivo para la construcci\u00f3n del primer centro de bienestar animal del municipio. Este centro, que se est\u00e1 desarrollando en colaboraci\u00f3n con diversas asociaciones protectoras de animales, ofrecer\u00e1 servicios m\u00e9dicos, programas de adopci\u00f3n y actividades educativas sobre el cuidado responsable de mascotas.<\/p>\n\n\n\n<p>El centro de bienestar animal representa un paso importante hacia la creaci\u00f3n de un entorno m\u00e1s seguro y saludable para los animales de compa\u00f1\u00eda en Ixtlahuaca. \u201cQueremos asegurar que todos los animales tengan acceso a atenci\u00f3n m\u00e9dica adecuada y que nuestros ciudadanos est\u00e9n educados sobre la importancia del cuidado responsable de sus mascotas\u201d, agreg\u00f3 Abuzeid Lozano.<\/p>\n","protected":false},"excerpt":{"rendered":"<p>La vacunaci\u00f3n antirr\u00e1bica es una medida crucial para controlar y prevenir la rabia, una enfermedad mortal que afecta tanto a los animales como a los humanos.<\/p>\n","protected":false},"author":2,"featured_media":9606,"comment_status":"open","ping_status":"open","sticky":false,"template":"","format":"standard","meta":{"footnotes":""},"categories":[8],"tags":[425,1223],"class_list":["post-9602","post","type-post","status-publish","format-standard","has-post-thumbnail","hentry","category-medio-ambiente","tag-abuzeid-lozano","tag-ixtkahuaca"],"yoast_head":"<!-- This site is optimized with the Yoast SEO plugin v27.5 - https:\/\/yoast.com\/product\/yoast-seo-wordpress\/ -->\n<title>REALIZA GOBIERNO DE IXTLAHUACA JORNADA DE VACUNACI\u00d3N ANTIRR\u00c1BICA CANINA Y FELINA - Expresso Metropolitano<\/title>\n<meta name=\"robots\" content=\"index, follow, max-snippet:-1, max-image-preview:large, max-video-preview:-1\" \/>\n<link rel=\"canonical\" href=\"https:\/\/expressometro.mx\/index.php\/2024\/06\/27\/realiza-gobierno-de-ixtlahuaca-jornada-de-vacunacion-antirrabica-canina-y-felina\/\" \/>\n<meta property=\"og:locale\" content=\"es_MX\" \/>\n<meta property=\"og:type\" content=\"article\" \/>\n<meta property=\"og:title\" content=\"REALIZA GOBIERNO DE IXTLAHUACA JORNADA DE VACUNACI\u00d3N ANTIRR\u00c1BICA CANINA Y FELINA - Expresso Metropolitano\" \/>\n<meta property=\"og:description\" content=\"La vacunaci\u00f3n antirr\u00e1bica es una medida crucial para controlar y prevenir la rabia, una enfermedad mortal que afecta tanto a los animales como a los humanos.\" \/>\n<meta property=\"og:url\" content=\"https:\/\/expressometro.mx\/index.php\/2024\/06\/27\/realiza-gobierno-de-ixtlahuaca-jornada-de-vacunacion-antirrabica-canina-y-felina\/\" \/>\n<meta property=\"og:site_name\" content=\"Expresso Metropolitano\" \/>\n<meta property=\"article:published_time\" content=\"2024-06-27T16:20:55+00:00\" \/>\n<meta property=\"article:modified_time\" content=\"2024-07-05T16:27:28+00:00\" \/>\n<meta property=\"og:image\" content=\"http:\/\/expressometro.mx\/wp-content\/uploads\/2024\/07\/IMG_4767.jpeg\" \/>\n\t<meta property=\"og:image:width\" content=\"1200\" \/>\n\t<meta property=\"og:image:height\" content=\"1600\" \/>\n\t<meta property=\"og:image:type\" content=\"image\/jpeg\" \/>\n<meta name=\"author\" content=\"Cecilia Vega\" \/>\n<meta name=\"twitter:label1\" content=\"Escrito por\" \/>\n\t<meta name=\"twitter:data1\" content=\"Cecilia Vega\" \/>\n\t<meta name=\"twitter:label2\" content=\"Tiempo de lectura\" \/>\n\t<meta name=\"twitter:data2\" content=\"2 minutos\" \/>\n<script type=\"application\/ld+json\" class=\"yoast-schema-graph\">{\"@context\":\"https:\\\/\\\/schema.org\",\"@graph\":[{\"@type\":\"Article\",\"@id\":\"https:\\\/\\\/expressometro.mx\\\/index.php\\\/2024\\\/06\\\/27\\\/realiza-gobierno-de-ixtlahuaca-jornada-de-vacunacion-antirrabica-canina-y-felina\\\/#article\",\"isPartOf\":{\"@id\":\"https:\\\/\\\/expressometro.mx\\\/index.php\\\/2024\\\/06\\\/27\\\/realiza-gobierno-de-ixtlahuaca-jornada-de-vacunacion-antirrabica-canina-y-felina\\\/\"},\"author\":{\"name\":\"Cecilia Vega\",\"@id\":\"https:\\\/\\\/expressometro.mx\\\/#\\\/schema\\\/person\\\/67a95b8e3862085c7598f66237488f1f\"},\"headline\":\"REALIZA GOBIERNO DE IXTLAHUACA JORNADA DE VACUNACI\u00d3N ANTIRR\u00c1BICA CANINA Y FELINA\",\"datePublished\":\"2024-06-27T16:20:55+00:00\",\"dateModified\":\"2024-07-05T16:27:28+00:00\",\"mainEntityOfPage\":{\"@id\":\"https:\\\/\\\/expressometro.mx\\\/index.php\\\/2024\\\/06\\\/27\\\/realiza-gobierno-de-ixtlahuaca-jornada-de-vacunacion-antirrabica-canina-y-felina\\\/\"},\"wordCount\":355,\"commentCount\":0,\"publisher\":{\"@id\":\"https:\\\/\\\/expressometro.mx\\\/#organization\"},\"image\":{\"@id\":\"https:\\\/\\\/expressometro.mx\\\/index.php\\\/2024\\\/06\\\/27\\\/realiza-gobierno-de-ixtlahuaca-jornada-de-vacunacion-antirrabica-canina-y-felina\\\/#primaryimage\"},\"thumbnailUrl\":\"https:\\\/\\\/expressometro.mx\\\/wp-content\\\/uploads\\\/2024\\\/07\\\/IMG_4767.jpeg\",\"keywords\":[\"Abuzeid Lozano\",\"Ixtkahuaca\"],\"articleSection\":[\"Medio ambiente\"],\"inLanguage\":\"es\",\"potentialAction\":[{\"@type\":\"CommentAction\",\"name\":\"Comment\",\"target\":[\"https:\\\/\\\/expressometro.mx\\\/index.php\\\/2024\\\/06\\\/27\\\/realiza-gobierno-de-ixtlahuaca-jornada-de-vacunacion-antirrabica-canina-y-felina\\\/#respond\"]}]},{\"@type\":\"WebPage\",\"@id\":\"https:\\\/\\\/expressometro.mx\\\/index.php\\\/2024\\\/06\\\/27\\\/realiza-gobierno-de-ixtlahuaca-jornada-de-vacunacion-antirrabica-canina-y-felina\\\/\",\"url\":\"https:\\\/\\\/expressometro.mx\\\/index.php\\\/2024\\\/06\\\/27\\\/realiza-gobierno-de-ixtlahuaca-jornada-de-vacunacion-antirrabica-canina-y-felina\\\/\",\"name\":\"REALIZA GOBIERNO DE IXTLAHUACA JORNADA DE VACUNACI\u00d3N ANTIRR\u00c1BICA CANINA Y FELINA - Expresso Metropolitano\",\"isPartOf\":{\"@id\":\"https:\\\/\\\/expressometro.mx\\\/#website\"},\"primaryImageOfPage\":{\"@id\":\"https:\\\/\\\/expressometro.mx\\\/index.php\\\/2024\\\/06\\\/27\\\/realiza-gobierno-de-ixtlahuaca-jornada-de-vacunacion-antirrabica-canina-y-felina\\\/#primaryimage\"},\"image\":{\"@id\":\"https:\\\/\\\/expressometro.mx\\\/index.php\\\/2024\\\/06\\\/27\\\/realiza-gobierno-de-ixtlahuaca-jornada-de-vacunacion-antirrabica-canina-y-felina\\\/#primaryimage\"},\"thumbnailUrl\":\"https:\\\/\\\/expressometro.mx\\\/wp-content\\\/uploads\\\/2024\\\/07\\\/IMG_4767.jpeg\",\"datePublished\":\"2024-06-27T16:20:55+00:00\",\"dateModified\":\"2024-07-05T16:27:28+00:00\",\"breadcrumb\":{\"@id\":\"https:\\\/\\\/expressometro.mx\\\/index.php\\\/2024\\\/06\\\/27\\\/realiza-gobierno-de-ixtlahuaca-jornada-de-vacunacion-antirrabica-canina-y-felina\\\/#breadcrumb\"},\"inLanguage\":\"es\",\"potentialAction\":[{\"@type\":\"ReadAction\",\"target\":[\"https:\\\/\\\/expressometro.mx\\\/index.php\\\/2024\\\/06\\\/27\\\/realiza-gobierno-de-ixtlahuaca-jornada-de-vacunacion-antirrabica-canina-y-felina\\\/\"]}]},{\"@type\":\"ImageObject\",\"inLanguage\":\"es\",\"@id\":\"https:\\\/\\\/expressometro.mx\\\/index.php\\\/2024\\\/06\\\/27\\\/realiza-gobierno-de-ixtlahuaca-jornada-de-vacunacion-antirrabica-canina-y-felina\\\/#primaryimage\",\"url\":\"https:\\\/\\\/expressometro.mx\\\/wp-content\\\/uploads\\\/2024\\\/07\\\/IMG_4767.jpeg\",\"contentUrl\":\"https:\\\/\\\/expressometro.mx\\\/wp-content\\\/uploads\\\/2024\\\/07\\\/IMG_4767.jpeg\",\"width\":1200,\"height\":1600},{\"@type\":\"BreadcrumbList\",\"@id\":\"https:\\\/\\\/expressometro.mx\\\/index.php\\\/2024\\\/06\\\/27\\\/realiza-gobierno-de-ixtlahuaca-jornada-de-vacunacion-antirrabica-canina-y-felina\\\/#breadcrumb\",\"itemListElement\":[{\"@type\":\"ListItem\",\"position\":1,\"name\":\"Inicio\",\"item\":\"https:\\\/\\\/expressometro.mx\\\/\"},{\"@type\":\"ListItem\",\"position\":2,\"name\":\"REALIZA GOBIERNO DE IXTLAHUACA JORNADA DE VACUNACI\u00d3N ANTIRR\u00c1BICA CANINA Y FELINA\"}]},{\"@type\":\"WebSite\",\"@id\":\"https:\\\/\\\/expressometro.mx\\\/#website\",\"url\":\"https:\\\/\\\/expressometro.mx\\\/\",\"name\":\"Expresso Metropolitano\",\"description\":\"Periodismo comprometido, informaci\u00f3n, investigaci\u00f3n y an\u00e1lisis\",\"publisher\":{\"@id\":\"https:\\\/\\\/expressometro.mx\\\/#organization\"},\"potentialAction\":[{\"@type\":\"SearchAction\",\"target\":{\"@type\":\"EntryPoint\",\"urlTemplate\":\"https:\\\/\\\/expressometro.mx\\\/?s={search_term_string}\"},\"query-input\":{\"@type\":\"PropertyValueSpecification\",\"valueRequired\":true,\"valueName\":\"search_term_string\"}}],\"inLanguage\":\"es\"},{\"@type\":\"Organization\",\"@id\":\"https:\\\/\\\/expressometro.mx\\\/#organization\",\"name\":\"Expresso Metropolitano\",\"url\":\"https:\\\/\\\/expressometro.mx\\\/\",\"logo\":{\"@type\":\"ImageObject\",\"inLanguage\":\"es\",\"@id\":\"https:\\\/\\\/expressometro.mx\\\/#\\\/schema\\\/logo\\\/image\\\/\",\"url\":\"https:\\\/\\\/expressometro.mx\\\/wp-content\\\/uploads\\\/2019\\\/07\\\/cropped-Logo-Expresso-Metropolitano-1-1.jpeg\",\"contentUrl\":\"https:\\\/\\\/expressometro.mx\\\/wp-content\\\/uploads\\\/2019\\\/07\\\/cropped-Logo-Expresso-Metropolitano-1-1.jpeg\",\"width\":290,\"height\":73,\"caption\":\"Expresso Metropolitano\"},\"image\":{\"@id\":\"https:\\\/\\\/expressometro.mx\\\/#\\\/schema\\\/logo\\\/image\\\/\"}},{\"@type\":\"Person\",\"@id\":\"https:\\\/\\\/expressometro.mx\\\/#\\\/schema\\\/person\\\/67a95b8e3862085c7598f66237488f1f\",\"name\":\"Cecilia Vega\",\"image\":{\"@type\":\"ImageObject\",\"inLanguage\":\"es\",\"@id\":\"https:\\\/\\\/secure.gravatar.com\\\/avatar\\\/13aae9944ab2ee472a9e407c9487fdbd03b049abaa559af32fe5dbcf615c981b?s=96&d=mm&r=g\",\"url\":\"https:\\\/\\\/secure.gravatar.com\\\/avatar\\\/13aae9944ab2ee472a9e407c9487fdbd03b049abaa559af32fe5dbcf615c981b?s=96&d=mm&r=g\",\"contentUrl\":\"https:\\\/\\\/secure.gravatar.com\\\/avatar\\\/13aae9944ab2ee472a9e407c9487fdbd03b049abaa559af32fe5dbcf615c981b?s=96&d=mm&r=g\",\"caption\":\"Cecilia Vega\"},\"url\":\"https:\\\/\\\/expressometro.mx\\\/index.php\\\/author\\\/cecilia-vega\\\/\"}]}<\/script>\n<!-- \/ Yoast SEO plugin. -->","yoast_head_json":{"title":"REALIZA GOBIERNO DE IXTLAHUACA JORNADA DE VACUNACI\u00d3N ANTIRR\u00c1BICA CANINA Y FELINA - Expresso Metropolitano","robots":{"index":"index","follow":"follow","max-snippet":"max-snippet:-1","max-image-preview":"max-image-preview:large","max-video-preview":"max-video-preview:-1"},"canonical":"https:\/\/expressometro.mx\/index.php\/2024\/06\/27\/realiza-gobierno-de-ixtlahuaca-jornada-de-vacunacion-antirrabica-canina-y-felina\/","og_locale":"es_MX","og_type":"article","og_title":"REALIZA GOBIERNO DE IXTLAHUACA JORNADA DE VACUNACI\u00d3N ANTIRR\u00c1BICA CANINA Y FELINA - Expresso Metropolitano","og_description":"La vacunaci\u00f3n antirr\u00e1bica es una medida crucial para controlar y prevenir la rabia, una enfermedad mortal que afecta tanto a los animales como a los humanos.","og_url":"https:\/\/expressometro.mx\/index.php\/2024\/06\/27\/realiza-gobierno-de-ixtlahuaca-jornada-de-vacunacion-antirrabica-canina-y-felina\/","og_site_name":"Expresso Metropolitano","article_published_time":"2024-06-27T16:20:55+00:00","article_modified_time":"2024-07-05T16:27:28+00:00","og_image":[{"width":1200,"height":1600,"url":"http:\/\/expressometro.mx\/wp-content\/uploads\/2024\/07\/IMG_4767.jpeg","type":"image\/jpeg"}],"author":"Cecilia Vega","twitter_misc":{"Escrito por":"Cecilia Vega","Tiempo de lectura":"2 minutos"},"schema":{"@context":"https:\/\/schema.org","@graph":[{"@type":"Article","@id":"https:\/\/expressometro.mx\/index.php\/2024\/06\/27\/realiza-gobierno-de-ixtlahuaca-jornada-de-vacunacion-antirrabica-canina-y-felina\/#article","isPartOf":{"@id":"https:\/\/expressometro.mx\/index.php\/2024\/06\/27\/realiza-gobierno-de-ixtlahuaca-jornada-de-vacunacion-antirrabica-canina-y-felina\/"},"author":{"name":"Cecilia Vega","@id":"https:\/\/expressometro.mx\/#\/schema\/person\/67a95b8e3862085c7598f66237488f1f"},"headline":"REALIZA GOBIERNO DE IXTLAHUACA JORNADA DE VACUNACI\u00d3N ANTIRR\u00c1BICA CANINA Y FELINA","datePublished":"2024-06-27T16:20:55+00:00","dateModified":"2024-07-05T16:27:28+00:00","mainEntityOfPage":{"@id":"https:\/\/expressometro.mx\/index.php\/2024\/06\/27\/realiza-gobierno-de-ixtlahuaca-jornada-de-vacunacion-antirrabica-canina-y-felina\/"},"wordCount":355,"commentCount":0,"publisher":{"@id":"https:\/\/expressometro.mx\/#organization"},"image":{"@id":"https:\/\/expressometro.mx\/index.php\/2024\/06\/27\/realiza-gobierno-de-ixtlahuaca-jornada-de-vacunacion-antirrabica-canina-y-felina\/#primaryimage"},"thumbnailUrl":"https:\/\/expressometro.mx\/wp-content\/uploads\/2024\/07\/IMG_4767.jpeg","keywords":["Abuzeid Lozano","Ixtkahuaca"],"articleSection":["Medio ambiente"],"inLanguage":"es","potentialAction":[{"@type":"CommentAction","name":"Comment","target":["https:\/\/expressometro.mx\/index.php\/2024\/06\/27\/realiza-gobierno-de-ixtlahuaca-jornada-de-vacunacion-antirrabica-canina-y-felina\/#respond"]}]},{"@type":"WebPage","@id":"https:\/\/expressometro.mx\/index.php\/2024\/06\/27\/realiza-gobierno-de-ixtlahuaca-jornada-de-vacunacion-antirrabica-canina-y-felina\/","url":"https:\/\/expressometro.mx\/index.php\/2024\/06\/27\/realiza-gobierno-de-ixtlahuaca-jornada-de-vacunacion-antirrabica-canina-y-felina\/","name":"REALIZA GOBIERNO DE IXTLAHUACA JORNADA DE VACUNACI\u00d3N ANTIRR\u00c1BICA CANINA Y FELINA - Expresso Metropolitano","isPartOf":{"@id":"https:\/\/expressometro.mx\/#website"},"primaryImageOfPage":{"@id":"https:\/\/expressometro.mx\/index.php\/2024\/06\/27\/realiza-gobierno-de-ixtlahuaca-jornada-de-vacunacion-antirrabica-canina-y-felina\/#primaryimage"},"image":{"@id":"https:\/\/expressometro.mx\/index.php\/2024\/06\/27\/realiza-gobierno-de-ixtlahuaca-jornada-de-vacunacion-antirrabica-canina-y-felina\/#primaryimage"},"thumbnailUrl":"https:\/\/expressometro.mx\/wp-content\/uploads\/2024\/07\/IMG_4767.jpeg","datePublished":"2024-06-27T16:20:55+00:00","dateModified":"2024-07-05T16:27:28+00:00","breadcrumb":{"@id":"https:\/\/expressometro.mx\/index.php\/2024\/06\/27\/realiza-gobierno-de-ixtlahuaca-jornada-de-vacunacion-antirrabica-canina-y-felina\/#breadcrumb"},"inLanguage":"es","potentialAction":[{"@type":"ReadAction","target":["https:\/\/expressometro.mx\/index.php\/2024\/06\/27\/realiza-gobierno-de-ixtlahuaca-jornada-de-vacunacion-antirrabica-canina-y-felina\/"]}]},{"@type":"ImageObject","inLanguage":"es","@id":"https:\/\/expressometro.mx\/index.php\/2024\/06\/27\/realiza-gobierno-de-ixtlahuaca-jornada-de-vacunacion-antirrabica-canina-y-felina\/#primaryimage","url":"https:\/\/expressometro.mx\/wp-content\/uploads\/2024\/07\/IMG_4767.jpeg","contentUrl":"https:\/\/expressometro.mx\/wp-content\/uploads\/2024\/07\/IMG_4767.jpeg","width":1200,"height":1600},{"@type":"BreadcrumbList","@id":"https:\/\/expressometro.mx\/index.php\/2024\/06\/27\/realiza-gobierno-de-ixtlahuaca-jornada-de-vacunacion-antirrabica-canina-y-felina\/#breadcrumb","itemListElement":[{"@type":"ListItem","position":1,"name":"Inicio","item":"https:\/\/expressometro.mx\/"},{"@type":"ListItem","position":2,"name":"REALIZA GOBIERNO DE IXTLAHUACA JORNADA DE VACUNACI\u00d3N ANTIRR\u00c1BICA CANINA Y FELINA"}]},{"@type":"WebSite","@id":"https:\/\/expressometro.mx\/#website","url":"https:\/\/expressometro.mx\/","name":"Expresso Metropolitano","description":"Periodismo comprometido, informaci\u00f3n, investigaci\u00f3n y an\u00e1lisis","publisher":{"@id":"https:\/\/expressometro.mx\/#organization"},"potentialAction":[{"@type":"SearchAction","target":{"@type":"EntryPoint","urlTemplate":"https:\/\/expressometro.mx\/?s={search_term_string}"},"query-input":{"@type":"PropertyValueSpecification","valueRequired":true,"valueName":"search_term_string"}}],"inLanguage":"es"},{"@type":"Organization","@id":"https:\/\/expressometro.mx\/#organization","name":"Expresso Metropolitano","url":"https:\/\/expressometro.mx\/","logo":{"@type":"ImageObject","inLanguage":"es","@id":"https:\/\/expressometro.mx\/#\/schema\/logo\/image\/","url":"https:\/\/expressometro.mx\/wp-content\/uploads\/2019\/07\/cropped-Logo-Expresso-Metropolitano-1-1.jpeg","contentUrl":"https:\/\/expressometro.mx\/wp-content\/uploads\/2019\/07\/cropped-Logo-Expresso-Metropolitano-1-1.jpeg","width":290,"height":73,"caption":"Expresso Metropolitano"},"image":{"@id":"https:\/\/expressometro.mx\/#\/schema\/logo\/image\/"}},{"@type":"Person","@id":"https:\/\/expressometro.mx\/#\/schema\/person\/67a95b8e3862085c7598f66237488f1f","name":"Cecilia Vega","image":{"@type":"ImageObject","inLanguage":"es","@id":"https:\/\/secure.gravatar.com\/avatar\/13aae9944ab2ee472a9e407c9487fdbd03b049abaa559af32fe5dbcf615c981b?s=96&d=mm&r=g","url":"https:\/\/secure.gravatar.com\/avatar\/13aae9944ab2ee472a9e407c9487fdbd03b049abaa559af32fe5dbcf615c981b?s=96&d=mm&r=g","contentUrl":"https:\/\/secure.gravatar.com\/avatar\/13aae9944ab2ee472a9e407c9487fdbd03b049abaa559af32fe5dbcf615c981b?s=96&d=mm&r=g","caption":"Cecilia Vega"},"url":"https:\/\/expressometro.mx\/index.php\/author\/cecilia-vega\/"}]}},"amp_enabled":true,"_links":{"self":[{"href":"https:\/\/expressometro.mx\/index.php\/wp-json\/wp\/v2\/posts\/9602","targetHints":{"allow":["GET"]}}],"collection":[{"href":"https:\/\/expressometro.mx\/index.php\/wp-json\/wp\/v2\/posts"}],"about":[{"href":"https:\/\/expressometro.mx\/index.php\/wp-json\/wp\/v2\/types\/post"}],"author":[{"embeddable":true,"href":"https:\/\/expressometro.mx\/index.php\/wp-json\/wp\/v2\/users\/2"}],"replies":[{"embeddable":true,"href":"https:\/\/expressometro.mx\/index.php\/wp-json\/wp\/v2\/comments?post=9602"}],"version-history":[{"count":1,"href":"https:\/\/expressometro.mx\/index.php\/wp-json\/wp\/v2\/posts\/9602\/revisions"}],"predecessor-version":[{"id":9608,"href":"https:\/\/expressometro.mx\/index.php\/wp-json\/wp\/v2\/posts\/9602\/revisions\/9608"}],"wp:featuredmedia":[{"embeddable":true,"href":"https:\/\/expressometro.mx\/index.php\/wp-json\/wp\/v2\/media\/9606"}],"wp:attachment":[{"href":"https:\/\/expressometro.mx\/index.php\/wp-json\/wp\/v2\/media?parent=9602"}],"wp:term":[{"taxonomy":"category","embeddable":true,"href":"https:\/\/expressometro.mx\/index.php\/wp-json\/wp\/v2\/categories?post=9602"},{"taxonomy":"post_tag","embeddable":true,"href":"https:\/\/expressometro.mx\/index.php\/wp-json\/wp\/v2\/tags?post=9602"}],"curies":[{"name":"wp","href":"https:\/\/api.w.org\/{rel}","templated":true}]}}