{"id":9585,"date":"2024-06-17T10:58:50","date_gmt":"2024-06-17T15:58:50","guid":{"rendered":"https:\/\/expressometro.mx\/?p=9585"},"modified":"2024-07-03T11:45:26","modified_gmt":"2024-07-03T16:45:26","slug":"icar-de-la-uaemex-nodo-cientifico-de-vanguardia-cebd","status":"publish","type":"post","link":"https:\/\/expressometro.mx\/index.php\/2024\/06\/17\/icar-de-la-uaemex-nodo-cientifico-de-vanguardia-cebd\/","title":{"rendered":"ICAR DE LA UAEM\u00c9X, NODO CIENT\u00cdFICO DE VANGUARDIA: CEBD"},"content":{"rendered":"\n<p><\/p>\n\n\n\n<p>* El rector Carlos Eduardo Barrera D\u00edaz encabez\u00f3 el segundo informe de actividades del director de este espacio universitario, Humberto Thom\u00e9 Ortiz.<\/p>\n\n\n\n<p>El Instituto de Ciencias Agropecuarias y Rurales (ICAR) es uno de los espacios cient\u00edficos m\u00e1s importantes de la Universidad Aut\u00f3noma del Estado de M\u00e9xico (UAEM\u00e9x). Se ha consolidado como un nodo cient\u00edfico de vanguardia para el estudio de los suelos, las t\u00e9cnicas de cultivo, los insumos para la producci\u00f3n agr\u00edcola, el efecto del cambio clim\u00e1tico en la producci\u00f3n de alimentos, as\u00ed como la comprensi\u00f3n y revalorizaci\u00f3n de la cultura y la organizaci\u00f3n de las comunidades rurales, afirm\u00f3 el rector Carlos Eduardo Barrera D\u00edaz.<\/p>\n\n\n\n<p>Al encabezar el segundo informe de actividades del director de este espacio universitario, Humberto Thom\u00e9 Ortiz, el rector resalt\u00f3 que el prestigio del ICAR se sustenta en su producci\u00f3n cient\u00edfica.<\/p>\n\n\n\n<p>Ante la comunidad acad\u00e9mica y administrativa del ICAR, puntualiz\u00f3 que durante 2023, los investigadores del ICAR desarrollaron 41 proyectos de investigaci\u00f3n, entre los que se cuentan tres de car\u00e1cter internacional.<\/p>\n\n\n\n<p>Precis\u00f3 que expertos del Instituto publicaron 71 art\u00edculos en revistas indexadas, 36 de ellos en revistas seleccionadas por Scopus y 31 en publicaciones cient\u00edficas peri\u00f3dicas indexadas en el Journal Citation Report.<\/p>\n\n\n\n<p>Adem\u00e1s, abund\u00f3, se publicaron 24 cap\u00edtulos de libro, cinco libros y seis art\u00edculos de divulgaci\u00f3n; concluyeron tres tesis de licenciatura y siete de estudios avanzados; presentaron siete ponencias en foros estatales, 14 en espacios nacionales y tres en internacionales.<\/p>\n\n\n\n<p>Otro indicio de la calidad de los proyectos y la investigaci\u00f3n que se realiza aqu\u00ed, dijo, es el hecho de que 16 proyectos fueron financiados por fuentes externas, cuatro con financiamiento del CONAHCyT y tres con financiamiento de nuestra universidad.<\/p>\n\n\n\n<p>Finalmente, Carlos Eduardo Barrera D\u00edaz asegur\u00f3 que la solidez en el trabajo cient\u00edfico y acad\u00e9mico del ICAR permite a sus integrantes colaborar fluidamente en redes nacionales e internacionales de investigaci\u00f3n.<\/p>\n\n\n\n<p>En este ejercicio de rendici\u00f3n de cuentas, Humberto Thom\u00e9 Ortiz inform\u00f3 que los Profesores de Tiempo Completo del ICAR participaron como docentes en 12 programas de licenciatura.<\/p>\n\n\n\n<p>Resalt\u00f3 que en el Instituto se impulsa la investigaci\u00f3n para el desarrollo de las comunidades rurales, con la finalidad de dar respuesta a problem\u00e1ticas prioritarias nacionales.<\/p>\n\n\n\n<p>El directivo subray\u00f3 que el ICAR es un potente organismo de procuraci\u00f3n de fondos para la investigaci\u00f3n, fondos que son dedicados al desarrollo y mantenimiento de la infraestructura cient\u00edfica, \u201cpero m\u00e1s importante es que dichos recursos se ven reflejados en la producci\u00f3n cient\u00edfica, en la consistente formaci\u00f3n de recursos humanos y en muy diversos \u00f3rdenes de incidencia social\u201d.<\/p>\n\n\n\n<p>El Instituto de Ciencias Agropecuarias y Rurales aporta al crecimiento de la UAEM\u00e9x con responsabilidad, transparencia y resultados, concluy\u00f3 Humberto Thom\u00e9 Ortiz.<\/p>\n","protected":false},"excerpt":{"rendered":"<p>El Instituto de Ciencias Agropecuarias y Rurales (ICAR) es uno de los espacios cient\u00edficos m\u00e1s importantes de la Universidad Aut\u00f3noma del Estado de M\u00e9xico (UAEM\u00e9x). Se ha consolidado como un nodo cient\u00edfico de vanguardia para el estudio de los suelos, las t\u00e9cnicas de cultivo, los insumos para la producci\u00f3n agr\u00edcola, el efecto del cambio clim\u00e1tico en la producci\u00f3n de alimentos, as\u00ed como la comprensi\u00f3n y revalorizaci\u00f3n de la cultura y la organizaci\u00f3n de las comunidades rurales, afirm\u00f3 el rector Carlos Eduardo Barrera D\u00edaz.<\/p>\n","protected":false},"author":1,"featured_media":9587,"comment_status":"open","ping_status":"open","sticky":false,"template":"","format":"standard","meta":{"footnotes":""},"categories":[108,4,3,8,1],"tags":[313,1982,86,82],"class_list":["post-9585","post","type-post","status-publish","format-standard","has-post-thumbnail","hentry","category-educacion","category-finanzas","category-gobierno","category-medio-ambiente","category-otros","tag-carlos-eduardo-barrera-diaz","tag-edomex","tag-gem","tag-uaemex"],"yoast_head":"<!-- This site is optimized with the Yoast SEO plugin v27.5 - https:\/\/yoast.com\/product\/yoast-seo-wordpress\/ -->\n<title>ICAR DE LA UAEM\u00c9X, NODO CIENT\u00cdFICO DE VANGUARDIA: CEBD - Expresso Metropolitano<\/title>\n<meta name=\"robots\" content=\"index, follow, max-snippet:-1, max-image-preview:large, max-video-preview:-1\" \/>\n<link rel=\"canonical\" href=\"https:\/\/expressometro.mx\/index.php\/2024\/06\/17\/icar-de-la-uaemex-nodo-cientifico-de-vanguardia-cebd\/\" \/>\n<meta property=\"og:locale\" content=\"es_MX\" \/>\n<meta property=\"og:type\" content=\"article\" \/>\n<meta property=\"og:title\" content=\"ICAR DE LA UAEM\u00c9X, NODO CIENT\u00cdFICO DE VANGUARDIA: CEBD - Expresso Metropolitano\" \/>\n<meta property=\"og:description\" content=\"El Instituto de Ciencias Agropecuarias y Rurales (ICAR) es uno de los espacios cient\u00edficos m\u00e1s importantes de la Universidad Aut\u00f3noma del Estado de M\u00e9xico (UAEM\u00e9x). Se ha consolidado como un nodo cient\u00edfico de vanguardia para el estudio de los suelos, las t\u00e9cnicas de cultivo, los insumos para la producci\u00f3n agr\u00edcola, el efecto del cambio clim\u00e1tico en la producci\u00f3n de alimentos, as\u00ed como la comprensi\u00f3n y revalorizaci\u00f3n de la cultura y la organizaci\u00f3n de las comunidades rurales, afirm\u00f3 el rector Carlos Eduardo Barrera D\u00edaz.\" \/>\n<meta property=\"og:url\" content=\"https:\/\/expressometro.mx\/index.php\/2024\/06\/17\/icar-de-la-uaemex-nodo-cientifico-de-vanguardia-cebd\/\" \/>\n<meta property=\"og:site_name\" content=\"Expresso Metropolitano\" \/>\n<meta property=\"article:published_time\" content=\"2024-06-17T15:58:50+00:00\" \/>\n<meta property=\"article:modified_time\" content=\"2024-07-03T16:45:26+00:00\" \/>\n<meta property=\"og:image\" content=\"http:\/\/expressometro.mx\/wp-content\/uploads\/2024\/07\/WhatsApp-Image-2024-07-03-at-10.18.01-AM-1.jpeg\" \/>\n\t<meta property=\"og:image:width\" content=\"1024\" \/>\n\t<meta property=\"og:image:height\" content=\"682\" \/>\n\t<meta property=\"og:image:type\" content=\"image\/jpeg\" \/>\n<meta name=\"author\" content=\"Expresso Metropolitano\" \/>\n<meta name=\"twitter:label1\" content=\"Escrito por\" \/>\n\t<meta name=\"twitter:data1\" content=\"Expresso Metropolitano\" \/>\n\t<meta name=\"twitter:label2\" content=\"Tiempo de lectura\" \/>\n\t<meta name=\"twitter:data2\" content=\"3 minutos\" \/>\n<script type=\"application\/ld+json\" class=\"yoast-schema-graph\">{\"@context\":\"https:\\\/\\\/schema.org\",\"@graph\":[{\"@type\":\"Article\",\"@id\":\"https:\\\/\\\/expressometro.mx\\\/index.php\\\/2024\\\/06\\\/17\\\/icar-de-la-uaemex-nodo-cientifico-de-vanguardia-cebd\\\/#article\",\"isPartOf\":{\"@id\":\"https:\\\/\\\/expressometro.mx\\\/index.php\\\/2024\\\/06\\\/17\\\/icar-de-la-uaemex-nodo-cientifico-de-vanguardia-cebd\\\/\"},\"author\":{\"name\":\"Expresso Metropolitano\",\"@id\":\"https:\\\/\\\/expressometro.mx\\\/#\\\/schema\\\/person\\\/efa971b4a0664db8ed5c22b1b0dd2f5d\"},\"headline\":\"ICAR DE LA UAEM\u00c9X, NODO CIENT\u00cdFICO DE VANGUARDIA: CEBD\",\"datePublished\":\"2024-06-17T15:58:50+00:00\",\"dateModified\":\"2024-07-03T16:45:26+00:00\",\"mainEntityOfPage\":{\"@id\":\"https:\\\/\\\/expressometro.mx\\\/index.php\\\/2024\\\/06\\\/17\\\/icar-de-la-uaemex-nodo-cientifico-de-vanguardia-cebd\\\/\"},\"wordCount\":483,\"commentCount\":0,\"publisher\":{\"@id\":\"https:\\\/\\\/expressometro.mx\\\/#organization\"},\"image\":{\"@id\":\"https:\\\/\\\/expressometro.mx\\\/index.php\\\/2024\\\/06\\\/17\\\/icar-de-la-uaemex-nodo-cientifico-de-vanguardia-cebd\\\/#primaryimage\"},\"thumbnailUrl\":\"https:\\\/\\\/expressometro.mx\\\/wp-content\\\/uploads\\\/2024\\\/07\\\/WhatsApp-Image-2024-07-03-at-10.18.01-AM-1.jpeg\",\"keywords\":[\"Carlos Eduardo Barrera D\u00edaz\",\"Edomex\",\"GEM\",\"UAEMex\"],\"articleSection\":[\"Educaci\u00f3n\",\"Finanzas\",\"Gobierno\",\"Medio ambiente\",\"Otros\"],\"inLanguage\":\"es\",\"potentialAction\":[{\"@type\":\"CommentAction\",\"name\":\"Comment\",\"target\":[\"https:\\\/\\\/expressometro.mx\\\/index.php\\\/2024\\\/06\\\/17\\\/icar-de-la-uaemex-nodo-cientifico-de-vanguardia-cebd\\\/#respond\"]}]},{\"@type\":\"WebPage\",\"@id\":\"https:\\\/\\\/expressometro.mx\\\/index.php\\\/2024\\\/06\\\/17\\\/icar-de-la-uaemex-nodo-cientifico-de-vanguardia-cebd\\\/\",\"url\":\"https:\\\/\\\/expressometro.mx\\\/index.php\\\/2024\\\/06\\\/17\\\/icar-de-la-uaemex-nodo-cientifico-de-vanguardia-cebd\\\/\",\"name\":\"ICAR DE LA UAEM\u00c9X, NODO CIENT\u00cdFICO DE VANGUARDIA: CEBD - Expresso Metropolitano\",\"isPartOf\":{\"@id\":\"https:\\\/\\\/expressometro.mx\\\/#website\"},\"primaryImageOfPage\":{\"@id\":\"https:\\\/\\\/expressometro.mx\\\/index.php\\\/2024\\\/06\\\/17\\\/icar-de-la-uaemex-nodo-cientifico-de-vanguardia-cebd\\\/#primaryimage\"},\"image\":{\"@id\":\"https:\\\/\\\/expressometro.mx\\\/index.php\\\/2024\\\/06\\\/17\\\/icar-de-la-uaemex-nodo-cientifico-de-vanguardia-cebd\\\/#primaryimage\"},\"thumbnailUrl\":\"https:\\\/\\\/expressometro.mx\\\/wp-content\\\/uploads\\\/2024\\\/07\\\/WhatsApp-Image-2024-07-03-at-10.18.01-AM-1.jpeg\",\"datePublished\":\"2024-06-17T15:58:50+00:00\",\"dateModified\":\"2024-07-03T16:45:26+00:00\",\"breadcrumb\":{\"@id\":\"https:\\\/\\\/expressometro.mx\\\/index.php\\\/2024\\\/06\\\/17\\\/icar-de-la-uaemex-nodo-cientifico-de-vanguardia-cebd\\\/#breadcrumb\"},\"inLanguage\":\"es\",\"potentialAction\":[{\"@type\":\"ReadAction\",\"target\":[\"https:\\\/\\\/expressometro.mx\\\/index.php\\\/2024\\\/06\\\/17\\\/icar-de-la-uaemex-nodo-cientifico-de-vanguardia-cebd\\\/\"]}]},{\"@type\":\"ImageObject\",\"inLanguage\":\"es\",\"@id\":\"https:\\\/\\\/expressometro.mx\\\/index.php\\\/2024\\\/06\\\/17\\\/icar-de-la-uaemex-nodo-cientifico-de-vanguardia-cebd\\\/#primaryimage\",\"url\":\"https:\\\/\\\/expressometro.mx\\\/wp-content\\\/uploads\\\/2024\\\/07\\\/WhatsApp-Image-2024-07-03-at-10.18.01-AM-1.jpeg\",\"contentUrl\":\"https:\\\/\\\/expressometro.mx\\\/wp-content\\\/uploads\\\/2024\\\/07\\\/WhatsApp-Image-2024-07-03-at-10.18.01-AM-1.jpeg\",\"width\":1024,\"height\":682},{\"@type\":\"BreadcrumbList\",\"@id\":\"https:\\\/\\\/expressometro.mx\\\/index.php\\\/2024\\\/06\\\/17\\\/icar-de-la-uaemex-nodo-cientifico-de-vanguardia-cebd\\\/#breadcrumb\",\"itemListElement\":[{\"@type\":\"ListItem\",\"position\":1,\"name\":\"Inicio\",\"item\":\"https:\\\/\\\/expressometro.mx\\\/\"},{\"@type\":\"ListItem\",\"position\":2,\"name\":\"ICAR DE LA UAEM\u00c9X, NODO CIENT\u00cdFICO DE VANGUARDIA: CEBD\"}]},{\"@type\":\"WebSite\",\"@id\":\"https:\\\/\\\/expressometro.mx\\\/#website\",\"url\":\"https:\\\/\\\/expressometro.mx\\\/\",\"name\":\"Expresso Metropolitano\",\"description\":\"Periodismo comprometido, informaci\u00f3n, investigaci\u00f3n y an\u00e1lisis\",\"publisher\":{\"@id\":\"https:\\\/\\\/expressometro.mx\\\/#organization\"},\"potentialAction\":[{\"@type\":\"SearchAction\",\"target\":{\"@type\":\"EntryPoint\",\"urlTemplate\":\"https:\\\/\\\/expressometro.mx\\\/?s={search_term_string}\"},\"query-input\":{\"@type\":\"PropertyValueSpecification\",\"valueRequired\":true,\"valueName\":\"search_term_string\"}}],\"inLanguage\":\"es\"},{\"@type\":\"Organization\",\"@id\":\"https:\\\/\\\/expressometro.mx\\\/#organization\",\"name\":\"Expresso Metropolitano\",\"url\":\"https:\\\/\\\/expressometro.mx\\\/\",\"logo\":{\"@type\":\"ImageObject\",\"inLanguage\":\"es\",\"@id\":\"https:\\\/\\\/expressometro.mx\\\/#\\\/schema\\\/logo\\\/image\\\/\",\"url\":\"https:\\\/\\\/expressometro.mx\\\/wp-content\\\/uploads\\\/2019\\\/07\\\/cropped-Logo-Expresso-Metropolitano-1-1.jpeg\",\"contentUrl\":\"https:\\\/\\\/expressometro.mx\\\/wp-content\\\/uploads\\\/2019\\\/07\\\/cropped-Logo-Expresso-Metropolitano-1-1.jpeg\",\"width\":290,\"height\":73,\"caption\":\"Expresso Metropolitano\"},\"image\":{\"@id\":\"https:\\\/\\\/expressometro.mx\\\/#\\\/schema\\\/logo\\\/image\\\/\"}},{\"@type\":\"Person\",\"@id\":\"https:\\\/\\\/expressometro.mx\\\/#\\\/schema\\\/person\\\/efa971b4a0664db8ed5c22b1b0dd2f5d\",\"name\":\"Expresso Metropolitano\",\"image\":{\"@type\":\"ImageObject\",\"inLanguage\":\"es\",\"@id\":\"https:\\\/\\\/secure.gravatar.com\\\/avatar\\\/a89f802b8de18c6952f223c88d3d106e9e3679839f4e25a02f4a6cc2ae6ba3b3?s=96&d=mm&r=g\",\"url\":\"https:\\\/\\\/secure.gravatar.com\\\/avatar\\\/a89f802b8de18c6952f223c88d3d106e9e3679839f4e25a02f4a6cc2ae6ba3b3?s=96&d=mm&r=g\",\"contentUrl\":\"https:\\\/\\\/secure.gravatar.com\\\/avatar\\\/a89f802b8de18c6952f223c88d3d106e9e3679839f4e25a02f4a6cc2ae6ba3b3?s=96&d=mm&r=g\",\"caption\":\"Expresso Metropolitano\"},\"url\":\"https:\\\/\\\/expressometro.mx\\\/index.php\\\/author\\\/diego\\\/\"}]}<\/script>\n<!-- \/ Yoast SEO plugin. -->","yoast_head_json":{"title":"ICAR DE LA UAEM\u00c9X, NODO CIENT\u00cdFICO DE VANGUARDIA: CEBD - Expresso Metropolitano","robots":{"index":"index","follow":"follow","max-snippet":"max-snippet:-1","max-image-preview":"max-image-preview:large","max-video-preview":"max-video-preview:-1"},"canonical":"https:\/\/expressometro.mx\/index.php\/2024\/06\/17\/icar-de-la-uaemex-nodo-cientifico-de-vanguardia-cebd\/","og_locale":"es_MX","og_type":"article","og_title":"ICAR DE LA UAEM\u00c9X, NODO CIENT\u00cdFICO DE VANGUARDIA: CEBD - Expresso Metropolitano","og_description":"El Instituto de Ciencias Agropecuarias y Rurales (ICAR) es uno de los espacios cient\u00edficos m\u00e1s importantes de la Universidad Aut\u00f3noma del Estado de M\u00e9xico (UAEM\u00e9x). Se ha consolidado como un nodo cient\u00edfico de vanguardia para el estudio de los suelos, las t\u00e9cnicas de cultivo, los insumos para la producci\u00f3n agr\u00edcola, el efecto del cambio clim\u00e1tico en la producci\u00f3n de alimentos, as\u00ed como la comprensi\u00f3n y revalorizaci\u00f3n de la cultura y la organizaci\u00f3n de las comunidades rurales, afirm\u00f3 el rector Carlos Eduardo Barrera D\u00edaz.","og_url":"https:\/\/expressometro.mx\/index.php\/2024\/06\/17\/icar-de-la-uaemex-nodo-cientifico-de-vanguardia-cebd\/","og_site_name":"Expresso Metropolitano","article_published_time":"2024-06-17T15:58:50+00:00","article_modified_time":"2024-07-03T16:45:26+00:00","og_image":[{"width":1024,"height":682,"url":"http:\/\/expressometro.mx\/wp-content\/uploads\/2024\/07\/WhatsApp-Image-2024-07-03-at-10.18.01-AM-1.jpeg","type":"image\/jpeg"}],"author":"Expresso Metropolitano","twitter_misc":{"Escrito por":"Expresso Metropolitano","Tiempo de lectura":"3 minutos"},"schema":{"@context":"https:\/\/schema.org","@graph":[{"@type":"Article","@id":"https:\/\/expressometro.mx\/index.php\/2024\/06\/17\/icar-de-la-uaemex-nodo-cientifico-de-vanguardia-cebd\/#article","isPartOf":{"@id":"https:\/\/expressometro.mx\/index.php\/2024\/06\/17\/icar-de-la-uaemex-nodo-cientifico-de-vanguardia-cebd\/"},"author":{"name":"Expresso Metropolitano","@id":"https:\/\/expressometro.mx\/#\/schema\/person\/efa971b4a0664db8ed5c22b1b0dd2f5d"},"headline":"ICAR DE LA UAEM\u00c9X, NODO CIENT\u00cdFICO DE VANGUARDIA: CEBD","datePublished":"2024-06-17T15:58:50+00:00","dateModified":"2024-07-03T16:45:26+00:00","mainEntityOfPage":{"@id":"https:\/\/expressometro.mx\/index.php\/2024\/06\/17\/icar-de-la-uaemex-nodo-cientifico-de-vanguardia-cebd\/"},"wordCount":483,"commentCount":0,"publisher":{"@id":"https:\/\/expressometro.mx\/#organization"},"image":{"@id":"https:\/\/expressometro.mx\/index.php\/2024\/06\/17\/icar-de-la-uaemex-nodo-cientifico-de-vanguardia-cebd\/#primaryimage"},"thumbnailUrl":"https:\/\/expressometro.mx\/wp-content\/uploads\/2024\/07\/WhatsApp-Image-2024-07-03-at-10.18.01-AM-1.jpeg","keywords":["Carlos Eduardo Barrera D\u00edaz","Edomex","GEM","UAEMex"],"articleSection":["Educaci\u00f3n","Finanzas","Gobierno","Medio ambiente","Otros"],"inLanguage":"es","potentialAction":[{"@type":"CommentAction","name":"Comment","target":["https:\/\/expressometro.mx\/index.php\/2024\/06\/17\/icar-de-la-uaemex-nodo-cientifico-de-vanguardia-cebd\/#respond"]}]},{"@type":"WebPage","@id":"https:\/\/expressometro.mx\/index.php\/2024\/06\/17\/icar-de-la-uaemex-nodo-cientifico-de-vanguardia-cebd\/","url":"https:\/\/expressometro.mx\/index.php\/2024\/06\/17\/icar-de-la-uaemex-nodo-cientifico-de-vanguardia-cebd\/","name":"ICAR DE LA UAEM\u00c9X, NODO CIENT\u00cdFICO DE VANGUARDIA: CEBD - Expresso Metropolitano","isPartOf":{"@id":"https:\/\/expressometro.mx\/#website"},"primaryImageOfPage":{"@id":"https:\/\/expressometro.mx\/index.php\/2024\/06\/17\/icar-de-la-uaemex-nodo-cientifico-de-vanguardia-cebd\/#primaryimage"},"image":{"@id":"https:\/\/expressometro.mx\/index.php\/2024\/06\/17\/icar-de-la-uaemex-nodo-cientifico-de-vanguardia-cebd\/#primaryimage"},"thumbnailUrl":"https:\/\/expressometro.mx\/wp-content\/uploads\/2024\/07\/WhatsApp-Image-2024-07-03-at-10.18.01-AM-1.jpeg","datePublished":"2024-06-17T15:58:50+00:00","dateModified":"2024-07-03T16:45:26+00:00","breadcrumb":{"@id":"https:\/\/expressometro.mx\/index.php\/2024\/06\/17\/icar-de-la-uaemex-nodo-cientifico-de-vanguardia-cebd\/#breadcrumb"},"inLanguage":"es","potentialAction":[{"@type":"ReadAction","target":["https:\/\/expressometro.mx\/index.php\/2024\/06\/17\/icar-de-la-uaemex-nodo-cientifico-de-vanguardia-cebd\/"]}]},{"@type":"ImageObject","inLanguage":"es","@id":"https:\/\/expressometro.mx\/index.php\/2024\/06\/17\/icar-de-la-uaemex-nodo-cientifico-de-vanguardia-cebd\/#primaryimage","url":"https:\/\/expressometro.mx\/wp-content\/uploads\/2024\/07\/WhatsApp-Image-2024-07-03-at-10.18.01-AM-1.jpeg","contentUrl":"https:\/\/expressometro.mx\/wp-content\/uploads\/2024\/07\/WhatsApp-Image-2024-07-03-at-10.18.01-AM-1.jpeg","width":1024,"height":682},{"@type":"BreadcrumbList","@id":"https:\/\/expressometro.mx\/index.php\/2024\/06\/17\/icar-de-la-uaemex-nodo-cientifico-de-vanguardia-cebd\/#breadcrumb","itemListElement":[{"@type":"ListItem","position":1,"name":"Inicio","item":"https:\/\/expressometro.mx\/"},{"@type":"ListItem","position":2,"name":"ICAR DE LA UAEM\u00c9X, NODO CIENT\u00cdFICO DE VANGUARDIA: CEBD"}]},{"@type":"WebSite","@id":"https:\/\/expressometro.mx\/#website","url":"https:\/\/expressometro.mx\/","name":"Expresso Metropolitano","description":"Periodismo comprometido, informaci\u00f3n, investigaci\u00f3n y an\u00e1lisis","publisher":{"@id":"https:\/\/expressometro.mx\/#organization"},"potentialAction":[{"@type":"SearchAction","target":{"@type":"EntryPoint","urlTemplate":"https:\/\/expressometro.mx\/?s={search_term_string}"},"query-input":{"@type":"PropertyValueSpecification","valueRequired":true,"valueName":"search_term_string"}}],"inLanguage":"es"},{"@type":"Organization","@id":"https:\/\/expressometro.mx\/#organization","name":"Expresso Metropolitano","url":"https:\/\/expressometro.mx\/","logo":{"@type":"ImageObject","inLanguage":"es","@id":"https:\/\/expressometro.mx\/#\/schema\/logo\/image\/","url":"https:\/\/expressometro.mx\/wp-content\/uploads\/2019\/07\/cropped-Logo-Expresso-Metropolitano-1-1.jpeg","contentUrl":"https:\/\/expressometro.mx\/wp-content\/uploads\/2019\/07\/cropped-Logo-Expresso-Metropolitano-1-1.jpeg","width":290,"height":73,"caption":"Expresso Metropolitano"},"image":{"@id":"https:\/\/expressometro.mx\/#\/schema\/logo\/image\/"}},{"@type":"Person","@id":"https:\/\/expressometro.mx\/#\/schema\/person\/efa971b4a0664db8ed5c22b1b0dd2f5d","name":"Expresso Metropolitano","image":{"@type":"ImageObject","inLanguage":"es","@id":"https:\/\/secure.gravatar.com\/avatar\/a89f802b8de18c6952f223c88d3d106e9e3679839f4e25a02f4a6cc2ae6ba3b3?s=96&d=mm&r=g","url":"https:\/\/secure.gravatar.com\/avatar\/a89f802b8de18c6952f223c88d3d106e9e3679839f4e25a02f4a6cc2ae6ba3b3?s=96&d=mm&r=g","contentUrl":"https:\/\/secure.gravatar.com\/avatar\/a89f802b8de18c6952f223c88d3d106e9e3679839f4e25a02f4a6cc2ae6ba3b3?s=96&d=mm&r=g","caption":"Expresso Metropolitano"},"url":"https:\/\/expressometro.mx\/index.php\/author\/diego\/"}]}},"amp_enabled":true,"_links":{"self":[{"href":"https:\/\/expressometro.mx\/index.php\/wp-json\/wp\/v2\/posts\/9585","targetHints":{"allow":["GET"]}}],"collection":[{"href":"https:\/\/expressometro.mx\/index.php\/wp-json\/wp\/v2\/posts"}],"about":[{"href":"https:\/\/expressometro.mx\/index.php\/wp-json\/wp\/v2\/types\/post"}],"author":[{"embeddable":true,"href":"https:\/\/expressometro.mx\/index.php\/wp-json\/wp\/v2\/users\/1"}],"replies":[{"embeddable":true,"href":"https:\/\/expressometro.mx\/index.php\/wp-json\/wp\/v2\/comments?post=9585"}],"version-history":[{"count":1,"href":"https:\/\/expressometro.mx\/index.php\/wp-json\/wp\/v2\/posts\/9585\/revisions"}],"predecessor-version":[{"id":9588,"href":"https:\/\/expressometro.mx\/index.php\/wp-json\/wp\/v2\/posts\/9585\/revisions\/9588"}],"wp:featuredmedia":[{"embeddable":true,"href":"https:\/\/expressometro.mx\/index.php\/wp-json\/wp\/v2\/media\/9587"}],"wp:attachment":[{"href":"https:\/\/expressometro.mx\/index.php\/wp-json\/wp\/v2\/media?parent=9585"}],"wp:term":[{"taxonomy":"category","embeddable":true,"href":"https:\/\/expressometro.mx\/index.php\/wp-json\/wp\/v2\/categories?post=9585"},{"taxonomy":"post_tag","embeddable":true,"href":"https:\/\/expressometro.mx\/index.php\/wp-json\/wp\/v2\/tags?post=9585"}],"curies":[{"name":"wp","href":"https:\/\/api.w.org\/{rel}","templated":true}]}}