{"id":9580,"date":"2024-06-13T10:45:24","date_gmt":"2024-06-13T15:45:24","guid":{"rendered":"https:\/\/expressometro.mx\/?p=9580"},"modified":"2024-07-03T10:58:11","modified_gmt":"2024-07-03T15:58:11","slug":"destaca-uaemex-por-su-labor-investigativa-con-enfoque-humanistico","status":"publish","type":"post","link":"https:\/\/expressometro.mx\/index.php\/2024\/06\/13\/destaca-uaemex-por-su-labor-investigativa-con-enfoque-humanistico\/","title":{"rendered":"DESTACA UAEM\u00c9X POR SU LABOR INVESTIGATIVA CON ENFOQUE HUMAN\u00cdSTICO"},"content":{"rendered":"\n<p><\/p>\n\n\n\n<p>* El rector de la UAEM\u00e9x, Carlos Eduardo Barrera D\u00edaz, encabez\u00f3 la ceremonia del segundo informe de actividades del director del IESU, Emilio Gerardo Arriaga \u00c1lvarez.<\/p>\n\n\n\n<p>* Barrera D\u00edaz reconoci\u00f3 a este espacio acad\u00e9mico por cumplir sus metas al cien por ciento y el fortalecimiento de su oferta acad\u00e9mica al impartir la Maestr\u00eda en Estudios Sobre la Universidad, que arrancar\u00e1 en el semestre 2024B.<\/p>\n\n\n\n<p>El Instituto de Estudios Sobre la Universidad (IESU) de la Universidad Aut\u00f3noma del Estado de M\u00e9xico (UAEM\u00e9x) est\u00e1 brindando frutos en la aplicaci\u00f3n de las \u00e1reas human\u00edsticas al estudio de nuestra instituci\u00f3n, la cual es el centro neur\u00e1lgico de la producci\u00f3n y ense\u00f1anza de todos los campos del conocimiento, destac\u00f3 el rector Carlos Eduardo Barrera D\u00edaz, al encabezar la lectura del segundo informe de actividades del director de este espacio acad\u00e9mico, Emilio Gerardo Arriaga \u00c1lvarez.<\/p>\n\n\n\n<p>En este ejercicio de transparencia, Barrera D\u00edaz resalt\u00f3 que las humanidades desempe\u00f1an un papel fundamental en la comprensi\u00f3n y desarrollo de la vida humana, pues ense\u00f1an a reconocer y apreciar la diversidad, a pensar de manera cr\u00edtica y a cuestionar las suposiciones existentes.<\/p>\n\n\n\n<p>En este marco, el rector de la UAEM\u00e9x reconoci\u00f3 a este espacio acad\u00e9mico por cumplir sus metas al cien por ciento, pues debido a su gran trabajo dedicado a la investigaci\u00f3n, se generaron seis art\u00edculos publicados en revistas internacionales indizadas, diez libros y seis cap\u00edtulos, adem\u00e1s, fortalecer\u00e1 su oferta acad\u00e9mica al impartir la Maestr\u00eda en Estudios Sobre la Universidad, la cual ya cuenta con nueve aspirantes y arrancar\u00e1 en el semestre 2024B.<\/p>\n\n\n\n<p>Asimismo, Barrera D\u00edaz destac\u00f3 que el IESU ha atendido una matr\u00edcula de casi mil 200 estudiantes en estudios profesionales, quienes se desempe\u00f1an en actividades de docencia y tutor\u00eda en 10 espacios acad\u00e9micos: Antropolog\u00eda; Arquitectura y Dise\u00f1o; Ciencias de la Conducta; Ciencias Pol\u00edticas y Sociales; Contadur\u00eda y Administraci\u00f3n; Humanidades; Lenguas; Medicina; Planeaci\u00f3n Urbana y Regional; y Turismo y Gastronom\u00eda.<\/p>\n\n\n\n<p>Como parte del seguimiento de los compromisos institucionales, el rector asever\u00f3 que la planta acad\u00e9mica del IESU es reconocida por participar en los programas educativos como la Maestr\u00eda en Estudios Sustentables, Regionales y Metropolitanos, as\u00ed como las Maestr\u00edas y Doctorados en Ciencias de la Salud, y en Humanidades.<\/p>\n\n\n\n<p>Durante este ejercicio de rendici\u00f3n de cuentas, Arriaga \u00c1lvarez inform\u00f3 que la planta acad\u00e9mica del IESU est\u00e1 conformada por 21 profesores y profesoras de tiempo completo, de los cuales, 17 poseen el reconocimiento del Programa para el Desarrollo Profesional Docente para el Tipo Superior (PRODEP).<\/p>\n\n\n\n<p>Adem\u00e1s, resalt\u00f3 que el 70 por ciento de los profesores de tiempo completo de este espacio acad\u00e9mico pertenecen al Sistema Nacional de Investigadoras e Investigadores (SNII), que se desempe\u00f1an dentro de cinco cuerpos acad\u00e9micos reconocidos por la Secretar\u00eda de Educaci\u00f3n P\u00fablica (SEP): Estudios de la Universidad; Procesos Sociales y Pr\u00e1cticas Institucionales desde el Pensamiento Cr\u00edtico; y Bio\u00e9tica y Salud, los cuales se encuentran consolidados; Calidad de vida y Decrecimiento, en estado de consolidaci\u00f3n; y Universidad, Humanidades y Sociedad, que est\u00e1 en formaci\u00f3n.<\/p>\n\n\n\n<p>Al acto, asistieron la secretaria de Planeaci\u00f3n y Desarrollo Institucional, Mar\u00eda Esther Aurora Contreras Lara Vega; el profesor investigador del IESU, Octavio M\u00e1rquez Mendoza; el alumno de la Maestr\u00eda en Estudios Sustentables Regionales y Metropolitanos, Alan Malco Espinoza Carrasco; integrantes del Gabinete Universitario y del Colegio de Directores, as\u00ed como comunidad acad\u00e9mica, administrativa y universitaria.<\/p>\n","protected":false},"excerpt":{"rendered":"<p>El rector de la UAEM\u00e9x, Carlos Eduardo Barrera D\u00edaz, encabez\u00f3 la ceremonia del segundo informe de actividades del director del IESU, Emilio Gerardo Arriaga \u00c1lvarez.<\/p>\n","protected":false},"author":1,"featured_media":9582,"comment_status":"open","ping_status":"open","sticky":false,"template":"","format":"standard","meta":{"footnotes":""},"categories":[11,108,3,1],"tags":[313,1982,86,82],"class_list":["post-9580","post","type-post","status-publish","format-standard","has-post-thumbnail","hentry","category-cultura","category-educacion","category-gobierno","category-otros","tag-carlos-eduardo-barrera-diaz","tag-edomex","tag-gem","tag-uaemex"],"yoast_head":"<!-- This site is optimized with the Yoast SEO plugin v27.4 - https:\/\/yoast.com\/product\/yoast-seo-wordpress\/ -->\n<title>DESTACA UAEM\u00c9X POR SU LABOR INVESTIGATIVA CON ENFOQUE HUMAN\u00cdSTICO - Expresso Metropolitano<\/title>\n<meta name=\"robots\" content=\"index, follow, max-snippet:-1, max-image-preview:large, max-video-preview:-1\" \/>\n<link rel=\"canonical\" href=\"https:\/\/expressometro.mx\/index.php\/2024\/06\/13\/destaca-uaemex-por-su-labor-investigativa-con-enfoque-humanistico\/\" \/>\n<meta property=\"og:locale\" content=\"es_MX\" \/>\n<meta property=\"og:type\" content=\"article\" \/>\n<meta property=\"og:title\" content=\"DESTACA UAEM\u00c9X POR SU LABOR INVESTIGATIVA CON ENFOQUE HUMAN\u00cdSTICO - Expresso Metropolitano\" \/>\n<meta property=\"og:description\" content=\"El rector de la UAEM\u00e9x, Carlos Eduardo Barrera D\u00edaz, encabez\u00f3 la ceremonia del segundo informe de actividades del director del IESU, Emilio Gerardo Arriaga \u00c1lvarez.\" \/>\n<meta property=\"og:url\" content=\"https:\/\/expressometro.mx\/index.php\/2024\/06\/13\/destaca-uaemex-por-su-labor-investigativa-con-enfoque-humanistico\/\" \/>\n<meta property=\"og:site_name\" content=\"Expresso Metropolitano\" \/>\n<meta property=\"article:published_time\" content=\"2024-06-13T15:45:24+00:00\" \/>\n<meta property=\"article:modified_time\" content=\"2024-07-03T15:58:11+00:00\" \/>\n<meta property=\"og:image\" content=\"http:\/\/expressometro.mx\/wp-content\/uploads\/2024\/07\/WhatsApp-Image-2024-07-03-at-9.47.32-AM.jpeg\" \/>\n\t<meta property=\"og:image:width\" content=\"1600\" \/>\n\t<meta property=\"og:image:height\" content=\"748\" \/>\n\t<meta property=\"og:image:type\" content=\"image\/jpeg\" \/>\n<meta name=\"author\" content=\"Expresso Metropolitano\" \/>\n<meta name=\"twitter:label1\" content=\"Escrito por\" \/>\n\t<meta name=\"twitter:data1\" content=\"Expresso Metropolitano\" \/>\n\t<meta name=\"twitter:label2\" content=\"Tiempo de lectura\" \/>\n\t<meta name=\"twitter:data2\" content=\"3 minutos\" \/>\n<script type=\"application\/ld+json\" class=\"yoast-schema-graph\">{\"@context\":\"https:\\\/\\\/schema.org\",\"@graph\":[{\"@type\":\"Article\",\"@id\":\"https:\\\/\\\/expressometro.mx\\\/index.php\\\/2024\\\/06\\\/13\\\/destaca-uaemex-por-su-labor-investigativa-con-enfoque-humanistico\\\/#article\",\"isPartOf\":{\"@id\":\"https:\\\/\\\/expressometro.mx\\\/index.php\\\/2024\\\/06\\\/13\\\/destaca-uaemex-por-su-labor-investigativa-con-enfoque-humanistico\\\/\"},\"author\":{\"name\":\"Expresso Metropolitano\",\"@id\":\"https:\\\/\\\/expressometro.mx\\\/#\\\/schema\\\/person\\\/efa971b4a0664db8ed5c22b1b0dd2f5d\"},\"headline\":\"DESTACA UAEM\u00c9X POR SU LABOR INVESTIGATIVA CON ENFOQUE HUMAN\u00cdSTICO\",\"datePublished\":\"2024-06-13T15:45:24+00:00\",\"dateModified\":\"2024-07-03T15:58:11+00:00\",\"mainEntityOfPage\":{\"@id\":\"https:\\\/\\\/expressometro.mx\\\/index.php\\\/2024\\\/06\\\/13\\\/destaca-uaemex-por-su-labor-investigativa-con-enfoque-humanistico\\\/\"},\"wordCount\":610,\"commentCount\":0,\"publisher\":{\"@id\":\"https:\\\/\\\/expressometro.mx\\\/#organization\"},\"image\":{\"@id\":\"https:\\\/\\\/expressometro.mx\\\/index.php\\\/2024\\\/06\\\/13\\\/destaca-uaemex-por-su-labor-investigativa-con-enfoque-humanistico\\\/#primaryimage\"},\"thumbnailUrl\":\"https:\\\/\\\/expressometro.mx\\\/wp-content\\\/uploads\\\/2024\\\/07\\\/WhatsApp-Image-2024-07-03-at-9.47.32-AM.jpeg\",\"keywords\":[\"Carlos Eduardo Barrera D\u00edaz\",\"Edomex\",\"GEM\",\"UAEMex\"],\"articleSection\":[\"Cultura\",\"Educaci\u00f3n\",\"Gobierno\",\"Otros\"],\"inLanguage\":\"es\",\"potentialAction\":[{\"@type\":\"CommentAction\",\"name\":\"Comment\",\"target\":[\"https:\\\/\\\/expressometro.mx\\\/index.php\\\/2024\\\/06\\\/13\\\/destaca-uaemex-por-su-labor-investigativa-con-enfoque-humanistico\\\/#respond\"]}]},{\"@type\":\"WebPage\",\"@id\":\"https:\\\/\\\/expressometro.mx\\\/index.php\\\/2024\\\/06\\\/13\\\/destaca-uaemex-por-su-labor-investigativa-con-enfoque-humanistico\\\/\",\"url\":\"https:\\\/\\\/expressometro.mx\\\/index.php\\\/2024\\\/06\\\/13\\\/destaca-uaemex-por-su-labor-investigativa-con-enfoque-humanistico\\\/\",\"name\":\"DESTACA UAEM\u00c9X POR SU LABOR INVESTIGATIVA CON ENFOQUE HUMAN\u00cdSTICO - Expresso Metropolitano\",\"isPartOf\":{\"@id\":\"https:\\\/\\\/expressometro.mx\\\/#website\"},\"primaryImageOfPage\":{\"@id\":\"https:\\\/\\\/expressometro.mx\\\/index.php\\\/2024\\\/06\\\/13\\\/destaca-uaemex-por-su-labor-investigativa-con-enfoque-humanistico\\\/#primaryimage\"},\"image\":{\"@id\":\"https:\\\/\\\/expressometro.mx\\\/index.php\\\/2024\\\/06\\\/13\\\/destaca-uaemex-por-su-labor-investigativa-con-enfoque-humanistico\\\/#primaryimage\"},\"thumbnailUrl\":\"https:\\\/\\\/expressometro.mx\\\/wp-content\\\/uploads\\\/2024\\\/07\\\/WhatsApp-Image-2024-07-03-at-9.47.32-AM.jpeg\",\"datePublished\":\"2024-06-13T15:45:24+00:00\",\"dateModified\":\"2024-07-03T15:58:11+00:00\",\"breadcrumb\":{\"@id\":\"https:\\\/\\\/expressometro.mx\\\/index.php\\\/2024\\\/06\\\/13\\\/destaca-uaemex-por-su-labor-investigativa-con-enfoque-humanistico\\\/#breadcrumb\"},\"inLanguage\":\"es\",\"potentialAction\":[{\"@type\":\"ReadAction\",\"target\":[\"https:\\\/\\\/expressometro.mx\\\/index.php\\\/2024\\\/06\\\/13\\\/destaca-uaemex-por-su-labor-investigativa-con-enfoque-humanistico\\\/\"]}]},{\"@type\":\"ImageObject\",\"inLanguage\":\"es\",\"@id\":\"https:\\\/\\\/expressometro.mx\\\/index.php\\\/2024\\\/06\\\/13\\\/destaca-uaemex-por-su-labor-investigativa-con-enfoque-humanistico\\\/#primaryimage\",\"url\":\"https:\\\/\\\/expressometro.mx\\\/wp-content\\\/uploads\\\/2024\\\/07\\\/WhatsApp-Image-2024-07-03-at-9.47.32-AM.jpeg\",\"contentUrl\":\"https:\\\/\\\/expressometro.mx\\\/wp-content\\\/uploads\\\/2024\\\/07\\\/WhatsApp-Image-2024-07-03-at-9.47.32-AM.jpeg\",\"width\":1600,\"height\":748},{\"@type\":\"BreadcrumbList\",\"@id\":\"https:\\\/\\\/expressometro.mx\\\/index.php\\\/2024\\\/06\\\/13\\\/destaca-uaemex-por-su-labor-investigativa-con-enfoque-humanistico\\\/#breadcrumb\",\"itemListElement\":[{\"@type\":\"ListItem\",\"position\":1,\"name\":\"Inicio\",\"item\":\"https:\\\/\\\/expressometro.mx\\\/\"},{\"@type\":\"ListItem\",\"position\":2,\"name\":\"DESTACA UAEM\u00c9X POR SU LABOR INVESTIGATIVA CON ENFOQUE HUMAN\u00cdSTICO\"}]},{\"@type\":\"WebSite\",\"@id\":\"https:\\\/\\\/expressometro.mx\\\/#website\",\"url\":\"https:\\\/\\\/expressometro.mx\\\/\",\"name\":\"Expresso Metropolitano\",\"description\":\"Periodismo comprometido, informaci\u00f3n, investigaci\u00f3n y an\u00e1lisis\",\"publisher\":{\"@id\":\"https:\\\/\\\/expressometro.mx\\\/#organization\"},\"potentialAction\":[{\"@type\":\"SearchAction\",\"target\":{\"@type\":\"EntryPoint\",\"urlTemplate\":\"https:\\\/\\\/expressometro.mx\\\/?s={search_term_string}\"},\"query-input\":{\"@type\":\"PropertyValueSpecification\",\"valueRequired\":true,\"valueName\":\"search_term_string\"}}],\"inLanguage\":\"es\"},{\"@type\":\"Organization\",\"@id\":\"https:\\\/\\\/expressometro.mx\\\/#organization\",\"name\":\"Expresso Metropolitano\",\"url\":\"https:\\\/\\\/expressometro.mx\\\/\",\"logo\":{\"@type\":\"ImageObject\",\"inLanguage\":\"es\",\"@id\":\"https:\\\/\\\/expressometro.mx\\\/#\\\/schema\\\/logo\\\/image\\\/\",\"url\":\"https:\\\/\\\/expressometro.mx\\\/wp-content\\\/uploads\\\/2019\\\/07\\\/cropped-Logo-Expresso-Metropolitano-1-1.jpeg\",\"contentUrl\":\"https:\\\/\\\/expressometro.mx\\\/wp-content\\\/uploads\\\/2019\\\/07\\\/cropped-Logo-Expresso-Metropolitano-1-1.jpeg\",\"width\":290,\"height\":73,\"caption\":\"Expresso Metropolitano\"},\"image\":{\"@id\":\"https:\\\/\\\/expressometro.mx\\\/#\\\/schema\\\/logo\\\/image\\\/\"}},{\"@type\":\"Person\",\"@id\":\"https:\\\/\\\/expressometro.mx\\\/#\\\/schema\\\/person\\\/efa971b4a0664db8ed5c22b1b0dd2f5d\",\"name\":\"Expresso Metropolitano\",\"image\":{\"@type\":\"ImageObject\",\"inLanguage\":\"es\",\"@id\":\"https:\\\/\\\/secure.gravatar.com\\\/avatar\\\/a89f802b8de18c6952f223c88d3d106e9e3679839f4e25a02f4a6cc2ae6ba3b3?s=96&d=mm&r=g\",\"url\":\"https:\\\/\\\/secure.gravatar.com\\\/avatar\\\/a89f802b8de18c6952f223c88d3d106e9e3679839f4e25a02f4a6cc2ae6ba3b3?s=96&d=mm&r=g\",\"contentUrl\":\"https:\\\/\\\/secure.gravatar.com\\\/avatar\\\/a89f802b8de18c6952f223c88d3d106e9e3679839f4e25a02f4a6cc2ae6ba3b3?s=96&d=mm&r=g\",\"caption\":\"Expresso Metropolitano\"},\"url\":\"https:\\\/\\\/expressometro.mx\\\/index.php\\\/author\\\/diego\\\/\"}]}<\/script>\n<!-- \/ Yoast SEO plugin. -->","yoast_head_json":{"title":"DESTACA UAEM\u00c9X POR SU LABOR INVESTIGATIVA CON ENFOQUE HUMAN\u00cdSTICO - Expresso Metropolitano","robots":{"index":"index","follow":"follow","max-snippet":"max-snippet:-1","max-image-preview":"max-image-preview:large","max-video-preview":"max-video-preview:-1"},"canonical":"https:\/\/expressometro.mx\/index.php\/2024\/06\/13\/destaca-uaemex-por-su-labor-investigativa-con-enfoque-humanistico\/","og_locale":"es_MX","og_type":"article","og_title":"DESTACA UAEM\u00c9X POR SU LABOR INVESTIGATIVA CON ENFOQUE HUMAN\u00cdSTICO - Expresso Metropolitano","og_description":"El rector de la UAEM\u00e9x, Carlos Eduardo Barrera D\u00edaz, encabez\u00f3 la ceremonia del segundo informe de actividades del director del IESU, Emilio Gerardo Arriaga \u00c1lvarez.","og_url":"https:\/\/expressometro.mx\/index.php\/2024\/06\/13\/destaca-uaemex-por-su-labor-investigativa-con-enfoque-humanistico\/","og_site_name":"Expresso Metropolitano","article_published_time":"2024-06-13T15:45:24+00:00","article_modified_time":"2024-07-03T15:58:11+00:00","og_image":[{"width":1600,"height":748,"url":"http:\/\/expressometro.mx\/wp-content\/uploads\/2024\/07\/WhatsApp-Image-2024-07-03-at-9.47.32-AM.jpeg","type":"image\/jpeg"}],"author":"Expresso Metropolitano","twitter_misc":{"Escrito por":"Expresso Metropolitano","Tiempo de lectura":"3 minutos"},"schema":{"@context":"https:\/\/schema.org","@graph":[{"@type":"Article","@id":"https:\/\/expressometro.mx\/index.php\/2024\/06\/13\/destaca-uaemex-por-su-labor-investigativa-con-enfoque-humanistico\/#article","isPartOf":{"@id":"https:\/\/expressometro.mx\/index.php\/2024\/06\/13\/destaca-uaemex-por-su-labor-investigativa-con-enfoque-humanistico\/"},"author":{"name":"Expresso Metropolitano","@id":"https:\/\/expressometro.mx\/#\/schema\/person\/efa971b4a0664db8ed5c22b1b0dd2f5d"},"headline":"DESTACA UAEM\u00c9X POR SU LABOR INVESTIGATIVA CON ENFOQUE HUMAN\u00cdSTICO","datePublished":"2024-06-13T15:45:24+00:00","dateModified":"2024-07-03T15:58:11+00:00","mainEntityOfPage":{"@id":"https:\/\/expressometro.mx\/index.php\/2024\/06\/13\/destaca-uaemex-por-su-labor-investigativa-con-enfoque-humanistico\/"},"wordCount":610,"commentCount":0,"publisher":{"@id":"https:\/\/expressometro.mx\/#organization"},"image":{"@id":"https:\/\/expressometro.mx\/index.php\/2024\/06\/13\/destaca-uaemex-por-su-labor-investigativa-con-enfoque-humanistico\/#primaryimage"},"thumbnailUrl":"https:\/\/expressometro.mx\/wp-content\/uploads\/2024\/07\/WhatsApp-Image-2024-07-03-at-9.47.32-AM.jpeg","keywords":["Carlos Eduardo Barrera D\u00edaz","Edomex","GEM","UAEMex"],"articleSection":["Cultura","Educaci\u00f3n","Gobierno","Otros"],"inLanguage":"es","potentialAction":[{"@type":"CommentAction","name":"Comment","target":["https:\/\/expressometro.mx\/index.php\/2024\/06\/13\/destaca-uaemex-por-su-labor-investigativa-con-enfoque-humanistico\/#respond"]}]},{"@type":"WebPage","@id":"https:\/\/expressometro.mx\/index.php\/2024\/06\/13\/destaca-uaemex-por-su-labor-investigativa-con-enfoque-humanistico\/","url":"https:\/\/expressometro.mx\/index.php\/2024\/06\/13\/destaca-uaemex-por-su-labor-investigativa-con-enfoque-humanistico\/","name":"DESTACA UAEM\u00c9X POR SU LABOR INVESTIGATIVA CON ENFOQUE HUMAN\u00cdSTICO - Expresso Metropolitano","isPartOf":{"@id":"https:\/\/expressometro.mx\/#website"},"primaryImageOfPage":{"@id":"https:\/\/expressometro.mx\/index.php\/2024\/06\/13\/destaca-uaemex-por-su-labor-investigativa-con-enfoque-humanistico\/#primaryimage"},"image":{"@id":"https:\/\/expressometro.mx\/index.php\/2024\/06\/13\/destaca-uaemex-por-su-labor-investigativa-con-enfoque-humanistico\/#primaryimage"},"thumbnailUrl":"https:\/\/expressometro.mx\/wp-content\/uploads\/2024\/07\/WhatsApp-Image-2024-07-03-at-9.47.32-AM.jpeg","datePublished":"2024-06-13T15:45:24+00:00","dateModified":"2024-07-03T15:58:11+00:00","breadcrumb":{"@id":"https:\/\/expressometro.mx\/index.php\/2024\/06\/13\/destaca-uaemex-por-su-labor-investigativa-con-enfoque-humanistico\/#breadcrumb"},"inLanguage":"es","potentialAction":[{"@type":"ReadAction","target":["https:\/\/expressometro.mx\/index.php\/2024\/06\/13\/destaca-uaemex-por-su-labor-investigativa-con-enfoque-humanistico\/"]}]},{"@type":"ImageObject","inLanguage":"es","@id":"https:\/\/expressometro.mx\/index.php\/2024\/06\/13\/destaca-uaemex-por-su-labor-investigativa-con-enfoque-humanistico\/#primaryimage","url":"https:\/\/expressometro.mx\/wp-content\/uploads\/2024\/07\/WhatsApp-Image-2024-07-03-at-9.47.32-AM.jpeg","contentUrl":"https:\/\/expressometro.mx\/wp-content\/uploads\/2024\/07\/WhatsApp-Image-2024-07-03-at-9.47.32-AM.jpeg","width":1600,"height":748},{"@type":"BreadcrumbList","@id":"https:\/\/expressometro.mx\/index.php\/2024\/06\/13\/destaca-uaemex-por-su-labor-investigativa-con-enfoque-humanistico\/#breadcrumb","itemListElement":[{"@type":"ListItem","position":1,"name":"Inicio","item":"https:\/\/expressometro.mx\/"},{"@type":"ListItem","position":2,"name":"DESTACA UAEM\u00c9X POR SU LABOR INVESTIGATIVA CON ENFOQUE HUMAN\u00cdSTICO"}]},{"@type":"WebSite","@id":"https:\/\/expressometro.mx\/#website","url":"https:\/\/expressometro.mx\/","name":"Expresso Metropolitano","description":"Periodismo comprometido, informaci\u00f3n, investigaci\u00f3n y an\u00e1lisis","publisher":{"@id":"https:\/\/expressometro.mx\/#organization"},"potentialAction":[{"@type":"SearchAction","target":{"@type":"EntryPoint","urlTemplate":"https:\/\/expressometro.mx\/?s={search_term_string}"},"query-input":{"@type":"PropertyValueSpecification","valueRequired":true,"valueName":"search_term_string"}}],"inLanguage":"es"},{"@type":"Organization","@id":"https:\/\/expressometro.mx\/#organization","name":"Expresso Metropolitano","url":"https:\/\/expressometro.mx\/","logo":{"@type":"ImageObject","inLanguage":"es","@id":"https:\/\/expressometro.mx\/#\/schema\/logo\/image\/","url":"https:\/\/expressometro.mx\/wp-content\/uploads\/2019\/07\/cropped-Logo-Expresso-Metropolitano-1-1.jpeg","contentUrl":"https:\/\/expressometro.mx\/wp-content\/uploads\/2019\/07\/cropped-Logo-Expresso-Metropolitano-1-1.jpeg","width":290,"height":73,"caption":"Expresso Metropolitano"},"image":{"@id":"https:\/\/expressometro.mx\/#\/schema\/logo\/image\/"}},{"@type":"Person","@id":"https:\/\/expressometro.mx\/#\/schema\/person\/efa971b4a0664db8ed5c22b1b0dd2f5d","name":"Expresso Metropolitano","image":{"@type":"ImageObject","inLanguage":"es","@id":"https:\/\/secure.gravatar.com\/avatar\/a89f802b8de18c6952f223c88d3d106e9e3679839f4e25a02f4a6cc2ae6ba3b3?s=96&d=mm&r=g","url":"https:\/\/secure.gravatar.com\/avatar\/a89f802b8de18c6952f223c88d3d106e9e3679839f4e25a02f4a6cc2ae6ba3b3?s=96&d=mm&r=g","contentUrl":"https:\/\/secure.gravatar.com\/avatar\/a89f802b8de18c6952f223c88d3d106e9e3679839f4e25a02f4a6cc2ae6ba3b3?s=96&d=mm&r=g","caption":"Expresso Metropolitano"},"url":"https:\/\/expressometro.mx\/index.php\/author\/diego\/"}]}},"amp_enabled":true,"_links":{"self":[{"href":"https:\/\/expressometro.mx\/index.php\/wp-json\/wp\/v2\/posts\/9580","targetHints":{"allow":["GET"]}}],"collection":[{"href":"https:\/\/expressometro.mx\/index.php\/wp-json\/wp\/v2\/posts"}],"about":[{"href":"https:\/\/expressometro.mx\/index.php\/wp-json\/wp\/v2\/types\/post"}],"author":[{"embeddable":true,"href":"https:\/\/expressometro.mx\/index.php\/wp-json\/wp\/v2\/users\/1"}],"replies":[{"embeddable":true,"href":"https:\/\/expressometro.mx\/index.php\/wp-json\/wp\/v2\/comments?post=9580"}],"version-history":[{"count":1,"href":"https:\/\/expressometro.mx\/index.php\/wp-json\/wp\/v2\/posts\/9580\/revisions"}],"predecessor-version":[{"id":9583,"href":"https:\/\/expressometro.mx\/index.php\/wp-json\/wp\/v2\/posts\/9580\/revisions\/9583"}],"wp:featuredmedia":[{"embeddable":true,"href":"https:\/\/expressometro.mx\/index.php\/wp-json\/wp\/v2\/media\/9582"}],"wp:attachment":[{"href":"https:\/\/expressometro.mx\/index.php\/wp-json\/wp\/v2\/media?parent=9580"}],"wp:term":[{"taxonomy":"category","embeddable":true,"href":"https:\/\/expressometro.mx\/index.php\/wp-json\/wp\/v2\/categories?post=9580"},{"taxonomy":"post_tag","embeddable":true,"href":"https:\/\/expressometro.mx\/index.php\/wp-json\/wp\/v2\/tags?post=9580"}],"curies":[{"name":"wp","href":"https:\/\/api.w.org\/{rel}","templated":true}]}}