{"id":9575,"date":"2024-06-11T10:39:29","date_gmt":"2024-06-11T15:39:29","guid":{"rendered":"https:\/\/expressometro.mx\/?p=9575"},"modified":"2024-07-03T10:43:23","modified_gmt":"2024-07-03T15:43:23","slug":"colaboracion-con-sector-privado-fundamental-para-la-formacion-de-capital-humano-cebd","status":"publish","type":"post","link":"https:\/\/expressometro.mx\/index.php\/2024\/06\/11\/colaboracion-con-sector-privado-fundamental-para-la-formacion-de-capital-humano-cebd\/","title":{"rendered":"COLABORACI\u00d3N CON SECTOR PRIVADO, FUNDAMENTAL PARA LA FORMACI\u00d3N DE CAPITAL HUMANO: CEBD"},"content":{"rendered":"\n<p><\/p>\n\n\n\n<p>* El rector, Carlos Eduardo Barrera D\u00edaz apunt\u00f3 que mediante un trabajo colaborativo entre la UAEM\u00e9x y la empresa multinacional Stellantis se dise\u00f1\u00f3 un programa de maestr\u00eda que forma profesionales altamente capacitados en el ecosistema de la electrificaci\u00f3n automotriz.<\/p>\n\n\n\n<p>El panorama de la industria automotriz en M\u00e9xico viene acompa\u00f1ado por tendencias geopol\u00edticas que exploran mayores oportunidades de inversi\u00f3n en el pa\u00eds como principal centro de producci\u00f3n, por lo que ante este escenario, es importante la vinculaci\u00f3n entre las universidades y las empresas para trabajar y desarrollar beneficios que permitan la cooperaci\u00f3n entre instituciones, destac\u00f3 el rector de la Universidad Aut\u00f3noma del Estado de M\u00e9xico (UAEM\u00e9x), Carlos Eduardo Barrera D\u00edaz, al encabezar la ceremonia de entrega de diplomas a la primera generaci\u00f3n de la Maestr\u00eda en Electrificaci\u00f3n Automotriz, en el Edificio de Rector\u00eda.<\/p>\n\n\n\n<p>Barrera D\u00edaz apunt\u00f3 que mediante un trabajo colaborativo entre la M\u00e1xima Casa de Estudios mexiquense y la empresa multinacional Stellantis, se dise\u00f1\u00f3 un programa de maestr\u00eda que forma profesionales altamente capacitados en el ecosistema de la electrificaci\u00f3n automotriz, el cual permite una formaci\u00f3n especializada, aprovecha la infraestructura empresarial para la capacitaci\u00f3n e innovaci\u00f3n y permite el desarrollo de laboratorios de investigaci\u00f3n.<\/p>\n\n\n\n<p>\u201cEsta primera experiencia de colaboraci\u00f3n nos permite construir nuevos proyectos con la visi\u00f3n en com\u00fan que compartimos de hacer una diferencia positiva no solo para nuestras instituciones, sino tambi\u00e9n para nuestras comunidades y nuestro planeta\u201d, apunt\u00f3.<\/p>\n\n\n\n<p>Durante la ceremonia, el rector recibi\u00f3 un agradecimiento por parte de Stellantis, por la colaboraci\u00f3n con la Aut\u00f3noma mexiquense. Adem\u00e1s, fueron entregados reconocimientos a las y los alumnos de la primera generaci\u00f3n de la Maestr\u00eda en Electrificaci\u00f3n Automotriz y se reconoci\u00f3 a estudiantes por aprovechamiento acad\u00e9mico.<\/p>\n\n\n\n<p>Por su parte, la North America Regional Technical Training Manager for Engineering de Stellantis, Tamara Taylor, y el l\u00edder del Centro T\u00e9cnico de Stellantis M\u00e9xico, Cari Leslie, felicitaron a las y los estudiantes por su compromiso y desarrollo profesional, ya que no solo representa una oportunidad \u00fanica para el alumnado, sino que tambi\u00e9n es un hito importante en el panorama de la industria automotriz.<\/p>\n\n\n\n<p>En este mismo sentido, el director de la Unidad Acad\u00e9mica Profesional Tianguistenco de la UAEM\u00e9x, Mart\u00edn Carlos Vera Estrada, apunt\u00f3 que este programa de estudios es pionero en su tipo a nivel mundial y que gracias a la alianza estrat\u00e9gica con Stellantis M\u00e9xico -a trav\u00e9s de un convenio de colaboraci\u00f3n-, permite la preparaci\u00f3n de las y los ingenieros para enfrentar los retos de la electrificaci\u00f3n automotriz actual.<\/p>\n\n\n\n<p>\u201cReconozco la dedicaci\u00f3n del estudiantado que se vi\u00f3 reflejada en su desempe\u00f1o acad\u00e9mico, adem\u00e1s del fuerte compromiso en sus proyectos de investigaci\u00f3n. En conjunto con Stellantis estamos formando a las y los l\u00edderes del futuro en electrificaci\u00f3n automotriz, capacitados para enfrentar los desaf\u00edos del sector\u201d, abund\u00f3.<\/p>\n\n\n\n<p>Al acto acudieron la Secretar\u00eda de Investigaci\u00f3n y Estudios Avanzado, Martha Patricia Zarza Delgado; el director de la Facultad de Ciencias, Luis Enrique D\u00edaz S\u00e1nchez; la directora de Recursos Humanos de Stellantis M\u00e9xico, Ana Laura Dorantes; Irma Mart\u00ednez, coordinadora de la Maestr\u00eda en Electrificaci\u00f3n Automotriz, y el representante de la Generaci\u00f3n 2022- 2024, Sergio Alejandro Granados P\u00e9rez, personal de Stellantis M\u00e9xico, docentes de la maestr\u00eda e integrantes del gabinete universitario.<\/p>\n","protected":false},"excerpt":{"rendered":"<p>El rector, Carlos Eduardo Barrera D\u00edaz apunt\u00f3 que mediante un trabajo colaborativo entre la UAEM\u00e9x y la empresa multinacional Stellantis se dise\u00f1\u00f3 un programa de maestr\u00eda que forma profesionales altamente capacitados en el ecosistema de la electrificaci\u00f3n automotriz.<\/p>\n","protected":false},"author":1,"featured_media":9577,"comment_status":"open","ping_status":"open","sticky":false,"template":"","format":"standard","meta":{"footnotes":""},"categories":[108,4,3,1],"tags":[313,1982,86,82],"class_list":["post-9575","post","type-post","status-publish","format-standard","has-post-thumbnail","hentry","category-educacion","category-finanzas","category-gobierno","category-otros","tag-carlos-eduardo-barrera-diaz","tag-edomex","tag-gem","tag-uaemex"],"yoast_head":"<!-- This site is optimized with the Yoast SEO plugin v27.5 - https:\/\/yoast.com\/product\/yoast-seo-wordpress\/ -->\n<title>COLABORACI\u00d3N CON SECTOR PRIVADO, FUNDAMENTAL PARA LA FORMACI\u00d3N DE CAPITAL HUMANO: CEBD - Expresso Metropolitano<\/title>\n<meta name=\"robots\" content=\"index, follow, max-snippet:-1, max-image-preview:large, max-video-preview:-1\" \/>\n<link rel=\"canonical\" href=\"https:\/\/expressometro.mx\/index.php\/2024\/06\/11\/colaboracion-con-sector-privado-fundamental-para-la-formacion-de-capital-humano-cebd\/\" \/>\n<meta property=\"og:locale\" content=\"es_MX\" \/>\n<meta property=\"og:type\" content=\"article\" \/>\n<meta property=\"og:title\" content=\"COLABORACI\u00d3N CON SECTOR PRIVADO, FUNDAMENTAL PARA LA FORMACI\u00d3N DE CAPITAL HUMANO: CEBD - Expresso Metropolitano\" \/>\n<meta property=\"og:description\" content=\"El rector, Carlos Eduardo Barrera D\u00edaz apunt\u00f3 que mediante un trabajo colaborativo entre la UAEM\u00e9x y la empresa multinacional Stellantis se dise\u00f1\u00f3 un programa de maestr\u00eda que forma profesionales altamente capacitados en el ecosistema de la electrificaci\u00f3n automotriz.\" \/>\n<meta property=\"og:url\" content=\"https:\/\/expressometro.mx\/index.php\/2024\/06\/11\/colaboracion-con-sector-privado-fundamental-para-la-formacion-de-capital-humano-cebd\/\" \/>\n<meta property=\"og:site_name\" content=\"Expresso Metropolitano\" \/>\n<meta property=\"article:published_time\" content=\"2024-06-11T15:39:29+00:00\" \/>\n<meta property=\"article:modified_time\" content=\"2024-07-03T15:43:23+00:00\" \/>\n<meta property=\"og:image\" content=\"http:\/\/expressometro.mx\/wp-content\/uploads\/2024\/07\/WhatsApp-Image-2024-07-03-at-9.42.10-AM.jpeg\" \/>\n\t<meta property=\"og:image:width\" content=\"1024\" \/>\n\t<meta property=\"og:image:height\" content=\"682\" \/>\n\t<meta property=\"og:image:type\" content=\"image\/jpeg\" \/>\n<meta name=\"author\" content=\"Expresso Metropolitano\" \/>\n<meta name=\"twitter:label1\" content=\"Escrito por\" \/>\n\t<meta name=\"twitter:data1\" content=\"Expresso Metropolitano\" \/>\n\t<meta name=\"twitter:label2\" content=\"Tiempo de lectura\" \/>\n\t<meta name=\"twitter:data2\" content=\"3 minutos\" \/>\n<script type=\"application\/ld+json\" class=\"yoast-schema-graph\">{\"@context\":\"https:\\\/\\\/schema.org\",\"@graph\":[{\"@type\":\"Article\",\"@id\":\"https:\\\/\\\/expressometro.mx\\\/index.php\\\/2024\\\/06\\\/11\\\/colaboracion-con-sector-privado-fundamental-para-la-formacion-de-capital-humano-cebd\\\/#article\",\"isPartOf\":{\"@id\":\"https:\\\/\\\/expressometro.mx\\\/index.php\\\/2024\\\/06\\\/11\\\/colaboracion-con-sector-privado-fundamental-para-la-formacion-de-capital-humano-cebd\\\/\"},\"author\":{\"name\":\"Expresso Metropolitano\",\"@id\":\"https:\\\/\\\/expressometro.mx\\\/#\\\/schema\\\/person\\\/efa971b4a0664db8ed5c22b1b0dd2f5d\"},\"headline\":\"COLABORACI\u00d3N CON SECTOR PRIVADO, FUNDAMENTAL PARA LA FORMACI\u00d3N DE CAPITAL HUMANO: CEBD\",\"datePublished\":\"2024-06-11T15:39:29+00:00\",\"dateModified\":\"2024-07-03T15:43:23+00:00\",\"mainEntityOfPage\":{\"@id\":\"https:\\\/\\\/expressometro.mx\\\/index.php\\\/2024\\\/06\\\/11\\\/colaboracion-con-sector-privado-fundamental-para-la-formacion-de-capital-humano-cebd\\\/\"},\"wordCount\":606,\"commentCount\":0,\"publisher\":{\"@id\":\"https:\\\/\\\/expressometro.mx\\\/#organization\"},\"image\":{\"@id\":\"https:\\\/\\\/expressometro.mx\\\/index.php\\\/2024\\\/06\\\/11\\\/colaboracion-con-sector-privado-fundamental-para-la-formacion-de-capital-humano-cebd\\\/#primaryimage\"},\"thumbnailUrl\":\"https:\\\/\\\/expressometro.mx\\\/wp-content\\\/uploads\\\/2024\\\/07\\\/WhatsApp-Image-2024-07-03-at-9.42.10-AM.jpeg\",\"keywords\":[\"Carlos Eduardo Barrera D\u00edaz\",\"Edomex\",\"GEM\",\"UAEMex\"],\"articleSection\":[\"Educaci\u00f3n\",\"Finanzas\",\"Gobierno\",\"Otros\"],\"inLanguage\":\"es\",\"potentialAction\":[{\"@type\":\"CommentAction\",\"name\":\"Comment\",\"target\":[\"https:\\\/\\\/expressometro.mx\\\/index.php\\\/2024\\\/06\\\/11\\\/colaboracion-con-sector-privado-fundamental-para-la-formacion-de-capital-humano-cebd\\\/#respond\"]}]},{\"@type\":\"WebPage\",\"@id\":\"https:\\\/\\\/expressometro.mx\\\/index.php\\\/2024\\\/06\\\/11\\\/colaboracion-con-sector-privado-fundamental-para-la-formacion-de-capital-humano-cebd\\\/\",\"url\":\"https:\\\/\\\/expressometro.mx\\\/index.php\\\/2024\\\/06\\\/11\\\/colaboracion-con-sector-privado-fundamental-para-la-formacion-de-capital-humano-cebd\\\/\",\"name\":\"COLABORACI\u00d3N CON SECTOR PRIVADO, FUNDAMENTAL PARA LA FORMACI\u00d3N DE CAPITAL HUMANO: CEBD - Expresso Metropolitano\",\"isPartOf\":{\"@id\":\"https:\\\/\\\/expressometro.mx\\\/#website\"},\"primaryImageOfPage\":{\"@id\":\"https:\\\/\\\/expressometro.mx\\\/index.php\\\/2024\\\/06\\\/11\\\/colaboracion-con-sector-privado-fundamental-para-la-formacion-de-capital-humano-cebd\\\/#primaryimage\"},\"image\":{\"@id\":\"https:\\\/\\\/expressometro.mx\\\/index.php\\\/2024\\\/06\\\/11\\\/colaboracion-con-sector-privado-fundamental-para-la-formacion-de-capital-humano-cebd\\\/#primaryimage\"},\"thumbnailUrl\":\"https:\\\/\\\/expressometro.mx\\\/wp-content\\\/uploads\\\/2024\\\/07\\\/WhatsApp-Image-2024-07-03-at-9.42.10-AM.jpeg\",\"datePublished\":\"2024-06-11T15:39:29+00:00\",\"dateModified\":\"2024-07-03T15:43:23+00:00\",\"breadcrumb\":{\"@id\":\"https:\\\/\\\/expressometro.mx\\\/index.php\\\/2024\\\/06\\\/11\\\/colaboracion-con-sector-privado-fundamental-para-la-formacion-de-capital-humano-cebd\\\/#breadcrumb\"},\"inLanguage\":\"es\",\"potentialAction\":[{\"@type\":\"ReadAction\",\"target\":[\"https:\\\/\\\/expressometro.mx\\\/index.php\\\/2024\\\/06\\\/11\\\/colaboracion-con-sector-privado-fundamental-para-la-formacion-de-capital-humano-cebd\\\/\"]}]},{\"@type\":\"ImageObject\",\"inLanguage\":\"es\",\"@id\":\"https:\\\/\\\/expressometro.mx\\\/index.php\\\/2024\\\/06\\\/11\\\/colaboracion-con-sector-privado-fundamental-para-la-formacion-de-capital-humano-cebd\\\/#primaryimage\",\"url\":\"https:\\\/\\\/expressometro.mx\\\/wp-content\\\/uploads\\\/2024\\\/07\\\/WhatsApp-Image-2024-07-03-at-9.42.10-AM.jpeg\",\"contentUrl\":\"https:\\\/\\\/expressometro.mx\\\/wp-content\\\/uploads\\\/2024\\\/07\\\/WhatsApp-Image-2024-07-03-at-9.42.10-AM.jpeg\",\"width\":1024,\"height\":682},{\"@type\":\"BreadcrumbList\",\"@id\":\"https:\\\/\\\/expressometro.mx\\\/index.php\\\/2024\\\/06\\\/11\\\/colaboracion-con-sector-privado-fundamental-para-la-formacion-de-capital-humano-cebd\\\/#breadcrumb\",\"itemListElement\":[{\"@type\":\"ListItem\",\"position\":1,\"name\":\"Inicio\",\"item\":\"https:\\\/\\\/expressometro.mx\\\/\"},{\"@type\":\"ListItem\",\"position\":2,\"name\":\"COLABORACI\u00d3N CON SECTOR PRIVADO, FUNDAMENTAL PARA LA FORMACI\u00d3N DE CAPITAL HUMANO: CEBD\"}]},{\"@type\":\"WebSite\",\"@id\":\"https:\\\/\\\/expressometro.mx\\\/#website\",\"url\":\"https:\\\/\\\/expressometro.mx\\\/\",\"name\":\"Expresso Metropolitano\",\"description\":\"Periodismo comprometido, informaci\u00f3n, investigaci\u00f3n y an\u00e1lisis\",\"publisher\":{\"@id\":\"https:\\\/\\\/expressometro.mx\\\/#organization\"},\"potentialAction\":[{\"@type\":\"SearchAction\",\"target\":{\"@type\":\"EntryPoint\",\"urlTemplate\":\"https:\\\/\\\/expressometro.mx\\\/?s={search_term_string}\"},\"query-input\":{\"@type\":\"PropertyValueSpecification\",\"valueRequired\":true,\"valueName\":\"search_term_string\"}}],\"inLanguage\":\"es\"},{\"@type\":\"Organization\",\"@id\":\"https:\\\/\\\/expressometro.mx\\\/#organization\",\"name\":\"Expresso Metropolitano\",\"url\":\"https:\\\/\\\/expressometro.mx\\\/\",\"logo\":{\"@type\":\"ImageObject\",\"inLanguage\":\"es\",\"@id\":\"https:\\\/\\\/expressometro.mx\\\/#\\\/schema\\\/logo\\\/image\\\/\",\"url\":\"https:\\\/\\\/expressometro.mx\\\/wp-content\\\/uploads\\\/2019\\\/07\\\/cropped-Logo-Expresso-Metropolitano-1-1.jpeg\",\"contentUrl\":\"https:\\\/\\\/expressometro.mx\\\/wp-content\\\/uploads\\\/2019\\\/07\\\/cropped-Logo-Expresso-Metropolitano-1-1.jpeg\",\"width\":290,\"height\":73,\"caption\":\"Expresso Metropolitano\"},\"image\":{\"@id\":\"https:\\\/\\\/expressometro.mx\\\/#\\\/schema\\\/logo\\\/image\\\/\"}},{\"@type\":\"Person\",\"@id\":\"https:\\\/\\\/expressometro.mx\\\/#\\\/schema\\\/person\\\/efa971b4a0664db8ed5c22b1b0dd2f5d\",\"name\":\"Expresso Metropolitano\",\"image\":{\"@type\":\"ImageObject\",\"inLanguage\":\"es\",\"@id\":\"https:\\\/\\\/secure.gravatar.com\\\/avatar\\\/a89f802b8de18c6952f223c88d3d106e9e3679839f4e25a02f4a6cc2ae6ba3b3?s=96&d=mm&r=g\",\"url\":\"https:\\\/\\\/secure.gravatar.com\\\/avatar\\\/a89f802b8de18c6952f223c88d3d106e9e3679839f4e25a02f4a6cc2ae6ba3b3?s=96&d=mm&r=g\",\"contentUrl\":\"https:\\\/\\\/secure.gravatar.com\\\/avatar\\\/a89f802b8de18c6952f223c88d3d106e9e3679839f4e25a02f4a6cc2ae6ba3b3?s=96&d=mm&r=g\",\"caption\":\"Expresso Metropolitano\"},\"url\":\"https:\\\/\\\/expressometro.mx\\\/index.php\\\/author\\\/diego\\\/\"}]}<\/script>\n<!-- \/ Yoast SEO plugin. -->","yoast_head_json":{"title":"COLABORACI\u00d3N CON SECTOR PRIVADO, FUNDAMENTAL PARA LA FORMACI\u00d3N DE CAPITAL HUMANO: CEBD - Expresso Metropolitano","robots":{"index":"index","follow":"follow","max-snippet":"max-snippet:-1","max-image-preview":"max-image-preview:large","max-video-preview":"max-video-preview:-1"},"canonical":"https:\/\/expressometro.mx\/index.php\/2024\/06\/11\/colaboracion-con-sector-privado-fundamental-para-la-formacion-de-capital-humano-cebd\/","og_locale":"es_MX","og_type":"article","og_title":"COLABORACI\u00d3N CON SECTOR PRIVADO, FUNDAMENTAL PARA LA FORMACI\u00d3N DE CAPITAL HUMANO: CEBD - Expresso Metropolitano","og_description":"El rector, Carlos Eduardo Barrera D\u00edaz apunt\u00f3 que mediante un trabajo colaborativo entre la UAEM\u00e9x y la empresa multinacional Stellantis se dise\u00f1\u00f3 un programa de maestr\u00eda que forma profesionales altamente capacitados en el ecosistema de la electrificaci\u00f3n automotriz.","og_url":"https:\/\/expressometro.mx\/index.php\/2024\/06\/11\/colaboracion-con-sector-privado-fundamental-para-la-formacion-de-capital-humano-cebd\/","og_site_name":"Expresso Metropolitano","article_published_time":"2024-06-11T15:39:29+00:00","article_modified_time":"2024-07-03T15:43:23+00:00","og_image":[{"width":1024,"height":682,"url":"http:\/\/expressometro.mx\/wp-content\/uploads\/2024\/07\/WhatsApp-Image-2024-07-03-at-9.42.10-AM.jpeg","type":"image\/jpeg"}],"author":"Expresso Metropolitano","twitter_misc":{"Escrito por":"Expresso Metropolitano","Tiempo de lectura":"3 minutos"},"schema":{"@context":"https:\/\/schema.org","@graph":[{"@type":"Article","@id":"https:\/\/expressometro.mx\/index.php\/2024\/06\/11\/colaboracion-con-sector-privado-fundamental-para-la-formacion-de-capital-humano-cebd\/#article","isPartOf":{"@id":"https:\/\/expressometro.mx\/index.php\/2024\/06\/11\/colaboracion-con-sector-privado-fundamental-para-la-formacion-de-capital-humano-cebd\/"},"author":{"name":"Expresso Metropolitano","@id":"https:\/\/expressometro.mx\/#\/schema\/person\/efa971b4a0664db8ed5c22b1b0dd2f5d"},"headline":"COLABORACI\u00d3N CON SECTOR PRIVADO, FUNDAMENTAL PARA LA FORMACI\u00d3N DE CAPITAL HUMANO: CEBD","datePublished":"2024-06-11T15:39:29+00:00","dateModified":"2024-07-03T15:43:23+00:00","mainEntityOfPage":{"@id":"https:\/\/expressometro.mx\/index.php\/2024\/06\/11\/colaboracion-con-sector-privado-fundamental-para-la-formacion-de-capital-humano-cebd\/"},"wordCount":606,"commentCount":0,"publisher":{"@id":"https:\/\/expressometro.mx\/#organization"},"image":{"@id":"https:\/\/expressometro.mx\/index.php\/2024\/06\/11\/colaboracion-con-sector-privado-fundamental-para-la-formacion-de-capital-humano-cebd\/#primaryimage"},"thumbnailUrl":"https:\/\/expressometro.mx\/wp-content\/uploads\/2024\/07\/WhatsApp-Image-2024-07-03-at-9.42.10-AM.jpeg","keywords":["Carlos Eduardo Barrera D\u00edaz","Edomex","GEM","UAEMex"],"articleSection":["Educaci\u00f3n","Finanzas","Gobierno","Otros"],"inLanguage":"es","potentialAction":[{"@type":"CommentAction","name":"Comment","target":["https:\/\/expressometro.mx\/index.php\/2024\/06\/11\/colaboracion-con-sector-privado-fundamental-para-la-formacion-de-capital-humano-cebd\/#respond"]}]},{"@type":"WebPage","@id":"https:\/\/expressometro.mx\/index.php\/2024\/06\/11\/colaboracion-con-sector-privado-fundamental-para-la-formacion-de-capital-humano-cebd\/","url":"https:\/\/expressometro.mx\/index.php\/2024\/06\/11\/colaboracion-con-sector-privado-fundamental-para-la-formacion-de-capital-humano-cebd\/","name":"COLABORACI\u00d3N CON SECTOR PRIVADO, FUNDAMENTAL PARA LA FORMACI\u00d3N DE CAPITAL HUMANO: CEBD - Expresso Metropolitano","isPartOf":{"@id":"https:\/\/expressometro.mx\/#website"},"primaryImageOfPage":{"@id":"https:\/\/expressometro.mx\/index.php\/2024\/06\/11\/colaboracion-con-sector-privado-fundamental-para-la-formacion-de-capital-humano-cebd\/#primaryimage"},"image":{"@id":"https:\/\/expressometro.mx\/index.php\/2024\/06\/11\/colaboracion-con-sector-privado-fundamental-para-la-formacion-de-capital-humano-cebd\/#primaryimage"},"thumbnailUrl":"https:\/\/expressometro.mx\/wp-content\/uploads\/2024\/07\/WhatsApp-Image-2024-07-03-at-9.42.10-AM.jpeg","datePublished":"2024-06-11T15:39:29+00:00","dateModified":"2024-07-03T15:43:23+00:00","breadcrumb":{"@id":"https:\/\/expressometro.mx\/index.php\/2024\/06\/11\/colaboracion-con-sector-privado-fundamental-para-la-formacion-de-capital-humano-cebd\/#breadcrumb"},"inLanguage":"es","potentialAction":[{"@type":"ReadAction","target":["https:\/\/expressometro.mx\/index.php\/2024\/06\/11\/colaboracion-con-sector-privado-fundamental-para-la-formacion-de-capital-humano-cebd\/"]}]},{"@type":"ImageObject","inLanguage":"es","@id":"https:\/\/expressometro.mx\/index.php\/2024\/06\/11\/colaboracion-con-sector-privado-fundamental-para-la-formacion-de-capital-humano-cebd\/#primaryimage","url":"https:\/\/expressometro.mx\/wp-content\/uploads\/2024\/07\/WhatsApp-Image-2024-07-03-at-9.42.10-AM.jpeg","contentUrl":"https:\/\/expressometro.mx\/wp-content\/uploads\/2024\/07\/WhatsApp-Image-2024-07-03-at-9.42.10-AM.jpeg","width":1024,"height":682},{"@type":"BreadcrumbList","@id":"https:\/\/expressometro.mx\/index.php\/2024\/06\/11\/colaboracion-con-sector-privado-fundamental-para-la-formacion-de-capital-humano-cebd\/#breadcrumb","itemListElement":[{"@type":"ListItem","position":1,"name":"Inicio","item":"https:\/\/expressometro.mx\/"},{"@type":"ListItem","position":2,"name":"COLABORACI\u00d3N CON SECTOR PRIVADO, FUNDAMENTAL PARA LA FORMACI\u00d3N DE CAPITAL HUMANO: CEBD"}]},{"@type":"WebSite","@id":"https:\/\/expressometro.mx\/#website","url":"https:\/\/expressometro.mx\/","name":"Expresso Metropolitano","description":"Periodismo comprometido, informaci\u00f3n, investigaci\u00f3n y an\u00e1lisis","publisher":{"@id":"https:\/\/expressometro.mx\/#organization"},"potentialAction":[{"@type":"SearchAction","target":{"@type":"EntryPoint","urlTemplate":"https:\/\/expressometro.mx\/?s={search_term_string}"},"query-input":{"@type":"PropertyValueSpecification","valueRequired":true,"valueName":"search_term_string"}}],"inLanguage":"es"},{"@type":"Organization","@id":"https:\/\/expressometro.mx\/#organization","name":"Expresso Metropolitano","url":"https:\/\/expressometro.mx\/","logo":{"@type":"ImageObject","inLanguage":"es","@id":"https:\/\/expressometro.mx\/#\/schema\/logo\/image\/","url":"https:\/\/expressometro.mx\/wp-content\/uploads\/2019\/07\/cropped-Logo-Expresso-Metropolitano-1-1.jpeg","contentUrl":"https:\/\/expressometro.mx\/wp-content\/uploads\/2019\/07\/cropped-Logo-Expresso-Metropolitano-1-1.jpeg","width":290,"height":73,"caption":"Expresso Metropolitano"},"image":{"@id":"https:\/\/expressometro.mx\/#\/schema\/logo\/image\/"}},{"@type":"Person","@id":"https:\/\/expressometro.mx\/#\/schema\/person\/efa971b4a0664db8ed5c22b1b0dd2f5d","name":"Expresso Metropolitano","image":{"@type":"ImageObject","inLanguage":"es","@id":"https:\/\/secure.gravatar.com\/avatar\/a89f802b8de18c6952f223c88d3d106e9e3679839f4e25a02f4a6cc2ae6ba3b3?s=96&d=mm&r=g","url":"https:\/\/secure.gravatar.com\/avatar\/a89f802b8de18c6952f223c88d3d106e9e3679839f4e25a02f4a6cc2ae6ba3b3?s=96&d=mm&r=g","contentUrl":"https:\/\/secure.gravatar.com\/avatar\/a89f802b8de18c6952f223c88d3d106e9e3679839f4e25a02f4a6cc2ae6ba3b3?s=96&d=mm&r=g","caption":"Expresso Metropolitano"},"url":"https:\/\/expressometro.mx\/index.php\/author\/diego\/"}]}},"amp_enabled":true,"_links":{"self":[{"href":"https:\/\/expressometro.mx\/index.php\/wp-json\/wp\/v2\/posts\/9575","targetHints":{"allow":["GET"]}}],"collection":[{"href":"https:\/\/expressometro.mx\/index.php\/wp-json\/wp\/v2\/posts"}],"about":[{"href":"https:\/\/expressometro.mx\/index.php\/wp-json\/wp\/v2\/types\/post"}],"author":[{"embeddable":true,"href":"https:\/\/expressometro.mx\/index.php\/wp-json\/wp\/v2\/users\/1"}],"replies":[{"embeddable":true,"href":"https:\/\/expressometro.mx\/index.php\/wp-json\/wp\/v2\/comments?post=9575"}],"version-history":[{"count":1,"href":"https:\/\/expressometro.mx\/index.php\/wp-json\/wp\/v2\/posts\/9575\/revisions"}],"predecessor-version":[{"id":9578,"href":"https:\/\/expressometro.mx\/index.php\/wp-json\/wp\/v2\/posts\/9575\/revisions\/9578"}],"wp:featuredmedia":[{"embeddable":true,"href":"https:\/\/expressometro.mx\/index.php\/wp-json\/wp\/v2\/media\/9577"}],"wp:attachment":[{"href":"https:\/\/expressometro.mx\/index.php\/wp-json\/wp\/v2\/media?parent=9575"}],"wp:term":[{"taxonomy":"category","embeddable":true,"href":"https:\/\/expressometro.mx\/index.php\/wp-json\/wp\/v2\/categories?post=9575"},{"taxonomy":"post_tag","embeddable":true,"href":"https:\/\/expressometro.mx\/index.php\/wp-json\/wp\/v2\/tags?post=9575"}],"curies":[{"name":"wp","href":"https:\/\/api.w.org\/{rel}","templated":true}]}}