{"id":9560,"date":"2024-06-05T10:11:50","date_gmt":"2024-06-05T15:11:50","guid":{"rendered":"https:\/\/expressometro.mx\/?p=9560"},"modified":"2024-07-03T10:15:00","modified_gmt":"2024-07-03T15:15:00","slug":"uaemex-celebra-la-vanguardia-educativa-en-conocimiento-y-aprendizaje-de-lenguas","status":"publish","type":"post","link":"https:\/\/expressometro.mx\/index.php\/2024\/06\/05\/uaemex-celebra-la-vanguardia-educativa-en-conocimiento-y-aprendizaje-de-lenguas\/","title":{"rendered":"UAEM\u00c9X CELEBRA LA VANGUARDIA EDUCATIVA EN CONOCIMIENTO Y APRENDIZAJE DE LENGUAS"},"content":{"rendered":"\n<p><\/p>\n\n\n\n<p>* En el marco del 65 aniversario del CELe, el rector de la UAEM\u00e9x, Carlos Eduardo Barrera D\u00edaz, entreg\u00f3 nueve becas Cambridge y seis placas Cambridge socio Better Learning Partner Platinum a extensiones del CELe; as\u00ed como reconocimientos a ex directores, docentes y administrativos.<\/p>\n\n\n\n<p>* La directora del CELe, Zenith Ort\u00edz Rodr\u00edguez, detall\u00f3 que este espacio educativo tiene presencia en 18 municipios del Estado de M\u00e9xico con una matr\u00edcula de 19 mil 450 estudiantes al cierre de 2023, convirti\u00e9ndose en una pieza fundamental para la formaci\u00f3n acad\u00e9mica de la comunidad universitaria y sociedad en general.<\/p>\n\n\n\n<p>Por su gran trayectoria y excelencia acad\u00e9mica en las \u00e1reas de conocimiento y ense\u00f1anza de diferentes idiomas, la Universidad Aut\u00f3noma del Estado de M\u00e9xico (UAEM\u00e9x), llev\u00f3 a cabo la Ceremonia Conmemorativa al 65 aniversario del Centro de Ense\u00f1anza de Lenguas (CELe), en el Aula Magna del Edificio de Rector\u00eda.<\/p>\n\n\n\n<p>En compa\u00f1\u00eda del director de Ventas de Cambridge University Press and Assessment en M\u00e9xico, Centroam\u00e9rica y el Caribe, Le\u00f3n D\u00edaz Ort\u00edz, Barrera D\u00edaz hizo entrega de nueve becas Cambridge y seis placas Cambridge socio Better Learning Partner Platinum a extensiones del CELe; as\u00ed como cinco reconocimientos a ex directores de este centro, tres a docentes con m\u00e1s de 35 a\u00f1os de servicio, tres a administrativos con m\u00e1s de 30 a\u00f1os de servicio y cinco a docentes por excelencia acad\u00e9mica.<\/p>\n\n\n\n<p>El rector de la Aut\u00f3noma mexiquense resalt\u00f3 que el CELe naci\u00f3 como Departamento de Lenguas Extranjeras el 5 de junio de 1959, apenas tres a\u00f1os despu\u00e9s de que el Instituto Cient\u00edfico y Literario Aut\u00f3nomo (ICLA) se convirtiera en la UAEM\u00e9x. Desde entonces, coment\u00f3, ha recorrido diferentes espacios universitarios, como las aulas del Patio del Centenario del Edificio de Rector\u00eda y el edificio \u201cFlor de Mar\u00eda Reyes de Molina\u201d.<\/p>\n\n\n\n<p>Barrera D\u00edaz explic\u00f3 que en 1987, este centro recibi\u00f3 su nombre actual, donde se incluyeron cursos de lenguas como el otom\u00ed, mazahua y n\u00e1huatl. Es a lo largo de esta trayectoria que, posteriormente, se incorporaron programas de posgrado y licenciatura, convirti\u00e9ndose hoy en una gran red de extensiones dentro de todos los espacios universitarios y en otros espacios acad\u00e9micos privados.<\/p>\n\n\n\n<p>Por su parte, D\u00edaz Ort\u00edz destac\u00f3 que en 2023, Cambridge otorg\u00f3 el prestigioso reconocimiento a la UAEM\u00e9x de Socio Platinum Better Learning por su gran aportaci\u00f3n a la investigaci\u00f3n, extensi\u00f3n universitaria y formaci\u00f3n de profesionales de excelencia que contribuyen al desarrollo del Estado de M\u00e9xico y del pa\u00eds.<\/p>\n\n\n\n<p>En este sentido, reconoci\u00f3 a la comunidad universitaria por brindar apoyo y herramientas necesarias para la ense\u00f1anza y aprendizaje de calidad del idioma ingl\u00e9s, reafirmando el compromiso de Cambridge con la UAEM\u00e9x para trabajar colectivamente en la b\u00fasqueda de soluciones educativas de calidad en beneficio de la comunidad y sociedad mexiquense.<\/p>\n\n\n\n<p>En su intervenci\u00f3n, el secretario de Extensi\u00f3n y Vinculaci\u00f3n, Francisco Zepeda Mondrag\u00f3n, coment\u00f3 que esta conmemoraci\u00f3n celebra el trabajo, esfuerzo y dedicaci\u00f3n de personal administrativo, docente y estudiantado que han formado parte del CELe a lo largo de 65 a\u00f1os, pues este espacio se caracteriza por su excelente calidad en los programas de estudio en idiomas, situando a la UAEM\u00e9x como un gran referente en la innovaci\u00f3n para la comunicaci\u00f3n y ense\u00f1anza de lenguas.<\/p>\n\n\n\n<p>En el mismo sentido, la directora del CELe, Zenith Ort\u00edz Rodr\u00edguez detall\u00f3 que este espacio educativo tiene presencia en 18 municipios del Estado de M\u00e9xico a trav\u00e9s de 25 extensiones: 15 dentro de la UAEM\u00e9x y 10 establecidas en otras instituciones educativas. Asimismo, destac\u00f3 que al inicio de la Administraci\u00f3n Universitaria 2021-2025, el centro contaba con 7 mil 54 inscripciones, una matr\u00edcula que aument\u00f3 a 19 mil 450 al cierre de 2023, convirti\u00e9ndose en una pieza fundamental para la formaci\u00f3n acad\u00e9mica de la comunidad universitaria y sociedad en general.<\/p>\n\n\n\n<p>La alumna acreedora a la beca para certificaci\u00f3n \u201cCambridge English C1 Advanced\u201d, Karla Viridiana Ibarra Rinc\u00f3n, mencion\u00f3 que en el mundo actual la comunicaci\u00f3n y conocimiento de otros idiomas es indispensable, por ello, el CELe es un espacio relevante al ofrecer diferentes \u00e1reas y modalidades de aprendizaje que contribuyen al desarrollo personal y profesional, fomentando la comprensi\u00f3n cultural, la empat\u00eda y el respeto entre comunidades.<\/p>\n\n\n\n<p>En el marco de esta celebraci\u00f3n, tambi\u00e9n se hizo entrega de premios a ganadores del primer y segundo lugar del concurso \u201cLogo 65 aniversario del CELe\u201d, Mildred Ram\u00edrez Gonz\u00e1lez y Santiago Y\u00e1\u00f1ez S\u00e1nchez; tambi\u00e9n, se llev\u00f3 a cabo la develaci\u00f3n de placas con motivo de esta conmemoraci\u00f3n.<\/p>\n\n\n\n<p>Al acto, tambi\u00e9n asistieron la primera directora del CELe, Luz Mar\u00eda Garc\u00eda de Ferado; ex directores del CELe, integrantes del Gabinete Universitario y Colegio de Directores; invitados de Cambridge University Press and Assessment y comunidad docente, administrativa y universitaria.<\/p>\n","protected":false},"excerpt":{"rendered":"<p>En el marco del 65 aniversario del CELe, el rector de la UAEM\u00e9x, Carlos Eduardo Barrera D\u00edaz, entreg\u00f3 nueve becas Cambridge y seis placas Cambridge socio Better Learning Partner Platinum a extensiones del CELe; as\u00ed como reconocimientos a ex directores, docentes y administrativos.<\/p>\n","protected":false},"author":1,"featured_media":9562,"comment_status":"open","ping_status":"open","sticky":false,"template":"","format":"standard","meta":{"footnotes":""},"categories":[11,108,3,1],"tags":[313,1982,86,82],"class_list":["post-9560","post","type-post","status-publish","format-standard","has-post-thumbnail","hentry","category-cultura","category-educacion","category-gobierno","category-otros","tag-carlos-eduardo-barrera-diaz","tag-edomex","tag-gem","tag-uaemex"],"yoast_head":"<!-- This site is optimized with the Yoast SEO plugin v27.4 - https:\/\/yoast.com\/product\/yoast-seo-wordpress\/ -->\n<title>UAEM\u00c9X CELEBRA LA VANGUARDIA EDUCATIVA EN CONOCIMIENTO Y APRENDIZAJE DE LENGUAS - Expresso Metropolitano<\/title>\n<meta name=\"robots\" content=\"index, follow, max-snippet:-1, max-image-preview:large, max-video-preview:-1\" \/>\n<link rel=\"canonical\" href=\"https:\/\/expressometro.mx\/index.php\/2024\/06\/05\/uaemex-celebra-la-vanguardia-educativa-en-conocimiento-y-aprendizaje-de-lenguas\/\" \/>\n<meta property=\"og:locale\" content=\"es_MX\" \/>\n<meta property=\"og:type\" content=\"article\" \/>\n<meta property=\"og:title\" content=\"UAEM\u00c9X CELEBRA LA VANGUARDIA EDUCATIVA EN CONOCIMIENTO Y APRENDIZAJE DE LENGUAS - Expresso Metropolitano\" \/>\n<meta property=\"og:description\" content=\"En el marco del 65 aniversario del CELe, el rector de la UAEM\u00e9x, Carlos Eduardo Barrera D\u00edaz, entreg\u00f3 nueve becas Cambridge y seis placas Cambridge socio Better Learning Partner Platinum a extensiones del CELe; as\u00ed como reconocimientos a ex directores, docentes y administrativos.\" \/>\n<meta property=\"og:url\" content=\"https:\/\/expressometro.mx\/index.php\/2024\/06\/05\/uaemex-celebra-la-vanguardia-educativa-en-conocimiento-y-aprendizaje-de-lenguas\/\" \/>\n<meta property=\"og:site_name\" content=\"Expresso Metropolitano\" \/>\n<meta property=\"article:published_time\" content=\"2024-06-05T15:11:50+00:00\" \/>\n<meta property=\"article:modified_time\" content=\"2024-07-03T15:15:00+00:00\" \/>\n<meta property=\"og:image\" content=\"http:\/\/expressometro.mx\/wp-content\/uploads\/2024\/07\/WhatsApp-Image-2024-07-03-at-9.13.43-AM.jpeg\" \/>\n\t<meta property=\"og:image:width\" content=\"1024\" \/>\n\t<meta property=\"og:image:height\" content=\"682\" \/>\n\t<meta property=\"og:image:type\" content=\"image\/jpeg\" \/>\n<meta name=\"author\" content=\"Expresso Metropolitano\" \/>\n<meta name=\"twitter:label1\" content=\"Escrito por\" \/>\n\t<meta name=\"twitter:data1\" content=\"Expresso Metropolitano\" \/>\n\t<meta name=\"twitter:label2\" content=\"Tiempo de lectura\" \/>\n\t<meta name=\"twitter:data2\" content=\"4 minutos\" \/>\n<script type=\"application\/ld+json\" class=\"yoast-schema-graph\">{\"@context\":\"https:\\\/\\\/schema.org\",\"@graph\":[{\"@type\":\"Article\",\"@id\":\"https:\\\/\\\/expressometro.mx\\\/index.php\\\/2024\\\/06\\\/05\\\/uaemex-celebra-la-vanguardia-educativa-en-conocimiento-y-aprendizaje-de-lenguas\\\/#article\",\"isPartOf\":{\"@id\":\"https:\\\/\\\/expressometro.mx\\\/index.php\\\/2024\\\/06\\\/05\\\/uaemex-celebra-la-vanguardia-educativa-en-conocimiento-y-aprendizaje-de-lenguas\\\/\"},\"author\":{\"name\":\"Expresso Metropolitano\",\"@id\":\"https:\\\/\\\/expressometro.mx\\\/#\\\/schema\\\/person\\\/efa971b4a0664db8ed5c22b1b0dd2f5d\"},\"headline\":\"UAEM\u00c9X CELEBRA LA VANGUARDIA EDUCATIVA EN CONOCIMIENTO Y APRENDIZAJE DE LENGUAS\",\"datePublished\":\"2024-06-05T15:11:50+00:00\",\"dateModified\":\"2024-07-03T15:15:00+00:00\",\"mainEntityOfPage\":{\"@id\":\"https:\\\/\\\/expressometro.mx\\\/index.php\\\/2024\\\/06\\\/05\\\/uaemex-celebra-la-vanguardia-educativa-en-conocimiento-y-aprendizaje-de-lenguas\\\/\"},\"wordCount\":842,\"commentCount\":0,\"publisher\":{\"@id\":\"https:\\\/\\\/expressometro.mx\\\/#organization\"},\"image\":{\"@id\":\"https:\\\/\\\/expressometro.mx\\\/index.php\\\/2024\\\/06\\\/05\\\/uaemex-celebra-la-vanguardia-educativa-en-conocimiento-y-aprendizaje-de-lenguas\\\/#primaryimage\"},\"thumbnailUrl\":\"https:\\\/\\\/expressometro.mx\\\/wp-content\\\/uploads\\\/2024\\\/07\\\/WhatsApp-Image-2024-07-03-at-9.13.43-AM.jpeg\",\"keywords\":[\"Carlos Eduardo Barrera D\u00edaz\",\"Edomex\",\"GEM\",\"UAEMex\"],\"articleSection\":[\"Cultura\",\"Educaci\u00f3n\",\"Gobierno\",\"Otros\"],\"inLanguage\":\"es\",\"potentialAction\":[{\"@type\":\"CommentAction\",\"name\":\"Comment\",\"target\":[\"https:\\\/\\\/expressometro.mx\\\/index.php\\\/2024\\\/06\\\/05\\\/uaemex-celebra-la-vanguardia-educativa-en-conocimiento-y-aprendizaje-de-lenguas\\\/#respond\"]}]},{\"@type\":\"WebPage\",\"@id\":\"https:\\\/\\\/expressometro.mx\\\/index.php\\\/2024\\\/06\\\/05\\\/uaemex-celebra-la-vanguardia-educativa-en-conocimiento-y-aprendizaje-de-lenguas\\\/\",\"url\":\"https:\\\/\\\/expressometro.mx\\\/index.php\\\/2024\\\/06\\\/05\\\/uaemex-celebra-la-vanguardia-educativa-en-conocimiento-y-aprendizaje-de-lenguas\\\/\",\"name\":\"UAEM\u00c9X CELEBRA LA VANGUARDIA EDUCATIVA EN CONOCIMIENTO Y APRENDIZAJE DE LENGUAS - Expresso Metropolitano\",\"isPartOf\":{\"@id\":\"https:\\\/\\\/expressometro.mx\\\/#website\"},\"primaryImageOfPage\":{\"@id\":\"https:\\\/\\\/expressometro.mx\\\/index.php\\\/2024\\\/06\\\/05\\\/uaemex-celebra-la-vanguardia-educativa-en-conocimiento-y-aprendizaje-de-lenguas\\\/#primaryimage\"},\"image\":{\"@id\":\"https:\\\/\\\/expressometro.mx\\\/index.php\\\/2024\\\/06\\\/05\\\/uaemex-celebra-la-vanguardia-educativa-en-conocimiento-y-aprendizaje-de-lenguas\\\/#primaryimage\"},\"thumbnailUrl\":\"https:\\\/\\\/expressometro.mx\\\/wp-content\\\/uploads\\\/2024\\\/07\\\/WhatsApp-Image-2024-07-03-at-9.13.43-AM.jpeg\",\"datePublished\":\"2024-06-05T15:11:50+00:00\",\"dateModified\":\"2024-07-03T15:15:00+00:00\",\"breadcrumb\":{\"@id\":\"https:\\\/\\\/expressometro.mx\\\/index.php\\\/2024\\\/06\\\/05\\\/uaemex-celebra-la-vanguardia-educativa-en-conocimiento-y-aprendizaje-de-lenguas\\\/#breadcrumb\"},\"inLanguage\":\"es\",\"potentialAction\":[{\"@type\":\"ReadAction\",\"target\":[\"https:\\\/\\\/expressometro.mx\\\/index.php\\\/2024\\\/06\\\/05\\\/uaemex-celebra-la-vanguardia-educativa-en-conocimiento-y-aprendizaje-de-lenguas\\\/\"]}]},{\"@type\":\"ImageObject\",\"inLanguage\":\"es\",\"@id\":\"https:\\\/\\\/expressometro.mx\\\/index.php\\\/2024\\\/06\\\/05\\\/uaemex-celebra-la-vanguardia-educativa-en-conocimiento-y-aprendizaje-de-lenguas\\\/#primaryimage\",\"url\":\"https:\\\/\\\/expressometro.mx\\\/wp-content\\\/uploads\\\/2024\\\/07\\\/WhatsApp-Image-2024-07-03-at-9.13.43-AM.jpeg\",\"contentUrl\":\"https:\\\/\\\/expressometro.mx\\\/wp-content\\\/uploads\\\/2024\\\/07\\\/WhatsApp-Image-2024-07-03-at-9.13.43-AM.jpeg\",\"width\":1024,\"height\":682},{\"@type\":\"BreadcrumbList\",\"@id\":\"https:\\\/\\\/expressometro.mx\\\/index.php\\\/2024\\\/06\\\/05\\\/uaemex-celebra-la-vanguardia-educativa-en-conocimiento-y-aprendizaje-de-lenguas\\\/#breadcrumb\",\"itemListElement\":[{\"@type\":\"ListItem\",\"position\":1,\"name\":\"Inicio\",\"item\":\"https:\\\/\\\/expressometro.mx\\\/\"},{\"@type\":\"ListItem\",\"position\":2,\"name\":\"UAEM\u00c9X CELEBRA LA VANGUARDIA EDUCATIVA EN CONOCIMIENTO Y APRENDIZAJE DE LENGUAS\"}]},{\"@type\":\"WebSite\",\"@id\":\"https:\\\/\\\/expressometro.mx\\\/#website\",\"url\":\"https:\\\/\\\/expressometro.mx\\\/\",\"name\":\"Expresso Metropolitano\",\"description\":\"Periodismo comprometido, informaci\u00f3n, investigaci\u00f3n y an\u00e1lisis\",\"publisher\":{\"@id\":\"https:\\\/\\\/expressometro.mx\\\/#organization\"},\"potentialAction\":[{\"@type\":\"SearchAction\",\"target\":{\"@type\":\"EntryPoint\",\"urlTemplate\":\"https:\\\/\\\/expressometro.mx\\\/?s={search_term_string}\"},\"query-input\":{\"@type\":\"PropertyValueSpecification\",\"valueRequired\":true,\"valueName\":\"search_term_string\"}}],\"inLanguage\":\"es\"},{\"@type\":\"Organization\",\"@id\":\"https:\\\/\\\/expressometro.mx\\\/#organization\",\"name\":\"Expresso Metropolitano\",\"url\":\"https:\\\/\\\/expressometro.mx\\\/\",\"logo\":{\"@type\":\"ImageObject\",\"inLanguage\":\"es\",\"@id\":\"https:\\\/\\\/expressometro.mx\\\/#\\\/schema\\\/logo\\\/image\\\/\",\"url\":\"https:\\\/\\\/expressometro.mx\\\/wp-content\\\/uploads\\\/2019\\\/07\\\/cropped-Logo-Expresso-Metropolitano-1-1.jpeg\",\"contentUrl\":\"https:\\\/\\\/expressometro.mx\\\/wp-content\\\/uploads\\\/2019\\\/07\\\/cropped-Logo-Expresso-Metropolitano-1-1.jpeg\",\"width\":290,\"height\":73,\"caption\":\"Expresso Metropolitano\"},\"image\":{\"@id\":\"https:\\\/\\\/expressometro.mx\\\/#\\\/schema\\\/logo\\\/image\\\/\"}},{\"@type\":\"Person\",\"@id\":\"https:\\\/\\\/expressometro.mx\\\/#\\\/schema\\\/person\\\/efa971b4a0664db8ed5c22b1b0dd2f5d\",\"name\":\"Expresso Metropolitano\",\"image\":{\"@type\":\"ImageObject\",\"inLanguage\":\"es\",\"@id\":\"https:\\\/\\\/secure.gravatar.com\\\/avatar\\\/a89f802b8de18c6952f223c88d3d106e9e3679839f4e25a02f4a6cc2ae6ba3b3?s=96&d=mm&r=g\",\"url\":\"https:\\\/\\\/secure.gravatar.com\\\/avatar\\\/a89f802b8de18c6952f223c88d3d106e9e3679839f4e25a02f4a6cc2ae6ba3b3?s=96&d=mm&r=g\",\"contentUrl\":\"https:\\\/\\\/secure.gravatar.com\\\/avatar\\\/a89f802b8de18c6952f223c88d3d106e9e3679839f4e25a02f4a6cc2ae6ba3b3?s=96&d=mm&r=g\",\"caption\":\"Expresso Metropolitano\"},\"url\":\"https:\\\/\\\/expressometro.mx\\\/index.php\\\/author\\\/diego\\\/\"}]}<\/script>\n<!-- \/ Yoast SEO plugin. -->","yoast_head_json":{"title":"UAEM\u00c9X CELEBRA LA VANGUARDIA EDUCATIVA EN CONOCIMIENTO Y APRENDIZAJE DE LENGUAS - Expresso Metropolitano","robots":{"index":"index","follow":"follow","max-snippet":"max-snippet:-1","max-image-preview":"max-image-preview:large","max-video-preview":"max-video-preview:-1"},"canonical":"https:\/\/expressometro.mx\/index.php\/2024\/06\/05\/uaemex-celebra-la-vanguardia-educativa-en-conocimiento-y-aprendizaje-de-lenguas\/","og_locale":"es_MX","og_type":"article","og_title":"UAEM\u00c9X CELEBRA LA VANGUARDIA EDUCATIVA EN CONOCIMIENTO Y APRENDIZAJE DE LENGUAS - Expresso Metropolitano","og_description":"En el marco del 65 aniversario del CELe, el rector de la UAEM\u00e9x, Carlos Eduardo Barrera D\u00edaz, entreg\u00f3 nueve becas Cambridge y seis placas Cambridge socio Better Learning Partner Platinum a extensiones del CELe; as\u00ed como reconocimientos a ex directores, docentes y administrativos.","og_url":"https:\/\/expressometro.mx\/index.php\/2024\/06\/05\/uaemex-celebra-la-vanguardia-educativa-en-conocimiento-y-aprendizaje-de-lenguas\/","og_site_name":"Expresso Metropolitano","article_published_time":"2024-06-05T15:11:50+00:00","article_modified_time":"2024-07-03T15:15:00+00:00","og_image":[{"width":1024,"height":682,"url":"http:\/\/expressometro.mx\/wp-content\/uploads\/2024\/07\/WhatsApp-Image-2024-07-03-at-9.13.43-AM.jpeg","type":"image\/jpeg"}],"author":"Expresso Metropolitano","twitter_misc":{"Escrito por":"Expresso Metropolitano","Tiempo de lectura":"4 minutos"},"schema":{"@context":"https:\/\/schema.org","@graph":[{"@type":"Article","@id":"https:\/\/expressometro.mx\/index.php\/2024\/06\/05\/uaemex-celebra-la-vanguardia-educativa-en-conocimiento-y-aprendizaje-de-lenguas\/#article","isPartOf":{"@id":"https:\/\/expressometro.mx\/index.php\/2024\/06\/05\/uaemex-celebra-la-vanguardia-educativa-en-conocimiento-y-aprendizaje-de-lenguas\/"},"author":{"name":"Expresso Metropolitano","@id":"https:\/\/expressometro.mx\/#\/schema\/person\/efa971b4a0664db8ed5c22b1b0dd2f5d"},"headline":"UAEM\u00c9X CELEBRA LA VANGUARDIA EDUCATIVA EN CONOCIMIENTO Y APRENDIZAJE DE LENGUAS","datePublished":"2024-06-05T15:11:50+00:00","dateModified":"2024-07-03T15:15:00+00:00","mainEntityOfPage":{"@id":"https:\/\/expressometro.mx\/index.php\/2024\/06\/05\/uaemex-celebra-la-vanguardia-educativa-en-conocimiento-y-aprendizaje-de-lenguas\/"},"wordCount":842,"commentCount":0,"publisher":{"@id":"https:\/\/expressometro.mx\/#organization"},"image":{"@id":"https:\/\/expressometro.mx\/index.php\/2024\/06\/05\/uaemex-celebra-la-vanguardia-educativa-en-conocimiento-y-aprendizaje-de-lenguas\/#primaryimage"},"thumbnailUrl":"https:\/\/expressometro.mx\/wp-content\/uploads\/2024\/07\/WhatsApp-Image-2024-07-03-at-9.13.43-AM.jpeg","keywords":["Carlos Eduardo Barrera D\u00edaz","Edomex","GEM","UAEMex"],"articleSection":["Cultura","Educaci\u00f3n","Gobierno","Otros"],"inLanguage":"es","potentialAction":[{"@type":"CommentAction","name":"Comment","target":["https:\/\/expressometro.mx\/index.php\/2024\/06\/05\/uaemex-celebra-la-vanguardia-educativa-en-conocimiento-y-aprendizaje-de-lenguas\/#respond"]}]},{"@type":"WebPage","@id":"https:\/\/expressometro.mx\/index.php\/2024\/06\/05\/uaemex-celebra-la-vanguardia-educativa-en-conocimiento-y-aprendizaje-de-lenguas\/","url":"https:\/\/expressometro.mx\/index.php\/2024\/06\/05\/uaemex-celebra-la-vanguardia-educativa-en-conocimiento-y-aprendizaje-de-lenguas\/","name":"UAEM\u00c9X CELEBRA LA VANGUARDIA EDUCATIVA EN CONOCIMIENTO Y APRENDIZAJE DE LENGUAS - Expresso Metropolitano","isPartOf":{"@id":"https:\/\/expressometro.mx\/#website"},"primaryImageOfPage":{"@id":"https:\/\/expressometro.mx\/index.php\/2024\/06\/05\/uaemex-celebra-la-vanguardia-educativa-en-conocimiento-y-aprendizaje-de-lenguas\/#primaryimage"},"image":{"@id":"https:\/\/expressometro.mx\/index.php\/2024\/06\/05\/uaemex-celebra-la-vanguardia-educativa-en-conocimiento-y-aprendizaje-de-lenguas\/#primaryimage"},"thumbnailUrl":"https:\/\/expressometro.mx\/wp-content\/uploads\/2024\/07\/WhatsApp-Image-2024-07-03-at-9.13.43-AM.jpeg","datePublished":"2024-06-05T15:11:50+00:00","dateModified":"2024-07-03T15:15:00+00:00","breadcrumb":{"@id":"https:\/\/expressometro.mx\/index.php\/2024\/06\/05\/uaemex-celebra-la-vanguardia-educativa-en-conocimiento-y-aprendizaje-de-lenguas\/#breadcrumb"},"inLanguage":"es","potentialAction":[{"@type":"ReadAction","target":["https:\/\/expressometro.mx\/index.php\/2024\/06\/05\/uaemex-celebra-la-vanguardia-educativa-en-conocimiento-y-aprendizaje-de-lenguas\/"]}]},{"@type":"ImageObject","inLanguage":"es","@id":"https:\/\/expressometro.mx\/index.php\/2024\/06\/05\/uaemex-celebra-la-vanguardia-educativa-en-conocimiento-y-aprendizaje-de-lenguas\/#primaryimage","url":"https:\/\/expressometro.mx\/wp-content\/uploads\/2024\/07\/WhatsApp-Image-2024-07-03-at-9.13.43-AM.jpeg","contentUrl":"https:\/\/expressometro.mx\/wp-content\/uploads\/2024\/07\/WhatsApp-Image-2024-07-03-at-9.13.43-AM.jpeg","width":1024,"height":682},{"@type":"BreadcrumbList","@id":"https:\/\/expressometro.mx\/index.php\/2024\/06\/05\/uaemex-celebra-la-vanguardia-educativa-en-conocimiento-y-aprendizaje-de-lenguas\/#breadcrumb","itemListElement":[{"@type":"ListItem","position":1,"name":"Inicio","item":"https:\/\/expressometro.mx\/"},{"@type":"ListItem","position":2,"name":"UAEM\u00c9X CELEBRA LA VANGUARDIA EDUCATIVA EN CONOCIMIENTO Y APRENDIZAJE DE LENGUAS"}]},{"@type":"WebSite","@id":"https:\/\/expressometro.mx\/#website","url":"https:\/\/expressometro.mx\/","name":"Expresso Metropolitano","description":"Periodismo comprometido, informaci\u00f3n, investigaci\u00f3n y an\u00e1lisis","publisher":{"@id":"https:\/\/expressometro.mx\/#organization"},"potentialAction":[{"@type":"SearchAction","target":{"@type":"EntryPoint","urlTemplate":"https:\/\/expressometro.mx\/?s={search_term_string}"},"query-input":{"@type":"PropertyValueSpecification","valueRequired":true,"valueName":"search_term_string"}}],"inLanguage":"es"},{"@type":"Organization","@id":"https:\/\/expressometro.mx\/#organization","name":"Expresso Metropolitano","url":"https:\/\/expressometro.mx\/","logo":{"@type":"ImageObject","inLanguage":"es","@id":"https:\/\/expressometro.mx\/#\/schema\/logo\/image\/","url":"https:\/\/expressometro.mx\/wp-content\/uploads\/2019\/07\/cropped-Logo-Expresso-Metropolitano-1-1.jpeg","contentUrl":"https:\/\/expressometro.mx\/wp-content\/uploads\/2019\/07\/cropped-Logo-Expresso-Metropolitano-1-1.jpeg","width":290,"height":73,"caption":"Expresso Metropolitano"},"image":{"@id":"https:\/\/expressometro.mx\/#\/schema\/logo\/image\/"}},{"@type":"Person","@id":"https:\/\/expressometro.mx\/#\/schema\/person\/efa971b4a0664db8ed5c22b1b0dd2f5d","name":"Expresso Metropolitano","image":{"@type":"ImageObject","inLanguage":"es","@id":"https:\/\/secure.gravatar.com\/avatar\/a89f802b8de18c6952f223c88d3d106e9e3679839f4e25a02f4a6cc2ae6ba3b3?s=96&d=mm&r=g","url":"https:\/\/secure.gravatar.com\/avatar\/a89f802b8de18c6952f223c88d3d106e9e3679839f4e25a02f4a6cc2ae6ba3b3?s=96&d=mm&r=g","contentUrl":"https:\/\/secure.gravatar.com\/avatar\/a89f802b8de18c6952f223c88d3d106e9e3679839f4e25a02f4a6cc2ae6ba3b3?s=96&d=mm&r=g","caption":"Expresso Metropolitano"},"url":"https:\/\/expressometro.mx\/index.php\/author\/diego\/"}]}},"amp_enabled":true,"_links":{"self":[{"href":"https:\/\/expressometro.mx\/index.php\/wp-json\/wp\/v2\/posts\/9560","targetHints":{"allow":["GET"]}}],"collection":[{"href":"https:\/\/expressometro.mx\/index.php\/wp-json\/wp\/v2\/posts"}],"about":[{"href":"https:\/\/expressometro.mx\/index.php\/wp-json\/wp\/v2\/types\/post"}],"author":[{"embeddable":true,"href":"https:\/\/expressometro.mx\/index.php\/wp-json\/wp\/v2\/users\/1"}],"replies":[{"embeddable":true,"href":"https:\/\/expressometro.mx\/index.php\/wp-json\/wp\/v2\/comments?post=9560"}],"version-history":[{"count":1,"href":"https:\/\/expressometro.mx\/index.php\/wp-json\/wp\/v2\/posts\/9560\/revisions"}],"predecessor-version":[{"id":9563,"href":"https:\/\/expressometro.mx\/index.php\/wp-json\/wp\/v2\/posts\/9560\/revisions\/9563"}],"wp:featuredmedia":[{"embeddable":true,"href":"https:\/\/expressometro.mx\/index.php\/wp-json\/wp\/v2\/media\/9562"}],"wp:attachment":[{"href":"https:\/\/expressometro.mx\/index.php\/wp-json\/wp\/v2\/media?parent=9560"}],"wp:term":[{"taxonomy":"category","embeddable":true,"href":"https:\/\/expressometro.mx\/index.php\/wp-json\/wp\/v2\/categories?post=9560"},{"taxonomy":"post_tag","embeddable":true,"href":"https:\/\/expressometro.mx\/index.php\/wp-json\/wp\/v2\/tags?post=9560"}],"curies":[{"name":"wp","href":"https:\/\/api.w.org\/{rel}","templated":true}]}}