{"id":9542,"date":"2024-06-25T17:47:35","date_gmt":"2024-06-25T22:47:35","guid":{"rendered":"https:\/\/expressometro.mx\/?p=9542"},"modified":"2024-06-28T17:50:24","modified_gmt":"2024-06-28T22:50:24","slug":"mantiene-villa-victoria-su-paso-firme","status":"publish","type":"post","link":"https:\/\/expressometro.mx\/index.php\/2024\/06\/25\/mantiene-villa-victoria-su-paso-firme\/","title":{"rendered":"MANTIENE VILLA VICTORIA SU PASO FIRME"},"content":{"rendered":"\n<p><\/p>\n\n\n\n<p>La Presidenta Municipal, Mar\u00eda Luisa Carmona Alvarado, encabez\u00f3 la D\u00e9cima Primera Sesi\u00f3n Ordinaria de la Comisi\u00f3n Edilicia de Gobernaci\u00f3n; en la cual, la Direcci\u00f3n del Ayuntamiento encargada del tema present\u00f3 su Informe de Actividades.<\/p>\n\n\n\n<p>Adem\u00e1s, en el marco de la D\u00e9cima Primera Sesi\u00f3n Ordinaria de la Comisi\u00f3n de Prevenci\u00f3n Social de la Violencia y la Delincuencia, los integrantes recibieron capacitaci\u00f3n, por parte de la Secretar\u00eda de Seguridad del Estado de M\u00e9xico (SSEM), sobre violencia de g\u00e9nero y sororidad; adem\u00e1s, presentaron los avances de los Comit\u00e9s de Participaci\u00f3n Municipal, en la modalidad vecinal juvenil y escolar.<\/p>\n\n\n\n<figure class=\"wp-block-image size-large\"><img loading=\"lazy\" decoding=\"async\" width=\"840\" height=\"407\" src=\"https:\/\/expressometro.mx\/wp-content\/uploads\/2024\/06\/WhatsApp-Image-2024-06-28-at-4.22.11-PM-840x407.jpeg\" alt=\"\" class=\"wp-image-9545\" srcset=\"https:\/\/expressometro.mx\/wp-content\/uploads\/2024\/06\/WhatsApp-Image-2024-06-28-at-4.22.11-PM-840x407.jpeg 840w, https:\/\/expressometro.mx\/wp-content\/uploads\/2024\/06\/WhatsApp-Image-2024-06-28-at-4.22.11-PM-660x320.jpeg 660w, https:\/\/expressometro.mx\/wp-content\/uploads\/2024\/06\/WhatsApp-Image-2024-06-28-at-4.22.11-PM-768x372.jpeg 768w, https:\/\/expressometro.mx\/wp-content\/uploads\/2024\/06\/WhatsApp-Image-2024-06-28-at-4.22.11-PM.jpeg 1200w\" sizes=\"auto, (max-width: 840px) 100vw, 840px\" \/><\/figure>\n\n\n\n<p>Asimismo se llev\u00f3 a cabo la Quinta Sesi\u00f3n Ordinaria del Comit\u00e9 Municipal de Prevenci\u00f3n y Control del Crecimiento Urbano de Villa Victoria, donde se di\u00f3 seguimiento a los acuerdos y acciones coordinadas con el IMEVIS, as\u00ed como con otras dependencias del Gobierno del Estado.<\/p>\n\n\n\n<p>La Presidenta Municipal, Mar\u00eda Luisa Carmona Alvarado, se reuni\u00f3 con Juan Carlos Valencia Guti\u00e9rrez, subdirector del Registro Civil en la Zona Centro Norte de Toluca, con el objetivo de trabajar de forma coordinada para que los tr\u00e1mites y servicios en Oficial\u00eda de Villa Victoria se sigan realizando de forma adecuada.<\/p>\n","protected":false},"excerpt":{"rendered":"<p>La Presidenta Municipal, Mar\u00eda Luisa Carmona Alvarado, encabez\u00f3 la D\u00e9cima Primera Sesi\u00f3n Ordinaria de la Comisi\u00f3n Edilicia de Gobernaci\u00f3n; en la cual, la Direcci\u00f3n del Ayuntamiento encargada del tema present\u00f3 su Informe de Actividades.<\/p>\n","protected":false},"author":1,"featured_media":9544,"comment_status":"open","ping_status":"open","sticky":false,"template":"","format":"standard","meta":{"footnotes":""},"categories":[3,1,231],"tags":[1982,86,2368,147],"class_list":["post-9542","post","type-post","status-publish","format-standard","has-post-thumbnail","hentry","category-gobierno","category-otros","category-politica","tag-edomex","tag-gem","tag-maria-luisa-carmona-alvarado","tag-villa-victoria"],"yoast_head":"<!-- This site is optimized with the Yoast SEO plugin v27.5 - https:\/\/yoast.com\/product\/yoast-seo-wordpress\/ -->\n<title>MANTIENE VILLA VICTORIA SU PASO FIRME - Expresso Metropolitano<\/title>\n<meta name=\"robots\" content=\"index, follow, max-snippet:-1, max-image-preview:large, max-video-preview:-1\" \/>\n<link rel=\"canonical\" href=\"https:\/\/expressometro.mx\/index.php\/2024\/06\/25\/mantiene-villa-victoria-su-paso-firme\/\" \/>\n<meta property=\"og:locale\" content=\"es_MX\" \/>\n<meta property=\"og:type\" content=\"article\" \/>\n<meta property=\"og:title\" content=\"MANTIENE VILLA VICTORIA SU PASO FIRME - Expresso Metropolitano\" \/>\n<meta property=\"og:description\" content=\"La Presidenta Municipal, Mar\u00eda Luisa Carmona Alvarado, encabez\u00f3 la D\u00e9cima Primera Sesi\u00f3n Ordinaria de la Comisi\u00f3n Edilicia de Gobernaci\u00f3n; en la cual, la Direcci\u00f3n del Ayuntamiento encargada del tema present\u00f3 su Informe de Actividades.\" \/>\n<meta property=\"og:url\" content=\"https:\/\/expressometro.mx\/index.php\/2024\/06\/25\/mantiene-villa-victoria-su-paso-firme\/\" \/>\n<meta property=\"og:site_name\" content=\"Expresso Metropolitano\" \/>\n<meta property=\"article:published_time\" content=\"2024-06-25T22:47:35+00:00\" \/>\n<meta property=\"article:modified_time\" content=\"2024-06-28T22:50:24+00:00\" \/>\n<meta property=\"og:image\" content=\"http:\/\/expressometro.mx\/wp-content\/uploads\/2024\/06\/WhatsApp-Image-2024-06-28-at-4.22.10-PM.jpeg\" \/>\n\t<meta property=\"og:image:width\" content=\"1200\" \/>\n\t<meta property=\"og:image:height\" content=\"900\" \/>\n\t<meta property=\"og:image:type\" content=\"image\/jpeg\" \/>\n<meta name=\"author\" content=\"Expresso Metropolitano\" \/>\n<meta name=\"twitter:label1\" content=\"Escrito por\" \/>\n\t<meta name=\"twitter:data1\" content=\"Expresso Metropolitano\" \/>\n\t<meta name=\"twitter:label2\" content=\"Tiempo de lectura\" \/>\n\t<meta name=\"twitter:data2\" content=\"2 minutos\" \/>\n<script type=\"application\/ld+json\" class=\"yoast-schema-graph\">{\"@context\":\"https:\\\/\\\/schema.org\",\"@graph\":[{\"@type\":\"Article\",\"@id\":\"https:\\\/\\\/expressometro.mx\\\/index.php\\\/2024\\\/06\\\/25\\\/mantiene-villa-victoria-su-paso-firme\\\/#article\",\"isPartOf\":{\"@id\":\"https:\\\/\\\/expressometro.mx\\\/index.php\\\/2024\\\/06\\\/25\\\/mantiene-villa-victoria-su-paso-firme\\\/\"},\"author\":{\"name\":\"Expresso Metropolitano\",\"@id\":\"https:\\\/\\\/expressometro.mx\\\/#\\\/schema\\\/person\\\/efa971b4a0664db8ed5c22b1b0dd2f5d\"},\"headline\":\"MANTIENE VILLA VICTORIA SU PASO FIRME\",\"datePublished\":\"2024-06-25T22:47:35+00:00\",\"dateModified\":\"2024-06-28T22:50:24+00:00\",\"mainEntityOfPage\":{\"@id\":\"https:\\\/\\\/expressometro.mx\\\/index.php\\\/2024\\\/06\\\/25\\\/mantiene-villa-victoria-su-paso-firme\\\/\"},\"wordCount\":219,\"commentCount\":0,\"publisher\":{\"@id\":\"https:\\\/\\\/expressometro.mx\\\/#organization\"},\"image\":{\"@id\":\"https:\\\/\\\/expressometro.mx\\\/index.php\\\/2024\\\/06\\\/25\\\/mantiene-villa-victoria-su-paso-firme\\\/#primaryimage\"},\"thumbnailUrl\":\"https:\\\/\\\/expressometro.mx\\\/wp-content\\\/uploads\\\/2024\\\/06\\\/WhatsApp-Image-2024-06-28-at-4.22.10-PM.jpeg\",\"keywords\":[\"Edomex\",\"GEM\",\"Mar\u00eda Luisa Carmona Alvarado\",\"Villa Victoria\"],\"articleSection\":[\"Gobierno\",\"Otros\",\"Pol\u00edtica\"],\"inLanguage\":\"es\",\"potentialAction\":[{\"@type\":\"CommentAction\",\"name\":\"Comment\",\"target\":[\"https:\\\/\\\/expressometro.mx\\\/index.php\\\/2024\\\/06\\\/25\\\/mantiene-villa-victoria-su-paso-firme\\\/#respond\"]}]},{\"@type\":\"WebPage\",\"@id\":\"https:\\\/\\\/expressometro.mx\\\/index.php\\\/2024\\\/06\\\/25\\\/mantiene-villa-victoria-su-paso-firme\\\/\",\"url\":\"https:\\\/\\\/expressometro.mx\\\/index.php\\\/2024\\\/06\\\/25\\\/mantiene-villa-victoria-su-paso-firme\\\/\",\"name\":\"MANTIENE VILLA VICTORIA SU PASO FIRME - Expresso Metropolitano\",\"isPartOf\":{\"@id\":\"https:\\\/\\\/expressometro.mx\\\/#website\"},\"primaryImageOfPage\":{\"@id\":\"https:\\\/\\\/expressometro.mx\\\/index.php\\\/2024\\\/06\\\/25\\\/mantiene-villa-victoria-su-paso-firme\\\/#primaryimage\"},\"image\":{\"@id\":\"https:\\\/\\\/expressometro.mx\\\/index.php\\\/2024\\\/06\\\/25\\\/mantiene-villa-victoria-su-paso-firme\\\/#primaryimage\"},\"thumbnailUrl\":\"https:\\\/\\\/expressometro.mx\\\/wp-content\\\/uploads\\\/2024\\\/06\\\/WhatsApp-Image-2024-06-28-at-4.22.10-PM.jpeg\",\"datePublished\":\"2024-06-25T22:47:35+00:00\",\"dateModified\":\"2024-06-28T22:50:24+00:00\",\"breadcrumb\":{\"@id\":\"https:\\\/\\\/expressometro.mx\\\/index.php\\\/2024\\\/06\\\/25\\\/mantiene-villa-victoria-su-paso-firme\\\/#breadcrumb\"},\"inLanguage\":\"es\",\"potentialAction\":[{\"@type\":\"ReadAction\",\"target\":[\"https:\\\/\\\/expressometro.mx\\\/index.php\\\/2024\\\/06\\\/25\\\/mantiene-villa-victoria-su-paso-firme\\\/\"]}]},{\"@type\":\"ImageObject\",\"inLanguage\":\"es\",\"@id\":\"https:\\\/\\\/expressometro.mx\\\/index.php\\\/2024\\\/06\\\/25\\\/mantiene-villa-victoria-su-paso-firme\\\/#primaryimage\",\"url\":\"https:\\\/\\\/expressometro.mx\\\/wp-content\\\/uploads\\\/2024\\\/06\\\/WhatsApp-Image-2024-06-28-at-4.22.10-PM.jpeg\",\"contentUrl\":\"https:\\\/\\\/expressometro.mx\\\/wp-content\\\/uploads\\\/2024\\\/06\\\/WhatsApp-Image-2024-06-28-at-4.22.10-PM.jpeg\",\"width\":1200,\"height\":900},{\"@type\":\"BreadcrumbList\",\"@id\":\"https:\\\/\\\/expressometro.mx\\\/index.php\\\/2024\\\/06\\\/25\\\/mantiene-villa-victoria-su-paso-firme\\\/#breadcrumb\",\"itemListElement\":[{\"@type\":\"ListItem\",\"position\":1,\"name\":\"Inicio\",\"item\":\"https:\\\/\\\/expressometro.mx\\\/\"},{\"@type\":\"ListItem\",\"position\":2,\"name\":\"MANTIENE VILLA VICTORIA SU PASO FIRME\"}]},{\"@type\":\"WebSite\",\"@id\":\"https:\\\/\\\/expressometro.mx\\\/#website\",\"url\":\"https:\\\/\\\/expressometro.mx\\\/\",\"name\":\"Expresso Metropolitano\",\"description\":\"Periodismo comprometido, informaci\u00f3n, investigaci\u00f3n y an\u00e1lisis\",\"publisher\":{\"@id\":\"https:\\\/\\\/expressometro.mx\\\/#organization\"},\"potentialAction\":[{\"@type\":\"SearchAction\",\"target\":{\"@type\":\"EntryPoint\",\"urlTemplate\":\"https:\\\/\\\/expressometro.mx\\\/?s={search_term_string}\"},\"query-input\":{\"@type\":\"PropertyValueSpecification\",\"valueRequired\":true,\"valueName\":\"search_term_string\"}}],\"inLanguage\":\"es\"},{\"@type\":\"Organization\",\"@id\":\"https:\\\/\\\/expressometro.mx\\\/#organization\",\"name\":\"Expresso Metropolitano\",\"url\":\"https:\\\/\\\/expressometro.mx\\\/\",\"logo\":{\"@type\":\"ImageObject\",\"inLanguage\":\"es\",\"@id\":\"https:\\\/\\\/expressometro.mx\\\/#\\\/schema\\\/logo\\\/image\\\/\",\"url\":\"https:\\\/\\\/expressometro.mx\\\/wp-content\\\/uploads\\\/2019\\\/07\\\/cropped-Logo-Expresso-Metropolitano-1-1.jpeg\",\"contentUrl\":\"https:\\\/\\\/expressometro.mx\\\/wp-content\\\/uploads\\\/2019\\\/07\\\/cropped-Logo-Expresso-Metropolitano-1-1.jpeg\",\"width\":290,\"height\":73,\"caption\":\"Expresso Metropolitano\"},\"image\":{\"@id\":\"https:\\\/\\\/expressometro.mx\\\/#\\\/schema\\\/logo\\\/image\\\/\"}},{\"@type\":\"Person\",\"@id\":\"https:\\\/\\\/expressometro.mx\\\/#\\\/schema\\\/person\\\/efa971b4a0664db8ed5c22b1b0dd2f5d\",\"name\":\"Expresso Metropolitano\",\"image\":{\"@type\":\"ImageObject\",\"inLanguage\":\"es\",\"@id\":\"https:\\\/\\\/secure.gravatar.com\\\/avatar\\\/a89f802b8de18c6952f223c88d3d106e9e3679839f4e25a02f4a6cc2ae6ba3b3?s=96&d=mm&r=g\",\"url\":\"https:\\\/\\\/secure.gravatar.com\\\/avatar\\\/a89f802b8de18c6952f223c88d3d106e9e3679839f4e25a02f4a6cc2ae6ba3b3?s=96&d=mm&r=g\",\"contentUrl\":\"https:\\\/\\\/secure.gravatar.com\\\/avatar\\\/a89f802b8de18c6952f223c88d3d106e9e3679839f4e25a02f4a6cc2ae6ba3b3?s=96&d=mm&r=g\",\"caption\":\"Expresso Metropolitano\"},\"url\":\"https:\\\/\\\/expressometro.mx\\\/index.php\\\/author\\\/diego\\\/\"}]}<\/script>\n<!-- \/ Yoast SEO plugin. -->","yoast_head_json":{"title":"MANTIENE VILLA VICTORIA SU PASO FIRME - Expresso Metropolitano","robots":{"index":"index","follow":"follow","max-snippet":"max-snippet:-1","max-image-preview":"max-image-preview:large","max-video-preview":"max-video-preview:-1"},"canonical":"https:\/\/expressometro.mx\/index.php\/2024\/06\/25\/mantiene-villa-victoria-su-paso-firme\/","og_locale":"es_MX","og_type":"article","og_title":"MANTIENE VILLA VICTORIA SU PASO FIRME - Expresso Metropolitano","og_description":"La Presidenta Municipal, Mar\u00eda Luisa Carmona Alvarado, encabez\u00f3 la D\u00e9cima Primera Sesi\u00f3n Ordinaria de la Comisi\u00f3n Edilicia de Gobernaci\u00f3n; en la cual, la Direcci\u00f3n del Ayuntamiento encargada del tema present\u00f3 su Informe de Actividades.","og_url":"https:\/\/expressometro.mx\/index.php\/2024\/06\/25\/mantiene-villa-victoria-su-paso-firme\/","og_site_name":"Expresso Metropolitano","article_published_time":"2024-06-25T22:47:35+00:00","article_modified_time":"2024-06-28T22:50:24+00:00","og_image":[{"width":1200,"height":900,"url":"http:\/\/expressometro.mx\/wp-content\/uploads\/2024\/06\/WhatsApp-Image-2024-06-28-at-4.22.10-PM.jpeg","type":"image\/jpeg"}],"author":"Expresso Metropolitano","twitter_misc":{"Escrito por":"Expresso Metropolitano","Tiempo de lectura":"2 minutos"},"schema":{"@context":"https:\/\/schema.org","@graph":[{"@type":"Article","@id":"https:\/\/expressometro.mx\/index.php\/2024\/06\/25\/mantiene-villa-victoria-su-paso-firme\/#article","isPartOf":{"@id":"https:\/\/expressometro.mx\/index.php\/2024\/06\/25\/mantiene-villa-victoria-su-paso-firme\/"},"author":{"name":"Expresso Metropolitano","@id":"https:\/\/expressometro.mx\/#\/schema\/person\/efa971b4a0664db8ed5c22b1b0dd2f5d"},"headline":"MANTIENE VILLA VICTORIA SU PASO FIRME","datePublished":"2024-06-25T22:47:35+00:00","dateModified":"2024-06-28T22:50:24+00:00","mainEntityOfPage":{"@id":"https:\/\/expressometro.mx\/index.php\/2024\/06\/25\/mantiene-villa-victoria-su-paso-firme\/"},"wordCount":219,"commentCount":0,"publisher":{"@id":"https:\/\/expressometro.mx\/#organization"},"image":{"@id":"https:\/\/expressometro.mx\/index.php\/2024\/06\/25\/mantiene-villa-victoria-su-paso-firme\/#primaryimage"},"thumbnailUrl":"https:\/\/expressometro.mx\/wp-content\/uploads\/2024\/06\/WhatsApp-Image-2024-06-28-at-4.22.10-PM.jpeg","keywords":["Edomex","GEM","Mar\u00eda Luisa Carmona Alvarado","Villa Victoria"],"articleSection":["Gobierno","Otros","Pol\u00edtica"],"inLanguage":"es","potentialAction":[{"@type":"CommentAction","name":"Comment","target":["https:\/\/expressometro.mx\/index.php\/2024\/06\/25\/mantiene-villa-victoria-su-paso-firme\/#respond"]}]},{"@type":"WebPage","@id":"https:\/\/expressometro.mx\/index.php\/2024\/06\/25\/mantiene-villa-victoria-su-paso-firme\/","url":"https:\/\/expressometro.mx\/index.php\/2024\/06\/25\/mantiene-villa-victoria-su-paso-firme\/","name":"MANTIENE VILLA VICTORIA SU PASO FIRME - Expresso Metropolitano","isPartOf":{"@id":"https:\/\/expressometro.mx\/#website"},"primaryImageOfPage":{"@id":"https:\/\/expressometro.mx\/index.php\/2024\/06\/25\/mantiene-villa-victoria-su-paso-firme\/#primaryimage"},"image":{"@id":"https:\/\/expressometro.mx\/index.php\/2024\/06\/25\/mantiene-villa-victoria-su-paso-firme\/#primaryimage"},"thumbnailUrl":"https:\/\/expressometro.mx\/wp-content\/uploads\/2024\/06\/WhatsApp-Image-2024-06-28-at-4.22.10-PM.jpeg","datePublished":"2024-06-25T22:47:35+00:00","dateModified":"2024-06-28T22:50:24+00:00","breadcrumb":{"@id":"https:\/\/expressometro.mx\/index.php\/2024\/06\/25\/mantiene-villa-victoria-su-paso-firme\/#breadcrumb"},"inLanguage":"es","potentialAction":[{"@type":"ReadAction","target":["https:\/\/expressometro.mx\/index.php\/2024\/06\/25\/mantiene-villa-victoria-su-paso-firme\/"]}]},{"@type":"ImageObject","inLanguage":"es","@id":"https:\/\/expressometro.mx\/index.php\/2024\/06\/25\/mantiene-villa-victoria-su-paso-firme\/#primaryimage","url":"https:\/\/expressometro.mx\/wp-content\/uploads\/2024\/06\/WhatsApp-Image-2024-06-28-at-4.22.10-PM.jpeg","contentUrl":"https:\/\/expressometro.mx\/wp-content\/uploads\/2024\/06\/WhatsApp-Image-2024-06-28-at-4.22.10-PM.jpeg","width":1200,"height":900},{"@type":"BreadcrumbList","@id":"https:\/\/expressometro.mx\/index.php\/2024\/06\/25\/mantiene-villa-victoria-su-paso-firme\/#breadcrumb","itemListElement":[{"@type":"ListItem","position":1,"name":"Inicio","item":"https:\/\/expressometro.mx\/"},{"@type":"ListItem","position":2,"name":"MANTIENE VILLA VICTORIA SU PASO FIRME"}]},{"@type":"WebSite","@id":"https:\/\/expressometro.mx\/#website","url":"https:\/\/expressometro.mx\/","name":"Expresso Metropolitano","description":"Periodismo comprometido, informaci\u00f3n, investigaci\u00f3n y an\u00e1lisis","publisher":{"@id":"https:\/\/expressometro.mx\/#organization"},"potentialAction":[{"@type":"SearchAction","target":{"@type":"EntryPoint","urlTemplate":"https:\/\/expressometro.mx\/?s={search_term_string}"},"query-input":{"@type":"PropertyValueSpecification","valueRequired":true,"valueName":"search_term_string"}}],"inLanguage":"es"},{"@type":"Organization","@id":"https:\/\/expressometro.mx\/#organization","name":"Expresso Metropolitano","url":"https:\/\/expressometro.mx\/","logo":{"@type":"ImageObject","inLanguage":"es","@id":"https:\/\/expressometro.mx\/#\/schema\/logo\/image\/","url":"https:\/\/expressometro.mx\/wp-content\/uploads\/2019\/07\/cropped-Logo-Expresso-Metropolitano-1-1.jpeg","contentUrl":"https:\/\/expressometro.mx\/wp-content\/uploads\/2019\/07\/cropped-Logo-Expresso-Metropolitano-1-1.jpeg","width":290,"height":73,"caption":"Expresso Metropolitano"},"image":{"@id":"https:\/\/expressometro.mx\/#\/schema\/logo\/image\/"}},{"@type":"Person","@id":"https:\/\/expressometro.mx\/#\/schema\/person\/efa971b4a0664db8ed5c22b1b0dd2f5d","name":"Expresso Metropolitano","image":{"@type":"ImageObject","inLanguage":"es","@id":"https:\/\/secure.gravatar.com\/avatar\/a89f802b8de18c6952f223c88d3d106e9e3679839f4e25a02f4a6cc2ae6ba3b3?s=96&d=mm&r=g","url":"https:\/\/secure.gravatar.com\/avatar\/a89f802b8de18c6952f223c88d3d106e9e3679839f4e25a02f4a6cc2ae6ba3b3?s=96&d=mm&r=g","contentUrl":"https:\/\/secure.gravatar.com\/avatar\/a89f802b8de18c6952f223c88d3d106e9e3679839f4e25a02f4a6cc2ae6ba3b3?s=96&d=mm&r=g","caption":"Expresso Metropolitano"},"url":"https:\/\/expressometro.mx\/index.php\/author\/diego\/"}]}},"amp_enabled":true,"_links":{"self":[{"href":"https:\/\/expressometro.mx\/index.php\/wp-json\/wp\/v2\/posts\/9542","targetHints":{"allow":["GET"]}}],"collection":[{"href":"https:\/\/expressometro.mx\/index.php\/wp-json\/wp\/v2\/posts"}],"about":[{"href":"https:\/\/expressometro.mx\/index.php\/wp-json\/wp\/v2\/types\/post"}],"author":[{"embeddable":true,"href":"https:\/\/expressometro.mx\/index.php\/wp-json\/wp\/v2\/users\/1"}],"replies":[{"embeddable":true,"href":"https:\/\/expressometro.mx\/index.php\/wp-json\/wp\/v2\/comments?post=9542"}],"version-history":[{"count":1,"href":"https:\/\/expressometro.mx\/index.php\/wp-json\/wp\/v2\/posts\/9542\/revisions"}],"predecessor-version":[{"id":9546,"href":"https:\/\/expressometro.mx\/index.php\/wp-json\/wp\/v2\/posts\/9542\/revisions\/9546"}],"wp:featuredmedia":[{"embeddable":true,"href":"https:\/\/expressometro.mx\/index.php\/wp-json\/wp\/v2\/media\/9544"}],"wp:attachment":[{"href":"https:\/\/expressometro.mx\/index.php\/wp-json\/wp\/v2\/media?parent=9542"}],"wp:term":[{"taxonomy":"category","embeddable":true,"href":"https:\/\/expressometro.mx\/index.php\/wp-json\/wp\/v2\/categories?post=9542"},{"taxonomy":"post_tag","embeddable":true,"href":"https:\/\/expressometro.mx\/index.php\/wp-json\/wp\/v2\/tags?post=9542"}],"curies":[{"name":"wp","href":"https:\/\/api.w.org\/{rel}","templated":true}]}}