{"id":9536,"date":"2024-06-20T17:44:06","date_gmt":"2024-06-20T22:44:06","guid":{"rendered":"https:\/\/expressometro.mx\/?p=9536"},"modified":"2024-06-28T17:46:47","modified_gmt":"2024-06-28T22:46:47","slug":"mas-acciones-en-villa-victoria-para-su-gobernabilidad","status":"publish","type":"post","link":"https:\/\/expressometro.mx\/index.php\/2024\/06\/20\/mas-acciones-en-villa-victoria-para-su-gobernabilidad\/","title":{"rendered":"M\u00c1S ACCIONES EN VILLA VICTORIA PARA SU GOBERNABILIDAD"},"content":{"rendered":"\n<p><\/p>\n\n\n\n<p>La Presidenta Municipal, Mar\u00eda Luisa Carmona Alvarado, realiz\u00f3 la entrega de nombramientos a los funcionarios del Juzgado C\u00edvico de Villa Victoria, en cumplimiento a la Ley y con el prop\u00f3sito de facilitar y mejorar la convivencia social y evitar que los conflictos escalen a conductas delictivas o actos de violencia.<\/p>\n\n\n\n<p>Adem\u00e1s, la Presidenta Municipal se reuni\u00f3 en su oficina del Ayuntamiento con el Coordinador Municipal de la Direcci\u00f3n General de Gobierno en la Regi\u00f3n Valle de Bravo, Rogelio Gonz\u00e1lez; con el objetivo de mantener una comunicaci\u00f3n estrecha que le permita emprender acciones de manera conjunta en beneficio de Villa Victoria.<\/p>\n\n\n\n<figure class=\"wp-block-image size-large\"><img decoding=\"async\" width=\"720\" height=\"480\" src=\"https:\/\/expressometro.mx\/wp-content\/uploads\/2024\/06\/WhatsApp-Image-2024-06-28-at-4.17.52-PM-720x480.jpeg\" alt=\"\" class=\"wp-image-9539\" srcset=\"https:\/\/expressometro.mx\/wp-content\/uploads\/2024\/06\/WhatsApp-Image-2024-06-28-at-4.17.52-PM-720x480.jpeg 720w, https:\/\/expressometro.mx\/wp-content\/uploads\/2024\/06\/WhatsApp-Image-2024-06-28-at-4.17.52-PM-548x365.jpeg 548w, https:\/\/expressometro.mx\/wp-content\/uploads\/2024\/06\/WhatsApp-Image-2024-06-28-at-4.17.52-PM-768x512.jpeg 768w, https:\/\/expressometro.mx\/wp-content\/uploads\/2024\/06\/WhatsApp-Image-2024-06-28-at-4.17.52-PM.jpeg 1200w\" sizes=\"(max-width: 720px) 100vw, 720px\" \/><\/figure>\n\n\n\n<p>En sesi\u00f3n de Cabildo de n\u00famero SO\/114\/2024, la Presidenta Municipal y miembros del cabildo aprobaron los porcentajes de descuentos y tarifas preferenciales para quienes realicen tr\u00e1mites de regularizaci\u00f3n de tenencia de la tierra a trav\u00e9s del Instituto Mexiquense de la Vivienda Social (IMEVIS), as\u00ed como la condonaci\u00f3n del pago de actos y hechos que se deriven de las campa\u00f1as del Registro Civil que se llevar\u00e1n a cabo en el mes de Julio.<\/p>\n\n\n\n<p>De igual forma, Mar\u00eda Luisa Carmona Alvarado se reuni\u00f3 con el Comisionado Ejecutivo del Gobierno del Estado de M\u00e9xico, con la finalidad de dar seguimiento a las gestiones que el H. Ayuntamiento de Villa Victoria ha realizado en beneficio de la poblaci\u00f3n.<\/p>\n","protected":false},"excerpt":{"rendered":"<p>La Presidenta Municipal, Mar\u00eda Luisa Carmona Alvarado, realiz\u00f3 la entrega de nombramientos a los funcionarios del Juzgado C\u00edvico de Villa Victoria, en cumplimiento a la Ley y con el prop\u00f3sito de facilitar y mejorar la convivencia social y evitar que los conflictos escalen a conductas delictivas o actos de violencia.<\/p>\n","protected":false},"author":1,"featured_media":9538,"comment_status":"open","ping_status":"open","sticky":false,"template":"","format":"standard","meta":{"footnotes":""},"categories":[3,1,231],"tags":[1982,86,2368,147],"class_list":["post-9536","post","type-post","status-publish","format-standard","has-post-thumbnail","hentry","category-gobierno","category-otros","category-politica","tag-edomex","tag-gem","tag-maria-luisa-carmona-alvarado","tag-villa-victoria"],"yoast_head":"<!-- This site is optimized with the Yoast SEO plugin v27.4 - https:\/\/yoast.com\/product\/yoast-seo-wordpress\/ -->\n<title>M\u00c1S ACCIONES EN VILLA VICTORIA PARA SU GOBERNABILIDAD - Expresso Metropolitano<\/title>\n<meta name=\"robots\" content=\"index, follow, max-snippet:-1, max-image-preview:large, max-video-preview:-1\" \/>\n<link rel=\"canonical\" href=\"https:\/\/expressometro.mx\/index.php\/2024\/06\/20\/mas-acciones-en-villa-victoria-para-su-gobernabilidad\/\" \/>\n<meta property=\"og:locale\" content=\"es_MX\" \/>\n<meta property=\"og:type\" content=\"article\" \/>\n<meta property=\"og:title\" content=\"M\u00c1S ACCIONES EN VILLA VICTORIA PARA SU GOBERNABILIDAD - Expresso Metropolitano\" \/>\n<meta property=\"og:description\" content=\"La Presidenta Municipal, Mar\u00eda Luisa Carmona Alvarado, realiz\u00f3 la entrega de nombramientos a los funcionarios del Juzgado C\u00edvico de Villa Victoria, en cumplimiento a la Ley y con el prop\u00f3sito de facilitar y mejorar la convivencia social y evitar que los conflictos escalen a conductas delictivas o actos de violencia.\" \/>\n<meta property=\"og:url\" content=\"https:\/\/expressometro.mx\/index.php\/2024\/06\/20\/mas-acciones-en-villa-victoria-para-su-gobernabilidad\/\" \/>\n<meta property=\"og:site_name\" content=\"Expresso Metropolitano\" \/>\n<meta property=\"article:published_time\" content=\"2024-06-20T22:44:06+00:00\" \/>\n<meta property=\"article:modified_time\" content=\"2024-06-28T22:46:47+00:00\" \/>\n<meta property=\"og:image\" content=\"http:\/\/expressometro.mx\/wp-content\/uploads\/2024\/06\/WhatsApp-Image-2024-06-28-at-4.17.53-PM.jpeg\" \/>\n\t<meta property=\"og:image:width\" content=\"1200\" \/>\n\t<meta property=\"og:image:height\" content=\"900\" \/>\n\t<meta property=\"og:image:type\" content=\"image\/jpeg\" \/>\n<meta name=\"author\" content=\"Expresso Metropolitano\" \/>\n<meta name=\"twitter:label1\" content=\"Escrito por\" \/>\n\t<meta name=\"twitter:data1\" content=\"Expresso Metropolitano\" \/>\n\t<meta name=\"twitter:label2\" content=\"Tiempo de lectura\" \/>\n\t<meta name=\"twitter:data2\" content=\"2 minutos\" \/>\n<script type=\"application\/ld+json\" class=\"yoast-schema-graph\">{\"@context\":\"https:\\\/\\\/schema.org\",\"@graph\":[{\"@type\":\"Article\",\"@id\":\"https:\\\/\\\/expressometro.mx\\\/index.php\\\/2024\\\/06\\\/20\\\/mas-acciones-en-villa-victoria-para-su-gobernabilidad\\\/#article\",\"isPartOf\":{\"@id\":\"https:\\\/\\\/expressometro.mx\\\/index.php\\\/2024\\\/06\\\/20\\\/mas-acciones-en-villa-victoria-para-su-gobernabilidad\\\/\"},\"author\":{\"name\":\"Expresso Metropolitano\",\"@id\":\"https:\\\/\\\/expressometro.mx\\\/#\\\/schema\\\/person\\\/efa971b4a0664db8ed5c22b1b0dd2f5d\"},\"headline\":\"M\u00c1S ACCIONES EN VILLA VICTORIA PARA SU GOBERNABILIDAD\",\"datePublished\":\"2024-06-20T22:44:06+00:00\",\"dateModified\":\"2024-06-28T22:46:47+00:00\",\"mainEntityOfPage\":{\"@id\":\"https:\\\/\\\/expressometro.mx\\\/index.php\\\/2024\\\/06\\\/20\\\/mas-acciones-en-villa-victoria-para-su-gobernabilidad\\\/\"},\"wordCount\":242,\"commentCount\":0,\"publisher\":{\"@id\":\"https:\\\/\\\/expressometro.mx\\\/#organization\"},\"image\":{\"@id\":\"https:\\\/\\\/expressometro.mx\\\/index.php\\\/2024\\\/06\\\/20\\\/mas-acciones-en-villa-victoria-para-su-gobernabilidad\\\/#primaryimage\"},\"thumbnailUrl\":\"https:\\\/\\\/expressometro.mx\\\/wp-content\\\/uploads\\\/2024\\\/06\\\/WhatsApp-Image-2024-06-28-at-4.17.53-PM.jpeg\",\"keywords\":[\"Edomex\",\"GEM\",\"Mar\u00eda Luisa Carmona Alvarado\",\"Villa Victoria\"],\"articleSection\":[\"Gobierno\",\"Otros\",\"Pol\u00edtica\"],\"inLanguage\":\"es\",\"potentialAction\":[{\"@type\":\"CommentAction\",\"name\":\"Comment\",\"target\":[\"https:\\\/\\\/expressometro.mx\\\/index.php\\\/2024\\\/06\\\/20\\\/mas-acciones-en-villa-victoria-para-su-gobernabilidad\\\/#respond\"]}]},{\"@type\":\"WebPage\",\"@id\":\"https:\\\/\\\/expressometro.mx\\\/index.php\\\/2024\\\/06\\\/20\\\/mas-acciones-en-villa-victoria-para-su-gobernabilidad\\\/\",\"url\":\"https:\\\/\\\/expressometro.mx\\\/index.php\\\/2024\\\/06\\\/20\\\/mas-acciones-en-villa-victoria-para-su-gobernabilidad\\\/\",\"name\":\"M\u00c1S ACCIONES EN VILLA VICTORIA PARA SU GOBERNABILIDAD - Expresso Metropolitano\",\"isPartOf\":{\"@id\":\"https:\\\/\\\/expressometro.mx\\\/#website\"},\"primaryImageOfPage\":{\"@id\":\"https:\\\/\\\/expressometro.mx\\\/index.php\\\/2024\\\/06\\\/20\\\/mas-acciones-en-villa-victoria-para-su-gobernabilidad\\\/#primaryimage\"},\"image\":{\"@id\":\"https:\\\/\\\/expressometro.mx\\\/index.php\\\/2024\\\/06\\\/20\\\/mas-acciones-en-villa-victoria-para-su-gobernabilidad\\\/#primaryimage\"},\"thumbnailUrl\":\"https:\\\/\\\/expressometro.mx\\\/wp-content\\\/uploads\\\/2024\\\/06\\\/WhatsApp-Image-2024-06-28-at-4.17.53-PM.jpeg\",\"datePublished\":\"2024-06-20T22:44:06+00:00\",\"dateModified\":\"2024-06-28T22:46:47+00:00\",\"breadcrumb\":{\"@id\":\"https:\\\/\\\/expressometro.mx\\\/index.php\\\/2024\\\/06\\\/20\\\/mas-acciones-en-villa-victoria-para-su-gobernabilidad\\\/#breadcrumb\"},\"inLanguage\":\"es\",\"potentialAction\":[{\"@type\":\"ReadAction\",\"target\":[\"https:\\\/\\\/expressometro.mx\\\/index.php\\\/2024\\\/06\\\/20\\\/mas-acciones-en-villa-victoria-para-su-gobernabilidad\\\/\"]}]},{\"@type\":\"ImageObject\",\"inLanguage\":\"es\",\"@id\":\"https:\\\/\\\/expressometro.mx\\\/index.php\\\/2024\\\/06\\\/20\\\/mas-acciones-en-villa-victoria-para-su-gobernabilidad\\\/#primaryimage\",\"url\":\"https:\\\/\\\/expressometro.mx\\\/wp-content\\\/uploads\\\/2024\\\/06\\\/WhatsApp-Image-2024-06-28-at-4.17.53-PM.jpeg\",\"contentUrl\":\"https:\\\/\\\/expressometro.mx\\\/wp-content\\\/uploads\\\/2024\\\/06\\\/WhatsApp-Image-2024-06-28-at-4.17.53-PM.jpeg\",\"width\":1200,\"height\":900},{\"@type\":\"BreadcrumbList\",\"@id\":\"https:\\\/\\\/expressometro.mx\\\/index.php\\\/2024\\\/06\\\/20\\\/mas-acciones-en-villa-victoria-para-su-gobernabilidad\\\/#breadcrumb\",\"itemListElement\":[{\"@type\":\"ListItem\",\"position\":1,\"name\":\"Inicio\",\"item\":\"https:\\\/\\\/expressometro.mx\\\/\"},{\"@type\":\"ListItem\",\"position\":2,\"name\":\"M\u00c1S ACCIONES EN VILLA VICTORIA PARA SU GOBERNABILIDAD\"}]},{\"@type\":\"WebSite\",\"@id\":\"https:\\\/\\\/expressometro.mx\\\/#website\",\"url\":\"https:\\\/\\\/expressometro.mx\\\/\",\"name\":\"Expresso Metropolitano\",\"description\":\"Periodismo comprometido, informaci\u00f3n, investigaci\u00f3n y an\u00e1lisis\",\"publisher\":{\"@id\":\"https:\\\/\\\/expressometro.mx\\\/#organization\"},\"potentialAction\":[{\"@type\":\"SearchAction\",\"target\":{\"@type\":\"EntryPoint\",\"urlTemplate\":\"https:\\\/\\\/expressometro.mx\\\/?s={search_term_string}\"},\"query-input\":{\"@type\":\"PropertyValueSpecification\",\"valueRequired\":true,\"valueName\":\"search_term_string\"}}],\"inLanguage\":\"es\"},{\"@type\":\"Organization\",\"@id\":\"https:\\\/\\\/expressometro.mx\\\/#organization\",\"name\":\"Expresso Metropolitano\",\"url\":\"https:\\\/\\\/expressometro.mx\\\/\",\"logo\":{\"@type\":\"ImageObject\",\"inLanguage\":\"es\",\"@id\":\"https:\\\/\\\/expressometro.mx\\\/#\\\/schema\\\/logo\\\/image\\\/\",\"url\":\"https:\\\/\\\/expressometro.mx\\\/wp-content\\\/uploads\\\/2019\\\/07\\\/cropped-Logo-Expresso-Metropolitano-1-1.jpeg\",\"contentUrl\":\"https:\\\/\\\/expressometro.mx\\\/wp-content\\\/uploads\\\/2019\\\/07\\\/cropped-Logo-Expresso-Metropolitano-1-1.jpeg\",\"width\":290,\"height\":73,\"caption\":\"Expresso Metropolitano\"},\"image\":{\"@id\":\"https:\\\/\\\/expressometro.mx\\\/#\\\/schema\\\/logo\\\/image\\\/\"}},{\"@type\":\"Person\",\"@id\":\"https:\\\/\\\/expressometro.mx\\\/#\\\/schema\\\/person\\\/efa971b4a0664db8ed5c22b1b0dd2f5d\",\"name\":\"Expresso Metropolitano\",\"image\":{\"@type\":\"ImageObject\",\"inLanguage\":\"es\",\"@id\":\"https:\\\/\\\/secure.gravatar.com\\\/avatar\\\/a89f802b8de18c6952f223c88d3d106e9e3679839f4e25a02f4a6cc2ae6ba3b3?s=96&d=mm&r=g\",\"url\":\"https:\\\/\\\/secure.gravatar.com\\\/avatar\\\/a89f802b8de18c6952f223c88d3d106e9e3679839f4e25a02f4a6cc2ae6ba3b3?s=96&d=mm&r=g\",\"contentUrl\":\"https:\\\/\\\/secure.gravatar.com\\\/avatar\\\/a89f802b8de18c6952f223c88d3d106e9e3679839f4e25a02f4a6cc2ae6ba3b3?s=96&d=mm&r=g\",\"caption\":\"Expresso Metropolitano\"},\"url\":\"https:\\\/\\\/expressometro.mx\\\/index.php\\\/author\\\/diego\\\/\"}]}<\/script>\n<!-- \/ Yoast SEO plugin. -->","yoast_head_json":{"title":"M\u00c1S ACCIONES EN VILLA VICTORIA PARA SU GOBERNABILIDAD - Expresso Metropolitano","robots":{"index":"index","follow":"follow","max-snippet":"max-snippet:-1","max-image-preview":"max-image-preview:large","max-video-preview":"max-video-preview:-1"},"canonical":"https:\/\/expressometro.mx\/index.php\/2024\/06\/20\/mas-acciones-en-villa-victoria-para-su-gobernabilidad\/","og_locale":"es_MX","og_type":"article","og_title":"M\u00c1S ACCIONES EN VILLA VICTORIA PARA SU GOBERNABILIDAD - Expresso Metropolitano","og_description":"La Presidenta Municipal, Mar\u00eda Luisa Carmona Alvarado, realiz\u00f3 la entrega de nombramientos a los funcionarios del Juzgado C\u00edvico de Villa Victoria, en cumplimiento a la Ley y con el prop\u00f3sito de facilitar y mejorar la convivencia social y evitar que los conflictos escalen a conductas delictivas o actos de violencia.","og_url":"https:\/\/expressometro.mx\/index.php\/2024\/06\/20\/mas-acciones-en-villa-victoria-para-su-gobernabilidad\/","og_site_name":"Expresso Metropolitano","article_published_time":"2024-06-20T22:44:06+00:00","article_modified_time":"2024-06-28T22:46:47+00:00","og_image":[{"width":1200,"height":900,"url":"http:\/\/expressometro.mx\/wp-content\/uploads\/2024\/06\/WhatsApp-Image-2024-06-28-at-4.17.53-PM.jpeg","type":"image\/jpeg"}],"author":"Expresso Metropolitano","twitter_misc":{"Escrito por":"Expresso Metropolitano","Tiempo de lectura":"2 minutos"},"schema":{"@context":"https:\/\/schema.org","@graph":[{"@type":"Article","@id":"https:\/\/expressometro.mx\/index.php\/2024\/06\/20\/mas-acciones-en-villa-victoria-para-su-gobernabilidad\/#article","isPartOf":{"@id":"https:\/\/expressometro.mx\/index.php\/2024\/06\/20\/mas-acciones-en-villa-victoria-para-su-gobernabilidad\/"},"author":{"name":"Expresso Metropolitano","@id":"https:\/\/expressometro.mx\/#\/schema\/person\/efa971b4a0664db8ed5c22b1b0dd2f5d"},"headline":"M\u00c1S ACCIONES EN VILLA VICTORIA PARA SU GOBERNABILIDAD","datePublished":"2024-06-20T22:44:06+00:00","dateModified":"2024-06-28T22:46:47+00:00","mainEntityOfPage":{"@id":"https:\/\/expressometro.mx\/index.php\/2024\/06\/20\/mas-acciones-en-villa-victoria-para-su-gobernabilidad\/"},"wordCount":242,"commentCount":0,"publisher":{"@id":"https:\/\/expressometro.mx\/#organization"},"image":{"@id":"https:\/\/expressometro.mx\/index.php\/2024\/06\/20\/mas-acciones-en-villa-victoria-para-su-gobernabilidad\/#primaryimage"},"thumbnailUrl":"https:\/\/expressometro.mx\/wp-content\/uploads\/2024\/06\/WhatsApp-Image-2024-06-28-at-4.17.53-PM.jpeg","keywords":["Edomex","GEM","Mar\u00eda Luisa Carmona Alvarado","Villa Victoria"],"articleSection":["Gobierno","Otros","Pol\u00edtica"],"inLanguage":"es","potentialAction":[{"@type":"CommentAction","name":"Comment","target":["https:\/\/expressometro.mx\/index.php\/2024\/06\/20\/mas-acciones-en-villa-victoria-para-su-gobernabilidad\/#respond"]}]},{"@type":"WebPage","@id":"https:\/\/expressometro.mx\/index.php\/2024\/06\/20\/mas-acciones-en-villa-victoria-para-su-gobernabilidad\/","url":"https:\/\/expressometro.mx\/index.php\/2024\/06\/20\/mas-acciones-en-villa-victoria-para-su-gobernabilidad\/","name":"M\u00c1S ACCIONES EN VILLA VICTORIA PARA SU GOBERNABILIDAD - Expresso Metropolitano","isPartOf":{"@id":"https:\/\/expressometro.mx\/#website"},"primaryImageOfPage":{"@id":"https:\/\/expressometro.mx\/index.php\/2024\/06\/20\/mas-acciones-en-villa-victoria-para-su-gobernabilidad\/#primaryimage"},"image":{"@id":"https:\/\/expressometro.mx\/index.php\/2024\/06\/20\/mas-acciones-en-villa-victoria-para-su-gobernabilidad\/#primaryimage"},"thumbnailUrl":"https:\/\/expressometro.mx\/wp-content\/uploads\/2024\/06\/WhatsApp-Image-2024-06-28-at-4.17.53-PM.jpeg","datePublished":"2024-06-20T22:44:06+00:00","dateModified":"2024-06-28T22:46:47+00:00","breadcrumb":{"@id":"https:\/\/expressometro.mx\/index.php\/2024\/06\/20\/mas-acciones-en-villa-victoria-para-su-gobernabilidad\/#breadcrumb"},"inLanguage":"es","potentialAction":[{"@type":"ReadAction","target":["https:\/\/expressometro.mx\/index.php\/2024\/06\/20\/mas-acciones-en-villa-victoria-para-su-gobernabilidad\/"]}]},{"@type":"ImageObject","inLanguage":"es","@id":"https:\/\/expressometro.mx\/index.php\/2024\/06\/20\/mas-acciones-en-villa-victoria-para-su-gobernabilidad\/#primaryimage","url":"https:\/\/expressometro.mx\/wp-content\/uploads\/2024\/06\/WhatsApp-Image-2024-06-28-at-4.17.53-PM.jpeg","contentUrl":"https:\/\/expressometro.mx\/wp-content\/uploads\/2024\/06\/WhatsApp-Image-2024-06-28-at-4.17.53-PM.jpeg","width":1200,"height":900},{"@type":"BreadcrumbList","@id":"https:\/\/expressometro.mx\/index.php\/2024\/06\/20\/mas-acciones-en-villa-victoria-para-su-gobernabilidad\/#breadcrumb","itemListElement":[{"@type":"ListItem","position":1,"name":"Inicio","item":"https:\/\/expressometro.mx\/"},{"@type":"ListItem","position":2,"name":"M\u00c1S ACCIONES EN VILLA VICTORIA PARA SU GOBERNABILIDAD"}]},{"@type":"WebSite","@id":"https:\/\/expressometro.mx\/#website","url":"https:\/\/expressometro.mx\/","name":"Expresso Metropolitano","description":"Periodismo comprometido, informaci\u00f3n, investigaci\u00f3n y an\u00e1lisis","publisher":{"@id":"https:\/\/expressometro.mx\/#organization"},"potentialAction":[{"@type":"SearchAction","target":{"@type":"EntryPoint","urlTemplate":"https:\/\/expressometro.mx\/?s={search_term_string}"},"query-input":{"@type":"PropertyValueSpecification","valueRequired":true,"valueName":"search_term_string"}}],"inLanguage":"es"},{"@type":"Organization","@id":"https:\/\/expressometro.mx\/#organization","name":"Expresso Metropolitano","url":"https:\/\/expressometro.mx\/","logo":{"@type":"ImageObject","inLanguage":"es","@id":"https:\/\/expressometro.mx\/#\/schema\/logo\/image\/","url":"https:\/\/expressometro.mx\/wp-content\/uploads\/2019\/07\/cropped-Logo-Expresso-Metropolitano-1-1.jpeg","contentUrl":"https:\/\/expressometro.mx\/wp-content\/uploads\/2019\/07\/cropped-Logo-Expresso-Metropolitano-1-1.jpeg","width":290,"height":73,"caption":"Expresso Metropolitano"},"image":{"@id":"https:\/\/expressometro.mx\/#\/schema\/logo\/image\/"}},{"@type":"Person","@id":"https:\/\/expressometro.mx\/#\/schema\/person\/efa971b4a0664db8ed5c22b1b0dd2f5d","name":"Expresso Metropolitano","image":{"@type":"ImageObject","inLanguage":"es","@id":"https:\/\/secure.gravatar.com\/avatar\/a89f802b8de18c6952f223c88d3d106e9e3679839f4e25a02f4a6cc2ae6ba3b3?s=96&d=mm&r=g","url":"https:\/\/secure.gravatar.com\/avatar\/a89f802b8de18c6952f223c88d3d106e9e3679839f4e25a02f4a6cc2ae6ba3b3?s=96&d=mm&r=g","contentUrl":"https:\/\/secure.gravatar.com\/avatar\/a89f802b8de18c6952f223c88d3d106e9e3679839f4e25a02f4a6cc2ae6ba3b3?s=96&d=mm&r=g","caption":"Expresso Metropolitano"},"url":"https:\/\/expressometro.mx\/index.php\/author\/diego\/"}]}},"amp_enabled":true,"_links":{"self":[{"href":"https:\/\/expressometro.mx\/index.php\/wp-json\/wp\/v2\/posts\/9536","targetHints":{"allow":["GET"]}}],"collection":[{"href":"https:\/\/expressometro.mx\/index.php\/wp-json\/wp\/v2\/posts"}],"about":[{"href":"https:\/\/expressometro.mx\/index.php\/wp-json\/wp\/v2\/types\/post"}],"author":[{"embeddable":true,"href":"https:\/\/expressometro.mx\/index.php\/wp-json\/wp\/v2\/users\/1"}],"replies":[{"embeddable":true,"href":"https:\/\/expressometro.mx\/index.php\/wp-json\/wp\/v2\/comments?post=9536"}],"version-history":[{"count":1,"href":"https:\/\/expressometro.mx\/index.php\/wp-json\/wp\/v2\/posts\/9536\/revisions"}],"predecessor-version":[{"id":9540,"href":"https:\/\/expressometro.mx\/index.php\/wp-json\/wp\/v2\/posts\/9536\/revisions\/9540"}],"wp:featuredmedia":[{"embeddable":true,"href":"https:\/\/expressometro.mx\/index.php\/wp-json\/wp\/v2\/media\/9538"}],"wp:attachment":[{"href":"https:\/\/expressometro.mx\/index.php\/wp-json\/wp\/v2\/media?parent=9536"}],"wp:term":[{"taxonomy":"category","embeddable":true,"href":"https:\/\/expressometro.mx\/index.php\/wp-json\/wp\/v2\/categories?post=9536"},{"taxonomy":"post_tag","embeddable":true,"href":"https:\/\/expressometro.mx\/index.php\/wp-json\/wp\/v2\/tags?post=9536"}],"curies":[{"name":"wp","href":"https:\/\/api.w.org\/{rel}","templated":true}]}}