{"id":9531,"date":"2024-06-15T17:38:49","date_gmt":"2024-06-15T22:38:49","guid":{"rendered":"https:\/\/expressometro.mx\/?p=9531"},"modified":"2024-06-28T17:42:07","modified_gmt":"2024-06-28T22:42:07","slug":"reconocimiento-a-la-policia-municipal-de-villa-victoria","status":"publish","type":"post","link":"https:\/\/expressometro.mx\/index.php\/2024\/06\/15\/reconocimiento-a-la-policia-municipal-de-villa-victoria\/","title":{"rendered":"RECONOCIMIENTO A LA POLIC\u00cdA MUNICIPAL DE VILLA VICTORIA"},"content":{"rendered":"\n<p><\/p>\n\n\n\n<p>La Presidenta Municipal, Mar\u00eda Luisa Carmona Alvarado, encabez\u00f3 la D\u00e9cima Quinta Sesi\u00f3n Ordinaria del Consejo Municipal de Seguridad P\u00fablica, en la que se reconoci\u00f3 a las y los elementos, por su labor en beneficio de la sociedad victorense.<\/p>\n\n\n\n<p>Alumnos de la Escuela Primaria &#8220;Carlos Hank Gonz\u00e1lez&#8221;, en la comunidad El Vivero, participaron en el Taller Juego de Tr\u00e1nsito, que realiz\u00f3 el \u00e1rea de Prevenci\u00f3n Social de la Violencia y la Delincuencia, con apoyo del personal de la Secretaria de Seguridad del gobierno del Estado de M\u00e9xico, con el prop\u00f3sito de dar a conocer a los infantes los reglamentos de tr\u00e1nsito relacionados con la circulaci\u00f3n peatonal y contribuir a la prevenci\u00f3n de accidentes viales, que pongan en riesgo su vida.<\/p>\n\n\n\n<p>Con el objetivo de dar a conocer a los infantes los reglamentos de tr\u00e1nsito relacionados con la circulaci\u00f3n peatonal y contribuir a la prevenci\u00f3n de accidentes viales, el \u00e1rea de Prevenci\u00f3n Social de la Violencia y la Delincuencia, con apoyo del personal de la Secretaria de Seguridad del gobierno del Estado de M\u00e9xico, llev\u00f3 a cabo el Taller Juego de Tr\u00e1nsito, en la Escuela Primaria &#8220;Plan de Ayala&#8221;, en la comunidad Cerritos del Pilar, con una importante participaci\u00f3n de los infantes.<\/p>\n\n\n\n<p>A trav\u00e9s de la gesti\u00f3n de la Presidenta Municipal, Mar\u00eda Luisa Carmona Alvarado, quien se reuni\u00f3 con el Ing. Tom\u00e1s Gonz\u00e1lez Miralrio y el Ing. Jes\u00fas Hern\u00e1ndez, Delegado y Subdelegado de la Secretar\u00eda de Movilidad del Gobierno Estatal, los transportistas del municipio tendr\u00e1n la oportunidad de tramitar su licencia de servicio p\u00fablico, en el m\u00f3dulo m\u00f3vil, que se encuentra instalado en la Explanada Municipal.<\/p>\n","protected":false},"excerpt":{"rendered":"<p>La Presidenta Municipal, Mar\u00eda Luisa Carmona Alvarado, encabez\u00f3 la D\u00e9cima Quinta Sesi\u00f3n Ordinaria del Consejo Municipal de Seguridad P\u00fablica, en la que se reconoci\u00f3 a las y los elementos, por su labor en beneficio de la sociedad victorense.<\/p>\n","protected":false},"author":1,"featured_media":9533,"comment_status":"open","ping_status":"open","sticky":false,"template":"","format":"standard","meta":{"footnotes":""},"categories":[3,1,231],"tags":[1982,86,2368,147],"class_list":["post-9531","post","type-post","status-publish","format-standard","has-post-thumbnail","hentry","category-gobierno","category-otros","category-politica","tag-edomex","tag-gem","tag-maria-luisa-carmona-alvarado","tag-villa-victoria"],"yoast_head":"<!-- This site is optimized with the Yoast SEO plugin v27.5 - https:\/\/yoast.com\/product\/yoast-seo-wordpress\/ -->\n<title>RECONOCIMIENTO A LA POLIC\u00cdA MUNICIPAL DE VILLA VICTORIA - Expresso Metropolitano<\/title>\n<meta name=\"robots\" content=\"index, follow, max-snippet:-1, max-image-preview:large, max-video-preview:-1\" \/>\n<link rel=\"canonical\" href=\"https:\/\/expressometro.mx\/index.php\/2024\/06\/15\/reconocimiento-a-la-policia-municipal-de-villa-victoria\/\" \/>\n<meta property=\"og:locale\" content=\"es_MX\" \/>\n<meta property=\"og:type\" content=\"article\" \/>\n<meta property=\"og:title\" content=\"RECONOCIMIENTO A LA POLIC\u00cdA MUNICIPAL DE VILLA VICTORIA - Expresso Metropolitano\" \/>\n<meta property=\"og:description\" content=\"La Presidenta Municipal, Mar\u00eda Luisa Carmona Alvarado, encabez\u00f3 la D\u00e9cima Quinta Sesi\u00f3n Ordinaria del Consejo Municipal de Seguridad P\u00fablica, en la que se reconoci\u00f3 a las y los elementos, por su labor en beneficio de la sociedad victorense.\" \/>\n<meta property=\"og:url\" content=\"https:\/\/expressometro.mx\/index.php\/2024\/06\/15\/reconocimiento-a-la-policia-municipal-de-villa-victoria\/\" \/>\n<meta property=\"og:site_name\" content=\"Expresso Metropolitano\" \/>\n<meta property=\"article:published_time\" content=\"2024-06-15T22:38:49+00:00\" \/>\n<meta property=\"article:modified_time\" content=\"2024-06-28T22:42:07+00:00\" \/>\n<meta property=\"og:image\" content=\"http:\/\/expressometro.mx\/wp-content\/uploads\/2024\/06\/WhatsApp-Image-2024-06-28-at-4.12.08-PM.jpeg\" \/>\n\t<meta property=\"og:image:width\" content=\"1200\" \/>\n\t<meta property=\"og:image:height\" content=\"900\" \/>\n\t<meta property=\"og:image:type\" content=\"image\/jpeg\" \/>\n<meta name=\"author\" content=\"Expresso Metropolitano\" \/>\n<meta name=\"twitter:label1\" content=\"Escrito por\" \/>\n\t<meta name=\"twitter:data1\" content=\"Expresso Metropolitano\" \/>\n\t<meta name=\"twitter:label2\" content=\"Tiempo de lectura\" \/>\n\t<meta name=\"twitter:data2\" content=\"2 minutos\" \/>\n<script type=\"application\/ld+json\" class=\"yoast-schema-graph\">{\"@context\":\"https:\\\/\\\/schema.org\",\"@graph\":[{\"@type\":\"Article\",\"@id\":\"https:\\\/\\\/expressometro.mx\\\/index.php\\\/2024\\\/06\\\/15\\\/reconocimiento-a-la-policia-municipal-de-villa-victoria\\\/#article\",\"isPartOf\":{\"@id\":\"https:\\\/\\\/expressometro.mx\\\/index.php\\\/2024\\\/06\\\/15\\\/reconocimiento-a-la-policia-municipal-de-villa-victoria\\\/\"},\"author\":{\"name\":\"Expresso Metropolitano\",\"@id\":\"https:\\\/\\\/expressometro.mx\\\/#\\\/schema\\\/person\\\/efa971b4a0664db8ed5c22b1b0dd2f5d\"},\"headline\":\"RECONOCIMIENTO A LA POLIC\u00cdA MUNICIPAL DE VILLA VICTORIA\",\"datePublished\":\"2024-06-15T22:38:49+00:00\",\"dateModified\":\"2024-06-28T22:42:07+00:00\",\"mainEntityOfPage\":{\"@id\":\"https:\\\/\\\/expressometro.mx\\\/index.php\\\/2024\\\/06\\\/15\\\/reconocimiento-a-la-policia-municipal-de-villa-victoria\\\/\"},\"wordCount\":304,\"commentCount\":0,\"publisher\":{\"@id\":\"https:\\\/\\\/expressometro.mx\\\/#organization\"},\"image\":{\"@id\":\"https:\\\/\\\/expressometro.mx\\\/index.php\\\/2024\\\/06\\\/15\\\/reconocimiento-a-la-policia-municipal-de-villa-victoria\\\/#primaryimage\"},\"thumbnailUrl\":\"https:\\\/\\\/expressometro.mx\\\/wp-content\\\/uploads\\\/2024\\\/06\\\/WhatsApp-Image-2024-06-28-at-4.12.08-PM.jpeg\",\"keywords\":[\"Edomex\",\"GEM\",\"Mar\u00eda Luisa Carmona Alvarado\",\"Villa Victoria\"],\"articleSection\":[\"Gobierno\",\"Otros\",\"Pol\u00edtica\"],\"inLanguage\":\"es\",\"potentialAction\":[{\"@type\":\"CommentAction\",\"name\":\"Comment\",\"target\":[\"https:\\\/\\\/expressometro.mx\\\/index.php\\\/2024\\\/06\\\/15\\\/reconocimiento-a-la-policia-municipal-de-villa-victoria\\\/#respond\"]}]},{\"@type\":\"WebPage\",\"@id\":\"https:\\\/\\\/expressometro.mx\\\/index.php\\\/2024\\\/06\\\/15\\\/reconocimiento-a-la-policia-municipal-de-villa-victoria\\\/\",\"url\":\"https:\\\/\\\/expressometro.mx\\\/index.php\\\/2024\\\/06\\\/15\\\/reconocimiento-a-la-policia-municipal-de-villa-victoria\\\/\",\"name\":\"RECONOCIMIENTO A LA POLIC\u00cdA MUNICIPAL DE VILLA VICTORIA - Expresso Metropolitano\",\"isPartOf\":{\"@id\":\"https:\\\/\\\/expressometro.mx\\\/#website\"},\"primaryImageOfPage\":{\"@id\":\"https:\\\/\\\/expressometro.mx\\\/index.php\\\/2024\\\/06\\\/15\\\/reconocimiento-a-la-policia-municipal-de-villa-victoria\\\/#primaryimage\"},\"image\":{\"@id\":\"https:\\\/\\\/expressometro.mx\\\/index.php\\\/2024\\\/06\\\/15\\\/reconocimiento-a-la-policia-municipal-de-villa-victoria\\\/#primaryimage\"},\"thumbnailUrl\":\"https:\\\/\\\/expressometro.mx\\\/wp-content\\\/uploads\\\/2024\\\/06\\\/WhatsApp-Image-2024-06-28-at-4.12.08-PM.jpeg\",\"datePublished\":\"2024-06-15T22:38:49+00:00\",\"dateModified\":\"2024-06-28T22:42:07+00:00\",\"breadcrumb\":{\"@id\":\"https:\\\/\\\/expressometro.mx\\\/index.php\\\/2024\\\/06\\\/15\\\/reconocimiento-a-la-policia-municipal-de-villa-victoria\\\/#breadcrumb\"},\"inLanguage\":\"es\",\"potentialAction\":[{\"@type\":\"ReadAction\",\"target\":[\"https:\\\/\\\/expressometro.mx\\\/index.php\\\/2024\\\/06\\\/15\\\/reconocimiento-a-la-policia-municipal-de-villa-victoria\\\/\"]}]},{\"@type\":\"ImageObject\",\"inLanguage\":\"es\",\"@id\":\"https:\\\/\\\/expressometro.mx\\\/index.php\\\/2024\\\/06\\\/15\\\/reconocimiento-a-la-policia-municipal-de-villa-victoria\\\/#primaryimage\",\"url\":\"https:\\\/\\\/expressometro.mx\\\/wp-content\\\/uploads\\\/2024\\\/06\\\/WhatsApp-Image-2024-06-28-at-4.12.08-PM.jpeg\",\"contentUrl\":\"https:\\\/\\\/expressometro.mx\\\/wp-content\\\/uploads\\\/2024\\\/06\\\/WhatsApp-Image-2024-06-28-at-4.12.08-PM.jpeg\",\"width\":1200,\"height\":900},{\"@type\":\"BreadcrumbList\",\"@id\":\"https:\\\/\\\/expressometro.mx\\\/index.php\\\/2024\\\/06\\\/15\\\/reconocimiento-a-la-policia-municipal-de-villa-victoria\\\/#breadcrumb\",\"itemListElement\":[{\"@type\":\"ListItem\",\"position\":1,\"name\":\"Inicio\",\"item\":\"https:\\\/\\\/expressometro.mx\\\/\"},{\"@type\":\"ListItem\",\"position\":2,\"name\":\"RECONOCIMIENTO A LA POLIC\u00cdA MUNICIPAL DE VILLA VICTORIA\"}]},{\"@type\":\"WebSite\",\"@id\":\"https:\\\/\\\/expressometro.mx\\\/#website\",\"url\":\"https:\\\/\\\/expressometro.mx\\\/\",\"name\":\"Expresso Metropolitano\",\"description\":\"Periodismo comprometido, informaci\u00f3n, investigaci\u00f3n y an\u00e1lisis\",\"publisher\":{\"@id\":\"https:\\\/\\\/expressometro.mx\\\/#organization\"},\"potentialAction\":[{\"@type\":\"SearchAction\",\"target\":{\"@type\":\"EntryPoint\",\"urlTemplate\":\"https:\\\/\\\/expressometro.mx\\\/?s={search_term_string}\"},\"query-input\":{\"@type\":\"PropertyValueSpecification\",\"valueRequired\":true,\"valueName\":\"search_term_string\"}}],\"inLanguage\":\"es\"},{\"@type\":\"Organization\",\"@id\":\"https:\\\/\\\/expressometro.mx\\\/#organization\",\"name\":\"Expresso Metropolitano\",\"url\":\"https:\\\/\\\/expressometro.mx\\\/\",\"logo\":{\"@type\":\"ImageObject\",\"inLanguage\":\"es\",\"@id\":\"https:\\\/\\\/expressometro.mx\\\/#\\\/schema\\\/logo\\\/image\\\/\",\"url\":\"https:\\\/\\\/expressometro.mx\\\/wp-content\\\/uploads\\\/2019\\\/07\\\/cropped-Logo-Expresso-Metropolitano-1-1.jpeg\",\"contentUrl\":\"https:\\\/\\\/expressometro.mx\\\/wp-content\\\/uploads\\\/2019\\\/07\\\/cropped-Logo-Expresso-Metropolitano-1-1.jpeg\",\"width\":290,\"height\":73,\"caption\":\"Expresso Metropolitano\"},\"image\":{\"@id\":\"https:\\\/\\\/expressometro.mx\\\/#\\\/schema\\\/logo\\\/image\\\/\"}},{\"@type\":\"Person\",\"@id\":\"https:\\\/\\\/expressometro.mx\\\/#\\\/schema\\\/person\\\/efa971b4a0664db8ed5c22b1b0dd2f5d\",\"name\":\"Expresso Metropolitano\",\"image\":{\"@type\":\"ImageObject\",\"inLanguage\":\"es\",\"@id\":\"https:\\\/\\\/secure.gravatar.com\\\/avatar\\\/a89f802b8de18c6952f223c88d3d106e9e3679839f4e25a02f4a6cc2ae6ba3b3?s=96&d=mm&r=g\",\"url\":\"https:\\\/\\\/secure.gravatar.com\\\/avatar\\\/a89f802b8de18c6952f223c88d3d106e9e3679839f4e25a02f4a6cc2ae6ba3b3?s=96&d=mm&r=g\",\"contentUrl\":\"https:\\\/\\\/secure.gravatar.com\\\/avatar\\\/a89f802b8de18c6952f223c88d3d106e9e3679839f4e25a02f4a6cc2ae6ba3b3?s=96&d=mm&r=g\",\"caption\":\"Expresso Metropolitano\"},\"url\":\"https:\\\/\\\/expressometro.mx\\\/index.php\\\/author\\\/diego\\\/\"}]}<\/script>\n<!-- \/ Yoast SEO plugin. -->","yoast_head_json":{"title":"RECONOCIMIENTO A LA POLIC\u00cdA MUNICIPAL DE VILLA VICTORIA - Expresso Metropolitano","robots":{"index":"index","follow":"follow","max-snippet":"max-snippet:-1","max-image-preview":"max-image-preview:large","max-video-preview":"max-video-preview:-1"},"canonical":"https:\/\/expressometro.mx\/index.php\/2024\/06\/15\/reconocimiento-a-la-policia-municipal-de-villa-victoria\/","og_locale":"es_MX","og_type":"article","og_title":"RECONOCIMIENTO A LA POLIC\u00cdA MUNICIPAL DE VILLA VICTORIA - Expresso Metropolitano","og_description":"La Presidenta Municipal, Mar\u00eda Luisa Carmona Alvarado, encabez\u00f3 la D\u00e9cima Quinta Sesi\u00f3n Ordinaria del Consejo Municipal de Seguridad P\u00fablica, en la que se reconoci\u00f3 a las y los elementos, por su labor en beneficio de la sociedad victorense.","og_url":"https:\/\/expressometro.mx\/index.php\/2024\/06\/15\/reconocimiento-a-la-policia-municipal-de-villa-victoria\/","og_site_name":"Expresso Metropolitano","article_published_time":"2024-06-15T22:38:49+00:00","article_modified_time":"2024-06-28T22:42:07+00:00","og_image":[{"width":1200,"height":900,"url":"http:\/\/expressometro.mx\/wp-content\/uploads\/2024\/06\/WhatsApp-Image-2024-06-28-at-4.12.08-PM.jpeg","type":"image\/jpeg"}],"author":"Expresso Metropolitano","twitter_misc":{"Escrito por":"Expresso Metropolitano","Tiempo de lectura":"2 minutos"},"schema":{"@context":"https:\/\/schema.org","@graph":[{"@type":"Article","@id":"https:\/\/expressometro.mx\/index.php\/2024\/06\/15\/reconocimiento-a-la-policia-municipal-de-villa-victoria\/#article","isPartOf":{"@id":"https:\/\/expressometro.mx\/index.php\/2024\/06\/15\/reconocimiento-a-la-policia-municipal-de-villa-victoria\/"},"author":{"name":"Expresso Metropolitano","@id":"https:\/\/expressometro.mx\/#\/schema\/person\/efa971b4a0664db8ed5c22b1b0dd2f5d"},"headline":"RECONOCIMIENTO A LA POLIC\u00cdA MUNICIPAL DE VILLA VICTORIA","datePublished":"2024-06-15T22:38:49+00:00","dateModified":"2024-06-28T22:42:07+00:00","mainEntityOfPage":{"@id":"https:\/\/expressometro.mx\/index.php\/2024\/06\/15\/reconocimiento-a-la-policia-municipal-de-villa-victoria\/"},"wordCount":304,"commentCount":0,"publisher":{"@id":"https:\/\/expressometro.mx\/#organization"},"image":{"@id":"https:\/\/expressometro.mx\/index.php\/2024\/06\/15\/reconocimiento-a-la-policia-municipal-de-villa-victoria\/#primaryimage"},"thumbnailUrl":"https:\/\/expressometro.mx\/wp-content\/uploads\/2024\/06\/WhatsApp-Image-2024-06-28-at-4.12.08-PM.jpeg","keywords":["Edomex","GEM","Mar\u00eda Luisa Carmona Alvarado","Villa Victoria"],"articleSection":["Gobierno","Otros","Pol\u00edtica"],"inLanguage":"es","potentialAction":[{"@type":"CommentAction","name":"Comment","target":["https:\/\/expressometro.mx\/index.php\/2024\/06\/15\/reconocimiento-a-la-policia-municipal-de-villa-victoria\/#respond"]}]},{"@type":"WebPage","@id":"https:\/\/expressometro.mx\/index.php\/2024\/06\/15\/reconocimiento-a-la-policia-municipal-de-villa-victoria\/","url":"https:\/\/expressometro.mx\/index.php\/2024\/06\/15\/reconocimiento-a-la-policia-municipal-de-villa-victoria\/","name":"RECONOCIMIENTO A LA POLIC\u00cdA MUNICIPAL DE VILLA VICTORIA - Expresso Metropolitano","isPartOf":{"@id":"https:\/\/expressometro.mx\/#website"},"primaryImageOfPage":{"@id":"https:\/\/expressometro.mx\/index.php\/2024\/06\/15\/reconocimiento-a-la-policia-municipal-de-villa-victoria\/#primaryimage"},"image":{"@id":"https:\/\/expressometro.mx\/index.php\/2024\/06\/15\/reconocimiento-a-la-policia-municipal-de-villa-victoria\/#primaryimage"},"thumbnailUrl":"https:\/\/expressometro.mx\/wp-content\/uploads\/2024\/06\/WhatsApp-Image-2024-06-28-at-4.12.08-PM.jpeg","datePublished":"2024-06-15T22:38:49+00:00","dateModified":"2024-06-28T22:42:07+00:00","breadcrumb":{"@id":"https:\/\/expressometro.mx\/index.php\/2024\/06\/15\/reconocimiento-a-la-policia-municipal-de-villa-victoria\/#breadcrumb"},"inLanguage":"es","potentialAction":[{"@type":"ReadAction","target":["https:\/\/expressometro.mx\/index.php\/2024\/06\/15\/reconocimiento-a-la-policia-municipal-de-villa-victoria\/"]}]},{"@type":"ImageObject","inLanguage":"es","@id":"https:\/\/expressometro.mx\/index.php\/2024\/06\/15\/reconocimiento-a-la-policia-municipal-de-villa-victoria\/#primaryimage","url":"https:\/\/expressometro.mx\/wp-content\/uploads\/2024\/06\/WhatsApp-Image-2024-06-28-at-4.12.08-PM.jpeg","contentUrl":"https:\/\/expressometro.mx\/wp-content\/uploads\/2024\/06\/WhatsApp-Image-2024-06-28-at-4.12.08-PM.jpeg","width":1200,"height":900},{"@type":"BreadcrumbList","@id":"https:\/\/expressometro.mx\/index.php\/2024\/06\/15\/reconocimiento-a-la-policia-municipal-de-villa-victoria\/#breadcrumb","itemListElement":[{"@type":"ListItem","position":1,"name":"Inicio","item":"https:\/\/expressometro.mx\/"},{"@type":"ListItem","position":2,"name":"RECONOCIMIENTO A LA POLIC\u00cdA MUNICIPAL DE VILLA VICTORIA"}]},{"@type":"WebSite","@id":"https:\/\/expressometro.mx\/#website","url":"https:\/\/expressometro.mx\/","name":"Expresso Metropolitano","description":"Periodismo comprometido, informaci\u00f3n, investigaci\u00f3n y an\u00e1lisis","publisher":{"@id":"https:\/\/expressometro.mx\/#organization"},"potentialAction":[{"@type":"SearchAction","target":{"@type":"EntryPoint","urlTemplate":"https:\/\/expressometro.mx\/?s={search_term_string}"},"query-input":{"@type":"PropertyValueSpecification","valueRequired":true,"valueName":"search_term_string"}}],"inLanguage":"es"},{"@type":"Organization","@id":"https:\/\/expressometro.mx\/#organization","name":"Expresso Metropolitano","url":"https:\/\/expressometro.mx\/","logo":{"@type":"ImageObject","inLanguage":"es","@id":"https:\/\/expressometro.mx\/#\/schema\/logo\/image\/","url":"https:\/\/expressometro.mx\/wp-content\/uploads\/2019\/07\/cropped-Logo-Expresso-Metropolitano-1-1.jpeg","contentUrl":"https:\/\/expressometro.mx\/wp-content\/uploads\/2019\/07\/cropped-Logo-Expresso-Metropolitano-1-1.jpeg","width":290,"height":73,"caption":"Expresso Metropolitano"},"image":{"@id":"https:\/\/expressometro.mx\/#\/schema\/logo\/image\/"}},{"@type":"Person","@id":"https:\/\/expressometro.mx\/#\/schema\/person\/efa971b4a0664db8ed5c22b1b0dd2f5d","name":"Expresso Metropolitano","image":{"@type":"ImageObject","inLanguage":"es","@id":"https:\/\/secure.gravatar.com\/avatar\/a89f802b8de18c6952f223c88d3d106e9e3679839f4e25a02f4a6cc2ae6ba3b3?s=96&d=mm&r=g","url":"https:\/\/secure.gravatar.com\/avatar\/a89f802b8de18c6952f223c88d3d106e9e3679839f4e25a02f4a6cc2ae6ba3b3?s=96&d=mm&r=g","contentUrl":"https:\/\/secure.gravatar.com\/avatar\/a89f802b8de18c6952f223c88d3d106e9e3679839f4e25a02f4a6cc2ae6ba3b3?s=96&d=mm&r=g","caption":"Expresso Metropolitano"},"url":"https:\/\/expressometro.mx\/index.php\/author\/diego\/"}]}},"amp_enabled":true,"_links":{"self":[{"href":"https:\/\/expressometro.mx\/index.php\/wp-json\/wp\/v2\/posts\/9531","targetHints":{"allow":["GET"]}}],"collection":[{"href":"https:\/\/expressometro.mx\/index.php\/wp-json\/wp\/v2\/posts"}],"about":[{"href":"https:\/\/expressometro.mx\/index.php\/wp-json\/wp\/v2\/types\/post"}],"author":[{"embeddable":true,"href":"https:\/\/expressometro.mx\/index.php\/wp-json\/wp\/v2\/users\/1"}],"replies":[{"embeddable":true,"href":"https:\/\/expressometro.mx\/index.php\/wp-json\/wp\/v2\/comments?post=9531"}],"version-history":[{"count":1,"href":"https:\/\/expressometro.mx\/index.php\/wp-json\/wp\/v2\/posts\/9531\/revisions"}],"predecessor-version":[{"id":9534,"href":"https:\/\/expressometro.mx\/index.php\/wp-json\/wp\/v2\/posts\/9531\/revisions\/9534"}],"wp:featuredmedia":[{"embeddable":true,"href":"https:\/\/expressometro.mx\/index.php\/wp-json\/wp\/v2\/media\/9533"}],"wp:attachment":[{"href":"https:\/\/expressometro.mx\/index.php\/wp-json\/wp\/v2\/media?parent=9531"}],"wp:term":[{"taxonomy":"category","embeddable":true,"href":"https:\/\/expressometro.mx\/index.php\/wp-json\/wp\/v2\/categories?post=9531"},{"taxonomy":"post_tag","embeddable":true,"href":"https:\/\/expressometro.mx\/index.php\/wp-json\/wp\/v2\/tags?post=9531"}],"curies":[{"name":"wp","href":"https:\/\/api.w.org\/{rel}","templated":true}]}}