{"id":9526,"date":"2024-06-15T16:42:38","date_gmt":"2024-06-15T21:42:38","guid":{"rendered":"https:\/\/expressometro.mx\/?p=9526"},"modified":"2024-06-27T16:49:48","modified_gmt":"2024-06-27T21:49:48","slug":"agua-y-campo-son-de-atencion-fundamental","status":"publish","type":"post","link":"https:\/\/expressometro.mx\/index.php\/2024\/06\/15\/agua-y-campo-son-de-atencion-fundamental\/","title":{"rendered":"AGUA Y CAMPO SON DE ATENCI\u00d3N FUNDAMENTAL"},"content":{"rendered":"\n<p><\/p>\n\n\n\n<p>El gobierno municipal de Atlacomulco llev\u00f3 a cabo la D\u00e9cima Quinta Sesi\u00f3n Ordinaria del Consejo Directivo del Organismo P\u00fablico Descentralizado para la prestaci\u00f3n de los Servicios de Agua potable, Alcantarillado y Saneamiento.<\/p>\n\n\n\n<p>Tambi\u00e9n en coordinaci\u00f3n con el Gobierno del Estado, recibimos en el municipios a la Secretaria del CAMPO para entregar diversos apoyos a los productores de la regi\u00f3n.<\/p>\n\n\n\n<p>En torno a los adultos mayores se destac\u00f3 que son parte valiosa de nuestra sociedad y merecen respeto, dignidad y protecci\u00f3n, por ello se llev\u00f3 a cabo una Conferencia sobre el Maltrato al Adulto Mayor por parte del DIF Estado de M\u00e9xico con la finalidad de poder estar m\u00e1s alertas e identificar los signos y s\u00edntomas de que un adulto mayor est\u00e1 siendo maltratado y as\u00ed protegerlos del abuso psicol\u00f3gico y f\u00edsico.<\/p>\n\n\n\n<p>De igual forma se realiz\u00f3 el Campeonato Estatal ADEMEBA U18, por el muchas felicidades a los equipos que participaron y el mayor de los \u00e9xitos al primer lugar \u201cEchecas\u201d de Ecatepec quienes representar\u00e1n al Estado de M\u00e9xico en el Torneo Nacional que se llevar\u00e1 a cabo en Puebla.<\/p>\n","protected":false},"excerpt":{"rendered":"<p>El gobierno municipal de Atlacomulco llev\u00f3 a cabo la D\u00e9cima Quinta Sesi\u00f3n Ordinaria del Consejo Directivo del Organismo P\u00fablico Descentralizado para la prestaci\u00f3n de los Servicios de Agua potable, Alcantarillado y Saneamiento.<\/p>\n","protected":false},"author":1,"featured_media":9528,"comment_status":"open","ping_status":"open","sticky":false,"template":"","format":"standard","meta":{"footnotes":""},"categories":[3,1,231],"tags":[389,1982,86],"class_list":["post-9526","post","type-post","status-publish","format-standard","has-post-thumbnail","hentry","category-gobierno","category-otros","category-politica","tag-atlacomulco","tag-edomex","tag-gem"],"yoast_head":"<!-- This site is optimized with the Yoast SEO plugin v27.5 - https:\/\/yoast.com\/product\/yoast-seo-wordpress\/ -->\n<title>AGUA Y CAMPO SON DE ATENCI\u00d3N FUNDAMENTAL - Expresso Metropolitano<\/title>\n<meta name=\"robots\" content=\"index, follow, max-snippet:-1, max-image-preview:large, max-video-preview:-1\" \/>\n<link rel=\"canonical\" href=\"https:\/\/expressometro.mx\/index.php\/2024\/06\/15\/agua-y-campo-son-de-atencion-fundamental\/\" \/>\n<meta property=\"og:locale\" content=\"es_MX\" \/>\n<meta property=\"og:type\" content=\"article\" \/>\n<meta property=\"og:title\" content=\"AGUA Y CAMPO SON DE ATENCI\u00d3N FUNDAMENTAL - Expresso Metropolitano\" \/>\n<meta property=\"og:description\" content=\"El gobierno municipal de Atlacomulco llev\u00f3 a cabo la D\u00e9cima Quinta Sesi\u00f3n Ordinaria del Consejo Directivo del Organismo P\u00fablico Descentralizado para la prestaci\u00f3n de los Servicios de Agua potable, Alcantarillado y Saneamiento.\" \/>\n<meta property=\"og:url\" content=\"https:\/\/expressometro.mx\/index.php\/2024\/06\/15\/agua-y-campo-son-de-atencion-fundamental\/\" \/>\n<meta property=\"og:site_name\" content=\"Expresso Metropolitano\" \/>\n<meta property=\"article:published_time\" content=\"2024-06-15T21:42:38+00:00\" \/>\n<meta property=\"article:modified_time\" content=\"2024-06-27T21:49:48+00:00\" \/>\n<meta property=\"og:image\" content=\"http:\/\/expressometro.mx\/wp-content\/uploads\/2024\/06\/WhatsApp-Image-2024-06-27-at-1.34.00-PM.jpeg\" \/>\n\t<meta property=\"og:image:width\" content=\"1200\" \/>\n\t<meta property=\"og:image:height\" content=\"900\" \/>\n\t<meta property=\"og:image:type\" content=\"image\/jpeg\" \/>\n<meta name=\"author\" content=\"Expresso Metropolitano\" \/>\n<meta name=\"twitter:label1\" content=\"Escrito por\" \/>\n\t<meta name=\"twitter:data1\" content=\"Expresso Metropolitano\" \/>\n\t<meta name=\"twitter:label2\" content=\"Tiempo de lectura\" \/>\n\t<meta name=\"twitter:data2\" content=\"2 minutos\" \/>\n<script type=\"application\/ld+json\" class=\"yoast-schema-graph\">{\"@context\":\"https:\\\/\\\/schema.org\",\"@graph\":[{\"@type\":\"Article\",\"@id\":\"https:\\\/\\\/expressometro.mx\\\/index.php\\\/2024\\\/06\\\/15\\\/agua-y-campo-son-de-atencion-fundamental\\\/#article\",\"isPartOf\":{\"@id\":\"https:\\\/\\\/expressometro.mx\\\/index.php\\\/2024\\\/06\\\/15\\\/agua-y-campo-son-de-atencion-fundamental\\\/\"},\"author\":{\"name\":\"Expresso Metropolitano\",\"@id\":\"https:\\\/\\\/expressometro.mx\\\/#\\\/schema\\\/person\\\/efa971b4a0664db8ed5c22b1b0dd2f5d\"},\"headline\":\"AGUA Y CAMPO SON DE ATENCI\u00d3N FUNDAMENTAL\",\"datePublished\":\"2024-06-15T21:42:38+00:00\",\"dateModified\":\"2024-06-27T21:49:48+00:00\",\"mainEntityOfPage\":{\"@id\":\"https:\\\/\\\/expressometro.mx\\\/index.php\\\/2024\\\/06\\\/15\\\/agua-y-campo-son-de-atencion-fundamental\\\/\"},\"wordCount\":202,\"commentCount\":0,\"publisher\":{\"@id\":\"https:\\\/\\\/expressometro.mx\\\/#organization\"},\"image\":{\"@id\":\"https:\\\/\\\/expressometro.mx\\\/index.php\\\/2024\\\/06\\\/15\\\/agua-y-campo-son-de-atencion-fundamental\\\/#primaryimage\"},\"thumbnailUrl\":\"https:\\\/\\\/expressometro.mx\\\/wp-content\\\/uploads\\\/2024\\\/06\\\/WhatsApp-Image-2024-06-27-at-1.34.00-PM.jpeg\",\"keywords\":[\"Atlacomulco\",\"Edomex\",\"GEM\"],\"articleSection\":[\"Gobierno\",\"Otros\",\"Pol\u00edtica\"],\"inLanguage\":\"es\",\"potentialAction\":[{\"@type\":\"CommentAction\",\"name\":\"Comment\",\"target\":[\"https:\\\/\\\/expressometro.mx\\\/index.php\\\/2024\\\/06\\\/15\\\/agua-y-campo-son-de-atencion-fundamental\\\/#respond\"]}]},{\"@type\":\"WebPage\",\"@id\":\"https:\\\/\\\/expressometro.mx\\\/index.php\\\/2024\\\/06\\\/15\\\/agua-y-campo-son-de-atencion-fundamental\\\/\",\"url\":\"https:\\\/\\\/expressometro.mx\\\/index.php\\\/2024\\\/06\\\/15\\\/agua-y-campo-son-de-atencion-fundamental\\\/\",\"name\":\"AGUA Y CAMPO SON DE ATENCI\u00d3N FUNDAMENTAL - Expresso Metropolitano\",\"isPartOf\":{\"@id\":\"https:\\\/\\\/expressometro.mx\\\/#website\"},\"primaryImageOfPage\":{\"@id\":\"https:\\\/\\\/expressometro.mx\\\/index.php\\\/2024\\\/06\\\/15\\\/agua-y-campo-son-de-atencion-fundamental\\\/#primaryimage\"},\"image\":{\"@id\":\"https:\\\/\\\/expressometro.mx\\\/index.php\\\/2024\\\/06\\\/15\\\/agua-y-campo-son-de-atencion-fundamental\\\/#primaryimage\"},\"thumbnailUrl\":\"https:\\\/\\\/expressometro.mx\\\/wp-content\\\/uploads\\\/2024\\\/06\\\/WhatsApp-Image-2024-06-27-at-1.34.00-PM.jpeg\",\"datePublished\":\"2024-06-15T21:42:38+00:00\",\"dateModified\":\"2024-06-27T21:49:48+00:00\",\"breadcrumb\":{\"@id\":\"https:\\\/\\\/expressometro.mx\\\/index.php\\\/2024\\\/06\\\/15\\\/agua-y-campo-son-de-atencion-fundamental\\\/#breadcrumb\"},\"inLanguage\":\"es\",\"potentialAction\":[{\"@type\":\"ReadAction\",\"target\":[\"https:\\\/\\\/expressometro.mx\\\/index.php\\\/2024\\\/06\\\/15\\\/agua-y-campo-son-de-atencion-fundamental\\\/\"]}]},{\"@type\":\"ImageObject\",\"inLanguage\":\"es\",\"@id\":\"https:\\\/\\\/expressometro.mx\\\/index.php\\\/2024\\\/06\\\/15\\\/agua-y-campo-son-de-atencion-fundamental\\\/#primaryimage\",\"url\":\"https:\\\/\\\/expressometro.mx\\\/wp-content\\\/uploads\\\/2024\\\/06\\\/WhatsApp-Image-2024-06-27-at-1.34.00-PM.jpeg\",\"contentUrl\":\"https:\\\/\\\/expressometro.mx\\\/wp-content\\\/uploads\\\/2024\\\/06\\\/WhatsApp-Image-2024-06-27-at-1.34.00-PM.jpeg\",\"width\":1200,\"height\":900},{\"@type\":\"BreadcrumbList\",\"@id\":\"https:\\\/\\\/expressometro.mx\\\/index.php\\\/2024\\\/06\\\/15\\\/agua-y-campo-son-de-atencion-fundamental\\\/#breadcrumb\",\"itemListElement\":[{\"@type\":\"ListItem\",\"position\":1,\"name\":\"Inicio\",\"item\":\"https:\\\/\\\/expressometro.mx\\\/\"},{\"@type\":\"ListItem\",\"position\":2,\"name\":\"AGUA Y CAMPO SON DE ATENCI\u00d3N FUNDAMENTAL\"}]},{\"@type\":\"WebSite\",\"@id\":\"https:\\\/\\\/expressometro.mx\\\/#website\",\"url\":\"https:\\\/\\\/expressometro.mx\\\/\",\"name\":\"Expresso Metropolitano\",\"description\":\"Periodismo comprometido, informaci\u00f3n, investigaci\u00f3n y an\u00e1lisis\",\"publisher\":{\"@id\":\"https:\\\/\\\/expressometro.mx\\\/#organization\"},\"potentialAction\":[{\"@type\":\"SearchAction\",\"target\":{\"@type\":\"EntryPoint\",\"urlTemplate\":\"https:\\\/\\\/expressometro.mx\\\/?s={search_term_string}\"},\"query-input\":{\"@type\":\"PropertyValueSpecification\",\"valueRequired\":true,\"valueName\":\"search_term_string\"}}],\"inLanguage\":\"es\"},{\"@type\":\"Organization\",\"@id\":\"https:\\\/\\\/expressometro.mx\\\/#organization\",\"name\":\"Expresso Metropolitano\",\"url\":\"https:\\\/\\\/expressometro.mx\\\/\",\"logo\":{\"@type\":\"ImageObject\",\"inLanguage\":\"es\",\"@id\":\"https:\\\/\\\/expressometro.mx\\\/#\\\/schema\\\/logo\\\/image\\\/\",\"url\":\"https:\\\/\\\/expressometro.mx\\\/wp-content\\\/uploads\\\/2019\\\/07\\\/cropped-Logo-Expresso-Metropolitano-1-1.jpeg\",\"contentUrl\":\"https:\\\/\\\/expressometro.mx\\\/wp-content\\\/uploads\\\/2019\\\/07\\\/cropped-Logo-Expresso-Metropolitano-1-1.jpeg\",\"width\":290,\"height\":73,\"caption\":\"Expresso Metropolitano\"},\"image\":{\"@id\":\"https:\\\/\\\/expressometro.mx\\\/#\\\/schema\\\/logo\\\/image\\\/\"}},{\"@type\":\"Person\",\"@id\":\"https:\\\/\\\/expressometro.mx\\\/#\\\/schema\\\/person\\\/efa971b4a0664db8ed5c22b1b0dd2f5d\",\"name\":\"Expresso Metropolitano\",\"image\":{\"@type\":\"ImageObject\",\"inLanguage\":\"es\",\"@id\":\"https:\\\/\\\/secure.gravatar.com\\\/avatar\\\/a89f802b8de18c6952f223c88d3d106e9e3679839f4e25a02f4a6cc2ae6ba3b3?s=96&d=mm&r=g\",\"url\":\"https:\\\/\\\/secure.gravatar.com\\\/avatar\\\/a89f802b8de18c6952f223c88d3d106e9e3679839f4e25a02f4a6cc2ae6ba3b3?s=96&d=mm&r=g\",\"contentUrl\":\"https:\\\/\\\/secure.gravatar.com\\\/avatar\\\/a89f802b8de18c6952f223c88d3d106e9e3679839f4e25a02f4a6cc2ae6ba3b3?s=96&d=mm&r=g\",\"caption\":\"Expresso Metropolitano\"},\"url\":\"https:\\\/\\\/expressometro.mx\\\/index.php\\\/author\\\/diego\\\/\"}]}<\/script>\n<!-- \/ Yoast SEO plugin. -->","yoast_head_json":{"title":"AGUA Y CAMPO SON DE ATENCI\u00d3N FUNDAMENTAL - Expresso Metropolitano","robots":{"index":"index","follow":"follow","max-snippet":"max-snippet:-1","max-image-preview":"max-image-preview:large","max-video-preview":"max-video-preview:-1"},"canonical":"https:\/\/expressometro.mx\/index.php\/2024\/06\/15\/agua-y-campo-son-de-atencion-fundamental\/","og_locale":"es_MX","og_type":"article","og_title":"AGUA Y CAMPO SON DE ATENCI\u00d3N FUNDAMENTAL - Expresso Metropolitano","og_description":"El gobierno municipal de Atlacomulco llev\u00f3 a cabo la D\u00e9cima Quinta Sesi\u00f3n Ordinaria del Consejo Directivo del Organismo P\u00fablico Descentralizado para la prestaci\u00f3n de los Servicios de Agua potable, Alcantarillado y Saneamiento.","og_url":"https:\/\/expressometro.mx\/index.php\/2024\/06\/15\/agua-y-campo-son-de-atencion-fundamental\/","og_site_name":"Expresso Metropolitano","article_published_time":"2024-06-15T21:42:38+00:00","article_modified_time":"2024-06-27T21:49:48+00:00","og_image":[{"width":1200,"height":900,"url":"http:\/\/expressometro.mx\/wp-content\/uploads\/2024\/06\/WhatsApp-Image-2024-06-27-at-1.34.00-PM.jpeg","type":"image\/jpeg"}],"author":"Expresso Metropolitano","twitter_misc":{"Escrito por":"Expresso Metropolitano","Tiempo de lectura":"2 minutos"},"schema":{"@context":"https:\/\/schema.org","@graph":[{"@type":"Article","@id":"https:\/\/expressometro.mx\/index.php\/2024\/06\/15\/agua-y-campo-son-de-atencion-fundamental\/#article","isPartOf":{"@id":"https:\/\/expressometro.mx\/index.php\/2024\/06\/15\/agua-y-campo-son-de-atencion-fundamental\/"},"author":{"name":"Expresso Metropolitano","@id":"https:\/\/expressometro.mx\/#\/schema\/person\/efa971b4a0664db8ed5c22b1b0dd2f5d"},"headline":"AGUA Y CAMPO SON DE ATENCI\u00d3N FUNDAMENTAL","datePublished":"2024-06-15T21:42:38+00:00","dateModified":"2024-06-27T21:49:48+00:00","mainEntityOfPage":{"@id":"https:\/\/expressometro.mx\/index.php\/2024\/06\/15\/agua-y-campo-son-de-atencion-fundamental\/"},"wordCount":202,"commentCount":0,"publisher":{"@id":"https:\/\/expressometro.mx\/#organization"},"image":{"@id":"https:\/\/expressometro.mx\/index.php\/2024\/06\/15\/agua-y-campo-son-de-atencion-fundamental\/#primaryimage"},"thumbnailUrl":"https:\/\/expressometro.mx\/wp-content\/uploads\/2024\/06\/WhatsApp-Image-2024-06-27-at-1.34.00-PM.jpeg","keywords":["Atlacomulco","Edomex","GEM"],"articleSection":["Gobierno","Otros","Pol\u00edtica"],"inLanguage":"es","potentialAction":[{"@type":"CommentAction","name":"Comment","target":["https:\/\/expressometro.mx\/index.php\/2024\/06\/15\/agua-y-campo-son-de-atencion-fundamental\/#respond"]}]},{"@type":"WebPage","@id":"https:\/\/expressometro.mx\/index.php\/2024\/06\/15\/agua-y-campo-son-de-atencion-fundamental\/","url":"https:\/\/expressometro.mx\/index.php\/2024\/06\/15\/agua-y-campo-son-de-atencion-fundamental\/","name":"AGUA Y CAMPO SON DE ATENCI\u00d3N FUNDAMENTAL - Expresso Metropolitano","isPartOf":{"@id":"https:\/\/expressometro.mx\/#website"},"primaryImageOfPage":{"@id":"https:\/\/expressometro.mx\/index.php\/2024\/06\/15\/agua-y-campo-son-de-atencion-fundamental\/#primaryimage"},"image":{"@id":"https:\/\/expressometro.mx\/index.php\/2024\/06\/15\/agua-y-campo-son-de-atencion-fundamental\/#primaryimage"},"thumbnailUrl":"https:\/\/expressometro.mx\/wp-content\/uploads\/2024\/06\/WhatsApp-Image-2024-06-27-at-1.34.00-PM.jpeg","datePublished":"2024-06-15T21:42:38+00:00","dateModified":"2024-06-27T21:49:48+00:00","breadcrumb":{"@id":"https:\/\/expressometro.mx\/index.php\/2024\/06\/15\/agua-y-campo-son-de-atencion-fundamental\/#breadcrumb"},"inLanguage":"es","potentialAction":[{"@type":"ReadAction","target":["https:\/\/expressometro.mx\/index.php\/2024\/06\/15\/agua-y-campo-son-de-atencion-fundamental\/"]}]},{"@type":"ImageObject","inLanguage":"es","@id":"https:\/\/expressometro.mx\/index.php\/2024\/06\/15\/agua-y-campo-son-de-atencion-fundamental\/#primaryimage","url":"https:\/\/expressometro.mx\/wp-content\/uploads\/2024\/06\/WhatsApp-Image-2024-06-27-at-1.34.00-PM.jpeg","contentUrl":"https:\/\/expressometro.mx\/wp-content\/uploads\/2024\/06\/WhatsApp-Image-2024-06-27-at-1.34.00-PM.jpeg","width":1200,"height":900},{"@type":"BreadcrumbList","@id":"https:\/\/expressometro.mx\/index.php\/2024\/06\/15\/agua-y-campo-son-de-atencion-fundamental\/#breadcrumb","itemListElement":[{"@type":"ListItem","position":1,"name":"Inicio","item":"https:\/\/expressometro.mx\/"},{"@type":"ListItem","position":2,"name":"AGUA Y CAMPO SON DE ATENCI\u00d3N FUNDAMENTAL"}]},{"@type":"WebSite","@id":"https:\/\/expressometro.mx\/#website","url":"https:\/\/expressometro.mx\/","name":"Expresso Metropolitano","description":"Periodismo comprometido, informaci\u00f3n, investigaci\u00f3n y an\u00e1lisis","publisher":{"@id":"https:\/\/expressometro.mx\/#organization"},"potentialAction":[{"@type":"SearchAction","target":{"@type":"EntryPoint","urlTemplate":"https:\/\/expressometro.mx\/?s={search_term_string}"},"query-input":{"@type":"PropertyValueSpecification","valueRequired":true,"valueName":"search_term_string"}}],"inLanguage":"es"},{"@type":"Organization","@id":"https:\/\/expressometro.mx\/#organization","name":"Expresso Metropolitano","url":"https:\/\/expressometro.mx\/","logo":{"@type":"ImageObject","inLanguage":"es","@id":"https:\/\/expressometro.mx\/#\/schema\/logo\/image\/","url":"https:\/\/expressometro.mx\/wp-content\/uploads\/2019\/07\/cropped-Logo-Expresso-Metropolitano-1-1.jpeg","contentUrl":"https:\/\/expressometro.mx\/wp-content\/uploads\/2019\/07\/cropped-Logo-Expresso-Metropolitano-1-1.jpeg","width":290,"height":73,"caption":"Expresso Metropolitano"},"image":{"@id":"https:\/\/expressometro.mx\/#\/schema\/logo\/image\/"}},{"@type":"Person","@id":"https:\/\/expressometro.mx\/#\/schema\/person\/efa971b4a0664db8ed5c22b1b0dd2f5d","name":"Expresso Metropolitano","image":{"@type":"ImageObject","inLanguage":"es","@id":"https:\/\/secure.gravatar.com\/avatar\/a89f802b8de18c6952f223c88d3d106e9e3679839f4e25a02f4a6cc2ae6ba3b3?s=96&d=mm&r=g","url":"https:\/\/secure.gravatar.com\/avatar\/a89f802b8de18c6952f223c88d3d106e9e3679839f4e25a02f4a6cc2ae6ba3b3?s=96&d=mm&r=g","contentUrl":"https:\/\/secure.gravatar.com\/avatar\/a89f802b8de18c6952f223c88d3d106e9e3679839f4e25a02f4a6cc2ae6ba3b3?s=96&d=mm&r=g","caption":"Expresso Metropolitano"},"url":"https:\/\/expressometro.mx\/index.php\/author\/diego\/"}]}},"amp_enabled":true,"_links":{"self":[{"href":"https:\/\/expressometro.mx\/index.php\/wp-json\/wp\/v2\/posts\/9526","targetHints":{"allow":["GET"]}}],"collection":[{"href":"https:\/\/expressometro.mx\/index.php\/wp-json\/wp\/v2\/posts"}],"about":[{"href":"https:\/\/expressometro.mx\/index.php\/wp-json\/wp\/v2\/types\/post"}],"author":[{"embeddable":true,"href":"https:\/\/expressometro.mx\/index.php\/wp-json\/wp\/v2\/users\/1"}],"replies":[{"embeddable":true,"href":"https:\/\/expressometro.mx\/index.php\/wp-json\/wp\/v2\/comments?post=9526"}],"version-history":[{"count":1,"href":"https:\/\/expressometro.mx\/index.php\/wp-json\/wp\/v2\/posts\/9526\/revisions"}],"predecessor-version":[{"id":9529,"href":"https:\/\/expressometro.mx\/index.php\/wp-json\/wp\/v2\/posts\/9526\/revisions\/9529"}],"wp:featuredmedia":[{"embeddable":true,"href":"https:\/\/expressometro.mx\/index.php\/wp-json\/wp\/v2\/media\/9528"}],"wp:attachment":[{"href":"https:\/\/expressometro.mx\/index.php\/wp-json\/wp\/v2\/media?parent=9526"}],"wp:term":[{"taxonomy":"category","embeddable":true,"href":"https:\/\/expressometro.mx\/index.php\/wp-json\/wp\/v2\/categories?post=9526"},{"taxonomy":"post_tag","embeddable":true,"href":"https:\/\/expressometro.mx\/index.php\/wp-json\/wp\/v2\/tags?post=9526"}],"curies":[{"name":"wp","href":"https:\/\/api.w.org\/{rel}","templated":true}]}}