{"id":9521,"date":"2024-06-10T16:40:07","date_gmt":"2024-06-10T21:40:07","guid":{"rendered":"https:\/\/expressometro.mx\/?p=9521"},"modified":"2024-06-27T16:41:55","modified_gmt":"2024-06-27T21:41:55","slug":"hay-compromiso-por-el-bienestar-de-atlacomulco","status":"publish","type":"post","link":"https:\/\/expressometro.mx\/index.php\/2024\/06\/10\/hay-compromiso-por-el-bienestar-de-atlacomulco\/","title":{"rendered":"HAY COMPROMISO POR EL BIENESTAR DE ATLACOMULCO"},"content":{"rendered":"\n<p><\/p>\n\n\n\n<p>El ayuntamiento de Atlacomulco est\u00e1 comprometido con el bienestar de la comunidad. En ese sentido se llev\u00f3 a cabo la Feria Interinstitucional de la Salud Mental para la Prevenci\u00f3n del Suicidio en la Alameda Central, ofreciendo diferentes servicios donde se exploraron los temas y desaf\u00edos relacionados con la salud mental en nuestra sociedad actual.<\/p>\n\n\n\n<p>Adem\u00e1s se realiz\u00f3 la Sesi\u00f3n de Cabildo correspondiente a esta semana, seguimos trabajando en una agenda en beneficio de nuestro municipio. Esta ma\u00f1ana acudimos a la ceremonia conmemorativa del LXXX Aniversario de la Fundaci\u00f3n de la Esc. Sec. Fed. \u201cLic. Isidro Fabela\u201d, emblem\u00e1tica instituci\u00f3n, siendo la primer escuela secundaria del municipio, que en su fundaci\u00f3n fue \u00fanica en su tipo en la regi\u00f3n y en el Estado de M\u00e9xico, la n\u00famero 26 de toda la Rep\u00fablica Mexicana.<\/p>\n\n\n\n<p>Felicitamos a todo el personal que con orgullo y vocaci\u00f3n de servicio ha transitado en esta instituci\u00f3n a lo largo de todos estos a\u00f1os. 200 A\u00f1os del Municipio de Atlacomulco.<\/p>\n\n\n\n<p>El pasado 5 de junio nos unimos para reflexionar sobre la importancia de proteger nuestro planeta. En el marco de esta celebraci\u00f3n, se llev\u00f3 a cabo una exposici\u00f3n de proyectos para la conservaci\u00f3n del medio ambiente por parte de alumnos de la Escuela Preparatoria del Plantel \u201cIsidro Fabela Alfaro\u201d, as\u00ed como la donaci\u00f3n de arboles para ser ubicados en distintas partes de nuestro municipio; cada peque\u00f1a acci\u00f3n cuenta. Podemos hacer la diferencia para un planeta m\u00e1s verde y sostenible.<\/p>\n","protected":false},"excerpt":{"rendered":"<p>El ayuntamiento de Atlacomulco est\u00e1 comprometido con el bienestar de la comunidad. En ese sentido se llev\u00f3 a cabo la Feria Interinstitucional de la Salud Mental para la Prevenci\u00f3n del Suicidio en la Alameda Central, ofreciendo diferentes servicios donde se exploraron los temas y desaf\u00edos relacionados con la salud mental en nuestra sociedad actual.<\/p>\n","protected":false},"author":1,"featured_media":9523,"comment_status":"open","ping_status":"open","sticky":false,"template":"","format":"standard","meta":{"footnotes":""},"categories":[3,1,231],"tags":[389,1982,86],"class_list":["post-9521","post","type-post","status-publish","format-standard","has-post-thumbnail","hentry","category-gobierno","category-otros","category-politica","tag-atlacomulco","tag-edomex","tag-gem"],"yoast_head":"<!-- This site is optimized with the Yoast SEO plugin v27.4 - https:\/\/yoast.com\/product\/yoast-seo-wordpress\/ -->\n<title>HAY COMPROMISO POR EL BIENESTAR DE ATLACOMULCO - Expresso Metropolitano<\/title>\n<meta name=\"robots\" content=\"index, follow, max-snippet:-1, max-image-preview:large, max-video-preview:-1\" \/>\n<link rel=\"canonical\" href=\"https:\/\/expressometro.mx\/index.php\/2024\/06\/10\/hay-compromiso-por-el-bienestar-de-atlacomulco\/\" \/>\n<meta property=\"og:locale\" content=\"es_MX\" \/>\n<meta property=\"og:type\" content=\"article\" \/>\n<meta property=\"og:title\" content=\"HAY COMPROMISO POR EL BIENESTAR DE ATLACOMULCO - Expresso Metropolitano\" \/>\n<meta property=\"og:description\" content=\"El ayuntamiento de Atlacomulco est\u00e1 comprometido con el bienestar de la comunidad. En ese sentido se llev\u00f3 a cabo la Feria Interinstitucional de la Salud Mental para la Prevenci\u00f3n del Suicidio en la Alameda Central, ofreciendo diferentes servicios donde se exploraron los temas y desaf\u00edos relacionados con la salud mental en nuestra sociedad actual.\" \/>\n<meta property=\"og:url\" content=\"https:\/\/expressometro.mx\/index.php\/2024\/06\/10\/hay-compromiso-por-el-bienestar-de-atlacomulco\/\" \/>\n<meta property=\"og:site_name\" content=\"Expresso Metropolitano\" \/>\n<meta property=\"article:published_time\" content=\"2024-06-10T21:40:07+00:00\" \/>\n<meta property=\"article:modified_time\" content=\"2024-06-27T21:41:55+00:00\" \/>\n<meta property=\"og:image\" content=\"http:\/\/expressometro.mx\/wp-content\/uploads\/2024\/06\/WhatsApp-Image-2024-06-27-at-1.28.27-PM.jpeg\" \/>\n\t<meta property=\"og:image:width\" content=\"1200\" \/>\n\t<meta property=\"og:image:height\" content=\"607\" \/>\n\t<meta property=\"og:image:type\" content=\"image\/jpeg\" \/>\n<meta name=\"author\" content=\"Expresso Metropolitano\" \/>\n<meta name=\"twitter:label1\" content=\"Escrito por\" \/>\n\t<meta name=\"twitter:data1\" content=\"Expresso Metropolitano\" \/>\n\t<meta name=\"twitter:label2\" content=\"Tiempo de lectura\" \/>\n\t<meta name=\"twitter:data2\" content=\"2 minutos\" \/>\n<script type=\"application\/ld+json\" class=\"yoast-schema-graph\">{\"@context\":\"https:\\\/\\\/schema.org\",\"@graph\":[{\"@type\":\"Article\",\"@id\":\"https:\\\/\\\/expressometro.mx\\\/index.php\\\/2024\\\/06\\\/10\\\/hay-compromiso-por-el-bienestar-de-atlacomulco\\\/#article\",\"isPartOf\":{\"@id\":\"https:\\\/\\\/expressometro.mx\\\/index.php\\\/2024\\\/06\\\/10\\\/hay-compromiso-por-el-bienestar-de-atlacomulco\\\/\"},\"author\":{\"name\":\"Expresso Metropolitano\",\"@id\":\"https:\\\/\\\/expressometro.mx\\\/#\\\/schema\\\/person\\\/efa971b4a0664db8ed5c22b1b0dd2f5d\"},\"headline\":\"HAY COMPROMISO POR EL BIENESTAR DE ATLACOMULCO\",\"datePublished\":\"2024-06-10T21:40:07+00:00\",\"dateModified\":\"2024-06-27T21:41:55+00:00\",\"mainEntityOfPage\":{\"@id\":\"https:\\\/\\\/expressometro.mx\\\/index.php\\\/2024\\\/06\\\/10\\\/hay-compromiso-por-el-bienestar-de-atlacomulco\\\/\"},\"wordCount\":268,\"commentCount\":0,\"publisher\":{\"@id\":\"https:\\\/\\\/expressometro.mx\\\/#organization\"},\"image\":{\"@id\":\"https:\\\/\\\/expressometro.mx\\\/index.php\\\/2024\\\/06\\\/10\\\/hay-compromiso-por-el-bienestar-de-atlacomulco\\\/#primaryimage\"},\"thumbnailUrl\":\"https:\\\/\\\/expressometro.mx\\\/wp-content\\\/uploads\\\/2024\\\/06\\\/WhatsApp-Image-2024-06-27-at-1.28.27-PM.jpeg\",\"keywords\":[\"Atlacomulco\",\"Edomex\",\"GEM\"],\"articleSection\":[\"Gobierno\",\"Otros\",\"Pol\u00edtica\"],\"inLanguage\":\"es\",\"potentialAction\":[{\"@type\":\"CommentAction\",\"name\":\"Comment\",\"target\":[\"https:\\\/\\\/expressometro.mx\\\/index.php\\\/2024\\\/06\\\/10\\\/hay-compromiso-por-el-bienestar-de-atlacomulco\\\/#respond\"]}]},{\"@type\":\"WebPage\",\"@id\":\"https:\\\/\\\/expressometro.mx\\\/index.php\\\/2024\\\/06\\\/10\\\/hay-compromiso-por-el-bienestar-de-atlacomulco\\\/\",\"url\":\"https:\\\/\\\/expressometro.mx\\\/index.php\\\/2024\\\/06\\\/10\\\/hay-compromiso-por-el-bienestar-de-atlacomulco\\\/\",\"name\":\"HAY COMPROMISO POR EL BIENESTAR DE ATLACOMULCO - Expresso Metropolitano\",\"isPartOf\":{\"@id\":\"https:\\\/\\\/expressometro.mx\\\/#website\"},\"primaryImageOfPage\":{\"@id\":\"https:\\\/\\\/expressometro.mx\\\/index.php\\\/2024\\\/06\\\/10\\\/hay-compromiso-por-el-bienestar-de-atlacomulco\\\/#primaryimage\"},\"image\":{\"@id\":\"https:\\\/\\\/expressometro.mx\\\/index.php\\\/2024\\\/06\\\/10\\\/hay-compromiso-por-el-bienestar-de-atlacomulco\\\/#primaryimage\"},\"thumbnailUrl\":\"https:\\\/\\\/expressometro.mx\\\/wp-content\\\/uploads\\\/2024\\\/06\\\/WhatsApp-Image-2024-06-27-at-1.28.27-PM.jpeg\",\"datePublished\":\"2024-06-10T21:40:07+00:00\",\"dateModified\":\"2024-06-27T21:41:55+00:00\",\"breadcrumb\":{\"@id\":\"https:\\\/\\\/expressometro.mx\\\/index.php\\\/2024\\\/06\\\/10\\\/hay-compromiso-por-el-bienestar-de-atlacomulco\\\/#breadcrumb\"},\"inLanguage\":\"es\",\"potentialAction\":[{\"@type\":\"ReadAction\",\"target\":[\"https:\\\/\\\/expressometro.mx\\\/index.php\\\/2024\\\/06\\\/10\\\/hay-compromiso-por-el-bienestar-de-atlacomulco\\\/\"]}]},{\"@type\":\"ImageObject\",\"inLanguage\":\"es\",\"@id\":\"https:\\\/\\\/expressometro.mx\\\/index.php\\\/2024\\\/06\\\/10\\\/hay-compromiso-por-el-bienestar-de-atlacomulco\\\/#primaryimage\",\"url\":\"https:\\\/\\\/expressometro.mx\\\/wp-content\\\/uploads\\\/2024\\\/06\\\/WhatsApp-Image-2024-06-27-at-1.28.27-PM.jpeg\",\"contentUrl\":\"https:\\\/\\\/expressometro.mx\\\/wp-content\\\/uploads\\\/2024\\\/06\\\/WhatsApp-Image-2024-06-27-at-1.28.27-PM.jpeg\",\"width\":1200,\"height\":607},{\"@type\":\"BreadcrumbList\",\"@id\":\"https:\\\/\\\/expressometro.mx\\\/index.php\\\/2024\\\/06\\\/10\\\/hay-compromiso-por-el-bienestar-de-atlacomulco\\\/#breadcrumb\",\"itemListElement\":[{\"@type\":\"ListItem\",\"position\":1,\"name\":\"Inicio\",\"item\":\"https:\\\/\\\/expressometro.mx\\\/\"},{\"@type\":\"ListItem\",\"position\":2,\"name\":\"HAY COMPROMISO POR EL BIENESTAR DE ATLACOMULCO\"}]},{\"@type\":\"WebSite\",\"@id\":\"https:\\\/\\\/expressometro.mx\\\/#website\",\"url\":\"https:\\\/\\\/expressometro.mx\\\/\",\"name\":\"Expresso Metropolitano\",\"description\":\"Periodismo comprometido, informaci\u00f3n, investigaci\u00f3n y an\u00e1lisis\",\"publisher\":{\"@id\":\"https:\\\/\\\/expressometro.mx\\\/#organization\"},\"potentialAction\":[{\"@type\":\"SearchAction\",\"target\":{\"@type\":\"EntryPoint\",\"urlTemplate\":\"https:\\\/\\\/expressometro.mx\\\/?s={search_term_string}\"},\"query-input\":{\"@type\":\"PropertyValueSpecification\",\"valueRequired\":true,\"valueName\":\"search_term_string\"}}],\"inLanguage\":\"es\"},{\"@type\":\"Organization\",\"@id\":\"https:\\\/\\\/expressometro.mx\\\/#organization\",\"name\":\"Expresso Metropolitano\",\"url\":\"https:\\\/\\\/expressometro.mx\\\/\",\"logo\":{\"@type\":\"ImageObject\",\"inLanguage\":\"es\",\"@id\":\"https:\\\/\\\/expressometro.mx\\\/#\\\/schema\\\/logo\\\/image\\\/\",\"url\":\"https:\\\/\\\/expressometro.mx\\\/wp-content\\\/uploads\\\/2019\\\/07\\\/cropped-Logo-Expresso-Metropolitano-1-1.jpeg\",\"contentUrl\":\"https:\\\/\\\/expressometro.mx\\\/wp-content\\\/uploads\\\/2019\\\/07\\\/cropped-Logo-Expresso-Metropolitano-1-1.jpeg\",\"width\":290,\"height\":73,\"caption\":\"Expresso Metropolitano\"},\"image\":{\"@id\":\"https:\\\/\\\/expressometro.mx\\\/#\\\/schema\\\/logo\\\/image\\\/\"}},{\"@type\":\"Person\",\"@id\":\"https:\\\/\\\/expressometro.mx\\\/#\\\/schema\\\/person\\\/efa971b4a0664db8ed5c22b1b0dd2f5d\",\"name\":\"Expresso Metropolitano\",\"image\":{\"@type\":\"ImageObject\",\"inLanguage\":\"es\",\"@id\":\"https:\\\/\\\/secure.gravatar.com\\\/avatar\\\/a89f802b8de18c6952f223c88d3d106e9e3679839f4e25a02f4a6cc2ae6ba3b3?s=96&d=mm&r=g\",\"url\":\"https:\\\/\\\/secure.gravatar.com\\\/avatar\\\/a89f802b8de18c6952f223c88d3d106e9e3679839f4e25a02f4a6cc2ae6ba3b3?s=96&d=mm&r=g\",\"contentUrl\":\"https:\\\/\\\/secure.gravatar.com\\\/avatar\\\/a89f802b8de18c6952f223c88d3d106e9e3679839f4e25a02f4a6cc2ae6ba3b3?s=96&d=mm&r=g\",\"caption\":\"Expresso Metropolitano\"},\"url\":\"https:\\\/\\\/expressometro.mx\\\/index.php\\\/author\\\/diego\\\/\"}]}<\/script>\n<!-- \/ Yoast SEO plugin. -->","yoast_head_json":{"title":"HAY COMPROMISO POR EL BIENESTAR DE ATLACOMULCO - Expresso Metropolitano","robots":{"index":"index","follow":"follow","max-snippet":"max-snippet:-1","max-image-preview":"max-image-preview:large","max-video-preview":"max-video-preview:-1"},"canonical":"https:\/\/expressometro.mx\/index.php\/2024\/06\/10\/hay-compromiso-por-el-bienestar-de-atlacomulco\/","og_locale":"es_MX","og_type":"article","og_title":"HAY COMPROMISO POR EL BIENESTAR DE ATLACOMULCO - Expresso Metropolitano","og_description":"El ayuntamiento de Atlacomulco est\u00e1 comprometido con el bienestar de la comunidad. En ese sentido se llev\u00f3 a cabo la Feria Interinstitucional de la Salud Mental para la Prevenci\u00f3n del Suicidio en la Alameda Central, ofreciendo diferentes servicios donde se exploraron los temas y desaf\u00edos relacionados con la salud mental en nuestra sociedad actual.","og_url":"https:\/\/expressometro.mx\/index.php\/2024\/06\/10\/hay-compromiso-por-el-bienestar-de-atlacomulco\/","og_site_name":"Expresso Metropolitano","article_published_time":"2024-06-10T21:40:07+00:00","article_modified_time":"2024-06-27T21:41:55+00:00","og_image":[{"width":1200,"height":607,"url":"http:\/\/expressometro.mx\/wp-content\/uploads\/2024\/06\/WhatsApp-Image-2024-06-27-at-1.28.27-PM.jpeg","type":"image\/jpeg"}],"author":"Expresso Metropolitano","twitter_misc":{"Escrito por":"Expresso Metropolitano","Tiempo de lectura":"2 minutos"},"schema":{"@context":"https:\/\/schema.org","@graph":[{"@type":"Article","@id":"https:\/\/expressometro.mx\/index.php\/2024\/06\/10\/hay-compromiso-por-el-bienestar-de-atlacomulco\/#article","isPartOf":{"@id":"https:\/\/expressometro.mx\/index.php\/2024\/06\/10\/hay-compromiso-por-el-bienestar-de-atlacomulco\/"},"author":{"name":"Expresso Metropolitano","@id":"https:\/\/expressometro.mx\/#\/schema\/person\/efa971b4a0664db8ed5c22b1b0dd2f5d"},"headline":"HAY COMPROMISO POR EL BIENESTAR DE ATLACOMULCO","datePublished":"2024-06-10T21:40:07+00:00","dateModified":"2024-06-27T21:41:55+00:00","mainEntityOfPage":{"@id":"https:\/\/expressometro.mx\/index.php\/2024\/06\/10\/hay-compromiso-por-el-bienestar-de-atlacomulco\/"},"wordCount":268,"commentCount":0,"publisher":{"@id":"https:\/\/expressometro.mx\/#organization"},"image":{"@id":"https:\/\/expressometro.mx\/index.php\/2024\/06\/10\/hay-compromiso-por-el-bienestar-de-atlacomulco\/#primaryimage"},"thumbnailUrl":"https:\/\/expressometro.mx\/wp-content\/uploads\/2024\/06\/WhatsApp-Image-2024-06-27-at-1.28.27-PM.jpeg","keywords":["Atlacomulco","Edomex","GEM"],"articleSection":["Gobierno","Otros","Pol\u00edtica"],"inLanguage":"es","potentialAction":[{"@type":"CommentAction","name":"Comment","target":["https:\/\/expressometro.mx\/index.php\/2024\/06\/10\/hay-compromiso-por-el-bienestar-de-atlacomulco\/#respond"]}]},{"@type":"WebPage","@id":"https:\/\/expressometro.mx\/index.php\/2024\/06\/10\/hay-compromiso-por-el-bienestar-de-atlacomulco\/","url":"https:\/\/expressometro.mx\/index.php\/2024\/06\/10\/hay-compromiso-por-el-bienestar-de-atlacomulco\/","name":"HAY COMPROMISO POR EL BIENESTAR DE ATLACOMULCO - Expresso Metropolitano","isPartOf":{"@id":"https:\/\/expressometro.mx\/#website"},"primaryImageOfPage":{"@id":"https:\/\/expressometro.mx\/index.php\/2024\/06\/10\/hay-compromiso-por-el-bienestar-de-atlacomulco\/#primaryimage"},"image":{"@id":"https:\/\/expressometro.mx\/index.php\/2024\/06\/10\/hay-compromiso-por-el-bienestar-de-atlacomulco\/#primaryimage"},"thumbnailUrl":"https:\/\/expressometro.mx\/wp-content\/uploads\/2024\/06\/WhatsApp-Image-2024-06-27-at-1.28.27-PM.jpeg","datePublished":"2024-06-10T21:40:07+00:00","dateModified":"2024-06-27T21:41:55+00:00","breadcrumb":{"@id":"https:\/\/expressometro.mx\/index.php\/2024\/06\/10\/hay-compromiso-por-el-bienestar-de-atlacomulco\/#breadcrumb"},"inLanguage":"es","potentialAction":[{"@type":"ReadAction","target":["https:\/\/expressometro.mx\/index.php\/2024\/06\/10\/hay-compromiso-por-el-bienestar-de-atlacomulco\/"]}]},{"@type":"ImageObject","inLanguage":"es","@id":"https:\/\/expressometro.mx\/index.php\/2024\/06\/10\/hay-compromiso-por-el-bienestar-de-atlacomulco\/#primaryimage","url":"https:\/\/expressometro.mx\/wp-content\/uploads\/2024\/06\/WhatsApp-Image-2024-06-27-at-1.28.27-PM.jpeg","contentUrl":"https:\/\/expressometro.mx\/wp-content\/uploads\/2024\/06\/WhatsApp-Image-2024-06-27-at-1.28.27-PM.jpeg","width":1200,"height":607},{"@type":"BreadcrumbList","@id":"https:\/\/expressometro.mx\/index.php\/2024\/06\/10\/hay-compromiso-por-el-bienestar-de-atlacomulco\/#breadcrumb","itemListElement":[{"@type":"ListItem","position":1,"name":"Inicio","item":"https:\/\/expressometro.mx\/"},{"@type":"ListItem","position":2,"name":"HAY COMPROMISO POR EL BIENESTAR DE ATLACOMULCO"}]},{"@type":"WebSite","@id":"https:\/\/expressometro.mx\/#website","url":"https:\/\/expressometro.mx\/","name":"Expresso Metropolitano","description":"Periodismo comprometido, informaci\u00f3n, investigaci\u00f3n y an\u00e1lisis","publisher":{"@id":"https:\/\/expressometro.mx\/#organization"},"potentialAction":[{"@type":"SearchAction","target":{"@type":"EntryPoint","urlTemplate":"https:\/\/expressometro.mx\/?s={search_term_string}"},"query-input":{"@type":"PropertyValueSpecification","valueRequired":true,"valueName":"search_term_string"}}],"inLanguage":"es"},{"@type":"Organization","@id":"https:\/\/expressometro.mx\/#organization","name":"Expresso Metropolitano","url":"https:\/\/expressometro.mx\/","logo":{"@type":"ImageObject","inLanguage":"es","@id":"https:\/\/expressometro.mx\/#\/schema\/logo\/image\/","url":"https:\/\/expressometro.mx\/wp-content\/uploads\/2019\/07\/cropped-Logo-Expresso-Metropolitano-1-1.jpeg","contentUrl":"https:\/\/expressometro.mx\/wp-content\/uploads\/2019\/07\/cropped-Logo-Expresso-Metropolitano-1-1.jpeg","width":290,"height":73,"caption":"Expresso Metropolitano"},"image":{"@id":"https:\/\/expressometro.mx\/#\/schema\/logo\/image\/"}},{"@type":"Person","@id":"https:\/\/expressometro.mx\/#\/schema\/person\/efa971b4a0664db8ed5c22b1b0dd2f5d","name":"Expresso Metropolitano","image":{"@type":"ImageObject","inLanguage":"es","@id":"https:\/\/secure.gravatar.com\/avatar\/a89f802b8de18c6952f223c88d3d106e9e3679839f4e25a02f4a6cc2ae6ba3b3?s=96&d=mm&r=g","url":"https:\/\/secure.gravatar.com\/avatar\/a89f802b8de18c6952f223c88d3d106e9e3679839f4e25a02f4a6cc2ae6ba3b3?s=96&d=mm&r=g","contentUrl":"https:\/\/secure.gravatar.com\/avatar\/a89f802b8de18c6952f223c88d3d106e9e3679839f4e25a02f4a6cc2ae6ba3b3?s=96&d=mm&r=g","caption":"Expresso Metropolitano"},"url":"https:\/\/expressometro.mx\/index.php\/author\/diego\/"}]}},"amp_enabled":true,"_links":{"self":[{"href":"https:\/\/expressometro.mx\/index.php\/wp-json\/wp\/v2\/posts\/9521","targetHints":{"allow":["GET"]}}],"collection":[{"href":"https:\/\/expressometro.mx\/index.php\/wp-json\/wp\/v2\/posts"}],"about":[{"href":"https:\/\/expressometro.mx\/index.php\/wp-json\/wp\/v2\/types\/post"}],"author":[{"embeddable":true,"href":"https:\/\/expressometro.mx\/index.php\/wp-json\/wp\/v2\/users\/1"}],"replies":[{"embeddable":true,"href":"https:\/\/expressometro.mx\/index.php\/wp-json\/wp\/v2\/comments?post=9521"}],"version-history":[{"count":1,"href":"https:\/\/expressometro.mx\/index.php\/wp-json\/wp\/v2\/posts\/9521\/revisions"}],"predecessor-version":[{"id":9524,"href":"https:\/\/expressometro.mx\/index.php\/wp-json\/wp\/v2\/posts\/9521\/revisions\/9524"}],"wp:featuredmedia":[{"embeddable":true,"href":"https:\/\/expressometro.mx\/index.php\/wp-json\/wp\/v2\/media\/9523"}],"wp:attachment":[{"href":"https:\/\/expressometro.mx\/index.php\/wp-json\/wp\/v2\/media?parent=9521"}],"wp:term":[{"taxonomy":"category","embeddable":true,"href":"https:\/\/expressometro.mx\/index.php\/wp-json\/wp\/v2\/categories?post=9521"},{"taxonomy":"post_tag","embeddable":true,"href":"https:\/\/expressometro.mx\/index.php\/wp-json\/wp\/v2\/tags?post=9521"}],"curies":[{"name":"wp","href":"https:\/\/api.w.org\/{rel}","templated":true}]}}