{"id":9494,"date":"2024-06-10T14:35:38","date_gmt":"2024-06-10T19:35:38","guid":{"rendered":"https:\/\/expressometro.mx\/?p=9494"},"modified":"2024-06-26T14:49:31","modified_gmt":"2024-06-26T19:49:31","slug":"comprometido-jesus-cedillo-con-mejorar-la-calidad-de-vida-de-los-vecinos","status":"publish","type":"post","link":"https:\/\/expressometro.mx\/index.php\/2024\/06\/10\/comprometido-jesus-cedillo-con-mejorar-la-calidad-de-vida-de-los-vecinos\/","title":{"rendered":"COMPROMETIDO JES\u00daS CEDILLO CON MEJORAR LA CALIDAD DE VIDA DE LOS VECINOS"},"content":{"rendered":"\n<p>El presidente municipal de Jocotitl\u00e1n, Jes\u00fas Cedillo Gonz\u00e1lez, est\u00e1 comprometido en la mejorar la calidad de vida de la comunidad de Tiacaque con la primera etapa del encementado de la calle La palma del Paraje San Jos\u00e9.<\/p>\n\n\n\n<p>Antes el alcalde, S\u00edndico y Regidores le tomaron protesta a directores de las \u00e1reas de Desarrollo Econ\u00f3mico y Turismo, quienes seguir\u00e1n trabajando en beneficio de la ciudadania.<\/p>\n\n\n\n<p>SUPERVISI\u00d3N DE OBRA DE LA CALLE DEL CAMINO REAL DE CITENDEJE<\/p>\n\n\n\n<p>\u201cContinuamos trabajando en el mejoramiento de la calidad de vida de los habitantes, por ello, el Gobierno que Siempre Cumple del Edil Jes\u00fas Cedillo Gonz\u00e1lez supervis\u00f3 la construcci\u00f3n del encementado de la calle del Camino Real de Santa Mar\u00eda Citendej\u00e9.<\/p>\n\n\n\n<figure class=\"wp-block-image size-large\"><img loading=\"lazy\" decoding=\"async\" width=\"720\" height=\"480\" src=\"https:\/\/expressometro.mx\/wp-content\/uploads\/2024\/06\/WhatsApp-Image-2024-06-26-at-1.15.25-PM-1-720x480.jpeg\" alt=\"\" class=\"wp-image-9497\" srcset=\"https:\/\/expressometro.mx\/wp-content\/uploads\/2024\/06\/WhatsApp-Image-2024-06-26-at-1.15.25-PM-1-720x480.jpeg 720w, https:\/\/expressometro.mx\/wp-content\/uploads\/2024\/06\/WhatsApp-Image-2024-06-26-at-1.15.25-PM-1-548x365.jpeg 548w, https:\/\/expressometro.mx\/wp-content\/uploads\/2024\/06\/WhatsApp-Image-2024-06-26-at-1.15.25-PM-1-768x512.jpeg 768w, https:\/\/expressometro.mx\/wp-content\/uploads\/2024\/06\/WhatsApp-Image-2024-06-26-at-1.15.25-PM-1.jpeg 1200w\" sizes=\"auto, (max-width: 720px) 100vw, 720px\" \/><\/figure>\n\n\n\n<p>CONSTRUCCI\u00d3N DE AULA EN EL JARD\u00cdN DE NI\u00d1OS \u201cJOS\u00c9 MARTI\u201d DE LA LOMA DE ENDARE.<\/p>\n\n\n\n<p>El Gobierno Municipal del Edil Jes\u00fas Cedillo Gonz\u00e1lez apoya la educaci\u00f3n de los alumnos Jocotitlenses con la construcci\u00f3n de un aula en el Jard\u00edn de Ni\u00f1os \u201cJos\u00e9 Marti\u201d de la Loma de Endare.<\/p>\n\n\n\n<p>CONSTRUCCI\u00d3N DE AULA EN PREPARATORIA DE ENDAVATI<\/p>\n\n\n\n<p>El Gobierno que Siempre Cumple del Presidente Municipal Jes\u00fas Cedillo Gonz\u00e1lez contribuye en la mejora de la calidad educativa de la Escuela Preparatoria No. 56 de Endavati con la construcci\u00f3n de un aula, beneficiando a las actuales y futuras generaciones.<\/p>\n\n\n\n<p>Estamos trabajando para acercar m\u00e1s servicios p\u00fablicos a la ciudadan\u00eda, dijo el Presidente Municipal Jes\u00fas Cedillo Gonz\u00e1lez, quien realiz\u00f3 una supervisi\u00f3n en El Ruso, donde habr\u00e1 una ampliaci\u00f3n de la red de electricidad, mejorando la calidad de vida de los jocotitlenses.<\/p>\n","protected":false},"excerpt":{"rendered":"<p>El presidente municipal de Jocotitl\u00e1n, Jes\u00fas Cedillo Gonz\u00e1lez, est\u00e1 comprometido en la mejorar la calidad de vida de la comunidad de Tiacaque con la primera etapa del encementado de la calle La palma del Paraje San Jos\u00e9.<\/p>\n","protected":false},"author":1,"featured_media":9496,"comment_status":"open","ping_status":"open","sticky":false,"template":"","format":"standard","meta":{"footnotes":""},"categories":[3,1,231],"tags":[1982,86,1790,324],"class_list":["post-9494","post","type-post","status-publish","format-standard","has-post-thumbnail","hentry","category-gobierno","category-otros","category-politica","tag-edomex","tag-gem","tag-jesus-cedillo-gonzalez","tag-jocotitlan"],"yoast_head":"<!-- This site is optimized with the Yoast SEO plugin v27.5 - https:\/\/yoast.com\/product\/yoast-seo-wordpress\/ -->\n<title>COMPROMETIDO JES\u00daS CEDILLO CON MEJORAR LA CALIDAD DE VIDA DE LOS VECINOS - Expresso Metropolitano<\/title>\n<meta name=\"robots\" content=\"index, follow, max-snippet:-1, max-image-preview:large, max-video-preview:-1\" \/>\n<link rel=\"canonical\" href=\"https:\/\/expressometro.mx\/index.php\/2024\/06\/10\/comprometido-jesus-cedillo-con-mejorar-la-calidad-de-vida-de-los-vecinos\/\" \/>\n<meta property=\"og:locale\" content=\"es_MX\" \/>\n<meta property=\"og:type\" content=\"article\" \/>\n<meta property=\"og:title\" content=\"COMPROMETIDO JES\u00daS CEDILLO CON MEJORAR LA CALIDAD DE VIDA DE LOS VECINOS - Expresso Metropolitano\" \/>\n<meta property=\"og:description\" content=\"El presidente municipal de Jocotitl\u00e1n, Jes\u00fas Cedillo Gonz\u00e1lez, est\u00e1 comprometido en la mejorar la calidad de vida de la comunidad de Tiacaque con la primera etapa del encementado de la calle La palma del Paraje San Jos\u00e9.\" \/>\n<meta property=\"og:url\" content=\"https:\/\/expressometro.mx\/index.php\/2024\/06\/10\/comprometido-jesus-cedillo-con-mejorar-la-calidad-de-vida-de-los-vecinos\/\" \/>\n<meta property=\"og:site_name\" content=\"Expresso Metropolitano\" \/>\n<meta property=\"article:published_time\" content=\"2024-06-10T19:35:38+00:00\" \/>\n<meta property=\"article:modified_time\" content=\"2024-06-26T19:49:31+00:00\" \/>\n<meta property=\"og:image\" content=\"http:\/\/expressometro.mx\/wp-content\/uploads\/2024\/06\/WhatsApp-Image-2024-06-26-at-1.15.25-PM.jpeg\" \/>\n\t<meta property=\"og:image:width\" content=\"1200\" \/>\n\t<meta property=\"og:image:height\" content=\"900\" \/>\n\t<meta property=\"og:image:type\" content=\"image\/jpeg\" \/>\n<meta name=\"author\" content=\"Expresso Metropolitano\" \/>\n<meta name=\"twitter:label1\" content=\"Escrito por\" \/>\n\t<meta name=\"twitter:data1\" content=\"Expresso Metropolitano\" \/>\n\t<meta name=\"twitter:label2\" content=\"Tiempo de lectura\" \/>\n\t<meta name=\"twitter:data2\" content=\"2 minutos\" \/>\n<script type=\"application\/ld+json\" class=\"yoast-schema-graph\">{\"@context\":\"https:\\\/\\\/schema.org\",\"@graph\":[{\"@type\":\"Article\",\"@id\":\"https:\\\/\\\/expressometro.mx\\\/index.php\\\/2024\\\/06\\\/10\\\/comprometido-jesus-cedillo-con-mejorar-la-calidad-de-vida-de-los-vecinos\\\/#article\",\"isPartOf\":{\"@id\":\"https:\\\/\\\/expressometro.mx\\\/index.php\\\/2024\\\/06\\\/10\\\/comprometido-jesus-cedillo-con-mejorar-la-calidad-de-vida-de-los-vecinos\\\/\"},\"author\":{\"name\":\"Expresso Metropolitano\",\"@id\":\"https:\\\/\\\/expressometro.mx\\\/#\\\/schema\\\/person\\\/efa971b4a0664db8ed5c22b1b0dd2f5d\"},\"headline\":\"COMPROMETIDO JES\u00daS CEDILLO CON MEJORAR LA CALIDAD DE VIDA DE LOS VECINOS\",\"datePublished\":\"2024-06-10T19:35:38+00:00\",\"dateModified\":\"2024-06-26T19:49:31+00:00\",\"mainEntityOfPage\":{\"@id\":\"https:\\\/\\\/expressometro.mx\\\/index.php\\\/2024\\\/06\\\/10\\\/comprometido-jesus-cedillo-con-mejorar-la-calidad-de-vida-de-los-vecinos\\\/\"},\"wordCount\":294,\"commentCount\":0,\"publisher\":{\"@id\":\"https:\\\/\\\/expressometro.mx\\\/#organization\"},\"image\":{\"@id\":\"https:\\\/\\\/expressometro.mx\\\/index.php\\\/2024\\\/06\\\/10\\\/comprometido-jesus-cedillo-con-mejorar-la-calidad-de-vida-de-los-vecinos\\\/#primaryimage\"},\"thumbnailUrl\":\"https:\\\/\\\/expressometro.mx\\\/wp-content\\\/uploads\\\/2024\\\/06\\\/WhatsApp-Image-2024-06-26-at-1.15.25-PM.jpeg\",\"keywords\":[\"Edomex\",\"GEM\",\"Jes\u00fas Cedillo Gonz\u00e1lez\",\"Jocotitl\u00e1n\"],\"articleSection\":[\"Gobierno\",\"Otros\",\"Pol\u00edtica\"],\"inLanguage\":\"es\",\"potentialAction\":[{\"@type\":\"CommentAction\",\"name\":\"Comment\",\"target\":[\"https:\\\/\\\/expressometro.mx\\\/index.php\\\/2024\\\/06\\\/10\\\/comprometido-jesus-cedillo-con-mejorar-la-calidad-de-vida-de-los-vecinos\\\/#respond\"]}]},{\"@type\":\"WebPage\",\"@id\":\"https:\\\/\\\/expressometro.mx\\\/index.php\\\/2024\\\/06\\\/10\\\/comprometido-jesus-cedillo-con-mejorar-la-calidad-de-vida-de-los-vecinos\\\/\",\"url\":\"https:\\\/\\\/expressometro.mx\\\/index.php\\\/2024\\\/06\\\/10\\\/comprometido-jesus-cedillo-con-mejorar-la-calidad-de-vida-de-los-vecinos\\\/\",\"name\":\"COMPROMETIDO JES\u00daS CEDILLO CON MEJORAR LA CALIDAD DE VIDA DE LOS VECINOS - Expresso Metropolitano\",\"isPartOf\":{\"@id\":\"https:\\\/\\\/expressometro.mx\\\/#website\"},\"primaryImageOfPage\":{\"@id\":\"https:\\\/\\\/expressometro.mx\\\/index.php\\\/2024\\\/06\\\/10\\\/comprometido-jesus-cedillo-con-mejorar-la-calidad-de-vida-de-los-vecinos\\\/#primaryimage\"},\"image\":{\"@id\":\"https:\\\/\\\/expressometro.mx\\\/index.php\\\/2024\\\/06\\\/10\\\/comprometido-jesus-cedillo-con-mejorar-la-calidad-de-vida-de-los-vecinos\\\/#primaryimage\"},\"thumbnailUrl\":\"https:\\\/\\\/expressometro.mx\\\/wp-content\\\/uploads\\\/2024\\\/06\\\/WhatsApp-Image-2024-06-26-at-1.15.25-PM.jpeg\",\"datePublished\":\"2024-06-10T19:35:38+00:00\",\"dateModified\":\"2024-06-26T19:49:31+00:00\",\"breadcrumb\":{\"@id\":\"https:\\\/\\\/expressometro.mx\\\/index.php\\\/2024\\\/06\\\/10\\\/comprometido-jesus-cedillo-con-mejorar-la-calidad-de-vida-de-los-vecinos\\\/#breadcrumb\"},\"inLanguage\":\"es\",\"potentialAction\":[{\"@type\":\"ReadAction\",\"target\":[\"https:\\\/\\\/expressometro.mx\\\/index.php\\\/2024\\\/06\\\/10\\\/comprometido-jesus-cedillo-con-mejorar-la-calidad-de-vida-de-los-vecinos\\\/\"]}]},{\"@type\":\"ImageObject\",\"inLanguage\":\"es\",\"@id\":\"https:\\\/\\\/expressometro.mx\\\/index.php\\\/2024\\\/06\\\/10\\\/comprometido-jesus-cedillo-con-mejorar-la-calidad-de-vida-de-los-vecinos\\\/#primaryimage\",\"url\":\"https:\\\/\\\/expressometro.mx\\\/wp-content\\\/uploads\\\/2024\\\/06\\\/WhatsApp-Image-2024-06-26-at-1.15.25-PM.jpeg\",\"contentUrl\":\"https:\\\/\\\/expressometro.mx\\\/wp-content\\\/uploads\\\/2024\\\/06\\\/WhatsApp-Image-2024-06-26-at-1.15.25-PM.jpeg\",\"width\":1200,\"height\":900},{\"@type\":\"BreadcrumbList\",\"@id\":\"https:\\\/\\\/expressometro.mx\\\/index.php\\\/2024\\\/06\\\/10\\\/comprometido-jesus-cedillo-con-mejorar-la-calidad-de-vida-de-los-vecinos\\\/#breadcrumb\",\"itemListElement\":[{\"@type\":\"ListItem\",\"position\":1,\"name\":\"Inicio\",\"item\":\"https:\\\/\\\/expressometro.mx\\\/\"},{\"@type\":\"ListItem\",\"position\":2,\"name\":\"COMPROMETIDO JES\u00daS CEDILLO CON MEJORAR LA CALIDAD DE VIDA DE LOS VECINOS\"}]},{\"@type\":\"WebSite\",\"@id\":\"https:\\\/\\\/expressometro.mx\\\/#website\",\"url\":\"https:\\\/\\\/expressometro.mx\\\/\",\"name\":\"Expresso Metropolitano\",\"description\":\"Periodismo comprometido, informaci\u00f3n, investigaci\u00f3n y an\u00e1lisis\",\"publisher\":{\"@id\":\"https:\\\/\\\/expressometro.mx\\\/#organization\"},\"potentialAction\":[{\"@type\":\"SearchAction\",\"target\":{\"@type\":\"EntryPoint\",\"urlTemplate\":\"https:\\\/\\\/expressometro.mx\\\/?s={search_term_string}\"},\"query-input\":{\"@type\":\"PropertyValueSpecification\",\"valueRequired\":true,\"valueName\":\"search_term_string\"}}],\"inLanguage\":\"es\"},{\"@type\":\"Organization\",\"@id\":\"https:\\\/\\\/expressometro.mx\\\/#organization\",\"name\":\"Expresso Metropolitano\",\"url\":\"https:\\\/\\\/expressometro.mx\\\/\",\"logo\":{\"@type\":\"ImageObject\",\"inLanguage\":\"es\",\"@id\":\"https:\\\/\\\/expressometro.mx\\\/#\\\/schema\\\/logo\\\/image\\\/\",\"url\":\"https:\\\/\\\/expressometro.mx\\\/wp-content\\\/uploads\\\/2019\\\/07\\\/cropped-Logo-Expresso-Metropolitano-1-1.jpeg\",\"contentUrl\":\"https:\\\/\\\/expressometro.mx\\\/wp-content\\\/uploads\\\/2019\\\/07\\\/cropped-Logo-Expresso-Metropolitano-1-1.jpeg\",\"width\":290,\"height\":73,\"caption\":\"Expresso Metropolitano\"},\"image\":{\"@id\":\"https:\\\/\\\/expressometro.mx\\\/#\\\/schema\\\/logo\\\/image\\\/\"}},{\"@type\":\"Person\",\"@id\":\"https:\\\/\\\/expressometro.mx\\\/#\\\/schema\\\/person\\\/efa971b4a0664db8ed5c22b1b0dd2f5d\",\"name\":\"Expresso Metropolitano\",\"image\":{\"@type\":\"ImageObject\",\"inLanguage\":\"es\",\"@id\":\"https:\\\/\\\/secure.gravatar.com\\\/avatar\\\/a89f802b8de18c6952f223c88d3d106e9e3679839f4e25a02f4a6cc2ae6ba3b3?s=96&d=mm&r=g\",\"url\":\"https:\\\/\\\/secure.gravatar.com\\\/avatar\\\/a89f802b8de18c6952f223c88d3d106e9e3679839f4e25a02f4a6cc2ae6ba3b3?s=96&d=mm&r=g\",\"contentUrl\":\"https:\\\/\\\/secure.gravatar.com\\\/avatar\\\/a89f802b8de18c6952f223c88d3d106e9e3679839f4e25a02f4a6cc2ae6ba3b3?s=96&d=mm&r=g\",\"caption\":\"Expresso Metropolitano\"},\"url\":\"https:\\\/\\\/expressometro.mx\\\/index.php\\\/author\\\/diego\\\/\"}]}<\/script>\n<!-- \/ Yoast SEO plugin. -->","yoast_head_json":{"title":"COMPROMETIDO JES\u00daS CEDILLO CON MEJORAR LA CALIDAD DE VIDA DE LOS VECINOS - Expresso Metropolitano","robots":{"index":"index","follow":"follow","max-snippet":"max-snippet:-1","max-image-preview":"max-image-preview:large","max-video-preview":"max-video-preview:-1"},"canonical":"https:\/\/expressometro.mx\/index.php\/2024\/06\/10\/comprometido-jesus-cedillo-con-mejorar-la-calidad-de-vida-de-los-vecinos\/","og_locale":"es_MX","og_type":"article","og_title":"COMPROMETIDO JES\u00daS CEDILLO CON MEJORAR LA CALIDAD DE VIDA DE LOS VECINOS - Expresso Metropolitano","og_description":"El presidente municipal de Jocotitl\u00e1n, Jes\u00fas Cedillo Gonz\u00e1lez, est\u00e1 comprometido en la mejorar la calidad de vida de la comunidad de Tiacaque con la primera etapa del encementado de la calle La palma del Paraje San Jos\u00e9.","og_url":"https:\/\/expressometro.mx\/index.php\/2024\/06\/10\/comprometido-jesus-cedillo-con-mejorar-la-calidad-de-vida-de-los-vecinos\/","og_site_name":"Expresso Metropolitano","article_published_time":"2024-06-10T19:35:38+00:00","article_modified_time":"2024-06-26T19:49:31+00:00","og_image":[{"width":1200,"height":900,"url":"http:\/\/expressometro.mx\/wp-content\/uploads\/2024\/06\/WhatsApp-Image-2024-06-26-at-1.15.25-PM.jpeg","type":"image\/jpeg"}],"author":"Expresso Metropolitano","twitter_misc":{"Escrito por":"Expresso Metropolitano","Tiempo de lectura":"2 minutos"},"schema":{"@context":"https:\/\/schema.org","@graph":[{"@type":"Article","@id":"https:\/\/expressometro.mx\/index.php\/2024\/06\/10\/comprometido-jesus-cedillo-con-mejorar-la-calidad-de-vida-de-los-vecinos\/#article","isPartOf":{"@id":"https:\/\/expressometro.mx\/index.php\/2024\/06\/10\/comprometido-jesus-cedillo-con-mejorar-la-calidad-de-vida-de-los-vecinos\/"},"author":{"name":"Expresso Metropolitano","@id":"https:\/\/expressometro.mx\/#\/schema\/person\/efa971b4a0664db8ed5c22b1b0dd2f5d"},"headline":"COMPROMETIDO JES\u00daS CEDILLO CON MEJORAR LA CALIDAD DE VIDA DE LOS VECINOS","datePublished":"2024-06-10T19:35:38+00:00","dateModified":"2024-06-26T19:49:31+00:00","mainEntityOfPage":{"@id":"https:\/\/expressometro.mx\/index.php\/2024\/06\/10\/comprometido-jesus-cedillo-con-mejorar-la-calidad-de-vida-de-los-vecinos\/"},"wordCount":294,"commentCount":0,"publisher":{"@id":"https:\/\/expressometro.mx\/#organization"},"image":{"@id":"https:\/\/expressometro.mx\/index.php\/2024\/06\/10\/comprometido-jesus-cedillo-con-mejorar-la-calidad-de-vida-de-los-vecinos\/#primaryimage"},"thumbnailUrl":"https:\/\/expressometro.mx\/wp-content\/uploads\/2024\/06\/WhatsApp-Image-2024-06-26-at-1.15.25-PM.jpeg","keywords":["Edomex","GEM","Jes\u00fas Cedillo Gonz\u00e1lez","Jocotitl\u00e1n"],"articleSection":["Gobierno","Otros","Pol\u00edtica"],"inLanguage":"es","potentialAction":[{"@type":"CommentAction","name":"Comment","target":["https:\/\/expressometro.mx\/index.php\/2024\/06\/10\/comprometido-jesus-cedillo-con-mejorar-la-calidad-de-vida-de-los-vecinos\/#respond"]}]},{"@type":"WebPage","@id":"https:\/\/expressometro.mx\/index.php\/2024\/06\/10\/comprometido-jesus-cedillo-con-mejorar-la-calidad-de-vida-de-los-vecinos\/","url":"https:\/\/expressometro.mx\/index.php\/2024\/06\/10\/comprometido-jesus-cedillo-con-mejorar-la-calidad-de-vida-de-los-vecinos\/","name":"COMPROMETIDO JES\u00daS CEDILLO CON MEJORAR LA CALIDAD DE VIDA DE LOS VECINOS - Expresso Metropolitano","isPartOf":{"@id":"https:\/\/expressometro.mx\/#website"},"primaryImageOfPage":{"@id":"https:\/\/expressometro.mx\/index.php\/2024\/06\/10\/comprometido-jesus-cedillo-con-mejorar-la-calidad-de-vida-de-los-vecinos\/#primaryimage"},"image":{"@id":"https:\/\/expressometro.mx\/index.php\/2024\/06\/10\/comprometido-jesus-cedillo-con-mejorar-la-calidad-de-vida-de-los-vecinos\/#primaryimage"},"thumbnailUrl":"https:\/\/expressometro.mx\/wp-content\/uploads\/2024\/06\/WhatsApp-Image-2024-06-26-at-1.15.25-PM.jpeg","datePublished":"2024-06-10T19:35:38+00:00","dateModified":"2024-06-26T19:49:31+00:00","breadcrumb":{"@id":"https:\/\/expressometro.mx\/index.php\/2024\/06\/10\/comprometido-jesus-cedillo-con-mejorar-la-calidad-de-vida-de-los-vecinos\/#breadcrumb"},"inLanguage":"es","potentialAction":[{"@type":"ReadAction","target":["https:\/\/expressometro.mx\/index.php\/2024\/06\/10\/comprometido-jesus-cedillo-con-mejorar-la-calidad-de-vida-de-los-vecinos\/"]}]},{"@type":"ImageObject","inLanguage":"es","@id":"https:\/\/expressometro.mx\/index.php\/2024\/06\/10\/comprometido-jesus-cedillo-con-mejorar-la-calidad-de-vida-de-los-vecinos\/#primaryimage","url":"https:\/\/expressometro.mx\/wp-content\/uploads\/2024\/06\/WhatsApp-Image-2024-06-26-at-1.15.25-PM.jpeg","contentUrl":"https:\/\/expressometro.mx\/wp-content\/uploads\/2024\/06\/WhatsApp-Image-2024-06-26-at-1.15.25-PM.jpeg","width":1200,"height":900},{"@type":"BreadcrumbList","@id":"https:\/\/expressometro.mx\/index.php\/2024\/06\/10\/comprometido-jesus-cedillo-con-mejorar-la-calidad-de-vida-de-los-vecinos\/#breadcrumb","itemListElement":[{"@type":"ListItem","position":1,"name":"Inicio","item":"https:\/\/expressometro.mx\/"},{"@type":"ListItem","position":2,"name":"COMPROMETIDO JES\u00daS CEDILLO CON MEJORAR LA CALIDAD DE VIDA DE LOS VECINOS"}]},{"@type":"WebSite","@id":"https:\/\/expressometro.mx\/#website","url":"https:\/\/expressometro.mx\/","name":"Expresso Metropolitano","description":"Periodismo comprometido, informaci\u00f3n, investigaci\u00f3n y an\u00e1lisis","publisher":{"@id":"https:\/\/expressometro.mx\/#organization"},"potentialAction":[{"@type":"SearchAction","target":{"@type":"EntryPoint","urlTemplate":"https:\/\/expressometro.mx\/?s={search_term_string}"},"query-input":{"@type":"PropertyValueSpecification","valueRequired":true,"valueName":"search_term_string"}}],"inLanguage":"es"},{"@type":"Organization","@id":"https:\/\/expressometro.mx\/#organization","name":"Expresso Metropolitano","url":"https:\/\/expressometro.mx\/","logo":{"@type":"ImageObject","inLanguage":"es","@id":"https:\/\/expressometro.mx\/#\/schema\/logo\/image\/","url":"https:\/\/expressometro.mx\/wp-content\/uploads\/2019\/07\/cropped-Logo-Expresso-Metropolitano-1-1.jpeg","contentUrl":"https:\/\/expressometro.mx\/wp-content\/uploads\/2019\/07\/cropped-Logo-Expresso-Metropolitano-1-1.jpeg","width":290,"height":73,"caption":"Expresso Metropolitano"},"image":{"@id":"https:\/\/expressometro.mx\/#\/schema\/logo\/image\/"}},{"@type":"Person","@id":"https:\/\/expressometro.mx\/#\/schema\/person\/efa971b4a0664db8ed5c22b1b0dd2f5d","name":"Expresso Metropolitano","image":{"@type":"ImageObject","inLanguage":"es","@id":"https:\/\/secure.gravatar.com\/avatar\/a89f802b8de18c6952f223c88d3d106e9e3679839f4e25a02f4a6cc2ae6ba3b3?s=96&d=mm&r=g","url":"https:\/\/secure.gravatar.com\/avatar\/a89f802b8de18c6952f223c88d3d106e9e3679839f4e25a02f4a6cc2ae6ba3b3?s=96&d=mm&r=g","contentUrl":"https:\/\/secure.gravatar.com\/avatar\/a89f802b8de18c6952f223c88d3d106e9e3679839f4e25a02f4a6cc2ae6ba3b3?s=96&d=mm&r=g","caption":"Expresso Metropolitano"},"url":"https:\/\/expressometro.mx\/index.php\/author\/diego\/"}]}},"amp_enabled":true,"_links":{"self":[{"href":"https:\/\/expressometro.mx\/index.php\/wp-json\/wp\/v2\/posts\/9494","targetHints":{"allow":["GET"]}}],"collection":[{"href":"https:\/\/expressometro.mx\/index.php\/wp-json\/wp\/v2\/posts"}],"about":[{"href":"https:\/\/expressometro.mx\/index.php\/wp-json\/wp\/v2\/types\/post"}],"author":[{"embeddable":true,"href":"https:\/\/expressometro.mx\/index.php\/wp-json\/wp\/v2\/users\/1"}],"replies":[{"embeddable":true,"href":"https:\/\/expressometro.mx\/index.php\/wp-json\/wp\/v2\/comments?post=9494"}],"version-history":[{"count":1,"href":"https:\/\/expressometro.mx\/index.php\/wp-json\/wp\/v2\/posts\/9494\/revisions"}],"predecessor-version":[{"id":9498,"href":"https:\/\/expressometro.mx\/index.php\/wp-json\/wp\/v2\/posts\/9494\/revisions\/9498"}],"wp:featuredmedia":[{"embeddable":true,"href":"https:\/\/expressometro.mx\/index.php\/wp-json\/wp\/v2\/media\/9496"}],"wp:attachment":[{"href":"https:\/\/expressometro.mx\/index.php\/wp-json\/wp\/v2\/media?parent=9494"}],"wp:term":[{"taxonomy":"category","embeddable":true,"href":"https:\/\/expressometro.mx\/index.php\/wp-json\/wp\/v2\/categories?post=9494"},{"taxonomy":"post_tag","embeddable":true,"href":"https:\/\/expressometro.mx\/index.php\/wp-json\/wp\/v2\/tags?post=9494"}],"curies":[{"name":"wp","href":"https:\/\/api.w.org\/{rel}","templated":true}]}}