{"id":9487,"date":"2024-06-21T23:24:35","date_gmt":"2024-06-22T04:24:35","guid":{"rendered":"https:\/\/expressometro.mx\/?p=9487"},"modified":"2024-06-21T23:35:28","modified_gmt":"2024-06-22T04:35:28","slug":"inicia-la-reconstruccion-con-la-grandeza-del-priismo-mexiquense-ana-lilia-herrera","status":"publish","type":"post","link":"https:\/\/expressometro.mx\/index.php\/2024\/06\/21\/inicia-la-reconstruccion-con-la-grandeza-del-priismo-mexiquense-ana-lilia-herrera\/","title":{"rendered":"INICIA LA RECONSTRUCCI\u00d3N CON LA GRANDEZA DEL PRIISMO MEXIQUENSE: ANA LILIA HERRERA"},"content":{"rendered":"\n<ul class=\"wp-block-list\">\n<li>Se realizaron las asambleas de comit\u00e9s municipales y seccionales, as\u00ed como de regidores, s\u00edndicos y presidentes municipales.<\/li>\n<\/ul>\n\n\n\n<p>Con una visi\u00f3n autocr\u00edtica, reflexiva y propositiva, el priismo mexiquense est\u00e1 dispuesto a la reconstrucci\u00f3n a partir de su grandeza sin voltear a repartir culpas que no soluciona nada, dej\u00f3 en claro la presidenta del Comit\u00e9 Directivo Estatal (CDE), Ana Lilia Herrera Anzaldo.<br>Al encabezar las asambleas de comit\u00e9s municipales, s\u00edndicos y regidores, as\u00ed como de presidentes municipales, la jefa de partido convoc\u00f3 a un cierre de filas para construir los triunfos de los pr\u00f3ximos tres a\u00f1os.<br>\u201cEstamos obligados a tomar decisiones y tomarlas juntos en lo inmediato para construir los triunfos de abajo hacia arriba. Ese es el mayor reto que hoy tenemos, ya somos abiertamente oposici\u00f3n desde el a\u00f1o pasado\u201d, agreg\u00f3.<br>Pese a los resultados, nos seguimos manteniendo como segunda fuerza pol\u00edtica en el Estado de M\u00e9xico, \u201ctuvimos un mill\u00f3n cuatrocientos mil votos, m\u00e1s lo que dimos en candidatura com\u00fan, pero no estamos satisfechos, tenemos la capacidad de resiliencia pese a traiciones, pese a tantas adversidades que hemos vivido\u201d.<br>En la sede del partido, destac\u00f3 que hay PRI para rato, \u201ctenemos mucho que aportarle al Estado de M\u00e9xico y yo no tengo duda de que en nuestras luchas nos asiste la raz\u00f3n, estamos del lado correcto de la historia y hoy somos la resistencia\u201d.<\/p>\n","protected":false},"excerpt":{"rendered":"<p>Se realizaron las asambleas de comit\u00e9s municipales y seccionales, as\u00ed como de regidores, s\u00edndicos y presidentes municipales.<\/p>\n","protected":false},"author":1,"featured_media":9490,"comment_status":"open","ping_status":"open","sticky":false,"template":"","format":"standard","meta":{"footnotes":""},"categories":[3,1,231],"tags":[2281,1982,158],"class_list":["post-9487","post","type-post","status-publish","format-standard","has-post-thumbnail","hentry","category-gobierno","category-otros","category-politica","tag-ana-lilia-herrera-anzaldo","tag-edomex","tag-pri"],"yoast_head":"<!-- This site is optimized with the Yoast SEO plugin v27.4 - https:\/\/yoast.com\/product\/yoast-seo-wordpress\/ -->\n<title>INICIA LA RECONSTRUCCI\u00d3N CON LA GRANDEZA DEL PRIISMO MEXIQUENSE: ANA LILIA HERRERA - Expresso Metropolitano<\/title>\n<meta name=\"robots\" content=\"index, follow, max-snippet:-1, max-image-preview:large, max-video-preview:-1\" \/>\n<link rel=\"canonical\" href=\"https:\/\/expressometro.mx\/index.php\/2024\/06\/21\/inicia-la-reconstruccion-con-la-grandeza-del-priismo-mexiquense-ana-lilia-herrera\/\" \/>\n<meta property=\"og:locale\" content=\"es_MX\" \/>\n<meta property=\"og:type\" content=\"article\" \/>\n<meta property=\"og:title\" content=\"INICIA LA RECONSTRUCCI\u00d3N CON LA GRANDEZA DEL PRIISMO MEXIQUENSE: ANA LILIA HERRERA - Expresso Metropolitano\" \/>\n<meta property=\"og:description\" content=\"Se realizaron las asambleas de comit\u00e9s municipales y seccionales, as\u00ed como de regidores, s\u00edndicos y presidentes municipales.\" \/>\n<meta property=\"og:url\" content=\"https:\/\/expressometro.mx\/index.php\/2024\/06\/21\/inicia-la-reconstruccion-con-la-grandeza-del-priismo-mexiquense-ana-lilia-herrera\/\" \/>\n<meta property=\"og:site_name\" content=\"Expresso Metropolitano\" \/>\n<meta property=\"article:published_time\" content=\"2024-06-22T04:24:35+00:00\" \/>\n<meta property=\"article:modified_time\" content=\"2024-06-22T04:35:28+00:00\" \/>\n<meta property=\"og:image\" content=\"http:\/\/expressometro.mx\/wp-content\/uploads\/2024\/06\/WhatsApp-Image-2024-06-21-at-8.24.31-PM-1.jpeg\" \/>\n\t<meta property=\"og:image:width\" content=\"1280\" \/>\n\t<meta property=\"og:image:height\" content=\"743\" \/>\n\t<meta property=\"og:image:type\" content=\"image\/jpeg\" \/>\n<meta name=\"author\" content=\"Expresso Metropolitano\" \/>\n<meta name=\"twitter:label1\" content=\"Escrito por\" \/>\n\t<meta name=\"twitter:data1\" content=\"Expresso Metropolitano\" \/>\n\t<meta name=\"twitter:label2\" content=\"Tiempo de lectura\" \/>\n\t<meta name=\"twitter:data2\" content=\"2 minutos\" \/>\n<script type=\"application\/ld+json\" class=\"yoast-schema-graph\">{\"@context\":\"https:\\\/\\\/schema.org\",\"@graph\":[{\"@type\":\"Article\",\"@id\":\"https:\\\/\\\/expressometro.mx\\\/index.php\\\/2024\\\/06\\\/21\\\/inicia-la-reconstruccion-con-la-grandeza-del-priismo-mexiquense-ana-lilia-herrera\\\/#article\",\"isPartOf\":{\"@id\":\"https:\\\/\\\/expressometro.mx\\\/index.php\\\/2024\\\/06\\\/21\\\/inicia-la-reconstruccion-con-la-grandeza-del-priismo-mexiquense-ana-lilia-herrera\\\/\"},\"author\":{\"name\":\"Expresso Metropolitano\",\"@id\":\"https:\\\/\\\/expressometro.mx\\\/#\\\/schema\\\/person\\\/efa971b4a0664db8ed5c22b1b0dd2f5d\"},\"headline\":\"INICIA LA RECONSTRUCCI\u00d3N CON LA GRANDEZA DEL PRIISMO MEXIQUENSE: ANA LILIA HERRERA\",\"datePublished\":\"2024-06-22T04:24:35+00:00\",\"dateModified\":\"2024-06-22T04:35:28+00:00\",\"mainEntityOfPage\":{\"@id\":\"https:\\\/\\\/expressometro.mx\\\/index.php\\\/2024\\\/06\\\/21\\\/inicia-la-reconstruccion-con-la-grandeza-del-priismo-mexiquense-ana-lilia-herrera\\\/\"},\"wordCount\":254,\"commentCount\":0,\"publisher\":{\"@id\":\"https:\\\/\\\/expressometro.mx\\\/#organization\"},\"image\":{\"@id\":\"https:\\\/\\\/expressometro.mx\\\/index.php\\\/2024\\\/06\\\/21\\\/inicia-la-reconstruccion-con-la-grandeza-del-priismo-mexiquense-ana-lilia-herrera\\\/#primaryimage\"},\"thumbnailUrl\":\"https:\\\/\\\/expressometro.mx\\\/wp-content\\\/uploads\\\/2024\\\/06\\\/WhatsApp-Image-2024-06-21-at-8.24.31-PM-1.jpeg\",\"keywords\":[\"Ana Lilia Herrera Anzaldo\",\"Edomex\",\"PRI\"],\"articleSection\":[\"Gobierno\",\"Otros\",\"Pol\u00edtica\"],\"inLanguage\":\"es\",\"potentialAction\":[{\"@type\":\"CommentAction\",\"name\":\"Comment\",\"target\":[\"https:\\\/\\\/expressometro.mx\\\/index.php\\\/2024\\\/06\\\/21\\\/inicia-la-reconstruccion-con-la-grandeza-del-priismo-mexiquense-ana-lilia-herrera\\\/#respond\"]}]},{\"@type\":\"WebPage\",\"@id\":\"https:\\\/\\\/expressometro.mx\\\/index.php\\\/2024\\\/06\\\/21\\\/inicia-la-reconstruccion-con-la-grandeza-del-priismo-mexiquense-ana-lilia-herrera\\\/\",\"url\":\"https:\\\/\\\/expressometro.mx\\\/index.php\\\/2024\\\/06\\\/21\\\/inicia-la-reconstruccion-con-la-grandeza-del-priismo-mexiquense-ana-lilia-herrera\\\/\",\"name\":\"INICIA LA RECONSTRUCCI\u00d3N CON LA GRANDEZA DEL PRIISMO MEXIQUENSE: ANA LILIA HERRERA - Expresso Metropolitano\",\"isPartOf\":{\"@id\":\"https:\\\/\\\/expressometro.mx\\\/#website\"},\"primaryImageOfPage\":{\"@id\":\"https:\\\/\\\/expressometro.mx\\\/index.php\\\/2024\\\/06\\\/21\\\/inicia-la-reconstruccion-con-la-grandeza-del-priismo-mexiquense-ana-lilia-herrera\\\/#primaryimage\"},\"image\":{\"@id\":\"https:\\\/\\\/expressometro.mx\\\/index.php\\\/2024\\\/06\\\/21\\\/inicia-la-reconstruccion-con-la-grandeza-del-priismo-mexiquense-ana-lilia-herrera\\\/#primaryimage\"},\"thumbnailUrl\":\"https:\\\/\\\/expressometro.mx\\\/wp-content\\\/uploads\\\/2024\\\/06\\\/WhatsApp-Image-2024-06-21-at-8.24.31-PM-1.jpeg\",\"datePublished\":\"2024-06-22T04:24:35+00:00\",\"dateModified\":\"2024-06-22T04:35:28+00:00\",\"breadcrumb\":{\"@id\":\"https:\\\/\\\/expressometro.mx\\\/index.php\\\/2024\\\/06\\\/21\\\/inicia-la-reconstruccion-con-la-grandeza-del-priismo-mexiquense-ana-lilia-herrera\\\/#breadcrumb\"},\"inLanguage\":\"es\",\"potentialAction\":[{\"@type\":\"ReadAction\",\"target\":[\"https:\\\/\\\/expressometro.mx\\\/index.php\\\/2024\\\/06\\\/21\\\/inicia-la-reconstruccion-con-la-grandeza-del-priismo-mexiquense-ana-lilia-herrera\\\/\"]}]},{\"@type\":\"ImageObject\",\"inLanguage\":\"es\",\"@id\":\"https:\\\/\\\/expressometro.mx\\\/index.php\\\/2024\\\/06\\\/21\\\/inicia-la-reconstruccion-con-la-grandeza-del-priismo-mexiquense-ana-lilia-herrera\\\/#primaryimage\",\"url\":\"https:\\\/\\\/expressometro.mx\\\/wp-content\\\/uploads\\\/2024\\\/06\\\/WhatsApp-Image-2024-06-21-at-8.24.31-PM-1.jpeg\",\"contentUrl\":\"https:\\\/\\\/expressometro.mx\\\/wp-content\\\/uploads\\\/2024\\\/06\\\/WhatsApp-Image-2024-06-21-at-8.24.31-PM-1.jpeg\",\"width\":1280,\"height\":743},{\"@type\":\"BreadcrumbList\",\"@id\":\"https:\\\/\\\/expressometro.mx\\\/index.php\\\/2024\\\/06\\\/21\\\/inicia-la-reconstruccion-con-la-grandeza-del-priismo-mexiquense-ana-lilia-herrera\\\/#breadcrumb\",\"itemListElement\":[{\"@type\":\"ListItem\",\"position\":1,\"name\":\"Inicio\",\"item\":\"https:\\\/\\\/expressometro.mx\\\/\"},{\"@type\":\"ListItem\",\"position\":2,\"name\":\"INICIA LA RECONSTRUCCI\u00d3N CON LA GRANDEZA DEL PRIISMO MEXIQUENSE: ANA LILIA HERRERA\"}]},{\"@type\":\"WebSite\",\"@id\":\"https:\\\/\\\/expressometro.mx\\\/#website\",\"url\":\"https:\\\/\\\/expressometro.mx\\\/\",\"name\":\"Expresso Metropolitano\",\"description\":\"Periodismo comprometido, informaci\u00f3n, investigaci\u00f3n y an\u00e1lisis\",\"publisher\":{\"@id\":\"https:\\\/\\\/expressometro.mx\\\/#organization\"},\"potentialAction\":[{\"@type\":\"SearchAction\",\"target\":{\"@type\":\"EntryPoint\",\"urlTemplate\":\"https:\\\/\\\/expressometro.mx\\\/?s={search_term_string}\"},\"query-input\":{\"@type\":\"PropertyValueSpecification\",\"valueRequired\":true,\"valueName\":\"search_term_string\"}}],\"inLanguage\":\"es\"},{\"@type\":\"Organization\",\"@id\":\"https:\\\/\\\/expressometro.mx\\\/#organization\",\"name\":\"Expresso Metropolitano\",\"url\":\"https:\\\/\\\/expressometro.mx\\\/\",\"logo\":{\"@type\":\"ImageObject\",\"inLanguage\":\"es\",\"@id\":\"https:\\\/\\\/expressometro.mx\\\/#\\\/schema\\\/logo\\\/image\\\/\",\"url\":\"https:\\\/\\\/expressometro.mx\\\/wp-content\\\/uploads\\\/2019\\\/07\\\/cropped-Logo-Expresso-Metropolitano-1-1.jpeg\",\"contentUrl\":\"https:\\\/\\\/expressometro.mx\\\/wp-content\\\/uploads\\\/2019\\\/07\\\/cropped-Logo-Expresso-Metropolitano-1-1.jpeg\",\"width\":290,\"height\":73,\"caption\":\"Expresso Metropolitano\"},\"image\":{\"@id\":\"https:\\\/\\\/expressometro.mx\\\/#\\\/schema\\\/logo\\\/image\\\/\"}},{\"@type\":\"Person\",\"@id\":\"https:\\\/\\\/expressometro.mx\\\/#\\\/schema\\\/person\\\/efa971b4a0664db8ed5c22b1b0dd2f5d\",\"name\":\"Expresso Metropolitano\",\"image\":{\"@type\":\"ImageObject\",\"inLanguage\":\"es\",\"@id\":\"https:\\\/\\\/secure.gravatar.com\\\/avatar\\\/a89f802b8de18c6952f223c88d3d106e9e3679839f4e25a02f4a6cc2ae6ba3b3?s=96&d=mm&r=g\",\"url\":\"https:\\\/\\\/secure.gravatar.com\\\/avatar\\\/a89f802b8de18c6952f223c88d3d106e9e3679839f4e25a02f4a6cc2ae6ba3b3?s=96&d=mm&r=g\",\"contentUrl\":\"https:\\\/\\\/secure.gravatar.com\\\/avatar\\\/a89f802b8de18c6952f223c88d3d106e9e3679839f4e25a02f4a6cc2ae6ba3b3?s=96&d=mm&r=g\",\"caption\":\"Expresso Metropolitano\"},\"url\":\"https:\\\/\\\/expressometro.mx\\\/index.php\\\/author\\\/diego\\\/\"}]}<\/script>\n<!-- \/ Yoast SEO plugin. -->","yoast_head_json":{"title":"INICIA LA RECONSTRUCCI\u00d3N CON LA GRANDEZA DEL PRIISMO MEXIQUENSE: ANA LILIA HERRERA - Expresso Metropolitano","robots":{"index":"index","follow":"follow","max-snippet":"max-snippet:-1","max-image-preview":"max-image-preview:large","max-video-preview":"max-video-preview:-1"},"canonical":"https:\/\/expressometro.mx\/index.php\/2024\/06\/21\/inicia-la-reconstruccion-con-la-grandeza-del-priismo-mexiquense-ana-lilia-herrera\/","og_locale":"es_MX","og_type":"article","og_title":"INICIA LA RECONSTRUCCI\u00d3N CON LA GRANDEZA DEL PRIISMO MEXIQUENSE: ANA LILIA HERRERA - Expresso Metropolitano","og_description":"Se realizaron las asambleas de comit\u00e9s municipales y seccionales, as\u00ed como de regidores, s\u00edndicos y presidentes municipales.","og_url":"https:\/\/expressometro.mx\/index.php\/2024\/06\/21\/inicia-la-reconstruccion-con-la-grandeza-del-priismo-mexiquense-ana-lilia-herrera\/","og_site_name":"Expresso Metropolitano","article_published_time":"2024-06-22T04:24:35+00:00","article_modified_time":"2024-06-22T04:35:28+00:00","og_image":[{"width":1280,"height":743,"url":"http:\/\/expressometro.mx\/wp-content\/uploads\/2024\/06\/WhatsApp-Image-2024-06-21-at-8.24.31-PM-1.jpeg","type":"image\/jpeg"}],"author":"Expresso Metropolitano","twitter_misc":{"Escrito por":"Expresso Metropolitano","Tiempo de lectura":"2 minutos"},"schema":{"@context":"https:\/\/schema.org","@graph":[{"@type":"Article","@id":"https:\/\/expressometro.mx\/index.php\/2024\/06\/21\/inicia-la-reconstruccion-con-la-grandeza-del-priismo-mexiquense-ana-lilia-herrera\/#article","isPartOf":{"@id":"https:\/\/expressometro.mx\/index.php\/2024\/06\/21\/inicia-la-reconstruccion-con-la-grandeza-del-priismo-mexiquense-ana-lilia-herrera\/"},"author":{"name":"Expresso Metropolitano","@id":"https:\/\/expressometro.mx\/#\/schema\/person\/efa971b4a0664db8ed5c22b1b0dd2f5d"},"headline":"INICIA LA RECONSTRUCCI\u00d3N CON LA GRANDEZA DEL PRIISMO MEXIQUENSE: ANA LILIA HERRERA","datePublished":"2024-06-22T04:24:35+00:00","dateModified":"2024-06-22T04:35:28+00:00","mainEntityOfPage":{"@id":"https:\/\/expressometro.mx\/index.php\/2024\/06\/21\/inicia-la-reconstruccion-con-la-grandeza-del-priismo-mexiquense-ana-lilia-herrera\/"},"wordCount":254,"commentCount":0,"publisher":{"@id":"https:\/\/expressometro.mx\/#organization"},"image":{"@id":"https:\/\/expressometro.mx\/index.php\/2024\/06\/21\/inicia-la-reconstruccion-con-la-grandeza-del-priismo-mexiquense-ana-lilia-herrera\/#primaryimage"},"thumbnailUrl":"https:\/\/expressometro.mx\/wp-content\/uploads\/2024\/06\/WhatsApp-Image-2024-06-21-at-8.24.31-PM-1.jpeg","keywords":["Ana Lilia Herrera Anzaldo","Edomex","PRI"],"articleSection":["Gobierno","Otros","Pol\u00edtica"],"inLanguage":"es","potentialAction":[{"@type":"CommentAction","name":"Comment","target":["https:\/\/expressometro.mx\/index.php\/2024\/06\/21\/inicia-la-reconstruccion-con-la-grandeza-del-priismo-mexiquense-ana-lilia-herrera\/#respond"]}]},{"@type":"WebPage","@id":"https:\/\/expressometro.mx\/index.php\/2024\/06\/21\/inicia-la-reconstruccion-con-la-grandeza-del-priismo-mexiquense-ana-lilia-herrera\/","url":"https:\/\/expressometro.mx\/index.php\/2024\/06\/21\/inicia-la-reconstruccion-con-la-grandeza-del-priismo-mexiquense-ana-lilia-herrera\/","name":"INICIA LA RECONSTRUCCI\u00d3N CON LA GRANDEZA DEL PRIISMO MEXIQUENSE: ANA LILIA HERRERA - Expresso Metropolitano","isPartOf":{"@id":"https:\/\/expressometro.mx\/#website"},"primaryImageOfPage":{"@id":"https:\/\/expressometro.mx\/index.php\/2024\/06\/21\/inicia-la-reconstruccion-con-la-grandeza-del-priismo-mexiquense-ana-lilia-herrera\/#primaryimage"},"image":{"@id":"https:\/\/expressometro.mx\/index.php\/2024\/06\/21\/inicia-la-reconstruccion-con-la-grandeza-del-priismo-mexiquense-ana-lilia-herrera\/#primaryimage"},"thumbnailUrl":"https:\/\/expressometro.mx\/wp-content\/uploads\/2024\/06\/WhatsApp-Image-2024-06-21-at-8.24.31-PM-1.jpeg","datePublished":"2024-06-22T04:24:35+00:00","dateModified":"2024-06-22T04:35:28+00:00","breadcrumb":{"@id":"https:\/\/expressometro.mx\/index.php\/2024\/06\/21\/inicia-la-reconstruccion-con-la-grandeza-del-priismo-mexiquense-ana-lilia-herrera\/#breadcrumb"},"inLanguage":"es","potentialAction":[{"@type":"ReadAction","target":["https:\/\/expressometro.mx\/index.php\/2024\/06\/21\/inicia-la-reconstruccion-con-la-grandeza-del-priismo-mexiquense-ana-lilia-herrera\/"]}]},{"@type":"ImageObject","inLanguage":"es","@id":"https:\/\/expressometro.mx\/index.php\/2024\/06\/21\/inicia-la-reconstruccion-con-la-grandeza-del-priismo-mexiquense-ana-lilia-herrera\/#primaryimage","url":"https:\/\/expressometro.mx\/wp-content\/uploads\/2024\/06\/WhatsApp-Image-2024-06-21-at-8.24.31-PM-1.jpeg","contentUrl":"https:\/\/expressometro.mx\/wp-content\/uploads\/2024\/06\/WhatsApp-Image-2024-06-21-at-8.24.31-PM-1.jpeg","width":1280,"height":743},{"@type":"BreadcrumbList","@id":"https:\/\/expressometro.mx\/index.php\/2024\/06\/21\/inicia-la-reconstruccion-con-la-grandeza-del-priismo-mexiquense-ana-lilia-herrera\/#breadcrumb","itemListElement":[{"@type":"ListItem","position":1,"name":"Inicio","item":"https:\/\/expressometro.mx\/"},{"@type":"ListItem","position":2,"name":"INICIA LA RECONSTRUCCI\u00d3N CON LA GRANDEZA DEL PRIISMO MEXIQUENSE: ANA LILIA HERRERA"}]},{"@type":"WebSite","@id":"https:\/\/expressometro.mx\/#website","url":"https:\/\/expressometro.mx\/","name":"Expresso Metropolitano","description":"Periodismo comprometido, informaci\u00f3n, investigaci\u00f3n y an\u00e1lisis","publisher":{"@id":"https:\/\/expressometro.mx\/#organization"},"potentialAction":[{"@type":"SearchAction","target":{"@type":"EntryPoint","urlTemplate":"https:\/\/expressometro.mx\/?s={search_term_string}"},"query-input":{"@type":"PropertyValueSpecification","valueRequired":true,"valueName":"search_term_string"}}],"inLanguage":"es"},{"@type":"Organization","@id":"https:\/\/expressometro.mx\/#organization","name":"Expresso Metropolitano","url":"https:\/\/expressometro.mx\/","logo":{"@type":"ImageObject","inLanguage":"es","@id":"https:\/\/expressometro.mx\/#\/schema\/logo\/image\/","url":"https:\/\/expressometro.mx\/wp-content\/uploads\/2019\/07\/cropped-Logo-Expresso-Metropolitano-1-1.jpeg","contentUrl":"https:\/\/expressometro.mx\/wp-content\/uploads\/2019\/07\/cropped-Logo-Expresso-Metropolitano-1-1.jpeg","width":290,"height":73,"caption":"Expresso Metropolitano"},"image":{"@id":"https:\/\/expressometro.mx\/#\/schema\/logo\/image\/"}},{"@type":"Person","@id":"https:\/\/expressometro.mx\/#\/schema\/person\/efa971b4a0664db8ed5c22b1b0dd2f5d","name":"Expresso Metropolitano","image":{"@type":"ImageObject","inLanguage":"es","@id":"https:\/\/secure.gravatar.com\/avatar\/a89f802b8de18c6952f223c88d3d106e9e3679839f4e25a02f4a6cc2ae6ba3b3?s=96&d=mm&r=g","url":"https:\/\/secure.gravatar.com\/avatar\/a89f802b8de18c6952f223c88d3d106e9e3679839f4e25a02f4a6cc2ae6ba3b3?s=96&d=mm&r=g","contentUrl":"https:\/\/secure.gravatar.com\/avatar\/a89f802b8de18c6952f223c88d3d106e9e3679839f4e25a02f4a6cc2ae6ba3b3?s=96&d=mm&r=g","caption":"Expresso Metropolitano"},"url":"https:\/\/expressometro.mx\/index.php\/author\/diego\/"}]}},"amp_enabled":true,"_links":{"self":[{"href":"https:\/\/expressometro.mx\/index.php\/wp-json\/wp\/v2\/posts\/9487","targetHints":{"allow":["GET"]}}],"collection":[{"href":"https:\/\/expressometro.mx\/index.php\/wp-json\/wp\/v2\/posts"}],"about":[{"href":"https:\/\/expressometro.mx\/index.php\/wp-json\/wp\/v2\/types\/post"}],"author":[{"embeddable":true,"href":"https:\/\/expressometro.mx\/index.php\/wp-json\/wp\/v2\/users\/1"}],"replies":[{"embeddable":true,"href":"https:\/\/expressometro.mx\/index.php\/wp-json\/wp\/v2\/comments?post=9487"}],"version-history":[{"count":2,"href":"https:\/\/expressometro.mx\/index.php\/wp-json\/wp\/v2\/posts\/9487\/revisions"}],"predecessor-version":[{"id":9493,"href":"https:\/\/expressometro.mx\/index.php\/wp-json\/wp\/v2\/posts\/9487\/revisions\/9493"}],"wp:featuredmedia":[{"embeddable":true,"href":"https:\/\/expressometro.mx\/index.php\/wp-json\/wp\/v2\/media\/9490"}],"wp:attachment":[{"href":"https:\/\/expressometro.mx\/index.php\/wp-json\/wp\/v2\/media?parent=9487"}],"wp:term":[{"taxonomy":"category","embeddable":true,"href":"https:\/\/expressometro.mx\/index.php\/wp-json\/wp\/v2\/categories?post=9487"},{"taxonomy":"post_tag","embeddable":true,"href":"https:\/\/expressometro.mx\/index.php\/wp-json\/wp\/v2\/tags?post=9487"}],"curies":[{"name":"wp","href":"https:\/\/api.w.org\/{rel}","templated":true}]}}