{"id":9463,"date":"2024-06-06T20:39:33","date_gmt":"2024-06-07T01:39:33","guid":{"rendered":"https:\/\/expressometro.mx\/?p=9463"},"modified":"2024-06-06T20:39:33","modified_gmt":"2024-06-07T01:39:33","slug":"acreditan-triunfo-de-edna-talavera-en-rayon","status":"publish","type":"post","link":"https:\/\/expressometro.mx\/index.php\/2024\/06\/06\/acreditan-triunfo-de-edna-talavera-en-rayon\/","title":{"rendered":"ACREDITAN TRIUNFO DE EDNA TALAVERA EN RAY\u00d3N"},"content":{"rendered":"\n<p><\/p>\n\n\n\n<p>Al grito de \u00a1Edna Presidenta!, cientos de personas celebraron la entrega de constancia de mayor\u00eda y validez a Edna Talavera Mercado por ganar la elecci\u00f3n municipal de Santa Mar\u00eda Ray\u00f3n con el cuarenta por ciento de los votos contabilizados.<\/p>\n\n\n\n<p>Al terminar el c\u00f3mputo distrital, la autoridad electoral municipal entreg\u00f3 el documento que acredita su triunfo. Es un d\u00eda hist\u00f3rico para Ray\u00f3n porque \u201cvamos a dirigir con \u00e9xito el futuro del municipio y por la confianza en este proyecto se generar\u00e1n resultados positivos\u201d, puntualiz\u00f3.<\/p>\n\n\n\n<p>La candidata ganadora prometi\u00f3 honestidad y trabajo al recibir la constancia de mayor\u00eda por parte del IEEM, que oficialmente la convierte en la nueva presidenta municipal para el periodo 2025-2027.<\/p>\n\n\n\n<p>\u201cEs un momento trascendental en la vida p\u00fablica de Ray\u00f3n, pues me convierto en la segunda mujer rayonense electa para asumir este honorable cargo; estoy profundamente agradecida con mi maravilloso equipo, son mi planilla estrella que siempre han estado a mi lado, respald\u00e1ndome y acompa\u00f1\u00e1ndome\u201d, agreg\u00f3.<\/p>\n\n\n\n<p>Afirm\u00f3 que esta confianza de los electores reafirma el compromiso de trabajar incansablemente cada d\u00eda para llevar a Santa Mar\u00eda Ray\u00f3n y San Juan la Isla hacia lo m\u00e1s alto.<\/p>\n\n\n\n<p>\u201cEste triunfo es de todas y todos los rayonenses; ser\u00e1 un gobierno de todos; gracias a quienes han depositado su confianza en nuestro proyecto, el cual continuar\u00e1 generando resultados positivos para nuestra comunidad\u201d, manifest\u00f3.<\/p>\n","protected":false},"excerpt":{"rendered":"<p>Al grito de \u00a1Edna Presidenta!, cientos de personas celebraron la entrega de constancia de mayor\u00eda y validez a Edna Talavera Mercado por ganar la elecci\u00f3n municipal de Santa Mar\u00eda Ray\u00f3n con el cuarenta por ciento de los votos contabilizados.<\/p>\n","protected":false},"author":1,"featured_media":9465,"comment_status":"open","ping_status":"open","sticky":false,"template":"","format":"standard","meta":{"footnotes":""},"categories":[3,1,231],"tags":[1982,86,2367],"class_list":["post-9463","post","type-post","status-publish","format-standard","has-post-thumbnail","hentry","category-gobierno","category-otros","category-politica","tag-edomex","tag-gem","tag-santa-maria-rayon"],"yoast_head":"<!-- This site is optimized with the Yoast SEO plugin v27.5 - https:\/\/yoast.com\/product\/yoast-seo-wordpress\/ -->\n<title>ACREDITAN TRIUNFO DE EDNA TALAVERA EN RAY\u00d3N - Expresso Metropolitano<\/title>\n<meta name=\"robots\" content=\"index, follow, max-snippet:-1, max-image-preview:large, max-video-preview:-1\" \/>\n<link rel=\"canonical\" href=\"https:\/\/expressometro.mx\/index.php\/2024\/06\/06\/acreditan-triunfo-de-edna-talavera-en-rayon\/\" \/>\n<meta property=\"og:locale\" content=\"es_MX\" \/>\n<meta property=\"og:type\" content=\"article\" \/>\n<meta property=\"og:title\" content=\"ACREDITAN TRIUNFO DE EDNA TALAVERA EN RAY\u00d3N - Expresso Metropolitano\" \/>\n<meta property=\"og:description\" content=\"Al grito de \u00a1Edna Presidenta!, cientos de personas celebraron la entrega de constancia de mayor\u00eda y validez a Edna Talavera Mercado por ganar la elecci\u00f3n municipal de Santa Mar\u00eda Ray\u00f3n con el cuarenta por ciento de los votos contabilizados.\" \/>\n<meta property=\"og:url\" content=\"https:\/\/expressometro.mx\/index.php\/2024\/06\/06\/acreditan-triunfo-de-edna-talavera-en-rayon\/\" \/>\n<meta property=\"og:site_name\" content=\"Expresso Metropolitano\" \/>\n<meta property=\"article:published_time\" content=\"2024-06-07T01:39:33+00:00\" \/>\n<meta property=\"og:image\" content=\"http:\/\/expressometro.mx\/wp-content\/uploads\/2024\/06\/WhatsApp-Image-2024-06-06-at-2.50.01-PM.jpeg\" \/>\n\t<meta property=\"og:image:width\" content=\"1600\" \/>\n\t<meta property=\"og:image:height\" content=\"1066\" \/>\n\t<meta property=\"og:image:type\" content=\"image\/jpeg\" \/>\n<meta name=\"author\" content=\"Expresso Metropolitano\" \/>\n<meta name=\"twitter:label1\" content=\"Escrito por\" \/>\n\t<meta name=\"twitter:data1\" content=\"Expresso Metropolitano\" \/>\n\t<meta name=\"twitter:label2\" content=\"Tiempo de lectura\" \/>\n\t<meta name=\"twitter:data2\" content=\"2 minutos\" \/>\n<script type=\"application\/ld+json\" class=\"yoast-schema-graph\">{\"@context\":\"https:\\\/\\\/schema.org\",\"@graph\":[{\"@type\":\"Article\",\"@id\":\"https:\\\/\\\/expressometro.mx\\\/index.php\\\/2024\\\/06\\\/06\\\/acreditan-triunfo-de-edna-talavera-en-rayon\\\/#article\",\"isPartOf\":{\"@id\":\"https:\\\/\\\/expressometro.mx\\\/index.php\\\/2024\\\/06\\\/06\\\/acreditan-triunfo-de-edna-talavera-en-rayon\\\/\"},\"author\":{\"name\":\"Expresso Metropolitano\",\"@id\":\"https:\\\/\\\/expressometro.mx\\\/#\\\/schema\\\/person\\\/efa971b4a0664db8ed5c22b1b0dd2f5d\"},\"headline\":\"ACREDITAN TRIUNFO DE EDNA TALAVERA EN RAY\u00d3N\",\"datePublished\":\"2024-06-07T01:39:33+00:00\",\"mainEntityOfPage\":{\"@id\":\"https:\\\/\\\/expressometro.mx\\\/index.php\\\/2024\\\/06\\\/06\\\/acreditan-triunfo-de-edna-talavera-en-rayon\\\/\"},\"wordCount\":249,\"commentCount\":0,\"publisher\":{\"@id\":\"https:\\\/\\\/expressometro.mx\\\/#organization\"},\"image\":{\"@id\":\"https:\\\/\\\/expressometro.mx\\\/index.php\\\/2024\\\/06\\\/06\\\/acreditan-triunfo-de-edna-talavera-en-rayon\\\/#primaryimage\"},\"thumbnailUrl\":\"https:\\\/\\\/expressometro.mx\\\/wp-content\\\/uploads\\\/2024\\\/06\\\/WhatsApp-Image-2024-06-06-at-2.50.01-PM.jpeg\",\"keywords\":[\"Edomex\",\"GEM\",\"Santa Mar\u00eda Ray\u00f3n\"],\"articleSection\":[\"Gobierno\",\"Otros\",\"Pol\u00edtica\"],\"inLanguage\":\"es\",\"potentialAction\":[{\"@type\":\"CommentAction\",\"name\":\"Comment\",\"target\":[\"https:\\\/\\\/expressometro.mx\\\/index.php\\\/2024\\\/06\\\/06\\\/acreditan-triunfo-de-edna-talavera-en-rayon\\\/#respond\"]}]},{\"@type\":\"WebPage\",\"@id\":\"https:\\\/\\\/expressometro.mx\\\/index.php\\\/2024\\\/06\\\/06\\\/acreditan-triunfo-de-edna-talavera-en-rayon\\\/\",\"url\":\"https:\\\/\\\/expressometro.mx\\\/index.php\\\/2024\\\/06\\\/06\\\/acreditan-triunfo-de-edna-talavera-en-rayon\\\/\",\"name\":\"ACREDITAN TRIUNFO DE EDNA TALAVERA EN RAY\u00d3N - Expresso Metropolitano\",\"isPartOf\":{\"@id\":\"https:\\\/\\\/expressometro.mx\\\/#website\"},\"primaryImageOfPage\":{\"@id\":\"https:\\\/\\\/expressometro.mx\\\/index.php\\\/2024\\\/06\\\/06\\\/acreditan-triunfo-de-edna-talavera-en-rayon\\\/#primaryimage\"},\"image\":{\"@id\":\"https:\\\/\\\/expressometro.mx\\\/index.php\\\/2024\\\/06\\\/06\\\/acreditan-triunfo-de-edna-talavera-en-rayon\\\/#primaryimage\"},\"thumbnailUrl\":\"https:\\\/\\\/expressometro.mx\\\/wp-content\\\/uploads\\\/2024\\\/06\\\/WhatsApp-Image-2024-06-06-at-2.50.01-PM.jpeg\",\"datePublished\":\"2024-06-07T01:39:33+00:00\",\"breadcrumb\":{\"@id\":\"https:\\\/\\\/expressometro.mx\\\/index.php\\\/2024\\\/06\\\/06\\\/acreditan-triunfo-de-edna-talavera-en-rayon\\\/#breadcrumb\"},\"inLanguage\":\"es\",\"potentialAction\":[{\"@type\":\"ReadAction\",\"target\":[\"https:\\\/\\\/expressometro.mx\\\/index.php\\\/2024\\\/06\\\/06\\\/acreditan-triunfo-de-edna-talavera-en-rayon\\\/\"]}]},{\"@type\":\"ImageObject\",\"inLanguage\":\"es\",\"@id\":\"https:\\\/\\\/expressometro.mx\\\/index.php\\\/2024\\\/06\\\/06\\\/acreditan-triunfo-de-edna-talavera-en-rayon\\\/#primaryimage\",\"url\":\"https:\\\/\\\/expressometro.mx\\\/wp-content\\\/uploads\\\/2024\\\/06\\\/WhatsApp-Image-2024-06-06-at-2.50.01-PM.jpeg\",\"contentUrl\":\"https:\\\/\\\/expressometro.mx\\\/wp-content\\\/uploads\\\/2024\\\/06\\\/WhatsApp-Image-2024-06-06-at-2.50.01-PM.jpeg\",\"width\":1600,\"height\":1066},{\"@type\":\"BreadcrumbList\",\"@id\":\"https:\\\/\\\/expressometro.mx\\\/index.php\\\/2024\\\/06\\\/06\\\/acreditan-triunfo-de-edna-talavera-en-rayon\\\/#breadcrumb\",\"itemListElement\":[{\"@type\":\"ListItem\",\"position\":1,\"name\":\"Inicio\",\"item\":\"https:\\\/\\\/expressometro.mx\\\/\"},{\"@type\":\"ListItem\",\"position\":2,\"name\":\"ACREDITAN TRIUNFO DE EDNA TALAVERA EN RAY\u00d3N\"}]},{\"@type\":\"WebSite\",\"@id\":\"https:\\\/\\\/expressometro.mx\\\/#website\",\"url\":\"https:\\\/\\\/expressometro.mx\\\/\",\"name\":\"Expresso Metropolitano\",\"description\":\"Periodismo comprometido, informaci\u00f3n, investigaci\u00f3n y an\u00e1lisis\",\"publisher\":{\"@id\":\"https:\\\/\\\/expressometro.mx\\\/#organization\"},\"potentialAction\":[{\"@type\":\"SearchAction\",\"target\":{\"@type\":\"EntryPoint\",\"urlTemplate\":\"https:\\\/\\\/expressometro.mx\\\/?s={search_term_string}\"},\"query-input\":{\"@type\":\"PropertyValueSpecification\",\"valueRequired\":true,\"valueName\":\"search_term_string\"}}],\"inLanguage\":\"es\"},{\"@type\":\"Organization\",\"@id\":\"https:\\\/\\\/expressometro.mx\\\/#organization\",\"name\":\"Expresso Metropolitano\",\"url\":\"https:\\\/\\\/expressometro.mx\\\/\",\"logo\":{\"@type\":\"ImageObject\",\"inLanguage\":\"es\",\"@id\":\"https:\\\/\\\/expressometro.mx\\\/#\\\/schema\\\/logo\\\/image\\\/\",\"url\":\"https:\\\/\\\/expressometro.mx\\\/wp-content\\\/uploads\\\/2019\\\/07\\\/cropped-Logo-Expresso-Metropolitano-1-1.jpeg\",\"contentUrl\":\"https:\\\/\\\/expressometro.mx\\\/wp-content\\\/uploads\\\/2019\\\/07\\\/cropped-Logo-Expresso-Metropolitano-1-1.jpeg\",\"width\":290,\"height\":73,\"caption\":\"Expresso Metropolitano\"},\"image\":{\"@id\":\"https:\\\/\\\/expressometro.mx\\\/#\\\/schema\\\/logo\\\/image\\\/\"}},{\"@type\":\"Person\",\"@id\":\"https:\\\/\\\/expressometro.mx\\\/#\\\/schema\\\/person\\\/efa971b4a0664db8ed5c22b1b0dd2f5d\",\"name\":\"Expresso Metropolitano\",\"image\":{\"@type\":\"ImageObject\",\"inLanguage\":\"es\",\"@id\":\"https:\\\/\\\/secure.gravatar.com\\\/avatar\\\/a89f802b8de18c6952f223c88d3d106e9e3679839f4e25a02f4a6cc2ae6ba3b3?s=96&d=mm&r=g\",\"url\":\"https:\\\/\\\/secure.gravatar.com\\\/avatar\\\/a89f802b8de18c6952f223c88d3d106e9e3679839f4e25a02f4a6cc2ae6ba3b3?s=96&d=mm&r=g\",\"contentUrl\":\"https:\\\/\\\/secure.gravatar.com\\\/avatar\\\/a89f802b8de18c6952f223c88d3d106e9e3679839f4e25a02f4a6cc2ae6ba3b3?s=96&d=mm&r=g\",\"caption\":\"Expresso Metropolitano\"},\"url\":\"https:\\\/\\\/expressometro.mx\\\/index.php\\\/author\\\/diego\\\/\"}]}<\/script>\n<!-- \/ Yoast SEO plugin. -->","yoast_head_json":{"title":"ACREDITAN TRIUNFO DE EDNA TALAVERA EN RAY\u00d3N - Expresso Metropolitano","robots":{"index":"index","follow":"follow","max-snippet":"max-snippet:-1","max-image-preview":"max-image-preview:large","max-video-preview":"max-video-preview:-1"},"canonical":"https:\/\/expressometro.mx\/index.php\/2024\/06\/06\/acreditan-triunfo-de-edna-talavera-en-rayon\/","og_locale":"es_MX","og_type":"article","og_title":"ACREDITAN TRIUNFO DE EDNA TALAVERA EN RAY\u00d3N - Expresso Metropolitano","og_description":"Al grito de \u00a1Edna Presidenta!, cientos de personas celebraron la entrega de constancia de mayor\u00eda y validez a Edna Talavera Mercado por ganar la elecci\u00f3n municipal de Santa Mar\u00eda Ray\u00f3n con el cuarenta por ciento de los votos contabilizados.","og_url":"https:\/\/expressometro.mx\/index.php\/2024\/06\/06\/acreditan-triunfo-de-edna-talavera-en-rayon\/","og_site_name":"Expresso Metropolitano","article_published_time":"2024-06-07T01:39:33+00:00","og_image":[{"width":1600,"height":1066,"url":"http:\/\/expressometro.mx\/wp-content\/uploads\/2024\/06\/WhatsApp-Image-2024-06-06-at-2.50.01-PM.jpeg","type":"image\/jpeg"}],"author":"Expresso Metropolitano","twitter_misc":{"Escrito por":"Expresso Metropolitano","Tiempo de lectura":"2 minutos"},"schema":{"@context":"https:\/\/schema.org","@graph":[{"@type":"Article","@id":"https:\/\/expressometro.mx\/index.php\/2024\/06\/06\/acreditan-triunfo-de-edna-talavera-en-rayon\/#article","isPartOf":{"@id":"https:\/\/expressometro.mx\/index.php\/2024\/06\/06\/acreditan-triunfo-de-edna-talavera-en-rayon\/"},"author":{"name":"Expresso Metropolitano","@id":"https:\/\/expressometro.mx\/#\/schema\/person\/efa971b4a0664db8ed5c22b1b0dd2f5d"},"headline":"ACREDITAN TRIUNFO DE EDNA TALAVERA EN RAY\u00d3N","datePublished":"2024-06-07T01:39:33+00:00","mainEntityOfPage":{"@id":"https:\/\/expressometro.mx\/index.php\/2024\/06\/06\/acreditan-triunfo-de-edna-talavera-en-rayon\/"},"wordCount":249,"commentCount":0,"publisher":{"@id":"https:\/\/expressometro.mx\/#organization"},"image":{"@id":"https:\/\/expressometro.mx\/index.php\/2024\/06\/06\/acreditan-triunfo-de-edna-talavera-en-rayon\/#primaryimage"},"thumbnailUrl":"https:\/\/expressometro.mx\/wp-content\/uploads\/2024\/06\/WhatsApp-Image-2024-06-06-at-2.50.01-PM.jpeg","keywords":["Edomex","GEM","Santa Mar\u00eda Ray\u00f3n"],"articleSection":["Gobierno","Otros","Pol\u00edtica"],"inLanguage":"es","potentialAction":[{"@type":"CommentAction","name":"Comment","target":["https:\/\/expressometro.mx\/index.php\/2024\/06\/06\/acreditan-triunfo-de-edna-talavera-en-rayon\/#respond"]}]},{"@type":"WebPage","@id":"https:\/\/expressometro.mx\/index.php\/2024\/06\/06\/acreditan-triunfo-de-edna-talavera-en-rayon\/","url":"https:\/\/expressometro.mx\/index.php\/2024\/06\/06\/acreditan-triunfo-de-edna-talavera-en-rayon\/","name":"ACREDITAN TRIUNFO DE EDNA TALAVERA EN RAY\u00d3N - Expresso Metropolitano","isPartOf":{"@id":"https:\/\/expressometro.mx\/#website"},"primaryImageOfPage":{"@id":"https:\/\/expressometro.mx\/index.php\/2024\/06\/06\/acreditan-triunfo-de-edna-talavera-en-rayon\/#primaryimage"},"image":{"@id":"https:\/\/expressometro.mx\/index.php\/2024\/06\/06\/acreditan-triunfo-de-edna-talavera-en-rayon\/#primaryimage"},"thumbnailUrl":"https:\/\/expressometro.mx\/wp-content\/uploads\/2024\/06\/WhatsApp-Image-2024-06-06-at-2.50.01-PM.jpeg","datePublished":"2024-06-07T01:39:33+00:00","breadcrumb":{"@id":"https:\/\/expressometro.mx\/index.php\/2024\/06\/06\/acreditan-triunfo-de-edna-talavera-en-rayon\/#breadcrumb"},"inLanguage":"es","potentialAction":[{"@type":"ReadAction","target":["https:\/\/expressometro.mx\/index.php\/2024\/06\/06\/acreditan-triunfo-de-edna-talavera-en-rayon\/"]}]},{"@type":"ImageObject","inLanguage":"es","@id":"https:\/\/expressometro.mx\/index.php\/2024\/06\/06\/acreditan-triunfo-de-edna-talavera-en-rayon\/#primaryimage","url":"https:\/\/expressometro.mx\/wp-content\/uploads\/2024\/06\/WhatsApp-Image-2024-06-06-at-2.50.01-PM.jpeg","contentUrl":"https:\/\/expressometro.mx\/wp-content\/uploads\/2024\/06\/WhatsApp-Image-2024-06-06-at-2.50.01-PM.jpeg","width":1600,"height":1066},{"@type":"BreadcrumbList","@id":"https:\/\/expressometro.mx\/index.php\/2024\/06\/06\/acreditan-triunfo-de-edna-talavera-en-rayon\/#breadcrumb","itemListElement":[{"@type":"ListItem","position":1,"name":"Inicio","item":"https:\/\/expressometro.mx\/"},{"@type":"ListItem","position":2,"name":"ACREDITAN TRIUNFO DE EDNA TALAVERA EN RAY\u00d3N"}]},{"@type":"WebSite","@id":"https:\/\/expressometro.mx\/#website","url":"https:\/\/expressometro.mx\/","name":"Expresso Metropolitano","description":"Periodismo comprometido, informaci\u00f3n, investigaci\u00f3n y an\u00e1lisis","publisher":{"@id":"https:\/\/expressometro.mx\/#organization"},"potentialAction":[{"@type":"SearchAction","target":{"@type":"EntryPoint","urlTemplate":"https:\/\/expressometro.mx\/?s={search_term_string}"},"query-input":{"@type":"PropertyValueSpecification","valueRequired":true,"valueName":"search_term_string"}}],"inLanguage":"es"},{"@type":"Organization","@id":"https:\/\/expressometro.mx\/#organization","name":"Expresso Metropolitano","url":"https:\/\/expressometro.mx\/","logo":{"@type":"ImageObject","inLanguage":"es","@id":"https:\/\/expressometro.mx\/#\/schema\/logo\/image\/","url":"https:\/\/expressometro.mx\/wp-content\/uploads\/2019\/07\/cropped-Logo-Expresso-Metropolitano-1-1.jpeg","contentUrl":"https:\/\/expressometro.mx\/wp-content\/uploads\/2019\/07\/cropped-Logo-Expresso-Metropolitano-1-1.jpeg","width":290,"height":73,"caption":"Expresso Metropolitano"},"image":{"@id":"https:\/\/expressometro.mx\/#\/schema\/logo\/image\/"}},{"@type":"Person","@id":"https:\/\/expressometro.mx\/#\/schema\/person\/efa971b4a0664db8ed5c22b1b0dd2f5d","name":"Expresso Metropolitano","image":{"@type":"ImageObject","inLanguage":"es","@id":"https:\/\/secure.gravatar.com\/avatar\/a89f802b8de18c6952f223c88d3d106e9e3679839f4e25a02f4a6cc2ae6ba3b3?s=96&d=mm&r=g","url":"https:\/\/secure.gravatar.com\/avatar\/a89f802b8de18c6952f223c88d3d106e9e3679839f4e25a02f4a6cc2ae6ba3b3?s=96&d=mm&r=g","contentUrl":"https:\/\/secure.gravatar.com\/avatar\/a89f802b8de18c6952f223c88d3d106e9e3679839f4e25a02f4a6cc2ae6ba3b3?s=96&d=mm&r=g","caption":"Expresso Metropolitano"},"url":"https:\/\/expressometro.mx\/index.php\/author\/diego\/"}]}},"amp_enabled":true,"_links":{"self":[{"href":"https:\/\/expressometro.mx\/index.php\/wp-json\/wp\/v2\/posts\/9463","targetHints":{"allow":["GET"]}}],"collection":[{"href":"https:\/\/expressometro.mx\/index.php\/wp-json\/wp\/v2\/posts"}],"about":[{"href":"https:\/\/expressometro.mx\/index.php\/wp-json\/wp\/v2\/types\/post"}],"author":[{"embeddable":true,"href":"https:\/\/expressometro.mx\/index.php\/wp-json\/wp\/v2\/users\/1"}],"replies":[{"embeddable":true,"href":"https:\/\/expressometro.mx\/index.php\/wp-json\/wp\/v2\/comments?post=9463"}],"version-history":[{"count":1,"href":"https:\/\/expressometro.mx\/index.php\/wp-json\/wp\/v2\/posts\/9463\/revisions"}],"predecessor-version":[{"id":9466,"href":"https:\/\/expressometro.mx\/index.php\/wp-json\/wp\/v2\/posts\/9463\/revisions\/9466"}],"wp:featuredmedia":[{"embeddable":true,"href":"https:\/\/expressometro.mx\/index.php\/wp-json\/wp\/v2\/media\/9465"}],"wp:attachment":[{"href":"https:\/\/expressometro.mx\/index.php\/wp-json\/wp\/v2\/media?parent=9463"}],"wp:term":[{"taxonomy":"category","embeddable":true,"href":"https:\/\/expressometro.mx\/index.php\/wp-json\/wp\/v2\/categories?post=9463"},{"taxonomy":"post_tag","embeddable":true,"href":"https:\/\/expressometro.mx\/index.php\/wp-json\/wp\/v2\/tags?post=9463"}],"curies":[{"name":"wp","href":"https:\/\/api.w.org\/{rel}","templated":true}]}}