{"id":9447,"date":"2024-06-06T11:09:03","date_gmt":"2024-06-06T16:09:03","guid":{"rendered":"https:\/\/expressometro.mx\/?p=9447"},"modified":"2024-06-06T11:09:03","modified_gmt":"2024-06-06T16:09:03","slug":"ana-muniz-neyra-es-presidenta-municipal-electa-para-el-periodo-2025-2027-en-san-mateo-atenco","status":"publish","type":"post","link":"https:\/\/expressometro.mx\/index.php\/2024\/06\/06\/ana-muniz-neyra-es-presidenta-municipal-electa-para-el-periodo-2025-2027-en-san-mateo-atenco\/","title":{"rendered":"ANA MU\u00d1IZ NEYRA ES PRESIDENTA MUNICIPAL ELECTA PARA EL PERIODO 2025-2027 EN SAN MATEO ATENCO"},"content":{"rendered":"\n<p><\/p>\n\n\n\n<p>\u2022 Se convierte en la primera mujer en gobernar dos periodos consecutivos en San Mateo Atenco.<\/p>\n\n\n\n<p>\u2022 Es la primera mujer en obtener una votaci\u00f3n hist\u00f3rica de 20 mil 128 sufragios.<\/p>\n\n\n\n<p>El Consejo Municipal Electoral 077, San Mateo Atenco, declar\u00f3 la validez de la elecci\u00f3n de Ayuntamientos y otorg\u00f3 la constancia de mayor\u00eda como Presidenta Municipal a Ana Aurora Mu\u00f1iz Neyra, e integrantes de la planilla, para el periodo 2025-2027 y con ello se convierte en la primera mujer que gobernar\u00e1 por seis a\u00f1os San Mateo Atenco, con una votaci\u00f3n hist\u00f3rica de 20 mil 128 sufragios.<\/p>\n\n\n\n<p>En su mensaje agradeci\u00f3 a vecinas y vecinos que le otorgaron su voto y confianza para seguir trabajando unidos; a las candidatas y candidatos de otras expresiones pol\u00edticas y, en particular, a todas y todos los atenquenses que los acompa\u00f1aron, \u201cles reitero mi firme compromiso de sumar voluntades y trabajar unidos por San Mateo Atenco.\u201d<\/p>\n\n\n\n<p>En el Consejo Municipal n\u00famero 077 del IEEM, con sede en San Mateo Atenco, la alcaldesa con licencia se comprometi\u00f3 a gobernar para todas las familias atenquenses, \u201cporque ese es el fundamento de la democracia, elegir para servir a todas y todos por igual\u201d, dijo.<\/p>\n\n\n\n<p>Destac\u00f3 que cumplir\u00e1 con cada uno de sus compromisos y las propuestas de campa\u00f1a ser\u00e1n realidades para impulsar el avance, el crecimiento y el desarrollo de San Mateo Atenco.<\/p>\n\n\n\n<p>Con este acto se confirma y reconoce el triunfo de Ana Mu\u00f1iz Neyra en las elecciones del pasado 2 de junio.<\/p>\n","protected":false},"excerpt":{"rendered":"<p>El Consejo Municipal Electoral 077, San Mateo Atenco, declar\u00f3 la validez de la elecci\u00f3n de Ayuntamientos y otorg\u00f3 la constancia de mayor\u00eda como Presidenta Municipal a Ana Aurora Mu\u00f1iz Neyra, e integrantes de la planilla, para el periodo 2025-2027 y con ello se convierte en la primera mujer que gobernar\u00e1 por seis a\u00f1os San Mateo Atenco, con una votaci\u00f3n hist\u00f3rica de 20 mil 128 sufragios.<\/p>\n","protected":false},"author":1,"featured_media":9449,"comment_status":"open","ping_status":"open","sticky":false,"template":"","format":"standard","meta":{"footnotes":""},"categories":[3,1,231],"tags":[2352,1982,158,386],"class_list":["post-9447","post","type-post","status-publish","format-standard","has-post-thumbnail","hentry","category-gobierno","category-otros","category-politica","tag-ana-muniz-neyra","tag-edomex","tag-pri","tag-san-mateo-atenco"],"yoast_head":"<!-- This site is optimized with the Yoast SEO plugin v27.5 - https:\/\/yoast.com\/product\/yoast-seo-wordpress\/ -->\n<title>ANA MU\u00d1IZ NEYRA ES PRESIDENTA MUNICIPAL ELECTA PARA EL PERIODO 2025-2027 EN SAN MATEO ATENCO - Expresso Metropolitano<\/title>\n<meta name=\"robots\" content=\"index, follow, max-snippet:-1, max-image-preview:large, max-video-preview:-1\" \/>\n<link rel=\"canonical\" href=\"https:\/\/expressometro.mx\/index.php\/2024\/06\/06\/ana-muniz-neyra-es-presidenta-municipal-electa-para-el-periodo-2025-2027-en-san-mateo-atenco\/\" \/>\n<meta property=\"og:locale\" content=\"es_MX\" \/>\n<meta property=\"og:type\" content=\"article\" \/>\n<meta property=\"og:title\" content=\"ANA MU\u00d1IZ NEYRA ES PRESIDENTA MUNICIPAL ELECTA PARA EL PERIODO 2025-2027 EN SAN MATEO ATENCO - Expresso Metropolitano\" \/>\n<meta property=\"og:description\" content=\"El Consejo Municipal Electoral 077, San Mateo Atenco, declar\u00f3 la validez de la elecci\u00f3n de Ayuntamientos y otorg\u00f3 la constancia de mayor\u00eda como Presidenta Municipal a Ana Aurora Mu\u00f1iz Neyra, e integrantes de la planilla, para el periodo 2025-2027 y con ello se convierte en la primera mujer que gobernar\u00e1 por seis a\u00f1os San Mateo Atenco, con una votaci\u00f3n hist\u00f3rica de 20 mil 128 sufragios.\" \/>\n<meta property=\"og:url\" content=\"https:\/\/expressometro.mx\/index.php\/2024\/06\/06\/ana-muniz-neyra-es-presidenta-municipal-electa-para-el-periodo-2025-2027-en-san-mateo-atenco\/\" \/>\n<meta property=\"og:site_name\" content=\"Expresso Metropolitano\" \/>\n<meta property=\"article:published_time\" content=\"2024-06-06T16:09:03+00:00\" \/>\n<meta property=\"og:image\" content=\"http:\/\/expressometro.mx\/wp-content\/uploads\/2024\/06\/WhatsApp-Image-2024-06-06-at-9.20.26-AM-1.jpeg\" \/>\n\t<meta property=\"og:image:width\" content=\"1280\" \/>\n\t<meta property=\"og:image:height\" content=\"975\" \/>\n\t<meta property=\"og:image:type\" content=\"image\/jpeg\" \/>\n<meta name=\"author\" content=\"Expresso Metropolitano\" \/>\n<meta name=\"twitter:label1\" content=\"Escrito por\" \/>\n\t<meta name=\"twitter:data1\" content=\"Expresso Metropolitano\" \/>\n\t<meta name=\"twitter:label2\" content=\"Tiempo de lectura\" \/>\n\t<meta name=\"twitter:data2\" content=\"2 minutos\" \/>\n<script type=\"application\/ld+json\" class=\"yoast-schema-graph\">{\"@context\":\"https:\\\/\\\/schema.org\",\"@graph\":[{\"@type\":\"Article\",\"@id\":\"https:\\\/\\\/expressometro.mx\\\/index.php\\\/2024\\\/06\\\/06\\\/ana-muniz-neyra-es-presidenta-municipal-electa-para-el-periodo-2025-2027-en-san-mateo-atenco\\\/#article\",\"isPartOf\":{\"@id\":\"https:\\\/\\\/expressometro.mx\\\/index.php\\\/2024\\\/06\\\/06\\\/ana-muniz-neyra-es-presidenta-municipal-electa-para-el-periodo-2025-2027-en-san-mateo-atenco\\\/\"},\"author\":{\"name\":\"Expresso Metropolitano\",\"@id\":\"https:\\\/\\\/expressometro.mx\\\/#\\\/schema\\\/person\\\/efa971b4a0664db8ed5c22b1b0dd2f5d\"},\"headline\":\"ANA MU\u00d1IZ NEYRA ES PRESIDENTA MUNICIPAL ELECTA PARA EL PERIODO 2025-2027 EN SAN MATEO ATENCO\",\"datePublished\":\"2024-06-06T16:09:03+00:00\",\"mainEntityOfPage\":{\"@id\":\"https:\\\/\\\/expressometro.mx\\\/index.php\\\/2024\\\/06\\\/06\\\/ana-muniz-neyra-es-presidenta-municipal-electa-para-el-periodo-2025-2027-en-san-mateo-atenco\\\/\"},\"wordCount\":267,\"commentCount\":0,\"publisher\":{\"@id\":\"https:\\\/\\\/expressometro.mx\\\/#organization\"},\"image\":{\"@id\":\"https:\\\/\\\/expressometro.mx\\\/index.php\\\/2024\\\/06\\\/06\\\/ana-muniz-neyra-es-presidenta-municipal-electa-para-el-periodo-2025-2027-en-san-mateo-atenco\\\/#primaryimage\"},\"thumbnailUrl\":\"https:\\\/\\\/expressometro.mx\\\/wp-content\\\/uploads\\\/2024\\\/06\\\/WhatsApp-Image-2024-06-06-at-9.20.26-AM-1.jpeg\",\"keywords\":[\"Ana Mu\u00f1iz Neyra\",\"Edomex\",\"PRI\",\"San Mateo Atenco\"],\"articleSection\":[\"Gobierno\",\"Otros\",\"Pol\u00edtica\"],\"inLanguage\":\"es\",\"potentialAction\":[{\"@type\":\"CommentAction\",\"name\":\"Comment\",\"target\":[\"https:\\\/\\\/expressometro.mx\\\/index.php\\\/2024\\\/06\\\/06\\\/ana-muniz-neyra-es-presidenta-municipal-electa-para-el-periodo-2025-2027-en-san-mateo-atenco\\\/#respond\"]}]},{\"@type\":\"WebPage\",\"@id\":\"https:\\\/\\\/expressometro.mx\\\/index.php\\\/2024\\\/06\\\/06\\\/ana-muniz-neyra-es-presidenta-municipal-electa-para-el-periodo-2025-2027-en-san-mateo-atenco\\\/\",\"url\":\"https:\\\/\\\/expressometro.mx\\\/index.php\\\/2024\\\/06\\\/06\\\/ana-muniz-neyra-es-presidenta-municipal-electa-para-el-periodo-2025-2027-en-san-mateo-atenco\\\/\",\"name\":\"ANA MU\u00d1IZ NEYRA ES PRESIDENTA MUNICIPAL ELECTA PARA EL PERIODO 2025-2027 EN SAN MATEO ATENCO - Expresso Metropolitano\",\"isPartOf\":{\"@id\":\"https:\\\/\\\/expressometro.mx\\\/#website\"},\"primaryImageOfPage\":{\"@id\":\"https:\\\/\\\/expressometro.mx\\\/index.php\\\/2024\\\/06\\\/06\\\/ana-muniz-neyra-es-presidenta-municipal-electa-para-el-periodo-2025-2027-en-san-mateo-atenco\\\/#primaryimage\"},\"image\":{\"@id\":\"https:\\\/\\\/expressometro.mx\\\/index.php\\\/2024\\\/06\\\/06\\\/ana-muniz-neyra-es-presidenta-municipal-electa-para-el-periodo-2025-2027-en-san-mateo-atenco\\\/#primaryimage\"},\"thumbnailUrl\":\"https:\\\/\\\/expressometro.mx\\\/wp-content\\\/uploads\\\/2024\\\/06\\\/WhatsApp-Image-2024-06-06-at-9.20.26-AM-1.jpeg\",\"datePublished\":\"2024-06-06T16:09:03+00:00\",\"breadcrumb\":{\"@id\":\"https:\\\/\\\/expressometro.mx\\\/index.php\\\/2024\\\/06\\\/06\\\/ana-muniz-neyra-es-presidenta-municipal-electa-para-el-periodo-2025-2027-en-san-mateo-atenco\\\/#breadcrumb\"},\"inLanguage\":\"es\",\"potentialAction\":[{\"@type\":\"ReadAction\",\"target\":[\"https:\\\/\\\/expressometro.mx\\\/index.php\\\/2024\\\/06\\\/06\\\/ana-muniz-neyra-es-presidenta-municipal-electa-para-el-periodo-2025-2027-en-san-mateo-atenco\\\/\"]}]},{\"@type\":\"ImageObject\",\"inLanguage\":\"es\",\"@id\":\"https:\\\/\\\/expressometro.mx\\\/index.php\\\/2024\\\/06\\\/06\\\/ana-muniz-neyra-es-presidenta-municipal-electa-para-el-periodo-2025-2027-en-san-mateo-atenco\\\/#primaryimage\",\"url\":\"https:\\\/\\\/expressometro.mx\\\/wp-content\\\/uploads\\\/2024\\\/06\\\/WhatsApp-Image-2024-06-06-at-9.20.26-AM-1.jpeg\",\"contentUrl\":\"https:\\\/\\\/expressometro.mx\\\/wp-content\\\/uploads\\\/2024\\\/06\\\/WhatsApp-Image-2024-06-06-at-9.20.26-AM-1.jpeg\",\"width\":1280,\"height\":975},{\"@type\":\"BreadcrumbList\",\"@id\":\"https:\\\/\\\/expressometro.mx\\\/index.php\\\/2024\\\/06\\\/06\\\/ana-muniz-neyra-es-presidenta-municipal-electa-para-el-periodo-2025-2027-en-san-mateo-atenco\\\/#breadcrumb\",\"itemListElement\":[{\"@type\":\"ListItem\",\"position\":1,\"name\":\"Inicio\",\"item\":\"https:\\\/\\\/expressometro.mx\\\/\"},{\"@type\":\"ListItem\",\"position\":2,\"name\":\"ANA MU\u00d1IZ NEYRA ES PRESIDENTA MUNICIPAL ELECTA PARA EL PERIODO 2025-2027 EN SAN MATEO ATENCO\"}]},{\"@type\":\"WebSite\",\"@id\":\"https:\\\/\\\/expressometro.mx\\\/#website\",\"url\":\"https:\\\/\\\/expressometro.mx\\\/\",\"name\":\"Expresso Metropolitano\",\"description\":\"Periodismo comprometido, informaci\u00f3n, investigaci\u00f3n y an\u00e1lisis\",\"publisher\":{\"@id\":\"https:\\\/\\\/expressometro.mx\\\/#organization\"},\"potentialAction\":[{\"@type\":\"SearchAction\",\"target\":{\"@type\":\"EntryPoint\",\"urlTemplate\":\"https:\\\/\\\/expressometro.mx\\\/?s={search_term_string}\"},\"query-input\":{\"@type\":\"PropertyValueSpecification\",\"valueRequired\":true,\"valueName\":\"search_term_string\"}}],\"inLanguage\":\"es\"},{\"@type\":\"Organization\",\"@id\":\"https:\\\/\\\/expressometro.mx\\\/#organization\",\"name\":\"Expresso Metropolitano\",\"url\":\"https:\\\/\\\/expressometro.mx\\\/\",\"logo\":{\"@type\":\"ImageObject\",\"inLanguage\":\"es\",\"@id\":\"https:\\\/\\\/expressometro.mx\\\/#\\\/schema\\\/logo\\\/image\\\/\",\"url\":\"https:\\\/\\\/expressometro.mx\\\/wp-content\\\/uploads\\\/2019\\\/07\\\/cropped-Logo-Expresso-Metropolitano-1-1.jpeg\",\"contentUrl\":\"https:\\\/\\\/expressometro.mx\\\/wp-content\\\/uploads\\\/2019\\\/07\\\/cropped-Logo-Expresso-Metropolitano-1-1.jpeg\",\"width\":290,\"height\":73,\"caption\":\"Expresso Metropolitano\"},\"image\":{\"@id\":\"https:\\\/\\\/expressometro.mx\\\/#\\\/schema\\\/logo\\\/image\\\/\"}},{\"@type\":\"Person\",\"@id\":\"https:\\\/\\\/expressometro.mx\\\/#\\\/schema\\\/person\\\/efa971b4a0664db8ed5c22b1b0dd2f5d\",\"name\":\"Expresso Metropolitano\",\"image\":{\"@type\":\"ImageObject\",\"inLanguage\":\"es\",\"@id\":\"https:\\\/\\\/secure.gravatar.com\\\/avatar\\\/a89f802b8de18c6952f223c88d3d106e9e3679839f4e25a02f4a6cc2ae6ba3b3?s=96&d=mm&r=g\",\"url\":\"https:\\\/\\\/secure.gravatar.com\\\/avatar\\\/a89f802b8de18c6952f223c88d3d106e9e3679839f4e25a02f4a6cc2ae6ba3b3?s=96&d=mm&r=g\",\"contentUrl\":\"https:\\\/\\\/secure.gravatar.com\\\/avatar\\\/a89f802b8de18c6952f223c88d3d106e9e3679839f4e25a02f4a6cc2ae6ba3b3?s=96&d=mm&r=g\",\"caption\":\"Expresso Metropolitano\"},\"url\":\"https:\\\/\\\/expressometro.mx\\\/index.php\\\/author\\\/diego\\\/\"}]}<\/script>\n<!-- \/ Yoast SEO plugin. -->","yoast_head_json":{"title":"ANA MU\u00d1IZ NEYRA ES PRESIDENTA MUNICIPAL ELECTA PARA EL PERIODO 2025-2027 EN SAN MATEO ATENCO - Expresso Metropolitano","robots":{"index":"index","follow":"follow","max-snippet":"max-snippet:-1","max-image-preview":"max-image-preview:large","max-video-preview":"max-video-preview:-1"},"canonical":"https:\/\/expressometro.mx\/index.php\/2024\/06\/06\/ana-muniz-neyra-es-presidenta-municipal-electa-para-el-periodo-2025-2027-en-san-mateo-atenco\/","og_locale":"es_MX","og_type":"article","og_title":"ANA MU\u00d1IZ NEYRA ES PRESIDENTA MUNICIPAL ELECTA PARA EL PERIODO 2025-2027 EN SAN MATEO ATENCO - Expresso Metropolitano","og_description":"El Consejo Municipal Electoral 077, San Mateo Atenco, declar\u00f3 la validez de la elecci\u00f3n de Ayuntamientos y otorg\u00f3 la constancia de mayor\u00eda como Presidenta Municipal a Ana Aurora Mu\u00f1iz Neyra, e integrantes de la planilla, para el periodo 2025-2027 y con ello se convierte en la primera mujer que gobernar\u00e1 por seis a\u00f1os San Mateo Atenco, con una votaci\u00f3n hist\u00f3rica de 20 mil 128 sufragios.","og_url":"https:\/\/expressometro.mx\/index.php\/2024\/06\/06\/ana-muniz-neyra-es-presidenta-municipal-electa-para-el-periodo-2025-2027-en-san-mateo-atenco\/","og_site_name":"Expresso Metropolitano","article_published_time":"2024-06-06T16:09:03+00:00","og_image":[{"width":1280,"height":975,"url":"http:\/\/expressometro.mx\/wp-content\/uploads\/2024\/06\/WhatsApp-Image-2024-06-06-at-9.20.26-AM-1.jpeg","type":"image\/jpeg"}],"author":"Expresso Metropolitano","twitter_misc":{"Escrito por":"Expresso Metropolitano","Tiempo de lectura":"2 minutos"},"schema":{"@context":"https:\/\/schema.org","@graph":[{"@type":"Article","@id":"https:\/\/expressometro.mx\/index.php\/2024\/06\/06\/ana-muniz-neyra-es-presidenta-municipal-electa-para-el-periodo-2025-2027-en-san-mateo-atenco\/#article","isPartOf":{"@id":"https:\/\/expressometro.mx\/index.php\/2024\/06\/06\/ana-muniz-neyra-es-presidenta-municipal-electa-para-el-periodo-2025-2027-en-san-mateo-atenco\/"},"author":{"name":"Expresso Metropolitano","@id":"https:\/\/expressometro.mx\/#\/schema\/person\/efa971b4a0664db8ed5c22b1b0dd2f5d"},"headline":"ANA MU\u00d1IZ NEYRA ES PRESIDENTA MUNICIPAL ELECTA PARA EL PERIODO 2025-2027 EN SAN MATEO ATENCO","datePublished":"2024-06-06T16:09:03+00:00","mainEntityOfPage":{"@id":"https:\/\/expressometro.mx\/index.php\/2024\/06\/06\/ana-muniz-neyra-es-presidenta-municipal-electa-para-el-periodo-2025-2027-en-san-mateo-atenco\/"},"wordCount":267,"commentCount":0,"publisher":{"@id":"https:\/\/expressometro.mx\/#organization"},"image":{"@id":"https:\/\/expressometro.mx\/index.php\/2024\/06\/06\/ana-muniz-neyra-es-presidenta-municipal-electa-para-el-periodo-2025-2027-en-san-mateo-atenco\/#primaryimage"},"thumbnailUrl":"https:\/\/expressometro.mx\/wp-content\/uploads\/2024\/06\/WhatsApp-Image-2024-06-06-at-9.20.26-AM-1.jpeg","keywords":["Ana Mu\u00f1iz Neyra","Edomex","PRI","San Mateo Atenco"],"articleSection":["Gobierno","Otros","Pol\u00edtica"],"inLanguage":"es","potentialAction":[{"@type":"CommentAction","name":"Comment","target":["https:\/\/expressometro.mx\/index.php\/2024\/06\/06\/ana-muniz-neyra-es-presidenta-municipal-electa-para-el-periodo-2025-2027-en-san-mateo-atenco\/#respond"]}]},{"@type":"WebPage","@id":"https:\/\/expressometro.mx\/index.php\/2024\/06\/06\/ana-muniz-neyra-es-presidenta-municipal-electa-para-el-periodo-2025-2027-en-san-mateo-atenco\/","url":"https:\/\/expressometro.mx\/index.php\/2024\/06\/06\/ana-muniz-neyra-es-presidenta-municipal-electa-para-el-periodo-2025-2027-en-san-mateo-atenco\/","name":"ANA MU\u00d1IZ NEYRA ES PRESIDENTA MUNICIPAL ELECTA PARA EL PERIODO 2025-2027 EN SAN MATEO ATENCO - Expresso Metropolitano","isPartOf":{"@id":"https:\/\/expressometro.mx\/#website"},"primaryImageOfPage":{"@id":"https:\/\/expressometro.mx\/index.php\/2024\/06\/06\/ana-muniz-neyra-es-presidenta-municipal-electa-para-el-periodo-2025-2027-en-san-mateo-atenco\/#primaryimage"},"image":{"@id":"https:\/\/expressometro.mx\/index.php\/2024\/06\/06\/ana-muniz-neyra-es-presidenta-municipal-electa-para-el-periodo-2025-2027-en-san-mateo-atenco\/#primaryimage"},"thumbnailUrl":"https:\/\/expressometro.mx\/wp-content\/uploads\/2024\/06\/WhatsApp-Image-2024-06-06-at-9.20.26-AM-1.jpeg","datePublished":"2024-06-06T16:09:03+00:00","breadcrumb":{"@id":"https:\/\/expressometro.mx\/index.php\/2024\/06\/06\/ana-muniz-neyra-es-presidenta-municipal-electa-para-el-periodo-2025-2027-en-san-mateo-atenco\/#breadcrumb"},"inLanguage":"es","potentialAction":[{"@type":"ReadAction","target":["https:\/\/expressometro.mx\/index.php\/2024\/06\/06\/ana-muniz-neyra-es-presidenta-municipal-electa-para-el-periodo-2025-2027-en-san-mateo-atenco\/"]}]},{"@type":"ImageObject","inLanguage":"es","@id":"https:\/\/expressometro.mx\/index.php\/2024\/06\/06\/ana-muniz-neyra-es-presidenta-municipal-electa-para-el-periodo-2025-2027-en-san-mateo-atenco\/#primaryimage","url":"https:\/\/expressometro.mx\/wp-content\/uploads\/2024\/06\/WhatsApp-Image-2024-06-06-at-9.20.26-AM-1.jpeg","contentUrl":"https:\/\/expressometro.mx\/wp-content\/uploads\/2024\/06\/WhatsApp-Image-2024-06-06-at-9.20.26-AM-1.jpeg","width":1280,"height":975},{"@type":"BreadcrumbList","@id":"https:\/\/expressometro.mx\/index.php\/2024\/06\/06\/ana-muniz-neyra-es-presidenta-municipal-electa-para-el-periodo-2025-2027-en-san-mateo-atenco\/#breadcrumb","itemListElement":[{"@type":"ListItem","position":1,"name":"Inicio","item":"https:\/\/expressometro.mx\/"},{"@type":"ListItem","position":2,"name":"ANA MU\u00d1IZ NEYRA ES PRESIDENTA MUNICIPAL ELECTA PARA EL PERIODO 2025-2027 EN SAN MATEO ATENCO"}]},{"@type":"WebSite","@id":"https:\/\/expressometro.mx\/#website","url":"https:\/\/expressometro.mx\/","name":"Expresso Metropolitano","description":"Periodismo comprometido, informaci\u00f3n, investigaci\u00f3n y an\u00e1lisis","publisher":{"@id":"https:\/\/expressometro.mx\/#organization"},"potentialAction":[{"@type":"SearchAction","target":{"@type":"EntryPoint","urlTemplate":"https:\/\/expressometro.mx\/?s={search_term_string}"},"query-input":{"@type":"PropertyValueSpecification","valueRequired":true,"valueName":"search_term_string"}}],"inLanguage":"es"},{"@type":"Organization","@id":"https:\/\/expressometro.mx\/#organization","name":"Expresso Metropolitano","url":"https:\/\/expressometro.mx\/","logo":{"@type":"ImageObject","inLanguage":"es","@id":"https:\/\/expressometro.mx\/#\/schema\/logo\/image\/","url":"https:\/\/expressometro.mx\/wp-content\/uploads\/2019\/07\/cropped-Logo-Expresso-Metropolitano-1-1.jpeg","contentUrl":"https:\/\/expressometro.mx\/wp-content\/uploads\/2019\/07\/cropped-Logo-Expresso-Metropolitano-1-1.jpeg","width":290,"height":73,"caption":"Expresso Metropolitano"},"image":{"@id":"https:\/\/expressometro.mx\/#\/schema\/logo\/image\/"}},{"@type":"Person","@id":"https:\/\/expressometro.mx\/#\/schema\/person\/efa971b4a0664db8ed5c22b1b0dd2f5d","name":"Expresso Metropolitano","image":{"@type":"ImageObject","inLanguage":"es","@id":"https:\/\/secure.gravatar.com\/avatar\/a89f802b8de18c6952f223c88d3d106e9e3679839f4e25a02f4a6cc2ae6ba3b3?s=96&d=mm&r=g","url":"https:\/\/secure.gravatar.com\/avatar\/a89f802b8de18c6952f223c88d3d106e9e3679839f4e25a02f4a6cc2ae6ba3b3?s=96&d=mm&r=g","contentUrl":"https:\/\/secure.gravatar.com\/avatar\/a89f802b8de18c6952f223c88d3d106e9e3679839f4e25a02f4a6cc2ae6ba3b3?s=96&d=mm&r=g","caption":"Expresso Metropolitano"},"url":"https:\/\/expressometro.mx\/index.php\/author\/diego\/"}]}},"amp_enabled":true,"_links":{"self":[{"href":"https:\/\/expressometro.mx\/index.php\/wp-json\/wp\/v2\/posts\/9447","targetHints":{"allow":["GET"]}}],"collection":[{"href":"https:\/\/expressometro.mx\/index.php\/wp-json\/wp\/v2\/posts"}],"about":[{"href":"https:\/\/expressometro.mx\/index.php\/wp-json\/wp\/v2\/types\/post"}],"author":[{"embeddable":true,"href":"https:\/\/expressometro.mx\/index.php\/wp-json\/wp\/v2\/users\/1"}],"replies":[{"embeddable":true,"href":"https:\/\/expressometro.mx\/index.php\/wp-json\/wp\/v2\/comments?post=9447"}],"version-history":[{"count":1,"href":"https:\/\/expressometro.mx\/index.php\/wp-json\/wp\/v2\/posts\/9447\/revisions"}],"predecessor-version":[{"id":9450,"href":"https:\/\/expressometro.mx\/index.php\/wp-json\/wp\/v2\/posts\/9447\/revisions\/9450"}],"wp:featuredmedia":[{"embeddable":true,"href":"https:\/\/expressometro.mx\/index.php\/wp-json\/wp\/v2\/media\/9449"}],"wp:attachment":[{"href":"https:\/\/expressometro.mx\/index.php\/wp-json\/wp\/v2\/media?parent=9447"}],"wp:term":[{"taxonomy":"category","embeddable":true,"href":"https:\/\/expressometro.mx\/index.php\/wp-json\/wp\/v2\/categories?post=9447"},{"taxonomy":"post_tag","embeddable":true,"href":"https:\/\/expressometro.mx\/index.php\/wp-json\/wp\/v2\/tags?post=9447"}],"curies":[{"name":"wp","href":"https:\/\/api.w.org\/{rel}","templated":true}]}}