{"id":9389,"date":"2024-05-26T16:56:06","date_gmt":"2024-05-26T21:56:06","guid":{"rendered":"https:\/\/expressometro.mx\/?p=9389"},"modified":"2024-05-30T16:58:45","modified_gmt":"2024-05-30T21:58:45","slug":"llama-alfredo-baranda-a-votar-por-carro-completo","status":"publish","type":"post","link":"https:\/\/expressometro.mx\/index.php\/2024\/05\/26\/llama-alfredo-baranda-a-votar-por-carro-completo\/","title":{"rendered":"LLAMA ALFREDO BARANDA A VOTAR POR CARRO COMPLETO"},"content":{"rendered":"\n<p><\/p>\n\n\n\n<p>Este 2 de junio vota 5 de 5 por Movimiento Naranja para tener mayor\u00eda en los Congreso a nivel federal y estatal, ganar las senadur\u00edas, presidencias municipales y la Presidencia de la Rep\u00fablica, dej\u00f3 en claro el candidato a diputado por el Distrito 29, Alfredo Baranda S\u00e1enz.<\/p>\n\n\n\n<p>En su recorrido electoral, dijo que en el Distrito local 29 con cabecera en Tianguistenco habr\u00e1 resultados favorables porque la gente est\u00e1 convencida de salir a votar masivamente por un cambio real que sustente los trabajos del Poder Legislativo. Los compa\u00f1eros de partido van<br>a ganar sus municipios<\/p>\n\n\n\n<p>Vamos por un Congreso m\u00e1s productivo donde se permita avanzar en las reformas estructurales que necesita la entidad mexiquense. Esto nos dar\u00e1 la posibilidad que los sectores productivos impacten en una poblaci\u00f3n con necesidades de empleo y mayor certeza jur\u00eddica.<\/p>\n","protected":false},"excerpt":{"rendered":"<p>Este 2 de junio vota 5 de 5 por Movimiento Naranja para tener mayor\u00eda en los Congreso a nivel federal y estatal, ganar las senadur\u00edas, presidencias municipales y la Presidencia de la Rep\u00fablica, dej\u00f3 en claro el candidato a diputado por el Distrito 29, Alfredo Baranda S\u00e1enz.<\/p>\n","protected":false},"author":1,"featured_media":9391,"comment_status":"open","ping_status":"open","sticky":false,"template":"","format":"standard","meta":{"footnotes":""},"categories":[3,1,231],"tags":[2360,1982,234,1407],"class_list":["post-9389","post","type-post","status-publish","format-standard","has-post-thumbnail","hentry","category-gobierno","category-otros","category-politica","tag-alfredo-baranda-saenz","tag-edomex","tag-movimiento-ciudadano","tag-movimiento-naranja"],"yoast_head":"<!-- This site is optimized with the Yoast SEO plugin v27.5 - https:\/\/yoast.com\/product\/yoast-seo-wordpress\/ -->\n<title>LLAMA ALFREDO BARANDA A VOTAR POR CARRO COMPLETO - Expresso Metropolitano<\/title>\n<meta name=\"robots\" content=\"index, follow, max-snippet:-1, max-image-preview:large, max-video-preview:-1\" \/>\n<link rel=\"canonical\" href=\"https:\/\/expressometro.mx\/index.php\/2024\/05\/26\/llama-alfredo-baranda-a-votar-por-carro-completo\/\" \/>\n<meta property=\"og:locale\" content=\"es_MX\" \/>\n<meta property=\"og:type\" content=\"article\" \/>\n<meta property=\"og:title\" content=\"LLAMA ALFREDO BARANDA A VOTAR POR CARRO COMPLETO - Expresso Metropolitano\" \/>\n<meta property=\"og:description\" content=\"Este 2 de junio vota 5 de 5 por Movimiento Naranja para tener mayor\u00eda en los Congreso a nivel federal y estatal, ganar las senadur\u00edas, presidencias municipales y la Presidencia de la Rep\u00fablica, dej\u00f3 en claro el candidato a diputado por el Distrito 29, Alfredo Baranda S\u00e1enz.\" \/>\n<meta property=\"og:url\" content=\"https:\/\/expressometro.mx\/index.php\/2024\/05\/26\/llama-alfredo-baranda-a-votar-por-carro-completo\/\" \/>\n<meta property=\"og:site_name\" content=\"Expresso Metropolitano\" \/>\n<meta property=\"article:published_time\" content=\"2024-05-26T21:56:06+00:00\" \/>\n<meta property=\"article:modified_time\" content=\"2024-05-30T21:58:45+00:00\" \/>\n<meta property=\"og:image\" content=\"http:\/\/expressometro.mx\/wp-content\/uploads\/2024\/05\/WhatsApp-Image-2024-05-30-at-2.30.58-PM.jpeg\" \/>\n\t<meta property=\"og:image:width\" content=\"450\" \/>\n\t<meta property=\"og:image:height\" content=\"600\" \/>\n\t<meta property=\"og:image:type\" content=\"image\/jpeg\" \/>\n<meta name=\"author\" content=\"Expresso Metropolitano\" \/>\n<meta name=\"twitter:label1\" content=\"Escrito por\" \/>\n\t<meta name=\"twitter:data1\" content=\"Expresso Metropolitano\" \/>\n\t<meta name=\"twitter:label2\" content=\"Tiempo de lectura\" \/>\n\t<meta name=\"twitter:data2\" content=\"1 minuto\" \/>\n<script type=\"application\/ld+json\" class=\"yoast-schema-graph\">{\"@context\":\"https:\\\/\\\/schema.org\",\"@graph\":[{\"@type\":\"Article\",\"@id\":\"https:\\\/\\\/expressometro.mx\\\/index.php\\\/2024\\\/05\\\/26\\\/llama-alfredo-baranda-a-votar-por-carro-completo\\\/#article\",\"isPartOf\":{\"@id\":\"https:\\\/\\\/expressometro.mx\\\/index.php\\\/2024\\\/05\\\/26\\\/llama-alfredo-baranda-a-votar-por-carro-completo\\\/\"},\"author\":{\"name\":\"Expresso Metropolitano\",\"@id\":\"https:\\\/\\\/expressometro.mx\\\/#\\\/schema\\\/person\\\/efa971b4a0664db8ed5c22b1b0dd2f5d\"},\"headline\":\"LLAMA ALFREDO BARANDA A VOTAR POR CARRO COMPLETO\",\"datePublished\":\"2024-05-26T21:56:06+00:00\",\"dateModified\":\"2024-05-30T21:58:45+00:00\",\"mainEntityOfPage\":{\"@id\":\"https:\\\/\\\/expressometro.mx\\\/index.php\\\/2024\\\/05\\\/26\\\/llama-alfredo-baranda-a-votar-por-carro-completo\\\/\"},\"wordCount\":145,\"commentCount\":0,\"publisher\":{\"@id\":\"https:\\\/\\\/expressometro.mx\\\/#organization\"},\"image\":{\"@id\":\"https:\\\/\\\/expressometro.mx\\\/index.php\\\/2024\\\/05\\\/26\\\/llama-alfredo-baranda-a-votar-por-carro-completo\\\/#primaryimage\"},\"thumbnailUrl\":\"https:\\\/\\\/expressometro.mx\\\/wp-content\\\/uploads\\\/2024\\\/05\\\/WhatsApp-Image-2024-05-30-at-2.30.58-PM.jpeg\",\"keywords\":[\"Alfredo Baranda S\u00e1enz\",\"Edomex\",\"Movimiento Ciudadano\",\"Movimiento Naranja\"],\"articleSection\":[\"Gobierno\",\"Otros\",\"Pol\u00edtica\"],\"inLanguage\":\"es\",\"potentialAction\":[{\"@type\":\"CommentAction\",\"name\":\"Comment\",\"target\":[\"https:\\\/\\\/expressometro.mx\\\/index.php\\\/2024\\\/05\\\/26\\\/llama-alfredo-baranda-a-votar-por-carro-completo\\\/#respond\"]}]},{\"@type\":\"WebPage\",\"@id\":\"https:\\\/\\\/expressometro.mx\\\/index.php\\\/2024\\\/05\\\/26\\\/llama-alfredo-baranda-a-votar-por-carro-completo\\\/\",\"url\":\"https:\\\/\\\/expressometro.mx\\\/index.php\\\/2024\\\/05\\\/26\\\/llama-alfredo-baranda-a-votar-por-carro-completo\\\/\",\"name\":\"LLAMA ALFREDO BARANDA A VOTAR POR CARRO COMPLETO - Expresso Metropolitano\",\"isPartOf\":{\"@id\":\"https:\\\/\\\/expressometro.mx\\\/#website\"},\"primaryImageOfPage\":{\"@id\":\"https:\\\/\\\/expressometro.mx\\\/index.php\\\/2024\\\/05\\\/26\\\/llama-alfredo-baranda-a-votar-por-carro-completo\\\/#primaryimage\"},\"image\":{\"@id\":\"https:\\\/\\\/expressometro.mx\\\/index.php\\\/2024\\\/05\\\/26\\\/llama-alfredo-baranda-a-votar-por-carro-completo\\\/#primaryimage\"},\"thumbnailUrl\":\"https:\\\/\\\/expressometro.mx\\\/wp-content\\\/uploads\\\/2024\\\/05\\\/WhatsApp-Image-2024-05-30-at-2.30.58-PM.jpeg\",\"datePublished\":\"2024-05-26T21:56:06+00:00\",\"dateModified\":\"2024-05-30T21:58:45+00:00\",\"breadcrumb\":{\"@id\":\"https:\\\/\\\/expressometro.mx\\\/index.php\\\/2024\\\/05\\\/26\\\/llama-alfredo-baranda-a-votar-por-carro-completo\\\/#breadcrumb\"},\"inLanguage\":\"es\",\"potentialAction\":[{\"@type\":\"ReadAction\",\"target\":[\"https:\\\/\\\/expressometro.mx\\\/index.php\\\/2024\\\/05\\\/26\\\/llama-alfredo-baranda-a-votar-por-carro-completo\\\/\"]}]},{\"@type\":\"ImageObject\",\"inLanguage\":\"es\",\"@id\":\"https:\\\/\\\/expressometro.mx\\\/index.php\\\/2024\\\/05\\\/26\\\/llama-alfredo-baranda-a-votar-por-carro-completo\\\/#primaryimage\",\"url\":\"https:\\\/\\\/expressometro.mx\\\/wp-content\\\/uploads\\\/2024\\\/05\\\/WhatsApp-Image-2024-05-30-at-2.30.58-PM.jpeg\",\"contentUrl\":\"https:\\\/\\\/expressometro.mx\\\/wp-content\\\/uploads\\\/2024\\\/05\\\/WhatsApp-Image-2024-05-30-at-2.30.58-PM.jpeg\",\"width\":450,\"height\":600},{\"@type\":\"BreadcrumbList\",\"@id\":\"https:\\\/\\\/expressometro.mx\\\/index.php\\\/2024\\\/05\\\/26\\\/llama-alfredo-baranda-a-votar-por-carro-completo\\\/#breadcrumb\",\"itemListElement\":[{\"@type\":\"ListItem\",\"position\":1,\"name\":\"Inicio\",\"item\":\"https:\\\/\\\/expressometro.mx\\\/\"},{\"@type\":\"ListItem\",\"position\":2,\"name\":\"LLAMA ALFREDO BARANDA A VOTAR POR CARRO COMPLETO\"}]},{\"@type\":\"WebSite\",\"@id\":\"https:\\\/\\\/expressometro.mx\\\/#website\",\"url\":\"https:\\\/\\\/expressometro.mx\\\/\",\"name\":\"Expresso Metropolitano\",\"description\":\"Periodismo comprometido, informaci\u00f3n, investigaci\u00f3n y an\u00e1lisis\",\"publisher\":{\"@id\":\"https:\\\/\\\/expressometro.mx\\\/#organization\"},\"potentialAction\":[{\"@type\":\"SearchAction\",\"target\":{\"@type\":\"EntryPoint\",\"urlTemplate\":\"https:\\\/\\\/expressometro.mx\\\/?s={search_term_string}\"},\"query-input\":{\"@type\":\"PropertyValueSpecification\",\"valueRequired\":true,\"valueName\":\"search_term_string\"}}],\"inLanguage\":\"es\"},{\"@type\":\"Organization\",\"@id\":\"https:\\\/\\\/expressometro.mx\\\/#organization\",\"name\":\"Expresso Metropolitano\",\"url\":\"https:\\\/\\\/expressometro.mx\\\/\",\"logo\":{\"@type\":\"ImageObject\",\"inLanguage\":\"es\",\"@id\":\"https:\\\/\\\/expressometro.mx\\\/#\\\/schema\\\/logo\\\/image\\\/\",\"url\":\"https:\\\/\\\/expressometro.mx\\\/wp-content\\\/uploads\\\/2019\\\/07\\\/cropped-Logo-Expresso-Metropolitano-1-1.jpeg\",\"contentUrl\":\"https:\\\/\\\/expressometro.mx\\\/wp-content\\\/uploads\\\/2019\\\/07\\\/cropped-Logo-Expresso-Metropolitano-1-1.jpeg\",\"width\":290,\"height\":73,\"caption\":\"Expresso Metropolitano\"},\"image\":{\"@id\":\"https:\\\/\\\/expressometro.mx\\\/#\\\/schema\\\/logo\\\/image\\\/\"}},{\"@type\":\"Person\",\"@id\":\"https:\\\/\\\/expressometro.mx\\\/#\\\/schema\\\/person\\\/efa971b4a0664db8ed5c22b1b0dd2f5d\",\"name\":\"Expresso Metropolitano\",\"image\":{\"@type\":\"ImageObject\",\"inLanguage\":\"es\",\"@id\":\"https:\\\/\\\/secure.gravatar.com\\\/avatar\\\/a89f802b8de18c6952f223c88d3d106e9e3679839f4e25a02f4a6cc2ae6ba3b3?s=96&d=mm&r=g\",\"url\":\"https:\\\/\\\/secure.gravatar.com\\\/avatar\\\/a89f802b8de18c6952f223c88d3d106e9e3679839f4e25a02f4a6cc2ae6ba3b3?s=96&d=mm&r=g\",\"contentUrl\":\"https:\\\/\\\/secure.gravatar.com\\\/avatar\\\/a89f802b8de18c6952f223c88d3d106e9e3679839f4e25a02f4a6cc2ae6ba3b3?s=96&d=mm&r=g\",\"caption\":\"Expresso Metropolitano\"},\"url\":\"https:\\\/\\\/expressometro.mx\\\/index.php\\\/author\\\/diego\\\/\"}]}<\/script>\n<!-- \/ Yoast SEO plugin. -->","yoast_head_json":{"title":"LLAMA ALFREDO BARANDA A VOTAR POR CARRO COMPLETO - Expresso Metropolitano","robots":{"index":"index","follow":"follow","max-snippet":"max-snippet:-1","max-image-preview":"max-image-preview:large","max-video-preview":"max-video-preview:-1"},"canonical":"https:\/\/expressometro.mx\/index.php\/2024\/05\/26\/llama-alfredo-baranda-a-votar-por-carro-completo\/","og_locale":"es_MX","og_type":"article","og_title":"LLAMA ALFREDO BARANDA A VOTAR POR CARRO COMPLETO - Expresso Metropolitano","og_description":"Este 2 de junio vota 5 de 5 por Movimiento Naranja para tener mayor\u00eda en los Congreso a nivel federal y estatal, ganar las senadur\u00edas, presidencias municipales y la Presidencia de la Rep\u00fablica, dej\u00f3 en claro el candidato a diputado por el Distrito 29, Alfredo Baranda S\u00e1enz.","og_url":"https:\/\/expressometro.mx\/index.php\/2024\/05\/26\/llama-alfredo-baranda-a-votar-por-carro-completo\/","og_site_name":"Expresso Metropolitano","article_published_time":"2024-05-26T21:56:06+00:00","article_modified_time":"2024-05-30T21:58:45+00:00","og_image":[{"width":450,"height":600,"url":"http:\/\/expressometro.mx\/wp-content\/uploads\/2024\/05\/WhatsApp-Image-2024-05-30-at-2.30.58-PM.jpeg","type":"image\/jpeg"}],"author":"Expresso Metropolitano","twitter_misc":{"Escrito por":"Expresso Metropolitano","Tiempo de lectura":"1 minuto"},"schema":{"@context":"https:\/\/schema.org","@graph":[{"@type":"Article","@id":"https:\/\/expressometro.mx\/index.php\/2024\/05\/26\/llama-alfredo-baranda-a-votar-por-carro-completo\/#article","isPartOf":{"@id":"https:\/\/expressometro.mx\/index.php\/2024\/05\/26\/llama-alfredo-baranda-a-votar-por-carro-completo\/"},"author":{"name":"Expresso Metropolitano","@id":"https:\/\/expressometro.mx\/#\/schema\/person\/efa971b4a0664db8ed5c22b1b0dd2f5d"},"headline":"LLAMA ALFREDO BARANDA A VOTAR POR CARRO COMPLETO","datePublished":"2024-05-26T21:56:06+00:00","dateModified":"2024-05-30T21:58:45+00:00","mainEntityOfPage":{"@id":"https:\/\/expressometro.mx\/index.php\/2024\/05\/26\/llama-alfredo-baranda-a-votar-por-carro-completo\/"},"wordCount":145,"commentCount":0,"publisher":{"@id":"https:\/\/expressometro.mx\/#organization"},"image":{"@id":"https:\/\/expressometro.mx\/index.php\/2024\/05\/26\/llama-alfredo-baranda-a-votar-por-carro-completo\/#primaryimage"},"thumbnailUrl":"https:\/\/expressometro.mx\/wp-content\/uploads\/2024\/05\/WhatsApp-Image-2024-05-30-at-2.30.58-PM.jpeg","keywords":["Alfredo Baranda S\u00e1enz","Edomex","Movimiento Ciudadano","Movimiento Naranja"],"articleSection":["Gobierno","Otros","Pol\u00edtica"],"inLanguage":"es","potentialAction":[{"@type":"CommentAction","name":"Comment","target":["https:\/\/expressometro.mx\/index.php\/2024\/05\/26\/llama-alfredo-baranda-a-votar-por-carro-completo\/#respond"]}]},{"@type":"WebPage","@id":"https:\/\/expressometro.mx\/index.php\/2024\/05\/26\/llama-alfredo-baranda-a-votar-por-carro-completo\/","url":"https:\/\/expressometro.mx\/index.php\/2024\/05\/26\/llama-alfredo-baranda-a-votar-por-carro-completo\/","name":"LLAMA ALFREDO BARANDA A VOTAR POR CARRO COMPLETO - Expresso Metropolitano","isPartOf":{"@id":"https:\/\/expressometro.mx\/#website"},"primaryImageOfPage":{"@id":"https:\/\/expressometro.mx\/index.php\/2024\/05\/26\/llama-alfredo-baranda-a-votar-por-carro-completo\/#primaryimage"},"image":{"@id":"https:\/\/expressometro.mx\/index.php\/2024\/05\/26\/llama-alfredo-baranda-a-votar-por-carro-completo\/#primaryimage"},"thumbnailUrl":"https:\/\/expressometro.mx\/wp-content\/uploads\/2024\/05\/WhatsApp-Image-2024-05-30-at-2.30.58-PM.jpeg","datePublished":"2024-05-26T21:56:06+00:00","dateModified":"2024-05-30T21:58:45+00:00","breadcrumb":{"@id":"https:\/\/expressometro.mx\/index.php\/2024\/05\/26\/llama-alfredo-baranda-a-votar-por-carro-completo\/#breadcrumb"},"inLanguage":"es","potentialAction":[{"@type":"ReadAction","target":["https:\/\/expressometro.mx\/index.php\/2024\/05\/26\/llama-alfredo-baranda-a-votar-por-carro-completo\/"]}]},{"@type":"ImageObject","inLanguage":"es","@id":"https:\/\/expressometro.mx\/index.php\/2024\/05\/26\/llama-alfredo-baranda-a-votar-por-carro-completo\/#primaryimage","url":"https:\/\/expressometro.mx\/wp-content\/uploads\/2024\/05\/WhatsApp-Image-2024-05-30-at-2.30.58-PM.jpeg","contentUrl":"https:\/\/expressometro.mx\/wp-content\/uploads\/2024\/05\/WhatsApp-Image-2024-05-30-at-2.30.58-PM.jpeg","width":450,"height":600},{"@type":"BreadcrumbList","@id":"https:\/\/expressometro.mx\/index.php\/2024\/05\/26\/llama-alfredo-baranda-a-votar-por-carro-completo\/#breadcrumb","itemListElement":[{"@type":"ListItem","position":1,"name":"Inicio","item":"https:\/\/expressometro.mx\/"},{"@type":"ListItem","position":2,"name":"LLAMA ALFREDO BARANDA A VOTAR POR CARRO COMPLETO"}]},{"@type":"WebSite","@id":"https:\/\/expressometro.mx\/#website","url":"https:\/\/expressometro.mx\/","name":"Expresso Metropolitano","description":"Periodismo comprometido, informaci\u00f3n, investigaci\u00f3n y an\u00e1lisis","publisher":{"@id":"https:\/\/expressometro.mx\/#organization"},"potentialAction":[{"@type":"SearchAction","target":{"@type":"EntryPoint","urlTemplate":"https:\/\/expressometro.mx\/?s={search_term_string}"},"query-input":{"@type":"PropertyValueSpecification","valueRequired":true,"valueName":"search_term_string"}}],"inLanguage":"es"},{"@type":"Organization","@id":"https:\/\/expressometro.mx\/#organization","name":"Expresso Metropolitano","url":"https:\/\/expressometro.mx\/","logo":{"@type":"ImageObject","inLanguage":"es","@id":"https:\/\/expressometro.mx\/#\/schema\/logo\/image\/","url":"https:\/\/expressometro.mx\/wp-content\/uploads\/2019\/07\/cropped-Logo-Expresso-Metropolitano-1-1.jpeg","contentUrl":"https:\/\/expressometro.mx\/wp-content\/uploads\/2019\/07\/cropped-Logo-Expresso-Metropolitano-1-1.jpeg","width":290,"height":73,"caption":"Expresso Metropolitano"},"image":{"@id":"https:\/\/expressometro.mx\/#\/schema\/logo\/image\/"}},{"@type":"Person","@id":"https:\/\/expressometro.mx\/#\/schema\/person\/efa971b4a0664db8ed5c22b1b0dd2f5d","name":"Expresso Metropolitano","image":{"@type":"ImageObject","inLanguage":"es","@id":"https:\/\/secure.gravatar.com\/avatar\/a89f802b8de18c6952f223c88d3d106e9e3679839f4e25a02f4a6cc2ae6ba3b3?s=96&d=mm&r=g","url":"https:\/\/secure.gravatar.com\/avatar\/a89f802b8de18c6952f223c88d3d106e9e3679839f4e25a02f4a6cc2ae6ba3b3?s=96&d=mm&r=g","contentUrl":"https:\/\/secure.gravatar.com\/avatar\/a89f802b8de18c6952f223c88d3d106e9e3679839f4e25a02f4a6cc2ae6ba3b3?s=96&d=mm&r=g","caption":"Expresso Metropolitano"},"url":"https:\/\/expressometro.mx\/index.php\/author\/diego\/"}]}},"amp_enabled":true,"_links":{"self":[{"href":"https:\/\/expressometro.mx\/index.php\/wp-json\/wp\/v2\/posts\/9389","targetHints":{"allow":["GET"]}}],"collection":[{"href":"https:\/\/expressometro.mx\/index.php\/wp-json\/wp\/v2\/posts"}],"about":[{"href":"https:\/\/expressometro.mx\/index.php\/wp-json\/wp\/v2\/types\/post"}],"author":[{"embeddable":true,"href":"https:\/\/expressometro.mx\/index.php\/wp-json\/wp\/v2\/users\/1"}],"replies":[{"embeddable":true,"href":"https:\/\/expressometro.mx\/index.php\/wp-json\/wp\/v2\/comments?post=9389"}],"version-history":[{"count":1,"href":"https:\/\/expressometro.mx\/index.php\/wp-json\/wp\/v2\/posts\/9389\/revisions"}],"predecessor-version":[{"id":9392,"href":"https:\/\/expressometro.mx\/index.php\/wp-json\/wp\/v2\/posts\/9389\/revisions\/9392"}],"wp:featuredmedia":[{"embeddable":true,"href":"https:\/\/expressometro.mx\/index.php\/wp-json\/wp\/v2\/media\/9391"}],"wp:attachment":[{"href":"https:\/\/expressometro.mx\/index.php\/wp-json\/wp\/v2\/media?parent=9389"}],"wp:term":[{"taxonomy":"category","embeddable":true,"href":"https:\/\/expressometro.mx\/index.php\/wp-json\/wp\/v2\/categories?post=9389"},{"taxonomy":"post_tag","embeddable":true,"href":"https:\/\/expressometro.mx\/index.php\/wp-json\/wp\/v2\/tags?post=9389"}],"curies":[{"name":"wp","href":"https:\/\/api.w.org\/{rel}","templated":true}]}}