{"id":9384,"date":"2024-05-28T16:49:28","date_gmt":"2024-05-28T21:49:28","guid":{"rendered":"https:\/\/expressometro.mx\/?p=9384"},"modified":"2024-05-30T16:52:00","modified_gmt":"2024-05-30T21:52:00","slug":"llega-la-ola-naranja-y-se-llevara-el-distrito-29-de-tianguistenco","status":"publish","type":"post","link":"https:\/\/expressometro.mx\/index.php\/2024\/05\/28\/llega-la-ola-naranja-y-se-llevara-el-distrito-29-de-tianguistenco\/","title":{"rendered":"LLEGA LA OLA NARANJA Y SE LLEVAR\u00c1 EL DISTRITO 29 DE TIANGUISTENCO"},"content":{"rendered":"\n<p><\/p>\n\n\n\n<p>Fueron d\u00edas intensos de campa\u00f1a con recorridos por los municipios del Distrito Local 29. En municipios como Tianguistenco se pudo platicar con mujeres y hombres que buscan un cambio verdadero, afirm\u00f3 el candidato a diputado por Movimiento Ciudadano, Alfredo Baranda.<\/p>\n\n\n\n<p>En cada acto que ped\u00eda el respaldo ciudadano para la obtenci\u00f3n del voto, asegur\u00f3 que desde el Congreso del Estado de M\u00e9xico impulsar\u00e1 los grandes cambios estructurales que necesita la entidad mexiquense.<\/p>\n\n\n\n<p>En ese sentido, convoc\u00f3 a votar el pr\u00f3ximo 2 de junio por los candidatos de Movimiento Ciudadano, que representa la nueva fuerza ciudadana.<\/p>\n\n\n\n<p>El cambio que nuestro Estado necesita inicia este domingo 2 de junio con tu voto, dijo el candidato, luego de refrendar que la Fuerza Ciudadana tambi\u00e9n est\u00e1 en Ray\u00f3n, donde las calles se pintaron color naranja.<\/p>\n\n\n\n<p>Hoy me sum\u00e9 a la ola naranja junto con los dem\u00e1s candidatos de MC para refrendar mi compromiso con la comunidad, asever\u00f3.<\/p>\n\n\n\n<p>Por lo mismo dijo que como diputado, \u201cimpulsar\u00e9 y defender\u00e9 en el Congreso las propuestas legislativas que garanticen el bienestar de las y los rayonenses; vayamos juntos y hagamos posible el cambio\u201d.<\/p>\n","protected":false},"excerpt":{"rendered":"<p>Fueron d\u00edas intensos de campa\u00f1a con recorridos por los municipios del Distrito Local 29. En municipios como Tianguistenco se pudo platicar con mujeres y hombres que buscan un cambio verdadero, afirm\u00f3 el candidato a diputado por Movimiento Ciudadano, Alfredo Baranda.<\/p>\n","protected":false},"author":1,"featured_media":9386,"comment_status":"open","ping_status":"open","sticky":false,"template":"","format":"standard","meta":{"footnotes":""},"categories":[3,1,231],"tags":[2360,1982,234,1407,687],"class_list":["post-9384","post","type-post","status-publish","format-standard","has-post-thumbnail","hentry","category-gobierno","category-otros","category-politica","tag-alfredo-baranda-saenz","tag-edomex","tag-movimiento-ciudadano","tag-movimiento-naranja","tag-santiago-tianguistenco"],"yoast_head":"<!-- This site is optimized with the Yoast SEO plugin v27.5 - https:\/\/yoast.com\/product\/yoast-seo-wordpress\/ -->\n<title>LLEGA LA OLA NARANJA Y SE LLEVAR\u00c1 EL DISTRITO 29 DE TIANGUISTENCO - Expresso Metropolitano<\/title>\n<meta name=\"robots\" content=\"index, follow, max-snippet:-1, max-image-preview:large, max-video-preview:-1\" \/>\n<link rel=\"canonical\" href=\"https:\/\/expressometro.mx\/index.php\/2024\/05\/28\/llega-la-ola-naranja-y-se-llevara-el-distrito-29-de-tianguistenco\/\" \/>\n<meta property=\"og:locale\" content=\"es_MX\" \/>\n<meta property=\"og:type\" content=\"article\" \/>\n<meta property=\"og:title\" content=\"LLEGA LA OLA NARANJA Y SE LLEVAR\u00c1 EL DISTRITO 29 DE TIANGUISTENCO - Expresso Metropolitano\" \/>\n<meta property=\"og:description\" content=\"Fueron d\u00edas intensos de campa\u00f1a con recorridos por los municipios del Distrito Local 29. En municipios como Tianguistenco se pudo platicar con mujeres y hombres que buscan un cambio verdadero, afirm\u00f3 el candidato a diputado por Movimiento Ciudadano, Alfredo Baranda.\" \/>\n<meta property=\"og:url\" content=\"https:\/\/expressometro.mx\/index.php\/2024\/05\/28\/llega-la-ola-naranja-y-se-llevara-el-distrito-29-de-tianguistenco\/\" \/>\n<meta property=\"og:site_name\" content=\"Expresso Metropolitano\" \/>\n<meta property=\"article:published_time\" content=\"2024-05-28T21:49:28+00:00\" \/>\n<meta property=\"article:modified_time\" content=\"2024-05-30T21:52:00+00:00\" \/>\n<meta property=\"og:image\" content=\"http:\/\/expressometro.mx\/wp-content\/uploads\/2024\/05\/WhatsApp-Image-2024-05-30-at-2.10.51-PM.jpeg\" \/>\n\t<meta property=\"og:image:width\" content=\"960\" \/>\n\t<meta property=\"og:image:height\" content=\"720\" \/>\n\t<meta property=\"og:image:type\" content=\"image\/jpeg\" \/>\n<meta name=\"author\" content=\"Expresso Metropolitano\" \/>\n<meta name=\"twitter:label1\" content=\"Escrito por\" \/>\n\t<meta name=\"twitter:data1\" content=\"Expresso Metropolitano\" \/>\n\t<meta name=\"twitter:label2\" content=\"Tiempo de lectura\" \/>\n\t<meta name=\"twitter:data2\" content=\"2 minutos\" \/>\n<script type=\"application\/ld+json\" class=\"yoast-schema-graph\">{\"@context\":\"https:\\\/\\\/schema.org\",\"@graph\":[{\"@type\":\"Article\",\"@id\":\"https:\\\/\\\/expressometro.mx\\\/index.php\\\/2024\\\/05\\\/28\\\/llega-la-ola-naranja-y-se-llevara-el-distrito-29-de-tianguistenco\\\/#article\",\"isPartOf\":{\"@id\":\"https:\\\/\\\/expressometro.mx\\\/index.php\\\/2024\\\/05\\\/28\\\/llega-la-ola-naranja-y-se-llevara-el-distrito-29-de-tianguistenco\\\/\"},\"author\":{\"name\":\"Expresso Metropolitano\",\"@id\":\"https:\\\/\\\/expressometro.mx\\\/#\\\/schema\\\/person\\\/efa971b4a0664db8ed5c22b1b0dd2f5d\"},\"headline\":\"LLEGA LA OLA NARANJA Y SE LLEVAR\u00c1 EL DISTRITO 29 DE TIANGUISTENCO\",\"datePublished\":\"2024-05-28T21:49:28+00:00\",\"dateModified\":\"2024-05-30T21:52:00+00:00\",\"mainEntityOfPage\":{\"@id\":\"https:\\\/\\\/expressometro.mx\\\/index.php\\\/2024\\\/05\\\/28\\\/llega-la-ola-naranja-y-se-llevara-el-distrito-29-de-tianguistenco\\\/\"},\"wordCount\":202,\"commentCount\":0,\"publisher\":{\"@id\":\"https:\\\/\\\/expressometro.mx\\\/#organization\"},\"image\":{\"@id\":\"https:\\\/\\\/expressometro.mx\\\/index.php\\\/2024\\\/05\\\/28\\\/llega-la-ola-naranja-y-se-llevara-el-distrito-29-de-tianguistenco\\\/#primaryimage\"},\"thumbnailUrl\":\"https:\\\/\\\/expressometro.mx\\\/wp-content\\\/uploads\\\/2024\\\/05\\\/WhatsApp-Image-2024-05-30-at-2.10.51-PM.jpeg\",\"keywords\":[\"Alfredo Baranda S\u00e1enz\",\"Edomex\",\"Movimiento Ciudadano\",\"Movimiento Naranja\",\"Santiago Tianguistenco\"],\"articleSection\":[\"Gobierno\",\"Otros\",\"Pol\u00edtica\"],\"inLanguage\":\"es\",\"potentialAction\":[{\"@type\":\"CommentAction\",\"name\":\"Comment\",\"target\":[\"https:\\\/\\\/expressometro.mx\\\/index.php\\\/2024\\\/05\\\/28\\\/llega-la-ola-naranja-y-se-llevara-el-distrito-29-de-tianguistenco\\\/#respond\"]}]},{\"@type\":\"WebPage\",\"@id\":\"https:\\\/\\\/expressometro.mx\\\/index.php\\\/2024\\\/05\\\/28\\\/llega-la-ola-naranja-y-se-llevara-el-distrito-29-de-tianguistenco\\\/\",\"url\":\"https:\\\/\\\/expressometro.mx\\\/index.php\\\/2024\\\/05\\\/28\\\/llega-la-ola-naranja-y-se-llevara-el-distrito-29-de-tianguistenco\\\/\",\"name\":\"LLEGA LA OLA NARANJA Y SE LLEVAR\u00c1 EL DISTRITO 29 DE TIANGUISTENCO - Expresso Metropolitano\",\"isPartOf\":{\"@id\":\"https:\\\/\\\/expressometro.mx\\\/#website\"},\"primaryImageOfPage\":{\"@id\":\"https:\\\/\\\/expressometro.mx\\\/index.php\\\/2024\\\/05\\\/28\\\/llega-la-ola-naranja-y-se-llevara-el-distrito-29-de-tianguistenco\\\/#primaryimage\"},\"image\":{\"@id\":\"https:\\\/\\\/expressometro.mx\\\/index.php\\\/2024\\\/05\\\/28\\\/llega-la-ola-naranja-y-se-llevara-el-distrito-29-de-tianguistenco\\\/#primaryimage\"},\"thumbnailUrl\":\"https:\\\/\\\/expressometro.mx\\\/wp-content\\\/uploads\\\/2024\\\/05\\\/WhatsApp-Image-2024-05-30-at-2.10.51-PM.jpeg\",\"datePublished\":\"2024-05-28T21:49:28+00:00\",\"dateModified\":\"2024-05-30T21:52:00+00:00\",\"breadcrumb\":{\"@id\":\"https:\\\/\\\/expressometro.mx\\\/index.php\\\/2024\\\/05\\\/28\\\/llega-la-ola-naranja-y-se-llevara-el-distrito-29-de-tianguistenco\\\/#breadcrumb\"},\"inLanguage\":\"es\",\"potentialAction\":[{\"@type\":\"ReadAction\",\"target\":[\"https:\\\/\\\/expressometro.mx\\\/index.php\\\/2024\\\/05\\\/28\\\/llega-la-ola-naranja-y-se-llevara-el-distrito-29-de-tianguistenco\\\/\"]}]},{\"@type\":\"ImageObject\",\"inLanguage\":\"es\",\"@id\":\"https:\\\/\\\/expressometro.mx\\\/index.php\\\/2024\\\/05\\\/28\\\/llega-la-ola-naranja-y-se-llevara-el-distrito-29-de-tianguistenco\\\/#primaryimage\",\"url\":\"https:\\\/\\\/expressometro.mx\\\/wp-content\\\/uploads\\\/2024\\\/05\\\/WhatsApp-Image-2024-05-30-at-2.10.51-PM.jpeg\",\"contentUrl\":\"https:\\\/\\\/expressometro.mx\\\/wp-content\\\/uploads\\\/2024\\\/05\\\/WhatsApp-Image-2024-05-30-at-2.10.51-PM.jpeg\",\"width\":960,\"height\":720},{\"@type\":\"BreadcrumbList\",\"@id\":\"https:\\\/\\\/expressometro.mx\\\/index.php\\\/2024\\\/05\\\/28\\\/llega-la-ola-naranja-y-se-llevara-el-distrito-29-de-tianguistenco\\\/#breadcrumb\",\"itemListElement\":[{\"@type\":\"ListItem\",\"position\":1,\"name\":\"Inicio\",\"item\":\"https:\\\/\\\/expressometro.mx\\\/\"},{\"@type\":\"ListItem\",\"position\":2,\"name\":\"LLEGA LA OLA NARANJA Y SE LLEVAR\u00c1 EL DISTRITO 29 DE TIANGUISTENCO\"}]},{\"@type\":\"WebSite\",\"@id\":\"https:\\\/\\\/expressometro.mx\\\/#website\",\"url\":\"https:\\\/\\\/expressometro.mx\\\/\",\"name\":\"Expresso Metropolitano\",\"description\":\"Periodismo comprometido, informaci\u00f3n, investigaci\u00f3n y an\u00e1lisis\",\"publisher\":{\"@id\":\"https:\\\/\\\/expressometro.mx\\\/#organization\"},\"potentialAction\":[{\"@type\":\"SearchAction\",\"target\":{\"@type\":\"EntryPoint\",\"urlTemplate\":\"https:\\\/\\\/expressometro.mx\\\/?s={search_term_string}\"},\"query-input\":{\"@type\":\"PropertyValueSpecification\",\"valueRequired\":true,\"valueName\":\"search_term_string\"}}],\"inLanguage\":\"es\"},{\"@type\":\"Organization\",\"@id\":\"https:\\\/\\\/expressometro.mx\\\/#organization\",\"name\":\"Expresso Metropolitano\",\"url\":\"https:\\\/\\\/expressometro.mx\\\/\",\"logo\":{\"@type\":\"ImageObject\",\"inLanguage\":\"es\",\"@id\":\"https:\\\/\\\/expressometro.mx\\\/#\\\/schema\\\/logo\\\/image\\\/\",\"url\":\"https:\\\/\\\/expressometro.mx\\\/wp-content\\\/uploads\\\/2019\\\/07\\\/cropped-Logo-Expresso-Metropolitano-1-1.jpeg\",\"contentUrl\":\"https:\\\/\\\/expressometro.mx\\\/wp-content\\\/uploads\\\/2019\\\/07\\\/cropped-Logo-Expresso-Metropolitano-1-1.jpeg\",\"width\":290,\"height\":73,\"caption\":\"Expresso Metropolitano\"},\"image\":{\"@id\":\"https:\\\/\\\/expressometro.mx\\\/#\\\/schema\\\/logo\\\/image\\\/\"}},{\"@type\":\"Person\",\"@id\":\"https:\\\/\\\/expressometro.mx\\\/#\\\/schema\\\/person\\\/efa971b4a0664db8ed5c22b1b0dd2f5d\",\"name\":\"Expresso Metropolitano\",\"image\":{\"@type\":\"ImageObject\",\"inLanguage\":\"es\",\"@id\":\"https:\\\/\\\/secure.gravatar.com\\\/avatar\\\/a89f802b8de18c6952f223c88d3d106e9e3679839f4e25a02f4a6cc2ae6ba3b3?s=96&d=mm&r=g\",\"url\":\"https:\\\/\\\/secure.gravatar.com\\\/avatar\\\/a89f802b8de18c6952f223c88d3d106e9e3679839f4e25a02f4a6cc2ae6ba3b3?s=96&d=mm&r=g\",\"contentUrl\":\"https:\\\/\\\/secure.gravatar.com\\\/avatar\\\/a89f802b8de18c6952f223c88d3d106e9e3679839f4e25a02f4a6cc2ae6ba3b3?s=96&d=mm&r=g\",\"caption\":\"Expresso Metropolitano\"},\"url\":\"https:\\\/\\\/expressometro.mx\\\/index.php\\\/author\\\/diego\\\/\"}]}<\/script>\n<!-- \/ Yoast SEO plugin. -->","yoast_head_json":{"title":"LLEGA LA OLA NARANJA Y SE LLEVAR\u00c1 EL DISTRITO 29 DE TIANGUISTENCO - Expresso Metropolitano","robots":{"index":"index","follow":"follow","max-snippet":"max-snippet:-1","max-image-preview":"max-image-preview:large","max-video-preview":"max-video-preview:-1"},"canonical":"https:\/\/expressometro.mx\/index.php\/2024\/05\/28\/llega-la-ola-naranja-y-se-llevara-el-distrito-29-de-tianguistenco\/","og_locale":"es_MX","og_type":"article","og_title":"LLEGA LA OLA NARANJA Y SE LLEVAR\u00c1 EL DISTRITO 29 DE TIANGUISTENCO - Expresso Metropolitano","og_description":"Fueron d\u00edas intensos de campa\u00f1a con recorridos por los municipios del Distrito Local 29. En municipios como Tianguistenco se pudo platicar con mujeres y hombres que buscan un cambio verdadero, afirm\u00f3 el candidato a diputado por Movimiento Ciudadano, Alfredo Baranda.","og_url":"https:\/\/expressometro.mx\/index.php\/2024\/05\/28\/llega-la-ola-naranja-y-se-llevara-el-distrito-29-de-tianguistenco\/","og_site_name":"Expresso Metropolitano","article_published_time":"2024-05-28T21:49:28+00:00","article_modified_time":"2024-05-30T21:52:00+00:00","og_image":[{"width":960,"height":720,"url":"http:\/\/expressometro.mx\/wp-content\/uploads\/2024\/05\/WhatsApp-Image-2024-05-30-at-2.10.51-PM.jpeg","type":"image\/jpeg"}],"author":"Expresso Metropolitano","twitter_misc":{"Escrito por":"Expresso Metropolitano","Tiempo de lectura":"2 minutos"},"schema":{"@context":"https:\/\/schema.org","@graph":[{"@type":"Article","@id":"https:\/\/expressometro.mx\/index.php\/2024\/05\/28\/llega-la-ola-naranja-y-se-llevara-el-distrito-29-de-tianguistenco\/#article","isPartOf":{"@id":"https:\/\/expressometro.mx\/index.php\/2024\/05\/28\/llega-la-ola-naranja-y-se-llevara-el-distrito-29-de-tianguistenco\/"},"author":{"name":"Expresso Metropolitano","@id":"https:\/\/expressometro.mx\/#\/schema\/person\/efa971b4a0664db8ed5c22b1b0dd2f5d"},"headline":"LLEGA LA OLA NARANJA Y SE LLEVAR\u00c1 EL DISTRITO 29 DE TIANGUISTENCO","datePublished":"2024-05-28T21:49:28+00:00","dateModified":"2024-05-30T21:52:00+00:00","mainEntityOfPage":{"@id":"https:\/\/expressometro.mx\/index.php\/2024\/05\/28\/llega-la-ola-naranja-y-se-llevara-el-distrito-29-de-tianguistenco\/"},"wordCount":202,"commentCount":0,"publisher":{"@id":"https:\/\/expressometro.mx\/#organization"},"image":{"@id":"https:\/\/expressometro.mx\/index.php\/2024\/05\/28\/llega-la-ola-naranja-y-se-llevara-el-distrito-29-de-tianguistenco\/#primaryimage"},"thumbnailUrl":"https:\/\/expressometro.mx\/wp-content\/uploads\/2024\/05\/WhatsApp-Image-2024-05-30-at-2.10.51-PM.jpeg","keywords":["Alfredo Baranda S\u00e1enz","Edomex","Movimiento Ciudadano","Movimiento Naranja","Santiago Tianguistenco"],"articleSection":["Gobierno","Otros","Pol\u00edtica"],"inLanguage":"es","potentialAction":[{"@type":"CommentAction","name":"Comment","target":["https:\/\/expressometro.mx\/index.php\/2024\/05\/28\/llega-la-ola-naranja-y-se-llevara-el-distrito-29-de-tianguistenco\/#respond"]}]},{"@type":"WebPage","@id":"https:\/\/expressometro.mx\/index.php\/2024\/05\/28\/llega-la-ola-naranja-y-se-llevara-el-distrito-29-de-tianguistenco\/","url":"https:\/\/expressometro.mx\/index.php\/2024\/05\/28\/llega-la-ola-naranja-y-se-llevara-el-distrito-29-de-tianguistenco\/","name":"LLEGA LA OLA NARANJA Y SE LLEVAR\u00c1 EL DISTRITO 29 DE TIANGUISTENCO - Expresso Metropolitano","isPartOf":{"@id":"https:\/\/expressometro.mx\/#website"},"primaryImageOfPage":{"@id":"https:\/\/expressometro.mx\/index.php\/2024\/05\/28\/llega-la-ola-naranja-y-se-llevara-el-distrito-29-de-tianguistenco\/#primaryimage"},"image":{"@id":"https:\/\/expressometro.mx\/index.php\/2024\/05\/28\/llega-la-ola-naranja-y-se-llevara-el-distrito-29-de-tianguistenco\/#primaryimage"},"thumbnailUrl":"https:\/\/expressometro.mx\/wp-content\/uploads\/2024\/05\/WhatsApp-Image-2024-05-30-at-2.10.51-PM.jpeg","datePublished":"2024-05-28T21:49:28+00:00","dateModified":"2024-05-30T21:52:00+00:00","breadcrumb":{"@id":"https:\/\/expressometro.mx\/index.php\/2024\/05\/28\/llega-la-ola-naranja-y-se-llevara-el-distrito-29-de-tianguistenco\/#breadcrumb"},"inLanguage":"es","potentialAction":[{"@type":"ReadAction","target":["https:\/\/expressometro.mx\/index.php\/2024\/05\/28\/llega-la-ola-naranja-y-se-llevara-el-distrito-29-de-tianguistenco\/"]}]},{"@type":"ImageObject","inLanguage":"es","@id":"https:\/\/expressometro.mx\/index.php\/2024\/05\/28\/llega-la-ola-naranja-y-se-llevara-el-distrito-29-de-tianguistenco\/#primaryimage","url":"https:\/\/expressometro.mx\/wp-content\/uploads\/2024\/05\/WhatsApp-Image-2024-05-30-at-2.10.51-PM.jpeg","contentUrl":"https:\/\/expressometro.mx\/wp-content\/uploads\/2024\/05\/WhatsApp-Image-2024-05-30-at-2.10.51-PM.jpeg","width":960,"height":720},{"@type":"BreadcrumbList","@id":"https:\/\/expressometro.mx\/index.php\/2024\/05\/28\/llega-la-ola-naranja-y-se-llevara-el-distrito-29-de-tianguistenco\/#breadcrumb","itemListElement":[{"@type":"ListItem","position":1,"name":"Inicio","item":"https:\/\/expressometro.mx\/"},{"@type":"ListItem","position":2,"name":"LLEGA LA OLA NARANJA Y SE LLEVAR\u00c1 EL DISTRITO 29 DE TIANGUISTENCO"}]},{"@type":"WebSite","@id":"https:\/\/expressometro.mx\/#website","url":"https:\/\/expressometro.mx\/","name":"Expresso Metropolitano","description":"Periodismo comprometido, informaci\u00f3n, investigaci\u00f3n y an\u00e1lisis","publisher":{"@id":"https:\/\/expressometro.mx\/#organization"},"potentialAction":[{"@type":"SearchAction","target":{"@type":"EntryPoint","urlTemplate":"https:\/\/expressometro.mx\/?s={search_term_string}"},"query-input":{"@type":"PropertyValueSpecification","valueRequired":true,"valueName":"search_term_string"}}],"inLanguage":"es"},{"@type":"Organization","@id":"https:\/\/expressometro.mx\/#organization","name":"Expresso Metropolitano","url":"https:\/\/expressometro.mx\/","logo":{"@type":"ImageObject","inLanguage":"es","@id":"https:\/\/expressometro.mx\/#\/schema\/logo\/image\/","url":"https:\/\/expressometro.mx\/wp-content\/uploads\/2019\/07\/cropped-Logo-Expresso-Metropolitano-1-1.jpeg","contentUrl":"https:\/\/expressometro.mx\/wp-content\/uploads\/2019\/07\/cropped-Logo-Expresso-Metropolitano-1-1.jpeg","width":290,"height":73,"caption":"Expresso Metropolitano"},"image":{"@id":"https:\/\/expressometro.mx\/#\/schema\/logo\/image\/"}},{"@type":"Person","@id":"https:\/\/expressometro.mx\/#\/schema\/person\/efa971b4a0664db8ed5c22b1b0dd2f5d","name":"Expresso Metropolitano","image":{"@type":"ImageObject","inLanguage":"es","@id":"https:\/\/secure.gravatar.com\/avatar\/a89f802b8de18c6952f223c88d3d106e9e3679839f4e25a02f4a6cc2ae6ba3b3?s=96&d=mm&r=g","url":"https:\/\/secure.gravatar.com\/avatar\/a89f802b8de18c6952f223c88d3d106e9e3679839f4e25a02f4a6cc2ae6ba3b3?s=96&d=mm&r=g","contentUrl":"https:\/\/secure.gravatar.com\/avatar\/a89f802b8de18c6952f223c88d3d106e9e3679839f4e25a02f4a6cc2ae6ba3b3?s=96&d=mm&r=g","caption":"Expresso Metropolitano"},"url":"https:\/\/expressometro.mx\/index.php\/author\/diego\/"}]}},"amp_enabled":true,"_links":{"self":[{"href":"https:\/\/expressometro.mx\/index.php\/wp-json\/wp\/v2\/posts\/9384","targetHints":{"allow":["GET"]}}],"collection":[{"href":"https:\/\/expressometro.mx\/index.php\/wp-json\/wp\/v2\/posts"}],"about":[{"href":"https:\/\/expressometro.mx\/index.php\/wp-json\/wp\/v2\/types\/post"}],"author":[{"embeddable":true,"href":"https:\/\/expressometro.mx\/index.php\/wp-json\/wp\/v2\/users\/1"}],"replies":[{"embeddable":true,"href":"https:\/\/expressometro.mx\/index.php\/wp-json\/wp\/v2\/comments?post=9384"}],"version-history":[{"count":1,"href":"https:\/\/expressometro.mx\/index.php\/wp-json\/wp\/v2\/posts\/9384\/revisions"}],"predecessor-version":[{"id":9387,"href":"https:\/\/expressometro.mx\/index.php\/wp-json\/wp\/v2\/posts\/9384\/revisions\/9387"}],"wp:featuredmedia":[{"embeddable":true,"href":"https:\/\/expressometro.mx\/index.php\/wp-json\/wp\/v2\/media\/9386"}],"wp:attachment":[{"href":"https:\/\/expressometro.mx\/index.php\/wp-json\/wp\/v2\/media?parent=9384"}],"wp:term":[{"taxonomy":"category","embeddable":true,"href":"https:\/\/expressometro.mx\/index.php\/wp-json\/wp\/v2\/categories?post=9384"},{"taxonomy":"post_tag","embeddable":true,"href":"https:\/\/expressometro.mx\/index.php\/wp-json\/wp\/v2\/tags?post=9384"}],"curies":[{"name":"wp","href":"https:\/\/api.w.org\/{rel}","templated":true}]}}