{"id":9304,"date":"2024-05-26T08:19:11","date_gmt":"2024-05-26T13:19:11","guid":{"rendered":"https:\/\/expressometro.mx\/?p=9304"},"modified":"2024-05-26T15:48:22","modified_gmt":"2024-05-26T20:48:22","slug":"ya-gano-baranda","status":"publish","type":"post","link":"https:\/\/expressometro.mx\/index.php\/2024\/05\/26\/ya-gano-baranda\/","title":{"rendered":"YA GAN\u00d3 BARANDA"},"content":{"rendered":"\n<h2 class=\"wp-block-heading\">Columna Pol\u00edtica<\/h2>\n\n\n\n<p><\/p>\n\n\n\n<p>Vaya que las condiciones se pusieron inmejorables en el Distrito local 29 con cabecera en Tianguistenco para que lo nuevo de la pol\u00edtica supere los viejos cacicazgos y todo aquello que le hizo da\u00f1o a esta regi\u00f3n del Estado de M\u00e9xico, donde los esc\u00e1ndalos parecen privar la narrativa social.<\/p>\n\n\n\n<p>Sobre las malas noticias pol\u00edticas que han pegado duro a las aspiraciones de lo viejo de la pol\u00edtica se abre una ola naranja que para muchos de los electores de este distrito local representa una esperanza de que los asuntos p\u00fablicos se hagan bien a partir de darle el triunfo a Alfredo Baranda.<\/p>\n\n\n\n<p>El \u00e1nimo social, particularmente, en este Distrito Electoral local tiene la idea de sacudirse a los anquilosados partidos pol\u00edticos y darle paso a la juventud combinada con la experiencia, q un pol\u00edtico preparado y con las iniciativas que demanda una comunidad que quiere mejores condiciones de desarrollo.<\/p>\n\n\n\n<p>Han pasado por el Congreso solo pol\u00edticos que atienden sus propios intereses o los de otros. La sociedad reclama que la mano se levante a la hora de votar pensando en sus beneficios y eso lo entiende bien Alfredo Baranda. M\u00e1s all\u00e1 de elegir un diputado deben elegir una voz que los defienda.<\/p>\n","protected":false},"excerpt":{"rendered":"<p>Vaya que las condiciones se pusieron inmejorables en el Distrito local 29 con cabecera en Tianguistenco para que lo nuevo de la pol\u00edtica supere los viejos cacicazgos y todo aquello que le hizo da\u00f1o a esta regi\u00f3n del Estado de M\u00e9xico, donde los esc\u00e1ndalos parecen privar la narrativa social.<\/p>\n","protected":false},"author":1,"featured_media":9306,"comment_status":"open","ping_status":"open","sticky":false,"template":"","format":"standard","meta":{"footnotes":""},"categories":[3,1,231],"tags":[2365,1982,86,687],"class_list":["post-9304","post","type-post","status-publish","format-standard","has-post-thumbnail","hentry","category-gobierno","category-otros","category-politica","tag-alfredo-baranda","tag-edomex","tag-gem","tag-santiago-tianguistenco"],"yoast_head":"<!-- This site is optimized with the Yoast SEO plugin v27.5 - https:\/\/yoast.com\/product\/yoast-seo-wordpress\/ -->\n<title>YA GAN\u00d3 BARANDA - Expresso Metropolitano<\/title>\n<meta name=\"robots\" content=\"index, follow, max-snippet:-1, max-image-preview:large, max-video-preview:-1\" \/>\n<link rel=\"canonical\" href=\"https:\/\/expressometro.mx\/index.php\/2024\/05\/26\/ya-gano-baranda\/\" \/>\n<meta property=\"og:locale\" content=\"es_MX\" \/>\n<meta property=\"og:type\" content=\"article\" \/>\n<meta property=\"og:title\" content=\"YA GAN\u00d3 BARANDA - Expresso Metropolitano\" \/>\n<meta property=\"og:description\" content=\"Vaya que las condiciones se pusieron inmejorables en el Distrito local 29 con cabecera en Tianguistenco para que lo nuevo de la pol\u00edtica supere los viejos cacicazgos y todo aquello que le hizo da\u00f1o a esta regi\u00f3n del Estado de M\u00e9xico, donde los esc\u00e1ndalos parecen privar la narrativa social.\" \/>\n<meta property=\"og:url\" content=\"https:\/\/expressometro.mx\/index.php\/2024\/05\/26\/ya-gano-baranda\/\" \/>\n<meta property=\"og:site_name\" content=\"Expresso Metropolitano\" \/>\n<meta property=\"article:published_time\" content=\"2024-05-26T13:19:11+00:00\" \/>\n<meta property=\"article:modified_time\" content=\"2024-05-26T20:48:22+00:00\" \/>\n<meta property=\"og:image\" content=\"http:\/\/expressometro.mx\/wp-content\/uploads\/2024\/05\/WhatsApp-Image-2024-05-26-at-7.15.12-AM.jpeg\" \/>\n\t<meta property=\"og:image:width\" content=\"719\" \/>\n\t<meta property=\"og:image:height\" content=\"719\" \/>\n\t<meta property=\"og:image:type\" content=\"image\/jpeg\" \/>\n<meta name=\"author\" content=\"Expresso Metropolitano\" \/>\n<meta name=\"twitter:label1\" content=\"Escrito por\" \/>\n\t<meta name=\"twitter:data1\" content=\"Expresso Metropolitano\" \/>\n\t<meta name=\"twitter:label2\" content=\"Tiempo de lectura\" \/>\n\t<meta name=\"twitter:data2\" content=\"2 minutos\" \/>\n<script type=\"application\/ld+json\" class=\"yoast-schema-graph\">{\"@context\":\"https:\\\/\\\/schema.org\",\"@graph\":[{\"@type\":\"Article\",\"@id\":\"https:\\\/\\\/expressometro.mx\\\/index.php\\\/2024\\\/05\\\/26\\\/ya-gano-baranda\\\/#article\",\"isPartOf\":{\"@id\":\"https:\\\/\\\/expressometro.mx\\\/index.php\\\/2024\\\/05\\\/26\\\/ya-gano-baranda\\\/\"},\"author\":{\"name\":\"Expresso Metropolitano\",\"@id\":\"https:\\\/\\\/expressometro.mx\\\/#\\\/schema\\\/person\\\/efa971b4a0664db8ed5c22b1b0dd2f5d\"},\"headline\":\"YA GAN\u00d3 BARANDA\",\"datePublished\":\"2024-05-26T13:19:11+00:00\",\"dateModified\":\"2024-05-26T20:48:22+00:00\",\"mainEntityOfPage\":{\"@id\":\"https:\\\/\\\/expressometro.mx\\\/index.php\\\/2024\\\/05\\\/26\\\/ya-gano-baranda\\\/\"},\"wordCount\":219,\"commentCount\":0,\"publisher\":{\"@id\":\"https:\\\/\\\/expressometro.mx\\\/#organization\"},\"image\":{\"@id\":\"https:\\\/\\\/expressometro.mx\\\/index.php\\\/2024\\\/05\\\/26\\\/ya-gano-baranda\\\/#primaryimage\"},\"thumbnailUrl\":\"https:\\\/\\\/expressometro.mx\\\/wp-content\\\/uploads\\\/2024\\\/05\\\/WhatsApp-Image-2024-05-26-at-7.15.12-AM.jpeg\",\"keywords\":[\"Alfredo Baranda\",\"Edomex\",\"GEM\",\"Santiago Tianguistenco\"],\"articleSection\":[\"Gobierno\",\"Otros\",\"Pol\u00edtica\"],\"inLanguage\":\"es\",\"potentialAction\":[{\"@type\":\"CommentAction\",\"name\":\"Comment\",\"target\":[\"https:\\\/\\\/expressometro.mx\\\/index.php\\\/2024\\\/05\\\/26\\\/ya-gano-baranda\\\/#respond\"]}]},{\"@type\":\"WebPage\",\"@id\":\"https:\\\/\\\/expressometro.mx\\\/index.php\\\/2024\\\/05\\\/26\\\/ya-gano-baranda\\\/\",\"url\":\"https:\\\/\\\/expressometro.mx\\\/index.php\\\/2024\\\/05\\\/26\\\/ya-gano-baranda\\\/\",\"name\":\"YA GAN\u00d3 BARANDA - Expresso Metropolitano\",\"isPartOf\":{\"@id\":\"https:\\\/\\\/expressometro.mx\\\/#website\"},\"primaryImageOfPage\":{\"@id\":\"https:\\\/\\\/expressometro.mx\\\/index.php\\\/2024\\\/05\\\/26\\\/ya-gano-baranda\\\/#primaryimage\"},\"image\":{\"@id\":\"https:\\\/\\\/expressometro.mx\\\/index.php\\\/2024\\\/05\\\/26\\\/ya-gano-baranda\\\/#primaryimage\"},\"thumbnailUrl\":\"https:\\\/\\\/expressometro.mx\\\/wp-content\\\/uploads\\\/2024\\\/05\\\/WhatsApp-Image-2024-05-26-at-7.15.12-AM.jpeg\",\"datePublished\":\"2024-05-26T13:19:11+00:00\",\"dateModified\":\"2024-05-26T20:48:22+00:00\",\"breadcrumb\":{\"@id\":\"https:\\\/\\\/expressometro.mx\\\/index.php\\\/2024\\\/05\\\/26\\\/ya-gano-baranda\\\/#breadcrumb\"},\"inLanguage\":\"es\",\"potentialAction\":[{\"@type\":\"ReadAction\",\"target\":[\"https:\\\/\\\/expressometro.mx\\\/index.php\\\/2024\\\/05\\\/26\\\/ya-gano-baranda\\\/\"]}]},{\"@type\":\"ImageObject\",\"inLanguage\":\"es\",\"@id\":\"https:\\\/\\\/expressometro.mx\\\/index.php\\\/2024\\\/05\\\/26\\\/ya-gano-baranda\\\/#primaryimage\",\"url\":\"https:\\\/\\\/expressometro.mx\\\/wp-content\\\/uploads\\\/2024\\\/05\\\/WhatsApp-Image-2024-05-26-at-7.15.12-AM.jpeg\",\"contentUrl\":\"https:\\\/\\\/expressometro.mx\\\/wp-content\\\/uploads\\\/2024\\\/05\\\/WhatsApp-Image-2024-05-26-at-7.15.12-AM.jpeg\",\"width\":719,\"height\":719},{\"@type\":\"BreadcrumbList\",\"@id\":\"https:\\\/\\\/expressometro.mx\\\/index.php\\\/2024\\\/05\\\/26\\\/ya-gano-baranda\\\/#breadcrumb\",\"itemListElement\":[{\"@type\":\"ListItem\",\"position\":1,\"name\":\"Inicio\",\"item\":\"https:\\\/\\\/expressometro.mx\\\/\"},{\"@type\":\"ListItem\",\"position\":2,\"name\":\"YA GAN\u00d3 BARANDA\"}]},{\"@type\":\"WebSite\",\"@id\":\"https:\\\/\\\/expressometro.mx\\\/#website\",\"url\":\"https:\\\/\\\/expressometro.mx\\\/\",\"name\":\"Expresso Metropolitano\",\"description\":\"Periodismo comprometido, informaci\u00f3n, investigaci\u00f3n y an\u00e1lisis\",\"publisher\":{\"@id\":\"https:\\\/\\\/expressometro.mx\\\/#organization\"},\"potentialAction\":[{\"@type\":\"SearchAction\",\"target\":{\"@type\":\"EntryPoint\",\"urlTemplate\":\"https:\\\/\\\/expressometro.mx\\\/?s={search_term_string}\"},\"query-input\":{\"@type\":\"PropertyValueSpecification\",\"valueRequired\":true,\"valueName\":\"search_term_string\"}}],\"inLanguage\":\"es\"},{\"@type\":\"Organization\",\"@id\":\"https:\\\/\\\/expressometro.mx\\\/#organization\",\"name\":\"Expresso Metropolitano\",\"url\":\"https:\\\/\\\/expressometro.mx\\\/\",\"logo\":{\"@type\":\"ImageObject\",\"inLanguage\":\"es\",\"@id\":\"https:\\\/\\\/expressometro.mx\\\/#\\\/schema\\\/logo\\\/image\\\/\",\"url\":\"https:\\\/\\\/expressometro.mx\\\/wp-content\\\/uploads\\\/2019\\\/07\\\/cropped-Logo-Expresso-Metropolitano-1-1.jpeg\",\"contentUrl\":\"https:\\\/\\\/expressometro.mx\\\/wp-content\\\/uploads\\\/2019\\\/07\\\/cropped-Logo-Expresso-Metropolitano-1-1.jpeg\",\"width\":290,\"height\":73,\"caption\":\"Expresso Metropolitano\"},\"image\":{\"@id\":\"https:\\\/\\\/expressometro.mx\\\/#\\\/schema\\\/logo\\\/image\\\/\"}},{\"@type\":\"Person\",\"@id\":\"https:\\\/\\\/expressometro.mx\\\/#\\\/schema\\\/person\\\/efa971b4a0664db8ed5c22b1b0dd2f5d\",\"name\":\"Expresso Metropolitano\",\"image\":{\"@type\":\"ImageObject\",\"inLanguage\":\"es\",\"@id\":\"https:\\\/\\\/secure.gravatar.com\\\/avatar\\\/a89f802b8de18c6952f223c88d3d106e9e3679839f4e25a02f4a6cc2ae6ba3b3?s=96&d=mm&r=g\",\"url\":\"https:\\\/\\\/secure.gravatar.com\\\/avatar\\\/a89f802b8de18c6952f223c88d3d106e9e3679839f4e25a02f4a6cc2ae6ba3b3?s=96&d=mm&r=g\",\"contentUrl\":\"https:\\\/\\\/secure.gravatar.com\\\/avatar\\\/a89f802b8de18c6952f223c88d3d106e9e3679839f4e25a02f4a6cc2ae6ba3b3?s=96&d=mm&r=g\",\"caption\":\"Expresso Metropolitano\"},\"url\":\"https:\\\/\\\/expressometro.mx\\\/index.php\\\/author\\\/diego\\\/\"}]}<\/script>\n<!-- \/ Yoast SEO plugin. -->","yoast_head_json":{"title":"YA GAN\u00d3 BARANDA - Expresso Metropolitano","robots":{"index":"index","follow":"follow","max-snippet":"max-snippet:-1","max-image-preview":"max-image-preview:large","max-video-preview":"max-video-preview:-1"},"canonical":"https:\/\/expressometro.mx\/index.php\/2024\/05\/26\/ya-gano-baranda\/","og_locale":"es_MX","og_type":"article","og_title":"YA GAN\u00d3 BARANDA - Expresso Metropolitano","og_description":"Vaya que las condiciones se pusieron inmejorables en el Distrito local 29 con cabecera en Tianguistenco para que lo nuevo de la pol\u00edtica supere los viejos cacicazgos y todo aquello que le hizo da\u00f1o a esta regi\u00f3n del Estado de M\u00e9xico, donde los esc\u00e1ndalos parecen privar la narrativa social.","og_url":"https:\/\/expressometro.mx\/index.php\/2024\/05\/26\/ya-gano-baranda\/","og_site_name":"Expresso Metropolitano","article_published_time":"2024-05-26T13:19:11+00:00","article_modified_time":"2024-05-26T20:48:22+00:00","og_image":[{"width":719,"height":719,"url":"http:\/\/expressometro.mx\/wp-content\/uploads\/2024\/05\/WhatsApp-Image-2024-05-26-at-7.15.12-AM.jpeg","type":"image\/jpeg"}],"author":"Expresso Metropolitano","twitter_misc":{"Escrito por":"Expresso Metropolitano","Tiempo de lectura":"2 minutos"},"schema":{"@context":"https:\/\/schema.org","@graph":[{"@type":"Article","@id":"https:\/\/expressometro.mx\/index.php\/2024\/05\/26\/ya-gano-baranda\/#article","isPartOf":{"@id":"https:\/\/expressometro.mx\/index.php\/2024\/05\/26\/ya-gano-baranda\/"},"author":{"name":"Expresso Metropolitano","@id":"https:\/\/expressometro.mx\/#\/schema\/person\/efa971b4a0664db8ed5c22b1b0dd2f5d"},"headline":"YA GAN\u00d3 BARANDA","datePublished":"2024-05-26T13:19:11+00:00","dateModified":"2024-05-26T20:48:22+00:00","mainEntityOfPage":{"@id":"https:\/\/expressometro.mx\/index.php\/2024\/05\/26\/ya-gano-baranda\/"},"wordCount":219,"commentCount":0,"publisher":{"@id":"https:\/\/expressometro.mx\/#organization"},"image":{"@id":"https:\/\/expressometro.mx\/index.php\/2024\/05\/26\/ya-gano-baranda\/#primaryimage"},"thumbnailUrl":"https:\/\/expressometro.mx\/wp-content\/uploads\/2024\/05\/WhatsApp-Image-2024-05-26-at-7.15.12-AM.jpeg","keywords":["Alfredo Baranda","Edomex","GEM","Santiago Tianguistenco"],"articleSection":["Gobierno","Otros","Pol\u00edtica"],"inLanguage":"es","potentialAction":[{"@type":"CommentAction","name":"Comment","target":["https:\/\/expressometro.mx\/index.php\/2024\/05\/26\/ya-gano-baranda\/#respond"]}]},{"@type":"WebPage","@id":"https:\/\/expressometro.mx\/index.php\/2024\/05\/26\/ya-gano-baranda\/","url":"https:\/\/expressometro.mx\/index.php\/2024\/05\/26\/ya-gano-baranda\/","name":"YA GAN\u00d3 BARANDA - Expresso Metropolitano","isPartOf":{"@id":"https:\/\/expressometro.mx\/#website"},"primaryImageOfPage":{"@id":"https:\/\/expressometro.mx\/index.php\/2024\/05\/26\/ya-gano-baranda\/#primaryimage"},"image":{"@id":"https:\/\/expressometro.mx\/index.php\/2024\/05\/26\/ya-gano-baranda\/#primaryimage"},"thumbnailUrl":"https:\/\/expressometro.mx\/wp-content\/uploads\/2024\/05\/WhatsApp-Image-2024-05-26-at-7.15.12-AM.jpeg","datePublished":"2024-05-26T13:19:11+00:00","dateModified":"2024-05-26T20:48:22+00:00","breadcrumb":{"@id":"https:\/\/expressometro.mx\/index.php\/2024\/05\/26\/ya-gano-baranda\/#breadcrumb"},"inLanguage":"es","potentialAction":[{"@type":"ReadAction","target":["https:\/\/expressometro.mx\/index.php\/2024\/05\/26\/ya-gano-baranda\/"]}]},{"@type":"ImageObject","inLanguage":"es","@id":"https:\/\/expressometro.mx\/index.php\/2024\/05\/26\/ya-gano-baranda\/#primaryimage","url":"https:\/\/expressometro.mx\/wp-content\/uploads\/2024\/05\/WhatsApp-Image-2024-05-26-at-7.15.12-AM.jpeg","contentUrl":"https:\/\/expressometro.mx\/wp-content\/uploads\/2024\/05\/WhatsApp-Image-2024-05-26-at-7.15.12-AM.jpeg","width":719,"height":719},{"@type":"BreadcrumbList","@id":"https:\/\/expressometro.mx\/index.php\/2024\/05\/26\/ya-gano-baranda\/#breadcrumb","itemListElement":[{"@type":"ListItem","position":1,"name":"Inicio","item":"https:\/\/expressometro.mx\/"},{"@type":"ListItem","position":2,"name":"YA GAN\u00d3 BARANDA"}]},{"@type":"WebSite","@id":"https:\/\/expressometro.mx\/#website","url":"https:\/\/expressometro.mx\/","name":"Expresso Metropolitano","description":"Periodismo comprometido, informaci\u00f3n, investigaci\u00f3n y an\u00e1lisis","publisher":{"@id":"https:\/\/expressometro.mx\/#organization"},"potentialAction":[{"@type":"SearchAction","target":{"@type":"EntryPoint","urlTemplate":"https:\/\/expressometro.mx\/?s={search_term_string}"},"query-input":{"@type":"PropertyValueSpecification","valueRequired":true,"valueName":"search_term_string"}}],"inLanguage":"es"},{"@type":"Organization","@id":"https:\/\/expressometro.mx\/#organization","name":"Expresso Metropolitano","url":"https:\/\/expressometro.mx\/","logo":{"@type":"ImageObject","inLanguage":"es","@id":"https:\/\/expressometro.mx\/#\/schema\/logo\/image\/","url":"https:\/\/expressometro.mx\/wp-content\/uploads\/2019\/07\/cropped-Logo-Expresso-Metropolitano-1-1.jpeg","contentUrl":"https:\/\/expressometro.mx\/wp-content\/uploads\/2019\/07\/cropped-Logo-Expresso-Metropolitano-1-1.jpeg","width":290,"height":73,"caption":"Expresso Metropolitano"},"image":{"@id":"https:\/\/expressometro.mx\/#\/schema\/logo\/image\/"}},{"@type":"Person","@id":"https:\/\/expressometro.mx\/#\/schema\/person\/efa971b4a0664db8ed5c22b1b0dd2f5d","name":"Expresso Metropolitano","image":{"@type":"ImageObject","inLanguage":"es","@id":"https:\/\/secure.gravatar.com\/avatar\/a89f802b8de18c6952f223c88d3d106e9e3679839f4e25a02f4a6cc2ae6ba3b3?s=96&d=mm&r=g","url":"https:\/\/secure.gravatar.com\/avatar\/a89f802b8de18c6952f223c88d3d106e9e3679839f4e25a02f4a6cc2ae6ba3b3?s=96&d=mm&r=g","contentUrl":"https:\/\/secure.gravatar.com\/avatar\/a89f802b8de18c6952f223c88d3d106e9e3679839f4e25a02f4a6cc2ae6ba3b3?s=96&d=mm&r=g","caption":"Expresso Metropolitano"},"url":"https:\/\/expressometro.mx\/index.php\/author\/diego\/"}]}},"amp_enabled":true,"_links":{"self":[{"href":"https:\/\/expressometro.mx\/index.php\/wp-json\/wp\/v2\/posts\/9304","targetHints":{"allow":["GET"]}}],"collection":[{"href":"https:\/\/expressometro.mx\/index.php\/wp-json\/wp\/v2\/posts"}],"about":[{"href":"https:\/\/expressometro.mx\/index.php\/wp-json\/wp\/v2\/types\/post"}],"author":[{"embeddable":true,"href":"https:\/\/expressometro.mx\/index.php\/wp-json\/wp\/v2\/users\/1"}],"replies":[{"embeddable":true,"href":"https:\/\/expressometro.mx\/index.php\/wp-json\/wp\/v2\/comments?post=9304"}],"version-history":[{"count":6,"href":"https:\/\/expressometro.mx\/index.php\/wp-json\/wp\/v2\/posts\/9304\/revisions"}],"predecessor-version":[{"id":9316,"href":"https:\/\/expressometro.mx\/index.php\/wp-json\/wp\/v2\/posts\/9304\/revisions\/9316"}],"wp:featuredmedia":[{"embeddable":true,"href":"https:\/\/expressometro.mx\/index.php\/wp-json\/wp\/v2\/media\/9306"}],"wp:attachment":[{"href":"https:\/\/expressometro.mx\/index.php\/wp-json\/wp\/v2\/media?parent=9304"}],"wp:term":[{"taxonomy":"category","embeddable":true,"href":"https:\/\/expressometro.mx\/index.php\/wp-json\/wp\/v2\/categories?post=9304"},{"taxonomy":"post_tag","embeddable":true,"href":"https:\/\/expressometro.mx\/index.php\/wp-json\/wp\/v2\/tags?post=9304"}],"curies":[{"name":"wp","href":"https:\/\/api.w.org\/{rel}","templated":true}]}}