{"id":9258,"date":"2024-05-20T21:52:00","date_gmt":"2024-05-21T02:52:00","guid":{"rendered":"https:\/\/expressometro.mx\/?p=9258"},"modified":"2024-05-20T21:52:01","modified_gmt":"2024-05-21T02:52:01","slug":"va-alfredo-baranda-por-una-revolucion-legislativa","status":"publish","type":"post","link":"https:\/\/expressometro.mx\/index.php\/2024\/05\/20\/va-alfredo-baranda-por-una-revolucion-legislativa\/","title":{"rendered":"VA ALFREDO BARANDA POR UNA REVOLUCI\u00d3N LEGISLATIVA"},"content":{"rendered":"\n<p><\/p>\n\n\n\n<ul class=\"wp-block-list\">\n<li>Basta de par\u00e1lisis y falta de acuerdos en el Congreso que en nada beneficia a los mexiquenses.<\/li>\n<\/ul>\n\n\n\n<p>Alfredo Baranda S\u00e1enz es lo nuevo de la pol\u00edtica y tiene muy claro lo que debe cambiar en la C\u00e1mara de Diputados del Estado de M\u00e9xico. No es posible que el Poder Legislativo se mueva lentamente para beneficio de los mexiquenses, las iniciativas de ley no pueden dormir el sue\u00f1o de los justos ante una sociedad que demanda mejor calidad de vida.<\/p>\n\n\n\n<p>Como candidato de Movimiento Ciudadano por el Distrito local 29 con cabecera en Santiago Tianguistenco, lanz\u00f3 su campa\u00f1a con propuestas viables para que el trabajo camaral sea, realmente, productivo. Por eso desde el Congreso va a proponer las reformas estructurales necesarias que permitan que ni\u00f1as, ni\u00f1os y j\u00f3venes cuenten con mejores condiciones de estudio.<\/p>\n\n\n\n<p>\u201cEstoy convencido de que debemos forjar generaciones fuertes en su preparaci\u00f3n acad\u00e9mica\u201d, asegur\u00f3 en entrevista el candidato de MC, quien sostuvo que la reforma a diversos ordenamientos legales en esta materia debe estar acompa\u00f1ada del consenso de las fuerzas pol\u00edticas sin regateo ni obst\u00e1culos para el desarrollo de ni\u00f1os y j\u00f3venes.<\/p>\n\n\n\n<p>Al ser cuestionado por su plataforma legislativa, asegur\u00f3 que no habr\u00e1 descanso en la idea de impulsar el corredor industrial de Tianguistenco-Xalatlaco Sur CDMX porque es un detonador de desarrollo para la regi\u00f3n. \u201cNuestro estado es pr\u00f3spero, pero necesitamos impulsar y potenciar la econom\u00eda de los comerciantes y artesanos de nuestras regiones, a trav\u00e9s del corredor industrial lo haremos posible\u201d, agreg\u00f3.<\/p>\n\n\n\n<p>Otra propuesta legislativa ser\u00e1 la de hacer un derecho que desde primero de secundaria se imparta la materia de Desarrollo de Negocios. \u201cNuestras ni\u00f1as, ni\u00f1os y j\u00f3venes necesitan contar con las herramientas que les permita cambiar y mejorar su entorno\u201d, manifest\u00f3.<\/p>\n\n\n\n<p>\u201cMi apuesta es y ser\u00e1 forjar generaciones fuertes con una cultura emprendedora\u201d y en ese sentido, se comprometi\u00f3 a impulsar una ley que pueda establecer que desde quinto a\u00f1o de primaria, las ni\u00f1as y ni\u00f1os reciban educaci\u00f3n financiera.<\/p>\n\n\n\n<p>\u201cEs necesario que nuestros infantes conozcan sobre los diferentes productos y servicios financieros, con la finalidad de tomar mejores decisiones econ\u00f3micas en el futuro; porque nuestras ni\u00f1as y ni\u00f1os ser\u00e1n la nueva fuerza ciudadana\u201d, finaliz\u00f3.<\/p>\n","protected":false},"excerpt":{"rendered":"<p>Alfredo Baranda S\u00e1enz es lo nuevo de la pol\u00edtica y tiene muy claro lo que debe cambiar en la C\u00e1mara de Diputados del Estado de M\u00e9xico. No es posible que el Poder Legislativo se mueva lentamente para beneficio de los mexiquenses, las iniciativas de ley no pueden dormir el sue\u00f1o de los justos ante una sociedad que demanda mejor calidad de vida.<\/p>\n","protected":false},"author":1,"featured_media":9260,"comment_status":"open","ping_status":"open","sticky":false,"template":"","format":"standard","meta":{"footnotes":""},"categories":[1,231],"tags":[2360,1982,86,687],"class_list":["post-9258","post","type-post","status-publish","format-standard","has-post-thumbnail","hentry","category-otros","category-politica","tag-alfredo-baranda-saenz","tag-edomex","tag-gem","tag-santiago-tianguistenco"],"yoast_head":"<!-- This site is optimized with the Yoast SEO plugin v27.5 - https:\/\/yoast.com\/product\/yoast-seo-wordpress\/ -->\n<title>VA ALFREDO BARANDA POR UNA REVOLUCI\u00d3N LEGISLATIVA - Expresso Metropolitano<\/title>\n<meta name=\"robots\" content=\"index, follow, max-snippet:-1, max-image-preview:large, max-video-preview:-1\" \/>\n<link rel=\"canonical\" href=\"https:\/\/expressometro.mx\/index.php\/2024\/05\/20\/va-alfredo-baranda-por-una-revolucion-legislativa\/\" \/>\n<meta property=\"og:locale\" content=\"es_MX\" \/>\n<meta property=\"og:type\" content=\"article\" \/>\n<meta property=\"og:title\" content=\"VA ALFREDO BARANDA POR UNA REVOLUCI\u00d3N LEGISLATIVA - Expresso Metropolitano\" \/>\n<meta property=\"og:description\" content=\"Alfredo Baranda S\u00e1enz es lo nuevo de la pol\u00edtica y tiene muy claro lo que debe cambiar en la C\u00e1mara de Diputados del Estado de M\u00e9xico. No es posible que el Poder Legislativo se mueva lentamente para beneficio de los mexiquenses, las iniciativas de ley no pueden dormir el sue\u00f1o de los justos ante una sociedad que demanda mejor calidad de vida.\" \/>\n<meta property=\"og:url\" content=\"https:\/\/expressometro.mx\/index.php\/2024\/05\/20\/va-alfredo-baranda-por-una-revolucion-legislativa\/\" \/>\n<meta property=\"og:site_name\" content=\"Expresso Metropolitano\" \/>\n<meta property=\"article:published_time\" content=\"2024-05-21T02:52:00+00:00\" \/>\n<meta property=\"article:modified_time\" content=\"2024-05-21T02:52:01+00:00\" \/>\n<meta property=\"og:image\" content=\"http:\/\/expressometro.mx\/wp-content\/uploads\/2024\/05\/WhatsApp-Image-2024-05-20-at-8.42.01-PM.jpeg\" \/>\n\t<meta property=\"og:image:width\" content=\"719\" \/>\n\t<meta property=\"og:image:height\" content=\"719\" \/>\n\t<meta property=\"og:image:type\" content=\"image\/jpeg\" \/>\n<meta name=\"author\" content=\"Expresso Metropolitano\" \/>\n<meta name=\"twitter:label1\" content=\"Escrito por\" \/>\n\t<meta name=\"twitter:data1\" content=\"Expresso Metropolitano\" \/>\n\t<meta name=\"twitter:label2\" content=\"Tiempo de lectura\" \/>\n\t<meta name=\"twitter:data2\" content=\"2 minutos\" \/>\n<script type=\"application\/ld+json\" class=\"yoast-schema-graph\">{\"@context\":\"https:\\\/\\\/schema.org\",\"@graph\":[{\"@type\":\"Article\",\"@id\":\"https:\\\/\\\/expressometro.mx\\\/index.php\\\/2024\\\/05\\\/20\\\/va-alfredo-baranda-por-una-revolucion-legislativa\\\/#article\",\"isPartOf\":{\"@id\":\"https:\\\/\\\/expressometro.mx\\\/index.php\\\/2024\\\/05\\\/20\\\/va-alfredo-baranda-por-una-revolucion-legislativa\\\/\"},\"author\":{\"name\":\"Expresso Metropolitano\",\"@id\":\"https:\\\/\\\/expressometro.mx\\\/#\\\/schema\\\/person\\\/efa971b4a0664db8ed5c22b1b0dd2f5d\"},\"headline\":\"VA ALFREDO BARANDA POR UNA REVOLUCI\u00d3N LEGISLATIVA\",\"datePublished\":\"2024-05-21T02:52:00+00:00\",\"dateModified\":\"2024-05-21T02:52:01+00:00\",\"mainEntityOfPage\":{\"@id\":\"https:\\\/\\\/expressometro.mx\\\/index.php\\\/2024\\\/05\\\/20\\\/va-alfredo-baranda-por-una-revolucion-legislativa\\\/\"},\"wordCount\":398,\"commentCount\":0,\"publisher\":{\"@id\":\"https:\\\/\\\/expressometro.mx\\\/#organization\"},\"image\":{\"@id\":\"https:\\\/\\\/expressometro.mx\\\/index.php\\\/2024\\\/05\\\/20\\\/va-alfredo-baranda-por-una-revolucion-legislativa\\\/#primaryimage\"},\"thumbnailUrl\":\"https:\\\/\\\/expressometro.mx\\\/wp-content\\\/uploads\\\/2024\\\/05\\\/WhatsApp-Image-2024-05-20-at-8.42.01-PM.jpeg\",\"keywords\":[\"Alfredo Baranda S\u00e1enz\",\"Edomex\",\"GEM\",\"Santiago Tianguistenco\"],\"articleSection\":[\"Otros\",\"Pol\u00edtica\"],\"inLanguage\":\"es\",\"potentialAction\":[{\"@type\":\"CommentAction\",\"name\":\"Comment\",\"target\":[\"https:\\\/\\\/expressometro.mx\\\/index.php\\\/2024\\\/05\\\/20\\\/va-alfredo-baranda-por-una-revolucion-legislativa\\\/#respond\"]}]},{\"@type\":\"WebPage\",\"@id\":\"https:\\\/\\\/expressometro.mx\\\/index.php\\\/2024\\\/05\\\/20\\\/va-alfredo-baranda-por-una-revolucion-legislativa\\\/\",\"url\":\"https:\\\/\\\/expressometro.mx\\\/index.php\\\/2024\\\/05\\\/20\\\/va-alfredo-baranda-por-una-revolucion-legislativa\\\/\",\"name\":\"VA ALFREDO BARANDA POR UNA REVOLUCI\u00d3N LEGISLATIVA - Expresso Metropolitano\",\"isPartOf\":{\"@id\":\"https:\\\/\\\/expressometro.mx\\\/#website\"},\"primaryImageOfPage\":{\"@id\":\"https:\\\/\\\/expressometro.mx\\\/index.php\\\/2024\\\/05\\\/20\\\/va-alfredo-baranda-por-una-revolucion-legislativa\\\/#primaryimage\"},\"image\":{\"@id\":\"https:\\\/\\\/expressometro.mx\\\/index.php\\\/2024\\\/05\\\/20\\\/va-alfredo-baranda-por-una-revolucion-legislativa\\\/#primaryimage\"},\"thumbnailUrl\":\"https:\\\/\\\/expressometro.mx\\\/wp-content\\\/uploads\\\/2024\\\/05\\\/WhatsApp-Image-2024-05-20-at-8.42.01-PM.jpeg\",\"datePublished\":\"2024-05-21T02:52:00+00:00\",\"dateModified\":\"2024-05-21T02:52:01+00:00\",\"breadcrumb\":{\"@id\":\"https:\\\/\\\/expressometro.mx\\\/index.php\\\/2024\\\/05\\\/20\\\/va-alfredo-baranda-por-una-revolucion-legislativa\\\/#breadcrumb\"},\"inLanguage\":\"es\",\"potentialAction\":[{\"@type\":\"ReadAction\",\"target\":[\"https:\\\/\\\/expressometro.mx\\\/index.php\\\/2024\\\/05\\\/20\\\/va-alfredo-baranda-por-una-revolucion-legislativa\\\/\"]}]},{\"@type\":\"ImageObject\",\"inLanguage\":\"es\",\"@id\":\"https:\\\/\\\/expressometro.mx\\\/index.php\\\/2024\\\/05\\\/20\\\/va-alfredo-baranda-por-una-revolucion-legislativa\\\/#primaryimage\",\"url\":\"https:\\\/\\\/expressometro.mx\\\/wp-content\\\/uploads\\\/2024\\\/05\\\/WhatsApp-Image-2024-05-20-at-8.42.01-PM.jpeg\",\"contentUrl\":\"https:\\\/\\\/expressometro.mx\\\/wp-content\\\/uploads\\\/2024\\\/05\\\/WhatsApp-Image-2024-05-20-at-8.42.01-PM.jpeg\",\"width\":719,\"height\":719},{\"@type\":\"BreadcrumbList\",\"@id\":\"https:\\\/\\\/expressometro.mx\\\/index.php\\\/2024\\\/05\\\/20\\\/va-alfredo-baranda-por-una-revolucion-legislativa\\\/#breadcrumb\",\"itemListElement\":[{\"@type\":\"ListItem\",\"position\":1,\"name\":\"Inicio\",\"item\":\"https:\\\/\\\/expressometro.mx\\\/\"},{\"@type\":\"ListItem\",\"position\":2,\"name\":\"VA ALFREDO BARANDA POR UNA REVOLUCI\u00d3N LEGISLATIVA\"}]},{\"@type\":\"WebSite\",\"@id\":\"https:\\\/\\\/expressometro.mx\\\/#website\",\"url\":\"https:\\\/\\\/expressometro.mx\\\/\",\"name\":\"Expresso Metropolitano\",\"description\":\"Periodismo comprometido, informaci\u00f3n, investigaci\u00f3n y an\u00e1lisis\",\"publisher\":{\"@id\":\"https:\\\/\\\/expressometro.mx\\\/#organization\"},\"potentialAction\":[{\"@type\":\"SearchAction\",\"target\":{\"@type\":\"EntryPoint\",\"urlTemplate\":\"https:\\\/\\\/expressometro.mx\\\/?s={search_term_string}\"},\"query-input\":{\"@type\":\"PropertyValueSpecification\",\"valueRequired\":true,\"valueName\":\"search_term_string\"}}],\"inLanguage\":\"es\"},{\"@type\":\"Organization\",\"@id\":\"https:\\\/\\\/expressometro.mx\\\/#organization\",\"name\":\"Expresso Metropolitano\",\"url\":\"https:\\\/\\\/expressometro.mx\\\/\",\"logo\":{\"@type\":\"ImageObject\",\"inLanguage\":\"es\",\"@id\":\"https:\\\/\\\/expressometro.mx\\\/#\\\/schema\\\/logo\\\/image\\\/\",\"url\":\"https:\\\/\\\/expressometro.mx\\\/wp-content\\\/uploads\\\/2019\\\/07\\\/cropped-Logo-Expresso-Metropolitano-1-1.jpeg\",\"contentUrl\":\"https:\\\/\\\/expressometro.mx\\\/wp-content\\\/uploads\\\/2019\\\/07\\\/cropped-Logo-Expresso-Metropolitano-1-1.jpeg\",\"width\":290,\"height\":73,\"caption\":\"Expresso Metropolitano\"},\"image\":{\"@id\":\"https:\\\/\\\/expressometro.mx\\\/#\\\/schema\\\/logo\\\/image\\\/\"}},{\"@type\":\"Person\",\"@id\":\"https:\\\/\\\/expressometro.mx\\\/#\\\/schema\\\/person\\\/efa971b4a0664db8ed5c22b1b0dd2f5d\",\"name\":\"Expresso Metropolitano\",\"image\":{\"@type\":\"ImageObject\",\"inLanguage\":\"es\",\"@id\":\"https:\\\/\\\/secure.gravatar.com\\\/avatar\\\/a89f802b8de18c6952f223c88d3d106e9e3679839f4e25a02f4a6cc2ae6ba3b3?s=96&d=mm&r=g\",\"url\":\"https:\\\/\\\/secure.gravatar.com\\\/avatar\\\/a89f802b8de18c6952f223c88d3d106e9e3679839f4e25a02f4a6cc2ae6ba3b3?s=96&d=mm&r=g\",\"contentUrl\":\"https:\\\/\\\/secure.gravatar.com\\\/avatar\\\/a89f802b8de18c6952f223c88d3d106e9e3679839f4e25a02f4a6cc2ae6ba3b3?s=96&d=mm&r=g\",\"caption\":\"Expresso Metropolitano\"},\"url\":\"https:\\\/\\\/expressometro.mx\\\/index.php\\\/author\\\/diego\\\/\"}]}<\/script>\n<!-- \/ Yoast SEO plugin. -->","yoast_head_json":{"title":"VA ALFREDO BARANDA POR UNA REVOLUCI\u00d3N LEGISLATIVA - Expresso Metropolitano","robots":{"index":"index","follow":"follow","max-snippet":"max-snippet:-1","max-image-preview":"max-image-preview:large","max-video-preview":"max-video-preview:-1"},"canonical":"https:\/\/expressometro.mx\/index.php\/2024\/05\/20\/va-alfredo-baranda-por-una-revolucion-legislativa\/","og_locale":"es_MX","og_type":"article","og_title":"VA ALFREDO BARANDA POR UNA REVOLUCI\u00d3N LEGISLATIVA - Expresso Metropolitano","og_description":"Alfredo Baranda S\u00e1enz es lo nuevo de la pol\u00edtica y tiene muy claro lo que debe cambiar en la C\u00e1mara de Diputados del Estado de M\u00e9xico. No es posible que el Poder Legislativo se mueva lentamente para beneficio de los mexiquenses, las iniciativas de ley no pueden dormir el sue\u00f1o de los justos ante una sociedad que demanda mejor calidad de vida.","og_url":"https:\/\/expressometro.mx\/index.php\/2024\/05\/20\/va-alfredo-baranda-por-una-revolucion-legislativa\/","og_site_name":"Expresso Metropolitano","article_published_time":"2024-05-21T02:52:00+00:00","article_modified_time":"2024-05-21T02:52:01+00:00","og_image":[{"width":719,"height":719,"url":"http:\/\/expressometro.mx\/wp-content\/uploads\/2024\/05\/WhatsApp-Image-2024-05-20-at-8.42.01-PM.jpeg","type":"image\/jpeg"}],"author":"Expresso Metropolitano","twitter_misc":{"Escrito por":"Expresso Metropolitano","Tiempo de lectura":"2 minutos"},"schema":{"@context":"https:\/\/schema.org","@graph":[{"@type":"Article","@id":"https:\/\/expressometro.mx\/index.php\/2024\/05\/20\/va-alfredo-baranda-por-una-revolucion-legislativa\/#article","isPartOf":{"@id":"https:\/\/expressometro.mx\/index.php\/2024\/05\/20\/va-alfredo-baranda-por-una-revolucion-legislativa\/"},"author":{"name":"Expresso Metropolitano","@id":"https:\/\/expressometro.mx\/#\/schema\/person\/efa971b4a0664db8ed5c22b1b0dd2f5d"},"headline":"VA ALFREDO BARANDA POR UNA REVOLUCI\u00d3N LEGISLATIVA","datePublished":"2024-05-21T02:52:00+00:00","dateModified":"2024-05-21T02:52:01+00:00","mainEntityOfPage":{"@id":"https:\/\/expressometro.mx\/index.php\/2024\/05\/20\/va-alfredo-baranda-por-una-revolucion-legislativa\/"},"wordCount":398,"commentCount":0,"publisher":{"@id":"https:\/\/expressometro.mx\/#organization"},"image":{"@id":"https:\/\/expressometro.mx\/index.php\/2024\/05\/20\/va-alfredo-baranda-por-una-revolucion-legislativa\/#primaryimage"},"thumbnailUrl":"https:\/\/expressometro.mx\/wp-content\/uploads\/2024\/05\/WhatsApp-Image-2024-05-20-at-8.42.01-PM.jpeg","keywords":["Alfredo Baranda S\u00e1enz","Edomex","GEM","Santiago Tianguistenco"],"articleSection":["Otros","Pol\u00edtica"],"inLanguage":"es","potentialAction":[{"@type":"CommentAction","name":"Comment","target":["https:\/\/expressometro.mx\/index.php\/2024\/05\/20\/va-alfredo-baranda-por-una-revolucion-legislativa\/#respond"]}]},{"@type":"WebPage","@id":"https:\/\/expressometro.mx\/index.php\/2024\/05\/20\/va-alfredo-baranda-por-una-revolucion-legislativa\/","url":"https:\/\/expressometro.mx\/index.php\/2024\/05\/20\/va-alfredo-baranda-por-una-revolucion-legislativa\/","name":"VA ALFREDO BARANDA POR UNA REVOLUCI\u00d3N LEGISLATIVA - Expresso Metropolitano","isPartOf":{"@id":"https:\/\/expressometro.mx\/#website"},"primaryImageOfPage":{"@id":"https:\/\/expressometro.mx\/index.php\/2024\/05\/20\/va-alfredo-baranda-por-una-revolucion-legislativa\/#primaryimage"},"image":{"@id":"https:\/\/expressometro.mx\/index.php\/2024\/05\/20\/va-alfredo-baranda-por-una-revolucion-legislativa\/#primaryimage"},"thumbnailUrl":"https:\/\/expressometro.mx\/wp-content\/uploads\/2024\/05\/WhatsApp-Image-2024-05-20-at-8.42.01-PM.jpeg","datePublished":"2024-05-21T02:52:00+00:00","dateModified":"2024-05-21T02:52:01+00:00","breadcrumb":{"@id":"https:\/\/expressometro.mx\/index.php\/2024\/05\/20\/va-alfredo-baranda-por-una-revolucion-legislativa\/#breadcrumb"},"inLanguage":"es","potentialAction":[{"@type":"ReadAction","target":["https:\/\/expressometro.mx\/index.php\/2024\/05\/20\/va-alfredo-baranda-por-una-revolucion-legislativa\/"]}]},{"@type":"ImageObject","inLanguage":"es","@id":"https:\/\/expressometro.mx\/index.php\/2024\/05\/20\/va-alfredo-baranda-por-una-revolucion-legislativa\/#primaryimage","url":"https:\/\/expressometro.mx\/wp-content\/uploads\/2024\/05\/WhatsApp-Image-2024-05-20-at-8.42.01-PM.jpeg","contentUrl":"https:\/\/expressometro.mx\/wp-content\/uploads\/2024\/05\/WhatsApp-Image-2024-05-20-at-8.42.01-PM.jpeg","width":719,"height":719},{"@type":"BreadcrumbList","@id":"https:\/\/expressometro.mx\/index.php\/2024\/05\/20\/va-alfredo-baranda-por-una-revolucion-legislativa\/#breadcrumb","itemListElement":[{"@type":"ListItem","position":1,"name":"Inicio","item":"https:\/\/expressometro.mx\/"},{"@type":"ListItem","position":2,"name":"VA ALFREDO BARANDA POR UNA REVOLUCI\u00d3N LEGISLATIVA"}]},{"@type":"WebSite","@id":"https:\/\/expressometro.mx\/#website","url":"https:\/\/expressometro.mx\/","name":"Expresso Metropolitano","description":"Periodismo comprometido, informaci\u00f3n, investigaci\u00f3n y an\u00e1lisis","publisher":{"@id":"https:\/\/expressometro.mx\/#organization"},"potentialAction":[{"@type":"SearchAction","target":{"@type":"EntryPoint","urlTemplate":"https:\/\/expressometro.mx\/?s={search_term_string}"},"query-input":{"@type":"PropertyValueSpecification","valueRequired":true,"valueName":"search_term_string"}}],"inLanguage":"es"},{"@type":"Organization","@id":"https:\/\/expressometro.mx\/#organization","name":"Expresso Metropolitano","url":"https:\/\/expressometro.mx\/","logo":{"@type":"ImageObject","inLanguage":"es","@id":"https:\/\/expressometro.mx\/#\/schema\/logo\/image\/","url":"https:\/\/expressometro.mx\/wp-content\/uploads\/2019\/07\/cropped-Logo-Expresso-Metropolitano-1-1.jpeg","contentUrl":"https:\/\/expressometro.mx\/wp-content\/uploads\/2019\/07\/cropped-Logo-Expresso-Metropolitano-1-1.jpeg","width":290,"height":73,"caption":"Expresso Metropolitano"},"image":{"@id":"https:\/\/expressometro.mx\/#\/schema\/logo\/image\/"}},{"@type":"Person","@id":"https:\/\/expressometro.mx\/#\/schema\/person\/efa971b4a0664db8ed5c22b1b0dd2f5d","name":"Expresso Metropolitano","image":{"@type":"ImageObject","inLanguage":"es","@id":"https:\/\/secure.gravatar.com\/avatar\/a89f802b8de18c6952f223c88d3d106e9e3679839f4e25a02f4a6cc2ae6ba3b3?s=96&d=mm&r=g","url":"https:\/\/secure.gravatar.com\/avatar\/a89f802b8de18c6952f223c88d3d106e9e3679839f4e25a02f4a6cc2ae6ba3b3?s=96&d=mm&r=g","contentUrl":"https:\/\/secure.gravatar.com\/avatar\/a89f802b8de18c6952f223c88d3d106e9e3679839f4e25a02f4a6cc2ae6ba3b3?s=96&d=mm&r=g","caption":"Expresso Metropolitano"},"url":"https:\/\/expressometro.mx\/index.php\/author\/diego\/"}]}},"amp_enabled":true,"_links":{"self":[{"href":"https:\/\/expressometro.mx\/index.php\/wp-json\/wp\/v2\/posts\/9258","targetHints":{"allow":["GET"]}}],"collection":[{"href":"https:\/\/expressometro.mx\/index.php\/wp-json\/wp\/v2\/posts"}],"about":[{"href":"https:\/\/expressometro.mx\/index.php\/wp-json\/wp\/v2\/types\/post"}],"author":[{"embeddable":true,"href":"https:\/\/expressometro.mx\/index.php\/wp-json\/wp\/v2\/users\/1"}],"replies":[{"embeddable":true,"href":"https:\/\/expressometro.mx\/index.php\/wp-json\/wp\/v2\/comments?post=9258"}],"version-history":[{"count":1,"href":"https:\/\/expressometro.mx\/index.php\/wp-json\/wp\/v2\/posts\/9258\/revisions"}],"predecessor-version":[{"id":9261,"href":"https:\/\/expressometro.mx\/index.php\/wp-json\/wp\/v2\/posts\/9258\/revisions\/9261"}],"wp:featuredmedia":[{"embeddable":true,"href":"https:\/\/expressometro.mx\/index.php\/wp-json\/wp\/v2\/media\/9260"}],"wp:attachment":[{"href":"https:\/\/expressometro.mx\/index.php\/wp-json\/wp\/v2\/media?parent=9258"}],"wp:term":[{"taxonomy":"category","embeddable":true,"href":"https:\/\/expressometro.mx\/index.php\/wp-json\/wp\/v2\/categories?post=9258"},{"taxonomy":"post_tag","embeddable":true,"href":"https:\/\/expressometro.mx\/index.php\/wp-json\/wp\/v2\/tags?post=9258"}],"curies":[{"name":"wp","href":"https:\/\/api.w.org\/{rel}","templated":true}]}}