{"id":9231,"date":"2024-05-15T22:05:59","date_gmt":"2024-05-16T03:05:59","guid":{"rendered":"https:\/\/expressometro.mx\/?p=9231"},"modified":"2024-05-18T22:15:21","modified_gmt":"2024-05-19T03:15:21","slug":"zudy-rodriguez-se-compromete-a-mejorar-e-incrementar-las-medidas-de-seguridad-en-valle-de-bravo","status":"publish","type":"post","link":"https:\/\/expressometro.mx\/index.php\/2024\/05\/15\/zudy-rodriguez-se-compromete-a-mejorar-e-incrementar-las-medidas-de-seguridad-en-valle-de-bravo\/","title":{"rendered":"ZUDY RODR\u00cdGUEZ SE COMPROMETE A MEJORAR E INCREMENTAR LAS MEDIDAS DE SEGURIDAD EN VALLE DE BRAVO"},"content":{"rendered":"\n<p><\/p>\n\n\n\n<p>En el d\u00eda n\u00famero 20 de campa\u00f1a, Zudy Rodr\u00edguez convers\u00f3 con comerciantes y habitantes de la localidad de Cerro Gordo durante la celebraci\u00f3n del santo patrono de los agricultores. En su mensaje resalt\u00f3 el valor de mantener las tradiciones vivas, afirmando que son parte fundamental de la identidad y el orgullo de la comunidad. Se\u00f1al\u00f3 que preservarlas fortalece el sentido de pertenencia entre los vallesanos y enriquece la cultura local.<\/p>\n\n\n\n<p>La candidata tambi\u00e9n expres\u00f3 su compromiso de apoyar eventos y actividades que promuevan las tradiciones y a trabajar junto a la comunidad para asegurarse de que estas pr\u00e1cticas se transmitan a las futuras generaciones. \u201cEs fundamental mantener nuestras tradiciones vivas. Trabajar\u00e9 junto a ustedes para preservarlas y que nuestras futuras generaciones puedan seguir disfrutando de ellas\u201d asegur\u00f3.<\/p>\n\n\n\n<p>Al terminar, continu\u00f3 con su gira para encontrarse con vecinos de La Pe\u00f1a, El Front\u00f3n y Rinc\u00f3n Villa del Valle, donde dedic\u00f3 unos minutos para conocer las inquietudes y las expectativas de la ciudadan\u00eda.<\/p>\n\n\n\n<p>En este sentido, Rodr\u00edguez puntualiz\u00f3 sobre la necesidad de instalar c\u00e1maras de vigilancia en puntos estrat\u00e9gicos, con el objetivo de mejorar la supervisi\u00f3n y respuesta ante situaciones de emergencia. Adem\u00e1s, como parte de sus propuestas, se comprometi\u00f3 a incrementar el n\u00famero de cuerpos policiacos, asegurando que cada agente disponga de las herramientas y la formaci\u00f3n necesaria para desempe\u00f1ar su labor de manera eficaz. Estas medidas permitir\u00e1n una mayor eficiencia en la prevenci\u00f3n y resoluci\u00f3n de delitos, brindando tranquilidad a los habitantes de Valle de Bravo.<\/p>\n\n\n\n<p>\u201cQueremos incrementar nuestros cuerpos policiacos para que sean suficientes. Les daremos mejores recursos, mayor capacitaci\u00f3n para que sepan actuar, un mejor entrenamiento y las herramientas necesarias para defendernos\u201d afirm\u00f3.<\/p>\n\n\n\n<p>En cuanto a la administraci\u00f3n p\u00fablica, la aspirante destac\u00f3 el valor de contar con los mejores profesionales, integrando a vallesanas y vallesanos capacitados que puedan desempe\u00f1ar sus funciones con eficiencia y transparencia. Esta iniciativa buscar\u00e1 optimizar los servicios p\u00fablicos y fortalecer la gesti\u00f3n gubernamental. Aunado a esto, subray\u00f3 la necesidad de una administraci\u00f3n equitativa que facilite los procesos sin generar una carga excesiva para los habitantes de la entidad.<\/p>\n\n\n\n<p>Por \u00faltimo, Zudy reconoci\u00f3 el valor de las personas que est\u00e1n saliendo a las calles para apoyarla sin miedo a las represalias y amenazas que viven muchos de los habitantes de Valle de Bravo, recordando el suceso desafortunado que vivi\u00f3 en las elecciones pasadas. \u201cEstoy trabajando para que podamos vivir en libertad. Yo ya no tengo miedo, es momento de recuperarnos y rescatar a nuestro Valle, es ahora o nunca\u201d declar\u00f3.<\/p>\n","protected":false},"excerpt":{"rendered":"<p>En el d\u00eda n\u00famero 20 de campa\u00f1a, Zudy Rodr\u00edguez convers\u00f3 con comerciantes y habitantes de la localidad de Cerro Gordo durante la celebraci\u00f3n del santo patrono de los agricultores. En su mensaje resalt\u00f3 el valor de mantener las tradiciones vivas, afirmando que son parte fundamental de la identidad y el orgullo de la comunidad. Se\u00f1al\u00f3 que preservarlas fortalece el sentido de pertenencia entre los vallesanos y enriquece la cultura local.<\/p>\n","protected":false},"author":1,"featured_media":9233,"comment_status":"open","ping_status":"open","sticky":false,"template":"","format":"standard","meta":{"footnotes":""},"categories":[3,1,231],"tags":[1982,86,291,2353],"class_list":["post-9231","post","type-post","status-publish","format-standard","has-post-thumbnail","hentry","category-gobierno","category-otros","category-politica","tag-edomex","tag-gem","tag-valle-de-bravo","tag-zudikey-rodriguez"],"yoast_head":"<!-- This site is optimized with the Yoast SEO plugin v27.5 - https:\/\/yoast.com\/product\/yoast-seo-wordpress\/ -->\n<title>ZUDY RODR\u00cdGUEZ SE COMPROMETE A MEJORAR E INCREMENTAR LAS MEDIDAS DE SEGURIDAD EN VALLE DE BRAVO - Expresso Metropolitano<\/title>\n<meta name=\"robots\" content=\"index, follow, max-snippet:-1, max-image-preview:large, max-video-preview:-1\" \/>\n<link rel=\"canonical\" href=\"https:\/\/expressometro.mx\/index.php\/2024\/05\/15\/zudy-rodriguez-se-compromete-a-mejorar-e-incrementar-las-medidas-de-seguridad-en-valle-de-bravo\/\" \/>\n<meta property=\"og:locale\" content=\"es_MX\" \/>\n<meta property=\"og:type\" content=\"article\" \/>\n<meta property=\"og:title\" content=\"ZUDY RODR\u00cdGUEZ SE COMPROMETE A MEJORAR E INCREMENTAR LAS MEDIDAS DE SEGURIDAD EN VALLE DE BRAVO - Expresso Metropolitano\" \/>\n<meta property=\"og:description\" content=\"En el d\u00eda n\u00famero 20 de campa\u00f1a, Zudy Rodr\u00edguez convers\u00f3 con comerciantes y habitantes de la localidad de Cerro Gordo durante la celebraci\u00f3n del santo patrono de los agricultores. En su mensaje resalt\u00f3 el valor de mantener las tradiciones vivas, afirmando que son parte fundamental de la identidad y el orgullo de la comunidad. Se\u00f1al\u00f3 que preservarlas fortalece el sentido de pertenencia entre los vallesanos y enriquece la cultura local.\" \/>\n<meta property=\"og:url\" content=\"https:\/\/expressometro.mx\/index.php\/2024\/05\/15\/zudy-rodriguez-se-compromete-a-mejorar-e-incrementar-las-medidas-de-seguridad-en-valle-de-bravo\/\" \/>\n<meta property=\"og:site_name\" content=\"Expresso Metropolitano\" \/>\n<meta property=\"article:published_time\" content=\"2024-05-16T03:05:59+00:00\" \/>\n<meta property=\"article:modified_time\" content=\"2024-05-19T03:15:21+00:00\" \/>\n<meta property=\"og:image\" content=\"http:\/\/expressometro.mx\/wp-content\/uploads\/2024\/05\/WhatsApp-Image-2024-05-18-at-9.10.32-PM.jpeg\" \/>\n\t<meta property=\"og:image:width\" content=\"1600\" \/>\n\t<meta property=\"og:image:height\" content=\"1066\" \/>\n\t<meta property=\"og:image:type\" content=\"image\/jpeg\" \/>\n<meta name=\"author\" content=\"Expresso Metropolitano\" \/>\n<meta name=\"twitter:label1\" content=\"Escrito por\" \/>\n\t<meta name=\"twitter:data1\" content=\"Expresso Metropolitano\" \/>\n\t<meta name=\"twitter:label2\" content=\"Tiempo de lectura\" \/>\n\t<meta name=\"twitter:data2\" content=\"3 minutos\" \/>\n<script type=\"application\/ld+json\" class=\"yoast-schema-graph\">{\"@context\":\"https:\\\/\\\/schema.org\",\"@graph\":[{\"@type\":\"Article\",\"@id\":\"https:\\\/\\\/expressometro.mx\\\/index.php\\\/2024\\\/05\\\/15\\\/zudy-rodriguez-se-compromete-a-mejorar-e-incrementar-las-medidas-de-seguridad-en-valle-de-bravo\\\/#article\",\"isPartOf\":{\"@id\":\"https:\\\/\\\/expressometro.mx\\\/index.php\\\/2024\\\/05\\\/15\\\/zudy-rodriguez-se-compromete-a-mejorar-e-incrementar-las-medidas-de-seguridad-en-valle-de-bravo\\\/\"},\"author\":{\"name\":\"Expresso Metropolitano\",\"@id\":\"https:\\\/\\\/expressometro.mx\\\/#\\\/schema\\\/person\\\/efa971b4a0664db8ed5c22b1b0dd2f5d\"},\"headline\":\"ZUDY RODR\u00cdGUEZ SE COMPROMETE A MEJORAR E INCREMENTAR LAS MEDIDAS DE SEGURIDAD EN VALLE DE BRAVO\",\"datePublished\":\"2024-05-16T03:05:59+00:00\",\"dateModified\":\"2024-05-19T03:15:21+00:00\",\"mainEntityOfPage\":{\"@id\":\"https:\\\/\\\/expressometro.mx\\\/index.php\\\/2024\\\/05\\\/15\\\/zudy-rodriguez-se-compromete-a-mejorar-e-incrementar-las-medidas-de-seguridad-en-valle-de-bravo\\\/\"},\"wordCount\":462,\"commentCount\":0,\"publisher\":{\"@id\":\"https:\\\/\\\/expressometro.mx\\\/#organization\"},\"image\":{\"@id\":\"https:\\\/\\\/expressometro.mx\\\/index.php\\\/2024\\\/05\\\/15\\\/zudy-rodriguez-se-compromete-a-mejorar-e-incrementar-las-medidas-de-seguridad-en-valle-de-bravo\\\/#primaryimage\"},\"thumbnailUrl\":\"https:\\\/\\\/expressometro.mx\\\/wp-content\\\/uploads\\\/2024\\\/05\\\/WhatsApp-Image-2024-05-18-at-9.10.32-PM.jpeg\",\"keywords\":[\"Edomex\",\"GEM\",\"Valle de Bravo\",\"Zudikey Rodr\u00edguez\"],\"articleSection\":[\"Gobierno\",\"Otros\",\"Pol\u00edtica\"],\"inLanguage\":\"es\",\"potentialAction\":[{\"@type\":\"CommentAction\",\"name\":\"Comment\",\"target\":[\"https:\\\/\\\/expressometro.mx\\\/index.php\\\/2024\\\/05\\\/15\\\/zudy-rodriguez-se-compromete-a-mejorar-e-incrementar-las-medidas-de-seguridad-en-valle-de-bravo\\\/#respond\"]}]},{\"@type\":\"WebPage\",\"@id\":\"https:\\\/\\\/expressometro.mx\\\/index.php\\\/2024\\\/05\\\/15\\\/zudy-rodriguez-se-compromete-a-mejorar-e-incrementar-las-medidas-de-seguridad-en-valle-de-bravo\\\/\",\"url\":\"https:\\\/\\\/expressometro.mx\\\/index.php\\\/2024\\\/05\\\/15\\\/zudy-rodriguez-se-compromete-a-mejorar-e-incrementar-las-medidas-de-seguridad-en-valle-de-bravo\\\/\",\"name\":\"ZUDY RODR\u00cdGUEZ SE COMPROMETE A MEJORAR E INCREMENTAR LAS MEDIDAS DE SEGURIDAD EN VALLE DE BRAVO - Expresso Metropolitano\",\"isPartOf\":{\"@id\":\"https:\\\/\\\/expressometro.mx\\\/#website\"},\"primaryImageOfPage\":{\"@id\":\"https:\\\/\\\/expressometro.mx\\\/index.php\\\/2024\\\/05\\\/15\\\/zudy-rodriguez-se-compromete-a-mejorar-e-incrementar-las-medidas-de-seguridad-en-valle-de-bravo\\\/#primaryimage\"},\"image\":{\"@id\":\"https:\\\/\\\/expressometro.mx\\\/index.php\\\/2024\\\/05\\\/15\\\/zudy-rodriguez-se-compromete-a-mejorar-e-incrementar-las-medidas-de-seguridad-en-valle-de-bravo\\\/#primaryimage\"},\"thumbnailUrl\":\"https:\\\/\\\/expressometro.mx\\\/wp-content\\\/uploads\\\/2024\\\/05\\\/WhatsApp-Image-2024-05-18-at-9.10.32-PM.jpeg\",\"datePublished\":\"2024-05-16T03:05:59+00:00\",\"dateModified\":\"2024-05-19T03:15:21+00:00\",\"breadcrumb\":{\"@id\":\"https:\\\/\\\/expressometro.mx\\\/index.php\\\/2024\\\/05\\\/15\\\/zudy-rodriguez-se-compromete-a-mejorar-e-incrementar-las-medidas-de-seguridad-en-valle-de-bravo\\\/#breadcrumb\"},\"inLanguage\":\"es\",\"potentialAction\":[{\"@type\":\"ReadAction\",\"target\":[\"https:\\\/\\\/expressometro.mx\\\/index.php\\\/2024\\\/05\\\/15\\\/zudy-rodriguez-se-compromete-a-mejorar-e-incrementar-las-medidas-de-seguridad-en-valle-de-bravo\\\/\"]}]},{\"@type\":\"ImageObject\",\"inLanguage\":\"es\",\"@id\":\"https:\\\/\\\/expressometro.mx\\\/index.php\\\/2024\\\/05\\\/15\\\/zudy-rodriguez-se-compromete-a-mejorar-e-incrementar-las-medidas-de-seguridad-en-valle-de-bravo\\\/#primaryimage\",\"url\":\"https:\\\/\\\/expressometro.mx\\\/wp-content\\\/uploads\\\/2024\\\/05\\\/WhatsApp-Image-2024-05-18-at-9.10.32-PM.jpeg\",\"contentUrl\":\"https:\\\/\\\/expressometro.mx\\\/wp-content\\\/uploads\\\/2024\\\/05\\\/WhatsApp-Image-2024-05-18-at-9.10.32-PM.jpeg\",\"width\":1600,\"height\":1066},{\"@type\":\"BreadcrumbList\",\"@id\":\"https:\\\/\\\/expressometro.mx\\\/index.php\\\/2024\\\/05\\\/15\\\/zudy-rodriguez-se-compromete-a-mejorar-e-incrementar-las-medidas-de-seguridad-en-valle-de-bravo\\\/#breadcrumb\",\"itemListElement\":[{\"@type\":\"ListItem\",\"position\":1,\"name\":\"Inicio\",\"item\":\"https:\\\/\\\/expressometro.mx\\\/\"},{\"@type\":\"ListItem\",\"position\":2,\"name\":\"ZUDY RODR\u00cdGUEZ SE COMPROMETE A MEJORAR E INCREMENTAR LAS MEDIDAS DE SEGURIDAD EN VALLE DE BRAVO\"}]},{\"@type\":\"WebSite\",\"@id\":\"https:\\\/\\\/expressometro.mx\\\/#website\",\"url\":\"https:\\\/\\\/expressometro.mx\\\/\",\"name\":\"Expresso Metropolitano\",\"description\":\"Periodismo comprometido, informaci\u00f3n, investigaci\u00f3n y an\u00e1lisis\",\"publisher\":{\"@id\":\"https:\\\/\\\/expressometro.mx\\\/#organization\"},\"potentialAction\":[{\"@type\":\"SearchAction\",\"target\":{\"@type\":\"EntryPoint\",\"urlTemplate\":\"https:\\\/\\\/expressometro.mx\\\/?s={search_term_string}\"},\"query-input\":{\"@type\":\"PropertyValueSpecification\",\"valueRequired\":true,\"valueName\":\"search_term_string\"}}],\"inLanguage\":\"es\"},{\"@type\":\"Organization\",\"@id\":\"https:\\\/\\\/expressometro.mx\\\/#organization\",\"name\":\"Expresso Metropolitano\",\"url\":\"https:\\\/\\\/expressometro.mx\\\/\",\"logo\":{\"@type\":\"ImageObject\",\"inLanguage\":\"es\",\"@id\":\"https:\\\/\\\/expressometro.mx\\\/#\\\/schema\\\/logo\\\/image\\\/\",\"url\":\"https:\\\/\\\/expressometro.mx\\\/wp-content\\\/uploads\\\/2019\\\/07\\\/cropped-Logo-Expresso-Metropolitano-1-1.jpeg\",\"contentUrl\":\"https:\\\/\\\/expressometro.mx\\\/wp-content\\\/uploads\\\/2019\\\/07\\\/cropped-Logo-Expresso-Metropolitano-1-1.jpeg\",\"width\":290,\"height\":73,\"caption\":\"Expresso Metropolitano\"},\"image\":{\"@id\":\"https:\\\/\\\/expressometro.mx\\\/#\\\/schema\\\/logo\\\/image\\\/\"}},{\"@type\":\"Person\",\"@id\":\"https:\\\/\\\/expressometro.mx\\\/#\\\/schema\\\/person\\\/efa971b4a0664db8ed5c22b1b0dd2f5d\",\"name\":\"Expresso Metropolitano\",\"image\":{\"@type\":\"ImageObject\",\"inLanguage\":\"es\",\"@id\":\"https:\\\/\\\/secure.gravatar.com\\\/avatar\\\/a89f802b8de18c6952f223c88d3d106e9e3679839f4e25a02f4a6cc2ae6ba3b3?s=96&d=mm&r=g\",\"url\":\"https:\\\/\\\/secure.gravatar.com\\\/avatar\\\/a89f802b8de18c6952f223c88d3d106e9e3679839f4e25a02f4a6cc2ae6ba3b3?s=96&d=mm&r=g\",\"contentUrl\":\"https:\\\/\\\/secure.gravatar.com\\\/avatar\\\/a89f802b8de18c6952f223c88d3d106e9e3679839f4e25a02f4a6cc2ae6ba3b3?s=96&d=mm&r=g\",\"caption\":\"Expresso Metropolitano\"},\"url\":\"https:\\\/\\\/expressometro.mx\\\/index.php\\\/author\\\/diego\\\/\"}]}<\/script>\n<!-- \/ Yoast SEO plugin. -->","yoast_head_json":{"title":"ZUDY RODR\u00cdGUEZ SE COMPROMETE A MEJORAR E INCREMENTAR LAS MEDIDAS DE SEGURIDAD EN VALLE DE BRAVO - Expresso Metropolitano","robots":{"index":"index","follow":"follow","max-snippet":"max-snippet:-1","max-image-preview":"max-image-preview:large","max-video-preview":"max-video-preview:-1"},"canonical":"https:\/\/expressometro.mx\/index.php\/2024\/05\/15\/zudy-rodriguez-se-compromete-a-mejorar-e-incrementar-las-medidas-de-seguridad-en-valle-de-bravo\/","og_locale":"es_MX","og_type":"article","og_title":"ZUDY RODR\u00cdGUEZ SE COMPROMETE A MEJORAR E INCREMENTAR LAS MEDIDAS DE SEGURIDAD EN VALLE DE BRAVO - Expresso Metropolitano","og_description":"En el d\u00eda n\u00famero 20 de campa\u00f1a, Zudy Rodr\u00edguez convers\u00f3 con comerciantes y habitantes de la localidad de Cerro Gordo durante la celebraci\u00f3n del santo patrono de los agricultores. En su mensaje resalt\u00f3 el valor de mantener las tradiciones vivas, afirmando que son parte fundamental de la identidad y el orgullo de la comunidad. Se\u00f1al\u00f3 que preservarlas fortalece el sentido de pertenencia entre los vallesanos y enriquece la cultura local.","og_url":"https:\/\/expressometro.mx\/index.php\/2024\/05\/15\/zudy-rodriguez-se-compromete-a-mejorar-e-incrementar-las-medidas-de-seguridad-en-valle-de-bravo\/","og_site_name":"Expresso Metropolitano","article_published_time":"2024-05-16T03:05:59+00:00","article_modified_time":"2024-05-19T03:15:21+00:00","og_image":[{"width":1600,"height":1066,"url":"http:\/\/expressometro.mx\/wp-content\/uploads\/2024\/05\/WhatsApp-Image-2024-05-18-at-9.10.32-PM.jpeg","type":"image\/jpeg"}],"author":"Expresso Metropolitano","twitter_misc":{"Escrito por":"Expresso Metropolitano","Tiempo de lectura":"3 minutos"},"schema":{"@context":"https:\/\/schema.org","@graph":[{"@type":"Article","@id":"https:\/\/expressometro.mx\/index.php\/2024\/05\/15\/zudy-rodriguez-se-compromete-a-mejorar-e-incrementar-las-medidas-de-seguridad-en-valle-de-bravo\/#article","isPartOf":{"@id":"https:\/\/expressometro.mx\/index.php\/2024\/05\/15\/zudy-rodriguez-se-compromete-a-mejorar-e-incrementar-las-medidas-de-seguridad-en-valle-de-bravo\/"},"author":{"name":"Expresso Metropolitano","@id":"https:\/\/expressometro.mx\/#\/schema\/person\/efa971b4a0664db8ed5c22b1b0dd2f5d"},"headline":"ZUDY RODR\u00cdGUEZ SE COMPROMETE A MEJORAR E INCREMENTAR LAS MEDIDAS DE SEGURIDAD EN VALLE DE BRAVO","datePublished":"2024-05-16T03:05:59+00:00","dateModified":"2024-05-19T03:15:21+00:00","mainEntityOfPage":{"@id":"https:\/\/expressometro.mx\/index.php\/2024\/05\/15\/zudy-rodriguez-se-compromete-a-mejorar-e-incrementar-las-medidas-de-seguridad-en-valle-de-bravo\/"},"wordCount":462,"commentCount":0,"publisher":{"@id":"https:\/\/expressometro.mx\/#organization"},"image":{"@id":"https:\/\/expressometro.mx\/index.php\/2024\/05\/15\/zudy-rodriguez-se-compromete-a-mejorar-e-incrementar-las-medidas-de-seguridad-en-valle-de-bravo\/#primaryimage"},"thumbnailUrl":"https:\/\/expressometro.mx\/wp-content\/uploads\/2024\/05\/WhatsApp-Image-2024-05-18-at-9.10.32-PM.jpeg","keywords":["Edomex","GEM","Valle de Bravo","Zudikey Rodr\u00edguez"],"articleSection":["Gobierno","Otros","Pol\u00edtica"],"inLanguage":"es","potentialAction":[{"@type":"CommentAction","name":"Comment","target":["https:\/\/expressometro.mx\/index.php\/2024\/05\/15\/zudy-rodriguez-se-compromete-a-mejorar-e-incrementar-las-medidas-de-seguridad-en-valle-de-bravo\/#respond"]}]},{"@type":"WebPage","@id":"https:\/\/expressometro.mx\/index.php\/2024\/05\/15\/zudy-rodriguez-se-compromete-a-mejorar-e-incrementar-las-medidas-de-seguridad-en-valle-de-bravo\/","url":"https:\/\/expressometro.mx\/index.php\/2024\/05\/15\/zudy-rodriguez-se-compromete-a-mejorar-e-incrementar-las-medidas-de-seguridad-en-valle-de-bravo\/","name":"ZUDY RODR\u00cdGUEZ SE COMPROMETE A MEJORAR E INCREMENTAR LAS MEDIDAS DE SEGURIDAD EN VALLE DE BRAVO - Expresso Metropolitano","isPartOf":{"@id":"https:\/\/expressometro.mx\/#website"},"primaryImageOfPage":{"@id":"https:\/\/expressometro.mx\/index.php\/2024\/05\/15\/zudy-rodriguez-se-compromete-a-mejorar-e-incrementar-las-medidas-de-seguridad-en-valle-de-bravo\/#primaryimage"},"image":{"@id":"https:\/\/expressometro.mx\/index.php\/2024\/05\/15\/zudy-rodriguez-se-compromete-a-mejorar-e-incrementar-las-medidas-de-seguridad-en-valle-de-bravo\/#primaryimage"},"thumbnailUrl":"https:\/\/expressometro.mx\/wp-content\/uploads\/2024\/05\/WhatsApp-Image-2024-05-18-at-9.10.32-PM.jpeg","datePublished":"2024-05-16T03:05:59+00:00","dateModified":"2024-05-19T03:15:21+00:00","breadcrumb":{"@id":"https:\/\/expressometro.mx\/index.php\/2024\/05\/15\/zudy-rodriguez-se-compromete-a-mejorar-e-incrementar-las-medidas-de-seguridad-en-valle-de-bravo\/#breadcrumb"},"inLanguage":"es","potentialAction":[{"@type":"ReadAction","target":["https:\/\/expressometro.mx\/index.php\/2024\/05\/15\/zudy-rodriguez-se-compromete-a-mejorar-e-incrementar-las-medidas-de-seguridad-en-valle-de-bravo\/"]}]},{"@type":"ImageObject","inLanguage":"es","@id":"https:\/\/expressometro.mx\/index.php\/2024\/05\/15\/zudy-rodriguez-se-compromete-a-mejorar-e-incrementar-las-medidas-de-seguridad-en-valle-de-bravo\/#primaryimage","url":"https:\/\/expressometro.mx\/wp-content\/uploads\/2024\/05\/WhatsApp-Image-2024-05-18-at-9.10.32-PM.jpeg","contentUrl":"https:\/\/expressometro.mx\/wp-content\/uploads\/2024\/05\/WhatsApp-Image-2024-05-18-at-9.10.32-PM.jpeg","width":1600,"height":1066},{"@type":"BreadcrumbList","@id":"https:\/\/expressometro.mx\/index.php\/2024\/05\/15\/zudy-rodriguez-se-compromete-a-mejorar-e-incrementar-las-medidas-de-seguridad-en-valle-de-bravo\/#breadcrumb","itemListElement":[{"@type":"ListItem","position":1,"name":"Inicio","item":"https:\/\/expressometro.mx\/"},{"@type":"ListItem","position":2,"name":"ZUDY RODR\u00cdGUEZ SE COMPROMETE A MEJORAR E INCREMENTAR LAS MEDIDAS DE SEGURIDAD EN VALLE DE BRAVO"}]},{"@type":"WebSite","@id":"https:\/\/expressometro.mx\/#website","url":"https:\/\/expressometro.mx\/","name":"Expresso Metropolitano","description":"Periodismo comprometido, informaci\u00f3n, investigaci\u00f3n y an\u00e1lisis","publisher":{"@id":"https:\/\/expressometro.mx\/#organization"},"potentialAction":[{"@type":"SearchAction","target":{"@type":"EntryPoint","urlTemplate":"https:\/\/expressometro.mx\/?s={search_term_string}"},"query-input":{"@type":"PropertyValueSpecification","valueRequired":true,"valueName":"search_term_string"}}],"inLanguage":"es"},{"@type":"Organization","@id":"https:\/\/expressometro.mx\/#organization","name":"Expresso Metropolitano","url":"https:\/\/expressometro.mx\/","logo":{"@type":"ImageObject","inLanguage":"es","@id":"https:\/\/expressometro.mx\/#\/schema\/logo\/image\/","url":"https:\/\/expressometro.mx\/wp-content\/uploads\/2019\/07\/cropped-Logo-Expresso-Metropolitano-1-1.jpeg","contentUrl":"https:\/\/expressometro.mx\/wp-content\/uploads\/2019\/07\/cropped-Logo-Expresso-Metropolitano-1-1.jpeg","width":290,"height":73,"caption":"Expresso Metropolitano"},"image":{"@id":"https:\/\/expressometro.mx\/#\/schema\/logo\/image\/"}},{"@type":"Person","@id":"https:\/\/expressometro.mx\/#\/schema\/person\/efa971b4a0664db8ed5c22b1b0dd2f5d","name":"Expresso Metropolitano","image":{"@type":"ImageObject","inLanguage":"es","@id":"https:\/\/secure.gravatar.com\/avatar\/a89f802b8de18c6952f223c88d3d106e9e3679839f4e25a02f4a6cc2ae6ba3b3?s=96&d=mm&r=g","url":"https:\/\/secure.gravatar.com\/avatar\/a89f802b8de18c6952f223c88d3d106e9e3679839f4e25a02f4a6cc2ae6ba3b3?s=96&d=mm&r=g","contentUrl":"https:\/\/secure.gravatar.com\/avatar\/a89f802b8de18c6952f223c88d3d106e9e3679839f4e25a02f4a6cc2ae6ba3b3?s=96&d=mm&r=g","caption":"Expresso Metropolitano"},"url":"https:\/\/expressometro.mx\/index.php\/author\/diego\/"}]}},"amp_enabled":true,"_links":{"self":[{"href":"https:\/\/expressometro.mx\/index.php\/wp-json\/wp\/v2\/posts\/9231","targetHints":{"allow":["GET"]}}],"collection":[{"href":"https:\/\/expressometro.mx\/index.php\/wp-json\/wp\/v2\/posts"}],"about":[{"href":"https:\/\/expressometro.mx\/index.php\/wp-json\/wp\/v2\/types\/post"}],"author":[{"embeddable":true,"href":"https:\/\/expressometro.mx\/index.php\/wp-json\/wp\/v2\/users\/1"}],"replies":[{"embeddable":true,"href":"https:\/\/expressometro.mx\/index.php\/wp-json\/wp\/v2\/comments?post=9231"}],"version-history":[{"count":1,"href":"https:\/\/expressometro.mx\/index.php\/wp-json\/wp\/v2\/posts\/9231\/revisions"}],"predecessor-version":[{"id":9234,"href":"https:\/\/expressometro.mx\/index.php\/wp-json\/wp\/v2\/posts\/9231\/revisions\/9234"}],"wp:featuredmedia":[{"embeddable":true,"href":"https:\/\/expressometro.mx\/index.php\/wp-json\/wp\/v2\/media\/9233"}],"wp:attachment":[{"href":"https:\/\/expressometro.mx\/index.php\/wp-json\/wp\/v2\/media?parent=9231"}],"wp:term":[{"taxonomy":"category","embeddable":true,"href":"https:\/\/expressometro.mx\/index.php\/wp-json\/wp\/v2\/categories?post=9231"},{"taxonomy":"post_tag","embeddable":true,"href":"https:\/\/expressometro.mx\/index.php\/wp-json\/wp\/v2\/tags?post=9231"}],"curies":[{"name":"wp","href":"https:\/\/api.w.org\/{rel}","templated":true}]}}