{"id":9170,"date":"2024-05-09T21:53:03","date_gmt":"2024-05-10T02:53:03","guid":{"rendered":"https:\/\/expressometro.mx\/?p=9170"},"modified":"2024-05-09T21:53:04","modified_gmt":"2024-05-10T02:53:04","slug":"elias-rescala-llama-a-trabajar-en-equipo-por-naucalpan","status":"publish","type":"post","link":"https:\/\/expressometro.mx\/index.php\/2024\/05\/09\/elias-rescala-llama-a-trabajar-en-equipo-por-naucalpan\/","title":{"rendered":"EL\u00cdAS RESCALA LLAMA A TRABAJAR EN EQUIPO POR NAUCALPAN"},"content":{"rendered":"\n<p>\u2022&nbsp;&nbsp;&nbsp;&nbsp;&nbsp;&nbsp;&nbsp;&nbsp;&nbsp;&nbsp;&nbsp;&nbsp; El abanderado de Fuerza y Coraz\u00f3n por el Estado de M\u00e9xico ha realizado diversos recorridos por los barrios y colonias de Naucalpan para presentar sus propuestas y reiterar su compromiso con los vecinos.<\/p>\n\n\n\n<p>\u2022&nbsp;&nbsp;&nbsp;&nbsp;&nbsp;&nbsp;&nbsp;&nbsp;&nbsp;&nbsp;&nbsp;&nbsp; Durante los primeros d\u00edas de campa\u00f1a, El\u00edas Rescala ha dejado claro que continuar\u00e1 trabajando desde el Congreso local para brindarles m\u00e1s oportunidades en materia de seguridad, movilidad, salud, agua, desarrollo econ\u00f3mico, agenda de g\u00e9nero y programas sociales.<\/p>\n\n\n\n<p>El\u00edas Rescala Jim\u00e9nez, candidato de la coalici\u00f3n Fuerza y Coraz\u00f3n por el Estado de M\u00e9xico a diputado local, hizo un llamado a trabajar en equipo por el bien de Naucalpan, para fortalecer los proyectos que los partidos aliancistas representan y contribuir al desarrollo del municipio.<\/p>\n\n\n\n<p>&#8220;Vengo a decirles que necesitamos trabajar en equipo por el bien de Naucalpan, que estar\u00e9 muy agradecido por todo lo que hagan, para que nos fortalezcamos como un equipo fuerte y solidario&#8221;, expres\u00f3 el candidato.<\/p>\n\n\n\n<p>En este sentido, los convoc\u00f3 a salir a votar el pr\u00f3ximo 2 de junio por la coalici\u00f3n Fuerza y Coraz\u00f3n por el Estado de M\u00e9xico, y record\u00f3 que el Partido Revolucionario Institucional (PRI), es el partido que siempre ha estado del lado de la gente, muestra de ello, dijo, son los programas sociales que crearon los gobiernos priistas y que, hoy por hoy, contin\u00faan contribuyendo al bienestar de las familias mexicanas y mexiquenses.<\/p>\n\n\n\n<p>En los primeros d\u00edas de campa\u00f1a, El\u00edas Rescala refrend\u00f3 a los naucalpenses su compromiso para fortalecer servicios y brindarles m\u00e1s oportunidades en materia de seguridad, movilidad, salud, agua, desarrollo econ\u00f3mico, agenda de g\u00e9nero y programas sociales.<\/p>\n\n\n\n<p>Durante los recorridos de campa\u00f1a, el candidato sostuvo la importancia de darle continuidad al trabajo legislativo y de gesti\u00f3n que realiz\u00f3 en la LXI Legislatura, a fin de responder a las inquietudes sociales.<\/p>\n\n\n\n<p>Record\u00f3 que, desde el Congreso local y como coordinador de los diputados del PRI, defendi\u00f3 la aprobaci\u00f3n de un presupuesto con sentido social, que contempla la creaci\u00f3n del Mexicable de Naucalpan a Cuatro Caminos; una obra que beneficiar\u00e1 a 250 mil habitantes y que reducir\u00e1, a un aproximado de 27 minutos, los tiempos de traslado.<\/p>\n\n\n\n<p>Rescala Jim\u00e9nez refrend\u00f3 a los naucalpenses su compromiso para trabajar en unidad con el gobierno estatal y el municipal, y destac\u00f3 que una de sus principales ofertas pol\u00edticas estar\u00e1 centrada en asignar y robustecer fondos para ayudar a los municipios en materia de seguridad y obra p\u00fablica.<\/p>\n\n\n\n<p>De igual manera, se comprometi\u00f3 a darle continuidad a las pol\u00edticas p\u00fablicas que promuevan la igualdad entre mujeres y hombres, combatan la discriminaci\u00f3n y el acoso, y busquen erradicar la violencia contra las mujeres.<\/p>\n\n\n\n<p>El candidato insiste en que no deben dejarse enga\u00f1ar por quienes haciendo uso de la divisi\u00f3n y el miedo pretenden que les crean que los programas sociales van a desaparecer. \u201cLos programas sociales no se los puede quitar nadie, que no los enga\u00f1en, no van a desaparecer porque est\u00e1n protegidos por la Constituci\u00f3n\u201d, subray\u00f3.<\/p>\n\n\n\n<p>En este sentido, El\u00edas Rescala se comprometi\u00f3 a impulsar acciones para fortalecerlos y promover la inclusi\u00f3n social y la igualdad de oportunidades para todos. \u201cDesde el Congreso local seguir\u00e9 enfocado en que los programas sociales realmente transformen vidas y fortalezcan a nuestras comunidades\u201d, se\u00f1al\u00f3.<\/p>\n\n\n\n<p>Al caminar, diariamente, por las calles del distrito 32, el candidato de la coalici\u00f3n Fuerza y Coraz\u00f3n por el Estado de M\u00e9xico tambi\u00e9n detall\u00f3 sus propuestas en materia de salud, seguridad, medio ambiente, agenda de g\u00e9nero y poner su granito de arena para que Naucalpan contin\u00fae siendo el motor econ\u00f3mico que ha sido de la mano del gobierno de Ang\u00e9lica Moya.<\/p>\n\n\n\n<p>Finalmente, El\u00edas Rescala reiter\u00f3 su llamado a trabajar en unidad y en equipo por Naucalpan, para lograr el fortalecimiento de los proyectos de la coalici\u00f3n que representa y el desarrollo de la comunidad.<\/p>\n","protected":false},"excerpt":{"rendered":"<p>El\u00edas Rescala Jim\u00e9nez, candidato de la coalici\u00f3n Fuerza y Coraz\u00f3n por el Estado de M\u00e9xico a diputado local, hizo un llamado a trabajar en equipo por el bien de Naucalpan, para fortalecer los proyectos que los partidos aliancistas representan y contribuir al desarrollo del municipio.<\/p>\n","protected":false},"author":2,"featured_media":9172,"comment_status":"open","ping_status":"open","sticky":false,"template":"","format":"standard","meta":{"footnotes":""},"categories":[3,1,231],"tags":[1982,831,86,682],"class_list":["post-9170","post","type-post","status-publish","format-standard","has-post-thumbnail","hentry","category-gobierno","category-otros","category-politica","tag-edomex","tag-elias-rescala","tag-gem","tag-naucalpan"],"yoast_head":"<!-- This site is optimized with the Yoast SEO plugin v27.5 - https:\/\/yoast.com\/product\/yoast-seo-wordpress\/ -->\n<title>EL\u00cdAS RESCALA LLAMA A TRABAJAR EN EQUIPO POR NAUCALPAN - Expresso Metropolitano<\/title>\n<meta name=\"robots\" content=\"index, follow, max-snippet:-1, max-image-preview:large, max-video-preview:-1\" \/>\n<link rel=\"canonical\" href=\"https:\/\/expressometro.mx\/index.php\/2024\/05\/09\/elias-rescala-llama-a-trabajar-en-equipo-por-naucalpan\/\" \/>\n<meta property=\"og:locale\" content=\"es_MX\" \/>\n<meta property=\"og:type\" content=\"article\" \/>\n<meta property=\"og:title\" content=\"EL\u00cdAS RESCALA LLAMA A TRABAJAR EN EQUIPO POR NAUCALPAN - Expresso Metropolitano\" \/>\n<meta property=\"og:description\" content=\"El\u00edas Rescala Jim\u00e9nez, candidato de la coalici\u00f3n Fuerza y Coraz\u00f3n por el Estado de M\u00e9xico a diputado local, hizo un llamado a trabajar en equipo por el bien de Naucalpan, para fortalecer los proyectos que los partidos aliancistas representan y contribuir al desarrollo del municipio.\" \/>\n<meta property=\"og:url\" content=\"https:\/\/expressometro.mx\/index.php\/2024\/05\/09\/elias-rescala-llama-a-trabajar-en-equipo-por-naucalpan\/\" \/>\n<meta property=\"og:site_name\" content=\"Expresso Metropolitano\" \/>\n<meta property=\"article:published_time\" content=\"2024-05-10T02:53:03+00:00\" \/>\n<meta property=\"article:modified_time\" content=\"2024-05-10T02:53:04+00:00\" \/>\n<meta property=\"og:image\" content=\"http:\/\/expressometro.mx\/wp-content\/uploads\/2024\/05\/WhatsApp-Image-2024-05-09-at-4.17.12-PM-scaled.jpeg\" \/>\n\t<meta property=\"og:image:width\" content=\"2560\" \/>\n\t<meta property=\"og:image:height\" content=\"1706\" \/>\n\t<meta property=\"og:image:type\" content=\"image\/jpeg\" \/>\n<meta name=\"author\" content=\"Cecilia Vega\" \/>\n<meta name=\"twitter:label1\" content=\"Escrito por\" \/>\n\t<meta name=\"twitter:data1\" content=\"Cecilia Vega\" \/>\n\t<meta name=\"twitter:label2\" content=\"Tiempo de lectura\" \/>\n\t<meta name=\"twitter:data2\" content=\"4 minutos\" \/>\n<script type=\"application\/ld+json\" class=\"yoast-schema-graph\">{\"@context\":\"https:\\\/\\\/schema.org\",\"@graph\":[{\"@type\":\"Article\",\"@id\":\"https:\\\/\\\/expressometro.mx\\\/index.php\\\/2024\\\/05\\\/09\\\/elias-rescala-llama-a-trabajar-en-equipo-por-naucalpan\\\/#article\",\"isPartOf\":{\"@id\":\"https:\\\/\\\/expressometro.mx\\\/index.php\\\/2024\\\/05\\\/09\\\/elias-rescala-llama-a-trabajar-en-equipo-por-naucalpan\\\/\"},\"author\":{\"name\":\"Cecilia Vega\",\"@id\":\"https:\\\/\\\/expressometro.mx\\\/#\\\/schema\\\/person\\\/67a95b8e3862085c7598f66237488f1f\"},\"headline\":\"EL\u00cdAS RESCALA LLAMA A TRABAJAR EN EQUIPO POR NAUCALPAN\",\"datePublished\":\"2024-05-10T02:53:03+00:00\",\"dateModified\":\"2024-05-10T02:53:04+00:00\",\"mainEntityOfPage\":{\"@id\":\"https:\\\/\\\/expressometro.mx\\\/index.php\\\/2024\\\/05\\\/09\\\/elias-rescala-llama-a-trabajar-en-equipo-por-naucalpan\\\/\"},\"wordCount\":702,\"commentCount\":0,\"publisher\":{\"@id\":\"https:\\\/\\\/expressometro.mx\\\/#organization\"},\"image\":{\"@id\":\"https:\\\/\\\/expressometro.mx\\\/index.php\\\/2024\\\/05\\\/09\\\/elias-rescala-llama-a-trabajar-en-equipo-por-naucalpan\\\/#primaryimage\"},\"thumbnailUrl\":\"https:\\\/\\\/expressometro.mx\\\/wp-content\\\/uploads\\\/2024\\\/05\\\/WhatsApp-Image-2024-05-09-at-4.17.12-PM-scaled.jpeg\",\"keywords\":[\"Edomex\",\"El\u00edas Rescala\",\"GEM\",\"Naucalpan\"],\"articleSection\":[\"Gobierno\",\"Otros\",\"Pol\u00edtica\"],\"inLanguage\":\"es\",\"potentialAction\":[{\"@type\":\"CommentAction\",\"name\":\"Comment\",\"target\":[\"https:\\\/\\\/expressometro.mx\\\/index.php\\\/2024\\\/05\\\/09\\\/elias-rescala-llama-a-trabajar-en-equipo-por-naucalpan\\\/#respond\"]}]},{\"@type\":\"WebPage\",\"@id\":\"https:\\\/\\\/expressometro.mx\\\/index.php\\\/2024\\\/05\\\/09\\\/elias-rescala-llama-a-trabajar-en-equipo-por-naucalpan\\\/\",\"url\":\"https:\\\/\\\/expressometro.mx\\\/index.php\\\/2024\\\/05\\\/09\\\/elias-rescala-llama-a-trabajar-en-equipo-por-naucalpan\\\/\",\"name\":\"EL\u00cdAS RESCALA LLAMA A TRABAJAR EN EQUIPO POR NAUCALPAN - Expresso Metropolitano\",\"isPartOf\":{\"@id\":\"https:\\\/\\\/expressometro.mx\\\/#website\"},\"primaryImageOfPage\":{\"@id\":\"https:\\\/\\\/expressometro.mx\\\/index.php\\\/2024\\\/05\\\/09\\\/elias-rescala-llama-a-trabajar-en-equipo-por-naucalpan\\\/#primaryimage\"},\"image\":{\"@id\":\"https:\\\/\\\/expressometro.mx\\\/index.php\\\/2024\\\/05\\\/09\\\/elias-rescala-llama-a-trabajar-en-equipo-por-naucalpan\\\/#primaryimage\"},\"thumbnailUrl\":\"https:\\\/\\\/expressometro.mx\\\/wp-content\\\/uploads\\\/2024\\\/05\\\/WhatsApp-Image-2024-05-09-at-4.17.12-PM-scaled.jpeg\",\"datePublished\":\"2024-05-10T02:53:03+00:00\",\"dateModified\":\"2024-05-10T02:53:04+00:00\",\"breadcrumb\":{\"@id\":\"https:\\\/\\\/expressometro.mx\\\/index.php\\\/2024\\\/05\\\/09\\\/elias-rescala-llama-a-trabajar-en-equipo-por-naucalpan\\\/#breadcrumb\"},\"inLanguage\":\"es\",\"potentialAction\":[{\"@type\":\"ReadAction\",\"target\":[\"https:\\\/\\\/expressometro.mx\\\/index.php\\\/2024\\\/05\\\/09\\\/elias-rescala-llama-a-trabajar-en-equipo-por-naucalpan\\\/\"]}]},{\"@type\":\"ImageObject\",\"inLanguage\":\"es\",\"@id\":\"https:\\\/\\\/expressometro.mx\\\/index.php\\\/2024\\\/05\\\/09\\\/elias-rescala-llama-a-trabajar-en-equipo-por-naucalpan\\\/#primaryimage\",\"url\":\"https:\\\/\\\/expressometro.mx\\\/wp-content\\\/uploads\\\/2024\\\/05\\\/WhatsApp-Image-2024-05-09-at-4.17.12-PM-scaled.jpeg\",\"contentUrl\":\"https:\\\/\\\/expressometro.mx\\\/wp-content\\\/uploads\\\/2024\\\/05\\\/WhatsApp-Image-2024-05-09-at-4.17.12-PM-scaled.jpeg\",\"width\":2560,\"height\":1706},{\"@type\":\"BreadcrumbList\",\"@id\":\"https:\\\/\\\/expressometro.mx\\\/index.php\\\/2024\\\/05\\\/09\\\/elias-rescala-llama-a-trabajar-en-equipo-por-naucalpan\\\/#breadcrumb\",\"itemListElement\":[{\"@type\":\"ListItem\",\"position\":1,\"name\":\"Inicio\",\"item\":\"https:\\\/\\\/expressometro.mx\\\/\"},{\"@type\":\"ListItem\",\"position\":2,\"name\":\"EL\u00cdAS RESCALA LLAMA A TRABAJAR EN EQUIPO POR NAUCALPAN\"}]},{\"@type\":\"WebSite\",\"@id\":\"https:\\\/\\\/expressometro.mx\\\/#website\",\"url\":\"https:\\\/\\\/expressometro.mx\\\/\",\"name\":\"Expresso Metropolitano\",\"description\":\"Periodismo comprometido, informaci\u00f3n, investigaci\u00f3n y an\u00e1lisis\",\"publisher\":{\"@id\":\"https:\\\/\\\/expressometro.mx\\\/#organization\"},\"potentialAction\":[{\"@type\":\"SearchAction\",\"target\":{\"@type\":\"EntryPoint\",\"urlTemplate\":\"https:\\\/\\\/expressometro.mx\\\/?s={search_term_string}\"},\"query-input\":{\"@type\":\"PropertyValueSpecification\",\"valueRequired\":true,\"valueName\":\"search_term_string\"}}],\"inLanguage\":\"es\"},{\"@type\":\"Organization\",\"@id\":\"https:\\\/\\\/expressometro.mx\\\/#organization\",\"name\":\"Expresso Metropolitano\",\"url\":\"https:\\\/\\\/expressometro.mx\\\/\",\"logo\":{\"@type\":\"ImageObject\",\"inLanguage\":\"es\",\"@id\":\"https:\\\/\\\/expressometro.mx\\\/#\\\/schema\\\/logo\\\/image\\\/\",\"url\":\"https:\\\/\\\/expressometro.mx\\\/wp-content\\\/uploads\\\/2019\\\/07\\\/cropped-Logo-Expresso-Metropolitano-1-1.jpeg\",\"contentUrl\":\"https:\\\/\\\/expressometro.mx\\\/wp-content\\\/uploads\\\/2019\\\/07\\\/cropped-Logo-Expresso-Metropolitano-1-1.jpeg\",\"width\":290,\"height\":73,\"caption\":\"Expresso Metropolitano\"},\"image\":{\"@id\":\"https:\\\/\\\/expressometro.mx\\\/#\\\/schema\\\/logo\\\/image\\\/\"}},{\"@type\":\"Person\",\"@id\":\"https:\\\/\\\/expressometro.mx\\\/#\\\/schema\\\/person\\\/67a95b8e3862085c7598f66237488f1f\",\"name\":\"Cecilia Vega\",\"image\":{\"@type\":\"ImageObject\",\"inLanguage\":\"es\",\"@id\":\"https:\\\/\\\/secure.gravatar.com\\\/avatar\\\/13aae9944ab2ee472a9e407c9487fdbd03b049abaa559af32fe5dbcf615c981b?s=96&d=mm&r=g\",\"url\":\"https:\\\/\\\/secure.gravatar.com\\\/avatar\\\/13aae9944ab2ee472a9e407c9487fdbd03b049abaa559af32fe5dbcf615c981b?s=96&d=mm&r=g\",\"contentUrl\":\"https:\\\/\\\/secure.gravatar.com\\\/avatar\\\/13aae9944ab2ee472a9e407c9487fdbd03b049abaa559af32fe5dbcf615c981b?s=96&d=mm&r=g\",\"caption\":\"Cecilia Vega\"},\"url\":\"https:\\\/\\\/expressometro.mx\\\/index.php\\\/author\\\/cecilia-vega\\\/\"}]}<\/script>\n<!-- \/ Yoast SEO plugin. -->","yoast_head_json":{"title":"EL\u00cdAS RESCALA LLAMA A TRABAJAR EN EQUIPO POR NAUCALPAN - Expresso Metropolitano","robots":{"index":"index","follow":"follow","max-snippet":"max-snippet:-1","max-image-preview":"max-image-preview:large","max-video-preview":"max-video-preview:-1"},"canonical":"https:\/\/expressometro.mx\/index.php\/2024\/05\/09\/elias-rescala-llama-a-trabajar-en-equipo-por-naucalpan\/","og_locale":"es_MX","og_type":"article","og_title":"EL\u00cdAS RESCALA LLAMA A TRABAJAR EN EQUIPO POR NAUCALPAN - Expresso Metropolitano","og_description":"El\u00edas Rescala Jim\u00e9nez, candidato de la coalici\u00f3n Fuerza y Coraz\u00f3n por el Estado de M\u00e9xico a diputado local, hizo un llamado a trabajar en equipo por el bien de Naucalpan, para fortalecer los proyectos que los partidos aliancistas representan y contribuir al desarrollo del municipio.","og_url":"https:\/\/expressometro.mx\/index.php\/2024\/05\/09\/elias-rescala-llama-a-trabajar-en-equipo-por-naucalpan\/","og_site_name":"Expresso Metropolitano","article_published_time":"2024-05-10T02:53:03+00:00","article_modified_time":"2024-05-10T02:53:04+00:00","og_image":[{"width":2560,"height":1706,"url":"http:\/\/expressometro.mx\/wp-content\/uploads\/2024\/05\/WhatsApp-Image-2024-05-09-at-4.17.12-PM-scaled.jpeg","type":"image\/jpeg"}],"author":"Cecilia Vega","twitter_misc":{"Escrito por":"Cecilia Vega","Tiempo de lectura":"4 minutos"},"schema":{"@context":"https:\/\/schema.org","@graph":[{"@type":"Article","@id":"https:\/\/expressometro.mx\/index.php\/2024\/05\/09\/elias-rescala-llama-a-trabajar-en-equipo-por-naucalpan\/#article","isPartOf":{"@id":"https:\/\/expressometro.mx\/index.php\/2024\/05\/09\/elias-rescala-llama-a-trabajar-en-equipo-por-naucalpan\/"},"author":{"name":"Cecilia Vega","@id":"https:\/\/expressometro.mx\/#\/schema\/person\/67a95b8e3862085c7598f66237488f1f"},"headline":"EL\u00cdAS RESCALA LLAMA A TRABAJAR EN EQUIPO POR NAUCALPAN","datePublished":"2024-05-10T02:53:03+00:00","dateModified":"2024-05-10T02:53:04+00:00","mainEntityOfPage":{"@id":"https:\/\/expressometro.mx\/index.php\/2024\/05\/09\/elias-rescala-llama-a-trabajar-en-equipo-por-naucalpan\/"},"wordCount":702,"commentCount":0,"publisher":{"@id":"https:\/\/expressometro.mx\/#organization"},"image":{"@id":"https:\/\/expressometro.mx\/index.php\/2024\/05\/09\/elias-rescala-llama-a-trabajar-en-equipo-por-naucalpan\/#primaryimage"},"thumbnailUrl":"https:\/\/expressometro.mx\/wp-content\/uploads\/2024\/05\/WhatsApp-Image-2024-05-09-at-4.17.12-PM-scaled.jpeg","keywords":["Edomex","El\u00edas Rescala","GEM","Naucalpan"],"articleSection":["Gobierno","Otros","Pol\u00edtica"],"inLanguage":"es","potentialAction":[{"@type":"CommentAction","name":"Comment","target":["https:\/\/expressometro.mx\/index.php\/2024\/05\/09\/elias-rescala-llama-a-trabajar-en-equipo-por-naucalpan\/#respond"]}]},{"@type":"WebPage","@id":"https:\/\/expressometro.mx\/index.php\/2024\/05\/09\/elias-rescala-llama-a-trabajar-en-equipo-por-naucalpan\/","url":"https:\/\/expressometro.mx\/index.php\/2024\/05\/09\/elias-rescala-llama-a-trabajar-en-equipo-por-naucalpan\/","name":"EL\u00cdAS RESCALA LLAMA A TRABAJAR EN EQUIPO POR NAUCALPAN - Expresso Metropolitano","isPartOf":{"@id":"https:\/\/expressometro.mx\/#website"},"primaryImageOfPage":{"@id":"https:\/\/expressometro.mx\/index.php\/2024\/05\/09\/elias-rescala-llama-a-trabajar-en-equipo-por-naucalpan\/#primaryimage"},"image":{"@id":"https:\/\/expressometro.mx\/index.php\/2024\/05\/09\/elias-rescala-llama-a-trabajar-en-equipo-por-naucalpan\/#primaryimage"},"thumbnailUrl":"https:\/\/expressometro.mx\/wp-content\/uploads\/2024\/05\/WhatsApp-Image-2024-05-09-at-4.17.12-PM-scaled.jpeg","datePublished":"2024-05-10T02:53:03+00:00","dateModified":"2024-05-10T02:53:04+00:00","breadcrumb":{"@id":"https:\/\/expressometro.mx\/index.php\/2024\/05\/09\/elias-rescala-llama-a-trabajar-en-equipo-por-naucalpan\/#breadcrumb"},"inLanguage":"es","potentialAction":[{"@type":"ReadAction","target":["https:\/\/expressometro.mx\/index.php\/2024\/05\/09\/elias-rescala-llama-a-trabajar-en-equipo-por-naucalpan\/"]}]},{"@type":"ImageObject","inLanguage":"es","@id":"https:\/\/expressometro.mx\/index.php\/2024\/05\/09\/elias-rescala-llama-a-trabajar-en-equipo-por-naucalpan\/#primaryimage","url":"https:\/\/expressometro.mx\/wp-content\/uploads\/2024\/05\/WhatsApp-Image-2024-05-09-at-4.17.12-PM-scaled.jpeg","contentUrl":"https:\/\/expressometro.mx\/wp-content\/uploads\/2024\/05\/WhatsApp-Image-2024-05-09-at-4.17.12-PM-scaled.jpeg","width":2560,"height":1706},{"@type":"BreadcrumbList","@id":"https:\/\/expressometro.mx\/index.php\/2024\/05\/09\/elias-rescala-llama-a-trabajar-en-equipo-por-naucalpan\/#breadcrumb","itemListElement":[{"@type":"ListItem","position":1,"name":"Inicio","item":"https:\/\/expressometro.mx\/"},{"@type":"ListItem","position":2,"name":"EL\u00cdAS RESCALA LLAMA A TRABAJAR EN EQUIPO POR NAUCALPAN"}]},{"@type":"WebSite","@id":"https:\/\/expressometro.mx\/#website","url":"https:\/\/expressometro.mx\/","name":"Expresso Metropolitano","description":"Periodismo comprometido, informaci\u00f3n, investigaci\u00f3n y an\u00e1lisis","publisher":{"@id":"https:\/\/expressometro.mx\/#organization"},"potentialAction":[{"@type":"SearchAction","target":{"@type":"EntryPoint","urlTemplate":"https:\/\/expressometro.mx\/?s={search_term_string}"},"query-input":{"@type":"PropertyValueSpecification","valueRequired":true,"valueName":"search_term_string"}}],"inLanguage":"es"},{"@type":"Organization","@id":"https:\/\/expressometro.mx\/#organization","name":"Expresso Metropolitano","url":"https:\/\/expressometro.mx\/","logo":{"@type":"ImageObject","inLanguage":"es","@id":"https:\/\/expressometro.mx\/#\/schema\/logo\/image\/","url":"https:\/\/expressometro.mx\/wp-content\/uploads\/2019\/07\/cropped-Logo-Expresso-Metropolitano-1-1.jpeg","contentUrl":"https:\/\/expressometro.mx\/wp-content\/uploads\/2019\/07\/cropped-Logo-Expresso-Metropolitano-1-1.jpeg","width":290,"height":73,"caption":"Expresso Metropolitano"},"image":{"@id":"https:\/\/expressometro.mx\/#\/schema\/logo\/image\/"}},{"@type":"Person","@id":"https:\/\/expressometro.mx\/#\/schema\/person\/67a95b8e3862085c7598f66237488f1f","name":"Cecilia Vega","image":{"@type":"ImageObject","inLanguage":"es","@id":"https:\/\/secure.gravatar.com\/avatar\/13aae9944ab2ee472a9e407c9487fdbd03b049abaa559af32fe5dbcf615c981b?s=96&d=mm&r=g","url":"https:\/\/secure.gravatar.com\/avatar\/13aae9944ab2ee472a9e407c9487fdbd03b049abaa559af32fe5dbcf615c981b?s=96&d=mm&r=g","contentUrl":"https:\/\/secure.gravatar.com\/avatar\/13aae9944ab2ee472a9e407c9487fdbd03b049abaa559af32fe5dbcf615c981b?s=96&d=mm&r=g","caption":"Cecilia Vega"},"url":"https:\/\/expressometro.mx\/index.php\/author\/cecilia-vega\/"}]}},"amp_enabled":true,"_links":{"self":[{"href":"https:\/\/expressometro.mx\/index.php\/wp-json\/wp\/v2\/posts\/9170","targetHints":{"allow":["GET"]}}],"collection":[{"href":"https:\/\/expressometro.mx\/index.php\/wp-json\/wp\/v2\/posts"}],"about":[{"href":"https:\/\/expressometro.mx\/index.php\/wp-json\/wp\/v2\/types\/post"}],"author":[{"embeddable":true,"href":"https:\/\/expressometro.mx\/index.php\/wp-json\/wp\/v2\/users\/2"}],"replies":[{"embeddable":true,"href":"https:\/\/expressometro.mx\/index.php\/wp-json\/wp\/v2\/comments?post=9170"}],"version-history":[{"count":1,"href":"https:\/\/expressometro.mx\/index.php\/wp-json\/wp\/v2\/posts\/9170\/revisions"}],"predecessor-version":[{"id":9173,"href":"https:\/\/expressometro.mx\/index.php\/wp-json\/wp\/v2\/posts\/9170\/revisions\/9173"}],"wp:featuredmedia":[{"embeddable":true,"href":"https:\/\/expressometro.mx\/index.php\/wp-json\/wp\/v2\/media\/9172"}],"wp:attachment":[{"href":"https:\/\/expressometro.mx\/index.php\/wp-json\/wp\/v2\/media?parent=9170"}],"wp:term":[{"taxonomy":"category","embeddable":true,"href":"https:\/\/expressometro.mx\/index.php\/wp-json\/wp\/v2\/categories?post=9170"},{"taxonomy":"post_tag","embeddable":true,"href":"https:\/\/expressometro.mx\/index.php\/wp-json\/wp\/v2\/tags?post=9170"}],"curies":[{"name":"wp","href":"https:\/\/api.w.org\/{rel}","templated":true}]}}