{"id":9135,"date":"2024-05-06T15:50:40","date_gmt":"2024-05-06T20:50:40","guid":{"rendered":"https:\/\/expressometro.mx\/?p=9135"},"modified":"2024-05-06T15:50:41","modified_gmt":"2024-05-06T20:50:41","slug":"soy-hombre-de-palabra-y-le-cumplo-siempre-a-villa-victoria","status":"publish","type":"post","link":"https:\/\/expressometro.mx\/index.php\/2024\/05\/06\/soy-hombre-de-palabra-y-le-cumplo-siempre-a-villa-victoria\/","title":{"rendered":"SOY HOMBRE DE PALABRA Y LE CUMPLO SIEMPRE A VILLA VICTORIA"},"content":{"rendered":"\n<p><\/p>\n\n\n\n<p>Con la cara en alto, Mario Santana pide el respaldo de sus vecinos de Villa Victoria para llegar a dirigir los destinos de su municipio. Asegur\u00f3 que como presidente municipal se enfocar\u00e1 en resolver los asuntos de seguridad, salud, educaci\u00f3n y el abasto de agua.<\/p>\n\n\n\n<p>En gira de proselitismo, el experimentado servidor p\u00fablico asegur\u00f3 que las oportunidades que le han dado las familias de Villa Victoria permitieron avanzar en cada una de las demandas m\u00e1s sentidas. \u201cNos hemos puesto siempre de acuerdo y considero que la gente me va a responder porque soy hombre de palabra\u201d.<\/p>\n\n\n\n<p>\u201cSoy un hombre que quiere seguir viendo el crecimiento de Villa Victoria\u201d, afirm\u00f3 el candidato del PRI a la presidencia municipal, luego de puntualizar que en el tema de los caminos siempre hay necesidad de atenderlos por el crecimiento natural de las comunidades.<\/p>\n\n\n\n<p>Otro problema que se ha detectado en el municipio es el abandono de los centros de salud y hospitales, lo cual afecta a la poblaci\u00f3n que necesita estos servicios, por ello es necesario que la autoridad federal asuma su responsabilidad en este sector.<\/p>\n\n\n\n<p>De igual forma, en el asunto del agua queremos del gobierno de la Rep\u00fablica un trato justo para que no se acaben el recurso vital del agua, por eso defenderemos nuestra presa para que no le falte agua a nuestras comunidades.<\/p>\n","protected":false},"excerpt":{"rendered":"<p>Con la cara en alto, Mario Santana pide el respaldo de sus vecinos de Villa Victoria para llegar a dirigir los destinos de su municipio. Asegur\u00f3 que como presidente municipal se enfocar\u00e1 en resolver los asuntos de seguridad, salud, educaci\u00f3n y el abasto de agua.<\/p>\n","protected":false},"author":1,"featured_media":9137,"comment_status":"open","ping_status":"open","sticky":false,"template":"","format":"standard","meta":{"footnotes":""},"categories":[3,1,231],"tags":[1982,86,1078,147],"class_list":["post-9135","post","type-post","status-publish","format-standard","has-post-thumbnail","hentry","category-gobierno","category-otros","category-politica","tag-edomex","tag-gem","tag-mario-santana","tag-villa-victoria"],"yoast_head":"<!-- This site is optimized with the Yoast SEO plugin v27.5 - https:\/\/yoast.com\/product\/yoast-seo-wordpress\/ -->\n<title>SOY HOMBRE DE PALABRA Y LE CUMPLO SIEMPRE A VILLA VICTORIA - Expresso Metropolitano<\/title>\n<meta name=\"robots\" content=\"index, follow, max-snippet:-1, max-image-preview:large, max-video-preview:-1\" \/>\n<link rel=\"canonical\" href=\"https:\/\/expressometro.mx\/index.php\/2024\/05\/06\/soy-hombre-de-palabra-y-le-cumplo-siempre-a-villa-victoria\/\" \/>\n<meta property=\"og:locale\" content=\"es_MX\" \/>\n<meta property=\"og:type\" content=\"article\" \/>\n<meta property=\"og:title\" content=\"SOY HOMBRE DE PALABRA Y LE CUMPLO SIEMPRE A VILLA VICTORIA - Expresso Metropolitano\" \/>\n<meta property=\"og:description\" content=\"Con la cara en alto, Mario Santana pide el respaldo de sus vecinos de Villa Victoria para llegar a dirigir los destinos de su municipio. Asegur\u00f3 que como presidente municipal se enfocar\u00e1 en resolver los asuntos de seguridad, salud, educaci\u00f3n y el abasto de agua.\" \/>\n<meta property=\"og:url\" content=\"https:\/\/expressometro.mx\/index.php\/2024\/05\/06\/soy-hombre-de-palabra-y-le-cumplo-siempre-a-villa-victoria\/\" \/>\n<meta property=\"og:site_name\" content=\"Expresso Metropolitano\" \/>\n<meta property=\"article:published_time\" content=\"2024-05-06T20:50:40+00:00\" \/>\n<meta property=\"article:modified_time\" content=\"2024-05-06T20:50:41+00:00\" \/>\n<meta property=\"og:image\" content=\"http:\/\/expressometro.mx\/wp-content\/uploads\/2024\/05\/WhatsApp-Image-2024-05-06-at-12.52.38-PM.jpeg\" \/>\n\t<meta property=\"og:image:width\" content=\"1600\" \/>\n\t<meta property=\"og:image:height\" content=\"900\" \/>\n\t<meta property=\"og:image:type\" content=\"image\/jpeg\" \/>\n<meta name=\"author\" content=\"Expresso Metropolitano\" \/>\n<meta name=\"twitter:label1\" content=\"Escrito por\" \/>\n\t<meta name=\"twitter:data1\" content=\"Expresso Metropolitano\" \/>\n\t<meta name=\"twitter:label2\" content=\"Tiempo de lectura\" \/>\n\t<meta name=\"twitter:data2\" content=\"2 minutos\" \/>\n<script type=\"application\/ld+json\" class=\"yoast-schema-graph\">{\"@context\":\"https:\\\/\\\/schema.org\",\"@graph\":[{\"@type\":\"Article\",\"@id\":\"https:\\\/\\\/expressometro.mx\\\/index.php\\\/2024\\\/05\\\/06\\\/soy-hombre-de-palabra-y-le-cumplo-siempre-a-villa-victoria\\\/#article\",\"isPartOf\":{\"@id\":\"https:\\\/\\\/expressometro.mx\\\/index.php\\\/2024\\\/05\\\/06\\\/soy-hombre-de-palabra-y-le-cumplo-siempre-a-villa-victoria\\\/\"},\"author\":{\"name\":\"Expresso Metropolitano\",\"@id\":\"https:\\\/\\\/expressometro.mx\\\/#\\\/schema\\\/person\\\/efa971b4a0664db8ed5c22b1b0dd2f5d\"},\"headline\":\"SOY HOMBRE DE PALABRA Y LE CUMPLO SIEMPRE A VILLA VICTORIA\",\"datePublished\":\"2024-05-06T20:50:40+00:00\",\"dateModified\":\"2024-05-06T20:50:41+00:00\",\"mainEntityOfPage\":{\"@id\":\"https:\\\/\\\/expressometro.mx\\\/index.php\\\/2024\\\/05\\\/06\\\/soy-hombre-de-palabra-y-le-cumplo-siempre-a-villa-victoria\\\/\"},\"wordCount\":239,\"commentCount\":0,\"publisher\":{\"@id\":\"https:\\\/\\\/expressometro.mx\\\/#organization\"},\"image\":{\"@id\":\"https:\\\/\\\/expressometro.mx\\\/index.php\\\/2024\\\/05\\\/06\\\/soy-hombre-de-palabra-y-le-cumplo-siempre-a-villa-victoria\\\/#primaryimage\"},\"thumbnailUrl\":\"https:\\\/\\\/expressometro.mx\\\/wp-content\\\/uploads\\\/2024\\\/05\\\/WhatsApp-Image-2024-05-06-at-12.52.38-PM.jpeg\",\"keywords\":[\"Edomex\",\"GEM\",\"Mario Santana\",\"Villa Victoria\"],\"articleSection\":[\"Gobierno\",\"Otros\",\"Pol\u00edtica\"],\"inLanguage\":\"es\",\"potentialAction\":[{\"@type\":\"CommentAction\",\"name\":\"Comment\",\"target\":[\"https:\\\/\\\/expressometro.mx\\\/index.php\\\/2024\\\/05\\\/06\\\/soy-hombre-de-palabra-y-le-cumplo-siempre-a-villa-victoria\\\/#respond\"]}]},{\"@type\":\"WebPage\",\"@id\":\"https:\\\/\\\/expressometro.mx\\\/index.php\\\/2024\\\/05\\\/06\\\/soy-hombre-de-palabra-y-le-cumplo-siempre-a-villa-victoria\\\/\",\"url\":\"https:\\\/\\\/expressometro.mx\\\/index.php\\\/2024\\\/05\\\/06\\\/soy-hombre-de-palabra-y-le-cumplo-siempre-a-villa-victoria\\\/\",\"name\":\"SOY HOMBRE DE PALABRA Y LE CUMPLO SIEMPRE A VILLA VICTORIA - Expresso Metropolitano\",\"isPartOf\":{\"@id\":\"https:\\\/\\\/expressometro.mx\\\/#website\"},\"primaryImageOfPage\":{\"@id\":\"https:\\\/\\\/expressometro.mx\\\/index.php\\\/2024\\\/05\\\/06\\\/soy-hombre-de-palabra-y-le-cumplo-siempre-a-villa-victoria\\\/#primaryimage\"},\"image\":{\"@id\":\"https:\\\/\\\/expressometro.mx\\\/index.php\\\/2024\\\/05\\\/06\\\/soy-hombre-de-palabra-y-le-cumplo-siempre-a-villa-victoria\\\/#primaryimage\"},\"thumbnailUrl\":\"https:\\\/\\\/expressometro.mx\\\/wp-content\\\/uploads\\\/2024\\\/05\\\/WhatsApp-Image-2024-05-06-at-12.52.38-PM.jpeg\",\"datePublished\":\"2024-05-06T20:50:40+00:00\",\"dateModified\":\"2024-05-06T20:50:41+00:00\",\"breadcrumb\":{\"@id\":\"https:\\\/\\\/expressometro.mx\\\/index.php\\\/2024\\\/05\\\/06\\\/soy-hombre-de-palabra-y-le-cumplo-siempre-a-villa-victoria\\\/#breadcrumb\"},\"inLanguage\":\"es\",\"potentialAction\":[{\"@type\":\"ReadAction\",\"target\":[\"https:\\\/\\\/expressometro.mx\\\/index.php\\\/2024\\\/05\\\/06\\\/soy-hombre-de-palabra-y-le-cumplo-siempre-a-villa-victoria\\\/\"]}]},{\"@type\":\"ImageObject\",\"inLanguage\":\"es\",\"@id\":\"https:\\\/\\\/expressometro.mx\\\/index.php\\\/2024\\\/05\\\/06\\\/soy-hombre-de-palabra-y-le-cumplo-siempre-a-villa-victoria\\\/#primaryimage\",\"url\":\"https:\\\/\\\/expressometro.mx\\\/wp-content\\\/uploads\\\/2024\\\/05\\\/WhatsApp-Image-2024-05-06-at-12.52.38-PM.jpeg\",\"contentUrl\":\"https:\\\/\\\/expressometro.mx\\\/wp-content\\\/uploads\\\/2024\\\/05\\\/WhatsApp-Image-2024-05-06-at-12.52.38-PM.jpeg\",\"width\":1600,\"height\":900},{\"@type\":\"BreadcrumbList\",\"@id\":\"https:\\\/\\\/expressometro.mx\\\/index.php\\\/2024\\\/05\\\/06\\\/soy-hombre-de-palabra-y-le-cumplo-siempre-a-villa-victoria\\\/#breadcrumb\",\"itemListElement\":[{\"@type\":\"ListItem\",\"position\":1,\"name\":\"Inicio\",\"item\":\"https:\\\/\\\/expressometro.mx\\\/\"},{\"@type\":\"ListItem\",\"position\":2,\"name\":\"SOY HOMBRE DE PALABRA Y LE CUMPLO SIEMPRE A VILLA VICTORIA\"}]},{\"@type\":\"WebSite\",\"@id\":\"https:\\\/\\\/expressometro.mx\\\/#website\",\"url\":\"https:\\\/\\\/expressometro.mx\\\/\",\"name\":\"Expresso Metropolitano\",\"description\":\"Periodismo comprometido, informaci\u00f3n, investigaci\u00f3n y an\u00e1lisis\",\"publisher\":{\"@id\":\"https:\\\/\\\/expressometro.mx\\\/#organization\"},\"potentialAction\":[{\"@type\":\"SearchAction\",\"target\":{\"@type\":\"EntryPoint\",\"urlTemplate\":\"https:\\\/\\\/expressometro.mx\\\/?s={search_term_string}\"},\"query-input\":{\"@type\":\"PropertyValueSpecification\",\"valueRequired\":true,\"valueName\":\"search_term_string\"}}],\"inLanguage\":\"es\"},{\"@type\":\"Organization\",\"@id\":\"https:\\\/\\\/expressometro.mx\\\/#organization\",\"name\":\"Expresso Metropolitano\",\"url\":\"https:\\\/\\\/expressometro.mx\\\/\",\"logo\":{\"@type\":\"ImageObject\",\"inLanguage\":\"es\",\"@id\":\"https:\\\/\\\/expressometro.mx\\\/#\\\/schema\\\/logo\\\/image\\\/\",\"url\":\"https:\\\/\\\/expressometro.mx\\\/wp-content\\\/uploads\\\/2019\\\/07\\\/cropped-Logo-Expresso-Metropolitano-1-1.jpeg\",\"contentUrl\":\"https:\\\/\\\/expressometro.mx\\\/wp-content\\\/uploads\\\/2019\\\/07\\\/cropped-Logo-Expresso-Metropolitano-1-1.jpeg\",\"width\":290,\"height\":73,\"caption\":\"Expresso Metropolitano\"},\"image\":{\"@id\":\"https:\\\/\\\/expressometro.mx\\\/#\\\/schema\\\/logo\\\/image\\\/\"}},{\"@type\":\"Person\",\"@id\":\"https:\\\/\\\/expressometro.mx\\\/#\\\/schema\\\/person\\\/efa971b4a0664db8ed5c22b1b0dd2f5d\",\"name\":\"Expresso Metropolitano\",\"image\":{\"@type\":\"ImageObject\",\"inLanguage\":\"es\",\"@id\":\"https:\\\/\\\/secure.gravatar.com\\\/avatar\\\/a89f802b8de18c6952f223c88d3d106e9e3679839f4e25a02f4a6cc2ae6ba3b3?s=96&d=mm&r=g\",\"url\":\"https:\\\/\\\/secure.gravatar.com\\\/avatar\\\/a89f802b8de18c6952f223c88d3d106e9e3679839f4e25a02f4a6cc2ae6ba3b3?s=96&d=mm&r=g\",\"contentUrl\":\"https:\\\/\\\/secure.gravatar.com\\\/avatar\\\/a89f802b8de18c6952f223c88d3d106e9e3679839f4e25a02f4a6cc2ae6ba3b3?s=96&d=mm&r=g\",\"caption\":\"Expresso Metropolitano\"},\"url\":\"https:\\\/\\\/expressometro.mx\\\/index.php\\\/author\\\/diego\\\/\"}]}<\/script>\n<!-- \/ Yoast SEO plugin. -->","yoast_head_json":{"title":"SOY HOMBRE DE PALABRA Y LE CUMPLO SIEMPRE A VILLA VICTORIA - Expresso Metropolitano","robots":{"index":"index","follow":"follow","max-snippet":"max-snippet:-1","max-image-preview":"max-image-preview:large","max-video-preview":"max-video-preview:-1"},"canonical":"https:\/\/expressometro.mx\/index.php\/2024\/05\/06\/soy-hombre-de-palabra-y-le-cumplo-siempre-a-villa-victoria\/","og_locale":"es_MX","og_type":"article","og_title":"SOY HOMBRE DE PALABRA Y LE CUMPLO SIEMPRE A VILLA VICTORIA - Expresso Metropolitano","og_description":"Con la cara en alto, Mario Santana pide el respaldo de sus vecinos de Villa Victoria para llegar a dirigir los destinos de su municipio. Asegur\u00f3 que como presidente municipal se enfocar\u00e1 en resolver los asuntos de seguridad, salud, educaci\u00f3n y el abasto de agua.","og_url":"https:\/\/expressometro.mx\/index.php\/2024\/05\/06\/soy-hombre-de-palabra-y-le-cumplo-siempre-a-villa-victoria\/","og_site_name":"Expresso Metropolitano","article_published_time":"2024-05-06T20:50:40+00:00","article_modified_time":"2024-05-06T20:50:41+00:00","og_image":[{"width":1600,"height":900,"url":"http:\/\/expressometro.mx\/wp-content\/uploads\/2024\/05\/WhatsApp-Image-2024-05-06-at-12.52.38-PM.jpeg","type":"image\/jpeg"}],"author":"Expresso Metropolitano","twitter_misc":{"Escrito por":"Expresso Metropolitano","Tiempo de lectura":"2 minutos"},"schema":{"@context":"https:\/\/schema.org","@graph":[{"@type":"Article","@id":"https:\/\/expressometro.mx\/index.php\/2024\/05\/06\/soy-hombre-de-palabra-y-le-cumplo-siempre-a-villa-victoria\/#article","isPartOf":{"@id":"https:\/\/expressometro.mx\/index.php\/2024\/05\/06\/soy-hombre-de-palabra-y-le-cumplo-siempre-a-villa-victoria\/"},"author":{"name":"Expresso Metropolitano","@id":"https:\/\/expressometro.mx\/#\/schema\/person\/efa971b4a0664db8ed5c22b1b0dd2f5d"},"headline":"SOY HOMBRE DE PALABRA Y LE CUMPLO SIEMPRE A VILLA VICTORIA","datePublished":"2024-05-06T20:50:40+00:00","dateModified":"2024-05-06T20:50:41+00:00","mainEntityOfPage":{"@id":"https:\/\/expressometro.mx\/index.php\/2024\/05\/06\/soy-hombre-de-palabra-y-le-cumplo-siempre-a-villa-victoria\/"},"wordCount":239,"commentCount":0,"publisher":{"@id":"https:\/\/expressometro.mx\/#organization"},"image":{"@id":"https:\/\/expressometro.mx\/index.php\/2024\/05\/06\/soy-hombre-de-palabra-y-le-cumplo-siempre-a-villa-victoria\/#primaryimage"},"thumbnailUrl":"https:\/\/expressometro.mx\/wp-content\/uploads\/2024\/05\/WhatsApp-Image-2024-05-06-at-12.52.38-PM.jpeg","keywords":["Edomex","GEM","Mario Santana","Villa Victoria"],"articleSection":["Gobierno","Otros","Pol\u00edtica"],"inLanguage":"es","potentialAction":[{"@type":"CommentAction","name":"Comment","target":["https:\/\/expressometro.mx\/index.php\/2024\/05\/06\/soy-hombre-de-palabra-y-le-cumplo-siempre-a-villa-victoria\/#respond"]}]},{"@type":"WebPage","@id":"https:\/\/expressometro.mx\/index.php\/2024\/05\/06\/soy-hombre-de-palabra-y-le-cumplo-siempre-a-villa-victoria\/","url":"https:\/\/expressometro.mx\/index.php\/2024\/05\/06\/soy-hombre-de-palabra-y-le-cumplo-siempre-a-villa-victoria\/","name":"SOY HOMBRE DE PALABRA Y LE CUMPLO SIEMPRE A VILLA VICTORIA - Expresso Metropolitano","isPartOf":{"@id":"https:\/\/expressometro.mx\/#website"},"primaryImageOfPage":{"@id":"https:\/\/expressometro.mx\/index.php\/2024\/05\/06\/soy-hombre-de-palabra-y-le-cumplo-siempre-a-villa-victoria\/#primaryimage"},"image":{"@id":"https:\/\/expressometro.mx\/index.php\/2024\/05\/06\/soy-hombre-de-palabra-y-le-cumplo-siempre-a-villa-victoria\/#primaryimage"},"thumbnailUrl":"https:\/\/expressometro.mx\/wp-content\/uploads\/2024\/05\/WhatsApp-Image-2024-05-06-at-12.52.38-PM.jpeg","datePublished":"2024-05-06T20:50:40+00:00","dateModified":"2024-05-06T20:50:41+00:00","breadcrumb":{"@id":"https:\/\/expressometro.mx\/index.php\/2024\/05\/06\/soy-hombre-de-palabra-y-le-cumplo-siempre-a-villa-victoria\/#breadcrumb"},"inLanguage":"es","potentialAction":[{"@type":"ReadAction","target":["https:\/\/expressometro.mx\/index.php\/2024\/05\/06\/soy-hombre-de-palabra-y-le-cumplo-siempre-a-villa-victoria\/"]}]},{"@type":"ImageObject","inLanguage":"es","@id":"https:\/\/expressometro.mx\/index.php\/2024\/05\/06\/soy-hombre-de-palabra-y-le-cumplo-siempre-a-villa-victoria\/#primaryimage","url":"https:\/\/expressometro.mx\/wp-content\/uploads\/2024\/05\/WhatsApp-Image-2024-05-06-at-12.52.38-PM.jpeg","contentUrl":"https:\/\/expressometro.mx\/wp-content\/uploads\/2024\/05\/WhatsApp-Image-2024-05-06-at-12.52.38-PM.jpeg","width":1600,"height":900},{"@type":"BreadcrumbList","@id":"https:\/\/expressometro.mx\/index.php\/2024\/05\/06\/soy-hombre-de-palabra-y-le-cumplo-siempre-a-villa-victoria\/#breadcrumb","itemListElement":[{"@type":"ListItem","position":1,"name":"Inicio","item":"https:\/\/expressometro.mx\/"},{"@type":"ListItem","position":2,"name":"SOY HOMBRE DE PALABRA Y LE CUMPLO SIEMPRE A VILLA VICTORIA"}]},{"@type":"WebSite","@id":"https:\/\/expressometro.mx\/#website","url":"https:\/\/expressometro.mx\/","name":"Expresso Metropolitano","description":"Periodismo comprometido, informaci\u00f3n, investigaci\u00f3n y an\u00e1lisis","publisher":{"@id":"https:\/\/expressometro.mx\/#organization"},"potentialAction":[{"@type":"SearchAction","target":{"@type":"EntryPoint","urlTemplate":"https:\/\/expressometro.mx\/?s={search_term_string}"},"query-input":{"@type":"PropertyValueSpecification","valueRequired":true,"valueName":"search_term_string"}}],"inLanguage":"es"},{"@type":"Organization","@id":"https:\/\/expressometro.mx\/#organization","name":"Expresso Metropolitano","url":"https:\/\/expressometro.mx\/","logo":{"@type":"ImageObject","inLanguage":"es","@id":"https:\/\/expressometro.mx\/#\/schema\/logo\/image\/","url":"https:\/\/expressometro.mx\/wp-content\/uploads\/2019\/07\/cropped-Logo-Expresso-Metropolitano-1-1.jpeg","contentUrl":"https:\/\/expressometro.mx\/wp-content\/uploads\/2019\/07\/cropped-Logo-Expresso-Metropolitano-1-1.jpeg","width":290,"height":73,"caption":"Expresso Metropolitano"},"image":{"@id":"https:\/\/expressometro.mx\/#\/schema\/logo\/image\/"}},{"@type":"Person","@id":"https:\/\/expressometro.mx\/#\/schema\/person\/efa971b4a0664db8ed5c22b1b0dd2f5d","name":"Expresso Metropolitano","image":{"@type":"ImageObject","inLanguage":"es","@id":"https:\/\/secure.gravatar.com\/avatar\/a89f802b8de18c6952f223c88d3d106e9e3679839f4e25a02f4a6cc2ae6ba3b3?s=96&d=mm&r=g","url":"https:\/\/secure.gravatar.com\/avatar\/a89f802b8de18c6952f223c88d3d106e9e3679839f4e25a02f4a6cc2ae6ba3b3?s=96&d=mm&r=g","contentUrl":"https:\/\/secure.gravatar.com\/avatar\/a89f802b8de18c6952f223c88d3d106e9e3679839f4e25a02f4a6cc2ae6ba3b3?s=96&d=mm&r=g","caption":"Expresso Metropolitano"},"url":"https:\/\/expressometro.mx\/index.php\/author\/diego\/"}]}},"amp_enabled":true,"_links":{"self":[{"href":"https:\/\/expressometro.mx\/index.php\/wp-json\/wp\/v2\/posts\/9135","targetHints":{"allow":["GET"]}}],"collection":[{"href":"https:\/\/expressometro.mx\/index.php\/wp-json\/wp\/v2\/posts"}],"about":[{"href":"https:\/\/expressometro.mx\/index.php\/wp-json\/wp\/v2\/types\/post"}],"author":[{"embeddable":true,"href":"https:\/\/expressometro.mx\/index.php\/wp-json\/wp\/v2\/users\/1"}],"replies":[{"embeddable":true,"href":"https:\/\/expressometro.mx\/index.php\/wp-json\/wp\/v2\/comments?post=9135"}],"version-history":[{"count":1,"href":"https:\/\/expressometro.mx\/index.php\/wp-json\/wp\/v2\/posts\/9135\/revisions"}],"predecessor-version":[{"id":9138,"href":"https:\/\/expressometro.mx\/index.php\/wp-json\/wp\/v2\/posts\/9135\/revisions\/9138"}],"wp:featuredmedia":[{"embeddable":true,"href":"https:\/\/expressometro.mx\/index.php\/wp-json\/wp\/v2\/media\/9137"}],"wp:attachment":[{"href":"https:\/\/expressometro.mx\/index.php\/wp-json\/wp\/v2\/media?parent=9135"}],"wp:term":[{"taxonomy":"category","embeddable":true,"href":"https:\/\/expressometro.mx\/index.php\/wp-json\/wp\/v2\/categories?post=9135"},{"taxonomy":"post_tag","embeddable":true,"href":"https:\/\/expressometro.mx\/index.php\/wp-json\/wp\/v2\/tags?post=9135"}],"curies":[{"name":"wp","href":"https:\/\/api.w.org\/{rel}","templated":true}]}}