{"id":9119,"date":"2024-05-02T00:58:13","date_gmt":"2024-05-02T05:58:13","guid":{"rendered":"https:\/\/expressometro.mx\/?p=9119"},"modified":"2024-05-06T01:05:12","modified_gmt":"2024-05-06T06:05:12","slug":"toluca-sera-la-capital-del-empleo-y-el-crecimiento-economico-melissa-vargas","status":"publish","type":"post","link":"https:\/\/expressometro.mx\/index.php\/2024\/05\/02\/toluca-sera-la-capital-del-empleo-y-el-crecimiento-economico-melissa-vargas\/","title":{"rendered":"TOLUCA SERA\u0301 LA CAPITAL DEL EMPLEO Y EL CRECIMIENTO ECONO\u0301MICO: MELISSA VARGAS"},"content":{"rendered":"\n<ul class=\"wp-block-list\">\n<li>Durante su Gobierno, la candidata de Fuerza y Corazo\u0301n por Edome\u0301x frenara\u0301 la corrupcio\u0301n y facilitara\u0301 los tra\u0301mites empresariales, para que salgan a la primera.<\/li>\n<\/ul>\n\n\n\n<p>Melissa Vargas impulsara\u0301 desde el Ayuntamiento el desarrollo de ma\u0301s y mejores empleos en la capital mexiquense, garantizando a los empresarios e inversionistas cero moches y tra\u0301mites a la primera, para asentarse en Toluca.<\/p>\n\n\n\n<p>La candidata de Fuerza y Corazo\u0301n por Edome\u0301x a la Presidencia Municipal de Toluca recorrio\u0301 tres fa\u0301bricas, en las que se comprometio\u0301 con trabajadores y directivos a apoyar el desarrollo industrial del Municipio, con ma\u0301s empleos y mejor pagados, pues los empresarios no sera\u0301n vi\u0301ctimas de la corrupcio\u0301n.<\/p>\n\n\n\n<p>Dijo que con tra\u0301mites ma\u0301s a\u0301giles y apoyos a las y los trabajadores, hara\u0301 de Toluca la capital del empleo y el crecimiento econo\u0301mico.<\/p>\n\n\n\n<p>Adema\u0301s, se comprometio\u0301 a que las calles que rodean las zonas industriales estara\u0301n ma\u0301s iluminadas y tendra\u0301n ma\u0301s seguridad.<br>En la fa\u0301brica de libretas Estrella, adelanto\u0301 a las y los trabajadores que durante su gobierno instalara\u0301 luminarias y asignara\u0301 patrullas en la zona; en tanto, en la fa\u0301brica de cajas de tra\u0301iler Operbus, agrego\u0301 que la polici\u0301a estara\u0301 mejor capacitada, para que lleven a cabo trabajo preventivo y atiendan llamados de apoyo a la primera.<br>Finalmente, en la fa\u0301brica de zapatos Crucero, platico\u0301 con directivos y trabajadores sobre la aplicacio\u0301n de tecnologi\u0301as de u\u0301ltima generacio\u0301n y la instalacio\u0301n de operativos permanentes, para que puedan recorrer su camino al trabajo sin miedo.<\/p>\n\n\n\n<p>Melissa Vargas reconocio\u0301 la labor que las y los toluquen\u0303os realizan y se comprometio\u0301 a ser una Presidenta Municipal abierta, cercana y comprometida con la clase trabajadora.<\/p>\n","protected":false},"excerpt":{"rendered":"<p>Melissa Vargas impulsara\u0301 desde el Ayuntamiento el desarrollo de ma\u0301s y mejores empleos en la capital mexiquense, garantizando a los empresarios e inversionistas cero moches y tra\u0301mites a la primera, para asentarse en Toluca.<\/p>\n","protected":false},"author":1,"featured_media":9121,"comment_status":"open","ping_status":"open","sticky":false,"template":"","format":"standard","meta":{"footnotes":""},"categories":[3,1,231],"tags":[1982,2351,158,78],"class_list":["post-9119","post","type-post","status-publish","format-standard","has-post-thumbnail","hentry","category-gobierno","category-otros","category-politica","tag-edomex","tag-melissa-vargas","tag-pri","tag-toluca"],"yoast_head":"<!-- This site is optimized with the Yoast SEO plugin v27.5 - https:\/\/yoast.com\/product\/yoast-seo-wordpress\/ -->\n<title>TOLUCA SERA\u0301 LA CAPITAL DEL EMPLEO Y EL CRECIMIENTO ECONO\u0301MICO: MELISSA VARGAS - Expresso Metropolitano<\/title>\n<meta name=\"robots\" content=\"index, follow, max-snippet:-1, max-image-preview:large, max-video-preview:-1\" \/>\n<link rel=\"canonical\" href=\"https:\/\/expressometro.mx\/index.php\/2024\/05\/02\/toluca-sera-la-capital-del-empleo-y-el-crecimiento-economico-melissa-vargas\/\" \/>\n<meta property=\"og:locale\" content=\"es_MX\" \/>\n<meta property=\"og:type\" content=\"article\" \/>\n<meta property=\"og:title\" content=\"TOLUCA SERA\u0301 LA CAPITAL DEL EMPLEO Y EL CRECIMIENTO ECONO\u0301MICO: MELISSA VARGAS - Expresso Metropolitano\" \/>\n<meta property=\"og:description\" content=\"Melissa Vargas impulsara\u0301 desde el Ayuntamiento el desarrollo de ma\u0301s y mejores empleos en la capital mexiquense, garantizando a los empresarios e inversionistas cero moches y tra\u0301mites a la primera, para asentarse en Toluca.\" \/>\n<meta property=\"og:url\" content=\"https:\/\/expressometro.mx\/index.php\/2024\/05\/02\/toluca-sera-la-capital-del-empleo-y-el-crecimiento-economico-melissa-vargas\/\" \/>\n<meta property=\"og:site_name\" content=\"Expresso Metropolitano\" \/>\n<meta property=\"article:published_time\" content=\"2024-05-02T05:58:13+00:00\" \/>\n<meta property=\"article:modified_time\" content=\"2024-05-06T06:05:12+00:00\" \/>\n<meta property=\"og:image\" content=\"http:\/\/expressometro.mx\/wp-content\/uploads\/2024\/05\/WhatsApp-Image-2024-05-04-at-12.01.02-PM.jpeg\" \/>\n\t<meta property=\"og:image:width\" content=\"1264\" \/>\n\t<meta property=\"og:image:height\" content=\"1012\" \/>\n\t<meta property=\"og:image:type\" content=\"image\/jpeg\" \/>\n<meta name=\"author\" content=\"Expresso Metropolitano\" \/>\n<meta name=\"twitter:label1\" content=\"Escrito por\" \/>\n\t<meta name=\"twitter:data1\" content=\"Expresso Metropolitano\" \/>\n\t<meta name=\"twitter:label2\" content=\"Tiempo de lectura\" \/>\n\t<meta name=\"twitter:data2\" content=\"2 minutos\" \/>\n<script type=\"application\/ld+json\" class=\"yoast-schema-graph\">{\"@context\":\"https:\\\/\\\/schema.org\",\"@graph\":[{\"@type\":\"Article\",\"@id\":\"https:\\\/\\\/expressometro.mx\\\/index.php\\\/2024\\\/05\\\/02\\\/toluca-sera-la-capital-del-empleo-y-el-crecimiento-economico-melissa-vargas\\\/#article\",\"isPartOf\":{\"@id\":\"https:\\\/\\\/expressometro.mx\\\/index.php\\\/2024\\\/05\\\/02\\\/toluca-sera-la-capital-del-empleo-y-el-crecimiento-economico-melissa-vargas\\\/\"},\"author\":{\"name\":\"Expresso Metropolitano\",\"@id\":\"https:\\\/\\\/expressometro.mx\\\/#\\\/schema\\\/person\\\/efa971b4a0664db8ed5c22b1b0dd2f5d\"},\"headline\":\"TOLUCA SERA\u0301 LA CAPITAL DEL EMPLEO Y EL CRECIMIENTO ECONO\u0301MICO: MELISSA VARGAS\",\"datePublished\":\"2024-05-02T05:58:13+00:00\",\"dateModified\":\"2024-05-06T06:05:12+00:00\",\"mainEntityOfPage\":{\"@id\":\"https:\\\/\\\/expressometro.mx\\\/index.php\\\/2024\\\/05\\\/02\\\/toluca-sera-la-capital-del-empleo-y-el-crecimiento-economico-melissa-vargas\\\/\"},\"wordCount\":315,\"commentCount\":0,\"publisher\":{\"@id\":\"https:\\\/\\\/expressometro.mx\\\/#organization\"},\"image\":{\"@id\":\"https:\\\/\\\/expressometro.mx\\\/index.php\\\/2024\\\/05\\\/02\\\/toluca-sera-la-capital-del-empleo-y-el-crecimiento-economico-melissa-vargas\\\/#primaryimage\"},\"thumbnailUrl\":\"https:\\\/\\\/expressometro.mx\\\/wp-content\\\/uploads\\\/2024\\\/05\\\/WhatsApp-Image-2024-05-04-at-12.01.02-PM.jpeg\",\"keywords\":[\"Edomex\",\"Melissa Vargas\",\"PRI\",\"toluca\"],\"articleSection\":[\"Gobierno\",\"Otros\",\"Pol\u00edtica\"],\"inLanguage\":\"es\",\"potentialAction\":[{\"@type\":\"CommentAction\",\"name\":\"Comment\",\"target\":[\"https:\\\/\\\/expressometro.mx\\\/index.php\\\/2024\\\/05\\\/02\\\/toluca-sera-la-capital-del-empleo-y-el-crecimiento-economico-melissa-vargas\\\/#respond\"]}]},{\"@type\":\"WebPage\",\"@id\":\"https:\\\/\\\/expressometro.mx\\\/index.php\\\/2024\\\/05\\\/02\\\/toluca-sera-la-capital-del-empleo-y-el-crecimiento-economico-melissa-vargas\\\/\",\"url\":\"https:\\\/\\\/expressometro.mx\\\/index.php\\\/2024\\\/05\\\/02\\\/toluca-sera-la-capital-del-empleo-y-el-crecimiento-economico-melissa-vargas\\\/\",\"name\":\"TOLUCA SERA\u0301 LA CAPITAL DEL EMPLEO Y EL CRECIMIENTO ECONO\u0301MICO: MELISSA VARGAS - Expresso Metropolitano\",\"isPartOf\":{\"@id\":\"https:\\\/\\\/expressometro.mx\\\/#website\"},\"primaryImageOfPage\":{\"@id\":\"https:\\\/\\\/expressometro.mx\\\/index.php\\\/2024\\\/05\\\/02\\\/toluca-sera-la-capital-del-empleo-y-el-crecimiento-economico-melissa-vargas\\\/#primaryimage\"},\"image\":{\"@id\":\"https:\\\/\\\/expressometro.mx\\\/index.php\\\/2024\\\/05\\\/02\\\/toluca-sera-la-capital-del-empleo-y-el-crecimiento-economico-melissa-vargas\\\/#primaryimage\"},\"thumbnailUrl\":\"https:\\\/\\\/expressometro.mx\\\/wp-content\\\/uploads\\\/2024\\\/05\\\/WhatsApp-Image-2024-05-04-at-12.01.02-PM.jpeg\",\"datePublished\":\"2024-05-02T05:58:13+00:00\",\"dateModified\":\"2024-05-06T06:05:12+00:00\",\"breadcrumb\":{\"@id\":\"https:\\\/\\\/expressometro.mx\\\/index.php\\\/2024\\\/05\\\/02\\\/toluca-sera-la-capital-del-empleo-y-el-crecimiento-economico-melissa-vargas\\\/#breadcrumb\"},\"inLanguage\":\"es\",\"potentialAction\":[{\"@type\":\"ReadAction\",\"target\":[\"https:\\\/\\\/expressometro.mx\\\/index.php\\\/2024\\\/05\\\/02\\\/toluca-sera-la-capital-del-empleo-y-el-crecimiento-economico-melissa-vargas\\\/\"]}]},{\"@type\":\"ImageObject\",\"inLanguage\":\"es\",\"@id\":\"https:\\\/\\\/expressometro.mx\\\/index.php\\\/2024\\\/05\\\/02\\\/toluca-sera-la-capital-del-empleo-y-el-crecimiento-economico-melissa-vargas\\\/#primaryimage\",\"url\":\"https:\\\/\\\/expressometro.mx\\\/wp-content\\\/uploads\\\/2024\\\/05\\\/WhatsApp-Image-2024-05-04-at-12.01.02-PM.jpeg\",\"contentUrl\":\"https:\\\/\\\/expressometro.mx\\\/wp-content\\\/uploads\\\/2024\\\/05\\\/WhatsApp-Image-2024-05-04-at-12.01.02-PM.jpeg\",\"width\":1264,\"height\":1012},{\"@type\":\"BreadcrumbList\",\"@id\":\"https:\\\/\\\/expressometro.mx\\\/index.php\\\/2024\\\/05\\\/02\\\/toluca-sera-la-capital-del-empleo-y-el-crecimiento-economico-melissa-vargas\\\/#breadcrumb\",\"itemListElement\":[{\"@type\":\"ListItem\",\"position\":1,\"name\":\"Inicio\",\"item\":\"https:\\\/\\\/expressometro.mx\\\/\"},{\"@type\":\"ListItem\",\"position\":2,\"name\":\"TOLUCA SERA\u0301 LA CAPITAL DEL EMPLEO Y EL CRECIMIENTO ECONO\u0301MICO: MELISSA VARGAS\"}]},{\"@type\":\"WebSite\",\"@id\":\"https:\\\/\\\/expressometro.mx\\\/#website\",\"url\":\"https:\\\/\\\/expressometro.mx\\\/\",\"name\":\"Expresso Metropolitano\",\"description\":\"Periodismo comprometido, informaci\u00f3n, investigaci\u00f3n y an\u00e1lisis\",\"publisher\":{\"@id\":\"https:\\\/\\\/expressometro.mx\\\/#organization\"},\"potentialAction\":[{\"@type\":\"SearchAction\",\"target\":{\"@type\":\"EntryPoint\",\"urlTemplate\":\"https:\\\/\\\/expressometro.mx\\\/?s={search_term_string}\"},\"query-input\":{\"@type\":\"PropertyValueSpecification\",\"valueRequired\":true,\"valueName\":\"search_term_string\"}}],\"inLanguage\":\"es\"},{\"@type\":\"Organization\",\"@id\":\"https:\\\/\\\/expressometro.mx\\\/#organization\",\"name\":\"Expresso Metropolitano\",\"url\":\"https:\\\/\\\/expressometro.mx\\\/\",\"logo\":{\"@type\":\"ImageObject\",\"inLanguage\":\"es\",\"@id\":\"https:\\\/\\\/expressometro.mx\\\/#\\\/schema\\\/logo\\\/image\\\/\",\"url\":\"https:\\\/\\\/expressometro.mx\\\/wp-content\\\/uploads\\\/2019\\\/07\\\/cropped-Logo-Expresso-Metropolitano-1-1.jpeg\",\"contentUrl\":\"https:\\\/\\\/expressometro.mx\\\/wp-content\\\/uploads\\\/2019\\\/07\\\/cropped-Logo-Expresso-Metropolitano-1-1.jpeg\",\"width\":290,\"height\":73,\"caption\":\"Expresso Metropolitano\"},\"image\":{\"@id\":\"https:\\\/\\\/expressometro.mx\\\/#\\\/schema\\\/logo\\\/image\\\/\"}},{\"@type\":\"Person\",\"@id\":\"https:\\\/\\\/expressometro.mx\\\/#\\\/schema\\\/person\\\/efa971b4a0664db8ed5c22b1b0dd2f5d\",\"name\":\"Expresso Metropolitano\",\"image\":{\"@type\":\"ImageObject\",\"inLanguage\":\"es\",\"@id\":\"https:\\\/\\\/secure.gravatar.com\\\/avatar\\\/a89f802b8de18c6952f223c88d3d106e9e3679839f4e25a02f4a6cc2ae6ba3b3?s=96&d=mm&r=g\",\"url\":\"https:\\\/\\\/secure.gravatar.com\\\/avatar\\\/a89f802b8de18c6952f223c88d3d106e9e3679839f4e25a02f4a6cc2ae6ba3b3?s=96&d=mm&r=g\",\"contentUrl\":\"https:\\\/\\\/secure.gravatar.com\\\/avatar\\\/a89f802b8de18c6952f223c88d3d106e9e3679839f4e25a02f4a6cc2ae6ba3b3?s=96&d=mm&r=g\",\"caption\":\"Expresso Metropolitano\"},\"url\":\"https:\\\/\\\/expressometro.mx\\\/index.php\\\/author\\\/diego\\\/\"}]}<\/script>\n<!-- \/ Yoast SEO plugin. -->","yoast_head_json":{"title":"TOLUCA SERA\u0301 LA CAPITAL DEL EMPLEO Y EL CRECIMIENTO ECONO\u0301MICO: MELISSA VARGAS - Expresso Metropolitano","robots":{"index":"index","follow":"follow","max-snippet":"max-snippet:-1","max-image-preview":"max-image-preview:large","max-video-preview":"max-video-preview:-1"},"canonical":"https:\/\/expressometro.mx\/index.php\/2024\/05\/02\/toluca-sera-la-capital-del-empleo-y-el-crecimiento-economico-melissa-vargas\/","og_locale":"es_MX","og_type":"article","og_title":"TOLUCA SERA\u0301 LA CAPITAL DEL EMPLEO Y EL CRECIMIENTO ECONO\u0301MICO: MELISSA VARGAS - Expresso Metropolitano","og_description":"Melissa Vargas impulsara\u0301 desde el Ayuntamiento el desarrollo de ma\u0301s y mejores empleos en la capital mexiquense, garantizando a los empresarios e inversionistas cero moches y tra\u0301mites a la primera, para asentarse en Toluca.","og_url":"https:\/\/expressometro.mx\/index.php\/2024\/05\/02\/toluca-sera-la-capital-del-empleo-y-el-crecimiento-economico-melissa-vargas\/","og_site_name":"Expresso Metropolitano","article_published_time":"2024-05-02T05:58:13+00:00","article_modified_time":"2024-05-06T06:05:12+00:00","og_image":[{"width":1264,"height":1012,"url":"http:\/\/expressometro.mx\/wp-content\/uploads\/2024\/05\/WhatsApp-Image-2024-05-04-at-12.01.02-PM.jpeg","type":"image\/jpeg"}],"author":"Expresso Metropolitano","twitter_misc":{"Escrito por":"Expresso Metropolitano","Tiempo de lectura":"2 minutos"},"schema":{"@context":"https:\/\/schema.org","@graph":[{"@type":"Article","@id":"https:\/\/expressometro.mx\/index.php\/2024\/05\/02\/toluca-sera-la-capital-del-empleo-y-el-crecimiento-economico-melissa-vargas\/#article","isPartOf":{"@id":"https:\/\/expressometro.mx\/index.php\/2024\/05\/02\/toluca-sera-la-capital-del-empleo-y-el-crecimiento-economico-melissa-vargas\/"},"author":{"name":"Expresso Metropolitano","@id":"https:\/\/expressometro.mx\/#\/schema\/person\/efa971b4a0664db8ed5c22b1b0dd2f5d"},"headline":"TOLUCA SERA\u0301 LA CAPITAL DEL EMPLEO Y EL CRECIMIENTO ECONO\u0301MICO: MELISSA VARGAS","datePublished":"2024-05-02T05:58:13+00:00","dateModified":"2024-05-06T06:05:12+00:00","mainEntityOfPage":{"@id":"https:\/\/expressometro.mx\/index.php\/2024\/05\/02\/toluca-sera-la-capital-del-empleo-y-el-crecimiento-economico-melissa-vargas\/"},"wordCount":315,"commentCount":0,"publisher":{"@id":"https:\/\/expressometro.mx\/#organization"},"image":{"@id":"https:\/\/expressometro.mx\/index.php\/2024\/05\/02\/toluca-sera-la-capital-del-empleo-y-el-crecimiento-economico-melissa-vargas\/#primaryimage"},"thumbnailUrl":"https:\/\/expressometro.mx\/wp-content\/uploads\/2024\/05\/WhatsApp-Image-2024-05-04-at-12.01.02-PM.jpeg","keywords":["Edomex","Melissa Vargas","PRI","toluca"],"articleSection":["Gobierno","Otros","Pol\u00edtica"],"inLanguage":"es","potentialAction":[{"@type":"CommentAction","name":"Comment","target":["https:\/\/expressometro.mx\/index.php\/2024\/05\/02\/toluca-sera-la-capital-del-empleo-y-el-crecimiento-economico-melissa-vargas\/#respond"]}]},{"@type":"WebPage","@id":"https:\/\/expressometro.mx\/index.php\/2024\/05\/02\/toluca-sera-la-capital-del-empleo-y-el-crecimiento-economico-melissa-vargas\/","url":"https:\/\/expressometro.mx\/index.php\/2024\/05\/02\/toluca-sera-la-capital-del-empleo-y-el-crecimiento-economico-melissa-vargas\/","name":"TOLUCA SERA\u0301 LA CAPITAL DEL EMPLEO Y EL CRECIMIENTO ECONO\u0301MICO: MELISSA VARGAS - Expresso Metropolitano","isPartOf":{"@id":"https:\/\/expressometro.mx\/#website"},"primaryImageOfPage":{"@id":"https:\/\/expressometro.mx\/index.php\/2024\/05\/02\/toluca-sera-la-capital-del-empleo-y-el-crecimiento-economico-melissa-vargas\/#primaryimage"},"image":{"@id":"https:\/\/expressometro.mx\/index.php\/2024\/05\/02\/toluca-sera-la-capital-del-empleo-y-el-crecimiento-economico-melissa-vargas\/#primaryimage"},"thumbnailUrl":"https:\/\/expressometro.mx\/wp-content\/uploads\/2024\/05\/WhatsApp-Image-2024-05-04-at-12.01.02-PM.jpeg","datePublished":"2024-05-02T05:58:13+00:00","dateModified":"2024-05-06T06:05:12+00:00","breadcrumb":{"@id":"https:\/\/expressometro.mx\/index.php\/2024\/05\/02\/toluca-sera-la-capital-del-empleo-y-el-crecimiento-economico-melissa-vargas\/#breadcrumb"},"inLanguage":"es","potentialAction":[{"@type":"ReadAction","target":["https:\/\/expressometro.mx\/index.php\/2024\/05\/02\/toluca-sera-la-capital-del-empleo-y-el-crecimiento-economico-melissa-vargas\/"]}]},{"@type":"ImageObject","inLanguage":"es","@id":"https:\/\/expressometro.mx\/index.php\/2024\/05\/02\/toluca-sera-la-capital-del-empleo-y-el-crecimiento-economico-melissa-vargas\/#primaryimage","url":"https:\/\/expressometro.mx\/wp-content\/uploads\/2024\/05\/WhatsApp-Image-2024-05-04-at-12.01.02-PM.jpeg","contentUrl":"https:\/\/expressometro.mx\/wp-content\/uploads\/2024\/05\/WhatsApp-Image-2024-05-04-at-12.01.02-PM.jpeg","width":1264,"height":1012},{"@type":"BreadcrumbList","@id":"https:\/\/expressometro.mx\/index.php\/2024\/05\/02\/toluca-sera-la-capital-del-empleo-y-el-crecimiento-economico-melissa-vargas\/#breadcrumb","itemListElement":[{"@type":"ListItem","position":1,"name":"Inicio","item":"https:\/\/expressometro.mx\/"},{"@type":"ListItem","position":2,"name":"TOLUCA SERA\u0301 LA CAPITAL DEL EMPLEO Y EL CRECIMIENTO ECONO\u0301MICO: MELISSA VARGAS"}]},{"@type":"WebSite","@id":"https:\/\/expressometro.mx\/#website","url":"https:\/\/expressometro.mx\/","name":"Expresso Metropolitano","description":"Periodismo comprometido, informaci\u00f3n, investigaci\u00f3n y an\u00e1lisis","publisher":{"@id":"https:\/\/expressometro.mx\/#organization"},"potentialAction":[{"@type":"SearchAction","target":{"@type":"EntryPoint","urlTemplate":"https:\/\/expressometro.mx\/?s={search_term_string}"},"query-input":{"@type":"PropertyValueSpecification","valueRequired":true,"valueName":"search_term_string"}}],"inLanguage":"es"},{"@type":"Organization","@id":"https:\/\/expressometro.mx\/#organization","name":"Expresso Metropolitano","url":"https:\/\/expressometro.mx\/","logo":{"@type":"ImageObject","inLanguage":"es","@id":"https:\/\/expressometro.mx\/#\/schema\/logo\/image\/","url":"https:\/\/expressometro.mx\/wp-content\/uploads\/2019\/07\/cropped-Logo-Expresso-Metropolitano-1-1.jpeg","contentUrl":"https:\/\/expressometro.mx\/wp-content\/uploads\/2019\/07\/cropped-Logo-Expresso-Metropolitano-1-1.jpeg","width":290,"height":73,"caption":"Expresso Metropolitano"},"image":{"@id":"https:\/\/expressometro.mx\/#\/schema\/logo\/image\/"}},{"@type":"Person","@id":"https:\/\/expressometro.mx\/#\/schema\/person\/efa971b4a0664db8ed5c22b1b0dd2f5d","name":"Expresso Metropolitano","image":{"@type":"ImageObject","inLanguage":"es","@id":"https:\/\/secure.gravatar.com\/avatar\/a89f802b8de18c6952f223c88d3d106e9e3679839f4e25a02f4a6cc2ae6ba3b3?s=96&d=mm&r=g","url":"https:\/\/secure.gravatar.com\/avatar\/a89f802b8de18c6952f223c88d3d106e9e3679839f4e25a02f4a6cc2ae6ba3b3?s=96&d=mm&r=g","contentUrl":"https:\/\/secure.gravatar.com\/avatar\/a89f802b8de18c6952f223c88d3d106e9e3679839f4e25a02f4a6cc2ae6ba3b3?s=96&d=mm&r=g","caption":"Expresso Metropolitano"},"url":"https:\/\/expressometro.mx\/index.php\/author\/diego\/"}]}},"amp_enabled":true,"_links":{"self":[{"href":"https:\/\/expressometro.mx\/index.php\/wp-json\/wp\/v2\/posts\/9119","targetHints":{"allow":["GET"]}}],"collection":[{"href":"https:\/\/expressometro.mx\/index.php\/wp-json\/wp\/v2\/posts"}],"about":[{"href":"https:\/\/expressometro.mx\/index.php\/wp-json\/wp\/v2\/types\/post"}],"author":[{"embeddable":true,"href":"https:\/\/expressometro.mx\/index.php\/wp-json\/wp\/v2\/users\/1"}],"replies":[{"embeddable":true,"href":"https:\/\/expressometro.mx\/index.php\/wp-json\/wp\/v2\/comments?post=9119"}],"version-history":[{"count":1,"href":"https:\/\/expressometro.mx\/index.php\/wp-json\/wp\/v2\/posts\/9119\/revisions"}],"predecessor-version":[{"id":9122,"href":"https:\/\/expressometro.mx\/index.php\/wp-json\/wp\/v2\/posts\/9119\/revisions\/9122"}],"wp:featuredmedia":[{"embeddable":true,"href":"https:\/\/expressometro.mx\/index.php\/wp-json\/wp\/v2\/media\/9121"}],"wp:attachment":[{"href":"https:\/\/expressometro.mx\/index.php\/wp-json\/wp\/v2\/media?parent=9119"}],"wp:term":[{"taxonomy":"category","embeddable":true,"href":"https:\/\/expressometro.mx\/index.php\/wp-json\/wp\/v2\/categories?post=9119"},{"taxonomy":"post_tag","embeddable":true,"href":"https:\/\/expressometro.mx\/index.php\/wp-json\/wp\/v2\/tags?post=9119"}],"curies":[{"name":"wp","href":"https:\/\/api.w.org\/{rel}","templated":true}]}}