{"id":903,"date":"2019-10-10T21:58:28","date_gmt":"2019-10-11T02:58:28","guid":{"rendered":"http:\/\/expressometro.mx\/?p=903"},"modified":"2019-10-14T22:01:36","modified_gmt":"2019-10-15T03:01:36","slug":"cuentas-publicas-de-issemym-uaemex-e-isem-seran-evaluadas-a-detalle-por-la-comision-de-vigilancia-del-osfem","status":"publish","type":"post","link":"https:\/\/expressometro.mx\/index.php\/2019\/10\/10\/cuentas-publicas-de-issemym-uaemex-e-isem-seran-evaluadas-a-detalle-por-la-comision-de-vigilancia-del-osfem\/","title":{"rendered":"CUENTAS P\u00daBLICAS DE ISSEMYM, UAEMEX E ISEM SER\u00c1N EVALUADAS A DETALLE POR LA COMISI\u00d3N DE VIGILANCIA DEL OSFEM"},"content":{"rendered":"\n<p>Trece programas sociales, entre ellos el de Salario Rosa, e instituciones como el Issemym, ISEM y la UAEMex ser\u00e1n revisados con especial atenci\u00f3n por la Comisi\u00f3n de Vigilancia del OSFEM en el Informe de Resultados de la Revisi\u00f3n y Fiscalizaci\u00f3n Superior de las Cuentas P\u00fablicas del Estado de M\u00e9xico y Municipios 2018, elaborado por el \u00d3rgano Superior de Fiscalizaci\u00f3n del Estado de M\u00e9xico (OSFEM).<\/p>\n\n\n\n<p>En la presentaci\u00f3n del informe por parte del encargado de despacho de este \u00f3rgano, Rogelio Padr\u00f3n de Le\u00f3n, el presidente de la Comisi\u00f3n de Vigilancia del OSFEM de la 60 Legislatura mexiquense, diputado Tanech S\u00e1nchez \u00c1ngeles (morena), agreg\u00f3 que tambi\u00e9n se analizar\u00e1 a detalle lo relacionado con lo que involucre fondos federales, para saber si el \u00d3rgano Superior tuvo participaci\u00f3n en la revisi\u00f3n de esos recursos.<\/p>\n\n\n\n<p>El legislador explic\u00f3 que con las modificaciones impulsadas por el Congreso local, ahora la Legislatura tambi\u00e9n tiene la facultad de calificar las cuentas p\u00fablicas, por lo que no solo se limitar\u00e1 a la revisi\u00f3n, lo cual permitir\u00e1 comparar los resultados de la fiscalizaci\u00f3n para transparentar el uso y destino de los recursos p\u00fablicos de los mexiquenses.<\/p>\n\n\n\n<p>Tras conocer el \u00edndice de cumplimiento financiero de la UAEMex (calificado como \u2018suficiente\u2019 por el OSFEM, con 57.89 puntos de 100) los diputados Adri\u00e1n Manuel Galicia Salceda (morena) y Francisco Rodolfo Solorza Luna (PT) coincidieron con Tanech S\u00e1nchez y manifestaron su preocupaci\u00f3n por la situaci\u00f3n financiera de la universidad, a la cual se le destinaron mil 163 millones de pesos m\u00e1s de lo planteado para 2019 por el Poder Ejecutivo, para contar en total con 5 mil 693 millones de pesos.<\/p>\n\n\n\n<p>El diputado Adri\u00e1n Galicia lament\u00f3 que el cumplimiento de la instituci\u00f3n est\u00e9 a punto de ser calificado como \u2018cr\u00edtico\u2019, ya que se trata de la m\u00e1xima casa de estudios de la entidad, dirigida por el rector Alfredo Barrera Baca, cuya misi\u00f3n es ense\u00f1ar sobre el manejo de finanzas y no lo aplica en s\u00ed misma; en tanto que el legislador Francisco Solorza critic\u00f3 que la UAEMex siga sin aportar al Issemym las cuotas retenidas a los trabajadores, pese a que la Legislatura destin\u00f3 recursos adicionales espec\u00edficamente para ello por 379 millones 440 mil 565 pesos.<\/p>\n\n\n\n<p>En este sentido, y a nombre del PAN, el legislador Edgar Armando Olvera Higuera coincidi\u00f3 con los diputados de morena y del PT al se\u00f1alar que valdr\u00eda la pena auditar a los entes que recaudan impuestos por s\u00ed solos, y propuso que se valore hacer cruces cualitativos y cuantitativos para generar auditor\u00edas integrales y hacer m\u00e1s eficiente el an\u00e1lisis del gasto.<\/p>\n\n\n\n<p>Los legisladores de morena Azucena Cisneros Coss y Gerardo Ulloa P\u00e9rez puntualizaron que ser\u00e1 importante que el OSFEM informe sobre la coordinaci\u00f3n que hay con la Auditor\u00eda Superior de la Federaci\u00f3n respecto a la vigilancia del presupuesto federal en la entidad y si contar\u00e1n con informaci\u00f3n al respecto antes de dictaminar los informes de las cuentas p\u00fablicas, lo que deber\u00e1 ocurrir el 5 de diciembre de este a\u00f1o.<\/p>\n\n\n\n<p>Azucena Cisneros solicit\u00f3 a Rogelio Padr\u00f3n facilitar a la Comisi\u00f3n un resumen de los hallazgos y observaciones de los asuntos de mayor relevancia y que se acelere la incorporaci\u00f3n de la Unidad T\u00e9cnica de Evaluaci\u00f3n y Control del OSFEM para coadyuvar con los trabajos de revisi\u00f3n y an\u00e1lisis.<\/p>\n\n\n\n<p>En nombre del Grupo Parlamentario del PRI, los diputados Miguel S\u00e1mano Peralta e Iveth Bernal Casique destacaron el inicio del an\u00e1lisis del informe para contar con mayores elementos para la calificaci\u00f3n de las cuentas p\u00fablicas que permita la evaluaci\u00f3n de la gesti\u00f3n financiera en la entidad.<\/p>\n\n\n\n<p>Durante su exposici\u00f3n, Rogelio Padr\u00f3n indic\u00f3 que el informe se compone de 81 libros con la informaci\u00f3n de 97 entidades fiscalizables, las cuales fueron evaluadas a trav\u00e9s de una semaforizaci\u00f3n de \u00edndices de evaluaci\u00f3n, y que se detectaron 661 hallazgos por 69 mil 473 millones 845 mil pesos, 91 observaciones por mil 774 millones 259 mil pesos, y mil 84 recomendaciones.<\/p>\n\n\n\n<p>Agreg\u00f3 que est\u00e1n en proceso auditor\u00edas financieras especiales al ISEM, Issemym y UAEMex, y que del Ejercicio de 2018 la entidad tuvo un super\u00e1vit en sus egresos por 6 mil 282 millones 847 mil pesos; en tanto que la deuda p\u00fablica cerr\u00f3 en 38 mil 892 millones 872 mil pesos, lo cual represent\u00f3 un incremento de 1.9% respecto al cierre de 2017, cuando fue de 38 mil 277 millones 66 mil pesos.<\/p>\n\n\n\n<p>Detall\u00f3 que en el \u00edndice de cumplimiento financiero de los poderes, el Ejecutivo y el Legislativo obtuvieron 100, en tanto que el Judicial tuvo 91.67, mientras que los organismos auxiliares peor evaluados fueron el Colegio de Estudios Cient\u00edficos y Tecnol\u00f3gicos del Estado de M\u00e9xico, con 73.68, y la Comisi\u00f3n para el Desarrollo Tur\u00edstico del Valle de Teotihuac\u00e1n, con 40.54; y de los organismos aut\u00f3nomos, la UAEMex tuvo la m\u00e1s baja calificaci\u00f3n, con 57.89.<\/p>\n\n\n\n<p>Entre los puntos que no cumpli\u00f3 la Universidad, abund\u00f3 Rogelio Padr\u00f3n, se cuentan las ampliaciones y disminuciones presupuestales, conciliaciones de bienes muebles e inmuebles, cuotas al Issemym, recurso presupuestal de adeudos al cierre del ejercicio y saldo de la cuenta por cobrar en la cartera de adeudos al cierre del ejercicio.<\/p>\n\n\n\n<p>En el concepto de Auditor\u00eda Financiera, el ISEM obtuvo una calificaci\u00f3n de 62.7, mientras que en el de Obra P\u00fablica, Acciones y Servicios Relacionados con Organismos Auxiliares los peor calificados fueron el Instituto Mexiquense de la Vivienda Social y el Instituto de la Infraestructura F\u00edsica Educativa, con evaluaciones \u2018bajas\u2019.<\/p>\n\n\n\n<p>Tambi\u00e9n se evaluaron los \u00edndices de desempe\u00f1o de los indicadores de los 97 programas presupuestarios, de los cuales 84 fueron evaluados como \u2018Muy bueno\u2019, 10 con \u2018Regular\u2019, uno con \u2018P\u00e9simo\u2019, uno con \u2018Cr\u00edtico\u2019 y otro no aplic\u00f3 .<\/p>\n\n\n\n<p>En la reuni\u00f3n de trabajo se plante\u00f3 la posibilidad de sesionar una o dos veces a la semana para avanzar en el an\u00e1lisis del informe realizado por el OSFEM, situaci\u00f3n que se definir\u00e1 con una consulta a la Junta de Coordinaci\u00f3n Pol\u00edtica, en tanto los legisladores se comprometieron a trabajar en el an\u00e1lisis del informe para cuestionar a Rogelio Padr\u00f3n sobre m\u00e1s detalles al respecto.<\/p>\n","protected":false},"excerpt":{"rendered":"<p>Trece programas sociales, entre ellos el de Salario Rosa, e instituciones como el Issemym, ISEM y la UAEMex ser\u00e1n revisados con especial atenci\u00f3n por la Comisi\u00f3n de Vigilancia del OSFEM en el Informe de Resultados de la Revisi\u00f3n y Fiscalizaci\u00f3n Superior de las Cuentas P\u00fablicas del Estado de M\u00e9xico y Municipios 2018, elaborado por el \u00d3rgano Superior de Fiscalizaci\u00f3n del Estado de M\u00e9xico (OSFEM). En la presentaci\u00f3n del informe por parte del encargado de despacho de este \u00f3rgano, Rogelio Padr\u00f3n de Le\u00f3n, el presidente de la Comisi\u00f3n de Vigilancia del&hellip;<\/p>\n","protected":false},"author":1,"featured_media":904,"comment_status":"open","ping_status":"open","sticky":false,"template":"","format":"standard","meta":{"footnotes":""},"categories":[1],"tags":[],"class_list":["post-903","post","type-post","status-publish","format-standard","has-post-thumbnail","hentry","category-otros"],"yoast_head":"<!-- This site is optimized with the Yoast SEO plugin v27.5 - https:\/\/yoast.com\/product\/yoast-seo-wordpress\/ -->\n<title>CUENTAS P\u00daBLICAS DE ISSEMYM, UAEMEX E ISEM SER\u00c1N EVALUADAS A DETALLE POR LA COMISI\u00d3N DE VIGILANCIA DEL OSFEM - Expresso Metropolitano<\/title>\n<meta name=\"robots\" content=\"index, follow, max-snippet:-1, max-image-preview:large, max-video-preview:-1\" \/>\n<link rel=\"canonical\" href=\"https:\/\/expressometro.mx\/index.php\/2019\/10\/10\/cuentas-publicas-de-issemym-uaemex-e-isem-seran-evaluadas-a-detalle-por-la-comision-de-vigilancia-del-osfem\/\" \/>\n<meta property=\"og:locale\" content=\"es_MX\" \/>\n<meta property=\"og:type\" content=\"article\" \/>\n<meta property=\"og:title\" content=\"CUENTAS P\u00daBLICAS DE ISSEMYM, UAEMEX E ISEM SER\u00c1N EVALUADAS A DETALLE POR LA COMISI\u00d3N DE VIGILANCIA DEL OSFEM - Expresso Metropolitano\" \/>\n<meta property=\"og:description\" content=\"Trece programas sociales, entre ellos el de Salario Rosa, e instituciones como el Issemym, ISEM y la UAEMex ser\u00e1n revisados con especial atenci\u00f3n por la Comisi\u00f3n de Vigilancia del OSFEM en el Informe de Resultados de la Revisi\u00f3n y Fiscalizaci\u00f3n Superior de las Cuentas P\u00fablicas del Estado de M\u00e9xico y Municipios 2018, elaborado por el \u00d3rgano Superior de Fiscalizaci\u00f3n del Estado de M\u00e9xico (OSFEM). En la presentaci\u00f3n del informe por parte del encargado de despacho de este \u00f3rgano, Rogelio Padr\u00f3n de Le\u00f3n, el presidente de la Comisi\u00f3n de Vigilancia del&hellip;\" \/>\n<meta property=\"og:url\" content=\"https:\/\/expressometro.mx\/index.php\/2019\/10\/10\/cuentas-publicas-de-issemym-uaemex-e-isem-seran-evaluadas-a-detalle-por-la-comision-de-vigilancia-del-osfem\/\" \/>\n<meta property=\"og:site_name\" content=\"Expresso Metropolitano\" \/>\n<meta property=\"article:published_time\" content=\"2019-10-11T02:58:28+00:00\" \/>\n<meta property=\"article:modified_time\" content=\"2019-10-15T03:01:36+00:00\" \/>\n<meta property=\"og:image\" content=\"https:\/\/expressometro.mx\/wp-content\/uploads\/2019\/10\/1288a-1.jpg\" \/>\n\t<meta property=\"og:image:width\" content=\"200\" \/>\n\t<meta property=\"og:image:height\" content=\"133\" \/>\n\t<meta property=\"og:image:type\" content=\"image\/jpeg\" \/>\n<meta name=\"author\" content=\"Expresso Metropolitano\" \/>\n<meta name=\"twitter:label1\" content=\"Escrito por\" \/>\n\t<meta name=\"twitter:data1\" content=\"Expresso Metropolitano\" \/>\n\t<meta name=\"twitter:label2\" content=\"Tiempo de lectura\" \/>\n\t<meta name=\"twitter:data2\" content=\"5 minutos\" \/>\n<script type=\"application\/ld+json\" class=\"yoast-schema-graph\">{\"@context\":\"https:\\\/\\\/schema.org\",\"@graph\":[{\"@type\":\"Article\",\"@id\":\"https:\\\/\\\/expressometro.mx\\\/index.php\\\/2019\\\/10\\\/10\\\/cuentas-publicas-de-issemym-uaemex-e-isem-seran-evaluadas-a-detalle-por-la-comision-de-vigilancia-del-osfem\\\/#article\",\"isPartOf\":{\"@id\":\"https:\\\/\\\/expressometro.mx\\\/index.php\\\/2019\\\/10\\\/10\\\/cuentas-publicas-de-issemym-uaemex-e-isem-seran-evaluadas-a-detalle-por-la-comision-de-vigilancia-del-osfem\\\/\"},\"author\":{\"name\":\"Expresso Metropolitano\",\"@id\":\"https:\\\/\\\/expressometro.mx\\\/#\\\/schema\\\/person\\\/efa971b4a0664db8ed5c22b1b0dd2f5d\"},\"headline\":\"CUENTAS P\u00daBLICAS DE ISSEMYM, UAEMEX E ISEM SER\u00c1N EVALUADAS A DETALLE POR LA COMISI\u00d3N DE VIGILANCIA DEL OSFEM\",\"datePublished\":\"2019-10-11T02:58:28+00:00\",\"dateModified\":\"2019-10-15T03:01:36+00:00\",\"mainEntityOfPage\":{\"@id\":\"https:\\\/\\\/expressometro.mx\\\/index.php\\\/2019\\\/10\\\/10\\\/cuentas-publicas-de-issemym-uaemex-e-isem-seran-evaluadas-a-detalle-por-la-comision-de-vigilancia-del-osfem\\\/\"},\"wordCount\":1067,\"commentCount\":0,\"publisher\":{\"@id\":\"https:\\\/\\\/expressometro.mx\\\/#organization\"},\"image\":{\"@id\":\"https:\\\/\\\/expressometro.mx\\\/index.php\\\/2019\\\/10\\\/10\\\/cuentas-publicas-de-issemym-uaemex-e-isem-seran-evaluadas-a-detalle-por-la-comision-de-vigilancia-del-osfem\\\/#primaryimage\"},\"thumbnailUrl\":\"https:\\\/\\\/expressometro.mx\\\/wp-content\\\/uploads\\\/2019\\\/10\\\/1288a-1.jpg\",\"articleSection\":[\"Otros\"],\"inLanguage\":\"es\",\"potentialAction\":[{\"@type\":\"CommentAction\",\"name\":\"Comment\",\"target\":[\"https:\\\/\\\/expressometro.mx\\\/index.php\\\/2019\\\/10\\\/10\\\/cuentas-publicas-de-issemym-uaemex-e-isem-seran-evaluadas-a-detalle-por-la-comision-de-vigilancia-del-osfem\\\/#respond\"]}]},{\"@type\":\"WebPage\",\"@id\":\"https:\\\/\\\/expressometro.mx\\\/index.php\\\/2019\\\/10\\\/10\\\/cuentas-publicas-de-issemym-uaemex-e-isem-seran-evaluadas-a-detalle-por-la-comision-de-vigilancia-del-osfem\\\/\",\"url\":\"https:\\\/\\\/expressometro.mx\\\/index.php\\\/2019\\\/10\\\/10\\\/cuentas-publicas-de-issemym-uaemex-e-isem-seran-evaluadas-a-detalle-por-la-comision-de-vigilancia-del-osfem\\\/\",\"name\":\"CUENTAS P\u00daBLICAS DE ISSEMYM, UAEMEX E ISEM SER\u00c1N EVALUADAS A DETALLE POR LA COMISI\u00d3N DE VIGILANCIA DEL OSFEM - Expresso Metropolitano\",\"isPartOf\":{\"@id\":\"https:\\\/\\\/expressometro.mx\\\/#website\"},\"primaryImageOfPage\":{\"@id\":\"https:\\\/\\\/expressometro.mx\\\/index.php\\\/2019\\\/10\\\/10\\\/cuentas-publicas-de-issemym-uaemex-e-isem-seran-evaluadas-a-detalle-por-la-comision-de-vigilancia-del-osfem\\\/#primaryimage\"},\"image\":{\"@id\":\"https:\\\/\\\/expressometro.mx\\\/index.php\\\/2019\\\/10\\\/10\\\/cuentas-publicas-de-issemym-uaemex-e-isem-seran-evaluadas-a-detalle-por-la-comision-de-vigilancia-del-osfem\\\/#primaryimage\"},\"thumbnailUrl\":\"https:\\\/\\\/expressometro.mx\\\/wp-content\\\/uploads\\\/2019\\\/10\\\/1288a-1.jpg\",\"datePublished\":\"2019-10-11T02:58:28+00:00\",\"dateModified\":\"2019-10-15T03:01:36+00:00\",\"breadcrumb\":{\"@id\":\"https:\\\/\\\/expressometro.mx\\\/index.php\\\/2019\\\/10\\\/10\\\/cuentas-publicas-de-issemym-uaemex-e-isem-seran-evaluadas-a-detalle-por-la-comision-de-vigilancia-del-osfem\\\/#breadcrumb\"},\"inLanguage\":\"es\",\"potentialAction\":[{\"@type\":\"ReadAction\",\"target\":[\"https:\\\/\\\/expressometro.mx\\\/index.php\\\/2019\\\/10\\\/10\\\/cuentas-publicas-de-issemym-uaemex-e-isem-seran-evaluadas-a-detalle-por-la-comision-de-vigilancia-del-osfem\\\/\"]}]},{\"@type\":\"ImageObject\",\"inLanguage\":\"es\",\"@id\":\"https:\\\/\\\/expressometro.mx\\\/index.php\\\/2019\\\/10\\\/10\\\/cuentas-publicas-de-issemym-uaemex-e-isem-seran-evaluadas-a-detalle-por-la-comision-de-vigilancia-del-osfem\\\/#primaryimage\",\"url\":\"https:\\\/\\\/expressometro.mx\\\/wp-content\\\/uploads\\\/2019\\\/10\\\/1288a-1.jpg\",\"contentUrl\":\"https:\\\/\\\/expressometro.mx\\\/wp-content\\\/uploads\\\/2019\\\/10\\\/1288a-1.jpg\",\"width\":200,\"height\":133},{\"@type\":\"BreadcrumbList\",\"@id\":\"https:\\\/\\\/expressometro.mx\\\/index.php\\\/2019\\\/10\\\/10\\\/cuentas-publicas-de-issemym-uaemex-e-isem-seran-evaluadas-a-detalle-por-la-comision-de-vigilancia-del-osfem\\\/#breadcrumb\",\"itemListElement\":[{\"@type\":\"ListItem\",\"position\":1,\"name\":\"Inicio\",\"item\":\"https:\\\/\\\/expressometro.mx\\\/\"},{\"@type\":\"ListItem\",\"position\":2,\"name\":\"CUENTAS P\u00daBLICAS DE ISSEMYM, UAEMEX E ISEM SER\u00c1N EVALUADAS A DETALLE POR LA COMISI\u00d3N DE VIGILANCIA DEL OSFEM\"}]},{\"@type\":\"WebSite\",\"@id\":\"https:\\\/\\\/expressometro.mx\\\/#website\",\"url\":\"https:\\\/\\\/expressometro.mx\\\/\",\"name\":\"Expresso Metropolitano\",\"description\":\"Periodismo comprometido, informaci\u00f3n, investigaci\u00f3n y an\u00e1lisis\",\"publisher\":{\"@id\":\"https:\\\/\\\/expressometro.mx\\\/#organization\"},\"potentialAction\":[{\"@type\":\"SearchAction\",\"target\":{\"@type\":\"EntryPoint\",\"urlTemplate\":\"https:\\\/\\\/expressometro.mx\\\/?s={search_term_string}\"},\"query-input\":{\"@type\":\"PropertyValueSpecification\",\"valueRequired\":true,\"valueName\":\"search_term_string\"}}],\"inLanguage\":\"es\"},{\"@type\":\"Organization\",\"@id\":\"https:\\\/\\\/expressometro.mx\\\/#organization\",\"name\":\"Expresso Metropolitano\",\"url\":\"https:\\\/\\\/expressometro.mx\\\/\",\"logo\":{\"@type\":\"ImageObject\",\"inLanguage\":\"es\",\"@id\":\"https:\\\/\\\/expressometro.mx\\\/#\\\/schema\\\/logo\\\/image\\\/\",\"url\":\"https:\\\/\\\/expressometro.mx\\\/wp-content\\\/uploads\\\/2019\\\/07\\\/cropped-Logo-Expresso-Metropolitano-1-1.jpeg\",\"contentUrl\":\"https:\\\/\\\/expressometro.mx\\\/wp-content\\\/uploads\\\/2019\\\/07\\\/cropped-Logo-Expresso-Metropolitano-1-1.jpeg\",\"width\":290,\"height\":73,\"caption\":\"Expresso Metropolitano\"},\"image\":{\"@id\":\"https:\\\/\\\/expressometro.mx\\\/#\\\/schema\\\/logo\\\/image\\\/\"}},{\"@type\":\"Person\",\"@id\":\"https:\\\/\\\/expressometro.mx\\\/#\\\/schema\\\/person\\\/efa971b4a0664db8ed5c22b1b0dd2f5d\",\"name\":\"Expresso Metropolitano\",\"image\":{\"@type\":\"ImageObject\",\"inLanguage\":\"es\",\"@id\":\"https:\\\/\\\/secure.gravatar.com\\\/avatar\\\/a89f802b8de18c6952f223c88d3d106e9e3679839f4e25a02f4a6cc2ae6ba3b3?s=96&d=mm&r=g\",\"url\":\"https:\\\/\\\/secure.gravatar.com\\\/avatar\\\/a89f802b8de18c6952f223c88d3d106e9e3679839f4e25a02f4a6cc2ae6ba3b3?s=96&d=mm&r=g\",\"contentUrl\":\"https:\\\/\\\/secure.gravatar.com\\\/avatar\\\/a89f802b8de18c6952f223c88d3d106e9e3679839f4e25a02f4a6cc2ae6ba3b3?s=96&d=mm&r=g\",\"caption\":\"Expresso Metropolitano\"},\"url\":\"https:\\\/\\\/expressometro.mx\\\/index.php\\\/author\\\/diego\\\/\"}]}<\/script>\n<!-- \/ Yoast SEO plugin. -->","yoast_head_json":{"title":"CUENTAS P\u00daBLICAS DE ISSEMYM, UAEMEX E ISEM SER\u00c1N EVALUADAS A DETALLE POR LA COMISI\u00d3N DE VIGILANCIA DEL OSFEM - Expresso Metropolitano","robots":{"index":"index","follow":"follow","max-snippet":"max-snippet:-1","max-image-preview":"max-image-preview:large","max-video-preview":"max-video-preview:-1"},"canonical":"https:\/\/expressometro.mx\/index.php\/2019\/10\/10\/cuentas-publicas-de-issemym-uaemex-e-isem-seran-evaluadas-a-detalle-por-la-comision-de-vigilancia-del-osfem\/","og_locale":"es_MX","og_type":"article","og_title":"CUENTAS P\u00daBLICAS DE ISSEMYM, UAEMEX E ISEM SER\u00c1N EVALUADAS A DETALLE POR LA COMISI\u00d3N DE VIGILANCIA DEL OSFEM - Expresso Metropolitano","og_description":"Trece programas sociales, entre ellos el de Salario Rosa, e instituciones como el Issemym, ISEM y la UAEMex ser\u00e1n revisados con especial atenci\u00f3n por la Comisi\u00f3n de Vigilancia del OSFEM en el Informe de Resultados de la Revisi\u00f3n y Fiscalizaci\u00f3n Superior de las Cuentas P\u00fablicas del Estado de M\u00e9xico y Municipios 2018, elaborado por el \u00d3rgano Superior de Fiscalizaci\u00f3n del Estado de M\u00e9xico (OSFEM). En la presentaci\u00f3n del informe por parte del encargado de despacho de este \u00f3rgano, Rogelio Padr\u00f3n de Le\u00f3n, el presidente de la Comisi\u00f3n de Vigilancia del&hellip;","og_url":"https:\/\/expressometro.mx\/index.php\/2019\/10\/10\/cuentas-publicas-de-issemym-uaemex-e-isem-seran-evaluadas-a-detalle-por-la-comision-de-vigilancia-del-osfem\/","og_site_name":"Expresso Metropolitano","article_published_time":"2019-10-11T02:58:28+00:00","article_modified_time":"2019-10-15T03:01:36+00:00","og_image":[{"width":200,"height":133,"url":"https:\/\/expressometro.mx\/wp-content\/uploads\/2019\/10\/1288a-1.jpg","type":"image\/jpeg"}],"author":"Expresso Metropolitano","twitter_misc":{"Escrito por":"Expresso Metropolitano","Tiempo de lectura":"5 minutos"},"schema":{"@context":"https:\/\/schema.org","@graph":[{"@type":"Article","@id":"https:\/\/expressometro.mx\/index.php\/2019\/10\/10\/cuentas-publicas-de-issemym-uaemex-e-isem-seran-evaluadas-a-detalle-por-la-comision-de-vigilancia-del-osfem\/#article","isPartOf":{"@id":"https:\/\/expressometro.mx\/index.php\/2019\/10\/10\/cuentas-publicas-de-issemym-uaemex-e-isem-seran-evaluadas-a-detalle-por-la-comision-de-vigilancia-del-osfem\/"},"author":{"name":"Expresso Metropolitano","@id":"https:\/\/expressometro.mx\/#\/schema\/person\/efa971b4a0664db8ed5c22b1b0dd2f5d"},"headline":"CUENTAS P\u00daBLICAS DE ISSEMYM, UAEMEX E ISEM SER\u00c1N EVALUADAS A DETALLE POR LA COMISI\u00d3N DE VIGILANCIA DEL OSFEM","datePublished":"2019-10-11T02:58:28+00:00","dateModified":"2019-10-15T03:01:36+00:00","mainEntityOfPage":{"@id":"https:\/\/expressometro.mx\/index.php\/2019\/10\/10\/cuentas-publicas-de-issemym-uaemex-e-isem-seran-evaluadas-a-detalle-por-la-comision-de-vigilancia-del-osfem\/"},"wordCount":1067,"commentCount":0,"publisher":{"@id":"https:\/\/expressometro.mx\/#organization"},"image":{"@id":"https:\/\/expressometro.mx\/index.php\/2019\/10\/10\/cuentas-publicas-de-issemym-uaemex-e-isem-seran-evaluadas-a-detalle-por-la-comision-de-vigilancia-del-osfem\/#primaryimage"},"thumbnailUrl":"https:\/\/expressometro.mx\/wp-content\/uploads\/2019\/10\/1288a-1.jpg","articleSection":["Otros"],"inLanguage":"es","potentialAction":[{"@type":"CommentAction","name":"Comment","target":["https:\/\/expressometro.mx\/index.php\/2019\/10\/10\/cuentas-publicas-de-issemym-uaemex-e-isem-seran-evaluadas-a-detalle-por-la-comision-de-vigilancia-del-osfem\/#respond"]}]},{"@type":"WebPage","@id":"https:\/\/expressometro.mx\/index.php\/2019\/10\/10\/cuentas-publicas-de-issemym-uaemex-e-isem-seran-evaluadas-a-detalle-por-la-comision-de-vigilancia-del-osfem\/","url":"https:\/\/expressometro.mx\/index.php\/2019\/10\/10\/cuentas-publicas-de-issemym-uaemex-e-isem-seran-evaluadas-a-detalle-por-la-comision-de-vigilancia-del-osfem\/","name":"CUENTAS P\u00daBLICAS DE ISSEMYM, UAEMEX E ISEM SER\u00c1N EVALUADAS A DETALLE POR LA COMISI\u00d3N DE VIGILANCIA DEL OSFEM - Expresso Metropolitano","isPartOf":{"@id":"https:\/\/expressometro.mx\/#website"},"primaryImageOfPage":{"@id":"https:\/\/expressometro.mx\/index.php\/2019\/10\/10\/cuentas-publicas-de-issemym-uaemex-e-isem-seran-evaluadas-a-detalle-por-la-comision-de-vigilancia-del-osfem\/#primaryimage"},"image":{"@id":"https:\/\/expressometro.mx\/index.php\/2019\/10\/10\/cuentas-publicas-de-issemym-uaemex-e-isem-seran-evaluadas-a-detalle-por-la-comision-de-vigilancia-del-osfem\/#primaryimage"},"thumbnailUrl":"https:\/\/expressometro.mx\/wp-content\/uploads\/2019\/10\/1288a-1.jpg","datePublished":"2019-10-11T02:58:28+00:00","dateModified":"2019-10-15T03:01:36+00:00","breadcrumb":{"@id":"https:\/\/expressometro.mx\/index.php\/2019\/10\/10\/cuentas-publicas-de-issemym-uaemex-e-isem-seran-evaluadas-a-detalle-por-la-comision-de-vigilancia-del-osfem\/#breadcrumb"},"inLanguage":"es","potentialAction":[{"@type":"ReadAction","target":["https:\/\/expressometro.mx\/index.php\/2019\/10\/10\/cuentas-publicas-de-issemym-uaemex-e-isem-seran-evaluadas-a-detalle-por-la-comision-de-vigilancia-del-osfem\/"]}]},{"@type":"ImageObject","inLanguage":"es","@id":"https:\/\/expressometro.mx\/index.php\/2019\/10\/10\/cuentas-publicas-de-issemym-uaemex-e-isem-seran-evaluadas-a-detalle-por-la-comision-de-vigilancia-del-osfem\/#primaryimage","url":"https:\/\/expressometro.mx\/wp-content\/uploads\/2019\/10\/1288a-1.jpg","contentUrl":"https:\/\/expressometro.mx\/wp-content\/uploads\/2019\/10\/1288a-1.jpg","width":200,"height":133},{"@type":"BreadcrumbList","@id":"https:\/\/expressometro.mx\/index.php\/2019\/10\/10\/cuentas-publicas-de-issemym-uaemex-e-isem-seran-evaluadas-a-detalle-por-la-comision-de-vigilancia-del-osfem\/#breadcrumb","itemListElement":[{"@type":"ListItem","position":1,"name":"Inicio","item":"https:\/\/expressometro.mx\/"},{"@type":"ListItem","position":2,"name":"CUENTAS P\u00daBLICAS DE ISSEMYM, UAEMEX E ISEM SER\u00c1N EVALUADAS A DETALLE POR LA COMISI\u00d3N DE VIGILANCIA DEL OSFEM"}]},{"@type":"WebSite","@id":"https:\/\/expressometro.mx\/#website","url":"https:\/\/expressometro.mx\/","name":"Expresso Metropolitano","description":"Periodismo comprometido, informaci\u00f3n, investigaci\u00f3n y an\u00e1lisis","publisher":{"@id":"https:\/\/expressometro.mx\/#organization"},"potentialAction":[{"@type":"SearchAction","target":{"@type":"EntryPoint","urlTemplate":"https:\/\/expressometro.mx\/?s={search_term_string}"},"query-input":{"@type":"PropertyValueSpecification","valueRequired":true,"valueName":"search_term_string"}}],"inLanguage":"es"},{"@type":"Organization","@id":"https:\/\/expressometro.mx\/#organization","name":"Expresso Metropolitano","url":"https:\/\/expressometro.mx\/","logo":{"@type":"ImageObject","inLanguage":"es","@id":"https:\/\/expressometro.mx\/#\/schema\/logo\/image\/","url":"https:\/\/expressometro.mx\/wp-content\/uploads\/2019\/07\/cropped-Logo-Expresso-Metropolitano-1-1.jpeg","contentUrl":"https:\/\/expressometro.mx\/wp-content\/uploads\/2019\/07\/cropped-Logo-Expresso-Metropolitano-1-1.jpeg","width":290,"height":73,"caption":"Expresso Metropolitano"},"image":{"@id":"https:\/\/expressometro.mx\/#\/schema\/logo\/image\/"}},{"@type":"Person","@id":"https:\/\/expressometro.mx\/#\/schema\/person\/efa971b4a0664db8ed5c22b1b0dd2f5d","name":"Expresso Metropolitano","image":{"@type":"ImageObject","inLanguage":"es","@id":"https:\/\/secure.gravatar.com\/avatar\/a89f802b8de18c6952f223c88d3d106e9e3679839f4e25a02f4a6cc2ae6ba3b3?s=96&d=mm&r=g","url":"https:\/\/secure.gravatar.com\/avatar\/a89f802b8de18c6952f223c88d3d106e9e3679839f4e25a02f4a6cc2ae6ba3b3?s=96&d=mm&r=g","contentUrl":"https:\/\/secure.gravatar.com\/avatar\/a89f802b8de18c6952f223c88d3d106e9e3679839f4e25a02f4a6cc2ae6ba3b3?s=96&d=mm&r=g","caption":"Expresso Metropolitano"},"url":"https:\/\/expressometro.mx\/index.php\/author\/diego\/"}]}},"amp_enabled":true,"_links":{"self":[{"href":"https:\/\/expressometro.mx\/index.php\/wp-json\/wp\/v2\/posts\/903","targetHints":{"allow":["GET"]}}],"collection":[{"href":"https:\/\/expressometro.mx\/index.php\/wp-json\/wp\/v2\/posts"}],"about":[{"href":"https:\/\/expressometro.mx\/index.php\/wp-json\/wp\/v2\/types\/post"}],"author":[{"embeddable":true,"href":"https:\/\/expressometro.mx\/index.php\/wp-json\/wp\/v2\/users\/1"}],"replies":[{"embeddable":true,"href":"https:\/\/expressometro.mx\/index.php\/wp-json\/wp\/v2\/comments?post=903"}],"version-history":[{"count":1,"href":"https:\/\/expressometro.mx\/index.php\/wp-json\/wp\/v2\/posts\/903\/revisions"}],"predecessor-version":[{"id":905,"href":"https:\/\/expressometro.mx\/index.php\/wp-json\/wp\/v2\/posts\/903\/revisions\/905"}],"wp:featuredmedia":[{"embeddable":true,"href":"https:\/\/expressometro.mx\/index.php\/wp-json\/wp\/v2\/media\/904"}],"wp:attachment":[{"href":"https:\/\/expressometro.mx\/index.php\/wp-json\/wp\/v2\/media?parent=903"}],"wp:term":[{"taxonomy":"category","embeddable":true,"href":"https:\/\/expressometro.mx\/index.php\/wp-json\/wp\/v2\/categories?post=903"},{"taxonomy":"post_tag","embeddable":true,"href":"https:\/\/expressometro.mx\/index.php\/wp-json\/wp\/v2\/tags?post=903"}],"curies":[{"name":"wp","href":"https:\/\/api.w.org\/{rel}","templated":true}]}}