{"id":881,"date":"2019-10-08T21:42:01","date_gmt":"2019-10-09T02:42:01","guid":{"rendered":"http:\/\/expressometro.mx\/?p=881"},"modified":"2019-10-14T21:43:14","modified_gmt":"2019-10-15T02:43:14","slug":"gobierno-izcallense-fortalece-economia-de-mujeres-emprendedoras","status":"publish","type":"post","link":"https:\/\/expressometro.mx\/index.php\/2019\/10\/08\/gobierno-izcallense-fortalece-economia-de-mujeres-emprendedoras\/","title":{"rendered":"Gobierno izcallense fortalece econom\u00eda de mujeres emprendedoras"},"content":{"rendered":"\n<p>Con la finalidad de fortalecer la econom\u00eda de las mujeres emprendedoras de Cuautitl\u00e1n Izcalli, la Direcci\u00f3n de Desarrollo Econ\u00f3mico del gobierno Municipal presidido por Ricardo N\u00fa\u00f1ez Ayala, en colaboraci\u00f3n con la red de mujeres \u201cUnidas Contamos\u201d, celebr\u00f3 la Primera Feria Mujer Emprende en el auditorio Enrique B\u00e1tiz.<\/p>\n\n\n\n<p>El evento tuvo una duraci\u00f3n de tres d\u00edas, en los que habitantes izcallenses disfrutaron distintos productos y servicios a precios accesibles, entre los que destacaron art\u00edculos de belleza, bisuter\u00eda, manualidades, servicios para el cuidado de la piel y diversos tipos de alimentos, por mencionar algunos.<\/p>\n\n\n\n<p>La directora de Desarrollo Econ\u00f3mico de Cuautitl\u00e1n Izcalli, Rosalba Irene Garc\u00eda P\u00e9rez, agradeci\u00f3 la colaboraci\u00f3n de las emprendedoras y de los asistentes, y destac\u00f3 que la \u00fanica manera de implantar&nbsp;acciones en beneficio de la ciudadan\u00eda es haciendo efectiva la vocaci\u00f3n de servicio a favor de la poblaci\u00f3n, asimismo, reiter\u00f3 el compromiso del gobierno Municipal por fomentar el desarrollo econ\u00f3mico de su poblaci\u00f3n.<\/p>\n\n\n\n<p>A la Feria Mujer Emprende asistieron tambi\u00e9n la directora del Instituto Municipal para la Igualdad Entre Mujeres y Hombres (IMIEMH), Lidia Ramos Camacho; el director del Organismo P\u00fablico Descentralizado de Car\u00e1cter Municipal para el Mantenimiento de Vialidades de Cuautitl\u00e1n Izcalli (MAVICI), Juan Lauro Castell\u00f3n Huerta; la novena regidora, Margarita Rivero R\u00edos; el sexto regidor, Luis Trejo Hern\u00e1ndez; la d\u00e9cimo segunda regidora, Claudia Bravo Langle; y el secretario del Ayuntamiento, Maurilio Contreras Su\u00e1rez, en representaci\u00f3n del presidente municipal.<\/p>\n","protected":false},"excerpt":{"rendered":"<p>Con la finalidad de fortalecer la econom\u00eda de las mujeres emprendedoras de Cuautitl\u00e1n Izcalli, la Direcci\u00f3n de Desarrollo Econ\u00f3mico del gobierno Municipal presidido por Ricardo N\u00fa\u00f1ez Ayala, en colaboraci\u00f3n con la red de mujeres \u201cUnidas Contamos\u201d, celebr\u00f3 la Primera Feria Mujer Emprende en el auditorio Enrique B\u00e1tiz. El evento tuvo una duraci\u00f3n de tres d\u00edas, en los que habitantes izcallenses disfrutaron distintos productos y servicios a precios accesibles, entre los que destacaron art\u00edculos de belleza, bisuter\u00eda, manualidades, servicios para el cuidado de la piel y diversos tipos de alimentos, por&hellip;<\/p>\n","protected":false},"author":1,"featured_media":882,"comment_status":"open","ping_status":"open","sticky":false,"template":"","format":"standard","meta":{"footnotes":""},"categories":[1],"tags":[],"class_list":["post-881","post","type-post","status-publish","format-standard","has-post-thumbnail","hentry","category-otros"],"yoast_head":"<!-- This site is optimized with the Yoast SEO plugin v27.5 - https:\/\/yoast.com\/product\/yoast-seo-wordpress\/ -->\n<title>Gobierno izcallense fortalece econom\u00eda de mujeres emprendedoras - Expresso Metropolitano<\/title>\n<meta name=\"robots\" content=\"index, follow, max-snippet:-1, max-image-preview:large, max-video-preview:-1\" \/>\n<link rel=\"canonical\" href=\"https:\/\/expressometro.mx\/index.php\/2019\/10\/08\/gobierno-izcallense-fortalece-economia-de-mujeres-emprendedoras\/\" \/>\n<meta property=\"og:locale\" content=\"es_MX\" \/>\n<meta property=\"og:type\" content=\"article\" \/>\n<meta property=\"og:title\" content=\"Gobierno izcallense fortalece econom\u00eda de mujeres emprendedoras - Expresso Metropolitano\" \/>\n<meta property=\"og:description\" content=\"Con la finalidad de fortalecer la econom\u00eda de las mujeres emprendedoras de Cuautitl\u00e1n Izcalli, la Direcci\u00f3n de Desarrollo Econ\u00f3mico del gobierno Municipal presidido por Ricardo N\u00fa\u00f1ez Ayala, en colaboraci\u00f3n con la red de mujeres \u201cUnidas Contamos\u201d, celebr\u00f3 la Primera Feria Mujer Emprende en el auditorio Enrique B\u00e1tiz. El evento tuvo una duraci\u00f3n de tres d\u00edas, en los que habitantes izcallenses disfrutaron distintos productos y servicios a precios accesibles, entre los que destacaron art\u00edculos de belleza, bisuter\u00eda, manualidades, servicios para el cuidado de la piel y diversos tipos de alimentos, por&hellip;\" \/>\n<meta property=\"og:url\" content=\"https:\/\/expressometro.mx\/index.php\/2019\/10\/08\/gobierno-izcallense-fortalece-economia-de-mujeres-emprendedoras\/\" \/>\n<meta property=\"og:site_name\" content=\"Expresso Metropolitano\" \/>\n<meta property=\"article:published_time\" content=\"2019-10-09T02:42:01+00:00\" \/>\n<meta property=\"article:modified_time\" content=\"2019-10-15T02:43:14+00:00\" \/>\n<meta property=\"og:image\" content=\"https:\/\/expressometro.mx\/wp-content\/uploads\/2019\/10\/B313_04.jpeg\" \/>\n\t<meta property=\"og:image:width\" content=\"1280\" \/>\n\t<meta property=\"og:image:height\" content=\"915\" \/>\n\t<meta property=\"og:image:type\" content=\"image\/jpeg\" \/>\n<meta name=\"author\" content=\"Expresso Metropolitano\" \/>\n<meta name=\"twitter:label1\" content=\"Escrito por\" \/>\n\t<meta name=\"twitter:data1\" content=\"Expresso Metropolitano\" \/>\n\t<meta name=\"twitter:label2\" content=\"Tiempo de lectura\" \/>\n\t<meta name=\"twitter:data2\" content=\"1 minuto\" \/>\n<script type=\"application\/ld+json\" class=\"yoast-schema-graph\">{\"@context\":\"https:\\\/\\\/schema.org\",\"@graph\":[{\"@type\":\"Article\",\"@id\":\"https:\\\/\\\/expressometro.mx\\\/index.php\\\/2019\\\/10\\\/08\\\/gobierno-izcallense-fortalece-economia-de-mujeres-emprendedoras\\\/#article\",\"isPartOf\":{\"@id\":\"https:\\\/\\\/expressometro.mx\\\/index.php\\\/2019\\\/10\\\/08\\\/gobierno-izcallense-fortalece-economia-de-mujeres-emprendedoras\\\/\"},\"author\":{\"name\":\"Expresso Metropolitano\",\"@id\":\"https:\\\/\\\/expressometro.mx\\\/#\\\/schema\\\/person\\\/efa971b4a0664db8ed5c22b1b0dd2f5d\"},\"headline\":\"Gobierno izcallense fortalece econom\u00eda de mujeres emprendedoras\",\"datePublished\":\"2019-10-09T02:42:01+00:00\",\"dateModified\":\"2019-10-15T02:43:14+00:00\",\"mainEntityOfPage\":{\"@id\":\"https:\\\/\\\/expressometro.mx\\\/index.php\\\/2019\\\/10\\\/08\\\/gobierno-izcallense-fortalece-economia-de-mujeres-emprendedoras\\\/\"},\"wordCount\":272,\"commentCount\":0,\"publisher\":{\"@id\":\"https:\\\/\\\/expressometro.mx\\\/#organization\"},\"image\":{\"@id\":\"https:\\\/\\\/expressometro.mx\\\/index.php\\\/2019\\\/10\\\/08\\\/gobierno-izcallense-fortalece-economia-de-mujeres-emprendedoras\\\/#primaryimage\"},\"thumbnailUrl\":\"https:\\\/\\\/expressometro.mx\\\/wp-content\\\/uploads\\\/2019\\\/10\\\/B313_04.jpeg\",\"articleSection\":[\"Otros\"],\"inLanguage\":\"es\",\"potentialAction\":[{\"@type\":\"CommentAction\",\"name\":\"Comment\",\"target\":[\"https:\\\/\\\/expressometro.mx\\\/index.php\\\/2019\\\/10\\\/08\\\/gobierno-izcallense-fortalece-economia-de-mujeres-emprendedoras\\\/#respond\"]}]},{\"@type\":\"WebPage\",\"@id\":\"https:\\\/\\\/expressometro.mx\\\/index.php\\\/2019\\\/10\\\/08\\\/gobierno-izcallense-fortalece-economia-de-mujeres-emprendedoras\\\/\",\"url\":\"https:\\\/\\\/expressometro.mx\\\/index.php\\\/2019\\\/10\\\/08\\\/gobierno-izcallense-fortalece-economia-de-mujeres-emprendedoras\\\/\",\"name\":\"Gobierno izcallense fortalece econom\u00eda de mujeres emprendedoras - Expresso Metropolitano\",\"isPartOf\":{\"@id\":\"https:\\\/\\\/expressometro.mx\\\/#website\"},\"primaryImageOfPage\":{\"@id\":\"https:\\\/\\\/expressometro.mx\\\/index.php\\\/2019\\\/10\\\/08\\\/gobierno-izcallense-fortalece-economia-de-mujeres-emprendedoras\\\/#primaryimage\"},\"image\":{\"@id\":\"https:\\\/\\\/expressometro.mx\\\/index.php\\\/2019\\\/10\\\/08\\\/gobierno-izcallense-fortalece-economia-de-mujeres-emprendedoras\\\/#primaryimage\"},\"thumbnailUrl\":\"https:\\\/\\\/expressometro.mx\\\/wp-content\\\/uploads\\\/2019\\\/10\\\/B313_04.jpeg\",\"datePublished\":\"2019-10-09T02:42:01+00:00\",\"dateModified\":\"2019-10-15T02:43:14+00:00\",\"breadcrumb\":{\"@id\":\"https:\\\/\\\/expressometro.mx\\\/index.php\\\/2019\\\/10\\\/08\\\/gobierno-izcallense-fortalece-economia-de-mujeres-emprendedoras\\\/#breadcrumb\"},\"inLanguage\":\"es\",\"potentialAction\":[{\"@type\":\"ReadAction\",\"target\":[\"https:\\\/\\\/expressometro.mx\\\/index.php\\\/2019\\\/10\\\/08\\\/gobierno-izcallense-fortalece-economia-de-mujeres-emprendedoras\\\/\"]}]},{\"@type\":\"ImageObject\",\"inLanguage\":\"es\",\"@id\":\"https:\\\/\\\/expressometro.mx\\\/index.php\\\/2019\\\/10\\\/08\\\/gobierno-izcallense-fortalece-economia-de-mujeres-emprendedoras\\\/#primaryimage\",\"url\":\"https:\\\/\\\/expressometro.mx\\\/wp-content\\\/uploads\\\/2019\\\/10\\\/B313_04.jpeg\",\"contentUrl\":\"https:\\\/\\\/expressometro.mx\\\/wp-content\\\/uploads\\\/2019\\\/10\\\/B313_04.jpeg\",\"width\":1280,\"height\":915},{\"@type\":\"BreadcrumbList\",\"@id\":\"https:\\\/\\\/expressometro.mx\\\/index.php\\\/2019\\\/10\\\/08\\\/gobierno-izcallense-fortalece-economia-de-mujeres-emprendedoras\\\/#breadcrumb\",\"itemListElement\":[{\"@type\":\"ListItem\",\"position\":1,\"name\":\"Inicio\",\"item\":\"https:\\\/\\\/expressometro.mx\\\/\"},{\"@type\":\"ListItem\",\"position\":2,\"name\":\"Gobierno izcallense fortalece econom\u00eda de mujeres emprendedoras\"}]},{\"@type\":\"WebSite\",\"@id\":\"https:\\\/\\\/expressometro.mx\\\/#website\",\"url\":\"https:\\\/\\\/expressometro.mx\\\/\",\"name\":\"Expresso Metropolitano\",\"description\":\"Periodismo comprometido, informaci\u00f3n, investigaci\u00f3n y an\u00e1lisis\",\"publisher\":{\"@id\":\"https:\\\/\\\/expressometro.mx\\\/#organization\"},\"potentialAction\":[{\"@type\":\"SearchAction\",\"target\":{\"@type\":\"EntryPoint\",\"urlTemplate\":\"https:\\\/\\\/expressometro.mx\\\/?s={search_term_string}\"},\"query-input\":{\"@type\":\"PropertyValueSpecification\",\"valueRequired\":true,\"valueName\":\"search_term_string\"}}],\"inLanguage\":\"es\"},{\"@type\":\"Organization\",\"@id\":\"https:\\\/\\\/expressometro.mx\\\/#organization\",\"name\":\"Expresso Metropolitano\",\"url\":\"https:\\\/\\\/expressometro.mx\\\/\",\"logo\":{\"@type\":\"ImageObject\",\"inLanguage\":\"es\",\"@id\":\"https:\\\/\\\/expressometro.mx\\\/#\\\/schema\\\/logo\\\/image\\\/\",\"url\":\"https:\\\/\\\/expressometro.mx\\\/wp-content\\\/uploads\\\/2019\\\/07\\\/cropped-Logo-Expresso-Metropolitano-1-1.jpeg\",\"contentUrl\":\"https:\\\/\\\/expressometro.mx\\\/wp-content\\\/uploads\\\/2019\\\/07\\\/cropped-Logo-Expresso-Metropolitano-1-1.jpeg\",\"width\":290,\"height\":73,\"caption\":\"Expresso Metropolitano\"},\"image\":{\"@id\":\"https:\\\/\\\/expressometro.mx\\\/#\\\/schema\\\/logo\\\/image\\\/\"}},{\"@type\":\"Person\",\"@id\":\"https:\\\/\\\/expressometro.mx\\\/#\\\/schema\\\/person\\\/efa971b4a0664db8ed5c22b1b0dd2f5d\",\"name\":\"Expresso Metropolitano\",\"image\":{\"@type\":\"ImageObject\",\"inLanguage\":\"es\",\"@id\":\"https:\\\/\\\/secure.gravatar.com\\\/avatar\\\/a89f802b8de18c6952f223c88d3d106e9e3679839f4e25a02f4a6cc2ae6ba3b3?s=96&d=mm&r=g\",\"url\":\"https:\\\/\\\/secure.gravatar.com\\\/avatar\\\/a89f802b8de18c6952f223c88d3d106e9e3679839f4e25a02f4a6cc2ae6ba3b3?s=96&d=mm&r=g\",\"contentUrl\":\"https:\\\/\\\/secure.gravatar.com\\\/avatar\\\/a89f802b8de18c6952f223c88d3d106e9e3679839f4e25a02f4a6cc2ae6ba3b3?s=96&d=mm&r=g\",\"caption\":\"Expresso Metropolitano\"},\"url\":\"https:\\\/\\\/expressometro.mx\\\/index.php\\\/author\\\/diego\\\/\"}]}<\/script>\n<!-- \/ Yoast SEO plugin. -->","yoast_head_json":{"title":"Gobierno izcallense fortalece econom\u00eda de mujeres emprendedoras - Expresso Metropolitano","robots":{"index":"index","follow":"follow","max-snippet":"max-snippet:-1","max-image-preview":"max-image-preview:large","max-video-preview":"max-video-preview:-1"},"canonical":"https:\/\/expressometro.mx\/index.php\/2019\/10\/08\/gobierno-izcallense-fortalece-economia-de-mujeres-emprendedoras\/","og_locale":"es_MX","og_type":"article","og_title":"Gobierno izcallense fortalece econom\u00eda de mujeres emprendedoras - Expresso Metropolitano","og_description":"Con la finalidad de fortalecer la econom\u00eda de las mujeres emprendedoras de Cuautitl\u00e1n Izcalli, la Direcci\u00f3n de Desarrollo Econ\u00f3mico del gobierno Municipal presidido por Ricardo N\u00fa\u00f1ez Ayala, en colaboraci\u00f3n con la red de mujeres \u201cUnidas Contamos\u201d, celebr\u00f3 la Primera Feria Mujer Emprende en el auditorio Enrique B\u00e1tiz. El evento tuvo una duraci\u00f3n de tres d\u00edas, en los que habitantes izcallenses disfrutaron distintos productos y servicios a precios accesibles, entre los que destacaron art\u00edculos de belleza, bisuter\u00eda, manualidades, servicios para el cuidado de la piel y diversos tipos de alimentos, por&hellip;","og_url":"https:\/\/expressometro.mx\/index.php\/2019\/10\/08\/gobierno-izcallense-fortalece-economia-de-mujeres-emprendedoras\/","og_site_name":"Expresso Metropolitano","article_published_time":"2019-10-09T02:42:01+00:00","article_modified_time":"2019-10-15T02:43:14+00:00","og_image":[{"width":1280,"height":915,"url":"https:\/\/expressometro.mx\/wp-content\/uploads\/2019\/10\/B313_04.jpeg","type":"image\/jpeg"}],"author":"Expresso Metropolitano","twitter_misc":{"Escrito por":"Expresso Metropolitano","Tiempo de lectura":"1 minuto"},"schema":{"@context":"https:\/\/schema.org","@graph":[{"@type":"Article","@id":"https:\/\/expressometro.mx\/index.php\/2019\/10\/08\/gobierno-izcallense-fortalece-economia-de-mujeres-emprendedoras\/#article","isPartOf":{"@id":"https:\/\/expressometro.mx\/index.php\/2019\/10\/08\/gobierno-izcallense-fortalece-economia-de-mujeres-emprendedoras\/"},"author":{"name":"Expresso Metropolitano","@id":"https:\/\/expressometro.mx\/#\/schema\/person\/efa971b4a0664db8ed5c22b1b0dd2f5d"},"headline":"Gobierno izcallense fortalece econom\u00eda de mujeres emprendedoras","datePublished":"2019-10-09T02:42:01+00:00","dateModified":"2019-10-15T02:43:14+00:00","mainEntityOfPage":{"@id":"https:\/\/expressometro.mx\/index.php\/2019\/10\/08\/gobierno-izcallense-fortalece-economia-de-mujeres-emprendedoras\/"},"wordCount":272,"commentCount":0,"publisher":{"@id":"https:\/\/expressometro.mx\/#organization"},"image":{"@id":"https:\/\/expressometro.mx\/index.php\/2019\/10\/08\/gobierno-izcallense-fortalece-economia-de-mujeres-emprendedoras\/#primaryimage"},"thumbnailUrl":"https:\/\/expressometro.mx\/wp-content\/uploads\/2019\/10\/B313_04.jpeg","articleSection":["Otros"],"inLanguage":"es","potentialAction":[{"@type":"CommentAction","name":"Comment","target":["https:\/\/expressometro.mx\/index.php\/2019\/10\/08\/gobierno-izcallense-fortalece-economia-de-mujeres-emprendedoras\/#respond"]}]},{"@type":"WebPage","@id":"https:\/\/expressometro.mx\/index.php\/2019\/10\/08\/gobierno-izcallense-fortalece-economia-de-mujeres-emprendedoras\/","url":"https:\/\/expressometro.mx\/index.php\/2019\/10\/08\/gobierno-izcallense-fortalece-economia-de-mujeres-emprendedoras\/","name":"Gobierno izcallense fortalece econom\u00eda de mujeres emprendedoras - Expresso Metropolitano","isPartOf":{"@id":"https:\/\/expressometro.mx\/#website"},"primaryImageOfPage":{"@id":"https:\/\/expressometro.mx\/index.php\/2019\/10\/08\/gobierno-izcallense-fortalece-economia-de-mujeres-emprendedoras\/#primaryimage"},"image":{"@id":"https:\/\/expressometro.mx\/index.php\/2019\/10\/08\/gobierno-izcallense-fortalece-economia-de-mujeres-emprendedoras\/#primaryimage"},"thumbnailUrl":"https:\/\/expressometro.mx\/wp-content\/uploads\/2019\/10\/B313_04.jpeg","datePublished":"2019-10-09T02:42:01+00:00","dateModified":"2019-10-15T02:43:14+00:00","breadcrumb":{"@id":"https:\/\/expressometro.mx\/index.php\/2019\/10\/08\/gobierno-izcallense-fortalece-economia-de-mujeres-emprendedoras\/#breadcrumb"},"inLanguage":"es","potentialAction":[{"@type":"ReadAction","target":["https:\/\/expressometro.mx\/index.php\/2019\/10\/08\/gobierno-izcallense-fortalece-economia-de-mujeres-emprendedoras\/"]}]},{"@type":"ImageObject","inLanguage":"es","@id":"https:\/\/expressometro.mx\/index.php\/2019\/10\/08\/gobierno-izcallense-fortalece-economia-de-mujeres-emprendedoras\/#primaryimage","url":"https:\/\/expressometro.mx\/wp-content\/uploads\/2019\/10\/B313_04.jpeg","contentUrl":"https:\/\/expressometro.mx\/wp-content\/uploads\/2019\/10\/B313_04.jpeg","width":1280,"height":915},{"@type":"BreadcrumbList","@id":"https:\/\/expressometro.mx\/index.php\/2019\/10\/08\/gobierno-izcallense-fortalece-economia-de-mujeres-emprendedoras\/#breadcrumb","itemListElement":[{"@type":"ListItem","position":1,"name":"Inicio","item":"https:\/\/expressometro.mx\/"},{"@type":"ListItem","position":2,"name":"Gobierno izcallense fortalece econom\u00eda de mujeres emprendedoras"}]},{"@type":"WebSite","@id":"https:\/\/expressometro.mx\/#website","url":"https:\/\/expressometro.mx\/","name":"Expresso Metropolitano","description":"Periodismo comprometido, informaci\u00f3n, investigaci\u00f3n y an\u00e1lisis","publisher":{"@id":"https:\/\/expressometro.mx\/#organization"},"potentialAction":[{"@type":"SearchAction","target":{"@type":"EntryPoint","urlTemplate":"https:\/\/expressometro.mx\/?s={search_term_string}"},"query-input":{"@type":"PropertyValueSpecification","valueRequired":true,"valueName":"search_term_string"}}],"inLanguage":"es"},{"@type":"Organization","@id":"https:\/\/expressometro.mx\/#organization","name":"Expresso Metropolitano","url":"https:\/\/expressometro.mx\/","logo":{"@type":"ImageObject","inLanguage":"es","@id":"https:\/\/expressometro.mx\/#\/schema\/logo\/image\/","url":"https:\/\/expressometro.mx\/wp-content\/uploads\/2019\/07\/cropped-Logo-Expresso-Metropolitano-1-1.jpeg","contentUrl":"https:\/\/expressometro.mx\/wp-content\/uploads\/2019\/07\/cropped-Logo-Expresso-Metropolitano-1-1.jpeg","width":290,"height":73,"caption":"Expresso Metropolitano"},"image":{"@id":"https:\/\/expressometro.mx\/#\/schema\/logo\/image\/"}},{"@type":"Person","@id":"https:\/\/expressometro.mx\/#\/schema\/person\/efa971b4a0664db8ed5c22b1b0dd2f5d","name":"Expresso Metropolitano","image":{"@type":"ImageObject","inLanguage":"es","@id":"https:\/\/secure.gravatar.com\/avatar\/a89f802b8de18c6952f223c88d3d106e9e3679839f4e25a02f4a6cc2ae6ba3b3?s=96&d=mm&r=g","url":"https:\/\/secure.gravatar.com\/avatar\/a89f802b8de18c6952f223c88d3d106e9e3679839f4e25a02f4a6cc2ae6ba3b3?s=96&d=mm&r=g","contentUrl":"https:\/\/secure.gravatar.com\/avatar\/a89f802b8de18c6952f223c88d3d106e9e3679839f4e25a02f4a6cc2ae6ba3b3?s=96&d=mm&r=g","caption":"Expresso Metropolitano"},"url":"https:\/\/expressometro.mx\/index.php\/author\/diego\/"}]}},"amp_enabled":true,"_links":{"self":[{"href":"https:\/\/expressometro.mx\/index.php\/wp-json\/wp\/v2\/posts\/881","targetHints":{"allow":["GET"]}}],"collection":[{"href":"https:\/\/expressometro.mx\/index.php\/wp-json\/wp\/v2\/posts"}],"about":[{"href":"https:\/\/expressometro.mx\/index.php\/wp-json\/wp\/v2\/types\/post"}],"author":[{"embeddable":true,"href":"https:\/\/expressometro.mx\/index.php\/wp-json\/wp\/v2\/users\/1"}],"replies":[{"embeddable":true,"href":"https:\/\/expressometro.mx\/index.php\/wp-json\/wp\/v2\/comments?post=881"}],"version-history":[{"count":1,"href":"https:\/\/expressometro.mx\/index.php\/wp-json\/wp\/v2\/posts\/881\/revisions"}],"predecessor-version":[{"id":883,"href":"https:\/\/expressometro.mx\/index.php\/wp-json\/wp\/v2\/posts\/881\/revisions\/883"}],"wp:featuredmedia":[{"embeddable":true,"href":"https:\/\/expressometro.mx\/index.php\/wp-json\/wp\/v2\/media\/882"}],"wp:attachment":[{"href":"https:\/\/expressometro.mx\/index.php\/wp-json\/wp\/v2\/media?parent=881"}],"wp:term":[{"taxonomy":"category","embeddable":true,"href":"https:\/\/expressometro.mx\/index.php\/wp-json\/wp\/v2\/categories?post=881"},{"taxonomy":"post_tag","embeddable":true,"href":"https:\/\/expressometro.mx\/index.php\/wp-json\/wp\/v2\/tags?post=881"}],"curies":[{"name":"wp","href":"https:\/\/api.w.org\/{rel}","templated":true}]}}