{"id":8793,"date":"2024-03-20T13:27:13","date_gmt":"2024-03-20T19:27:13","guid":{"rendered":"https:\/\/expressometro.mx\/?p=8793"},"modified":"2024-03-21T13:29:08","modified_gmt":"2024-03-21T19:29:08","slug":"siempre-cercano-a-la-gente-de-jocotitlan","status":"publish","type":"post","link":"https:\/\/expressometro.mx\/index.php\/2024\/03\/20\/siempre-cercano-a-la-gente-de-jocotitlan\/","title":{"rendered":"SIEMPRE CERCANO A LA GENTE DE JOCOTITLAN"},"content":{"rendered":"\n<p><\/p>\n\n\n\n<p>El Presidente Municipal de Jocotitl\u00e1n, Jes\u00fas Cedillo, mantiene un recorrido constante por las comunidades con el finde atender las necesidades de la poblaci\u00f3n. As\u00ed estuvo en la Calle 5 de Mayo del Barrio de San Juan saludando a sus vecinos con quienes sostuvo un di\u00e1logo amistoso y cordial. De igual forma en San Jancinto y Los Reyes, manteniendo los lazos de trabajo.<\/p>\n\n\n\n<p>Asimismo, se llev\u00f3 a cabo la decimocuarta Sesi\u00f3n Ordinaria del Consejo Municipal de Seguridad P\u00fablica donde se reafirm\u00f3 el compromiso para trabajar en equipo por la integridad de la ciudadan\u00eda. Aqu\u00ed se detallaron las estrategias que garantizar la seguridad del Municipio.<\/p>\n\n\n\n<p>Adem\u00e1s elementos de seguridad p\u00fablica municipal recibieron el Certificado \u00danico Policial.<\/p>\n\n\n\n<p>Por otra parte, se realiz\u00f3 la quinta Sesi\u00f3n Ordinaria del Consejo de Protecci\u00f3n Civil y de Bomberos de Jocotitl\u00e1n en donde se present\u00f3 el informe sobre las acciones de prevenci\u00f3n ante la temporada de estiaje e incendios forestales en el municipio de jocotitl\u00e1n.<\/p>\n","protected":false},"excerpt":{"rendered":"<p>El Presidente Municipal de Jocotitl\u00e1n, Jes\u00fas Cedillo, mantiene un recorrido constante por las comunidades con el finde atender las necesidades de la poblaci\u00f3n. As\u00ed estuvo en la Calle 5 de Mayo del Barrio de San Juan saludando a sus vecinos con quienes sostuvo un di\u00e1logo amistoso y cordial. De igual forma en San Jancinto y Los Reyes, manteniendo los lazos de trabajo.<\/p>\n","protected":false},"author":1,"featured_media":8795,"comment_status":"open","ping_status":"open","sticky":false,"template":"","format":"standard","meta":{"footnotes":""},"categories":[4,3,1,231],"tags":[1982,86,1790,324],"class_list":["post-8793","post","type-post","status-publish","format-standard","has-post-thumbnail","hentry","category-finanzas","category-gobierno","category-otros","category-politica","tag-edomex","tag-gem","tag-jesus-cedillo-gonzalez","tag-jocotitlan"],"yoast_head":"<!-- This site is optimized with the Yoast SEO plugin v27.4 - https:\/\/yoast.com\/product\/yoast-seo-wordpress\/ -->\n<title>SIEMPRE CERCANO A LA GENTE DE JOCOTITLAN - Expresso Metropolitano<\/title>\n<meta name=\"robots\" content=\"index, follow, max-snippet:-1, max-image-preview:large, max-video-preview:-1\" \/>\n<link rel=\"canonical\" href=\"https:\/\/expressometro.mx\/index.php\/2024\/03\/20\/siempre-cercano-a-la-gente-de-jocotitlan\/\" \/>\n<meta property=\"og:locale\" content=\"es_MX\" \/>\n<meta property=\"og:type\" content=\"article\" \/>\n<meta property=\"og:title\" content=\"SIEMPRE CERCANO A LA GENTE DE JOCOTITLAN - Expresso Metropolitano\" \/>\n<meta property=\"og:description\" content=\"El Presidente Municipal de Jocotitl\u00e1n, Jes\u00fas Cedillo, mantiene un recorrido constante por las comunidades con el finde atender las necesidades de la poblaci\u00f3n. As\u00ed estuvo en la Calle 5 de Mayo del Barrio de San Juan saludando a sus vecinos con quienes sostuvo un di\u00e1logo amistoso y cordial. De igual forma en San Jancinto y Los Reyes, manteniendo los lazos de trabajo.\" \/>\n<meta property=\"og:url\" content=\"https:\/\/expressometro.mx\/index.php\/2024\/03\/20\/siempre-cercano-a-la-gente-de-jocotitlan\/\" \/>\n<meta property=\"og:site_name\" content=\"Expresso Metropolitano\" \/>\n<meta property=\"article:published_time\" content=\"2024-03-20T19:27:13+00:00\" \/>\n<meta property=\"article:modified_time\" content=\"2024-03-21T19:29:08+00:00\" \/>\n<meta property=\"og:image\" content=\"http:\/\/expressometro.mx\/wp-content\/uploads\/2024\/03\/WhatsApp-Image-2024-03-21-at-1.14.17-PM.jpeg\" \/>\n\t<meta property=\"og:image:width\" content=\"960\" \/>\n\t<meta property=\"og:image:height\" content=\"640\" \/>\n\t<meta property=\"og:image:type\" content=\"image\/jpeg\" \/>\n<meta name=\"author\" content=\"Expresso Metropolitano\" \/>\n<meta name=\"twitter:label1\" content=\"Escrito por\" \/>\n\t<meta name=\"twitter:data1\" content=\"Expresso Metropolitano\" \/>\n\t<meta name=\"twitter:label2\" content=\"Tiempo de lectura\" \/>\n\t<meta name=\"twitter:data2\" content=\"1 minuto\" \/>\n<script type=\"application\/ld+json\" class=\"yoast-schema-graph\">{\"@context\":\"https:\\\/\\\/schema.org\",\"@graph\":[{\"@type\":\"Article\",\"@id\":\"https:\\\/\\\/expressometro.mx\\\/index.php\\\/2024\\\/03\\\/20\\\/siempre-cercano-a-la-gente-de-jocotitlan\\\/#article\",\"isPartOf\":{\"@id\":\"https:\\\/\\\/expressometro.mx\\\/index.php\\\/2024\\\/03\\\/20\\\/siempre-cercano-a-la-gente-de-jocotitlan\\\/\"},\"author\":{\"name\":\"Expresso Metropolitano\",\"@id\":\"https:\\\/\\\/expressometro.mx\\\/#\\\/schema\\\/person\\\/efa971b4a0664db8ed5c22b1b0dd2f5d\"},\"headline\":\"SIEMPRE CERCANO A LA GENTE DE JOCOTITLAN\",\"datePublished\":\"2024-03-20T19:27:13+00:00\",\"dateModified\":\"2024-03-21T19:29:08+00:00\",\"mainEntityOfPage\":{\"@id\":\"https:\\\/\\\/expressometro.mx\\\/index.php\\\/2024\\\/03\\\/20\\\/siempre-cercano-a-la-gente-de-jocotitlan\\\/\"},\"wordCount\":177,\"commentCount\":0,\"publisher\":{\"@id\":\"https:\\\/\\\/expressometro.mx\\\/#organization\"},\"image\":{\"@id\":\"https:\\\/\\\/expressometro.mx\\\/index.php\\\/2024\\\/03\\\/20\\\/siempre-cercano-a-la-gente-de-jocotitlan\\\/#primaryimage\"},\"thumbnailUrl\":\"https:\\\/\\\/expressometro.mx\\\/wp-content\\\/uploads\\\/2024\\\/03\\\/WhatsApp-Image-2024-03-21-at-1.14.17-PM.jpeg\",\"keywords\":[\"Edomex\",\"GEM\",\"Jes\u00fas Cedillo Gonz\u00e1lez\",\"Jocotitl\u00e1n\"],\"articleSection\":[\"Finanzas\",\"Gobierno\",\"Otros\",\"Pol\u00edtica\"],\"inLanguage\":\"es\",\"potentialAction\":[{\"@type\":\"CommentAction\",\"name\":\"Comment\",\"target\":[\"https:\\\/\\\/expressometro.mx\\\/index.php\\\/2024\\\/03\\\/20\\\/siempre-cercano-a-la-gente-de-jocotitlan\\\/#respond\"]}]},{\"@type\":\"WebPage\",\"@id\":\"https:\\\/\\\/expressometro.mx\\\/index.php\\\/2024\\\/03\\\/20\\\/siempre-cercano-a-la-gente-de-jocotitlan\\\/\",\"url\":\"https:\\\/\\\/expressometro.mx\\\/index.php\\\/2024\\\/03\\\/20\\\/siempre-cercano-a-la-gente-de-jocotitlan\\\/\",\"name\":\"SIEMPRE CERCANO A LA GENTE DE JOCOTITLAN - Expresso Metropolitano\",\"isPartOf\":{\"@id\":\"https:\\\/\\\/expressometro.mx\\\/#website\"},\"primaryImageOfPage\":{\"@id\":\"https:\\\/\\\/expressometro.mx\\\/index.php\\\/2024\\\/03\\\/20\\\/siempre-cercano-a-la-gente-de-jocotitlan\\\/#primaryimage\"},\"image\":{\"@id\":\"https:\\\/\\\/expressometro.mx\\\/index.php\\\/2024\\\/03\\\/20\\\/siempre-cercano-a-la-gente-de-jocotitlan\\\/#primaryimage\"},\"thumbnailUrl\":\"https:\\\/\\\/expressometro.mx\\\/wp-content\\\/uploads\\\/2024\\\/03\\\/WhatsApp-Image-2024-03-21-at-1.14.17-PM.jpeg\",\"datePublished\":\"2024-03-20T19:27:13+00:00\",\"dateModified\":\"2024-03-21T19:29:08+00:00\",\"breadcrumb\":{\"@id\":\"https:\\\/\\\/expressometro.mx\\\/index.php\\\/2024\\\/03\\\/20\\\/siempre-cercano-a-la-gente-de-jocotitlan\\\/#breadcrumb\"},\"inLanguage\":\"es\",\"potentialAction\":[{\"@type\":\"ReadAction\",\"target\":[\"https:\\\/\\\/expressometro.mx\\\/index.php\\\/2024\\\/03\\\/20\\\/siempre-cercano-a-la-gente-de-jocotitlan\\\/\"]}]},{\"@type\":\"ImageObject\",\"inLanguage\":\"es\",\"@id\":\"https:\\\/\\\/expressometro.mx\\\/index.php\\\/2024\\\/03\\\/20\\\/siempre-cercano-a-la-gente-de-jocotitlan\\\/#primaryimage\",\"url\":\"https:\\\/\\\/expressometro.mx\\\/wp-content\\\/uploads\\\/2024\\\/03\\\/WhatsApp-Image-2024-03-21-at-1.14.17-PM.jpeg\",\"contentUrl\":\"https:\\\/\\\/expressometro.mx\\\/wp-content\\\/uploads\\\/2024\\\/03\\\/WhatsApp-Image-2024-03-21-at-1.14.17-PM.jpeg\",\"width\":960,\"height\":640},{\"@type\":\"BreadcrumbList\",\"@id\":\"https:\\\/\\\/expressometro.mx\\\/index.php\\\/2024\\\/03\\\/20\\\/siempre-cercano-a-la-gente-de-jocotitlan\\\/#breadcrumb\",\"itemListElement\":[{\"@type\":\"ListItem\",\"position\":1,\"name\":\"Inicio\",\"item\":\"https:\\\/\\\/expressometro.mx\\\/\"},{\"@type\":\"ListItem\",\"position\":2,\"name\":\"SIEMPRE CERCANO A LA GENTE DE JOCOTITLAN\"}]},{\"@type\":\"WebSite\",\"@id\":\"https:\\\/\\\/expressometro.mx\\\/#website\",\"url\":\"https:\\\/\\\/expressometro.mx\\\/\",\"name\":\"Expresso Metropolitano\",\"description\":\"Periodismo comprometido, informaci\u00f3n, investigaci\u00f3n y an\u00e1lisis\",\"publisher\":{\"@id\":\"https:\\\/\\\/expressometro.mx\\\/#organization\"},\"potentialAction\":[{\"@type\":\"SearchAction\",\"target\":{\"@type\":\"EntryPoint\",\"urlTemplate\":\"https:\\\/\\\/expressometro.mx\\\/?s={search_term_string}\"},\"query-input\":{\"@type\":\"PropertyValueSpecification\",\"valueRequired\":true,\"valueName\":\"search_term_string\"}}],\"inLanguage\":\"es\"},{\"@type\":\"Organization\",\"@id\":\"https:\\\/\\\/expressometro.mx\\\/#organization\",\"name\":\"Expresso Metropolitano\",\"url\":\"https:\\\/\\\/expressometro.mx\\\/\",\"logo\":{\"@type\":\"ImageObject\",\"inLanguage\":\"es\",\"@id\":\"https:\\\/\\\/expressometro.mx\\\/#\\\/schema\\\/logo\\\/image\\\/\",\"url\":\"https:\\\/\\\/expressometro.mx\\\/wp-content\\\/uploads\\\/2019\\\/07\\\/cropped-Logo-Expresso-Metropolitano-1-1.jpeg\",\"contentUrl\":\"https:\\\/\\\/expressometro.mx\\\/wp-content\\\/uploads\\\/2019\\\/07\\\/cropped-Logo-Expresso-Metropolitano-1-1.jpeg\",\"width\":290,\"height\":73,\"caption\":\"Expresso Metropolitano\"},\"image\":{\"@id\":\"https:\\\/\\\/expressometro.mx\\\/#\\\/schema\\\/logo\\\/image\\\/\"}},{\"@type\":\"Person\",\"@id\":\"https:\\\/\\\/expressometro.mx\\\/#\\\/schema\\\/person\\\/efa971b4a0664db8ed5c22b1b0dd2f5d\",\"name\":\"Expresso Metropolitano\",\"image\":{\"@type\":\"ImageObject\",\"inLanguage\":\"es\",\"@id\":\"https:\\\/\\\/secure.gravatar.com\\\/avatar\\\/a89f802b8de18c6952f223c88d3d106e9e3679839f4e25a02f4a6cc2ae6ba3b3?s=96&d=mm&r=g\",\"url\":\"https:\\\/\\\/secure.gravatar.com\\\/avatar\\\/a89f802b8de18c6952f223c88d3d106e9e3679839f4e25a02f4a6cc2ae6ba3b3?s=96&d=mm&r=g\",\"contentUrl\":\"https:\\\/\\\/secure.gravatar.com\\\/avatar\\\/a89f802b8de18c6952f223c88d3d106e9e3679839f4e25a02f4a6cc2ae6ba3b3?s=96&d=mm&r=g\",\"caption\":\"Expresso Metropolitano\"},\"url\":\"https:\\\/\\\/expressometro.mx\\\/index.php\\\/author\\\/diego\\\/\"}]}<\/script>\n<!-- \/ Yoast SEO plugin. -->","yoast_head_json":{"title":"SIEMPRE CERCANO A LA GENTE DE JOCOTITLAN - Expresso Metropolitano","robots":{"index":"index","follow":"follow","max-snippet":"max-snippet:-1","max-image-preview":"max-image-preview:large","max-video-preview":"max-video-preview:-1"},"canonical":"https:\/\/expressometro.mx\/index.php\/2024\/03\/20\/siempre-cercano-a-la-gente-de-jocotitlan\/","og_locale":"es_MX","og_type":"article","og_title":"SIEMPRE CERCANO A LA GENTE DE JOCOTITLAN - Expresso Metropolitano","og_description":"El Presidente Municipal de Jocotitl\u00e1n, Jes\u00fas Cedillo, mantiene un recorrido constante por las comunidades con el finde atender las necesidades de la poblaci\u00f3n. As\u00ed estuvo en la Calle 5 de Mayo del Barrio de San Juan saludando a sus vecinos con quienes sostuvo un di\u00e1logo amistoso y cordial. De igual forma en San Jancinto y Los Reyes, manteniendo los lazos de trabajo.","og_url":"https:\/\/expressometro.mx\/index.php\/2024\/03\/20\/siempre-cercano-a-la-gente-de-jocotitlan\/","og_site_name":"Expresso Metropolitano","article_published_time":"2024-03-20T19:27:13+00:00","article_modified_time":"2024-03-21T19:29:08+00:00","og_image":[{"width":960,"height":640,"url":"http:\/\/expressometro.mx\/wp-content\/uploads\/2024\/03\/WhatsApp-Image-2024-03-21-at-1.14.17-PM.jpeg","type":"image\/jpeg"}],"author":"Expresso Metropolitano","twitter_misc":{"Escrito por":"Expresso Metropolitano","Tiempo de lectura":"1 minuto"},"schema":{"@context":"https:\/\/schema.org","@graph":[{"@type":"Article","@id":"https:\/\/expressometro.mx\/index.php\/2024\/03\/20\/siempre-cercano-a-la-gente-de-jocotitlan\/#article","isPartOf":{"@id":"https:\/\/expressometro.mx\/index.php\/2024\/03\/20\/siempre-cercano-a-la-gente-de-jocotitlan\/"},"author":{"name":"Expresso Metropolitano","@id":"https:\/\/expressometro.mx\/#\/schema\/person\/efa971b4a0664db8ed5c22b1b0dd2f5d"},"headline":"SIEMPRE CERCANO A LA GENTE DE JOCOTITLAN","datePublished":"2024-03-20T19:27:13+00:00","dateModified":"2024-03-21T19:29:08+00:00","mainEntityOfPage":{"@id":"https:\/\/expressometro.mx\/index.php\/2024\/03\/20\/siempre-cercano-a-la-gente-de-jocotitlan\/"},"wordCount":177,"commentCount":0,"publisher":{"@id":"https:\/\/expressometro.mx\/#organization"},"image":{"@id":"https:\/\/expressometro.mx\/index.php\/2024\/03\/20\/siempre-cercano-a-la-gente-de-jocotitlan\/#primaryimage"},"thumbnailUrl":"https:\/\/expressometro.mx\/wp-content\/uploads\/2024\/03\/WhatsApp-Image-2024-03-21-at-1.14.17-PM.jpeg","keywords":["Edomex","GEM","Jes\u00fas Cedillo Gonz\u00e1lez","Jocotitl\u00e1n"],"articleSection":["Finanzas","Gobierno","Otros","Pol\u00edtica"],"inLanguage":"es","potentialAction":[{"@type":"CommentAction","name":"Comment","target":["https:\/\/expressometro.mx\/index.php\/2024\/03\/20\/siempre-cercano-a-la-gente-de-jocotitlan\/#respond"]}]},{"@type":"WebPage","@id":"https:\/\/expressometro.mx\/index.php\/2024\/03\/20\/siempre-cercano-a-la-gente-de-jocotitlan\/","url":"https:\/\/expressometro.mx\/index.php\/2024\/03\/20\/siempre-cercano-a-la-gente-de-jocotitlan\/","name":"SIEMPRE CERCANO A LA GENTE DE JOCOTITLAN - Expresso Metropolitano","isPartOf":{"@id":"https:\/\/expressometro.mx\/#website"},"primaryImageOfPage":{"@id":"https:\/\/expressometro.mx\/index.php\/2024\/03\/20\/siempre-cercano-a-la-gente-de-jocotitlan\/#primaryimage"},"image":{"@id":"https:\/\/expressometro.mx\/index.php\/2024\/03\/20\/siempre-cercano-a-la-gente-de-jocotitlan\/#primaryimage"},"thumbnailUrl":"https:\/\/expressometro.mx\/wp-content\/uploads\/2024\/03\/WhatsApp-Image-2024-03-21-at-1.14.17-PM.jpeg","datePublished":"2024-03-20T19:27:13+00:00","dateModified":"2024-03-21T19:29:08+00:00","breadcrumb":{"@id":"https:\/\/expressometro.mx\/index.php\/2024\/03\/20\/siempre-cercano-a-la-gente-de-jocotitlan\/#breadcrumb"},"inLanguage":"es","potentialAction":[{"@type":"ReadAction","target":["https:\/\/expressometro.mx\/index.php\/2024\/03\/20\/siempre-cercano-a-la-gente-de-jocotitlan\/"]}]},{"@type":"ImageObject","inLanguage":"es","@id":"https:\/\/expressometro.mx\/index.php\/2024\/03\/20\/siempre-cercano-a-la-gente-de-jocotitlan\/#primaryimage","url":"https:\/\/expressometro.mx\/wp-content\/uploads\/2024\/03\/WhatsApp-Image-2024-03-21-at-1.14.17-PM.jpeg","contentUrl":"https:\/\/expressometro.mx\/wp-content\/uploads\/2024\/03\/WhatsApp-Image-2024-03-21-at-1.14.17-PM.jpeg","width":960,"height":640},{"@type":"BreadcrumbList","@id":"https:\/\/expressometro.mx\/index.php\/2024\/03\/20\/siempre-cercano-a-la-gente-de-jocotitlan\/#breadcrumb","itemListElement":[{"@type":"ListItem","position":1,"name":"Inicio","item":"https:\/\/expressometro.mx\/"},{"@type":"ListItem","position":2,"name":"SIEMPRE CERCANO A LA GENTE DE JOCOTITLAN"}]},{"@type":"WebSite","@id":"https:\/\/expressometro.mx\/#website","url":"https:\/\/expressometro.mx\/","name":"Expresso Metropolitano","description":"Periodismo comprometido, informaci\u00f3n, investigaci\u00f3n y an\u00e1lisis","publisher":{"@id":"https:\/\/expressometro.mx\/#organization"},"potentialAction":[{"@type":"SearchAction","target":{"@type":"EntryPoint","urlTemplate":"https:\/\/expressometro.mx\/?s={search_term_string}"},"query-input":{"@type":"PropertyValueSpecification","valueRequired":true,"valueName":"search_term_string"}}],"inLanguage":"es"},{"@type":"Organization","@id":"https:\/\/expressometro.mx\/#organization","name":"Expresso Metropolitano","url":"https:\/\/expressometro.mx\/","logo":{"@type":"ImageObject","inLanguage":"es","@id":"https:\/\/expressometro.mx\/#\/schema\/logo\/image\/","url":"https:\/\/expressometro.mx\/wp-content\/uploads\/2019\/07\/cropped-Logo-Expresso-Metropolitano-1-1.jpeg","contentUrl":"https:\/\/expressometro.mx\/wp-content\/uploads\/2019\/07\/cropped-Logo-Expresso-Metropolitano-1-1.jpeg","width":290,"height":73,"caption":"Expresso Metropolitano"},"image":{"@id":"https:\/\/expressometro.mx\/#\/schema\/logo\/image\/"}},{"@type":"Person","@id":"https:\/\/expressometro.mx\/#\/schema\/person\/efa971b4a0664db8ed5c22b1b0dd2f5d","name":"Expresso Metropolitano","image":{"@type":"ImageObject","inLanguage":"es","@id":"https:\/\/secure.gravatar.com\/avatar\/a89f802b8de18c6952f223c88d3d106e9e3679839f4e25a02f4a6cc2ae6ba3b3?s=96&d=mm&r=g","url":"https:\/\/secure.gravatar.com\/avatar\/a89f802b8de18c6952f223c88d3d106e9e3679839f4e25a02f4a6cc2ae6ba3b3?s=96&d=mm&r=g","contentUrl":"https:\/\/secure.gravatar.com\/avatar\/a89f802b8de18c6952f223c88d3d106e9e3679839f4e25a02f4a6cc2ae6ba3b3?s=96&d=mm&r=g","caption":"Expresso Metropolitano"},"url":"https:\/\/expressometro.mx\/index.php\/author\/diego\/"}]}},"amp_enabled":true,"_links":{"self":[{"href":"https:\/\/expressometro.mx\/index.php\/wp-json\/wp\/v2\/posts\/8793","targetHints":{"allow":["GET"]}}],"collection":[{"href":"https:\/\/expressometro.mx\/index.php\/wp-json\/wp\/v2\/posts"}],"about":[{"href":"https:\/\/expressometro.mx\/index.php\/wp-json\/wp\/v2\/types\/post"}],"author":[{"embeddable":true,"href":"https:\/\/expressometro.mx\/index.php\/wp-json\/wp\/v2\/users\/1"}],"replies":[{"embeddable":true,"href":"https:\/\/expressometro.mx\/index.php\/wp-json\/wp\/v2\/comments?post=8793"}],"version-history":[{"count":1,"href":"https:\/\/expressometro.mx\/index.php\/wp-json\/wp\/v2\/posts\/8793\/revisions"}],"predecessor-version":[{"id":8796,"href":"https:\/\/expressometro.mx\/index.php\/wp-json\/wp\/v2\/posts\/8793\/revisions\/8796"}],"wp:featuredmedia":[{"embeddable":true,"href":"https:\/\/expressometro.mx\/index.php\/wp-json\/wp\/v2\/media\/8795"}],"wp:attachment":[{"href":"https:\/\/expressometro.mx\/index.php\/wp-json\/wp\/v2\/media?parent=8793"}],"wp:term":[{"taxonomy":"category","embeddable":true,"href":"https:\/\/expressometro.mx\/index.php\/wp-json\/wp\/v2\/categories?post=8793"},{"taxonomy":"post_tag","embeddable":true,"href":"https:\/\/expressometro.mx\/index.php\/wp-json\/wp\/v2\/tags?post=8793"}],"curies":[{"name":"wp","href":"https:\/\/api.w.org\/{rel}","templated":true}]}}