{"id":8744,"date":"2024-02-12T14:14:00","date_gmt":"2024-02-12T20:14:00","guid":{"rendered":"https:\/\/expressometro.mx\/?p=8744"},"modified":"2024-03-04T14:19:33","modified_gmt":"2024-03-04T20:19:33","slug":"vision-de-futuro-distintivo-de-la-comunidad-de-la-uaemex-delfina-gomez-alvarez","status":"publish","type":"post","link":"https:\/\/expressometro.mx\/index.php\/2024\/02\/12\/vision-de-futuro-distintivo-de-la-comunidad-de-la-uaemex-delfina-gomez-alvarez\/","title":{"rendered":"VISI\u00d3N DE FUTURO, DISTINTIVO DE LA COMUNIDAD DE LA UAEM\u00c9X: DELFINA G\u00d3MEZ \u00c1LVAREZ"},"content":{"rendered":"\n<ul class=\"wp-block-list\">\n<li>En las facultades de Medicina, Odontolog\u00eda y Planeaci\u00f3n Urbana y Regional, la gobernadora del Estado de M\u00e9xico, Delfina G\u00f3mez \u00c1lvarez, y el rector de la Universidad Aut\u00f3noma del Estado de M\u00e9xico, Carlos Eduardo Barrera D\u00edaz, entregaron obras y equipamiento.<\/li>\n<\/ul>\n\n\n\n<p>Con una inversi\u00f3n de 100 millones de pesos, la gobernadora del Estado de M\u00e9xico, Delfina G\u00f3mez \u00c1lvarez, y el rector de la Universidad Aut\u00f3noma del Estado de M\u00e9xico (UAEM\u00e9x), Carlos Eduardo Barrera D\u00edaz, entregaron obras y equipamiento en las facultades de Medicina, Odontolog\u00eda, Planeaci\u00f3n Urbana y Regional, en el marco del inicio de cursos 2024A y del D\u00eda del Odont\u00f3logo.<\/p>\n\n\n\n<p>Acompa\u00f1ados del director de Fortalecimiento Institucional de la DGESUI de la Secretar\u00eda de Educaci\u00f3n P\u00fablica, Eduardo Rosas Gonz\u00e1lez, G\u00f3mez \u00c1lvarez y Barrera D\u00edaz entregaron a la comunidad verde y oro los pisos 3 y 4 del Edificio \u201cE\u201d para la Licenciatura en Nutrici\u00f3n, los laboratorios y la terraza ecol\u00f3gica de la Facultad de Medicina; el Edificio \u201cE\u201d, que alberga el Laboratorio Nacional de Ciencias de la Sostenibilidad (LANCIS) de la Facultad de Planeaci\u00f3n Urbana y Regional y el edificio y equipamiento para la Cl\u00ednica de la Especialidad en Endodoncia con asistencia por microscop\u00eda de la Facultad de Odontolog\u00eda.<\/p>\n\n\n\n<p>En este marco, la jefa del ejecutivo mexiquense destac\u00f3 la visi\u00f3n de futuro que distingue a la comunidad de la Universidad Aut\u00f3noma del Estado de M\u00e9xico, que, asever\u00f3, \u201ccrece en infraestructura y poblaci\u00f3n escolar, pero tambi\u00e9n en los servicios que brinda a la ciudadan\u00eda\u201d como se hace patente en la Facultad de Odontolog\u00eda, que, a trav\u00e9s de sus cl\u00ednicas, brinda m\u00faltiples servicios a la poblaci\u00f3n.<\/p>\n\n\n\n<p>La UAEM\u00e9x, sostuvo, destaca por su excelencia acad\u00e9mica, pero \u201ces m\u00e1s que sus aulas y laboratorios, ya que, con su dedicaci\u00f3n diaria, los universitarios contribuyen y hacen grande a nuestro estado y nuestro pa\u00eds\u201d.<\/p>\n\n\n\n<p>En este contexto, reconoci\u00f3 la gesti\u00f3n de Carlos Eduardo Barrera D\u00edaz al frente de la Aut\u00f3noma mexiquense. Destac\u00f3 su trabajo constante para lograr beneficios para la comunidad verde y oro.<\/p>\n\n\n\n<p>Finalmente, al tiempo que pidi\u00f3 a las autoridades educativas del nivel federal continuar apoyando a la Universidad Aut\u00f3noma del Estado de M\u00e9xico, se comprometi\u00f3 a realizar una visita a las instalaciones del Centro Universitario UAEM Texcoco para atender problem\u00e1ticas muy espec\u00edficas que ata\u00f1en a su comunidad.<\/p>\n\n\n\n<p>Ante los secretarios de Docencia, Raymundo Marcial Romero, y Administraci\u00f3n, Er\u00e9ndira Fierro Moreno, as\u00ed como los directores de las facultades Medicina, Planeaci\u00f3n Urbana y Regional y Odontolog\u00eda, Carlos Eduardo Barrera D\u00edaz asegur\u00f3 que la inversi\u00f3n en la infraestructura y equipamiento entregado fue posible gracias a la correcta aplicaci\u00f3n de recursos federales, estatales y de la propia UAEM\u00e9x.<\/p>\n\n\n\n<p>Durante los dos \u00faltimos a\u00f1os, abund\u00f3, la Aut\u00f3noma mexiquense ha sido auditada por la Auditor\u00eda Superior de la Federaci\u00f3n y se nos ha calificado con 96 puntos de 100, con un total de cero observaciones en materia financiera por dos a\u00f1os consecutivos, dijo.<\/p>\n\n\n\n<p>Cabe destacar que, en este marco, en la Facultad de Planeaci\u00f3n Urbana y Regional, se devel\u00f3 el mural \u201cLa ciudad de los ni\u00f1os\u201d; asimismo, la titular de la Secretar\u00eda de Salud de la entidad, Macarena Montoya Olvera, realiz\u00f3 un recorrido por las instalaciones de la Cl\u00ednica de la Especialidad en Endodoncia, donde conoci\u00f3 la tecnolog\u00eda de vanguardia con que est\u00e1 equipada.<\/p>\n","protected":false},"excerpt":{"rendered":"<p>En las facultades de Medicina, Odontolog\u00eda y Planeaci\u00f3n Urbana y Regional, la gobernadora del Estado de M\u00e9xico, Delfina G\u00f3mez \u00c1lvarez, y el rector de la Universidad Aut\u00f3noma del Estado de M\u00e9xico, Carlos Eduardo Barrera D\u00edaz, entregaron obras y equipamiento.<\/p>\n","protected":false},"author":1,"featured_media":8746,"comment_status":"open","ping_status":"open","sticky":false,"template":"","format":"standard","meta":{"footnotes":""},"categories":[108,3,1,231],"tags":[313,1982,86,82],"class_list":["post-8744","post","type-post","status-publish","format-standard","has-post-thumbnail","hentry","category-educacion","category-gobierno","category-otros","category-politica","tag-carlos-eduardo-barrera-diaz","tag-edomex","tag-gem","tag-uaemex"],"yoast_head":"<!-- This site is optimized with the Yoast SEO plugin v27.4 - https:\/\/yoast.com\/product\/yoast-seo-wordpress\/ -->\n<title>VISI\u00d3N DE FUTURO, DISTINTIVO DE LA COMUNIDAD DE LA UAEM\u00c9X: DELFINA G\u00d3MEZ \u00c1LVAREZ - Expresso Metropolitano<\/title>\n<meta name=\"robots\" content=\"index, follow, max-snippet:-1, max-image-preview:large, max-video-preview:-1\" \/>\n<link rel=\"canonical\" href=\"https:\/\/expressometro.mx\/index.php\/2024\/02\/12\/vision-de-futuro-distintivo-de-la-comunidad-de-la-uaemex-delfina-gomez-alvarez\/\" \/>\n<meta property=\"og:locale\" content=\"es_MX\" \/>\n<meta property=\"og:type\" content=\"article\" \/>\n<meta property=\"og:title\" content=\"VISI\u00d3N DE FUTURO, DISTINTIVO DE LA COMUNIDAD DE LA UAEM\u00c9X: DELFINA G\u00d3MEZ \u00c1LVAREZ - Expresso Metropolitano\" \/>\n<meta property=\"og:description\" content=\"En las facultades de Medicina, Odontolog\u00eda y Planeaci\u00f3n Urbana y Regional, la gobernadora del Estado de M\u00e9xico, Delfina G\u00f3mez \u00c1lvarez, y el rector de la Universidad Aut\u00f3noma del Estado de M\u00e9xico, Carlos Eduardo Barrera D\u00edaz, entregaron obras y equipamiento.\" \/>\n<meta property=\"og:url\" content=\"https:\/\/expressometro.mx\/index.php\/2024\/02\/12\/vision-de-futuro-distintivo-de-la-comunidad-de-la-uaemex-delfina-gomez-alvarez\/\" \/>\n<meta property=\"og:site_name\" content=\"Expresso Metropolitano\" \/>\n<meta property=\"article:published_time\" content=\"2024-02-12T20:14:00+00:00\" \/>\n<meta property=\"article:modified_time\" content=\"2024-03-04T20:19:33+00:00\" \/>\n<meta property=\"og:image\" content=\"http:\/\/expressometro.mx\/wp-content\/uploads\/2024\/03\/WhatsApp-Image-2024-03-04-at-1.16.57-PM.jpeg\" \/>\n\t<meta property=\"og:image:width\" content=\"800\" \/>\n\t<meta property=\"og:image:height\" content=\"533\" \/>\n\t<meta property=\"og:image:type\" content=\"image\/jpeg\" \/>\n<meta name=\"author\" content=\"Expresso Metropolitano\" \/>\n<meta name=\"twitter:label1\" content=\"Escrito por\" \/>\n\t<meta name=\"twitter:data1\" content=\"Expresso Metropolitano\" \/>\n\t<meta name=\"twitter:label2\" content=\"Tiempo de lectura\" \/>\n\t<meta name=\"twitter:data2\" content=\"3 minutos\" \/>\n<script type=\"application\/ld+json\" class=\"yoast-schema-graph\">{\"@context\":\"https:\\\/\\\/schema.org\",\"@graph\":[{\"@type\":\"Article\",\"@id\":\"https:\\\/\\\/expressometro.mx\\\/index.php\\\/2024\\\/02\\\/12\\\/vision-de-futuro-distintivo-de-la-comunidad-de-la-uaemex-delfina-gomez-alvarez\\\/#article\",\"isPartOf\":{\"@id\":\"https:\\\/\\\/expressometro.mx\\\/index.php\\\/2024\\\/02\\\/12\\\/vision-de-futuro-distintivo-de-la-comunidad-de-la-uaemex-delfina-gomez-alvarez\\\/\"},\"author\":{\"name\":\"Expresso Metropolitano\",\"@id\":\"https:\\\/\\\/expressometro.mx\\\/#\\\/schema\\\/person\\\/efa971b4a0664db8ed5c22b1b0dd2f5d\"},\"headline\":\"VISI\u00d3N DE FUTURO, DISTINTIVO DE LA COMUNIDAD DE LA UAEM\u00c9X: DELFINA G\u00d3MEZ \u00c1LVAREZ\",\"datePublished\":\"2024-02-12T20:14:00+00:00\",\"dateModified\":\"2024-03-04T20:19:33+00:00\",\"mainEntityOfPage\":{\"@id\":\"https:\\\/\\\/expressometro.mx\\\/index.php\\\/2024\\\/02\\\/12\\\/vision-de-futuro-distintivo-de-la-comunidad-de-la-uaemex-delfina-gomez-alvarez\\\/\"},\"wordCount\":617,\"commentCount\":0,\"publisher\":{\"@id\":\"https:\\\/\\\/expressometro.mx\\\/#organization\"},\"image\":{\"@id\":\"https:\\\/\\\/expressometro.mx\\\/index.php\\\/2024\\\/02\\\/12\\\/vision-de-futuro-distintivo-de-la-comunidad-de-la-uaemex-delfina-gomez-alvarez\\\/#primaryimage\"},\"thumbnailUrl\":\"https:\\\/\\\/expressometro.mx\\\/wp-content\\\/uploads\\\/2024\\\/03\\\/WhatsApp-Image-2024-03-04-at-1.16.57-PM.jpeg\",\"keywords\":[\"Carlos Eduardo Barrera D\u00edaz\",\"Edomex\",\"GEM\",\"UAEMex\"],\"articleSection\":[\"Educaci\u00f3n\",\"Gobierno\",\"Otros\",\"Pol\u00edtica\"],\"inLanguage\":\"es\",\"potentialAction\":[{\"@type\":\"CommentAction\",\"name\":\"Comment\",\"target\":[\"https:\\\/\\\/expressometro.mx\\\/index.php\\\/2024\\\/02\\\/12\\\/vision-de-futuro-distintivo-de-la-comunidad-de-la-uaemex-delfina-gomez-alvarez\\\/#respond\"]}]},{\"@type\":\"WebPage\",\"@id\":\"https:\\\/\\\/expressometro.mx\\\/index.php\\\/2024\\\/02\\\/12\\\/vision-de-futuro-distintivo-de-la-comunidad-de-la-uaemex-delfina-gomez-alvarez\\\/\",\"url\":\"https:\\\/\\\/expressometro.mx\\\/index.php\\\/2024\\\/02\\\/12\\\/vision-de-futuro-distintivo-de-la-comunidad-de-la-uaemex-delfina-gomez-alvarez\\\/\",\"name\":\"VISI\u00d3N DE FUTURO, DISTINTIVO DE LA COMUNIDAD DE LA UAEM\u00c9X: DELFINA G\u00d3MEZ \u00c1LVAREZ - Expresso Metropolitano\",\"isPartOf\":{\"@id\":\"https:\\\/\\\/expressometro.mx\\\/#website\"},\"primaryImageOfPage\":{\"@id\":\"https:\\\/\\\/expressometro.mx\\\/index.php\\\/2024\\\/02\\\/12\\\/vision-de-futuro-distintivo-de-la-comunidad-de-la-uaemex-delfina-gomez-alvarez\\\/#primaryimage\"},\"image\":{\"@id\":\"https:\\\/\\\/expressometro.mx\\\/index.php\\\/2024\\\/02\\\/12\\\/vision-de-futuro-distintivo-de-la-comunidad-de-la-uaemex-delfina-gomez-alvarez\\\/#primaryimage\"},\"thumbnailUrl\":\"https:\\\/\\\/expressometro.mx\\\/wp-content\\\/uploads\\\/2024\\\/03\\\/WhatsApp-Image-2024-03-04-at-1.16.57-PM.jpeg\",\"datePublished\":\"2024-02-12T20:14:00+00:00\",\"dateModified\":\"2024-03-04T20:19:33+00:00\",\"breadcrumb\":{\"@id\":\"https:\\\/\\\/expressometro.mx\\\/index.php\\\/2024\\\/02\\\/12\\\/vision-de-futuro-distintivo-de-la-comunidad-de-la-uaemex-delfina-gomez-alvarez\\\/#breadcrumb\"},\"inLanguage\":\"es\",\"potentialAction\":[{\"@type\":\"ReadAction\",\"target\":[\"https:\\\/\\\/expressometro.mx\\\/index.php\\\/2024\\\/02\\\/12\\\/vision-de-futuro-distintivo-de-la-comunidad-de-la-uaemex-delfina-gomez-alvarez\\\/\"]}]},{\"@type\":\"ImageObject\",\"inLanguage\":\"es\",\"@id\":\"https:\\\/\\\/expressometro.mx\\\/index.php\\\/2024\\\/02\\\/12\\\/vision-de-futuro-distintivo-de-la-comunidad-de-la-uaemex-delfina-gomez-alvarez\\\/#primaryimage\",\"url\":\"https:\\\/\\\/expressometro.mx\\\/wp-content\\\/uploads\\\/2024\\\/03\\\/WhatsApp-Image-2024-03-04-at-1.16.57-PM.jpeg\",\"contentUrl\":\"https:\\\/\\\/expressometro.mx\\\/wp-content\\\/uploads\\\/2024\\\/03\\\/WhatsApp-Image-2024-03-04-at-1.16.57-PM.jpeg\",\"width\":800,\"height\":533},{\"@type\":\"BreadcrumbList\",\"@id\":\"https:\\\/\\\/expressometro.mx\\\/index.php\\\/2024\\\/02\\\/12\\\/vision-de-futuro-distintivo-de-la-comunidad-de-la-uaemex-delfina-gomez-alvarez\\\/#breadcrumb\",\"itemListElement\":[{\"@type\":\"ListItem\",\"position\":1,\"name\":\"Inicio\",\"item\":\"https:\\\/\\\/expressometro.mx\\\/\"},{\"@type\":\"ListItem\",\"position\":2,\"name\":\"VISI\u00d3N DE FUTURO, DISTINTIVO DE LA COMUNIDAD DE LA UAEM\u00c9X: DELFINA G\u00d3MEZ \u00c1LVAREZ\"}]},{\"@type\":\"WebSite\",\"@id\":\"https:\\\/\\\/expressometro.mx\\\/#website\",\"url\":\"https:\\\/\\\/expressometro.mx\\\/\",\"name\":\"Expresso Metropolitano\",\"description\":\"Periodismo comprometido, informaci\u00f3n, investigaci\u00f3n y an\u00e1lisis\",\"publisher\":{\"@id\":\"https:\\\/\\\/expressometro.mx\\\/#organization\"},\"potentialAction\":[{\"@type\":\"SearchAction\",\"target\":{\"@type\":\"EntryPoint\",\"urlTemplate\":\"https:\\\/\\\/expressometro.mx\\\/?s={search_term_string}\"},\"query-input\":{\"@type\":\"PropertyValueSpecification\",\"valueRequired\":true,\"valueName\":\"search_term_string\"}}],\"inLanguage\":\"es\"},{\"@type\":\"Organization\",\"@id\":\"https:\\\/\\\/expressometro.mx\\\/#organization\",\"name\":\"Expresso Metropolitano\",\"url\":\"https:\\\/\\\/expressometro.mx\\\/\",\"logo\":{\"@type\":\"ImageObject\",\"inLanguage\":\"es\",\"@id\":\"https:\\\/\\\/expressometro.mx\\\/#\\\/schema\\\/logo\\\/image\\\/\",\"url\":\"https:\\\/\\\/expressometro.mx\\\/wp-content\\\/uploads\\\/2019\\\/07\\\/cropped-Logo-Expresso-Metropolitano-1-1.jpeg\",\"contentUrl\":\"https:\\\/\\\/expressometro.mx\\\/wp-content\\\/uploads\\\/2019\\\/07\\\/cropped-Logo-Expresso-Metropolitano-1-1.jpeg\",\"width\":290,\"height\":73,\"caption\":\"Expresso Metropolitano\"},\"image\":{\"@id\":\"https:\\\/\\\/expressometro.mx\\\/#\\\/schema\\\/logo\\\/image\\\/\"}},{\"@type\":\"Person\",\"@id\":\"https:\\\/\\\/expressometro.mx\\\/#\\\/schema\\\/person\\\/efa971b4a0664db8ed5c22b1b0dd2f5d\",\"name\":\"Expresso Metropolitano\",\"image\":{\"@type\":\"ImageObject\",\"inLanguage\":\"es\",\"@id\":\"https:\\\/\\\/secure.gravatar.com\\\/avatar\\\/a89f802b8de18c6952f223c88d3d106e9e3679839f4e25a02f4a6cc2ae6ba3b3?s=96&d=mm&r=g\",\"url\":\"https:\\\/\\\/secure.gravatar.com\\\/avatar\\\/a89f802b8de18c6952f223c88d3d106e9e3679839f4e25a02f4a6cc2ae6ba3b3?s=96&d=mm&r=g\",\"contentUrl\":\"https:\\\/\\\/secure.gravatar.com\\\/avatar\\\/a89f802b8de18c6952f223c88d3d106e9e3679839f4e25a02f4a6cc2ae6ba3b3?s=96&d=mm&r=g\",\"caption\":\"Expresso Metropolitano\"},\"url\":\"https:\\\/\\\/expressometro.mx\\\/index.php\\\/author\\\/diego\\\/\"}]}<\/script>\n<!-- \/ Yoast SEO plugin. -->","yoast_head_json":{"title":"VISI\u00d3N DE FUTURO, DISTINTIVO DE LA COMUNIDAD DE LA UAEM\u00c9X: DELFINA G\u00d3MEZ \u00c1LVAREZ - Expresso Metropolitano","robots":{"index":"index","follow":"follow","max-snippet":"max-snippet:-1","max-image-preview":"max-image-preview:large","max-video-preview":"max-video-preview:-1"},"canonical":"https:\/\/expressometro.mx\/index.php\/2024\/02\/12\/vision-de-futuro-distintivo-de-la-comunidad-de-la-uaemex-delfina-gomez-alvarez\/","og_locale":"es_MX","og_type":"article","og_title":"VISI\u00d3N DE FUTURO, DISTINTIVO DE LA COMUNIDAD DE LA UAEM\u00c9X: DELFINA G\u00d3MEZ \u00c1LVAREZ - Expresso Metropolitano","og_description":"En las facultades de Medicina, Odontolog\u00eda y Planeaci\u00f3n Urbana y Regional, la gobernadora del Estado de M\u00e9xico, Delfina G\u00f3mez \u00c1lvarez, y el rector de la Universidad Aut\u00f3noma del Estado de M\u00e9xico, Carlos Eduardo Barrera D\u00edaz, entregaron obras y equipamiento.","og_url":"https:\/\/expressometro.mx\/index.php\/2024\/02\/12\/vision-de-futuro-distintivo-de-la-comunidad-de-la-uaemex-delfina-gomez-alvarez\/","og_site_name":"Expresso Metropolitano","article_published_time":"2024-02-12T20:14:00+00:00","article_modified_time":"2024-03-04T20:19:33+00:00","og_image":[{"width":800,"height":533,"url":"http:\/\/expressometro.mx\/wp-content\/uploads\/2024\/03\/WhatsApp-Image-2024-03-04-at-1.16.57-PM.jpeg","type":"image\/jpeg"}],"author":"Expresso Metropolitano","twitter_misc":{"Escrito por":"Expresso Metropolitano","Tiempo de lectura":"3 minutos"},"schema":{"@context":"https:\/\/schema.org","@graph":[{"@type":"Article","@id":"https:\/\/expressometro.mx\/index.php\/2024\/02\/12\/vision-de-futuro-distintivo-de-la-comunidad-de-la-uaemex-delfina-gomez-alvarez\/#article","isPartOf":{"@id":"https:\/\/expressometro.mx\/index.php\/2024\/02\/12\/vision-de-futuro-distintivo-de-la-comunidad-de-la-uaemex-delfina-gomez-alvarez\/"},"author":{"name":"Expresso Metropolitano","@id":"https:\/\/expressometro.mx\/#\/schema\/person\/efa971b4a0664db8ed5c22b1b0dd2f5d"},"headline":"VISI\u00d3N DE FUTURO, DISTINTIVO DE LA COMUNIDAD DE LA UAEM\u00c9X: DELFINA G\u00d3MEZ \u00c1LVAREZ","datePublished":"2024-02-12T20:14:00+00:00","dateModified":"2024-03-04T20:19:33+00:00","mainEntityOfPage":{"@id":"https:\/\/expressometro.mx\/index.php\/2024\/02\/12\/vision-de-futuro-distintivo-de-la-comunidad-de-la-uaemex-delfina-gomez-alvarez\/"},"wordCount":617,"commentCount":0,"publisher":{"@id":"https:\/\/expressometro.mx\/#organization"},"image":{"@id":"https:\/\/expressometro.mx\/index.php\/2024\/02\/12\/vision-de-futuro-distintivo-de-la-comunidad-de-la-uaemex-delfina-gomez-alvarez\/#primaryimage"},"thumbnailUrl":"https:\/\/expressometro.mx\/wp-content\/uploads\/2024\/03\/WhatsApp-Image-2024-03-04-at-1.16.57-PM.jpeg","keywords":["Carlos Eduardo Barrera D\u00edaz","Edomex","GEM","UAEMex"],"articleSection":["Educaci\u00f3n","Gobierno","Otros","Pol\u00edtica"],"inLanguage":"es","potentialAction":[{"@type":"CommentAction","name":"Comment","target":["https:\/\/expressometro.mx\/index.php\/2024\/02\/12\/vision-de-futuro-distintivo-de-la-comunidad-de-la-uaemex-delfina-gomez-alvarez\/#respond"]}]},{"@type":"WebPage","@id":"https:\/\/expressometro.mx\/index.php\/2024\/02\/12\/vision-de-futuro-distintivo-de-la-comunidad-de-la-uaemex-delfina-gomez-alvarez\/","url":"https:\/\/expressometro.mx\/index.php\/2024\/02\/12\/vision-de-futuro-distintivo-de-la-comunidad-de-la-uaemex-delfina-gomez-alvarez\/","name":"VISI\u00d3N DE FUTURO, DISTINTIVO DE LA COMUNIDAD DE LA UAEM\u00c9X: DELFINA G\u00d3MEZ \u00c1LVAREZ - Expresso Metropolitano","isPartOf":{"@id":"https:\/\/expressometro.mx\/#website"},"primaryImageOfPage":{"@id":"https:\/\/expressometro.mx\/index.php\/2024\/02\/12\/vision-de-futuro-distintivo-de-la-comunidad-de-la-uaemex-delfina-gomez-alvarez\/#primaryimage"},"image":{"@id":"https:\/\/expressometro.mx\/index.php\/2024\/02\/12\/vision-de-futuro-distintivo-de-la-comunidad-de-la-uaemex-delfina-gomez-alvarez\/#primaryimage"},"thumbnailUrl":"https:\/\/expressometro.mx\/wp-content\/uploads\/2024\/03\/WhatsApp-Image-2024-03-04-at-1.16.57-PM.jpeg","datePublished":"2024-02-12T20:14:00+00:00","dateModified":"2024-03-04T20:19:33+00:00","breadcrumb":{"@id":"https:\/\/expressometro.mx\/index.php\/2024\/02\/12\/vision-de-futuro-distintivo-de-la-comunidad-de-la-uaemex-delfina-gomez-alvarez\/#breadcrumb"},"inLanguage":"es","potentialAction":[{"@type":"ReadAction","target":["https:\/\/expressometro.mx\/index.php\/2024\/02\/12\/vision-de-futuro-distintivo-de-la-comunidad-de-la-uaemex-delfina-gomez-alvarez\/"]}]},{"@type":"ImageObject","inLanguage":"es","@id":"https:\/\/expressometro.mx\/index.php\/2024\/02\/12\/vision-de-futuro-distintivo-de-la-comunidad-de-la-uaemex-delfina-gomez-alvarez\/#primaryimage","url":"https:\/\/expressometro.mx\/wp-content\/uploads\/2024\/03\/WhatsApp-Image-2024-03-04-at-1.16.57-PM.jpeg","contentUrl":"https:\/\/expressometro.mx\/wp-content\/uploads\/2024\/03\/WhatsApp-Image-2024-03-04-at-1.16.57-PM.jpeg","width":800,"height":533},{"@type":"BreadcrumbList","@id":"https:\/\/expressometro.mx\/index.php\/2024\/02\/12\/vision-de-futuro-distintivo-de-la-comunidad-de-la-uaemex-delfina-gomez-alvarez\/#breadcrumb","itemListElement":[{"@type":"ListItem","position":1,"name":"Inicio","item":"https:\/\/expressometro.mx\/"},{"@type":"ListItem","position":2,"name":"VISI\u00d3N DE FUTURO, DISTINTIVO DE LA COMUNIDAD DE LA UAEM\u00c9X: DELFINA G\u00d3MEZ \u00c1LVAREZ"}]},{"@type":"WebSite","@id":"https:\/\/expressometro.mx\/#website","url":"https:\/\/expressometro.mx\/","name":"Expresso Metropolitano","description":"Periodismo comprometido, informaci\u00f3n, investigaci\u00f3n y an\u00e1lisis","publisher":{"@id":"https:\/\/expressometro.mx\/#organization"},"potentialAction":[{"@type":"SearchAction","target":{"@type":"EntryPoint","urlTemplate":"https:\/\/expressometro.mx\/?s={search_term_string}"},"query-input":{"@type":"PropertyValueSpecification","valueRequired":true,"valueName":"search_term_string"}}],"inLanguage":"es"},{"@type":"Organization","@id":"https:\/\/expressometro.mx\/#organization","name":"Expresso Metropolitano","url":"https:\/\/expressometro.mx\/","logo":{"@type":"ImageObject","inLanguage":"es","@id":"https:\/\/expressometro.mx\/#\/schema\/logo\/image\/","url":"https:\/\/expressometro.mx\/wp-content\/uploads\/2019\/07\/cropped-Logo-Expresso-Metropolitano-1-1.jpeg","contentUrl":"https:\/\/expressometro.mx\/wp-content\/uploads\/2019\/07\/cropped-Logo-Expresso-Metropolitano-1-1.jpeg","width":290,"height":73,"caption":"Expresso Metropolitano"},"image":{"@id":"https:\/\/expressometro.mx\/#\/schema\/logo\/image\/"}},{"@type":"Person","@id":"https:\/\/expressometro.mx\/#\/schema\/person\/efa971b4a0664db8ed5c22b1b0dd2f5d","name":"Expresso Metropolitano","image":{"@type":"ImageObject","inLanguage":"es","@id":"https:\/\/secure.gravatar.com\/avatar\/a89f802b8de18c6952f223c88d3d106e9e3679839f4e25a02f4a6cc2ae6ba3b3?s=96&d=mm&r=g","url":"https:\/\/secure.gravatar.com\/avatar\/a89f802b8de18c6952f223c88d3d106e9e3679839f4e25a02f4a6cc2ae6ba3b3?s=96&d=mm&r=g","contentUrl":"https:\/\/secure.gravatar.com\/avatar\/a89f802b8de18c6952f223c88d3d106e9e3679839f4e25a02f4a6cc2ae6ba3b3?s=96&d=mm&r=g","caption":"Expresso Metropolitano"},"url":"https:\/\/expressometro.mx\/index.php\/author\/diego\/"}]}},"amp_enabled":true,"_links":{"self":[{"href":"https:\/\/expressometro.mx\/index.php\/wp-json\/wp\/v2\/posts\/8744","targetHints":{"allow":["GET"]}}],"collection":[{"href":"https:\/\/expressometro.mx\/index.php\/wp-json\/wp\/v2\/posts"}],"about":[{"href":"https:\/\/expressometro.mx\/index.php\/wp-json\/wp\/v2\/types\/post"}],"author":[{"embeddable":true,"href":"https:\/\/expressometro.mx\/index.php\/wp-json\/wp\/v2\/users\/1"}],"replies":[{"embeddable":true,"href":"https:\/\/expressometro.mx\/index.php\/wp-json\/wp\/v2\/comments?post=8744"}],"version-history":[{"count":1,"href":"https:\/\/expressometro.mx\/index.php\/wp-json\/wp\/v2\/posts\/8744\/revisions"}],"predecessor-version":[{"id":8747,"href":"https:\/\/expressometro.mx\/index.php\/wp-json\/wp\/v2\/posts\/8744\/revisions\/8747"}],"wp:featuredmedia":[{"embeddable":true,"href":"https:\/\/expressometro.mx\/index.php\/wp-json\/wp\/v2\/media\/8746"}],"wp:attachment":[{"href":"https:\/\/expressometro.mx\/index.php\/wp-json\/wp\/v2\/media?parent=8744"}],"wp:term":[{"taxonomy":"category","embeddable":true,"href":"https:\/\/expressometro.mx\/index.php\/wp-json\/wp\/v2\/categories?post=8744"},{"taxonomy":"post_tag","embeddable":true,"href":"https:\/\/expressometro.mx\/index.php\/wp-json\/wp\/v2\/tags?post=8744"}],"curies":[{"name":"wp","href":"https:\/\/api.w.org\/{rel}","templated":true}]}}