{"id":8729,"date":"2024-02-25T13:42:07","date_gmt":"2024-02-25T19:42:07","guid":{"rendered":"https:\/\/expressometro.mx\/?p=8729"},"modified":"2024-03-04T13:46:34","modified_gmt":"2024-03-04T19:46:34","slug":"reflexionan-en-la-uaemex-sobre-los-retos-actuales-de-la-comunicacion-institucional-en-el-estado-de-mexico","status":"publish","type":"post","link":"https:\/\/expressometro.mx\/index.php\/2024\/02\/25\/reflexionan-en-la-uaemex-sobre-los-retos-actuales-de-la-comunicacion-institucional-en-el-estado-de-mexico\/","title":{"rendered":"REFLEXIONAN EN LA UAEM\u00c9X SOBRE LOS RETOS ACTUALES DE LA COMUNICACI\u00d3N INSTITUCIONAL EN EL ESTADO DE M\u00c9XICO"},"content":{"rendered":"\n<ul class=\"wp-block-list\">\n<li>Las titulares de las \u00e1reas de comunicaci\u00f3n del Gobierno del Estado de M\u00e9xico, el Poder Judicial estatal, la UAEM\u00e9x, el Infoem y el Secretariado Ejecutivo del Sistema Estatal Anticorrupci\u00f3n, destacaron que la infodemia es uno de los principales retos en la comunicaci\u00f3n institucional.<\/li>\n<\/ul>\n\n\n\n<p>Acercarse a todos los p\u00fablicos posibles, principalmente a las juventudes, en el Estado de M\u00e9xico es uno de los retos que enfrentan las instituciones coincidieron las titulares de las \u00e1reas de comunicaci\u00f3n social del Gobierno del Estado de M\u00e9xico, el Poder Judicial estatal, la Universidad Aut\u00f3noma del Estado de M\u00e9xico (UAEM\u00e9x), el Instituto de Transparencia, Acceso a la Informaci\u00f3n P\u00fablica y Protecci\u00f3n de Datos Personales (Infoem) y el Secretariado Ejecutivo del Sistema Estatal Anticorrupci\u00f3n.<\/p>\n\n\n\n<p>Durante el conversatorio \u201cLa Comunicaci\u00f3n Institucional en el Estado de M\u00e9xico. \u00bfCambio de Paradigma?\u201d, el cual fue moderado por la acad\u00e9mica, Edith Cort\u00e9s Romero y ante la directora de la Facultad de Ciencias Pol\u00edticas y Sociales, Laura Benhumea Gonz\u00e1lez, a\u00f1adieron que ante la infodemia es necesario pensar en las pol\u00edticas y estrategias comunicativas que permitan llegar al p\u00fablico meta.<\/p>\n\n\n\n<p>En el acto organizado por el acad\u00e9mico, Ricardo Joya Cepeda y con la participaci\u00f3n del estudiantado de la Licenciatura en Comunicaci\u00f3n, la coordinadora General de Comunicaci\u00f3n Social del Gobierno del Estado de M\u00e9xico, Nayeli G\u00f3mez Castillo y la directora General de Comunicaci\u00f3n Universitaria, Ginarely Valencia Alc\u00e1ntara, coincidieron en que el crecimiento de las redes sociales obliga a desarrollar mensajes para todas las plataformas digitales e identificar los h\u00e1bitos de consumo de medios para organizar la informaci\u00f3n y desarrollar los mensajes de acuerdo con las necesidades de la comunidad a la que van dirigidos.<\/p>\n\n\n\n<p>En su oportunidad, la coordinadora general de Comunicaci\u00f3n Social del Poder Judicial del Estado de M\u00e9xico, Martha Valdespino Vargas, destac\u00f3 que como comunicadoras, se tiene que aprender los lenguajes adecuados para poder transmitir la informaci\u00f3n especializada -como la del Poder Judicial-, por ello es fundamental conocer el lenguaje y la comunidad de la instituci\u00f3n p\u00fablica que se representa para difundir adecuadamente la informaci\u00f3n a la ciudadan\u00eda.<\/p>\n\n\n\n<p>En tanto, las titulares de la Unidad de Comunicaci\u00f3n del Instituto de Transparencia, Acceso a la Informaci\u00f3n P\u00fablica y Protecci\u00f3n de Datos Personales (INFOEM), Wendy Magali Acosta Avenda\u00f1o y la Subdirectora de Difusi\u00f3n y Comunicaci\u00f3n Social de la Secretar\u00eda Ejecutiva del Sistema Estatal Anticorrupci\u00f3n (SESAEMM), Mar\u00eda del Rosario Joya Cepeda, abundaron que para lograr una comunicaci\u00f3n institucional cercana es necesario construir puentes entre lo que se hacen dentro de las instituciones p\u00fablicas y c\u00f3mo es que se comunica dentro de la misma instituci\u00f3n. Adem\u00e1s, consideraron necesario generar canales de comunicaci\u00f3n abiertos para la ciudadan\u00eda y la atenci\u00f3n a medios de comunicaci\u00f3n.<\/p>\n\n\n\n<p>Finalmente, las servidoras p\u00fablicas destacaron que sus capacidades profesionales les han permitido afrontar de forma positiva los obst\u00e1culos que la profesi\u00f3n tiene, sin importar el g\u00e9nero, por lo que, subrayaron que las futuras generaciones contar\u00e1n con mayores oportunidades gracias al trabajo que mujeres y hombres han realizado en estas \u00e1reas.<\/p>\n","protected":false},"excerpt":{"rendered":"<p>Las titulares de las \u00e1reas de comunicaci\u00f3n del Gobierno del Estado de M\u00e9xico, el Poder Judicial estatal, la UAEM\u00e9x, el Infoem y el Secretariado Ejecutivo del Sistema Estatal Anticorrupci\u00f3n, destacaron que la infodemia es uno de los principales retos en la comunicaci\u00f3n institucional.<\/p>\n","protected":false},"author":1,"featured_media":8731,"comment_status":"open","ping_status":"open","sticky":false,"template":"","format":"standard","meta":{"footnotes":""},"categories":[108,3,1],"tags":[313,1982,86,82],"class_list":["post-8729","post","type-post","status-publish","format-standard","has-post-thumbnail","hentry","category-educacion","category-gobierno","category-otros","tag-carlos-eduardo-barrera-diaz","tag-edomex","tag-gem","tag-uaemex"],"yoast_head":"<!-- This site is optimized with the Yoast SEO plugin v27.4 - https:\/\/yoast.com\/product\/yoast-seo-wordpress\/ -->\n<title>REFLEXIONAN EN LA UAEM\u00c9X SOBRE LOS RETOS ACTUALES DE LA COMUNICACI\u00d3N INSTITUCIONAL EN EL ESTADO DE M\u00c9XICO - Expresso Metropolitano<\/title>\n<meta name=\"robots\" content=\"index, follow, max-snippet:-1, max-image-preview:large, max-video-preview:-1\" \/>\n<link rel=\"canonical\" href=\"https:\/\/expressometro.mx\/index.php\/2024\/02\/25\/reflexionan-en-la-uaemex-sobre-los-retos-actuales-de-la-comunicacion-institucional-en-el-estado-de-mexico\/\" \/>\n<meta property=\"og:locale\" content=\"es_MX\" \/>\n<meta property=\"og:type\" content=\"article\" \/>\n<meta property=\"og:title\" content=\"REFLEXIONAN EN LA UAEM\u00c9X SOBRE LOS RETOS ACTUALES DE LA COMUNICACI\u00d3N INSTITUCIONAL EN EL ESTADO DE M\u00c9XICO - Expresso Metropolitano\" \/>\n<meta property=\"og:description\" content=\"Las titulares de las \u00e1reas de comunicaci\u00f3n del Gobierno del Estado de M\u00e9xico, el Poder Judicial estatal, la UAEM\u00e9x, el Infoem y el Secretariado Ejecutivo del Sistema Estatal Anticorrupci\u00f3n, destacaron que la infodemia es uno de los principales retos en la comunicaci\u00f3n institucional.\" \/>\n<meta property=\"og:url\" content=\"https:\/\/expressometro.mx\/index.php\/2024\/02\/25\/reflexionan-en-la-uaemex-sobre-los-retos-actuales-de-la-comunicacion-institucional-en-el-estado-de-mexico\/\" \/>\n<meta property=\"og:site_name\" content=\"Expresso Metropolitano\" \/>\n<meta property=\"article:published_time\" content=\"2024-02-25T19:42:07+00:00\" \/>\n<meta property=\"article:modified_time\" content=\"2024-03-04T19:46:34+00:00\" \/>\n<meta property=\"og:image\" content=\"http:\/\/expressometro.mx\/wp-content\/uploads\/2024\/03\/WhatsApp-Image-2024-03-04-at-1.09.44-PM.jpeg\" \/>\n\t<meta property=\"og:image:width\" content=\"960\" \/>\n\t<meta property=\"og:image:height\" content=\"640\" \/>\n\t<meta property=\"og:image:type\" content=\"image\/jpeg\" \/>\n<meta name=\"author\" content=\"Expresso Metropolitano\" \/>\n<meta name=\"twitter:label1\" content=\"Escrito por\" \/>\n\t<meta name=\"twitter:data1\" content=\"Expresso Metropolitano\" \/>\n\t<meta name=\"twitter:label2\" content=\"Tiempo de lectura\" \/>\n\t<meta name=\"twitter:data2\" content=\"3 minutos\" \/>\n<script type=\"application\/ld+json\" class=\"yoast-schema-graph\">{\"@context\":\"https:\\\/\\\/schema.org\",\"@graph\":[{\"@type\":\"Article\",\"@id\":\"https:\\\/\\\/expressometro.mx\\\/index.php\\\/2024\\\/02\\\/25\\\/reflexionan-en-la-uaemex-sobre-los-retos-actuales-de-la-comunicacion-institucional-en-el-estado-de-mexico\\\/#article\",\"isPartOf\":{\"@id\":\"https:\\\/\\\/expressometro.mx\\\/index.php\\\/2024\\\/02\\\/25\\\/reflexionan-en-la-uaemex-sobre-los-retos-actuales-de-la-comunicacion-institucional-en-el-estado-de-mexico\\\/\"},\"author\":{\"name\":\"Expresso Metropolitano\",\"@id\":\"https:\\\/\\\/expressometro.mx\\\/#\\\/schema\\\/person\\\/efa971b4a0664db8ed5c22b1b0dd2f5d\"},\"headline\":\"REFLEXIONAN EN LA UAEM\u00c9X SOBRE LOS RETOS ACTUALES DE LA COMUNICACI\u00d3N INSTITUCIONAL EN EL ESTADO DE M\u00c9XICO\",\"datePublished\":\"2024-02-25T19:42:07+00:00\",\"dateModified\":\"2024-03-04T19:46:34+00:00\",\"mainEntityOfPage\":{\"@id\":\"https:\\\/\\\/expressometro.mx\\\/index.php\\\/2024\\\/02\\\/25\\\/reflexionan-en-la-uaemex-sobre-los-retos-actuales-de-la-comunicacion-institucional-en-el-estado-de-mexico\\\/\"},\"wordCount\":572,\"commentCount\":0,\"publisher\":{\"@id\":\"https:\\\/\\\/expressometro.mx\\\/#organization\"},\"image\":{\"@id\":\"https:\\\/\\\/expressometro.mx\\\/index.php\\\/2024\\\/02\\\/25\\\/reflexionan-en-la-uaemex-sobre-los-retos-actuales-de-la-comunicacion-institucional-en-el-estado-de-mexico\\\/#primaryimage\"},\"thumbnailUrl\":\"https:\\\/\\\/expressometro.mx\\\/wp-content\\\/uploads\\\/2024\\\/03\\\/WhatsApp-Image-2024-03-04-at-1.09.44-PM.jpeg\",\"keywords\":[\"Carlos Eduardo Barrera D\u00edaz\",\"Edomex\",\"GEM\",\"UAEMex\"],\"articleSection\":[\"Educaci\u00f3n\",\"Gobierno\",\"Otros\"],\"inLanguage\":\"es\",\"potentialAction\":[{\"@type\":\"CommentAction\",\"name\":\"Comment\",\"target\":[\"https:\\\/\\\/expressometro.mx\\\/index.php\\\/2024\\\/02\\\/25\\\/reflexionan-en-la-uaemex-sobre-los-retos-actuales-de-la-comunicacion-institucional-en-el-estado-de-mexico\\\/#respond\"]}]},{\"@type\":\"WebPage\",\"@id\":\"https:\\\/\\\/expressometro.mx\\\/index.php\\\/2024\\\/02\\\/25\\\/reflexionan-en-la-uaemex-sobre-los-retos-actuales-de-la-comunicacion-institucional-en-el-estado-de-mexico\\\/\",\"url\":\"https:\\\/\\\/expressometro.mx\\\/index.php\\\/2024\\\/02\\\/25\\\/reflexionan-en-la-uaemex-sobre-los-retos-actuales-de-la-comunicacion-institucional-en-el-estado-de-mexico\\\/\",\"name\":\"REFLEXIONAN EN LA UAEM\u00c9X SOBRE LOS RETOS ACTUALES DE LA COMUNICACI\u00d3N INSTITUCIONAL EN EL ESTADO DE M\u00c9XICO - Expresso Metropolitano\",\"isPartOf\":{\"@id\":\"https:\\\/\\\/expressometro.mx\\\/#website\"},\"primaryImageOfPage\":{\"@id\":\"https:\\\/\\\/expressometro.mx\\\/index.php\\\/2024\\\/02\\\/25\\\/reflexionan-en-la-uaemex-sobre-los-retos-actuales-de-la-comunicacion-institucional-en-el-estado-de-mexico\\\/#primaryimage\"},\"image\":{\"@id\":\"https:\\\/\\\/expressometro.mx\\\/index.php\\\/2024\\\/02\\\/25\\\/reflexionan-en-la-uaemex-sobre-los-retos-actuales-de-la-comunicacion-institucional-en-el-estado-de-mexico\\\/#primaryimage\"},\"thumbnailUrl\":\"https:\\\/\\\/expressometro.mx\\\/wp-content\\\/uploads\\\/2024\\\/03\\\/WhatsApp-Image-2024-03-04-at-1.09.44-PM.jpeg\",\"datePublished\":\"2024-02-25T19:42:07+00:00\",\"dateModified\":\"2024-03-04T19:46:34+00:00\",\"breadcrumb\":{\"@id\":\"https:\\\/\\\/expressometro.mx\\\/index.php\\\/2024\\\/02\\\/25\\\/reflexionan-en-la-uaemex-sobre-los-retos-actuales-de-la-comunicacion-institucional-en-el-estado-de-mexico\\\/#breadcrumb\"},\"inLanguage\":\"es\",\"potentialAction\":[{\"@type\":\"ReadAction\",\"target\":[\"https:\\\/\\\/expressometro.mx\\\/index.php\\\/2024\\\/02\\\/25\\\/reflexionan-en-la-uaemex-sobre-los-retos-actuales-de-la-comunicacion-institucional-en-el-estado-de-mexico\\\/\"]}]},{\"@type\":\"ImageObject\",\"inLanguage\":\"es\",\"@id\":\"https:\\\/\\\/expressometro.mx\\\/index.php\\\/2024\\\/02\\\/25\\\/reflexionan-en-la-uaemex-sobre-los-retos-actuales-de-la-comunicacion-institucional-en-el-estado-de-mexico\\\/#primaryimage\",\"url\":\"https:\\\/\\\/expressometro.mx\\\/wp-content\\\/uploads\\\/2024\\\/03\\\/WhatsApp-Image-2024-03-04-at-1.09.44-PM.jpeg\",\"contentUrl\":\"https:\\\/\\\/expressometro.mx\\\/wp-content\\\/uploads\\\/2024\\\/03\\\/WhatsApp-Image-2024-03-04-at-1.09.44-PM.jpeg\",\"width\":960,\"height\":640},{\"@type\":\"BreadcrumbList\",\"@id\":\"https:\\\/\\\/expressometro.mx\\\/index.php\\\/2024\\\/02\\\/25\\\/reflexionan-en-la-uaemex-sobre-los-retos-actuales-de-la-comunicacion-institucional-en-el-estado-de-mexico\\\/#breadcrumb\",\"itemListElement\":[{\"@type\":\"ListItem\",\"position\":1,\"name\":\"Inicio\",\"item\":\"https:\\\/\\\/expressometro.mx\\\/\"},{\"@type\":\"ListItem\",\"position\":2,\"name\":\"REFLEXIONAN EN LA UAEM\u00c9X SOBRE LOS RETOS ACTUALES DE LA COMUNICACI\u00d3N INSTITUCIONAL EN EL ESTADO DE M\u00c9XICO\"}]},{\"@type\":\"WebSite\",\"@id\":\"https:\\\/\\\/expressometro.mx\\\/#website\",\"url\":\"https:\\\/\\\/expressometro.mx\\\/\",\"name\":\"Expresso Metropolitano\",\"description\":\"Periodismo comprometido, informaci\u00f3n, investigaci\u00f3n y an\u00e1lisis\",\"publisher\":{\"@id\":\"https:\\\/\\\/expressometro.mx\\\/#organization\"},\"potentialAction\":[{\"@type\":\"SearchAction\",\"target\":{\"@type\":\"EntryPoint\",\"urlTemplate\":\"https:\\\/\\\/expressometro.mx\\\/?s={search_term_string}\"},\"query-input\":{\"@type\":\"PropertyValueSpecification\",\"valueRequired\":true,\"valueName\":\"search_term_string\"}}],\"inLanguage\":\"es\"},{\"@type\":\"Organization\",\"@id\":\"https:\\\/\\\/expressometro.mx\\\/#organization\",\"name\":\"Expresso Metropolitano\",\"url\":\"https:\\\/\\\/expressometro.mx\\\/\",\"logo\":{\"@type\":\"ImageObject\",\"inLanguage\":\"es\",\"@id\":\"https:\\\/\\\/expressometro.mx\\\/#\\\/schema\\\/logo\\\/image\\\/\",\"url\":\"https:\\\/\\\/expressometro.mx\\\/wp-content\\\/uploads\\\/2019\\\/07\\\/cropped-Logo-Expresso-Metropolitano-1-1.jpeg\",\"contentUrl\":\"https:\\\/\\\/expressometro.mx\\\/wp-content\\\/uploads\\\/2019\\\/07\\\/cropped-Logo-Expresso-Metropolitano-1-1.jpeg\",\"width\":290,\"height\":73,\"caption\":\"Expresso Metropolitano\"},\"image\":{\"@id\":\"https:\\\/\\\/expressometro.mx\\\/#\\\/schema\\\/logo\\\/image\\\/\"}},{\"@type\":\"Person\",\"@id\":\"https:\\\/\\\/expressometro.mx\\\/#\\\/schema\\\/person\\\/efa971b4a0664db8ed5c22b1b0dd2f5d\",\"name\":\"Expresso Metropolitano\",\"image\":{\"@type\":\"ImageObject\",\"inLanguage\":\"es\",\"@id\":\"https:\\\/\\\/secure.gravatar.com\\\/avatar\\\/a89f802b8de18c6952f223c88d3d106e9e3679839f4e25a02f4a6cc2ae6ba3b3?s=96&d=mm&r=g\",\"url\":\"https:\\\/\\\/secure.gravatar.com\\\/avatar\\\/a89f802b8de18c6952f223c88d3d106e9e3679839f4e25a02f4a6cc2ae6ba3b3?s=96&d=mm&r=g\",\"contentUrl\":\"https:\\\/\\\/secure.gravatar.com\\\/avatar\\\/a89f802b8de18c6952f223c88d3d106e9e3679839f4e25a02f4a6cc2ae6ba3b3?s=96&d=mm&r=g\",\"caption\":\"Expresso Metropolitano\"},\"url\":\"https:\\\/\\\/expressometro.mx\\\/index.php\\\/author\\\/diego\\\/\"}]}<\/script>\n<!-- \/ Yoast SEO plugin. -->","yoast_head_json":{"title":"REFLEXIONAN EN LA UAEM\u00c9X SOBRE LOS RETOS ACTUALES DE LA COMUNICACI\u00d3N INSTITUCIONAL EN EL ESTADO DE M\u00c9XICO - Expresso Metropolitano","robots":{"index":"index","follow":"follow","max-snippet":"max-snippet:-1","max-image-preview":"max-image-preview:large","max-video-preview":"max-video-preview:-1"},"canonical":"https:\/\/expressometro.mx\/index.php\/2024\/02\/25\/reflexionan-en-la-uaemex-sobre-los-retos-actuales-de-la-comunicacion-institucional-en-el-estado-de-mexico\/","og_locale":"es_MX","og_type":"article","og_title":"REFLEXIONAN EN LA UAEM\u00c9X SOBRE LOS RETOS ACTUALES DE LA COMUNICACI\u00d3N INSTITUCIONAL EN EL ESTADO DE M\u00c9XICO - Expresso Metropolitano","og_description":"Las titulares de las \u00e1reas de comunicaci\u00f3n del Gobierno del Estado de M\u00e9xico, el Poder Judicial estatal, la UAEM\u00e9x, el Infoem y el Secretariado Ejecutivo del Sistema Estatal Anticorrupci\u00f3n, destacaron que la infodemia es uno de los principales retos en la comunicaci\u00f3n institucional.","og_url":"https:\/\/expressometro.mx\/index.php\/2024\/02\/25\/reflexionan-en-la-uaemex-sobre-los-retos-actuales-de-la-comunicacion-institucional-en-el-estado-de-mexico\/","og_site_name":"Expresso Metropolitano","article_published_time":"2024-02-25T19:42:07+00:00","article_modified_time":"2024-03-04T19:46:34+00:00","og_image":[{"width":960,"height":640,"url":"http:\/\/expressometro.mx\/wp-content\/uploads\/2024\/03\/WhatsApp-Image-2024-03-04-at-1.09.44-PM.jpeg","type":"image\/jpeg"}],"author":"Expresso Metropolitano","twitter_misc":{"Escrito por":"Expresso Metropolitano","Tiempo de lectura":"3 minutos"},"schema":{"@context":"https:\/\/schema.org","@graph":[{"@type":"Article","@id":"https:\/\/expressometro.mx\/index.php\/2024\/02\/25\/reflexionan-en-la-uaemex-sobre-los-retos-actuales-de-la-comunicacion-institucional-en-el-estado-de-mexico\/#article","isPartOf":{"@id":"https:\/\/expressometro.mx\/index.php\/2024\/02\/25\/reflexionan-en-la-uaemex-sobre-los-retos-actuales-de-la-comunicacion-institucional-en-el-estado-de-mexico\/"},"author":{"name":"Expresso Metropolitano","@id":"https:\/\/expressometro.mx\/#\/schema\/person\/efa971b4a0664db8ed5c22b1b0dd2f5d"},"headline":"REFLEXIONAN EN LA UAEM\u00c9X SOBRE LOS RETOS ACTUALES DE LA COMUNICACI\u00d3N INSTITUCIONAL EN EL ESTADO DE M\u00c9XICO","datePublished":"2024-02-25T19:42:07+00:00","dateModified":"2024-03-04T19:46:34+00:00","mainEntityOfPage":{"@id":"https:\/\/expressometro.mx\/index.php\/2024\/02\/25\/reflexionan-en-la-uaemex-sobre-los-retos-actuales-de-la-comunicacion-institucional-en-el-estado-de-mexico\/"},"wordCount":572,"commentCount":0,"publisher":{"@id":"https:\/\/expressometro.mx\/#organization"},"image":{"@id":"https:\/\/expressometro.mx\/index.php\/2024\/02\/25\/reflexionan-en-la-uaemex-sobre-los-retos-actuales-de-la-comunicacion-institucional-en-el-estado-de-mexico\/#primaryimage"},"thumbnailUrl":"https:\/\/expressometro.mx\/wp-content\/uploads\/2024\/03\/WhatsApp-Image-2024-03-04-at-1.09.44-PM.jpeg","keywords":["Carlos Eduardo Barrera D\u00edaz","Edomex","GEM","UAEMex"],"articleSection":["Educaci\u00f3n","Gobierno","Otros"],"inLanguage":"es","potentialAction":[{"@type":"CommentAction","name":"Comment","target":["https:\/\/expressometro.mx\/index.php\/2024\/02\/25\/reflexionan-en-la-uaemex-sobre-los-retos-actuales-de-la-comunicacion-institucional-en-el-estado-de-mexico\/#respond"]}]},{"@type":"WebPage","@id":"https:\/\/expressometro.mx\/index.php\/2024\/02\/25\/reflexionan-en-la-uaemex-sobre-los-retos-actuales-de-la-comunicacion-institucional-en-el-estado-de-mexico\/","url":"https:\/\/expressometro.mx\/index.php\/2024\/02\/25\/reflexionan-en-la-uaemex-sobre-los-retos-actuales-de-la-comunicacion-institucional-en-el-estado-de-mexico\/","name":"REFLEXIONAN EN LA UAEM\u00c9X SOBRE LOS RETOS ACTUALES DE LA COMUNICACI\u00d3N INSTITUCIONAL EN EL ESTADO DE M\u00c9XICO - Expresso Metropolitano","isPartOf":{"@id":"https:\/\/expressometro.mx\/#website"},"primaryImageOfPage":{"@id":"https:\/\/expressometro.mx\/index.php\/2024\/02\/25\/reflexionan-en-la-uaemex-sobre-los-retos-actuales-de-la-comunicacion-institucional-en-el-estado-de-mexico\/#primaryimage"},"image":{"@id":"https:\/\/expressometro.mx\/index.php\/2024\/02\/25\/reflexionan-en-la-uaemex-sobre-los-retos-actuales-de-la-comunicacion-institucional-en-el-estado-de-mexico\/#primaryimage"},"thumbnailUrl":"https:\/\/expressometro.mx\/wp-content\/uploads\/2024\/03\/WhatsApp-Image-2024-03-04-at-1.09.44-PM.jpeg","datePublished":"2024-02-25T19:42:07+00:00","dateModified":"2024-03-04T19:46:34+00:00","breadcrumb":{"@id":"https:\/\/expressometro.mx\/index.php\/2024\/02\/25\/reflexionan-en-la-uaemex-sobre-los-retos-actuales-de-la-comunicacion-institucional-en-el-estado-de-mexico\/#breadcrumb"},"inLanguage":"es","potentialAction":[{"@type":"ReadAction","target":["https:\/\/expressometro.mx\/index.php\/2024\/02\/25\/reflexionan-en-la-uaemex-sobre-los-retos-actuales-de-la-comunicacion-institucional-en-el-estado-de-mexico\/"]}]},{"@type":"ImageObject","inLanguage":"es","@id":"https:\/\/expressometro.mx\/index.php\/2024\/02\/25\/reflexionan-en-la-uaemex-sobre-los-retos-actuales-de-la-comunicacion-institucional-en-el-estado-de-mexico\/#primaryimage","url":"https:\/\/expressometro.mx\/wp-content\/uploads\/2024\/03\/WhatsApp-Image-2024-03-04-at-1.09.44-PM.jpeg","contentUrl":"https:\/\/expressometro.mx\/wp-content\/uploads\/2024\/03\/WhatsApp-Image-2024-03-04-at-1.09.44-PM.jpeg","width":960,"height":640},{"@type":"BreadcrumbList","@id":"https:\/\/expressometro.mx\/index.php\/2024\/02\/25\/reflexionan-en-la-uaemex-sobre-los-retos-actuales-de-la-comunicacion-institucional-en-el-estado-de-mexico\/#breadcrumb","itemListElement":[{"@type":"ListItem","position":1,"name":"Inicio","item":"https:\/\/expressometro.mx\/"},{"@type":"ListItem","position":2,"name":"REFLEXIONAN EN LA UAEM\u00c9X SOBRE LOS RETOS ACTUALES DE LA COMUNICACI\u00d3N INSTITUCIONAL EN EL ESTADO DE M\u00c9XICO"}]},{"@type":"WebSite","@id":"https:\/\/expressometro.mx\/#website","url":"https:\/\/expressometro.mx\/","name":"Expresso Metropolitano","description":"Periodismo comprometido, informaci\u00f3n, investigaci\u00f3n y an\u00e1lisis","publisher":{"@id":"https:\/\/expressometro.mx\/#organization"},"potentialAction":[{"@type":"SearchAction","target":{"@type":"EntryPoint","urlTemplate":"https:\/\/expressometro.mx\/?s={search_term_string}"},"query-input":{"@type":"PropertyValueSpecification","valueRequired":true,"valueName":"search_term_string"}}],"inLanguage":"es"},{"@type":"Organization","@id":"https:\/\/expressometro.mx\/#organization","name":"Expresso Metropolitano","url":"https:\/\/expressometro.mx\/","logo":{"@type":"ImageObject","inLanguage":"es","@id":"https:\/\/expressometro.mx\/#\/schema\/logo\/image\/","url":"https:\/\/expressometro.mx\/wp-content\/uploads\/2019\/07\/cropped-Logo-Expresso-Metropolitano-1-1.jpeg","contentUrl":"https:\/\/expressometro.mx\/wp-content\/uploads\/2019\/07\/cropped-Logo-Expresso-Metropolitano-1-1.jpeg","width":290,"height":73,"caption":"Expresso Metropolitano"},"image":{"@id":"https:\/\/expressometro.mx\/#\/schema\/logo\/image\/"}},{"@type":"Person","@id":"https:\/\/expressometro.mx\/#\/schema\/person\/efa971b4a0664db8ed5c22b1b0dd2f5d","name":"Expresso Metropolitano","image":{"@type":"ImageObject","inLanguage":"es","@id":"https:\/\/secure.gravatar.com\/avatar\/a89f802b8de18c6952f223c88d3d106e9e3679839f4e25a02f4a6cc2ae6ba3b3?s=96&d=mm&r=g","url":"https:\/\/secure.gravatar.com\/avatar\/a89f802b8de18c6952f223c88d3d106e9e3679839f4e25a02f4a6cc2ae6ba3b3?s=96&d=mm&r=g","contentUrl":"https:\/\/secure.gravatar.com\/avatar\/a89f802b8de18c6952f223c88d3d106e9e3679839f4e25a02f4a6cc2ae6ba3b3?s=96&d=mm&r=g","caption":"Expresso Metropolitano"},"url":"https:\/\/expressometro.mx\/index.php\/author\/diego\/"}]}},"amp_enabled":true,"_links":{"self":[{"href":"https:\/\/expressometro.mx\/index.php\/wp-json\/wp\/v2\/posts\/8729","targetHints":{"allow":["GET"]}}],"collection":[{"href":"https:\/\/expressometro.mx\/index.php\/wp-json\/wp\/v2\/posts"}],"about":[{"href":"https:\/\/expressometro.mx\/index.php\/wp-json\/wp\/v2\/types\/post"}],"author":[{"embeddable":true,"href":"https:\/\/expressometro.mx\/index.php\/wp-json\/wp\/v2\/users\/1"}],"replies":[{"embeddable":true,"href":"https:\/\/expressometro.mx\/index.php\/wp-json\/wp\/v2\/comments?post=8729"}],"version-history":[{"count":1,"href":"https:\/\/expressometro.mx\/index.php\/wp-json\/wp\/v2\/posts\/8729\/revisions"}],"predecessor-version":[{"id":8732,"href":"https:\/\/expressometro.mx\/index.php\/wp-json\/wp\/v2\/posts\/8729\/revisions\/8732"}],"wp:featuredmedia":[{"embeddable":true,"href":"https:\/\/expressometro.mx\/index.php\/wp-json\/wp\/v2\/media\/8731"}],"wp:attachment":[{"href":"https:\/\/expressometro.mx\/index.php\/wp-json\/wp\/v2\/media?parent=8729"}],"wp:term":[{"taxonomy":"category","embeddable":true,"href":"https:\/\/expressometro.mx\/index.php\/wp-json\/wp\/v2\/categories?post=8729"},{"taxonomy":"post_tag","embeddable":true,"href":"https:\/\/expressometro.mx\/index.php\/wp-json\/wp\/v2\/tags?post=8729"}],"curies":[{"name":"wp","href":"https:\/\/api.w.org\/{rel}","templated":true}]}}