{"id":8713,"date":"2024-03-01T10:21:02","date_gmt":"2024-03-01T16:21:02","guid":{"rendered":"https:\/\/expressometro.mx\/?p=8713"},"modified":"2024-03-04T10:23:27","modified_gmt":"2024-03-04T16:23:27","slug":"es-momento-de-frenar-el-dolor-que-vive-el-pais","status":"publish","type":"post","link":"https:\/\/expressometro.mx\/index.php\/2024\/03\/01\/es-momento-de-frenar-el-dolor-que-vive-el-pais\/","title":{"rendered":"ES MOMENTO DE FRENAR EL DOLOR QUE VIVE EL PA\u00cdS"},"content":{"rendered":"\n<p><\/p>\n\n\n\n<p>* Estamos peor que nunca y ese dolor se vive en las calles, es una realidad que vamos a cambiar el pr\u00f3ximo 2 de junio, afirm\u00f3 la presidenta del PRI del Estado de M\u00e9xico, Ana Lilia Herrera.<\/p>\n\n\n\n<p><\/p>\n\n\n\n<p>Las elecciones representan una gran oportunidad para corregir el rumbo y frenar el retroceso al que sometieron al pa\u00eds, desde la visi\u00f3n equivocada de un gobierno federal que por fortuna ya se va y que dejar\u00e1 de hacer da\u00f1o a nuestra democracia, se\u00f1al\u00f3 la dirigente estatal del PRI, Ana Lilia Herrera Anzaldo.<\/p>\n\n\n\n<p>Al iniciar la campa\u00f1a electoral federal, la presidenta del Comit\u00e9 Directivo Estatal (CDE) dej\u00f3 en claro que la tragedia que vive M\u00e9xico se traduce en un gran dolor que viven las familias por falta de servicios p\u00fablicos como el agua, la inseguridad o la falta de un sistema de salud que pueda atender sus necesidades.<\/p>\n\n\n\n<p>Desde Ecatepec, donde acompa\u00f1\u00f3 a la candidata al Senado, Brenda Alvarado, y al candidato a diputado federal por el Distrito 17, Josu\u00e9 Vald\u00e9s Huezo, manifest\u00f3 la importancia de ganar la mayor\u00eda en el Congreso de la Uni\u00f3n para generar mejores condiciones de vida para el pueblo.<\/p>\n\n\n\n<p>\u201cEstamos peor que nunca y eso se ve en las calles, donde lastima ver la falta de agua que padecen miles de familias, pero esta realidad va a cambiar con una mujer ejemplar como es nuestra candidata X\u00f3chitl G\u00e1lvez y con cada uno de los que integran la coalici\u00f3n Fuerza y Coraz\u00f3n por M\u00e9xico\u201d, dijo.<\/p>\n\n\n\n<figure class=\"wp-block-image size-large\"><img decoding=\"async\" width=\"700\" height=\"480\" src=\"https:\/\/expressometro.mx\/wp-content\/uploads\/2024\/03\/WhatsApp-Image-2024-03-01-at-5.06.06-PM-2-700x480.jpeg\" alt=\"\" class=\"wp-image-8716\" srcset=\"https:\/\/expressometro.mx\/wp-content\/uploads\/2024\/03\/WhatsApp-Image-2024-03-01-at-5.06.06-PM-2-700x480.jpeg 700w, https:\/\/expressometro.mx\/wp-content\/uploads\/2024\/03\/WhatsApp-Image-2024-03-01-at-5.06.06-PM-2-532x365.jpeg 532w, https:\/\/expressometro.mx\/wp-content\/uploads\/2024\/03\/WhatsApp-Image-2024-03-01-at-5.06.06-PM-2-768x527.jpeg 768w, https:\/\/expressometro.mx\/wp-content\/uploads\/2024\/03\/WhatsApp-Image-2024-03-01-at-5.06.06-PM-2-1536x1053.jpeg 1536w, https:\/\/expressometro.mx\/wp-content\/uploads\/2024\/03\/WhatsApp-Image-2024-03-01-at-5.06.06-PM-2.jpeg 1600w\" sizes=\"(max-width: 700px) 100vw, 700px\" \/><\/figure>\n\n\n\n<p>La candidata al Senado de la Rep\u00fablica, Brenda Alvarado, destac\u00f3 el trabajo de la coalici\u00f3n PRI, PAN y PRD, \u201ces una alianza que tiene pasi\u00f3n por M\u00e9xico, con hombres y mujeres que trabajar\u00e1n para ganar la pr\u00f3xima elecci\u00f3n, porque somos la fuerza que har\u00e1 que se cumpla la ley\u201d.<\/p>\n\n\n\n<p>Por su parte, el candidato a Diputado Federal por el distrito 17 Josu\u00e9 Vald\u00e9s Huezo, se\u00f1al\u00f3 la falta de autoridad de los gobiernos municipales por el \u201chuachicoleo\u201d del agua que perjudica a las familias de Ecatepec y Nezahualc\u00f3yotl, \u201cno nos vamos a dejar del contubernio que hay entre autoridad y la gente que vende el agua; se los vamos a cobrar en las urnas\u201d, puntualiz\u00f3.<\/p>\n\n\n\n<p>En el acto, Josu\u00e9 Vald\u00e9s Huezo y Ana Lilia Herrera Anzaldo clausuraron un pozo durante el arranque de campa\u00f1a para la diputaci\u00f3n federal en el Distrito 17. \u201cVamos a elevar el huachicoleo del agua a delito grave\u201d, declar\u00f3.<\/p>\n","protected":false},"excerpt":{"rendered":"<p>Estamos peor que nunca y ese dolor se vive en las calles, es una realidad que vamos a cambiar el pr\u00f3ximo 2 de junio, afirm\u00f3 la presidenta del PRI del Estado de M\u00e9xico, Ana Lilia Herrera.<\/p>\n","protected":false},"author":1,"featured_media":8715,"comment_status":"open","ping_status":"open","sticky":false,"template":"","format":"standard","meta":{"footnotes":""},"categories":[3,1,231,5],"tags":[2281,1982,158],"class_list":["post-8713","post","type-post","status-publish","format-standard","has-post-thumbnail","hentry","category-gobierno","category-otros","category-politica","category-salud","tag-ana-lilia-herrera-anzaldo","tag-edomex","tag-pri"],"yoast_head":"<!-- This site is optimized with the Yoast SEO plugin v27.4 - https:\/\/yoast.com\/product\/yoast-seo-wordpress\/ -->\n<title>ES MOMENTO DE FRENAR EL DOLOR QUE VIVE EL PA\u00cdS - Expresso Metropolitano<\/title>\n<meta name=\"robots\" content=\"index, follow, max-snippet:-1, max-image-preview:large, max-video-preview:-1\" \/>\n<link rel=\"canonical\" href=\"https:\/\/expressometro.mx\/index.php\/2024\/03\/01\/es-momento-de-frenar-el-dolor-que-vive-el-pais\/\" \/>\n<meta property=\"og:locale\" content=\"es_MX\" \/>\n<meta property=\"og:type\" content=\"article\" \/>\n<meta property=\"og:title\" content=\"ES MOMENTO DE FRENAR EL DOLOR QUE VIVE EL PA\u00cdS - Expresso Metropolitano\" \/>\n<meta property=\"og:description\" content=\"Estamos peor que nunca y ese dolor se vive en las calles, es una realidad que vamos a cambiar el pr\u00f3ximo 2 de junio, afirm\u00f3 la presidenta del PRI del Estado de M\u00e9xico, Ana Lilia Herrera.\" \/>\n<meta property=\"og:url\" content=\"https:\/\/expressometro.mx\/index.php\/2024\/03\/01\/es-momento-de-frenar-el-dolor-que-vive-el-pais\/\" \/>\n<meta property=\"og:site_name\" content=\"Expresso Metropolitano\" \/>\n<meta property=\"article:published_time\" content=\"2024-03-01T16:21:02+00:00\" \/>\n<meta property=\"article:modified_time\" content=\"2024-03-04T16:23:27+00:00\" \/>\n<meta property=\"og:image\" content=\"http:\/\/expressometro.mx\/wp-content\/uploads\/2024\/03\/WhatsApp-Image-2024-03-01-at-5.06.05-PM.jpeg\" \/>\n\t<meta property=\"og:image:width\" content=\"1600\" \/>\n\t<meta property=\"og:image:height\" content=\"964\" \/>\n\t<meta property=\"og:image:type\" content=\"image\/jpeg\" \/>\n<meta name=\"author\" content=\"Expresso Metropolitano\" \/>\n<meta name=\"twitter:label1\" content=\"Escrito por\" \/>\n\t<meta name=\"twitter:data1\" content=\"Expresso Metropolitano\" \/>\n\t<meta name=\"twitter:label2\" content=\"Tiempo de lectura\" \/>\n\t<meta name=\"twitter:data2\" content=\"3 minutos\" \/>\n<script type=\"application\/ld+json\" class=\"yoast-schema-graph\">{\"@context\":\"https:\\\/\\\/schema.org\",\"@graph\":[{\"@type\":\"Article\",\"@id\":\"https:\\\/\\\/expressometro.mx\\\/index.php\\\/2024\\\/03\\\/01\\\/es-momento-de-frenar-el-dolor-que-vive-el-pais\\\/#article\",\"isPartOf\":{\"@id\":\"https:\\\/\\\/expressometro.mx\\\/index.php\\\/2024\\\/03\\\/01\\\/es-momento-de-frenar-el-dolor-que-vive-el-pais\\\/\"},\"author\":{\"name\":\"Expresso Metropolitano\",\"@id\":\"https:\\\/\\\/expressometro.mx\\\/#\\\/schema\\\/person\\\/efa971b4a0664db8ed5c22b1b0dd2f5d\"},\"headline\":\"ES MOMENTO DE FRENAR EL DOLOR QUE VIVE EL PA\u00cdS\",\"datePublished\":\"2024-03-01T16:21:02+00:00\",\"dateModified\":\"2024-03-04T16:23:27+00:00\",\"mainEntityOfPage\":{\"@id\":\"https:\\\/\\\/expressometro.mx\\\/index.php\\\/2024\\\/03\\\/01\\\/es-momento-de-frenar-el-dolor-que-vive-el-pais\\\/\"},\"wordCount\":433,\"commentCount\":0,\"publisher\":{\"@id\":\"https:\\\/\\\/expressometro.mx\\\/#organization\"},\"image\":{\"@id\":\"https:\\\/\\\/expressometro.mx\\\/index.php\\\/2024\\\/03\\\/01\\\/es-momento-de-frenar-el-dolor-que-vive-el-pais\\\/#primaryimage\"},\"thumbnailUrl\":\"https:\\\/\\\/expressometro.mx\\\/wp-content\\\/uploads\\\/2024\\\/03\\\/WhatsApp-Image-2024-03-01-at-5.06.05-PM.jpeg\",\"keywords\":[\"Ana Lilia Herrera Anzaldo\",\"Edomex\",\"PRI\"],\"articleSection\":[\"Gobierno\",\"Otros\",\"Pol\u00edtica\",\"Salud\"],\"inLanguage\":\"es\",\"potentialAction\":[{\"@type\":\"CommentAction\",\"name\":\"Comment\",\"target\":[\"https:\\\/\\\/expressometro.mx\\\/index.php\\\/2024\\\/03\\\/01\\\/es-momento-de-frenar-el-dolor-que-vive-el-pais\\\/#respond\"]}]},{\"@type\":\"WebPage\",\"@id\":\"https:\\\/\\\/expressometro.mx\\\/index.php\\\/2024\\\/03\\\/01\\\/es-momento-de-frenar-el-dolor-que-vive-el-pais\\\/\",\"url\":\"https:\\\/\\\/expressometro.mx\\\/index.php\\\/2024\\\/03\\\/01\\\/es-momento-de-frenar-el-dolor-que-vive-el-pais\\\/\",\"name\":\"ES MOMENTO DE FRENAR EL DOLOR QUE VIVE EL PA\u00cdS - Expresso Metropolitano\",\"isPartOf\":{\"@id\":\"https:\\\/\\\/expressometro.mx\\\/#website\"},\"primaryImageOfPage\":{\"@id\":\"https:\\\/\\\/expressometro.mx\\\/index.php\\\/2024\\\/03\\\/01\\\/es-momento-de-frenar-el-dolor-que-vive-el-pais\\\/#primaryimage\"},\"image\":{\"@id\":\"https:\\\/\\\/expressometro.mx\\\/index.php\\\/2024\\\/03\\\/01\\\/es-momento-de-frenar-el-dolor-que-vive-el-pais\\\/#primaryimage\"},\"thumbnailUrl\":\"https:\\\/\\\/expressometro.mx\\\/wp-content\\\/uploads\\\/2024\\\/03\\\/WhatsApp-Image-2024-03-01-at-5.06.05-PM.jpeg\",\"datePublished\":\"2024-03-01T16:21:02+00:00\",\"dateModified\":\"2024-03-04T16:23:27+00:00\",\"breadcrumb\":{\"@id\":\"https:\\\/\\\/expressometro.mx\\\/index.php\\\/2024\\\/03\\\/01\\\/es-momento-de-frenar-el-dolor-que-vive-el-pais\\\/#breadcrumb\"},\"inLanguage\":\"es\",\"potentialAction\":[{\"@type\":\"ReadAction\",\"target\":[\"https:\\\/\\\/expressometro.mx\\\/index.php\\\/2024\\\/03\\\/01\\\/es-momento-de-frenar-el-dolor-que-vive-el-pais\\\/\"]}]},{\"@type\":\"ImageObject\",\"inLanguage\":\"es\",\"@id\":\"https:\\\/\\\/expressometro.mx\\\/index.php\\\/2024\\\/03\\\/01\\\/es-momento-de-frenar-el-dolor-que-vive-el-pais\\\/#primaryimage\",\"url\":\"https:\\\/\\\/expressometro.mx\\\/wp-content\\\/uploads\\\/2024\\\/03\\\/WhatsApp-Image-2024-03-01-at-5.06.05-PM.jpeg\",\"contentUrl\":\"https:\\\/\\\/expressometro.mx\\\/wp-content\\\/uploads\\\/2024\\\/03\\\/WhatsApp-Image-2024-03-01-at-5.06.05-PM.jpeg\",\"width\":1600,\"height\":964},{\"@type\":\"BreadcrumbList\",\"@id\":\"https:\\\/\\\/expressometro.mx\\\/index.php\\\/2024\\\/03\\\/01\\\/es-momento-de-frenar-el-dolor-que-vive-el-pais\\\/#breadcrumb\",\"itemListElement\":[{\"@type\":\"ListItem\",\"position\":1,\"name\":\"Inicio\",\"item\":\"https:\\\/\\\/expressometro.mx\\\/\"},{\"@type\":\"ListItem\",\"position\":2,\"name\":\"ES MOMENTO DE FRENAR EL DOLOR QUE VIVE EL PA\u00cdS\"}]},{\"@type\":\"WebSite\",\"@id\":\"https:\\\/\\\/expressometro.mx\\\/#website\",\"url\":\"https:\\\/\\\/expressometro.mx\\\/\",\"name\":\"Expresso Metropolitano\",\"description\":\"Periodismo comprometido, informaci\u00f3n, investigaci\u00f3n y an\u00e1lisis\",\"publisher\":{\"@id\":\"https:\\\/\\\/expressometro.mx\\\/#organization\"},\"potentialAction\":[{\"@type\":\"SearchAction\",\"target\":{\"@type\":\"EntryPoint\",\"urlTemplate\":\"https:\\\/\\\/expressometro.mx\\\/?s={search_term_string}\"},\"query-input\":{\"@type\":\"PropertyValueSpecification\",\"valueRequired\":true,\"valueName\":\"search_term_string\"}}],\"inLanguage\":\"es\"},{\"@type\":\"Organization\",\"@id\":\"https:\\\/\\\/expressometro.mx\\\/#organization\",\"name\":\"Expresso Metropolitano\",\"url\":\"https:\\\/\\\/expressometro.mx\\\/\",\"logo\":{\"@type\":\"ImageObject\",\"inLanguage\":\"es\",\"@id\":\"https:\\\/\\\/expressometro.mx\\\/#\\\/schema\\\/logo\\\/image\\\/\",\"url\":\"https:\\\/\\\/expressometro.mx\\\/wp-content\\\/uploads\\\/2019\\\/07\\\/cropped-Logo-Expresso-Metropolitano-1-1.jpeg\",\"contentUrl\":\"https:\\\/\\\/expressometro.mx\\\/wp-content\\\/uploads\\\/2019\\\/07\\\/cropped-Logo-Expresso-Metropolitano-1-1.jpeg\",\"width\":290,\"height\":73,\"caption\":\"Expresso Metropolitano\"},\"image\":{\"@id\":\"https:\\\/\\\/expressometro.mx\\\/#\\\/schema\\\/logo\\\/image\\\/\"}},{\"@type\":\"Person\",\"@id\":\"https:\\\/\\\/expressometro.mx\\\/#\\\/schema\\\/person\\\/efa971b4a0664db8ed5c22b1b0dd2f5d\",\"name\":\"Expresso Metropolitano\",\"image\":{\"@type\":\"ImageObject\",\"inLanguage\":\"es\",\"@id\":\"https:\\\/\\\/secure.gravatar.com\\\/avatar\\\/a89f802b8de18c6952f223c88d3d106e9e3679839f4e25a02f4a6cc2ae6ba3b3?s=96&d=mm&r=g\",\"url\":\"https:\\\/\\\/secure.gravatar.com\\\/avatar\\\/a89f802b8de18c6952f223c88d3d106e9e3679839f4e25a02f4a6cc2ae6ba3b3?s=96&d=mm&r=g\",\"contentUrl\":\"https:\\\/\\\/secure.gravatar.com\\\/avatar\\\/a89f802b8de18c6952f223c88d3d106e9e3679839f4e25a02f4a6cc2ae6ba3b3?s=96&d=mm&r=g\",\"caption\":\"Expresso Metropolitano\"},\"url\":\"https:\\\/\\\/expressometro.mx\\\/index.php\\\/author\\\/diego\\\/\"}]}<\/script>\n<!-- \/ Yoast SEO plugin. -->","yoast_head_json":{"title":"ES MOMENTO DE FRENAR EL DOLOR QUE VIVE EL PA\u00cdS - Expresso Metropolitano","robots":{"index":"index","follow":"follow","max-snippet":"max-snippet:-1","max-image-preview":"max-image-preview:large","max-video-preview":"max-video-preview:-1"},"canonical":"https:\/\/expressometro.mx\/index.php\/2024\/03\/01\/es-momento-de-frenar-el-dolor-que-vive-el-pais\/","og_locale":"es_MX","og_type":"article","og_title":"ES MOMENTO DE FRENAR EL DOLOR QUE VIVE EL PA\u00cdS - Expresso Metropolitano","og_description":"Estamos peor que nunca y ese dolor se vive en las calles, es una realidad que vamos a cambiar el pr\u00f3ximo 2 de junio, afirm\u00f3 la presidenta del PRI del Estado de M\u00e9xico, Ana Lilia Herrera.","og_url":"https:\/\/expressometro.mx\/index.php\/2024\/03\/01\/es-momento-de-frenar-el-dolor-que-vive-el-pais\/","og_site_name":"Expresso Metropolitano","article_published_time":"2024-03-01T16:21:02+00:00","article_modified_time":"2024-03-04T16:23:27+00:00","og_image":[{"width":1600,"height":964,"url":"http:\/\/expressometro.mx\/wp-content\/uploads\/2024\/03\/WhatsApp-Image-2024-03-01-at-5.06.05-PM.jpeg","type":"image\/jpeg"}],"author":"Expresso Metropolitano","twitter_misc":{"Escrito por":"Expresso Metropolitano","Tiempo de lectura":"3 minutos"},"schema":{"@context":"https:\/\/schema.org","@graph":[{"@type":"Article","@id":"https:\/\/expressometro.mx\/index.php\/2024\/03\/01\/es-momento-de-frenar-el-dolor-que-vive-el-pais\/#article","isPartOf":{"@id":"https:\/\/expressometro.mx\/index.php\/2024\/03\/01\/es-momento-de-frenar-el-dolor-que-vive-el-pais\/"},"author":{"name":"Expresso Metropolitano","@id":"https:\/\/expressometro.mx\/#\/schema\/person\/efa971b4a0664db8ed5c22b1b0dd2f5d"},"headline":"ES MOMENTO DE FRENAR EL DOLOR QUE VIVE EL PA\u00cdS","datePublished":"2024-03-01T16:21:02+00:00","dateModified":"2024-03-04T16:23:27+00:00","mainEntityOfPage":{"@id":"https:\/\/expressometro.mx\/index.php\/2024\/03\/01\/es-momento-de-frenar-el-dolor-que-vive-el-pais\/"},"wordCount":433,"commentCount":0,"publisher":{"@id":"https:\/\/expressometro.mx\/#organization"},"image":{"@id":"https:\/\/expressometro.mx\/index.php\/2024\/03\/01\/es-momento-de-frenar-el-dolor-que-vive-el-pais\/#primaryimage"},"thumbnailUrl":"https:\/\/expressometro.mx\/wp-content\/uploads\/2024\/03\/WhatsApp-Image-2024-03-01-at-5.06.05-PM.jpeg","keywords":["Ana Lilia Herrera Anzaldo","Edomex","PRI"],"articleSection":["Gobierno","Otros","Pol\u00edtica","Salud"],"inLanguage":"es","potentialAction":[{"@type":"CommentAction","name":"Comment","target":["https:\/\/expressometro.mx\/index.php\/2024\/03\/01\/es-momento-de-frenar-el-dolor-que-vive-el-pais\/#respond"]}]},{"@type":"WebPage","@id":"https:\/\/expressometro.mx\/index.php\/2024\/03\/01\/es-momento-de-frenar-el-dolor-que-vive-el-pais\/","url":"https:\/\/expressometro.mx\/index.php\/2024\/03\/01\/es-momento-de-frenar-el-dolor-que-vive-el-pais\/","name":"ES MOMENTO DE FRENAR EL DOLOR QUE VIVE EL PA\u00cdS - Expresso Metropolitano","isPartOf":{"@id":"https:\/\/expressometro.mx\/#website"},"primaryImageOfPage":{"@id":"https:\/\/expressometro.mx\/index.php\/2024\/03\/01\/es-momento-de-frenar-el-dolor-que-vive-el-pais\/#primaryimage"},"image":{"@id":"https:\/\/expressometro.mx\/index.php\/2024\/03\/01\/es-momento-de-frenar-el-dolor-que-vive-el-pais\/#primaryimage"},"thumbnailUrl":"https:\/\/expressometro.mx\/wp-content\/uploads\/2024\/03\/WhatsApp-Image-2024-03-01-at-5.06.05-PM.jpeg","datePublished":"2024-03-01T16:21:02+00:00","dateModified":"2024-03-04T16:23:27+00:00","breadcrumb":{"@id":"https:\/\/expressometro.mx\/index.php\/2024\/03\/01\/es-momento-de-frenar-el-dolor-que-vive-el-pais\/#breadcrumb"},"inLanguage":"es","potentialAction":[{"@type":"ReadAction","target":["https:\/\/expressometro.mx\/index.php\/2024\/03\/01\/es-momento-de-frenar-el-dolor-que-vive-el-pais\/"]}]},{"@type":"ImageObject","inLanguage":"es","@id":"https:\/\/expressometro.mx\/index.php\/2024\/03\/01\/es-momento-de-frenar-el-dolor-que-vive-el-pais\/#primaryimage","url":"https:\/\/expressometro.mx\/wp-content\/uploads\/2024\/03\/WhatsApp-Image-2024-03-01-at-5.06.05-PM.jpeg","contentUrl":"https:\/\/expressometro.mx\/wp-content\/uploads\/2024\/03\/WhatsApp-Image-2024-03-01-at-5.06.05-PM.jpeg","width":1600,"height":964},{"@type":"BreadcrumbList","@id":"https:\/\/expressometro.mx\/index.php\/2024\/03\/01\/es-momento-de-frenar-el-dolor-que-vive-el-pais\/#breadcrumb","itemListElement":[{"@type":"ListItem","position":1,"name":"Inicio","item":"https:\/\/expressometro.mx\/"},{"@type":"ListItem","position":2,"name":"ES MOMENTO DE FRENAR EL DOLOR QUE VIVE EL PA\u00cdS"}]},{"@type":"WebSite","@id":"https:\/\/expressometro.mx\/#website","url":"https:\/\/expressometro.mx\/","name":"Expresso Metropolitano","description":"Periodismo comprometido, informaci\u00f3n, investigaci\u00f3n y an\u00e1lisis","publisher":{"@id":"https:\/\/expressometro.mx\/#organization"},"potentialAction":[{"@type":"SearchAction","target":{"@type":"EntryPoint","urlTemplate":"https:\/\/expressometro.mx\/?s={search_term_string}"},"query-input":{"@type":"PropertyValueSpecification","valueRequired":true,"valueName":"search_term_string"}}],"inLanguage":"es"},{"@type":"Organization","@id":"https:\/\/expressometro.mx\/#organization","name":"Expresso Metropolitano","url":"https:\/\/expressometro.mx\/","logo":{"@type":"ImageObject","inLanguage":"es","@id":"https:\/\/expressometro.mx\/#\/schema\/logo\/image\/","url":"https:\/\/expressometro.mx\/wp-content\/uploads\/2019\/07\/cropped-Logo-Expresso-Metropolitano-1-1.jpeg","contentUrl":"https:\/\/expressometro.mx\/wp-content\/uploads\/2019\/07\/cropped-Logo-Expresso-Metropolitano-1-1.jpeg","width":290,"height":73,"caption":"Expresso Metropolitano"},"image":{"@id":"https:\/\/expressometro.mx\/#\/schema\/logo\/image\/"}},{"@type":"Person","@id":"https:\/\/expressometro.mx\/#\/schema\/person\/efa971b4a0664db8ed5c22b1b0dd2f5d","name":"Expresso Metropolitano","image":{"@type":"ImageObject","inLanguage":"es","@id":"https:\/\/secure.gravatar.com\/avatar\/a89f802b8de18c6952f223c88d3d106e9e3679839f4e25a02f4a6cc2ae6ba3b3?s=96&d=mm&r=g","url":"https:\/\/secure.gravatar.com\/avatar\/a89f802b8de18c6952f223c88d3d106e9e3679839f4e25a02f4a6cc2ae6ba3b3?s=96&d=mm&r=g","contentUrl":"https:\/\/secure.gravatar.com\/avatar\/a89f802b8de18c6952f223c88d3d106e9e3679839f4e25a02f4a6cc2ae6ba3b3?s=96&d=mm&r=g","caption":"Expresso Metropolitano"},"url":"https:\/\/expressometro.mx\/index.php\/author\/diego\/"}]}},"amp_enabled":true,"_links":{"self":[{"href":"https:\/\/expressometro.mx\/index.php\/wp-json\/wp\/v2\/posts\/8713","targetHints":{"allow":["GET"]}}],"collection":[{"href":"https:\/\/expressometro.mx\/index.php\/wp-json\/wp\/v2\/posts"}],"about":[{"href":"https:\/\/expressometro.mx\/index.php\/wp-json\/wp\/v2\/types\/post"}],"author":[{"embeddable":true,"href":"https:\/\/expressometro.mx\/index.php\/wp-json\/wp\/v2\/users\/1"}],"replies":[{"embeddable":true,"href":"https:\/\/expressometro.mx\/index.php\/wp-json\/wp\/v2\/comments?post=8713"}],"version-history":[{"count":1,"href":"https:\/\/expressometro.mx\/index.php\/wp-json\/wp\/v2\/posts\/8713\/revisions"}],"predecessor-version":[{"id":8717,"href":"https:\/\/expressometro.mx\/index.php\/wp-json\/wp\/v2\/posts\/8713\/revisions\/8717"}],"wp:featuredmedia":[{"embeddable":true,"href":"https:\/\/expressometro.mx\/index.php\/wp-json\/wp\/v2\/media\/8715"}],"wp:attachment":[{"href":"https:\/\/expressometro.mx\/index.php\/wp-json\/wp\/v2\/media?parent=8713"}],"wp:term":[{"taxonomy":"category","embeddable":true,"href":"https:\/\/expressometro.mx\/index.php\/wp-json\/wp\/v2\/categories?post=8713"},{"taxonomy":"post_tag","embeddable":true,"href":"https:\/\/expressometro.mx\/index.php\/wp-json\/wp\/v2\/tags?post=8713"}],"curies":[{"name":"wp","href":"https:\/\/api.w.org\/{rel}","templated":true}]}}