{"id":8655,"date":"2024-02-15T00:12:35","date_gmt":"2024-02-15T06:12:35","guid":{"rendered":"https:\/\/expressometro.mx\/?p=8655"},"modified":"2024-02-15T00:12:36","modified_gmt":"2024-02-15T06:12:36","slug":"urge-ana-lilia-herrera-a-los-gobiernos-federal-estatales-y-municipales-a-resolver-el-desabasto-de-agua-en-el-estado-de-mexico","status":"publish","type":"post","link":"https:\/\/expressometro.mx\/index.php\/2024\/02\/15\/urge-ana-lilia-herrera-a-los-gobiernos-federal-estatales-y-municipales-a-resolver-el-desabasto-de-agua-en-el-estado-de-mexico\/","title":{"rendered":"URGE ANA LILIA HERRERA A LOS GOBIERNOS FEDERAL, ESTATALES Y MUNICIPALES A RESOLVER EL DESABASTO DE AGUA EN EL ESTADO DE M\u00c9XICO"},"content":{"rendered":"\n<p><\/p>\n\n\n\n<p>* Desde el pleno camaral se exhorta al ejecutivo federal a que realice la declaratoria de emergencia por sequ\u00eda. <\/p>\n\n\n\n<p>Ante una inminente cat\u00e1strofe que representa la sequ\u00eda que vive el pa\u00eds, la diputada Ana Lilia Herrera Anzaldo present\u00f3 un punto de acuerdo por el que se exhorta a los gobiernos de la Federaci\u00f3n y del Estado de M\u00e9xico a que hagan p\u00fablica la situaci\u00f3n en la que se encuentra el Sistema Cutzamala, as\u00ed como la estrategia a corto, mediano y largo plazo para atender el problema de desabasto de agua en el Valle de M\u00e9xico. <\/p>\n\n\n\n<p>A nombre del Grupo Parlamentario del PRI, plante\u00f3 la necesidad de conocer un informe real de la crisis h\u00eddrica y que se conozca a trav\u00e9s de la Secretaria de Hacienda el avance f\u00edsico y financiero de los programas de inversi\u00f3n asociados a fortalecer el Sistema Cutzamala. <\/p>\n\n\n\n<p>Desde la C\u00e1mara de Diputados, se\u00f1al\u00f3 la importancia de que se emprendan campa\u00f1as de concientizaci\u00f3n del uso responsable del agua, generar espacios de informaci\u00f3n accesibles para la poblaci\u00f3n sobre la crisis h\u00eddrica y los medios de mitigaci\u00f3n o ayuda en caso de ser afectados. <\/p>\n\n\n\n<p>De igual forma, con este punto de acuerdo se exhorta al ejecutivo federal para que realice la declaratoria de emergencia por sequ\u00eda, con el fin de que se activen los protocolos necesarios que atiendan de forma integral el riesgo de la crisis h\u00eddrica existente. <\/p>\n\n\n\n<p>En la exposici\u00f3n de motivos, la dirigente priista del Estado de M\u00e9xico sostuvo que el pa\u00eds est\u00e1 en una inminente situaci\u00f3n de desastre porque \u201cel agua se nos acaba y laque hay no llega a todos; el Sistema Cutzamala se encuentra en niveles cr\u00edticos derivado de que las presas est\u00e1n en niveles m\u00ednimos debido a la falta de lluvia\u201d. <\/p>\n\n\n\n<p>Ante la sequ\u00eda, la zona metropolitana del Valle de M\u00e9xico est\u00e1 fuertemente afectada, lo que ha derivado en el abastecimiento por pipas de agua por diferentes localidades de la regi\u00f3n, \u201cno se est\u00e1 cumpliendo con los elementos de acceso, disponibilidad, uso y estabilidad en m\u00e1s de 3.4 millones de hogares que cuentan con tuber\u00edas\u201d.<\/p>\n","protected":false},"excerpt":{"rendered":"<p>* Desde el pleno camaral se exhorta al ejecutivo federal a que realice la declaratoria de emergencia por sequ\u00eda. Ante una inminente cat\u00e1strofe que representa la sequ\u00eda que vive el pa\u00eds, la diputada Ana Lilia Herrera Anzaldo present\u00f3 un punto de acuerdo por el que se exhorta a los gobiernos de la Federaci\u00f3n y del Estado de M\u00e9xico a que hagan p\u00fablica la situaci\u00f3n en la que se encuentra el Sistema Cutzamala, as\u00ed como la estrategia a corto, mediano y largo plazo para atender el problema de desabasto de agua&hellip;<\/p>\n","protected":false},"author":1,"featured_media":8657,"comment_status":"open","ping_status":"open","sticky":false,"template":"","format":"standard","meta":{"footnotes":""},"categories":[3,1,231],"tags":[2281,1982,86,158],"class_list":["post-8655","post","type-post","status-publish","format-standard","has-post-thumbnail","hentry","category-gobierno","category-otros","category-politica","tag-ana-lilia-herrera-anzaldo","tag-edomex","tag-gem","tag-pri"],"yoast_head":"<!-- This site is optimized with the Yoast SEO plugin v27.4 - https:\/\/yoast.com\/product\/yoast-seo-wordpress\/ -->\n<title>URGE ANA LILIA HERRERA A LOS GOBIERNOS FEDERAL, ESTATALES Y MUNICIPALES A RESOLVER EL DESABASTO DE AGUA EN EL ESTADO DE M\u00c9XICO - Expresso Metropolitano<\/title>\n<meta name=\"robots\" content=\"index, follow, max-snippet:-1, max-image-preview:large, max-video-preview:-1\" \/>\n<link rel=\"canonical\" href=\"https:\/\/expressometro.mx\/index.php\/2024\/02\/15\/urge-ana-lilia-herrera-a-los-gobiernos-federal-estatales-y-municipales-a-resolver-el-desabasto-de-agua-en-el-estado-de-mexico\/\" \/>\n<meta property=\"og:locale\" content=\"es_MX\" \/>\n<meta property=\"og:type\" content=\"article\" \/>\n<meta property=\"og:title\" content=\"URGE ANA LILIA HERRERA A LOS GOBIERNOS FEDERAL, ESTATALES Y MUNICIPALES A RESOLVER EL DESABASTO DE AGUA EN EL ESTADO DE M\u00c9XICO - Expresso Metropolitano\" \/>\n<meta property=\"og:description\" content=\"* Desde el pleno camaral se exhorta al ejecutivo federal a que realice la declaratoria de emergencia por sequ\u00eda. Ante una inminente cat\u00e1strofe que representa la sequ\u00eda que vive el pa\u00eds, la diputada Ana Lilia Herrera Anzaldo present\u00f3 un punto de acuerdo por el que se exhorta a los gobiernos de la Federaci\u00f3n y del Estado de M\u00e9xico a que hagan p\u00fablica la situaci\u00f3n en la que se encuentra el Sistema Cutzamala, as\u00ed como la estrategia a corto, mediano y largo plazo para atender el problema de desabasto de agua&hellip;\" \/>\n<meta property=\"og:url\" content=\"https:\/\/expressometro.mx\/index.php\/2024\/02\/15\/urge-ana-lilia-herrera-a-los-gobiernos-federal-estatales-y-municipales-a-resolver-el-desabasto-de-agua-en-el-estado-de-mexico\/\" \/>\n<meta property=\"og:site_name\" content=\"Expresso Metropolitano\" \/>\n<meta property=\"article:published_time\" content=\"2024-02-15T06:12:35+00:00\" \/>\n<meta property=\"article:modified_time\" content=\"2024-02-15T06:12:36+00:00\" \/>\n<meta property=\"og:image\" content=\"http:\/\/expressometro.mx\/wp-content\/uploads\/2024\/02\/WhatsApp-Image-2024-02-13-at-5.34.06-PM.jpeg\" \/>\n\t<meta property=\"og:image:width\" content=\"1024\" \/>\n\t<meta property=\"og:image:height\" content=\"683\" \/>\n\t<meta property=\"og:image:type\" content=\"image\/jpeg\" \/>\n<meta name=\"author\" content=\"Expresso Metropolitano\" \/>\n<meta name=\"twitter:label1\" content=\"Escrito por\" \/>\n\t<meta name=\"twitter:data1\" content=\"Expresso Metropolitano\" \/>\n\t<meta name=\"twitter:label2\" content=\"Tiempo de lectura\" \/>\n\t<meta name=\"twitter:data2\" content=\"2 minutos\" \/>\n<script type=\"application\/ld+json\" class=\"yoast-schema-graph\">{\"@context\":\"https:\\\/\\\/schema.org\",\"@graph\":[{\"@type\":\"Article\",\"@id\":\"https:\\\/\\\/expressometro.mx\\\/index.php\\\/2024\\\/02\\\/15\\\/urge-ana-lilia-herrera-a-los-gobiernos-federal-estatales-y-municipales-a-resolver-el-desabasto-de-agua-en-el-estado-de-mexico\\\/#article\",\"isPartOf\":{\"@id\":\"https:\\\/\\\/expressometro.mx\\\/index.php\\\/2024\\\/02\\\/15\\\/urge-ana-lilia-herrera-a-los-gobiernos-federal-estatales-y-municipales-a-resolver-el-desabasto-de-agua-en-el-estado-de-mexico\\\/\"},\"author\":{\"name\":\"Expresso Metropolitano\",\"@id\":\"https:\\\/\\\/expressometro.mx\\\/#\\\/schema\\\/person\\\/efa971b4a0664db8ed5c22b1b0dd2f5d\"},\"headline\":\"URGE ANA LILIA HERRERA A LOS GOBIERNOS FEDERAL, ESTATALES Y MUNICIPALES A RESOLVER EL DESABASTO DE AGUA EN EL ESTADO DE M\u00c9XICO\",\"datePublished\":\"2024-02-15T06:12:35+00:00\",\"dateModified\":\"2024-02-15T06:12:36+00:00\",\"mainEntityOfPage\":{\"@id\":\"https:\\\/\\\/expressometro.mx\\\/index.php\\\/2024\\\/02\\\/15\\\/urge-ana-lilia-herrera-a-los-gobiernos-federal-estatales-y-municipales-a-resolver-el-desabasto-de-agua-en-el-estado-de-mexico\\\/\"},\"wordCount\":398,\"commentCount\":0,\"publisher\":{\"@id\":\"https:\\\/\\\/expressometro.mx\\\/#organization\"},\"image\":{\"@id\":\"https:\\\/\\\/expressometro.mx\\\/index.php\\\/2024\\\/02\\\/15\\\/urge-ana-lilia-herrera-a-los-gobiernos-federal-estatales-y-municipales-a-resolver-el-desabasto-de-agua-en-el-estado-de-mexico\\\/#primaryimage\"},\"thumbnailUrl\":\"https:\\\/\\\/expressometro.mx\\\/wp-content\\\/uploads\\\/2024\\\/02\\\/WhatsApp-Image-2024-02-13-at-5.34.06-PM.jpeg\",\"keywords\":[\"Ana Lilia Herrera Anzaldo\",\"Edomex\",\"GEM\",\"PRI\"],\"articleSection\":[\"Gobierno\",\"Otros\",\"Pol\u00edtica\"],\"inLanguage\":\"es\",\"potentialAction\":[{\"@type\":\"CommentAction\",\"name\":\"Comment\",\"target\":[\"https:\\\/\\\/expressometro.mx\\\/index.php\\\/2024\\\/02\\\/15\\\/urge-ana-lilia-herrera-a-los-gobiernos-federal-estatales-y-municipales-a-resolver-el-desabasto-de-agua-en-el-estado-de-mexico\\\/#respond\"]}]},{\"@type\":\"WebPage\",\"@id\":\"https:\\\/\\\/expressometro.mx\\\/index.php\\\/2024\\\/02\\\/15\\\/urge-ana-lilia-herrera-a-los-gobiernos-federal-estatales-y-municipales-a-resolver-el-desabasto-de-agua-en-el-estado-de-mexico\\\/\",\"url\":\"https:\\\/\\\/expressometro.mx\\\/index.php\\\/2024\\\/02\\\/15\\\/urge-ana-lilia-herrera-a-los-gobiernos-federal-estatales-y-municipales-a-resolver-el-desabasto-de-agua-en-el-estado-de-mexico\\\/\",\"name\":\"URGE ANA LILIA HERRERA A LOS GOBIERNOS FEDERAL, ESTATALES Y MUNICIPALES A RESOLVER EL DESABASTO DE AGUA EN EL ESTADO DE M\u00c9XICO - Expresso Metropolitano\",\"isPartOf\":{\"@id\":\"https:\\\/\\\/expressometro.mx\\\/#website\"},\"primaryImageOfPage\":{\"@id\":\"https:\\\/\\\/expressometro.mx\\\/index.php\\\/2024\\\/02\\\/15\\\/urge-ana-lilia-herrera-a-los-gobiernos-federal-estatales-y-municipales-a-resolver-el-desabasto-de-agua-en-el-estado-de-mexico\\\/#primaryimage\"},\"image\":{\"@id\":\"https:\\\/\\\/expressometro.mx\\\/index.php\\\/2024\\\/02\\\/15\\\/urge-ana-lilia-herrera-a-los-gobiernos-federal-estatales-y-municipales-a-resolver-el-desabasto-de-agua-en-el-estado-de-mexico\\\/#primaryimage\"},\"thumbnailUrl\":\"https:\\\/\\\/expressometro.mx\\\/wp-content\\\/uploads\\\/2024\\\/02\\\/WhatsApp-Image-2024-02-13-at-5.34.06-PM.jpeg\",\"datePublished\":\"2024-02-15T06:12:35+00:00\",\"dateModified\":\"2024-02-15T06:12:36+00:00\",\"breadcrumb\":{\"@id\":\"https:\\\/\\\/expressometro.mx\\\/index.php\\\/2024\\\/02\\\/15\\\/urge-ana-lilia-herrera-a-los-gobiernos-federal-estatales-y-municipales-a-resolver-el-desabasto-de-agua-en-el-estado-de-mexico\\\/#breadcrumb\"},\"inLanguage\":\"es\",\"potentialAction\":[{\"@type\":\"ReadAction\",\"target\":[\"https:\\\/\\\/expressometro.mx\\\/index.php\\\/2024\\\/02\\\/15\\\/urge-ana-lilia-herrera-a-los-gobiernos-federal-estatales-y-municipales-a-resolver-el-desabasto-de-agua-en-el-estado-de-mexico\\\/\"]}]},{\"@type\":\"ImageObject\",\"inLanguage\":\"es\",\"@id\":\"https:\\\/\\\/expressometro.mx\\\/index.php\\\/2024\\\/02\\\/15\\\/urge-ana-lilia-herrera-a-los-gobiernos-federal-estatales-y-municipales-a-resolver-el-desabasto-de-agua-en-el-estado-de-mexico\\\/#primaryimage\",\"url\":\"https:\\\/\\\/expressometro.mx\\\/wp-content\\\/uploads\\\/2024\\\/02\\\/WhatsApp-Image-2024-02-13-at-5.34.06-PM.jpeg\",\"contentUrl\":\"https:\\\/\\\/expressometro.mx\\\/wp-content\\\/uploads\\\/2024\\\/02\\\/WhatsApp-Image-2024-02-13-at-5.34.06-PM.jpeg\",\"width\":1024,\"height\":683},{\"@type\":\"BreadcrumbList\",\"@id\":\"https:\\\/\\\/expressometro.mx\\\/index.php\\\/2024\\\/02\\\/15\\\/urge-ana-lilia-herrera-a-los-gobiernos-federal-estatales-y-municipales-a-resolver-el-desabasto-de-agua-en-el-estado-de-mexico\\\/#breadcrumb\",\"itemListElement\":[{\"@type\":\"ListItem\",\"position\":1,\"name\":\"Inicio\",\"item\":\"https:\\\/\\\/expressometro.mx\\\/\"},{\"@type\":\"ListItem\",\"position\":2,\"name\":\"URGE ANA LILIA HERRERA A LOS GOBIERNOS FEDERAL, ESTATALES Y MUNICIPALES A RESOLVER EL DESABASTO DE AGUA EN EL ESTADO DE M\u00c9XICO\"}]},{\"@type\":\"WebSite\",\"@id\":\"https:\\\/\\\/expressometro.mx\\\/#website\",\"url\":\"https:\\\/\\\/expressometro.mx\\\/\",\"name\":\"Expresso Metropolitano\",\"description\":\"Periodismo comprometido, informaci\u00f3n, investigaci\u00f3n y an\u00e1lisis\",\"publisher\":{\"@id\":\"https:\\\/\\\/expressometro.mx\\\/#organization\"},\"potentialAction\":[{\"@type\":\"SearchAction\",\"target\":{\"@type\":\"EntryPoint\",\"urlTemplate\":\"https:\\\/\\\/expressometro.mx\\\/?s={search_term_string}\"},\"query-input\":{\"@type\":\"PropertyValueSpecification\",\"valueRequired\":true,\"valueName\":\"search_term_string\"}}],\"inLanguage\":\"es\"},{\"@type\":\"Organization\",\"@id\":\"https:\\\/\\\/expressometro.mx\\\/#organization\",\"name\":\"Expresso Metropolitano\",\"url\":\"https:\\\/\\\/expressometro.mx\\\/\",\"logo\":{\"@type\":\"ImageObject\",\"inLanguage\":\"es\",\"@id\":\"https:\\\/\\\/expressometro.mx\\\/#\\\/schema\\\/logo\\\/image\\\/\",\"url\":\"https:\\\/\\\/expressometro.mx\\\/wp-content\\\/uploads\\\/2019\\\/07\\\/cropped-Logo-Expresso-Metropolitano-1-1.jpeg\",\"contentUrl\":\"https:\\\/\\\/expressometro.mx\\\/wp-content\\\/uploads\\\/2019\\\/07\\\/cropped-Logo-Expresso-Metropolitano-1-1.jpeg\",\"width\":290,\"height\":73,\"caption\":\"Expresso Metropolitano\"},\"image\":{\"@id\":\"https:\\\/\\\/expressometro.mx\\\/#\\\/schema\\\/logo\\\/image\\\/\"}},{\"@type\":\"Person\",\"@id\":\"https:\\\/\\\/expressometro.mx\\\/#\\\/schema\\\/person\\\/efa971b4a0664db8ed5c22b1b0dd2f5d\",\"name\":\"Expresso Metropolitano\",\"image\":{\"@type\":\"ImageObject\",\"inLanguage\":\"es\",\"@id\":\"https:\\\/\\\/secure.gravatar.com\\\/avatar\\\/a89f802b8de18c6952f223c88d3d106e9e3679839f4e25a02f4a6cc2ae6ba3b3?s=96&d=mm&r=g\",\"url\":\"https:\\\/\\\/secure.gravatar.com\\\/avatar\\\/a89f802b8de18c6952f223c88d3d106e9e3679839f4e25a02f4a6cc2ae6ba3b3?s=96&d=mm&r=g\",\"contentUrl\":\"https:\\\/\\\/secure.gravatar.com\\\/avatar\\\/a89f802b8de18c6952f223c88d3d106e9e3679839f4e25a02f4a6cc2ae6ba3b3?s=96&d=mm&r=g\",\"caption\":\"Expresso Metropolitano\"},\"url\":\"https:\\\/\\\/expressometro.mx\\\/index.php\\\/author\\\/diego\\\/\"}]}<\/script>\n<!-- \/ Yoast SEO plugin. -->","yoast_head_json":{"title":"URGE ANA LILIA HERRERA A LOS GOBIERNOS FEDERAL, ESTATALES Y MUNICIPALES A RESOLVER EL DESABASTO DE AGUA EN EL ESTADO DE M\u00c9XICO - Expresso Metropolitano","robots":{"index":"index","follow":"follow","max-snippet":"max-snippet:-1","max-image-preview":"max-image-preview:large","max-video-preview":"max-video-preview:-1"},"canonical":"https:\/\/expressometro.mx\/index.php\/2024\/02\/15\/urge-ana-lilia-herrera-a-los-gobiernos-federal-estatales-y-municipales-a-resolver-el-desabasto-de-agua-en-el-estado-de-mexico\/","og_locale":"es_MX","og_type":"article","og_title":"URGE ANA LILIA HERRERA A LOS GOBIERNOS FEDERAL, ESTATALES Y MUNICIPALES A RESOLVER EL DESABASTO DE AGUA EN EL ESTADO DE M\u00c9XICO - Expresso Metropolitano","og_description":"* Desde el pleno camaral se exhorta al ejecutivo federal a que realice la declaratoria de emergencia por sequ\u00eda. Ante una inminente cat\u00e1strofe que representa la sequ\u00eda que vive el pa\u00eds, la diputada Ana Lilia Herrera Anzaldo present\u00f3 un punto de acuerdo por el que se exhorta a los gobiernos de la Federaci\u00f3n y del Estado de M\u00e9xico a que hagan p\u00fablica la situaci\u00f3n en la que se encuentra el Sistema Cutzamala, as\u00ed como la estrategia a corto, mediano y largo plazo para atender el problema de desabasto de agua&hellip;","og_url":"https:\/\/expressometro.mx\/index.php\/2024\/02\/15\/urge-ana-lilia-herrera-a-los-gobiernos-federal-estatales-y-municipales-a-resolver-el-desabasto-de-agua-en-el-estado-de-mexico\/","og_site_name":"Expresso Metropolitano","article_published_time":"2024-02-15T06:12:35+00:00","article_modified_time":"2024-02-15T06:12:36+00:00","og_image":[{"width":1024,"height":683,"url":"http:\/\/expressometro.mx\/wp-content\/uploads\/2024\/02\/WhatsApp-Image-2024-02-13-at-5.34.06-PM.jpeg","type":"image\/jpeg"}],"author":"Expresso Metropolitano","twitter_misc":{"Escrito por":"Expresso Metropolitano","Tiempo de lectura":"2 minutos"},"schema":{"@context":"https:\/\/schema.org","@graph":[{"@type":"Article","@id":"https:\/\/expressometro.mx\/index.php\/2024\/02\/15\/urge-ana-lilia-herrera-a-los-gobiernos-federal-estatales-y-municipales-a-resolver-el-desabasto-de-agua-en-el-estado-de-mexico\/#article","isPartOf":{"@id":"https:\/\/expressometro.mx\/index.php\/2024\/02\/15\/urge-ana-lilia-herrera-a-los-gobiernos-federal-estatales-y-municipales-a-resolver-el-desabasto-de-agua-en-el-estado-de-mexico\/"},"author":{"name":"Expresso Metropolitano","@id":"https:\/\/expressometro.mx\/#\/schema\/person\/efa971b4a0664db8ed5c22b1b0dd2f5d"},"headline":"URGE ANA LILIA HERRERA A LOS GOBIERNOS FEDERAL, ESTATALES Y MUNICIPALES A RESOLVER EL DESABASTO DE AGUA EN EL ESTADO DE M\u00c9XICO","datePublished":"2024-02-15T06:12:35+00:00","dateModified":"2024-02-15T06:12:36+00:00","mainEntityOfPage":{"@id":"https:\/\/expressometro.mx\/index.php\/2024\/02\/15\/urge-ana-lilia-herrera-a-los-gobiernos-federal-estatales-y-municipales-a-resolver-el-desabasto-de-agua-en-el-estado-de-mexico\/"},"wordCount":398,"commentCount":0,"publisher":{"@id":"https:\/\/expressometro.mx\/#organization"},"image":{"@id":"https:\/\/expressometro.mx\/index.php\/2024\/02\/15\/urge-ana-lilia-herrera-a-los-gobiernos-federal-estatales-y-municipales-a-resolver-el-desabasto-de-agua-en-el-estado-de-mexico\/#primaryimage"},"thumbnailUrl":"https:\/\/expressometro.mx\/wp-content\/uploads\/2024\/02\/WhatsApp-Image-2024-02-13-at-5.34.06-PM.jpeg","keywords":["Ana Lilia Herrera Anzaldo","Edomex","GEM","PRI"],"articleSection":["Gobierno","Otros","Pol\u00edtica"],"inLanguage":"es","potentialAction":[{"@type":"CommentAction","name":"Comment","target":["https:\/\/expressometro.mx\/index.php\/2024\/02\/15\/urge-ana-lilia-herrera-a-los-gobiernos-federal-estatales-y-municipales-a-resolver-el-desabasto-de-agua-en-el-estado-de-mexico\/#respond"]}]},{"@type":"WebPage","@id":"https:\/\/expressometro.mx\/index.php\/2024\/02\/15\/urge-ana-lilia-herrera-a-los-gobiernos-federal-estatales-y-municipales-a-resolver-el-desabasto-de-agua-en-el-estado-de-mexico\/","url":"https:\/\/expressometro.mx\/index.php\/2024\/02\/15\/urge-ana-lilia-herrera-a-los-gobiernos-federal-estatales-y-municipales-a-resolver-el-desabasto-de-agua-en-el-estado-de-mexico\/","name":"URGE ANA LILIA HERRERA A LOS GOBIERNOS FEDERAL, ESTATALES Y MUNICIPALES A RESOLVER EL DESABASTO DE AGUA EN EL ESTADO DE M\u00c9XICO - Expresso Metropolitano","isPartOf":{"@id":"https:\/\/expressometro.mx\/#website"},"primaryImageOfPage":{"@id":"https:\/\/expressometro.mx\/index.php\/2024\/02\/15\/urge-ana-lilia-herrera-a-los-gobiernos-federal-estatales-y-municipales-a-resolver-el-desabasto-de-agua-en-el-estado-de-mexico\/#primaryimage"},"image":{"@id":"https:\/\/expressometro.mx\/index.php\/2024\/02\/15\/urge-ana-lilia-herrera-a-los-gobiernos-federal-estatales-y-municipales-a-resolver-el-desabasto-de-agua-en-el-estado-de-mexico\/#primaryimage"},"thumbnailUrl":"https:\/\/expressometro.mx\/wp-content\/uploads\/2024\/02\/WhatsApp-Image-2024-02-13-at-5.34.06-PM.jpeg","datePublished":"2024-02-15T06:12:35+00:00","dateModified":"2024-02-15T06:12:36+00:00","breadcrumb":{"@id":"https:\/\/expressometro.mx\/index.php\/2024\/02\/15\/urge-ana-lilia-herrera-a-los-gobiernos-federal-estatales-y-municipales-a-resolver-el-desabasto-de-agua-en-el-estado-de-mexico\/#breadcrumb"},"inLanguage":"es","potentialAction":[{"@type":"ReadAction","target":["https:\/\/expressometro.mx\/index.php\/2024\/02\/15\/urge-ana-lilia-herrera-a-los-gobiernos-federal-estatales-y-municipales-a-resolver-el-desabasto-de-agua-en-el-estado-de-mexico\/"]}]},{"@type":"ImageObject","inLanguage":"es","@id":"https:\/\/expressometro.mx\/index.php\/2024\/02\/15\/urge-ana-lilia-herrera-a-los-gobiernos-federal-estatales-y-municipales-a-resolver-el-desabasto-de-agua-en-el-estado-de-mexico\/#primaryimage","url":"https:\/\/expressometro.mx\/wp-content\/uploads\/2024\/02\/WhatsApp-Image-2024-02-13-at-5.34.06-PM.jpeg","contentUrl":"https:\/\/expressometro.mx\/wp-content\/uploads\/2024\/02\/WhatsApp-Image-2024-02-13-at-5.34.06-PM.jpeg","width":1024,"height":683},{"@type":"BreadcrumbList","@id":"https:\/\/expressometro.mx\/index.php\/2024\/02\/15\/urge-ana-lilia-herrera-a-los-gobiernos-federal-estatales-y-municipales-a-resolver-el-desabasto-de-agua-en-el-estado-de-mexico\/#breadcrumb","itemListElement":[{"@type":"ListItem","position":1,"name":"Inicio","item":"https:\/\/expressometro.mx\/"},{"@type":"ListItem","position":2,"name":"URGE ANA LILIA HERRERA A LOS GOBIERNOS FEDERAL, ESTATALES Y MUNICIPALES A RESOLVER EL DESABASTO DE AGUA EN EL ESTADO DE M\u00c9XICO"}]},{"@type":"WebSite","@id":"https:\/\/expressometro.mx\/#website","url":"https:\/\/expressometro.mx\/","name":"Expresso Metropolitano","description":"Periodismo comprometido, informaci\u00f3n, investigaci\u00f3n y an\u00e1lisis","publisher":{"@id":"https:\/\/expressometro.mx\/#organization"},"potentialAction":[{"@type":"SearchAction","target":{"@type":"EntryPoint","urlTemplate":"https:\/\/expressometro.mx\/?s={search_term_string}"},"query-input":{"@type":"PropertyValueSpecification","valueRequired":true,"valueName":"search_term_string"}}],"inLanguage":"es"},{"@type":"Organization","@id":"https:\/\/expressometro.mx\/#organization","name":"Expresso Metropolitano","url":"https:\/\/expressometro.mx\/","logo":{"@type":"ImageObject","inLanguage":"es","@id":"https:\/\/expressometro.mx\/#\/schema\/logo\/image\/","url":"https:\/\/expressometro.mx\/wp-content\/uploads\/2019\/07\/cropped-Logo-Expresso-Metropolitano-1-1.jpeg","contentUrl":"https:\/\/expressometro.mx\/wp-content\/uploads\/2019\/07\/cropped-Logo-Expresso-Metropolitano-1-1.jpeg","width":290,"height":73,"caption":"Expresso Metropolitano"},"image":{"@id":"https:\/\/expressometro.mx\/#\/schema\/logo\/image\/"}},{"@type":"Person","@id":"https:\/\/expressometro.mx\/#\/schema\/person\/efa971b4a0664db8ed5c22b1b0dd2f5d","name":"Expresso Metropolitano","image":{"@type":"ImageObject","inLanguage":"es","@id":"https:\/\/secure.gravatar.com\/avatar\/a89f802b8de18c6952f223c88d3d106e9e3679839f4e25a02f4a6cc2ae6ba3b3?s=96&d=mm&r=g","url":"https:\/\/secure.gravatar.com\/avatar\/a89f802b8de18c6952f223c88d3d106e9e3679839f4e25a02f4a6cc2ae6ba3b3?s=96&d=mm&r=g","contentUrl":"https:\/\/secure.gravatar.com\/avatar\/a89f802b8de18c6952f223c88d3d106e9e3679839f4e25a02f4a6cc2ae6ba3b3?s=96&d=mm&r=g","caption":"Expresso Metropolitano"},"url":"https:\/\/expressometro.mx\/index.php\/author\/diego\/"}]}},"amp_enabled":true,"_links":{"self":[{"href":"https:\/\/expressometro.mx\/index.php\/wp-json\/wp\/v2\/posts\/8655","targetHints":{"allow":["GET"]}}],"collection":[{"href":"https:\/\/expressometro.mx\/index.php\/wp-json\/wp\/v2\/posts"}],"about":[{"href":"https:\/\/expressometro.mx\/index.php\/wp-json\/wp\/v2\/types\/post"}],"author":[{"embeddable":true,"href":"https:\/\/expressometro.mx\/index.php\/wp-json\/wp\/v2\/users\/1"}],"replies":[{"embeddable":true,"href":"https:\/\/expressometro.mx\/index.php\/wp-json\/wp\/v2\/comments?post=8655"}],"version-history":[{"count":1,"href":"https:\/\/expressometro.mx\/index.php\/wp-json\/wp\/v2\/posts\/8655\/revisions"}],"predecessor-version":[{"id":8658,"href":"https:\/\/expressometro.mx\/index.php\/wp-json\/wp\/v2\/posts\/8655\/revisions\/8658"}],"wp:featuredmedia":[{"embeddable":true,"href":"https:\/\/expressometro.mx\/index.php\/wp-json\/wp\/v2\/media\/8657"}],"wp:attachment":[{"href":"https:\/\/expressometro.mx\/index.php\/wp-json\/wp\/v2\/media?parent=8655"}],"wp:term":[{"taxonomy":"category","embeddable":true,"href":"https:\/\/expressometro.mx\/index.php\/wp-json\/wp\/v2\/categories?post=8655"},{"taxonomy":"post_tag","embeddable":true,"href":"https:\/\/expressometro.mx\/index.php\/wp-json\/wp\/v2\/tags?post=8655"}],"curies":[{"name":"wp","href":"https:\/\/api.w.org\/{rel}","templated":true}]}}