{"id":8607,"date":"2024-02-04T23:20:48","date_gmt":"2024-02-05T05:20:48","guid":{"rendered":"https:\/\/expressometro.mx\/?p=8607"},"modified":"2024-02-04T23:20:49","modified_gmt":"2024-02-05T05:20:49","slug":"convoca-alito-moreno-a-un-cierre-de-filas-desde-el-estado-de-mexico","status":"publish","type":"post","link":"https:\/\/expressometro.mx\/index.php\/2024\/02\/04\/convoca-alito-moreno-a-un-cierre-de-filas-desde-el-estado-de-mexico\/","title":{"rendered":"CONVOCA ALITO MORENO A UN CIERRE DE FILAS DESDE EL ESTADO DE M\u00c9XICO"},"content":{"rendered":"\n<p><\/p>\n\n\n\n<p>\u2022&nbsp;&nbsp;&nbsp;&nbsp;&nbsp;&nbsp;&nbsp;&nbsp;&nbsp;&nbsp;&nbsp;&nbsp; Estamos llamados a la unidad para ganar las elecciones del pr\u00f3ximo 2 de junio, dijo el l\u00edder nacional del PRI.<\/p>\n\n\n\n<p><\/p>\n\n\n\n<p>El presidente del Comit\u00e9 Ejecutivo Nacional (CEN) del PRI, Alejandro Moreno C\u00e1rdenas, convoc\u00f3 desde el Estado de M\u00e9xico a un cierre de filas en todo el pa\u00eds para alcanzar el triunfo en las elecciones federales y locales del pr\u00f3ximo 2 de junio.\u00a0\u00a0<\/p>\n\n\n\n<p>En el informe de la diputada federal Cristina Ruiz, sostuvo que el PRI construy\u00f3 con sus aliados una coalici\u00f3n electoral poderosa y ganadora.&nbsp; Solo en unidad y por encima de los intereses personales vamos a ganar, \u201csi vamos juntos ganamos todos,\u201d, agreg\u00f3.<\/p>\n\n\n\n<p>Ante la presidenta del Comit\u00e9 Directivo Estatal, Ana Lilia Herrera Anzaldo, refrend\u00f3 que M\u00e9xico se convirti\u00f3 en un Estado fallido ante la incapacidad del actual gobierno por llevar los destinos del pa\u00eds, \u201csus obras fara\u00f3nicas son un fracaso, le robaron a los mexicanos la salud y la educaci\u00f3n, los corruptos de Morena mienten todos los d\u00edas mientras que el pa\u00eds se cae a pedazos por el actual gobierno incapaz\u201d.&nbsp;<\/p>\n\n\n\n<p>Por ello, los mexicanos estamos de frente a dos caminos, uno el de la destrucci\u00f3n y tener al pa\u00eds en llamas o el camino de la naci\u00f3n libre, democr\u00e1tica, pr\u00f3spera y con oportunidades, con certeza y certidumbre que representa X\u00f3chitl G\u00e1lvez, advirti\u00f3.<\/p>\n","protected":false},"excerpt":{"rendered":"<p>El presidente del Comit\u00e9 Ejecutivo Nacional (CEN) del PRI, Alejandro Moreno C\u00e1rdenas, convoc\u00f3 desde el Estado de M\u00e9xico a un cierre de filas en todo el pa\u00eds para alcanzar el triunfo en las elecciones federales y locales del pr\u00f3ximo 2 de junio.\u00a0\u00a0<\/p>\n","protected":false},"author":1,"featured_media":8609,"comment_status":"open","ping_status":"open","sticky":false,"template":"","format":"standard","meta":{"footnotes":""},"categories":[3,1,231],"tags":[1020,2281,1982,158],"class_list":["post-8607","post","type-post","status-publish","format-standard","has-post-thumbnail","hentry","category-gobierno","category-otros","category-politica","tag-alejandro-moreno","tag-ana-lilia-herrera-anzaldo","tag-edomex","tag-pri"],"yoast_head":"<!-- This site is optimized with the Yoast SEO plugin v27.4 - https:\/\/yoast.com\/product\/yoast-seo-wordpress\/ -->\n<title>CONVOCA ALITO MORENO A UN CIERRE DE FILAS DESDE EL ESTADO DE M\u00c9XICO - Expresso Metropolitano<\/title>\n<meta name=\"robots\" content=\"index, follow, max-snippet:-1, max-image-preview:large, max-video-preview:-1\" \/>\n<link rel=\"canonical\" href=\"https:\/\/expressometro.mx\/index.php\/2024\/02\/04\/convoca-alito-moreno-a-un-cierre-de-filas-desde-el-estado-de-mexico\/\" \/>\n<meta property=\"og:locale\" content=\"es_MX\" \/>\n<meta property=\"og:type\" content=\"article\" \/>\n<meta property=\"og:title\" content=\"CONVOCA ALITO MORENO A UN CIERRE DE FILAS DESDE EL ESTADO DE M\u00c9XICO - Expresso Metropolitano\" \/>\n<meta property=\"og:description\" content=\"El presidente del Comit\u00e9 Ejecutivo Nacional (CEN) del PRI, Alejandro Moreno C\u00e1rdenas, convoc\u00f3 desde el Estado de M\u00e9xico a un cierre de filas en todo el pa\u00eds para alcanzar el triunfo en las elecciones federales y locales del pr\u00f3ximo 2 de junio.\u00a0\u00a0\" \/>\n<meta property=\"og:url\" content=\"https:\/\/expressometro.mx\/index.php\/2024\/02\/04\/convoca-alito-moreno-a-un-cierre-de-filas-desde-el-estado-de-mexico\/\" \/>\n<meta property=\"og:site_name\" content=\"Expresso Metropolitano\" \/>\n<meta property=\"article:published_time\" content=\"2024-02-05T05:20:48+00:00\" \/>\n<meta property=\"article:modified_time\" content=\"2024-02-05T05:20:49+00:00\" \/>\n<meta property=\"og:image\" content=\"http:\/\/expressometro.mx\/wp-content\/uploads\/2024\/02\/WhatsApp-Image-2024-02-03-at-8.46.14-PM.jpeg\" \/>\n\t<meta property=\"og:image:width\" content=\"1280\" \/>\n\t<meta property=\"og:image:height\" content=\"768\" \/>\n\t<meta property=\"og:image:type\" content=\"image\/jpeg\" \/>\n<meta name=\"author\" content=\"Expresso Metropolitano\" \/>\n<meta name=\"twitter:label1\" content=\"Escrito por\" \/>\n\t<meta name=\"twitter:data1\" content=\"Expresso Metropolitano\" \/>\n\t<meta name=\"twitter:label2\" content=\"Tiempo de lectura\" \/>\n\t<meta name=\"twitter:data2\" content=\"1 minuto\" \/>\n<script type=\"application\/ld+json\" class=\"yoast-schema-graph\">{\"@context\":\"https:\\\/\\\/schema.org\",\"@graph\":[{\"@type\":\"Article\",\"@id\":\"https:\\\/\\\/expressometro.mx\\\/index.php\\\/2024\\\/02\\\/04\\\/convoca-alito-moreno-a-un-cierre-de-filas-desde-el-estado-de-mexico\\\/#article\",\"isPartOf\":{\"@id\":\"https:\\\/\\\/expressometro.mx\\\/index.php\\\/2024\\\/02\\\/04\\\/convoca-alito-moreno-a-un-cierre-de-filas-desde-el-estado-de-mexico\\\/\"},\"author\":{\"name\":\"Expresso Metropolitano\",\"@id\":\"https:\\\/\\\/expressometro.mx\\\/#\\\/schema\\\/person\\\/efa971b4a0664db8ed5c22b1b0dd2f5d\"},\"headline\":\"CONVOCA ALITO MORENO A UN CIERRE DE FILAS DESDE EL ESTADO DE M\u00c9XICO\",\"datePublished\":\"2024-02-05T05:20:48+00:00\",\"dateModified\":\"2024-02-05T05:20:49+00:00\",\"mainEntityOfPage\":{\"@id\":\"https:\\\/\\\/expressometro.mx\\\/index.php\\\/2024\\\/02\\\/04\\\/convoca-alito-moreno-a-un-cierre-de-filas-desde-el-estado-de-mexico\\\/\"},\"wordCount\":261,\"commentCount\":0,\"publisher\":{\"@id\":\"https:\\\/\\\/expressometro.mx\\\/#organization\"},\"image\":{\"@id\":\"https:\\\/\\\/expressometro.mx\\\/index.php\\\/2024\\\/02\\\/04\\\/convoca-alito-moreno-a-un-cierre-de-filas-desde-el-estado-de-mexico\\\/#primaryimage\"},\"thumbnailUrl\":\"https:\\\/\\\/expressometro.mx\\\/wp-content\\\/uploads\\\/2024\\\/02\\\/WhatsApp-Image-2024-02-03-at-8.46.14-PM.jpeg\",\"keywords\":[\"Alejandro Moreno\",\"Ana Lilia Herrera Anzaldo\",\"Edomex\",\"PRI\"],\"articleSection\":[\"Gobierno\",\"Otros\",\"Pol\u00edtica\"],\"inLanguage\":\"es\",\"potentialAction\":[{\"@type\":\"CommentAction\",\"name\":\"Comment\",\"target\":[\"https:\\\/\\\/expressometro.mx\\\/index.php\\\/2024\\\/02\\\/04\\\/convoca-alito-moreno-a-un-cierre-de-filas-desde-el-estado-de-mexico\\\/#respond\"]}]},{\"@type\":\"WebPage\",\"@id\":\"https:\\\/\\\/expressometro.mx\\\/index.php\\\/2024\\\/02\\\/04\\\/convoca-alito-moreno-a-un-cierre-de-filas-desde-el-estado-de-mexico\\\/\",\"url\":\"https:\\\/\\\/expressometro.mx\\\/index.php\\\/2024\\\/02\\\/04\\\/convoca-alito-moreno-a-un-cierre-de-filas-desde-el-estado-de-mexico\\\/\",\"name\":\"CONVOCA ALITO MORENO A UN CIERRE DE FILAS DESDE EL ESTADO DE M\u00c9XICO - Expresso Metropolitano\",\"isPartOf\":{\"@id\":\"https:\\\/\\\/expressometro.mx\\\/#website\"},\"primaryImageOfPage\":{\"@id\":\"https:\\\/\\\/expressometro.mx\\\/index.php\\\/2024\\\/02\\\/04\\\/convoca-alito-moreno-a-un-cierre-de-filas-desde-el-estado-de-mexico\\\/#primaryimage\"},\"image\":{\"@id\":\"https:\\\/\\\/expressometro.mx\\\/index.php\\\/2024\\\/02\\\/04\\\/convoca-alito-moreno-a-un-cierre-de-filas-desde-el-estado-de-mexico\\\/#primaryimage\"},\"thumbnailUrl\":\"https:\\\/\\\/expressometro.mx\\\/wp-content\\\/uploads\\\/2024\\\/02\\\/WhatsApp-Image-2024-02-03-at-8.46.14-PM.jpeg\",\"datePublished\":\"2024-02-05T05:20:48+00:00\",\"dateModified\":\"2024-02-05T05:20:49+00:00\",\"breadcrumb\":{\"@id\":\"https:\\\/\\\/expressometro.mx\\\/index.php\\\/2024\\\/02\\\/04\\\/convoca-alito-moreno-a-un-cierre-de-filas-desde-el-estado-de-mexico\\\/#breadcrumb\"},\"inLanguage\":\"es\",\"potentialAction\":[{\"@type\":\"ReadAction\",\"target\":[\"https:\\\/\\\/expressometro.mx\\\/index.php\\\/2024\\\/02\\\/04\\\/convoca-alito-moreno-a-un-cierre-de-filas-desde-el-estado-de-mexico\\\/\"]}]},{\"@type\":\"ImageObject\",\"inLanguage\":\"es\",\"@id\":\"https:\\\/\\\/expressometro.mx\\\/index.php\\\/2024\\\/02\\\/04\\\/convoca-alito-moreno-a-un-cierre-de-filas-desde-el-estado-de-mexico\\\/#primaryimage\",\"url\":\"https:\\\/\\\/expressometro.mx\\\/wp-content\\\/uploads\\\/2024\\\/02\\\/WhatsApp-Image-2024-02-03-at-8.46.14-PM.jpeg\",\"contentUrl\":\"https:\\\/\\\/expressometro.mx\\\/wp-content\\\/uploads\\\/2024\\\/02\\\/WhatsApp-Image-2024-02-03-at-8.46.14-PM.jpeg\",\"width\":1280,\"height\":768},{\"@type\":\"BreadcrumbList\",\"@id\":\"https:\\\/\\\/expressometro.mx\\\/index.php\\\/2024\\\/02\\\/04\\\/convoca-alito-moreno-a-un-cierre-de-filas-desde-el-estado-de-mexico\\\/#breadcrumb\",\"itemListElement\":[{\"@type\":\"ListItem\",\"position\":1,\"name\":\"Inicio\",\"item\":\"https:\\\/\\\/expressometro.mx\\\/\"},{\"@type\":\"ListItem\",\"position\":2,\"name\":\"CONVOCA ALITO MORENO A UN CIERRE DE FILAS DESDE EL ESTADO DE M\u00c9XICO\"}]},{\"@type\":\"WebSite\",\"@id\":\"https:\\\/\\\/expressometro.mx\\\/#website\",\"url\":\"https:\\\/\\\/expressometro.mx\\\/\",\"name\":\"Expresso Metropolitano\",\"description\":\"Periodismo comprometido, informaci\u00f3n, investigaci\u00f3n y an\u00e1lisis\",\"publisher\":{\"@id\":\"https:\\\/\\\/expressometro.mx\\\/#organization\"},\"potentialAction\":[{\"@type\":\"SearchAction\",\"target\":{\"@type\":\"EntryPoint\",\"urlTemplate\":\"https:\\\/\\\/expressometro.mx\\\/?s={search_term_string}\"},\"query-input\":{\"@type\":\"PropertyValueSpecification\",\"valueRequired\":true,\"valueName\":\"search_term_string\"}}],\"inLanguage\":\"es\"},{\"@type\":\"Organization\",\"@id\":\"https:\\\/\\\/expressometro.mx\\\/#organization\",\"name\":\"Expresso Metropolitano\",\"url\":\"https:\\\/\\\/expressometro.mx\\\/\",\"logo\":{\"@type\":\"ImageObject\",\"inLanguage\":\"es\",\"@id\":\"https:\\\/\\\/expressometro.mx\\\/#\\\/schema\\\/logo\\\/image\\\/\",\"url\":\"https:\\\/\\\/expressometro.mx\\\/wp-content\\\/uploads\\\/2019\\\/07\\\/cropped-Logo-Expresso-Metropolitano-1-1.jpeg\",\"contentUrl\":\"https:\\\/\\\/expressometro.mx\\\/wp-content\\\/uploads\\\/2019\\\/07\\\/cropped-Logo-Expresso-Metropolitano-1-1.jpeg\",\"width\":290,\"height\":73,\"caption\":\"Expresso Metropolitano\"},\"image\":{\"@id\":\"https:\\\/\\\/expressometro.mx\\\/#\\\/schema\\\/logo\\\/image\\\/\"}},{\"@type\":\"Person\",\"@id\":\"https:\\\/\\\/expressometro.mx\\\/#\\\/schema\\\/person\\\/efa971b4a0664db8ed5c22b1b0dd2f5d\",\"name\":\"Expresso Metropolitano\",\"image\":{\"@type\":\"ImageObject\",\"inLanguage\":\"es\",\"@id\":\"https:\\\/\\\/secure.gravatar.com\\\/avatar\\\/a89f802b8de18c6952f223c88d3d106e9e3679839f4e25a02f4a6cc2ae6ba3b3?s=96&d=mm&r=g\",\"url\":\"https:\\\/\\\/secure.gravatar.com\\\/avatar\\\/a89f802b8de18c6952f223c88d3d106e9e3679839f4e25a02f4a6cc2ae6ba3b3?s=96&d=mm&r=g\",\"contentUrl\":\"https:\\\/\\\/secure.gravatar.com\\\/avatar\\\/a89f802b8de18c6952f223c88d3d106e9e3679839f4e25a02f4a6cc2ae6ba3b3?s=96&d=mm&r=g\",\"caption\":\"Expresso Metropolitano\"},\"url\":\"https:\\\/\\\/expressometro.mx\\\/index.php\\\/author\\\/diego\\\/\"}]}<\/script>\n<!-- \/ Yoast SEO plugin. -->","yoast_head_json":{"title":"CONVOCA ALITO MORENO A UN CIERRE DE FILAS DESDE EL ESTADO DE M\u00c9XICO - Expresso Metropolitano","robots":{"index":"index","follow":"follow","max-snippet":"max-snippet:-1","max-image-preview":"max-image-preview:large","max-video-preview":"max-video-preview:-1"},"canonical":"https:\/\/expressometro.mx\/index.php\/2024\/02\/04\/convoca-alito-moreno-a-un-cierre-de-filas-desde-el-estado-de-mexico\/","og_locale":"es_MX","og_type":"article","og_title":"CONVOCA ALITO MORENO A UN CIERRE DE FILAS DESDE EL ESTADO DE M\u00c9XICO - Expresso Metropolitano","og_description":"El presidente del Comit\u00e9 Ejecutivo Nacional (CEN) del PRI, Alejandro Moreno C\u00e1rdenas, convoc\u00f3 desde el Estado de M\u00e9xico a un cierre de filas en todo el pa\u00eds para alcanzar el triunfo en las elecciones federales y locales del pr\u00f3ximo 2 de junio.\u00a0\u00a0","og_url":"https:\/\/expressometro.mx\/index.php\/2024\/02\/04\/convoca-alito-moreno-a-un-cierre-de-filas-desde-el-estado-de-mexico\/","og_site_name":"Expresso Metropolitano","article_published_time":"2024-02-05T05:20:48+00:00","article_modified_time":"2024-02-05T05:20:49+00:00","og_image":[{"width":1280,"height":768,"url":"http:\/\/expressometro.mx\/wp-content\/uploads\/2024\/02\/WhatsApp-Image-2024-02-03-at-8.46.14-PM.jpeg","type":"image\/jpeg"}],"author":"Expresso Metropolitano","twitter_misc":{"Escrito por":"Expresso Metropolitano","Tiempo de lectura":"1 minuto"},"schema":{"@context":"https:\/\/schema.org","@graph":[{"@type":"Article","@id":"https:\/\/expressometro.mx\/index.php\/2024\/02\/04\/convoca-alito-moreno-a-un-cierre-de-filas-desde-el-estado-de-mexico\/#article","isPartOf":{"@id":"https:\/\/expressometro.mx\/index.php\/2024\/02\/04\/convoca-alito-moreno-a-un-cierre-de-filas-desde-el-estado-de-mexico\/"},"author":{"name":"Expresso Metropolitano","@id":"https:\/\/expressometro.mx\/#\/schema\/person\/efa971b4a0664db8ed5c22b1b0dd2f5d"},"headline":"CONVOCA ALITO MORENO A UN CIERRE DE FILAS DESDE EL ESTADO DE M\u00c9XICO","datePublished":"2024-02-05T05:20:48+00:00","dateModified":"2024-02-05T05:20:49+00:00","mainEntityOfPage":{"@id":"https:\/\/expressometro.mx\/index.php\/2024\/02\/04\/convoca-alito-moreno-a-un-cierre-de-filas-desde-el-estado-de-mexico\/"},"wordCount":261,"commentCount":0,"publisher":{"@id":"https:\/\/expressometro.mx\/#organization"},"image":{"@id":"https:\/\/expressometro.mx\/index.php\/2024\/02\/04\/convoca-alito-moreno-a-un-cierre-de-filas-desde-el-estado-de-mexico\/#primaryimage"},"thumbnailUrl":"https:\/\/expressometro.mx\/wp-content\/uploads\/2024\/02\/WhatsApp-Image-2024-02-03-at-8.46.14-PM.jpeg","keywords":["Alejandro Moreno","Ana Lilia Herrera Anzaldo","Edomex","PRI"],"articleSection":["Gobierno","Otros","Pol\u00edtica"],"inLanguage":"es","potentialAction":[{"@type":"CommentAction","name":"Comment","target":["https:\/\/expressometro.mx\/index.php\/2024\/02\/04\/convoca-alito-moreno-a-un-cierre-de-filas-desde-el-estado-de-mexico\/#respond"]}]},{"@type":"WebPage","@id":"https:\/\/expressometro.mx\/index.php\/2024\/02\/04\/convoca-alito-moreno-a-un-cierre-de-filas-desde-el-estado-de-mexico\/","url":"https:\/\/expressometro.mx\/index.php\/2024\/02\/04\/convoca-alito-moreno-a-un-cierre-de-filas-desde-el-estado-de-mexico\/","name":"CONVOCA ALITO MORENO A UN CIERRE DE FILAS DESDE EL ESTADO DE M\u00c9XICO - Expresso Metropolitano","isPartOf":{"@id":"https:\/\/expressometro.mx\/#website"},"primaryImageOfPage":{"@id":"https:\/\/expressometro.mx\/index.php\/2024\/02\/04\/convoca-alito-moreno-a-un-cierre-de-filas-desde-el-estado-de-mexico\/#primaryimage"},"image":{"@id":"https:\/\/expressometro.mx\/index.php\/2024\/02\/04\/convoca-alito-moreno-a-un-cierre-de-filas-desde-el-estado-de-mexico\/#primaryimage"},"thumbnailUrl":"https:\/\/expressometro.mx\/wp-content\/uploads\/2024\/02\/WhatsApp-Image-2024-02-03-at-8.46.14-PM.jpeg","datePublished":"2024-02-05T05:20:48+00:00","dateModified":"2024-02-05T05:20:49+00:00","breadcrumb":{"@id":"https:\/\/expressometro.mx\/index.php\/2024\/02\/04\/convoca-alito-moreno-a-un-cierre-de-filas-desde-el-estado-de-mexico\/#breadcrumb"},"inLanguage":"es","potentialAction":[{"@type":"ReadAction","target":["https:\/\/expressometro.mx\/index.php\/2024\/02\/04\/convoca-alito-moreno-a-un-cierre-de-filas-desde-el-estado-de-mexico\/"]}]},{"@type":"ImageObject","inLanguage":"es","@id":"https:\/\/expressometro.mx\/index.php\/2024\/02\/04\/convoca-alito-moreno-a-un-cierre-de-filas-desde-el-estado-de-mexico\/#primaryimage","url":"https:\/\/expressometro.mx\/wp-content\/uploads\/2024\/02\/WhatsApp-Image-2024-02-03-at-8.46.14-PM.jpeg","contentUrl":"https:\/\/expressometro.mx\/wp-content\/uploads\/2024\/02\/WhatsApp-Image-2024-02-03-at-8.46.14-PM.jpeg","width":1280,"height":768},{"@type":"BreadcrumbList","@id":"https:\/\/expressometro.mx\/index.php\/2024\/02\/04\/convoca-alito-moreno-a-un-cierre-de-filas-desde-el-estado-de-mexico\/#breadcrumb","itemListElement":[{"@type":"ListItem","position":1,"name":"Inicio","item":"https:\/\/expressometro.mx\/"},{"@type":"ListItem","position":2,"name":"CONVOCA ALITO MORENO A UN CIERRE DE FILAS DESDE EL ESTADO DE M\u00c9XICO"}]},{"@type":"WebSite","@id":"https:\/\/expressometro.mx\/#website","url":"https:\/\/expressometro.mx\/","name":"Expresso Metropolitano","description":"Periodismo comprometido, informaci\u00f3n, investigaci\u00f3n y an\u00e1lisis","publisher":{"@id":"https:\/\/expressometro.mx\/#organization"},"potentialAction":[{"@type":"SearchAction","target":{"@type":"EntryPoint","urlTemplate":"https:\/\/expressometro.mx\/?s={search_term_string}"},"query-input":{"@type":"PropertyValueSpecification","valueRequired":true,"valueName":"search_term_string"}}],"inLanguage":"es"},{"@type":"Organization","@id":"https:\/\/expressometro.mx\/#organization","name":"Expresso Metropolitano","url":"https:\/\/expressometro.mx\/","logo":{"@type":"ImageObject","inLanguage":"es","@id":"https:\/\/expressometro.mx\/#\/schema\/logo\/image\/","url":"https:\/\/expressometro.mx\/wp-content\/uploads\/2019\/07\/cropped-Logo-Expresso-Metropolitano-1-1.jpeg","contentUrl":"https:\/\/expressometro.mx\/wp-content\/uploads\/2019\/07\/cropped-Logo-Expresso-Metropolitano-1-1.jpeg","width":290,"height":73,"caption":"Expresso Metropolitano"},"image":{"@id":"https:\/\/expressometro.mx\/#\/schema\/logo\/image\/"}},{"@type":"Person","@id":"https:\/\/expressometro.mx\/#\/schema\/person\/efa971b4a0664db8ed5c22b1b0dd2f5d","name":"Expresso Metropolitano","image":{"@type":"ImageObject","inLanguage":"es","@id":"https:\/\/secure.gravatar.com\/avatar\/a89f802b8de18c6952f223c88d3d106e9e3679839f4e25a02f4a6cc2ae6ba3b3?s=96&d=mm&r=g","url":"https:\/\/secure.gravatar.com\/avatar\/a89f802b8de18c6952f223c88d3d106e9e3679839f4e25a02f4a6cc2ae6ba3b3?s=96&d=mm&r=g","contentUrl":"https:\/\/secure.gravatar.com\/avatar\/a89f802b8de18c6952f223c88d3d106e9e3679839f4e25a02f4a6cc2ae6ba3b3?s=96&d=mm&r=g","caption":"Expresso Metropolitano"},"url":"https:\/\/expressometro.mx\/index.php\/author\/diego\/"}]}},"amp_enabled":true,"_links":{"self":[{"href":"https:\/\/expressometro.mx\/index.php\/wp-json\/wp\/v2\/posts\/8607","targetHints":{"allow":["GET"]}}],"collection":[{"href":"https:\/\/expressometro.mx\/index.php\/wp-json\/wp\/v2\/posts"}],"about":[{"href":"https:\/\/expressometro.mx\/index.php\/wp-json\/wp\/v2\/types\/post"}],"author":[{"embeddable":true,"href":"https:\/\/expressometro.mx\/index.php\/wp-json\/wp\/v2\/users\/1"}],"replies":[{"embeddable":true,"href":"https:\/\/expressometro.mx\/index.php\/wp-json\/wp\/v2\/comments?post=8607"}],"version-history":[{"count":1,"href":"https:\/\/expressometro.mx\/index.php\/wp-json\/wp\/v2\/posts\/8607\/revisions"}],"predecessor-version":[{"id":8610,"href":"https:\/\/expressometro.mx\/index.php\/wp-json\/wp\/v2\/posts\/8607\/revisions\/8610"}],"wp:featuredmedia":[{"embeddable":true,"href":"https:\/\/expressometro.mx\/index.php\/wp-json\/wp\/v2\/media\/8609"}],"wp:attachment":[{"href":"https:\/\/expressometro.mx\/index.php\/wp-json\/wp\/v2\/media?parent=8607"}],"wp:term":[{"taxonomy":"category","embeddable":true,"href":"https:\/\/expressometro.mx\/index.php\/wp-json\/wp\/v2\/categories?post=8607"},{"taxonomy":"post_tag","embeddable":true,"href":"https:\/\/expressometro.mx\/index.php\/wp-json\/wp\/v2\/tags?post=8607"}],"curies":[{"name":"wp","href":"https:\/\/api.w.org\/{rel}","templated":true}]}}