{"id":8573,"date":"2024-01-28T20:01:45","date_gmt":"2024-01-29T02:01:45","guid":{"rendered":"https:\/\/expressometro.mx\/?p=8573"},"modified":"2024-01-28T20:01:46","modified_gmt":"2024-01-29T02:01:46","slug":"unidos-y-comprometidos-enfrenta-el-priismo-mexiquense-el-proceso-electoral","status":"publish","type":"post","link":"https:\/\/expressometro.mx\/index.php\/2024\/01\/28\/unidos-y-comprometidos-enfrenta-el-priismo-mexiquense-el-proceso-electoral\/","title":{"rendered":"UNIDOS Y COMPROMETIDOS ENFRENTA EL PRIISMO MEXIQUENSE EL PROCESO ELECTORAL"},"content":{"rendered":"\n<p><\/p>\n\n\n\n<p>* Vamos por una alianza electoral poderosa y competitiva para ganar las presidencias municipales y las diputaciones locales, dej\u00f3 en claro la dirigente estatal del PRI.<\/p>\n\n\n\n<p>* Enfrentaremos una elecci\u00f3n de Estado unidos y dispuestos a recuperar la vida, la libertad y la verdad para las y los mexiquenses, dijo Herrera Anzaldo.<\/p>\n\n\n\n<p><\/p>\n\n\n\n<p>El priismo mexiquense se mantiene unido y trabaja todos los d\u00edas en la construcci\u00f3n de una alianza poderosa y competitiva para ganar las elecciones del pr\u00f3ximo 2 de junio, afirm\u00f3 la Presidenta del Comit\u00e9 Directivo Estatal (CDE), Ana Lilia Herrera Anzaldo, al convocar a la militancia a cimentar el futuro del pa\u00eds.<\/p>\n\n\n\n<p>En el Estado de M\u00e9xico estamos convencidos de acatar el mandato ciudadano de ir unidos y de poner lo bueno para todos por encima de los intereses de partido o de grupo, \u201csabemos que el reto es grande, pero ante los grandes desaf\u00edos los priistas nos crecemos y damos todo por las buenas causas\u201d, puntualiz\u00f3.<\/p>\n\n\n\n<p>Dej\u00f3 en claro que los priistas mexiquenses entran a este proceso electoral dispuestos a dejar el alma en el territorio. \u201cAqu\u00ed estamos, listos, comprometidos y muy motivados, para poner toda nuestra fuerza y dar todo el coraz\u00f3n\u201d, agreg\u00f3.<\/p>\n\n\n\n<p>M\u00e9xico necesita volver a vivir en paz, ese es el anhelo m\u00e1s sentido de las y los mexicanos y, por supuesto, de los mexiquenses; \u201cno queremos ni merecemos m\u00e1s mentiras, no queremos otros datos, las madres de los desaparecidos no merecen que el gobierno intente borrar de un plumazo a sus hijos e hijas, nos urge reconocer la realidad por muy cruda que esta sea, para comenzar a cambiarla\u201d, enfatiz\u00f3.<\/p>\n\n\n\n<p>La dirigente estatal del PRI se\u00f1al\u00f3 que la libertad es despu\u00e9s de la vida el valor m\u00e1s preciado que tenemos, en un pa\u00eds en el que la libertad de expresi\u00f3n puede costar la vida, urge que actuemos para cambiar esa realidad y para lograrlo aqu\u00ed estamos los priistas, para defender esos valores, para recuperar lo bueno y construir un mejor ma\u00f1ana.<\/p>\n","protected":false},"excerpt":{"rendered":"<p>El priismo mexiquense se mantiene unido y trabaja todos los d\u00edas en la construcci\u00f3n de una alianza poderosa y competitiva para ganar las elecciones del pr\u00f3ximo 2 de junio, afirm\u00f3 la Presidenta del Comit\u00e9 Directivo Estatal (CDE), Ana Lilia Herrera Anzaldo, al convocar a la militancia a cimentar el futuro del pa\u00eds.<\/p>\n","protected":false},"author":1,"featured_media":8575,"comment_status":"open","ping_status":"open","sticky":false,"template":"","format":"standard","meta":{"footnotes":""},"categories":[3,1,231],"tags":[2281,1982,158],"class_list":["post-8573","post","type-post","status-publish","format-standard","has-post-thumbnail","hentry","category-gobierno","category-otros","category-politica","tag-ana-lilia-herrera-anzaldo","tag-edomex","tag-pri"],"yoast_head":"<!-- This site is optimized with the Yoast SEO plugin v27.5 - https:\/\/yoast.com\/product\/yoast-seo-wordpress\/ -->\n<title>UNIDOS Y COMPROMETIDOS ENFRENTA EL PRIISMO MEXIQUENSE EL PROCESO ELECTORAL - Expresso Metropolitano<\/title>\n<meta name=\"robots\" content=\"index, follow, max-snippet:-1, max-image-preview:large, max-video-preview:-1\" \/>\n<link rel=\"canonical\" href=\"https:\/\/expressometro.mx\/index.php\/2024\/01\/28\/unidos-y-comprometidos-enfrenta-el-priismo-mexiquense-el-proceso-electoral\/\" \/>\n<meta property=\"og:locale\" content=\"es_MX\" \/>\n<meta property=\"og:type\" content=\"article\" \/>\n<meta property=\"og:title\" content=\"UNIDOS Y COMPROMETIDOS ENFRENTA EL PRIISMO MEXIQUENSE EL PROCESO ELECTORAL - Expresso Metropolitano\" \/>\n<meta property=\"og:description\" content=\"El priismo mexiquense se mantiene unido y trabaja todos los d\u00edas en la construcci\u00f3n de una alianza poderosa y competitiva para ganar las elecciones del pr\u00f3ximo 2 de junio, afirm\u00f3 la Presidenta del Comit\u00e9 Directivo Estatal (CDE), Ana Lilia Herrera Anzaldo, al convocar a la militancia a cimentar el futuro del pa\u00eds.\" \/>\n<meta property=\"og:url\" content=\"https:\/\/expressometro.mx\/index.php\/2024\/01\/28\/unidos-y-comprometidos-enfrenta-el-priismo-mexiquense-el-proceso-electoral\/\" \/>\n<meta property=\"og:site_name\" content=\"Expresso Metropolitano\" \/>\n<meta property=\"article:published_time\" content=\"2024-01-29T02:01:45+00:00\" \/>\n<meta property=\"article:modified_time\" content=\"2024-01-29T02:01:46+00:00\" \/>\n<meta property=\"og:image\" content=\"http:\/\/expressometro.mx\/wp-content\/uploads\/2024\/01\/WhatsApp-Image-2024-01-28-at-2.01.04-PM.jpeg\" \/>\n\t<meta property=\"og:image:width\" content=\"1600\" \/>\n\t<meta property=\"og:image:height\" content=\"974\" \/>\n\t<meta property=\"og:image:type\" content=\"image\/jpeg\" \/>\n<meta name=\"author\" content=\"Expresso Metropolitano\" \/>\n<meta name=\"twitter:label1\" content=\"Escrito por\" \/>\n\t<meta name=\"twitter:data1\" content=\"Expresso Metropolitano\" \/>\n\t<meta name=\"twitter:label2\" content=\"Tiempo de lectura\" \/>\n\t<meta name=\"twitter:data2\" content=\"2 minutos\" \/>\n<script type=\"application\/ld+json\" class=\"yoast-schema-graph\">{\"@context\":\"https:\\\/\\\/schema.org\",\"@graph\":[{\"@type\":\"Article\",\"@id\":\"https:\\\/\\\/expressometro.mx\\\/index.php\\\/2024\\\/01\\\/28\\\/unidos-y-comprometidos-enfrenta-el-priismo-mexiquense-el-proceso-electoral\\\/#article\",\"isPartOf\":{\"@id\":\"https:\\\/\\\/expressometro.mx\\\/index.php\\\/2024\\\/01\\\/28\\\/unidos-y-comprometidos-enfrenta-el-priismo-mexiquense-el-proceso-electoral\\\/\"},\"author\":{\"name\":\"Expresso Metropolitano\",\"@id\":\"https:\\\/\\\/expressometro.mx\\\/#\\\/schema\\\/person\\\/efa971b4a0664db8ed5c22b1b0dd2f5d\"},\"headline\":\"UNIDOS Y COMPROMETIDOS ENFRENTA EL PRIISMO MEXIQUENSE EL PROCESO ELECTORAL\",\"datePublished\":\"2024-01-29T02:01:45+00:00\",\"dateModified\":\"2024-01-29T02:01:46+00:00\",\"mainEntityOfPage\":{\"@id\":\"https:\\\/\\\/expressometro.mx\\\/index.php\\\/2024\\\/01\\\/28\\\/unidos-y-comprometidos-enfrenta-el-priismo-mexiquense-el-proceso-electoral\\\/\"},\"wordCount\":352,\"commentCount\":0,\"publisher\":{\"@id\":\"https:\\\/\\\/expressometro.mx\\\/#organization\"},\"image\":{\"@id\":\"https:\\\/\\\/expressometro.mx\\\/index.php\\\/2024\\\/01\\\/28\\\/unidos-y-comprometidos-enfrenta-el-priismo-mexiquense-el-proceso-electoral\\\/#primaryimage\"},\"thumbnailUrl\":\"https:\\\/\\\/expressometro.mx\\\/wp-content\\\/uploads\\\/2024\\\/01\\\/WhatsApp-Image-2024-01-28-at-2.01.04-PM.jpeg\",\"keywords\":[\"Ana Lilia Herrera Anzaldo\",\"Edomex\",\"PRI\"],\"articleSection\":[\"Gobierno\",\"Otros\",\"Pol\u00edtica\"],\"inLanguage\":\"es\",\"potentialAction\":[{\"@type\":\"CommentAction\",\"name\":\"Comment\",\"target\":[\"https:\\\/\\\/expressometro.mx\\\/index.php\\\/2024\\\/01\\\/28\\\/unidos-y-comprometidos-enfrenta-el-priismo-mexiquense-el-proceso-electoral\\\/#respond\"]}]},{\"@type\":\"WebPage\",\"@id\":\"https:\\\/\\\/expressometro.mx\\\/index.php\\\/2024\\\/01\\\/28\\\/unidos-y-comprometidos-enfrenta-el-priismo-mexiquense-el-proceso-electoral\\\/\",\"url\":\"https:\\\/\\\/expressometro.mx\\\/index.php\\\/2024\\\/01\\\/28\\\/unidos-y-comprometidos-enfrenta-el-priismo-mexiquense-el-proceso-electoral\\\/\",\"name\":\"UNIDOS Y COMPROMETIDOS ENFRENTA EL PRIISMO MEXIQUENSE EL PROCESO ELECTORAL - Expresso Metropolitano\",\"isPartOf\":{\"@id\":\"https:\\\/\\\/expressometro.mx\\\/#website\"},\"primaryImageOfPage\":{\"@id\":\"https:\\\/\\\/expressometro.mx\\\/index.php\\\/2024\\\/01\\\/28\\\/unidos-y-comprometidos-enfrenta-el-priismo-mexiquense-el-proceso-electoral\\\/#primaryimage\"},\"image\":{\"@id\":\"https:\\\/\\\/expressometro.mx\\\/index.php\\\/2024\\\/01\\\/28\\\/unidos-y-comprometidos-enfrenta-el-priismo-mexiquense-el-proceso-electoral\\\/#primaryimage\"},\"thumbnailUrl\":\"https:\\\/\\\/expressometro.mx\\\/wp-content\\\/uploads\\\/2024\\\/01\\\/WhatsApp-Image-2024-01-28-at-2.01.04-PM.jpeg\",\"datePublished\":\"2024-01-29T02:01:45+00:00\",\"dateModified\":\"2024-01-29T02:01:46+00:00\",\"breadcrumb\":{\"@id\":\"https:\\\/\\\/expressometro.mx\\\/index.php\\\/2024\\\/01\\\/28\\\/unidos-y-comprometidos-enfrenta-el-priismo-mexiquense-el-proceso-electoral\\\/#breadcrumb\"},\"inLanguage\":\"es\",\"potentialAction\":[{\"@type\":\"ReadAction\",\"target\":[\"https:\\\/\\\/expressometro.mx\\\/index.php\\\/2024\\\/01\\\/28\\\/unidos-y-comprometidos-enfrenta-el-priismo-mexiquense-el-proceso-electoral\\\/\"]}]},{\"@type\":\"ImageObject\",\"inLanguage\":\"es\",\"@id\":\"https:\\\/\\\/expressometro.mx\\\/index.php\\\/2024\\\/01\\\/28\\\/unidos-y-comprometidos-enfrenta-el-priismo-mexiquense-el-proceso-electoral\\\/#primaryimage\",\"url\":\"https:\\\/\\\/expressometro.mx\\\/wp-content\\\/uploads\\\/2024\\\/01\\\/WhatsApp-Image-2024-01-28-at-2.01.04-PM.jpeg\",\"contentUrl\":\"https:\\\/\\\/expressometro.mx\\\/wp-content\\\/uploads\\\/2024\\\/01\\\/WhatsApp-Image-2024-01-28-at-2.01.04-PM.jpeg\",\"width\":1600,\"height\":974},{\"@type\":\"BreadcrumbList\",\"@id\":\"https:\\\/\\\/expressometro.mx\\\/index.php\\\/2024\\\/01\\\/28\\\/unidos-y-comprometidos-enfrenta-el-priismo-mexiquense-el-proceso-electoral\\\/#breadcrumb\",\"itemListElement\":[{\"@type\":\"ListItem\",\"position\":1,\"name\":\"Inicio\",\"item\":\"https:\\\/\\\/expressometro.mx\\\/\"},{\"@type\":\"ListItem\",\"position\":2,\"name\":\"UNIDOS Y COMPROMETIDOS ENFRENTA EL PRIISMO MEXIQUENSE EL PROCESO ELECTORAL\"}]},{\"@type\":\"WebSite\",\"@id\":\"https:\\\/\\\/expressometro.mx\\\/#website\",\"url\":\"https:\\\/\\\/expressometro.mx\\\/\",\"name\":\"Expresso Metropolitano\",\"description\":\"Periodismo comprometido, informaci\u00f3n, investigaci\u00f3n y an\u00e1lisis\",\"publisher\":{\"@id\":\"https:\\\/\\\/expressometro.mx\\\/#organization\"},\"potentialAction\":[{\"@type\":\"SearchAction\",\"target\":{\"@type\":\"EntryPoint\",\"urlTemplate\":\"https:\\\/\\\/expressometro.mx\\\/?s={search_term_string}\"},\"query-input\":{\"@type\":\"PropertyValueSpecification\",\"valueRequired\":true,\"valueName\":\"search_term_string\"}}],\"inLanguage\":\"es\"},{\"@type\":\"Organization\",\"@id\":\"https:\\\/\\\/expressometro.mx\\\/#organization\",\"name\":\"Expresso Metropolitano\",\"url\":\"https:\\\/\\\/expressometro.mx\\\/\",\"logo\":{\"@type\":\"ImageObject\",\"inLanguage\":\"es\",\"@id\":\"https:\\\/\\\/expressometro.mx\\\/#\\\/schema\\\/logo\\\/image\\\/\",\"url\":\"https:\\\/\\\/expressometro.mx\\\/wp-content\\\/uploads\\\/2019\\\/07\\\/cropped-Logo-Expresso-Metropolitano-1-1.jpeg\",\"contentUrl\":\"https:\\\/\\\/expressometro.mx\\\/wp-content\\\/uploads\\\/2019\\\/07\\\/cropped-Logo-Expresso-Metropolitano-1-1.jpeg\",\"width\":290,\"height\":73,\"caption\":\"Expresso Metropolitano\"},\"image\":{\"@id\":\"https:\\\/\\\/expressometro.mx\\\/#\\\/schema\\\/logo\\\/image\\\/\"}},{\"@type\":\"Person\",\"@id\":\"https:\\\/\\\/expressometro.mx\\\/#\\\/schema\\\/person\\\/efa971b4a0664db8ed5c22b1b0dd2f5d\",\"name\":\"Expresso Metropolitano\",\"image\":{\"@type\":\"ImageObject\",\"inLanguage\":\"es\",\"@id\":\"https:\\\/\\\/secure.gravatar.com\\\/avatar\\\/a89f802b8de18c6952f223c88d3d106e9e3679839f4e25a02f4a6cc2ae6ba3b3?s=96&d=mm&r=g\",\"url\":\"https:\\\/\\\/secure.gravatar.com\\\/avatar\\\/a89f802b8de18c6952f223c88d3d106e9e3679839f4e25a02f4a6cc2ae6ba3b3?s=96&d=mm&r=g\",\"contentUrl\":\"https:\\\/\\\/secure.gravatar.com\\\/avatar\\\/a89f802b8de18c6952f223c88d3d106e9e3679839f4e25a02f4a6cc2ae6ba3b3?s=96&d=mm&r=g\",\"caption\":\"Expresso Metropolitano\"},\"url\":\"https:\\\/\\\/expressometro.mx\\\/index.php\\\/author\\\/diego\\\/\"}]}<\/script>\n<!-- \/ Yoast SEO plugin. -->","yoast_head_json":{"title":"UNIDOS Y COMPROMETIDOS ENFRENTA EL PRIISMO MEXIQUENSE EL PROCESO ELECTORAL - Expresso Metropolitano","robots":{"index":"index","follow":"follow","max-snippet":"max-snippet:-1","max-image-preview":"max-image-preview:large","max-video-preview":"max-video-preview:-1"},"canonical":"https:\/\/expressometro.mx\/index.php\/2024\/01\/28\/unidos-y-comprometidos-enfrenta-el-priismo-mexiquense-el-proceso-electoral\/","og_locale":"es_MX","og_type":"article","og_title":"UNIDOS Y COMPROMETIDOS ENFRENTA EL PRIISMO MEXIQUENSE EL PROCESO ELECTORAL - Expresso Metropolitano","og_description":"El priismo mexiquense se mantiene unido y trabaja todos los d\u00edas en la construcci\u00f3n de una alianza poderosa y competitiva para ganar las elecciones del pr\u00f3ximo 2 de junio, afirm\u00f3 la Presidenta del Comit\u00e9 Directivo Estatal (CDE), Ana Lilia Herrera Anzaldo, al convocar a la militancia a cimentar el futuro del pa\u00eds.","og_url":"https:\/\/expressometro.mx\/index.php\/2024\/01\/28\/unidos-y-comprometidos-enfrenta-el-priismo-mexiquense-el-proceso-electoral\/","og_site_name":"Expresso Metropolitano","article_published_time":"2024-01-29T02:01:45+00:00","article_modified_time":"2024-01-29T02:01:46+00:00","og_image":[{"width":1600,"height":974,"url":"http:\/\/expressometro.mx\/wp-content\/uploads\/2024\/01\/WhatsApp-Image-2024-01-28-at-2.01.04-PM.jpeg","type":"image\/jpeg"}],"author":"Expresso Metropolitano","twitter_misc":{"Escrito por":"Expresso Metropolitano","Tiempo de lectura":"2 minutos"},"schema":{"@context":"https:\/\/schema.org","@graph":[{"@type":"Article","@id":"https:\/\/expressometro.mx\/index.php\/2024\/01\/28\/unidos-y-comprometidos-enfrenta-el-priismo-mexiquense-el-proceso-electoral\/#article","isPartOf":{"@id":"https:\/\/expressometro.mx\/index.php\/2024\/01\/28\/unidos-y-comprometidos-enfrenta-el-priismo-mexiquense-el-proceso-electoral\/"},"author":{"name":"Expresso Metropolitano","@id":"https:\/\/expressometro.mx\/#\/schema\/person\/efa971b4a0664db8ed5c22b1b0dd2f5d"},"headline":"UNIDOS Y COMPROMETIDOS ENFRENTA EL PRIISMO MEXIQUENSE EL PROCESO ELECTORAL","datePublished":"2024-01-29T02:01:45+00:00","dateModified":"2024-01-29T02:01:46+00:00","mainEntityOfPage":{"@id":"https:\/\/expressometro.mx\/index.php\/2024\/01\/28\/unidos-y-comprometidos-enfrenta-el-priismo-mexiquense-el-proceso-electoral\/"},"wordCount":352,"commentCount":0,"publisher":{"@id":"https:\/\/expressometro.mx\/#organization"},"image":{"@id":"https:\/\/expressometro.mx\/index.php\/2024\/01\/28\/unidos-y-comprometidos-enfrenta-el-priismo-mexiquense-el-proceso-electoral\/#primaryimage"},"thumbnailUrl":"https:\/\/expressometro.mx\/wp-content\/uploads\/2024\/01\/WhatsApp-Image-2024-01-28-at-2.01.04-PM.jpeg","keywords":["Ana Lilia Herrera Anzaldo","Edomex","PRI"],"articleSection":["Gobierno","Otros","Pol\u00edtica"],"inLanguage":"es","potentialAction":[{"@type":"CommentAction","name":"Comment","target":["https:\/\/expressometro.mx\/index.php\/2024\/01\/28\/unidos-y-comprometidos-enfrenta-el-priismo-mexiquense-el-proceso-electoral\/#respond"]}]},{"@type":"WebPage","@id":"https:\/\/expressometro.mx\/index.php\/2024\/01\/28\/unidos-y-comprometidos-enfrenta-el-priismo-mexiquense-el-proceso-electoral\/","url":"https:\/\/expressometro.mx\/index.php\/2024\/01\/28\/unidos-y-comprometidos-enfrenta-el-priismo-mexiquense-el-proceso-electoral\/","name":"UNIDOS Y COMPROMETIDOS ENFRENTA EL PRIISMO MEXIQUENSE EL PROCESO ELECTORAL - Expresso Metropolitano","isPartOf":{"@id":"https:\/\/expressometro.mx\/#website"},"primaryImageOfPage":{"@id":"https:\/\/expressometro.mx\/index.php\/2024\/01\/28\/unidos-y-comprometidos-enfrenta-el-priismo-mexiquense-el-proceso-electoral\/#primaryimage"},"image":{"@id":"https:\/\/expressometro.mx\/index.php\/2024\/01\/28\/unidos-y-comprometidos-enfrenta-el-priismo-mexiquense-el-proceso-electoral\/#primaryimage"},"thumbnailUrl":"https:\/\/expressometro.mx\/wp-content\/uploads\/2024\/01\/WhatsApp-Image-2024-01-28-at-2.01.04-PM.jpeg","datePublished":"2024-01-29T02:01:45+00:00","dateModified":"2024-01-29T02:01:46+00:00","breadcrumb":{"@id":"https:\/\/expressometro.mx\/index.php\/2024\/01\/28\/unidos-y-comprometidos-enfrenta-el-priismo-mexiquense-el-proceso-electoral\/#breadcrumb"},"inLanguage":"es","potentialAction":[{"@type":"ReadAction","target":["https:\/\/expressometro.mx\/index.php\/2024\/01\/28\/unidos-y-comprometidos-enfrenta-el-priismo-mexiquense-el-proceso-electoral\/"]}]},{"@type":"ImageObject","inLanguage":"es","@id":"https:\/\/expressometro.mx\/index.php\/2024\/01\/28\/unidos-y-comprometidos-enfrenta-el-priismo-mexiquense-el-proceso-electoral\/#primaryimage","url":"https:\/\/expressometro.mx\/wp-content\/uploads\/2024\/01\/WhatsApp-Image-2024-01-28-at-2.01.04-PM.jpeg","contentUrl":"https:\/\/expressometro.mx\/wp-content\/uploads\/2024\/01\/WhatsApp-Image-2024-01-28-at-2.01.04-PM.jpeg","width":1600,"height":974},{"@type":"BreadcrumbList","@id":"https:\/\/expressometro.mx\/index.php\/2024\/01\/28\/unidos-y-comprometidos-enfrenta-el-priismo-mexiquense-el-proceso-electoral\/#breadcrumb","itemListElement":[{"@type":"ListItem","position":1,"name":"Inicio","item":"https:\/\/expressometro.mx\/"},{"@type":"ListItem","position":2,"name":"UNIDOS Y COMPROMETIDOS ENFRENTA EL PRIISMO MEXIQUENSE EL PROCESO ELECTORAL"}]},{"@type":"WebSite","@id":"https:\/\/expressometro.mx\/#website","url":"https:\/\/expressometro.mx\/","name":"Expresso Metropolitano","description":"Periodismo comprometido, informaci\u00f3n, investigaci\u00f3n y an\u00e1lisis","publisher":{"@id":"https:\/\/expressometro.mx\/#organization"},"potentialAction":[{"@type":"SearchAction","target":{"@type":"EntryPoint","urlTemplate":"https:\/\/expressometro.mx\/?s={search_term_string}"},"query-input":{"@type":"PropertyValueSpecification","valueRequired":true,"valueName":"search_term_string"}}],"inLanguage":"es"},{"@type":"Organization","@id":"https:\/\/expressometro.mx\/#organization","name":"Expresso Metropolitano","url":"https:\/\/expressometro.mx\/","logo":{"@type":"ImageObject","inLanguage":"es","@id":"https:\/\/expressometro.mx\/#\/schema\/logo\/image\/","url":"https:\/\/expressometro.mx\/wp-content\/uploads\/2019\/07\/cropped-Logo-Expresso-Metropolitano-1-1.jpeg","contentUrl":"https:\/\/expressometro.mx\/wp-content\/uploads\/2019\/07\/cropped-Logo-Expresso-Metropolitano-1-1.jpeg","width":290,"height":73,"caption":"Expresso Metropolitano"},"image":{"@id":"https:\/\/expressometro.mx\/#\/schema\/logo\/image\/"}},{"@type":"Person","@id":"https:\/\/expressometro.mx\/#\/schema\/person\/efa971b4a0664db8ed5c22b1b0dd2f5d","name":"Expresso Metropolitano","image":{"@type":"ImageObject","inLanguage":"es","@id":"https:\/\/secure.gravatar.com\/avatar\/a89f802b8de18c6952f223c88d3d106e9e3679839f4e25a02f4a6cc2ae6ba3b3?s=96&d=mm&r=g","url":"https:\/\/secure.gravatar.com\/avatar\/a89f802b8de18c6952f223c88d3d106e9e3679839f4e25a02f4a6cc2ae6ba3b3?s=96&d=mm&r=g","contentUrl":"https:\/\/secure.gravatar.com\/avatar\/a89f802b8de18c6952f223c88d3d106e9e3679839f4e25a02f4a6cc2ae6ba3b3?s=96&d=mm&r=g","caption":"Expresso Metropolitano"},"url":"https:\/\/expressometro.mx\/index.php\/author\/diego\/"}]}},"amp_enabled":true,"_links":{"self":[{"href":"https:\/\/expressometro.mx\/index.php\/wp-json\/wp\/v2\/posts\/8573","targetHints":{"allow":["GET"]}}],"collection":[{"href":"https:\/\/expressometro.mx\/index.php\/wp-json\/wp\/v2\/posts"}],"about":[{"href":"https:\/\/expressometro.mx\/index.php\/wp-json\/wp\/v2\/types\/post"}],"author":[{"embeddable":true,"href":"https:\/\/expressometro.mx\/index.php\/wp-json\/wp\/v2\/users\/1"}],"replies":[{"embeddable":true,"href":"https:\/\/expressometro.mx\/index.php\/wp-json\/wp\/v2\/comments?post=8573"}],"version-history":[{"count":1,"href":"https:\/\/expressometro.mx\/index.php\/wp-json\/wp\/v2\/posts\/8573\/revisions"}],"predecessor-version":[{"id":8576,"href":"https:\/\/expressometro.mx\/index.php\/wp-json\/wp\/v2\/posts\/8573\/revisions\/8576"}],"wp:featuredmedia":[{"embeddable":true,"href":"https:\/\/expressometro.mx\/index.php\/wp-json\/wp\/v2\/media\/8575"}],"wp:attachment":[{"href":"https:\/\/expressometro.mx\/index.php\/wp-json\/wp\/v2\/media?parent=8573"}],"wp:term":[{"taxonomy":"category","embeddable":true,"href":"https:\/\/expressometro.mx\/index.php\/wp-json\/wp\/v2\/categories?post=8573"},{"taxonomy":"post_tag","embeddable":true,"href":"https:\/\/expressometro.mx\/index.php\/wp-json\/wp\/v2\/tags?post=8573"}],"curies":[{"name":"wp","href":"https:\/\/api.w.org\/{rel}","templated":true}]}}