{"id":8528,"date":"2024-01-21T20:59:26","date_gmt":"2024-01-22T02:59:26","guid":{"rendered":"https:\/\/expressometro.mx\/?p=8528"},"modified":"2024-01-21T20:59:26","modified_gmt":"2024-01-22T02:59:26","slug":"morena-trabaja-en-un-solo-sentido-en-chalco","status":"publish","type":"post","link":"https:\/\/expressometro.mx\/index.php\/2024\/01\/21\/morena-trabaja-en-un-solo-sentido-en-chalco\/","title":{"rendered":"MORENA TRABAJA EN UN SOLO SENTIDO EN CHALCO"},"content":{"rendered":"\n<ul class=\"wp-block-list\">\n<li>No se pueden equivocar, la fuerza de Morena est\u00e1 en la unidad y de las encuestas que se realicen tendr\u00e1n que salir fortalecidos.<\/li>\n<\/ul>\n\n\n\n<p>Chalco, Estado de M\u00e9xico a 21 de Enero.- Entre la comunidad de Morena del municipio de Chalco no hay adversarios ni divisi\u00f3n porque tienen el mismo objetivo que es continuar con la cuarta transformaci\u00f3n. Por el contrario existen gestos significativos de cohesi\u00f3n pol\u00edtica de cara a la elecciones de junio pr\u00f3ximo.<\/p>\n\n\n\n<p>Militantes y simpatizantes que integran la gran familia de Morena en Chalco han logrado consolidar la unidad entre sus filas. De esta manera se avanza en la construcci\u00f3n de un solo proyecto ganador donde se incluya a todos. Hasta el momento de los 28 aspirantes registrados, 21 de los m\u00e1s consolidados han unido fuerzas para trabajar hacia un objetivo com\u00fan.<\/p>\n\n\n\n<p>Este paso hacia la unidad se destaca como un hito en la trayectoria del partido en la regi\u00f3n. La convergencia de visiones y esfuerzos de casi dos tercios de los aspirantes refleja un compromiso compartido con los principios y metas de Morena.<\/p>\n\n\n\n<p>Las negociaciones y di\u00e1logos internos han sido fundamentales para superar diferencias y lograr este consenso. Los miembros destacan la importancia de trabajar juntos para representar de manera efectiva a la comunidad y abordar los desaf\u00edos locales.<\/p>\n\n\n\n<p>Este hecho no solo fortalece la posici\u00f3n de Morena en Chalco, sino que tambi\u00e9n env\u00eda un mensaje claro sobre la capacidad del partido para unirse en busca del bienestar com\u00fan. La unidad, esencial para enfrentar los retos actuales, se erige como la base sobre la cual construir un futuro m\u00e1s s\u00f3lido y prometedor.<\/p>\n\n\n\n<p>La diversidad de perspectivas entre los aspirantes se ve como un activo valioso, y la colaboraci\u00f3n entre ellos se presenta como un modelo a seguir en la construcci\u00f3n de consensos en la pol\u00edtica local.<\/p>\n","protected":false},"excerpt":{"rendered":"<p> Entre la comunidad de Morena del municipio de Chalco no hay adversarios ni divisi\u00f3n porque tienen el mismo objetivo que es continuar con la cuarta transformaci\u00f3n. Por el contrario existen gestos significativos de cohesi\u00f3n pol\u00edtica de cara a la elecciones de junio pr\u00f3ximo.<\/p>\n","protected":false},"author":1,"featured_media":8530,"comment_status":"open","ping_status":"open","sticky":false,"template":"","format":"standard","meta":{"footnotes":""},"categories":[3,231],"tags":[2280,1982,84],"class_list":["post-8528","post","type-post","status-publish","format-standard","has-post-thumbnail","hentry","category-gobierno","category-politica","tag-chalco","tag-edomex","tag-morena"],"yoast_head":"<!-- This site is optimized with the Yoast SEO plugin v27.4 - https:\/\/yoast.com\/product\/yoast-seo-wordpress\/ -->\n<title>MORENA TRABAJA EN UN SOLO SENTIDO EN CHALCO - Expresso Metropolitano<\/title>\n<meta name=\"robots\" content=\"index, follow, max-snippet:-1, max-image-preview:large, max-video-preview:-1\" \/>\n<link rel=\"canonical\" href=\"https:\/\/expressometro.mx\/index.php\/2024\/01\/21\/morena-trabaja-en-un-solo-sentido-en-chalco\/\" \/>\n<meta property=\"og:locale\" content=\"es_MX\" \/>\n<meta property=\"og:type\" content=\"article\" \/>\n<meta property=\"og:title\" content=\"MORENA TRABAJA EN UN SOLO SENTIDO EN CHALCO - Expresso Metropolitano\" \/>\n<meta property=\"og:description\" content=\"Entre la comunidad de Morena del municipio de Chalco no hay adversarios ni divisi\u00f3n porque tienen el mismo objetivo que es continuar con la cuarta transformaci\u00f3n. Por el contrario existen gestos significativos de cohesi\u00f3n pol\u00edtica de cara a la elecciones de junio pr\u00f3ximo.\" \/>\n<meta property=\"og:url\" content=\"https:\/\/expressometro.mx\/index.php\/2024\/01\/21\/morena-trabaja-en-un-solo-sentido-en-chalco\/\" \/>\n<meta property=\"og:site_name\" content=\"Expresso Metropolitano\" \/>\n<meta property=\"article:published_time\" content=\"2024-01-22T02:59:26+00:00\" \/>\n<meta property=\"og:image\" content=\"http:\/\/expressometro.mx\/wp-content\/uploads\/2024\/01\/WhatsApp-Image-2024-01-21-at-8.55.42-PM.jpeg\" \/>\n\t<meta property=\"og:image:width\" content=\"902\" \/>\n\t<meta property=\"og:image:height\" content=\"383\" \/>\n\t<meta property=\"og:image:type\" content=\"image\/jpeg\" \/>\n<meta name=\"author\" content=\"Expresso Metropolitano\" \/>\n<meta name=\"twitter:label1\" content=\"Escrito por\" \/>\n\t<meta name=\"twitter:data1\" content=\"Expresso Metropolitano\" \/>\n\t<meta name=\"twitter:label2\" content=\"Tiempo de lectura\" \/>\n\t<meta name=\"twitter:data2\" content=\"2 minutos\" \/>\n<script type=\"application\/ld+json\" class=\"yoast-schema-graph\">{\"@context\":\"https:\\\/\\\/schema.org\",\"@graph\":[{\"@type\":\"Article\",\"@id\":\"https:\\\/\\\/expressometro.mx\\\/index.php\\\/2024\\\/01\\\/21\\\/morena-trabaja-en-un-solo-sentido-en-chalco\\\/#article\",\"isPartOf\":{\"@id\":\"https:\\\/\\\/expressometro.mx\\\/index.php\\\/2024\\\/01\\\/21\\\/morena-trabaja-en-un-solo-sentido-en-chalco\\\/\"},\"author\":{\"name\":\"Expresso Metropolitano\",\"@id\":\"https:\\\/\\\/expressometro.mx\\\/#\\\/schema\\\/person\\\/efa971b4a0664db8ed5c22b1b0dd2f5d\"},\"headline\":\"MORENA TRABAJA EN UN SOLO SENTIDO EN CHALCO\",\"datePublished\":\"2024-01-22T02:59:26+00:00\",\"mainEntityOfPage\":{\"@id\":\"https:\\\/\\\/expressometro.mx\\\/index.php\\\/2024\\\/01\\\/21\\\/morena-trabaja-en-un-solo-sentido-en-chalco\\\/\"},\"wordCount\":327,\"commentCount\":0,\"publisher\":{\"@id\":\"https:\\\/\\\/expressometro.mx\\\/#organization\"},\"image\":{\"@id\":\"https:\\\/\\\/expressometro.mx\\\/index.php\\\/2024\\\/01\\\/21\\\/morena-trabaja-en-un-solo-sentido-en-chalco\\\/#primaryimage\"},\"thumbnailUrl\":\"https:\\\/\\\/expressometro.mx\\\/wp-content\\\/uploads\\\/2024\\\/01\\\/WhatsApp-Image-2024-01-21-at-8.55.42-PM.jpeg\",\"keywords\":[\"Chalco\",\"Edomex\",\"Morena\"],\"articleSection\":[\"Gobierno\",\"Pol\u00edtica\"],\"inLanguage\":\"es\",\"potentialAction\":[{\"@type\":\"CommentAction\",\"name\":\"Comment\",\"target\":[\"https:\\\/\\\/expressometro.mx\\\/index.php\\\/2024\\\/01\\\/21\\\/morena-trabaja-en-un-solo-sentido-en-chalco\\\/#respond\"]}]},{\"@type\":\"WebPage\",\"@id\":\"https:\\\/\\\/expressometro.mx\\\/index.php\\\/2024\\\/01\\\/21\\\/morena-trabaja-en-un-solo-sentido-en-chalco\\\/\",\"url\":\"https:\\\/\\\/expressometro.mx\\\/index.php\\\/2024\\\/01\\\/21\\\/morena-trabaja-en-un-solo-sentido-en-chalco\\\/\",\"name\":\"MORENA TRABAJA EN UN SOLO SENTIDO EN CHALCO - Expresso Metropolitano\",\"isPartOf\":{\"@id\":\"https:\\\/\\\/expressometro.mx\\\/#website\"},\"primaryImageOfPage\":{\"@id\":\"https:\\\/\\\/expressometro.mx\\\/index.php\\\/2024\\\/01\\\/21\\\/morena-trabaja-en-un-solo-sentido-en-chalco\\\/#primaryimage\"},\"image\":{\"@id\":\"https:\\\/\\\/expressometro.mx\\\/index.php\\\/2024\\\/01\\\/21\\\/morena-trabaja-en-un-solo-sentido-en-chalco\\\/#primaryimage\"},\"thumbnailUrl\":\"https:\\\/\\\/expressometro.mx\\\/wp-content\\\/uploads\\\/2024\\\/01\\\/WhatsApp-Image-2024-01-21-at-8.55.42-PM.jpeg\",\"datePublished\":\"2024-01-22T02:59:26+00:00\",\"breadcrumb\":{\"@id\":\"https:\\\/\\\/expressometro.mx\\\/index.php\\\/2024\\\/01\\\/21\\\/morena-trabaja-en-un-solo-sentido-en-chalco\\\/#breadcrumb\"},\"inLanguage\":\"es\",\"potentialAction\":[{\"@type\":\"ReadAction\",\"target\":[\"https:\\\/\\\/expressometro.mx\\\/index.php\\\/2024\\\/01\\\/21\\\/morena-trabaja-en-un-solo-sentido-en-chalco\\\/\"]}]},{\"@type\":\"ImageObject\",\"inLanguage\":\"es\",\"@id\":\"https:\\\/\\\/expressometro.mx\\\/index.php\\\/2024\\\/01\\\/21\\\/morena-trabaja-en-un-solo-sentido-en-chalco\\\/#primaryimage\",\"url\":\"https:\\\/\\\/expressometro.mx\\\/wp-content\\\/uploads\\\/2024\\\/01\\\/WhatsApp-Image-2024-01-21-at-8.55.42-PM.jpeg\",\"contentUrl\":\"https:\\\/\\\/expressometro.mx\\\/wp-content\\\/uploads\\\/2024\\\/01\\\/WhatsApp-Image-2024-01-21-at-8.55.42-PM.jpeg\",\"width\":902,\"height\":383,\"caption\":\"Unidad por Chalco\"},{\"@type\":\"BreadcrumbList\",\"@id\":\"https:\\\/\\\/expressometro.mx\\\/index.php\\\/2024\\\/01\\\/21\\\/morena-trabaja-en-un-solo-sentido-en-chalco\\\/#breadcrumb\",\"itemListElement\":[{\"@type\":\"ListItem\",\"position\":1,\"name\":\"Inicio\",\"item\":\"https:\\\/\\\/expressometro.mx\\\/\"},{\"@type\":\"ListItem\",\"position\":2,\"name\":\"MORENA TRABAJA EN UN SOLO SENTIDO EN CHALCO\"}]},{\"@type\":\"WebSite\",\"@id\":\"https:\\\/\\\/expressometro.mx\\\/#website\",\"url\":\"https:\\\/\\\/expressometro.mx\\\/\",\"name\":\"Expresso Metropolitano\",\"description\":\"Periodismo comprometido, informaci\u00f3n, investigaci\u00f3n y an\u00e1lisis\",\"publisher\":{\"@id\":\"https:\\\/\\\/expressometro.mx\\\/#organization\"},\"potentialAction\":[{\"@type\":\"SearchAction\",\"target\":{\"@type\":\"EntryPoint\",\"urlTemplate\":\"https:\\\/\\\/expressometro.mx\\\/?s={search_term_string}\"},\"query-input\":{\"@type\":\"PropertyValueSpecification\",\"valueRequired\":true,\"valueName\":\"search_term_string\"}}],\"inLanguage\":\"es\"},{\"@type\":\"Organization\",\"@id\":\"https:\\\/\\\/expressometro.mx\\\/#organization\",\"name\":\"Expresso Metropolitano\",\"url\":\"https:\\\/\\\/expressometro.mx\\\/\",\"logo\":{\"@type\":\"ImageObject\",\"inLanguage\":\"es\",\"@id\":\"https:\\\/\\\/expressometro.mx\\\/#\\\/schema\\\/logo\\\/image\\\/\",\"url\":\"https:\\\/\\\/expressometro.mx\\\/wp-content\\\/uploads\\\/2019\\\/07\\\/cropped-Logo-Expresso-Metropolitano-1-1.jpeg\",\"contentUrl\":\"https:\\\/\\\/expressometro.mx\\\/wp-content\\\/uploads\\\/2019\\\/07\\\/cropped-Logo-Expresso-Metropolitano-1-1.jpeg\",\"width\":290,\"height\":73,\"caption\":\"Expresso Metropolitano\"},\"image\":{\"@id\":\"https:\\\/\\\/expressometro.mx\\\/#\\\/schema\\\/logo\\\/image\\\/\"}},{\"@type\":\"Person\",\"@id\":\"https:\\\/\\\/expressometro.mx\\\/#\\\/schema\\\/person\\\/efa971b4a0664db8ed5c22b1b0dd2f5d\",\"name\":\"Expresso Metropolitano\",\"image\":{\"@type\":\"ImageObject\",\"inLanguage\":\"es\",\"@id\":\"https:\\\/\\\/secure.gravatar.com\\\/avatar\\\/a89f802b8de18c6952f223c88d3d106e9e3679839f4e25a02f4a6cc2ae6ba3b3?s=96&d=mm&r=g\",\"url\":\"https:\\\/\\\/secure.gravatar.com\\\/avatar\\\/a89f802b8de18c6952f223c88d3d106e9e3679839f4e25a02f4a6cc2ae6ba3b3?s=96&d=mm&r=g\",\"contentUrl\":\"https:\\\/\\\/secure.gravatar.com\\\/avatar\\\/a89f802b8de18c6952f223c88d3d106e9e3679839f4e25a02f4a6cc2ae6ba3b3?s=96&d=mm&r=g\",\"caption\":\"Expresso Metropolitano\"},\"url\":\"https:\\\/\\\/expressometro.mx\\\/index.php\\\/author\\\/diego\\\/\"}]}<\/script>\n<!-- \/ Yoast SEO plugin. -->","yoast_head_json":{"title":"MORENA TRABAJA EN UN SOLO SENTIDO EN CHALCO - Expresso Metropolitano","robots":{"index":"index","follow":"follow","max-snippet":"max-snippet:-1","max-image-preview":"max-image-preview:large","max-video-preview":"max-video-preview:-1"},"canonical":"https:\/\/expressometro.mx\/index.php\/2024\/01\/21\/morena-trabaja-en-un-solo-sentido-en-chalco\/","og_locale":"es_MX","og_type":"article","og_title":"MORENA TRABAJA EN UN SOLO SENTIDO EN CHALCO - Expresso Metropolitano","og_description":"Entre la comunidad de Morena del municipio de Chalco no hay adversarios ni divisi\u00f3n porque tienen el mismo objetivo que es continuar con la cuarta transformaci\u00f3n. Por el contrario existen gestos significativos de cohesi\u00f3n pol\u00edtica de cara a la elecciones de junio pr\u00f3ximo.","og_url":"https:\/\/expressometro.mx\/index.php\/2024\/01\/21\/morena-trabaja-en-un-solo-sentido-en-chalco\/","og_site_name":"Expresso Metropolitano","article_published_time":"2024-01-22T02:59:26+00:00","og_image":[{"width":902,"height":383,"url":"http:\/\/expressometro.mx\/wp-content\/uploads\/2024\/01\/WhatsApp-Image-2024-01-21-at-8.55.42-PM.jpeg","type":"image\/jpeg"}],"author":"Expresso Metropolitano","twitter_misc":{"Escrito por":"Expresso Metropolitano","Tiempo de lectura":"2 minutos"},"schema":{"@context":"https:\/\/schema.org","@graph":[{"@type":"Article","@id":"https:\/\/expressometro.mx\/index.php\/2024\/01\/21\/morena-trabaja-en-un-solo-sentido-en-chalco\/#article","isPartOf":{"@id":"https:\/\/expressometro.mx\/index.php\/2024\/01\/21\/morena-trabaja-en-un-solo-sentido-en-chalco\/"},"author":{"name":"Expresso Metropolitano","@id":"https:\/\/expressometro.mx\/#\/schema\/person\/efa971b4a0664db8ed5c22b1b0dd2f5d"},"headline":"MORENA TRABAJA EN UN SOLO SENTIDO EN CHALCO","datePublished":"2024-01-22T02:59:26+00:00","mainEntityOfPage":{"@id":"https:\/\/expressometro.mx\/index.php\/2024\/01\/21\/morena-trabaja-en-un-solo-sentido-en-chalco\/"},"wordCount":327,"commentCount":0,"publisher":{"@id":"https:\/\/expressometro.mx\/#organization"},"image":{"@id":"https:\/\/expressometro.mx\/index.php\/2024\/01\/21\/morena-trabaja-en-un-solo-sentido-en-chalco\/#primaryimage"},"thumbnailUrl":"https:\/\/expressometro.mx\/wp-content\/uploads\/2024\/01\/WhatsApp-Image-2024-01-21-at-8.55.42-PM.jpeg","keywords":["Chalco","Edomex","Morena"],"articleSection":["Gobierno","Pol\u00edtica"],"inLanguage":"es","potentialAction":[{"@type":"CommentAction","name":"Comment","target":["https:\/\/expressometro.mx\/index.php\/2024\/01\/21\/morena-trabaja-en-un-solo-sentido-en-chalco\/#respond"]}]},{"@type":"WebPage","@id":"https:\/\/expressometro.mx\/index.php\/2024\/01\/21\/morena-trabaja-en-un-solo-sentido-en-chalco\/","url":"https:\/\/expressometro.mx\/index.php\/2024\/01\/21\/morena-trabaja-en-un-solo-sentido-en-chalco\/","name":"MORENA TRABAJA EN UN SOLO SENTIDO EN CHALCO - Expresso Metropolitano","isPartOf":{"@id":"https:\/\/expressometro.mx\/#website"},"primaryImageOfPage":{"@id":"https:\/\/expressometro.mx\/index.php\/2024\/01\/21\/morena-trabaja-en-un-solo-sentido-en-chalco\/#primaryimage"},"image":{"@id":"https:\/\/expressometro.mx\/index.php\/2024\/01\/21\/morena-trabaja-en-un-solo-sentido-en-chalco\/#primaryimage"},"thumbnailUrl":"https:\/\/expressometro.mx\/wp-content\/uploads\/2024\/01\/WhatsApp-Image-2024-01-21-at-8.55.42-PM.jpeg","datePublished":"2024-01-22T02:59:26+00:00","breadcrumb":{"@id":"https:\/\/expressometro.mx\/index.php\/2024\/01\/21\/morena-trabaja-en-un-solo-sentido-en-chalco\/#breadcrumb"},"inLanguage":"es","potentialAction":[{"@type":"ReadAction","target":["https:\/\/expressometro.mx\/index.php\/2024\/01\/21\/morena-trabaja-en-un-solo-sentido-en-chalco\/"]}]},{"@type":"ImageObject","inLanguage":"es","@id":"https:\/\/expressometro.mx\/index.php\/2024\/01\/21\/morena-trabaja-en-un-solo-sentido-en-chalco\/#primaryimage","url":"https:\/\/expressometro.mx\/wp-content\/uploads\/2024\/01\/WhatsApp-Image-2024-01-21-at-8.55.42-PM.jpeg","contentUrl":"https:\/\/expressometro.mx\/wp-content\/uploads\/2024\/01\/WhatsApp-Image-2024-01-21-at-8.55.42-PM.jpeg","width":902,"height":383,"caption":"Unidad por Chalco"},{"@type":"BreadcrumbList","@id":"https:\/\/expressometro.mx\/index.php\/2024\/01\/21\/morena-trabaja-en-un-solo-sentido-en-chalco\/#breadcrumb","itemListElement":[{"@type":"ListItem","position":1,"name":"Inicio","item":"https:\/\/expressometro.mx\/"},{"@type":"ListItem","position":2,"name":"MORENA TRABAJA EN UN SOLO SENTIDO EN CHALCO"}]},{"@type":"WebSite","@id":"https:\/\/expressometro.mx\/#website","url":"https:\/\/expressometro.mx\/","name":"Expresso Metropolitano","description":"Periodismo comprometido, informaci\u00f3n, investigaci\u00f3n y an\u00e1lisis","publisher":{"@id":"https:\/\/expressometro.mx\/#organization"},"potentialAction":[{"@type":"SearchAction","target":{"@type":"EntryPoint","urlTemplate":"https:\/\/expressometro.mx\/?s={search_term_string}"},"query-input":{"@type":"PropertyValueSpecification","valueRequired":true,"valueName":"search_term_string"}}],"inLanguage":"es"},{"@type":"Organization","@id":"https:\/\/expressometro.mx\/#organization","name":"Expresso Metropolitano","url":"https:\/\/expressometro.mx\/","logo":{"@type":"ImageObject","inLanguage":"es","@id":"https:\/\/expressometro.mx\/#\/schema\/logo\/image\/","url":"https:\/\/expressometro.mx\/wp-content\/uploads\/2019\/07\/cropped-Logo-Expresso-Metropolitano-1-1.jpeg","contentUrl":"https:\/\/expressometro.mx\/wp-content\/uploads\/2019\/07\/cropped-Logo-Expresso-Metropolitano-1-1.jpeg","width":290,"height":73,"caption":"Expresso Metropolitano"},"image":{"@id":"https:\/\/expressometro.mx\/#\/schema\/logo\/image\/"}},{"@type":"Person","@id":"https:\/\/expressometro.mx\/#\/schema\/person\/efa971b4a0664db8ed5c22b1b0dd2f5d","name":"Expresso Metropolitano","image":{"@type":"ImageObject","inLanguage":"es","@id":"https:\/\/secure.gravatar.com\/avatar\/a89f802b8de18c6952f223c88d3d106e9e3679839f4e25a02f4a6cc2ae6ba3b3?s=96&d=mm&r=g","url":"https:\/\/secure.gravatar.com\/avatar\/a89f802b8de18c6952f223c88d3d106e9e3679839f4e25a02f4a6cc2ae6ba3b3?s=96&d=mm&r=g","contentUrl":"https:\/\/secure.gravatar.com\/avatar\/a89f802b8de18c6952f223c88d3d106e9e3679839f4e25a02f4a6cc2ae6ba3b3?s=96&d=mm&r=g","caption":"Expresso Metropolitano"},"url":"https:\/\/expressometro.mx\/index.php\/author\/diego\/"}]}},"amp_enabled":true,"_links":{"self":[{"href":"https:\/\/expressometro.mx\/index.php\/wp-json\/wp\/v2\/posts\/8528","targetHints":{"allow":["GET"]}}],"collection":[{"href":"https:\/\/expressometro.mx\/index.php\/wp-json\/wp\/v2\/posts"}],"about":[{"href":"https:\/\/expressometro.mx\/index.php\/wp-json\/wp\/v2\/types\/post"}],"author":[{"embeddable":true,"href":"https:\/\/expressometro.mx\/index.php\/wp-json\/wp\/v2\/users\/1"}],"replies":[{"embeddable":true,"href":"https:\/\/expressometro.mx\/index.php\/wp-json\/wp\/v2\/comments?post=8528"}],"version-history":[{"count":1,"href":"https:\/\/expressometro.mx\/index.php\/wp-json\/wp\/v2\/posts\/8528\/revisions"}],"predecessor-version":[{"id":8531,"href":"https:\/\/expressometro.mx\/index.php\/wp-json\/wp\/v2\/posts\/8528\/revisions\/8531"}],"wp:featuredmedia":[{"embeddable":true,"href":"https:\/\/expressometro.mx\/index.php\/wp-json\/wp\/v2\/media\/8530"}],"wp:attachment":[{"href":"https:\/\/expressometro.mx\/index.php\/wp-json\/wp\/v2\/media?parent=8528"}],"wp:term":[{"taxonomy":"category","embeddable":true,"href":"https:\/\/expressometro.mx\/index.php\/wp-json\/wp\/v2\/categories?post=8528"},{"taxonomy":"post_tag","embeddable":true,"href":"https:\/\/expressometro.mx\/index.php\/wp-json\/wp\/v2\/tags?post=8528"}],"curies":[{"name":"wp","href":"https:\/\/api.w.org\/{rel}","templated":true}]}}