{"id":8494,"date":"2024-01-14T23:20:10","date_gmt":"2024-01-15T05:20:10","guid":{"rendered":"https:\/\/expressometro.mx\/?p=8494"},"modified":"2024-01-14T23:34:47","modified_gmt":"2024-01-15T05:34:47","slug":"tultitlan-merece-un-nuevo-rumbo-con-rafa-lopez","status":"publish","type":"post","link":"https:\/\/expressometro.mx\/index.php\/2024\/01\/14\/tultitlan-merece-un-nuevo-rumbo-con-rafa-lopez\/","title":{"rendered":"TULTITL\u00c1N MERECE UN NUEVO RUMBO CON RAFA L\u00d3PEZ"},"content":{"rendered":"\n<p><\/p>\n\n\n\n<p>Su nivel de aceptaci\u00f3n entre los ciudadanos del municipio de Tultitl\u00e1n convierten a Rafael L\u00f3pez en una carta fuerte para contender por las elecciones del pr\u00f3ximo 2 de junio. Se registr\u00f3 por Morena y muy pronto se tendr\u00e1 que decidir la candidatura que asegure la continuidad de la cuarta transformaci\u00f3n en esta localidad.<\/p>\n\n\n\n<p>Mediciones recientes de conocimiento y evaluaci\u00f3n que se realizan sobre los actores pol\u00edticos de este municipio revelan que el perfil m\u00e1s id\u00f3neo para ganar es una propuesta como la que encabeza Rafael L\u00f3pez, toda vez que es un perfil pol\u00edtico preparado y que empatiza con las necesidades del pueblo.<\/p>\n\n\n\n<p>Su arraigo entre la poblaci\u00f3n y el respaldo que recibe de todos los sectores productivos lo han ubicado como una propuesta real que se aleja de las improvisaciones y ocurrencias que representan los diferentes opciones pol\u00edticas en Tultitl\u00e1n. Es hijo del pueblo y seguramente gobernar\u00e1 con el pueblo.<\/p>\n\n\n\n<p>En esta tarea de decidir el camino de la cuarta transformaci\u00f3n, Morena tiene en sus manos la posibilidad de competir con un hombre formado en la buena pol\u00edtica y que es capaz de promover y mover a sus simpatizantes para construir el triunfo en esta alcald\u00eda.<\/p>\n\n\n\n<p>Es real la competencia en un municipio tan importante como \u00e9ste que no se pueden equivocar en la designaci\u00f3n de la candidatura que sin duda tendr\u00e1 un efecto importante en la regi\u00f3n oriente, de tal manera que en breve se conocer\u00e1 a quien podr\u00e1 abanderar las causas del movimiento que hoy a nivel estatal y federal le dan viabilidad a M\u00e9xico.<\/p>\n","protected":false},"excerpt":{"rendered":"<p>Su nivel de aceptaci\u00f3n entre los ciudadanos del municipio de Tultitl\u00e1n convierten a Rafael L\u00f3pez en una carta fuerte para contender por las elecciones del pr\u00f3ximo 2 de junio. Se registr\u00f3 por Morena y muy pronto se tendr\u00e1 que decidir la candidatura que asegure la continuidad de la cuarta transformaci\u00f3n en esta localidad.<\/p>\n","protected":false},"author":1,"featured_media":8499,"comment_status":"open","ping_status":"open","sticky":false,"template":"","format":"standard","meta":{"footnotes":""},"categories":[3,1,231],"tags":[1982,86,84,2274,2275],"class_list":["post-8494","post","type-post","status-publish","format-standard","has-post-thumbnail","hentry","category-gobierno","category-otros","category-politica","tag-edomex","tag-gem","tag-morena","tag-rafael-lopez","tag-tultitlan"],"yoast_head":"<!-- This site is optimized with the Yoast SEO plugin v27.4 - https:\/\/yoast.com\/product\/yoast-seo-wordpress\/ -->\n<title>TULTITL\u00c1N MERECE UN NUEVO RUMBO CON RAFA L\u00d3PEZ - Expresso Metropolitano<\/title>\n<meta name=\"robots\" content=\"index, follow, max-snippet:-1, max-image-preview:large, max-video-preview:-1\" \/>\n<link rel=\"canonical\" href=\"https:\/\/expressometro.mx\/index.php\/2024\/01\/14\/tultitlan-merece-un-nuevo-rumbo-con-rafa-lopez\/\" \/>\n<meta property=\"og:locale\" content=\"es_MX\" \/>\n<meta property=\"og:type\" content=\"article\" \/>\n<meta property=\"og:title\" content=\"TULTITL\u00c1N MERECE UN NUEVO RUMBO CON RAFA L\u00d3PEZ - Expresso Metropolitano\" \/>\n<meta property=\"og:description\" content=\"Su nivel de aceptaci\u00f3n entre los ciudadanos del municipio de Tultitl\u00e1n convierten a Rafael L\u00f3pez en una carta fuerte para contender por las elecciones del pr\u00f3ximo 2 de junio. Se registr\u00f3 por Morena y muy pronto se tendr\u00e1 que decidir la candidatura que asegure la continuidad de la cuarta transformaci\u00f3n en esta localidad.\" \/>\n<meta property=\"og:url\" content=\"https:\/\/expressometro.mx\/index.php\/2024\/01\/14\/tultitlan-merece-un-nuevo-rumbo-con-rafa-lopez\/\" \/>\n<meta property=\"og:site_name\" content=\"Expresso Metropolitano\" \/>\n<meta property=\"article:published_time\" content=\"2024-01-15T05:20:10+00:00\" \/>\n<meta property=\"article:modified_time\" content=\"2024-01-15T05:34:47+00:00\" \/>\n<meta property=\"og:image\" content=\"http:\/\/expressometro.mx\/wp-content\/uploads\/2024\/01\/WhatsApp-Image-2024-01-14-at-11.33.50-PM.jpeg\" \/>\n\t<meta property=\"og:image:width\" content=\"374\" \/>\n\t<meta property=\"og:image:height\" content=\"376\" \/>\n\t<meta property=\"og:image:type\" content=\"image\/jpeg\" \/>\n<meta name=\"author\" content=\"Expresso Metropolitano\" \/>\n<meta name=\"twitter:label1\" content=\"Escrito por\" \/>\n\t<meta name=\"twitter:data1\" content=\"Expresso Metropolitano\" \/>\n\t<meta name=\"twitter:label2\" content=\"Tiempo de lectura\" \/>\n\t<meta name=\"twitter:data2\" content=\"2 minutos\" \/>\n<script type=\"application\/ld+json\" class=\"yoast-schema-graph\">{\"@context\":\"https:\\\/\\\/schema.org\",\"@graph\":[{\"@type\":\"Article\",\"@id\":\"https:\\\/\\\/expressometro.mx\\\/index.php\\\/2024\\\/01\\\/14\\\/tultitlan-merece-un-nuevo-rumbo-con-rafa-lopez\\\/#article\",\"isPartOf\":{\"@id\":\"https:\\\/\\\/expressometro.mx\\\/index.php\\\/2024\\\/01\\\/14\\\/tultitlan-merece-un-nuevo-rumbo-con-rafa-lopez\\\/\"},\"author\":{\"name\":\"Expresso Metropolitano\",\"@id\":\"https:\\\/\\\/expressometro.mx\\\/#\\\/schema\\\/person\\\/efa971b4a0664db8ed5c22b1b0dd2f5d\"},\"headline\":\"TULTITL\u00c1N MERECE UN NUEVO RUMBO CON RAFA L\u00d3PEZ\",\"datePublished\":\"2024-01-15T05:20:10+00:00\",\"dateModified\":\"2024-01-15T05:34:47+00:00\",\"mainEntityOfPage\":{\"@id\":\"https:\\\/\\\/expressometro.mx\\\/index.php\\\/2024\\\/01\\\/14\\\/tultitlan-merece-un-nuevo-rumbo-con-rafa-lopez\\\/\"},\"wordCount\":286,\"commentCount\":0,\"publisher\":{\"@id\":\"https:\\\/\\\/expressometro.mx\\\/#organization\"},\"image\":{\"@id\":\"https:\\\/\\\/expressometro.mx\\\/index.php\\\/2024\\\/01\\\/14\\\/tultitlan-merece-un-nuevo-rumbo-con-rafa-lopez\\\/#primaryimage\"},\"thumbnailUrl\":\"https:\\\/\\\/expressometro.mx\\\/wp-content\\\/uploads\\\/2024\\\/01\\\/WhatsApp-Image-2024-01-14-at-11.33.50-PM.jpeg\",\"keywords\":[\"Edomex\",\"GEM\",\"Morena\",\"Rafael L\u00f3pez\",\"Tultitl\u00e1n\"],\"articleSection\":[\"Gobierno\",\"Otros\",\"Pol\u00edtica\"],\"inLanguage\":\"es\",\"potentialAction\":[{\"@type\":\"CommentAction\",\"name\":\"Comment\",\"target\":[\"https:\\\/\\\/expressometro.mx\\\/index.php\\\/2024\\\/01\\\/14\\\/tultitlan-merece-un-nuevo-rumbo-con-rafa-lopez\\\/#respond\"]}]},{\"@type\":\"WebPage\",\"@id\":\"https:\\\/\\\/expressometro.mx\\\/index.php\\\/2024\\\/01\\\/14\\\/tultitlan-merece-un-nuevo-rumbo-con-rafa-lopez\\\/\",\"url\":\"https:\\\/\\\/expressometro.mx\\\/index.php\\\/2024\\\/01\\\/14\\\/tultitlan-merece-un-nuevo-rumbo-con-rafa-lopez\\\/\",\"name\":\"TULTITL\u00c1N MERECE UN NUEVO RUMBO CON RAFA L\u00d3PEZ - Expresso Metropolitano\",\"isPartOf\":{\"@id\":\"https:\\\/\\\/expressometro.mx\\\/#website\"},\"primaryImageOfPage\":{\"@id\":\"https:\\\/\\\/expressometro.mx\\\/index.php\\\/2024\\\/01\\\/14\\\/tultitlan-merece-un-nuevo-rumbo-con-rafa-lopez\\\/#primaryimage\"},\"image\":{\"@id\":\"https:\\\/\\\/expressometro.mx\\\/index.php\\\/2024\\\/01\\\/14\\\/tultitlan-merece-un-nuevo-rumbo-con-rafa-lopez\\\/#primaryimage\"},\"thumbnailUrl\":\"https:\\\/\\\/expressometro.mx\\\/wp-content\\\/uploads\\\/2024\\\/01\\\/WhatsApp-Image-2024-01-14-at-11.33.50-PM.jpeg\",\"datePublished\":\"2024-01-15T05:20:10+00:00\",\"dateModified\":\"2024-01-15T05:34:47+00:00\",\"breadcrumb\":{\"@id\":\"https:\\\/\\\/expressometro.mx\\\/index.php\\\/2024\\\/01\\\/14\\\/tultitlan-merece-un-nuevo-rumbo-con-rafa-lopez\\\/#breadcrumb\"},\"inLanguage\":\"es\",\"potentialAction\":[{\"@type\":\"ReadAction\",\"target\":[\"https:\\\/\\\/expressometro.mx\\\/index.php\\\/2024\\\/01\\\/14\\\/tultitlan-merece-un-nuevo-rumbo-con-rafa-lopez\\\/\"]}]},{\"@type\":\"ImageObject\",\"inLanguage\":\"es\",\"@id\":\"https:\\\/\\\/expressometro.mx\\\/index.php\\\/2024\\\/01\\\/14\\\/tultitlan-merece-un-nuevo-rumbo-con-rafa-lopez\\\/#primaryimage\",\"url\":\"https:\\\/\\\/expressometro.mx\\\/wp-content\\\/uploads\\\/2024\\\/01\\\/WhatsApp-Image-2024-01-14-at-11.33.50-PM.jpeg\",\"contentUrl\":\"https:\\\/\\\/expressometro.mx\\\/wp-content\\\/uploads\\\/2024\\\/01\\\/WhatsApp-Image-2024-01-14-at-11.33.50-PM.jpeg\",\"width\":374,\"height\":376},{\"@type\":\"BreadcrumbList\",\"@id\":\"https:\\\/\\\/expressometro.mx\\\/index.php\\\/2024\\\/01\\\/14\\\/tultitlan-merece-un-nuevo-rumbo-con-rafa-lopez\\\/#breadcrumb\",\"itemListElement\":[{\"@type\":\"ListItem\",\"position\":1,\"name\":\"Inicio\",\"item\":\"https:\\\/\\\/expressometro.mx\\\/\"},{\"@type\":\"ListItem\",\"position\":2,\"name\":\"TULTITL\u00c1N MERECE UN NUEVO RUMBO CON RAFA L\u00d3PEZ\"}]},{\"@type\":\"WebSite\",\"@id\":\"https:\\\/\\\/expressometro.mx\\\/#website\",\"url\":\"https:\\\/\\\/expressometro.mx\\\/\",\"name\":\"Expresso Metropolitano\",\"description\":\"Periodismo comprometido, informaci\u00f3n, investigaci\u00f3n y an\u00e1lisis\",\"publisher\":{\"@id\":\"https:\\\/\\\/expressometro.mx\\\/#organization\"},\"potentialAction\":[{\"@type\":\"SearchAction\",\"target\":{\"@type\":\"EntryPoint\",\"urlTemplate\":\"https:\\\/\\\/expressometro.mx\\\/?s={search_term_string}\"},\"query-input\":{\"@type\":\"PropertyValueSpecification\",\"valueRequired\":true,\"valueName\":\"search_term_string\"}}],\"inLanguage\":\"es\"},{\"@type\":\"Organization\",\"@id\":\"https:\\\/\\\/expressometro.mx\\\/#organization\",\"name\":\"Expresso Metropolitano\",\"url\":\"https:\\\/\\\/expressometro.mx\\\/\",\"logo\":{\"@type\":\"ImageObject\",\"inLanguage\":\"es\",\"@id\":\"https:\\\/\\\/expressometro.mx\\\/#\\\/schema\\\/logo\\\/image\\\/\",\"url\":\"https:\\\/\\\/expressometro.mx\\\/wp-content\\\/uploads\\\/2019\\\/07\\\/cropped-Logo-Expresso-Metropolitano-1-1.jpeg\",\"contentUrl\":\"https:\\\/\\\/expressometro.mx\\\/wp-content\\\/uploads\\\/2019\\\/07\\\/cropped-Logo-Expresso-Metropolitano-1-1.jpeg\",\"width\":290,\"height\":73,\"caption\":\"Expresso Metropolitano\"},\"image\":{\"@id\":\"https:\\\/\\\/expressometro.mx\\\/#\\\/schema\\\/logo\\\/image\\\/\"}},{\"@type\":\"Person\",\"@id\":\"https:\\\/\\\/expressometro.mx\\\/#\\\/schema\\\/person\\\/efa971b4a0664db8ed5c22b1b0dd2f5d\",\"name\":\"Expresso Metropolitano\",\"image\":{\"@type\":\"ImageObject\",\"inLanguage\":\"es\",\"@id\":\"https:\\\/\\\/secure.gravatar.com\\\/avatar\\\/a89f802b8de18c6952f223c88d3d106e9e3679839f4e25a02f4a6cc2ae6ba3b3?s=96&d=mm&r=g\",\"url\":\"https:\\\/\\\/secure.gravatar.com\\\/avatar\\\/a89f802b8de18c6952f223c88d3d106e9e3679839f4e25a02f4a6cc2ae6ba3b3?s=96&d=mm&r=g\",\"contentUrl\":\"https:\\\/\\\/secure.gravatar.com\\\/avatar\\\/a89f802b8de18c6952f223c88d3d106e9e3679839f4e25a02f4a6cc2ae6ba3b3?s=96&d=mm&r=g\",\"caption\":\"Expresso Metropolitano\"},\"url\":\"https:\\\/\\\/expressometro.mx\\\/index.php\\\/author\\\/diego\\\/\"}]}<\/script>\n<!-- \/ Yoast SEO plugin. -->","yoast_head_json":{"title":"TULTITL\u00c1N MERECE UN NUEVO RUMBO CON RAFA L\u00d3PEZ - Expresso Metropolitano","robots":{"index":"index","follow":"follow","max-snippet":"max-snippet:-1","max-image-preview":"max-image-preview:large","max-video-preview":"max-video-preview:-1"},"canonical":"https:\/\/expressometro.mx\/index.php\/2024\/01\/14\/tultitlan-merece-un-nuevo-rumbo-con-rafa-lopez\/","og_locale":"es_MX","og_type":"article","og_title":"TULTITL\u00c1N MERECE UN NUEVO RUMBO CON RAFA L\u00d3PEZ - Expresso Metropolitano","og_description":"Su nivel de aceptaci\u00f3n entre los ciudadanos del municipio de Tultitl\u00e1n convierten a Rafael L\u00f3pez en una carta fuerte para contender por las elecciones del pr\u00f3ximo 2 de junio. Se registr\u00f3 por Morena y muy pronto se tendr\u00e1 que decidir la candidatura que asegure la continuidad de la cuarta transformaci\u00f3n en esta localidad.","og_url":"https:\/\/expressometro.mx\/index.php\/2024\/01\/14\/tultitlan-merece-un-nuevo-rumbo-con-rafa-lopez\/","og_site_name":"Expresso Metropolitano","article_published_time":"2024-01-15T05:20:10+00:00","article_modified_time":"2024-01-15T05:34:47+00:00","og_image":[{"width":374,"height":376,"url":"http:\/\/expressometro.mx\/wp-content\/uploads\/2024\/01\/WhatsApp-Image-2024-01-14-at-11.33.50-PM.jpeg","type":"image\/jpeg"}],"author":"Expresso Metropolitano","twitter_misc":{"Escrito por":"Expresso Metropolitano","Tiempo de lectura":"2 minutos"},"schema":{"@context":"https:\/\/schema.org","@graph":[{"@type":"Article","@id":"https:\/\/expressometro.mx\/index.php\/2024\/01\/14\/tultitlan-merece-un-nuevo-rumbo-con-rafa-lopez\/#article","isPartOf":{"@id":"https:\/\/expressometro.mx\/index.php\/2024\/01\/14\/tultitlan-merece-un-nuevo-rumbo-con-rafa-lopez\/"},"author":{"name":"Expresso Metropolitano","@id":"https:\/\/expressometro.mx\/#\/schema\/person\/efa971b4a0664db8ed5c22b1b0dd2f5d"},"headline":"TULTITL\u00c1N MERECE UN NUEVO RUMBO CON RAFA L\u00d3PEZ","datePublished":"2024-01-15T05:20:10+00:00","dateModified":"2024-01-15T05:34:47+00:00","mainEntityOfPage":{"@id":"https:\/\/expressometro.mx\/index.php\/2024\/01\/14\/tultitlan-merece-un-nuevo-rumbo-con-rafa-lopez\/"},"wordCount":286,"commentCount":0,"publisher":{"@id":"https:\/\/expressometro.mx\/#organization"},"image":{"@id":"https:\/\/expressometro.mx\/index.php\/2024\/01\/14\/tultitlan-merece-un-nuevo-rumbo-con-rafa-lopez\/#primaryimage"},"thumbnailUrl":"https:\/\/expressometro.mx\/wp-content\/uploads\/2024\/01\/WhatsApp-Image-2024-01-14-at-11.33.50-PM.jpeg","keywords":["Edomex","GEM","Morena","Rafael L\u00f3pez","Tultitl\u00e1n"],"articleSection":["Gobierno","Otros","Pol\u00edtica"],"inLanguage":"es","potentialAction":[{"@type":"CommentAction","name":"Comment","target":["https:\/\/expressometro.mx\/index.php\/2024\/01\/14\/tultitlan-merece-un-nuevo-rumbo-con-rafa-lopez\/#respond"]}]},{"@type":"WebPage","@id":"https:\/\/expressometro.mx\/index.php\/2024\/01\/14\/tultitlan-merece-un-nuevo-rumbo-con-rafa-lopez\/","url":"https:\/\/expressometro.mx\/index.php\/2024\/01\/14\/tultitlan-merece-un-nuevo-rumbo-con-rafa-lopez\/","name":"TULTITL\u00c1N MERECE UN NUEVO RUMBO CON RAFA L\u00d3PEZ - Expresso Metropolitano","isPartOf":{"@id":"https:\/\/expressometro.mx\/#website"},"primaryImageOfPage":{"@id":"https:\/\/expressometro.mx\/index.php\/2024\/01\/14\/tultitlan-merece-un-nuevo-rumbo-con-rafa-lopez\/#primaryimage"},"image":{"@id":"https:\/\/expressometro.mx\/index.php\/2024\/01\/14\/tultitlan-merece-un-nuevo-rumbo-con-rafa-lopez\/#primaryimage"},"thumbnailUrl":"https:\/\/expressometro.mx\/wp-content\/uploads\/2024\/01\/WhatsApp-Image-2024-01-14-at-11.33.50-PM.jpeg","datePublished":"2024-01-15T05:20:10+00:00","dateModified":"2024-01-15T05:34:47+00:00","breadcrumb":{"@id":"https:\/\/expressometro.mx\/index.php\/2024\/01\/14\/tultitlan-merece-un-nuevo-rumbo-con-rafa-lopez\/#breadcrumb"},"inLanguage":"es","potentialAction":[{"@type":"ReadAction","target":["https:\/\/expressometro.mx\/index.php\/2024\/01\/14\/tultitlan-merece-un-nuevo-rumbo-con-rafa-lopez\/"]}]},{"@type":"ImageObject","inLanguage":"es","@id":"https:\/\/expressometro.mx\/index.php\/2024\/01\/14\/tultitlan-merece-un-nuevo-rumbo-con-rafa-lopez\/#primaryimage","url":"https:\/\/expressometro.mx\/wp-content\/uploads\/2024\/01\/WhatsApp-Image-2024-01-14-at-11.33.50-PM.jpeg","contentUrl":"https:\/\/expressometro.mx\/wp-content\/uploads\/2024\/01\/WhatsApp-Image-2024-01-14-at-11.33.50-PM.jpeg","width":374,"height":376},{"@type":"BreadcrumbList","@id":"https:\/\/expressometro.mx\/index.php\/2024\/01\/14\/tultitlan-merece-un-nuevo-rumbo-con-rafa-lopez\/#breadcrumb","itemListElement":[{"@type":"ListItem","position":1,"name":"Inicio","item":"https:\/\/expressometro.mx\/"},{"@type":"ListItem","position":2,"name":"TULTITL\u00c1N MERECE UN NUEVO RUMBO CON RAFA L\u00d3PEZ"}]},{"@type":"WebSite","@id":"https:\/\/expressometro.mx\/#website","url":"https:\/\/expressometro.mx\/","name":"Expresso Metropolitano","description":"Periodismo comprometido, informaci\u00f3n, investigaci\u00f3n y an\u00e1lisis","publisher":{"@id":"https:\/\/expressometro.mx\/#organization"},"potentialAction":[{"@type":"SearchAction","target":{"@type":"EntryPoint","urlTemplate":"https:\/\/expressometro.mx\/?s={search_term_string}"},"query-input":{"@type":"PropertyValueSpecification","valueRequired":true,"valueName":"search_term_string"}}],"inLanguage":"es"},{"@type":"Organization","@id":"https:\/\/expressometro.mx\/#organization","name":"Expresso Metropolitano","url":"https:\/\/expressometro.mx\/","logo":{"@type":"ImageObject","inLanguage":"es","@id":"https:\/\/expressometro.mx\/#\/schema\/logo\/image\/","url":"https:\/\/expressometro.mx\/wp-content\/uploads\/2019\/07\/cropped-Logo-Expresso-Metropolitano-1-1.jpeg","contentUrl":"https:\/\/expressometro.mx\/wp-content\/uploads\/2019\/07\/cropped-Logo-Expresso-Metropolitano-1-1.jpeg","width":290,"height":73,"caption":"Expresso Metropolitano"},"image":{"@id":"https:\/\/expressometro.mx\/#\/schema\/logo\/image\/"}},{"@type":"Person","@id":"https:\/\/expressometro.mx\/#\/schema\/person\/efa971b4a0664db8ed5c22b1b0dd2f5d","name":"Expresso Metropolitano","image":{"@type":"ImageObject","inLanguage":"es","@id":"https:\/\/secure.gravatar.com\/avatar\/a89f802b8de18c6952f223c88d3d106e9e3679839f4e25a02f4a6cc2ae6ba3b3?s=96&d=mm&r=g","url":"https:\/\/secure.gravatar.com\/avatar\/a89f802b8de18c6952f223c88d3d106e9e3679839f4e25a02f4a6cc2ae6ba3b3?s=96&d=mm&r=g","contentUrl":"https:\/\/secure.gravatar.com\/avatar\/a89f802b8de18c6952f223c88d3d106e9e3679839f4e25a02f4a6cc2ae6ba3b3?s=96&d=mm&r=g","caption":"Expresso Metropolitano"},"url":"https:\/\/expressometro.mx\/index.php\/author\/diego\/"}]}},"amp_enabled":true,"_links":{"self":[{"href":"https:\/\/expressometro.mx\/index.php\/wp-json\/wp\/v2\/posts\/8494","targetHints":{"allow":["GET"]}}],"collection":[{"href":"https:\/\/expressometro.mx\/index.php\/wp-json\/wp\/v2\/posts"}],"about":[{"href":"https:\/\/expressometro.mx\/index.php\/wp-json\/wp\/v2\/types\/post"}],"author":[{"embeddable":true,"href":"https:\/\/expressometro.mx\/index.php\/wp-json\/wp\/v2\/users\/1"}],"replies":[{"embeddable":true,"href":"https:\/\/expressometro.mx\/index.php\/wp-json\/wp\/v2\/comments?post=8494"}],"version-history":[{"count":1,"href":"https:\/\/expressometro.mx\/index.php\/wp-json\/wp\/v2\/posts\/8494\/revisions"}],"predecessor-version":[{"id":8497,"href":"https:\/\/expressometro.mx\/index.php\/wp-json\/wp\/v2\/posts\/8494\/revisions\/8497"}],"wp:featuredmedia":[{"embeddable":true,"href":"https:\/\/expressometro.mx\/index.php\/wp-json\/wp\/v2\/media\/8499"}],"wp:attachment":[{"href":"https:\/\/expressometro.mx\/index.php\/wp-json\/wp\/v2\/media?parent=8494"}],"wp:term":[{"taxonomy":"category","embeddable":true,"href":"https:\/\/expressometro.mx\/index.php\/wp-json\/wp\/v2\/categories?post=8494"},{"taxonomy":"post_tag","embeddable":true,"href":"https:\/\/expressometro.mx\/index.php\/wp-json\/wp\/v2\/tags?post=8494"}],"curies":[{"name":"wp","href":"https:\/\/api.w.org\/{rel}","templated":true}]}}